{"id":59650,"date":"2024-06-06T22:03:18","date_gmt":"2024-06-06T20:03:18","guid":{"rendered":"https:\/\/now-news.de\/de\/deutschland\/messe-essen-kuendigt-mietvertrag-fuer-afd-parteitag\/"},"modified":"2024-06-06T22:03:18","modified_gmt":"2024-06-06T20:03:18","slug":"messe-essen-kuendigt-mietvertrag-fuer-afd-parteitag","status":"publish","type":"post","link":"https:\/\/now-news.de\/de\/deutschland\/messe-essen-kuendigt-mietvertrag-fuer-afd-parteitag\/","title":{"rendered":"Messe Essen k\u00fcndigt Mietvertrag f\u00fcr AfD-Parteitag"},"content":{"rendered":"<p><img decoding=\"async\" src=\"https:\/\/now-news.de\/de\/wp-content\/uploads\/sites\/3\/2024\/06\/66620740b480cc47255f1535.jpg\" \/><\/p>\n<div class=\"Text-root Text-type_1 \">\n                Nach dem Willen des Stadtrats von Essen darf die AfD ihren f\u00fcr Ende Juni geplanten Bundesparteitag nicht in der Essener Grugahalle abhalten. Am Donnerstag k\u00fcndigte die Eigent\u00fcmerin der Grugahalle, die Messegesellschaft Essen, den vor weit \u00fcber einem Jahr abgeschlossenen Mietvertrag unter einem Vorwand.\n            <\/div>\n<p><\/p>\n<div class=\"Text-root Text-type_5 ArticleView-text ViewText-root \">\n<p>Die Messegesellschaft Essen, deren Mehrheitsgesellschafterin die Stadt Essen ist, sperrt sich gegen die Durchf\u00fchrung des Bundesparteitags der AfD in der Essener Grugahalle. Der Parteitag sollte dort Ende Juni abgehalten werden, der Mietvertrag wurde bereits letztes Jahr, nach AfD-Angaben am 20. Januar 2023, abgeschlossen.\u00a0<\/p>\n<p>Nach Bekanntwerden setzten Stadt und mehrere im Essener Stadtrat vertretene Parteien jedoch alles daran, die Umsetzung des Vertrags zu verhindern.\u00a0Ende Mai dieses Jahres hatte der Stadtrat die AfD aufgefordert, sich zu verpflichten, w\u00e4hrend des Parteitags keine strafbaren NS-Parolen zu verwenden. F\u00fcr die Abgabe der Erkl\u00e4rung hatte die Stadt der AfD eine Frist bis zum 4. Juni gesetzt, andernfalls sollte der Mietvertrag laut Ratsbeschluss &#8220;unverz\u00fcglich au\u00dferordentlich fristlos&#8221; gek\u00fcndigt werden.\u00a0<\/p>\n<p>Nachdem die geforderte Erkl\u00e4rung der AfD bis zum Ende der gesetzten Frist nicht eingegangen war, wurde der Vertrag nun gek\u00fcndigt. Eine Sprecherin der Stadt Essen machte dies am Donnerstag \u00f6ffentlich. Eine Eingabe der Oppositionspartei bei der f\u00fcr die Kommunalaufsicht zust\u00e4ndigen Bezirksregierung D\u00fcsseldorf dagegen sei zwischenzeitlich erfolglos geblieben.<\/p>\n<p>Die AfD hat am Donnerstag angek\u00fcndigt, gegen die K\u00fcndigung des Mietvertrags gerichtlich vorzugehen. In einer Presseerkl\u00e4rung vom 4. Juni hat der Bundesvorstand der Partei die Forderung aus Essen zur\u00fcckgewiesen.\u00a0Das Vorgehen der Stadt Essen sei &#8220;offensichtlich ebenso rechtswidrig wie orchestriert&#8221;, hie\u00df es in der Pressemitteilung vom selben Tag dazu. Ein rechtsg\u00fcltiger Vertrag k\u00f6nne \u2013 zumindest in einem Rechtsstaat \u2013 nicht nachtr\u00e4glich einseitig modifiziert werden.<\/p>\n<p><strong>Mehr zum Thema<\/strong>\u00a0\u2012\u00a0<a rel=\"nofollow noopener\" target=\"_blank\" href=\"https:\/\/freedert.online\/inland\/208221-stadt-essen-verlangt-vor-afd\/\">Vor AfD-Parteitag: Stadt Essen verlangt &#8220;Selbstverpflichtung der Vermeidung von strafbaren Aussagen&#8221;<\/a><\/p>\n<\/p>\n<\/div>\n<p><br \/>\n<br \/><a href=\"https:\/\/de.rt.com\/inland\/208423-messe-essen-kuendigt-mietvertrag-fuer-afd-parteitag\/\">Source link <\/a><\/p>\n","protected":false},"excerpt":{"rendered":"<p>Nach dem Willen des Stadtrats von Essen darf die AfD ihren f\u00fcr Ende Juni geplanten Bundesparteitag nicht in der Essener Grugahalle abhalten. Am Donnerstag k\u00fcndigte die Eigent\u00fcmerin der Grugahalle, die Messegesellschaft Essen, den vor weit \u00fcber einem Jahr abgeschlossenen Mietvertrag unter einem Vorwand. Die Messegesellschaft Essen, deren Mehrheitsgesellschafterin die Stadt Essen ist, sperrt sich gegen [&hellip;]<\/p>\n","protected":false},"author":3,"featured_media":59651,"comment_status":"open","ping_status":"open","sticky":false,"template":"","format":"standard","meta":{"_yoast_indexnow_last_ping":["1717705098"],"wp_automatic_camp":["217"],"a5e06dc98d4ce73385bdf1106bde64fe":["Messe Essen k\u00fcndigt Mietvertrag f\u00fcr AfD-Parteitag"],"original_link":["https:\/\/de.rt.com\/inland\/208423-messe-essen-kuendigt-mietvertrag-fuer-afd-parteitag\/"],"_thumbnail_id":["59651"],"jnews_social_counter_last_update":["1777280591"],"_wptgpro_p2tg_sent2tg":["a:1:{i:23737;s:19:\"2024-06-06 22:19:54\";}"]},"categories":[19,23],"tags":[25008,13899,221,4224,55575,23717],"yoast_head":"<!-- This site is optimized with the Yoast SEO Premium plugin v22.7 (Yoast SEO v22.7) - https:\/\/yoast.com\/wordpress\/plugins\/seo\/ -->\n<title>Messe Essen k\u00fcndigt Mietvertrag f\u00fcr AfD-Parteitag - just-now.NEWS Deutschland<\/title>\n<meta name=\"robots\" content=\"index, follow, max-snippet:-1, max-image-preview:large, max-video-preview:-1\" \/>\n<link rel=\"canonical\" href=\"https:\/\/now-news.de\/de\/deutschland\/messe-essen-kuendigt-mietvertrag-fuer-afd-parteitag\/\" \/>\n<meta property=\"og:locale\" content=\"de_DE\" \/>\n<meta property=\"og:type\" content=\"article\" \/>\n<meta property=\"og:title\" content=\"Messe Essen k\u00fcndigt Mietvertrag f\u00fcr AfD-Parteitag\" \/>\n<meta property=\"og:description\" content=\"Nach dem Willen des Stadtrats von Essen darf die AfD ihren f\u00fcr Ende Juni geplanten Bundesparteitag nicht in der Essener Grugahalle abhalten. Am Donnerstag k\u00fcndigte die Eigent\u00fcmerin der Grugahalle, die Messegesellschaft Essen, den vor weit \u00fcber einem Jahr abgeschlossenen Mietvertrag unter einem Vorwand. Die Messegesellschaft Essen, deren Mehrheitsgesellschafterin die Stadt Essen ist, sperrt sich gegen [&hellip;]\" \/>\n<meta property=\"og:url\" content=\"https:\/\/now-news.de\/de\/deutschland\/messe-essen-kuendigt-mietvertrag-fuer-afd-parteitag\/\" \/>\n<meta property=\"og:site_name\" content=\"just-now.NEWS Deutschland\" \/>\n<meta property=\"article:publisher\" content=\"https:\/\/www.facebook.com\/wirmachenauf\" \/>\n<meta property=\"article:published_time\" content=\"2024-06-06T20:03:18+00:00\" \/>\n<meta property=\"og:image\" content=\"https:\/\/now-news.de\/de\/wp-content\/uploads\/sites\/3\/2024\/06\/66620740b480cc47255f1535.jpg\" \/>\n<meta name=\"author\" content=\"rtnews\" \/>\n<meta name=\"twitter:card\" content=\"summary_large_image\" \/>\n<meta name=\"twitter:creator\" content=\"@WirMachenAuf_de\" \/>\n<meta name=\"twitter:site\" content=\"@WirMachenAuf_de\" \/>\n<meta name=\"twitter:label1\" content=\"Verfasst von\" \/>\n\t<meta name=\"twitter:data1\" content=\"rtnews\" \/>\n\t<meta name=\"twitter:label2\" content=\"Gesch\u00e4tzte Lesezeit\" \/>\n\t<meta name=\"twitter:data2\" content=\"1\u00a0Minute\" \/>\n<script type=\"application\/ld+json\" class=\"yoast-schema-graph\">{\"@context\":\"https:\/\/schema.org\",\"@graph\":[{\"@type\":\"Article\",\"@id\":\"https:\/\/now-news.de\/de\/deutschland\/messe-essen-kuendigt-mietvertrag-fuer-afd-parteitag\/#article\",\"isPartOf\":{\"@id\":\"https:\/\/now-news.de\/de\/deutschland\/messe-essen-kuendigt-mietvertrag-fuer-afd-parteitag\/\"},\"author\":{\"name\":\"rtnews\",\"@id\":\"https:\/\/now-news.de\/de\/#\/schema\/person\/fb534a4e865501d8b3285208df34a9b5\"},\"headline\":\"Messe Essen k\u00fcndigt Mietvertrag f\u00fcr AfD-Parteitag\",\"datePublished\":\"2024-06-06T20:03:18+00:00\",\"dateModified\":\"2024-06-06T20:03:18+00:00\",\"mainEntityOfPage\":{\"@id\":\"https:\/\/now-news.de\/de\/deutschland\/messe-essen-kuendigt-mietvertrag-fuer-afd-parteitag\/\"},\"wordCount\":307,\"commentCount\":0,\"publisher\":{\"@id\":\"https:\/\/now-news.de\/de\/#organization\"},\"image\":{\"@id\":\"https:\/\/now-news.de\/de\/deutschland\/messe-essen-kuendigt-mietvertrag-fuer-afd-parteitag\/#primaryimage\"},\"thumbnailUrl\":\"https:\/\/now-news.de\/de\/wp-content\/uploads\/sites\/3\/2024\/06\/Messe-Essen-kuendigt-Mietvertrag-fuer-AfD-Parteitag.jpg\",\"keywords\":[\"AfDParteitag\",\"Essen\",\"f\u00fcr\",\"k\u00fcndigt\",\"Messe\",\"Mietvertrag\"],\"articleSection\":[\"Deutschland\",\"Russland\"],\"inLanguage\":\"de\",\"potentialAction\":[{\"@type\":\"CommentAction\",\"name\":\"Comment\",\"target\":[\"https:\/\/now-news.de\/de\/deutschland\/messe-essen-kuendigt-mietvertrag-fuer-afd-parteitag\/#respond\"]}]},{\"@type\":\"WebPage\",\"@id\":\"https:\/\/now-news.de\/de\/deutschland\/messe-essen-kuendigt-mietvertrag-fuer-afd-parteitag\/\",\"url\":\"https:\/\/now-news.de\/de\/deutschland\/messe-essen-kuendigt-mietvertrag-fuer-afd-parteitag\/\",\"name\":\"Messe Essen k\u00fcndigt Mietvertrag f\u00fcr AfD-Parteitag - just-now.NEWS Deutschland\",\"isPartOf\":{\"@id\":\"https:\/\/now-news.de\/de\/#website\"},\"primaryImageOfPage\":{\"@id\":\"https:\/\/now-news.de\/de\/deutschland\/messe-essen-kuendigt-mietvertrag-fuer-afd-parteitag\/#primaryimage\"},\"image\":{\"@id\":\"https:\/\/now-news.de\/de\/deutschland\/messe-essen-kuendigt-mietvertrag-fuer-afd-parteitag\/#primaryimage\"},\"thumbnailUrl\":\"https:\/\/now-news.de\/de\/wp-content\/uploads\/sites\/3\/2024\/06\/Messe-Essen-kuendigt-Mietvertrag-fuer-AfD-Parteitag.jpg\",\"datePublished\":\"2024-06-06T20:03:18+00:00\",\"dateModified\":\"2024-06-06T20:03:18+00:00\",\"breadcrumb\":{\"@id\":\"https:\/\/now-news.de\/de\/deutschland\/messe-essen-kuendigt-mietvertrag-fuer-afd-parteitag\/#breadcrumb\"},\"inLanguage\":\"de\",\"potentialAction\":[{\"@type\":\"ReadAction\",\"target\":[\"https:\/\/now-news.de\/de\/deutschland\/messe-essen-kuendigt-mietvertrag-fuer-afd-parteitag\/\"]}]},{\"@type\":\"ImageObject\",\"inLanguage\":\"de\",\"@id\":\"https:\/\/now-news.de\/de\/deutschland\/messe-essen-kuendigt-mietvertrag-fuer-afd-parteitag\/#primaryimage\",\"url\":\"https:\/\/now-news.de\/de\/wp-content\/uploads\/sites\/3\/2024\/06\/Messe-Essen-kuendigt-Mietvertrag-fuer-AfD-Parteitag.jpg\",\"contentUrl\":\"https:\/\/now-news.de\/de\/wp-content\/uploads\/sites\/3\/2024\/06\/Messe-Essen-kuendigt-Mietvertrag-fuer-AfD-Parteitag.jpg\",\"width\":460,\"height\":259,\"caption\":\"Messe Essen k\u00fcndigt Mietvertrag f\u00fcr AfD-Parteitag\"},{\"@type\":\"BreadcrumbList\",\"@id\":\"https:\/\/now-news.de\/de\/deutschland\/messe-essen-kuendigt-mietvertrag-fuer-afd-parteitag\/#breadcrumb\",\"itemListElement\":[{\"@type\":\"ListItem\",\"position\":1,\"name\":\"Home\",\"item\":\"https:\/\/now-news.de\/de\/\"},{\"@type\":\"ListItem\",\"position\":2,\"name\":\"Messe Essen k\u00fcndigt Mietvertrag f\u00fcr AfD-Parteitag\"}]},{\"@type\":\"WebSite\",\"@id\":\"https:\/\/now-news.de\/de\/#website\",\"url\":\"https:\/\/now-news.de\/de\/\",\"name\":\"just-now.NEWS Deutschland\",\"description\":\"Das Portal f\u00fcr unzensierte Nachrichten aus der Welt\",\"publisher\":{\"@id\":\"https:\/\/now-news.de\/de\/#organization\"},\"potentialAction\":[{\"@type\":\"SearchAction\",\"target\":{\"@type\":\"EntryPoint\",\"urlTemplate\":\"https:\/\/now-news.de\/de\/?s={search_term_string}\"},\"query-input\":\"required name=search_term_string\"}],\"inLanguage\":\"de\"},{\"@type\":\"Organization\",\"@id\":\"https:\/\/now-news.de\/de\/#organization\",\"name\":\"Just Now News\",\"url\":\"https:\/\/now-news.de\/de\/\",\"logo\":{\"@type\":\"ImageObject\",\"inLanguage\":\"de\",\"@id\":\"https:\/\/now-news.de\/de\/#\/schema\/logo\/image\/\",\"url\":\"http:\/\/just-now.news\/de\/wp-content\/uploads\/sites\/3\/2022\/04\/logo500x500.jpg\",\"contentUrl\":\"http:\/\/just-now.news\/de\/wp-content\/uploads\/sites\/3\/2022\/04\/logo500x500.jpg\",\"width\":500,\"height\":500,\"caption\":\"Just Now News\"},\"image\":{\"@id\":\"https:\/\/now-news.de\/de\/#\/schema\/logo\/image\/\"},\"sameAs\":[\"https:\/\/www.facebook.com\/wirmachenauf\",\"https:\/\/x.com\/WirMachenAuf_de\"]},{\"@type\":\"Person\",\"@id\":\"https:\/\/now-news.de\/de\/#\/schema\/person\/fb534a4e865501d8b3285208df34a9b5\",\"name\":\"rtnews\",\"image\":{\"@type\":\"ImageObject\",\"inLanguage\":\"de\",\"@id\":\"https:\/\/now-news.de\/de\/#\/schema\/person\/image\/\",\"url\":\"https:\/\/secure.gravatar.com\/avatar\/82aafea7d8127119dd649515f56e2117?s=96&d=mm&r=g\",\"contentUrl\":\"https:\/\/secure.gravatar.com\/avatar\/82aafea7d8127119dd649515f56e2117?s=96&d=mm&r=g\",\"caption\":\"rtnews\"},\"url\":\"https:\/\/now-news.de\/de\/author\/rnews\/\"}]}<\/script>\n<!-- \/ Yoast SEO Premium plugin. -->","yoast_head_json":{"title":"Messe Essen k\u00fcndigt Mietvertrag f\u00fcr AfD-Parteitag - just-now.NEWS Deutschland","robots":{"index":"index","follow":"follow","max-snippet":"max-snippet:-1","max-image-preview":"max-image-preview:large","max-video-preview":"max-video-preview:-1"},"canonical":"https:\/\/now-news.de\/de\/deutschland\/messe-essen-kuendigt-mietvertrag-fuer-afd-parteitag\/","og_locale":"de_DE","og_type":"article","og_title":"Messe Essen k\u00fcndigt Mietvertrag f\u00fcr AfD-Parteitag","og_description":"Nach dem Willen des Stadtrats von Essen darf die AfD ihren f\u00fcr Ende Juni geplanten Bundesparteitag nicht in der Essener Grugahalle abhalten. Am Donnerstag k\u00fcndigte die Eigent\u00fcmerin der Grugahalle, die Messegesellschaft Essen, den vor weit \u00fcber einem Jahr abgeschlossenen Mietvertrag unter einem Vorwand. Die Messegesellschaft Essen, deren Mehrheitsgesellschafterin die Stadt Essen ist, sperrt sich gegen [&hellip;]","og_url":"https:\/\/now-news.de\/de\/deutschland\/messe-essen-kuendigt-mietvertrag-fuer-afd-parteitag\/","og_site_name":"just-now.NEWS Deutschland","article_publisher":"https:\/\/www.facebook.com\/wirmachenauf","article_published_time":"2024-06-06T20:03:18+00:00","og_image":[{"url":"https:\/\/now-news.de\/de\/wp-content\/uploads\/sites\/3\/2024\/06\/66620740b480cc47255f1535.jpg"}],"author":"rtnews","twitter_card":"summary_large_image","twitter_creator":"@WirMachenAuf_de","twitter_site":"@WirMachenAuf_de","twitter_misc":{"Verfasst von":"rtnews","Gesch\u00e4tzte Lesezeit":"1\u00a0Minute"},"schema":{"@context":"https:\/\/schema.org","@graph":[{"@type":"Article","@id":"https:\/\/now-news.de\/de\/deutschland\/messe-essen-kuendigt-mietvertrag-fuer-afd-parteitag\/#article","isPartOf":{"@id":"https:\/\/now-news.de\/de\/deutschland\/messe-essen-kuendigt-mietvertrag-fuer-afd-parteitag\/"},"author":{"name":"rtnews","@id":"https:\/\/now-news.de\/de\/#\/schema\/person\/fb534a4e865501d8b3285208df34a9b5"},"headline":"Messe Essen k\u00fcndigt Mietvertrag f\u00fcr AfD-Parteitag","datePublished":"2024-06-06T20:03:18+00:00","dateModified":"2024-06-06T20:03:18+00:00","mainEntityOfPage":{"@id":"https:\/\/now-news.de\/de\/deutschland\/messe-essen-kuendigt-mietvertrag-fuer-afd-parteitag\/"},"wordCount":307,"commentCount":0,"publisher":{"@id":"https:\/\/now-news.de\/de\/#organization"},"image":{"@id":"https:\/\/now-news.de\/de\/deutschland\/messe-essen-kuendigt-mietvertrag-fuer-afd-parteitag\/#primaryimage"},"thumbnailUrl":"https:\/\/now-news.de\/de\/wp-content\/uploads\/sites\/3\/2024\/06\/Messe-Essen-kuendigt-Mietvertrag-fuer-AfD-Parteitag.jpg","keywords":["AfDParteitag","Essen","f\u00fcr","k\u00fcndigt","Messe","Mietvertrag"],"articleSection":["Deutschland","Russland"],"inLanguage":"de","potentialAction":[{"@type":"CommentAction","name":"Comment","target":["https:\/\/now-news.de\/de\/deutschland\/messe-essen-kuendigt-mietvertrag-fuer-afd-parteitag\/#respond"]}]},{"@type":"WebPage","@id":"https:\/\/now-news.de\/de\/deutschland\/messe-essen-kuendigt-mietvertrag-fuer-afd-parteitag\/","url":"https:\/\/now-news.de\/de\/deutschland\/messe-essen-kuendigt-mietvertrag-fuer-afd-parteitag\/","name":"Messe Essen k\u00fcndigt Mietvertrag f\u00fcr AfD-Parteitag - just-now.NEWS Deutschland","isPartOf":{"@id":"https:\/\/now-news.de\/de\/#website"},"primaryImageOfPage":{"@id":"https:\/\/now-news.de\/de\/deutschland\/messe-essen-kuendigt-mietvertrag-fuer-afd-parteitag\/#primaryimage"},"image":{"@id":"https:\/\/now-news.de\/de\/deutschland\/messe-essen-kuendigt-mietvertrag-fuer-afd-parteitag\/#primaryimage"},"thumbnailUrl":"https:\/\/now-news.de\/de\/wp-content\/uploads\/sites\/3\/2024\/06\/Messe-Essen-kuendigt-Mietvertrag-fuer-AfD-Parteitag.jpg","datePublished":"2024-06-06T20:03:18+00:00","dateModified":"2024-06-06T20:03:18+00:00","breadcrumb":{"@id":"https:\/\/now-news.de\/de\/deutschland\/messe-essen-kuendigt-mietvertrag-fuer-afd-parteitag\/#breadcrumb"},"inLanguage":"de","potentialAction":[{"@type":"ReadAction","target":["https:\/\/now-news.de\/de\/deutschland\/messe-essen-kuendigt-mietvertrag-fuer-afd-parteitag\/"]}]},{"@type":"ImageObject","inLanguage":"de","@id":"https:\/\/now-news.de\/de\/deutschland\/messe-essen-kuendigt-mietvertrag-fuer-afd-parteitag\/#primaryimage","url":"https:\/\/now-news.de\/de\/wp-content\/uploads\/sites\/3\/2024\/06\/Messe-Essen-kuendigt-Mietvertrag-fuer-AfD-Parteitag.jpg","contentUrl":"https:\/\/now-news.de\/de\/wp-content\/uploads\/sites\/3\/2024\/06\/Messe-Essen-kuendigt-Mietvertrag-fuer-AfD-Parteitag.jpg","width":460,"height":259,"caption":"Messe Essen k\u00fcndigt Mietvertrag f\u00fcr AfD-Parteitag"},{"@type":"BreadcrumbList","@id":"https:\/\/now-news.de\/de\/deutschland\/messe-essen-kuendigt-mietvertrag-fuer-afd-parteitag\/#breadcrumb","itemListElement":[{"@type":"ListItem","position":1,"name":"Home","item":"https:\/\/now-news.de\/de\/"},{"@type":"ListItem","position":2,"name":"Messe Essen k\u00fcndigt Mietvertrag f\u00fcr AfD-Parteitag"}]},{"@type":"WebSite","@id":"https:\/\/now-news.de\/de\/#website","url":"https:\/\/now-news.de\/de\/","name":"just-now.NEWS Deutschland","description":"Das Portal f\u00fcr unzensierte Nachrichten aus der Welt","publisher":{"@id":"https:\/\/now-news.de\/de\/#organization"},"potentialAction":[{"@type":"SearchAction","target":{"@type":"EntryPoint","urlTemplate":"https:\/\/now-news.de\/de\/?s={search_term_string}"},"query-input":"required name=search_term_string"}],"inLanguage":"de"},{"@type":"Organization","@id":"https:\/\/now-news.de\/de\/#organization","name":"Just Now News","url":"https:\/\/now-news.de\/de\/","logo":{"@type":"ImageObject","inLanguage":"de","@id":"https:\/\/now-news.de\/de\/#\/schema\/logo\/image\/","url":"http:\/\/just-now.news\/de\/wp-content\/uploads\/sites\/3\/2022\/04\/logo500x500.jpg","contentUrl":"http:\/\/just-now.news\/de\/wp-content\/uploads\/sites\/3\/2022\/04\/logo500x500.jpg","width":500,"height":500,"caption":"Just Now News"},"image":{"@id":"https:\/\/now-news.de\/de\/#\/schema\/logo\/image\/"},"sameAs":["https:\/\/www.facebook.com\/wirmachenauf","https:\/\/x.com\/WirMachenAuf_de"]},{"@type":"Person","@id":"https:\/\/now-news.de\/de\/#\/schema\/person\/fb534a4e865501d8b3285208df34a9b5","name":"rtnews","image":{"@type":"ImageObject","inLanguage":"de","@id":"https:\/\/now-news.de\/de\/#\/schema\/person\/image\/","url":"https:\/\/secure.gravatar.com\/avatar\/82aafea7d8127119dd649515f56e2117?s=96&d=mm&r=g","contentUrl":"https:\/\/secure.gravatar.com\/avatar\/82aafea7d8127119dd649515f56e2117?s=96&d=mm&r=g","caption":"rtnews"},"url":"https:\/\/now-news.de\/de\/author\/rnews\/"}]}},"_links":{"self":[{"href":"https:\/\/now-news.de\/de\/wp-json\/wp\/v2\/posts\/59650"}],"collection":[{"href":"https:\/\/now-news.de\/de\/wp-json\/wp\/v2\/posts"}],"about":[{"href":"https:\/\/now-news.de\/de\/wp-json\/wp\/v2\/types\/post"}],"author":[{"embeddable":true,"href":"https:\/\/now-news.de\/de\/wp-json\/wp\/v2\/users\/3"}],"replies":[{"embeddable":true,"href":"https:\/\/now-news.de\/de\/wp-json\/wp\/v2\/comments?post=59650"}],"version-history":[{"count":0,"href":"https:\/\/now-news.de\/de\/wp-json\/wp\/v2\/posts\/59650\/revisions"}],"wp:featuredmedia":[{"embeddable":true,"href":"https:\/\/now-news.de\/de\/wp-json\/wp\/v2\/media\/59651"}],"wp:attachment":[{"href":"https:\/\/now-news.de\/de\/wp-json\/wp\/v2\/media?parent=59650"}],"wp:term":[{"taxonomy":"category","embeddable":true,"href":"https:\/\/now-news.de\/de\/wp-json\/wp\/v2\/categories?post=59650"},{"taxonomy":"post_tag","embeddable":true,"href":"https:\/\/now-news.de\/de\/wp-json\/wp\/v2\/tags?post=59650"}],"curies":[{"name":"wp","href":"https:\/\/api.w.org\/{rel}","templated":true}]}}