{"id":5962,"date":"2022-05-02T10:53:44","date_gmt":"2022-05-02T08:53:44","guid":{"rendered":"http:\/\/just-now.news\/de\/deutschland\/ausschreitungen-und-festnahmen-bei-mai-demonstration-in-paris\/"},"modified":"2022-05-02T10:53:44","modified_gmt":"2022-05-02T08:53:44","slug":"ausschreitungen-und-festnahmen-bei-mai-demonstration-in-paris","status":"publish","type":"post","link":"https:\/\/now-news.de\/de\/deutschland\/ausschreitungen-und-festnahmen-bei-mai-demonstration-in-paris\/","title":{"rendered":"Ausschreitungen und Festnahmen bei Mai-Demonstration in Paris"},"content":{"rendered":"<p><\/p>\n<div class=\"Text-root Text-type_5 ArticleView-text ViewText-root \">\n<p>Bei den traditionellen Mai-Kundgebungen in Frankreich ist es in Paris zu Zusammenst\u00f6\u00dfen zwischen Demonstranten und der Polizei gekommen. Wie der Fernsehsender <em>BFMTV<\/em> am Sonntag berichtete, wurden Fensterscheiben zertr\u00fcmmert und Gesch\u00e4fte besch\u00e4digt \u2013 darunter Versicherungen, eine McDonald&#8217;s-Filiale und Banken. Vermummte sollen versucht haben, eine Barrikade zu errichten. Die Polizei reagierte mit Tr\u00e4nengas und Wasserwerfern. An den landesweiten Maikundgebungen sollen Zehntausende Menschen teilgenommen haben.<\/p>\n<div class=\"EmbedBlock-root EmbedBlock-twitter\">\n<div class=\"TwitterEmbed\">\n<blockquote class=\"twitter-tweet lazyload\" data-twitter=\"twitter-tweet\">\n<p lang=\"fr\" dir=\"ltr\">PARIS &#8211; Intervention de la BRAVM pour prot\u00e9ger le Mcdo. Mortier d\u2019artifice et gaz lacrymog\u00e8ne. Tensions en cours. <a target=\"_blank\" href=\"https:\/\/twitter.com\/hashtag\/1erMai?src=hash&amp;ref_src=twsrc%5Etfw\" rel=\"noopener\">#1erMai<\/a><a target=\"_blank\" href=\"https:\/\/t.co\/e9y5vCTv4t\" rel=\"noopener\">pic.twitter.com\/e9y5vCTv4t<\/a><\/p>\n<p>\u2014 Cl\u00e9ment Lanot (@ClementLanot) <a target=\"_blank\" href=\"https:\/\/twitter.com\/ClementLanot\/status\/1520764329276153856?ref_src=twsrc%5Etfw\" rel=\"noopener\">May 1, 2022<\/a><\/p><\/blockquote>\n<\/div>\n<\/div>\n<p>In Nantes versuchten linke Aktivisten, sich an die Spitze des Demonstrationszuges zu setzen. &#8220;Sie haben eine Reihe von Sachbesch\u00e4digungen begangen und es gab ein Eingreifen der Ordnungskr\u00e4fte, um sie zu zerstreuen&#8221;, erkl\u00e4rte die lokale Pr\u00e4fektur zu dem Vorfall. In der Stadt wurden auch Schaufenster von Immobilienagenturen eingeschlagen, wie ein Fotograf der <em>AFP<\/em>\u00a0meldete. Die Polizei reagierte auf gez\u00fcndete Feuerwerksk\u00f6rper der Demonstranten und setzte Tr\u00e4nengas ein, das unter anderem in eine Markthalle eindrang und Kunden und H\u00e4ndler \u00fcberraschte.<\/p>\n<div class=\"EmbedBlock-root EmbedBlock-twitter\">\n<div class=\"TwitterEmbed\">\n<blockquote class=\"twitter-tweet lazyload\" data-twitter=\"twitter-tweet\">\n<p lang=\"fr\" dir=\"ltr\">Le march\u00e9 couvert de Talensac \u00e0 <a target=\"_blank\" href=\"https:\/\/twitter.com\/hashtag\/Nantes?src=hash&amp;ref_src=twsrc%5Etfw\" rel=\"noopener\">#Nantes<\/a> est rempli de lacrymogenes, des dizaines de personnes qui se trouvaient \u00e0 l&#8217;int\u00e9rieur touch\u00e9e par les gaz tir\u00e9s \u00e0 proximit\u00e9 du batiment. La manifestation du <a target=\"_blank\" href=\"https:\/\/twitter.com\/hashtag\/1ermai?src=hash&amp;ref_src=twsrc%5Etfw\" rel=\"noopener\">#1ermai<\/a> est dispers\u00e9e dans les rues adjacentes. <a target=\"_blank\" href=\"https:\/\/t.co\/iPSdUisIoQ\" rel=\"noopener\">https:\/\/t.co\/iPSdUisIoQ<\/a><a target=\"_blank\" href=\"https:\/\/t.co\/W8ZUoqZzak\" rel=\"noopener\">pic.twitter.com\/W8ZUoqZzak<\/a><\/p>\n<p>\u2014 Theo Prn (@Theop_rn) <a target=\"_blank\" href=\"https:\/\/twitter.com\/Theop_rn\/status\/1520712759238967297?ref_src=twsrc%5Etfw\" rel=\"noopener\">May 1, 2022<\/a><\/p><\/blockquote>\n<\/div>\n<\/div>\n<p>In Rennes verlief die am Vormittag organisierte Demonstration (1.650 Personen laut Pr\u00e4fektur, 2.000 laut Polizei) friedlich.\u00a0Anschlie\u00dfend versammelten sich jedoch linke Aktivisten vor dem Rathaus und die Sicherheitskr\u00e4fte setzten Tr\u00e4nengas ein.<\/p>\n<div class=\"EmbedBlock-root EmbedBlock-twitter\">\n<div class=\"TwitterEmbed\">\n<blockquote class=\"twitter-tweet lazyload\" data-twitter=\"twitter-tweet\">\n<p lang=\"fr\" dir=\"ltr\">Jeu du chat et de la souris a Rennes entre une centaine de manifestants antifascistes et les forces de l\u2019ordre. Des lacrymog\u00e8nes ont \u00e9t\u00e9 lanc\u00e9s, le canon \u00e0 eau a aussi \u00e9t\u00e9 utilis\u00e9 \u00e0 plusieurs reprises pour emp\u00eacher les manifestants de p\u00e9n\u00e9trer dans le centre-ville. <a target=\"_blank\" href=\"https:\/\/t.co\/0ZizDTMQSO\" rel=\"noopener\">pic.twitter.com\/0ZizDTMQSO<\/a><\/p>\n<p>\u2014 sylvaine salliou (@sylvainesalliou) <a target=\"_blank\" href=\"https:\/\/twitter.com\/sylvainesalliou\/status\/1520755926877319169?ref_src=twsrc%5Etfw\" rel=\"noopener\">May 1, 2022<\/a><\/p><\/blockquote>\n<\/div>\n<\/div>\n<p>In Lyon marschierten je nach Quelle 4.000 bis 6.000 Menschen. Auch hier kam es zu Ausschreitungen. Die Ordnungskr\u00e4fte setzten Wasserwerfer ein, um einige gewaltt\u00e4tige Demonstranten zu zerstreuen.<\/p>\n<div class=\"EmbedBlock-root EmbedBlock-twitter\">\n<div class=\"TwitterEmbed\">\n<blockquote class=\"twitter-tweet lazyload\" data-twitter=\"twitter-tweet\">\n<p lang=\"fr\" dir=\"ltr\">Jeu du chat et de la souris a Rennes entre une centaine de manifestants antifascistes et les forces de l\u2019ordre. Des lacrymog\u00e8nes ont \u00e9t\u00e9 lanc\u00e9s, le canon \u00e0 eau a aussi \u00e9t\u00e9 utilis\u00e9 \u00e0 plusieurs reprises pour emp\u00eacher les manifestants de p\u00e9n\u00e9trer dans le centre-ville. <a target=\"_blank\" href=\"https:\/\/t.co\/0ZizDTMQSO\" rel=\"noopener\">pic.twitter.com\/0ZizDTMQSO<\/a><\/p>\n<p>\u2014 sylvaine salliou (@sylvainesalliou) <a target=\"_blank\" href=\"https:\/\/twitter.com\/sylvainesalliou\/status\/1520755926877319169?ref_src=twsrc%5Etfw\" rel=\"noopener\">May 1, 2022<\/a><\/p><\/blockquote>\n<\/div>\n<\/div>\n<p>Frankreichs Innenminister G\u00e9rald Darmanin verurteilte auf Twitter die Ausschreitungen. Die von Randalierern ver\u00fcbten Gewaltakte seien nicht hinnehmbar. Wie Darmanin schrieb, gab es allein in Paris bis zum Abend 29 Festnahmen. Die Mai-Demonstrationen richteten sich dieses Jahr gegen die angek\u00fcndigte Rentenreform des wiedergew\u00e4hlten Pr\u00e4sidenten Emmanuel Macron. Urspr\u00fcnglich wollte er das Rentenalter von 62 auf 65 Jahre anheben. Zuletzt schloss er eine Begrenzung auf 64 nicht aus.<\/p>\n<p><strong>Mehr zum Thema<\/strong> \u2013 <a target=\"_blank\" href=\"https:\/\/deutsch.rt.com\/live\/video\/137474-live-gewerkschaften-gehen-am-1\/\" rel=\"noopener\">LIVE: Gewerkschaften gehen am 1. Mai in Paris auf die Stra\u00dfe<\/a><\/p>\n<\/p>\n<\/div>\n<p><script async src=\"https:\/\/platform.twitter.com\/widgets.js\" charset=\"utf-8\"><\/script><br \/>\n<br \/><br \/>\n<br \/><a href=\"https:\/\/de.rt.com\/europa\/137520-ausschreitungen-und-festnahmen-bei-maidemonstration-in-paris\/\">Source link <\/a><\/p>\n","protected":false},"excerpt":{"rendered":"<p>Bei den traditionellen Mai-Kundgebungen in Frankreich ist es in Paris zu Zusammenst\u00f6\u00dfen zwischen Demonstranten und der Polizei gekommen. Wie der Fernsehsender BFMTV am Sonntag berichtete, wurden Fensterscheiben zertr\u00fcmmert und Gesch\u00e4fte besch\u00e4digt \u2013 darunter Versicherungen, eine McDonald&#8217;s-Filiale und Banken. Vermummte sollen versucht haben, eine Barrikade zu errichten. Die Polizei reagierte mit Tr\u00e4nengas und Wasserwerfern. An den [&hellip;]<\/p>\n","protected":false},"author":3,"featured_media":5963,"comment_status":"open","ping_status":"open","sticky":false,"template":"","format":"standard","meta":{"wp_automatic_camp":["217"],"0a80064c0aaf8fe6f35f0be4d3300a69":["Ausschreitungen und Festnahmen bei Mai-Demonstration in Paris"],"original_link":["https:\/\/de.rt.com\/europa\/137520-ausschreitungen-und-festnahmen-bei-maidemonstration-in-paris\/"],"_thumbnail_id":["5963"],"wp_automatic_remove_first_image":["yes"],"_wptg_p2tg_sent2tg":["2022-05-02 11:04:05"],"jnews_social_counter_last_update":["1777014266"]},"categories":[19,23],"tags":[598,363,16580,16581,9609,140],"yoast_head":"<!-- This site is optimized with the Yoast SEO Premium plugin v22.7 (Yoast SEO v22.7) - https:\/\/yoast.com\/wordpress\/plugins\/seo\/ -->\n<title>Ausschreitungen und Festnahmen bei Mai-Demonstration in Paris - just-now.NEWS Deutschland<\/title>\n<meta name=\"robots\" content=\"index, follow, max-snippet:-1, max-image-preview:large, max-video-preview:-1\" \/>\n<link rel=\"canonical\" href=\"https:\/\/now-news.de\/de\/deutschland\/ausschreitungen-und-festnahmen-bei-mai-demonstration-in-paris\/\" \/>\n<meta property=\"og:locale\" content=\"de_DE\" \/>\n<meta property=\"og:type\" content=\"article\" \/>\n<meta property=\"og:title\" content=\"Ausschreitungen und Festnahmen bei Mai-Demonstration in Paris\" \/>\n<meta property=\"og:description\" content=\"Bei den traditionellen Mai-Kundgebungen in Frankreich ist es in Paris zu Zusammenst\u00f6\u00dfen zwischen Demonstranten und der Polizei gekommen. Wie der Fernsehsender BFMTV am Sonntag berichtete, wurden Fensterscheiben zertr\u00fcmmert und Gesch\u00e4fte besch\u00e4digt \u2013 darunter Versicherungen, eine McDonald&#8217;s-Filiale und Banken. Vermummte sollen versucht haben, eine Barrikade zu errichten. Die Polizei reagierte mit Tr\u00e4nengas und Wasserwerfern. An den [&hellip;]\" \/>\n<meta property=\"og:url\" content=\"https:\/\/now-news.de\/de\/deutschland\/ausschreitungen-und-festnahmen-bei-mai-demonstration-in-paris\/\" \/>\n<meta property=\"og:site_name\" content=\"just-now.NEWS Deutschland\" \/>\n<meta property=\"article:publisher\" content=\"https:\/\/www.facebook.com\/wirmachenauf\" \/>\n<meta property=\"article:published_time\" content=\"2022-05-02T08:53:44+00:00\" \/>\n<meta property=\"og:image\" content=\"https:\/\/now-news.de\/de\/wp-content\/uploads\/sites\/3\/2022\/05\/Ausschreitungen-und-Festnahmen-bei-Mai-Demonstration-in-Paris.jpg\" \/>\n\t<meta property=\"og:image:width\" content=\"460\" \/>\n\t<meta property=\"og:image:height\" content=\"259\" \/>\n\t<meta property=\"og:image:type\" content=\"image\/jpeg\" \/>\n<meta name=\"author\" content=\"rtnews\" \/>\n<meta name=\"twitter:card\" content=\"summary_large_image\" \/>\n<meta name=\"twitter:creator\" content=\"@WirMachenAuf_de\" \/>\n<meta name=\"twitter:site\" content=\"@WirMachenAuf_de\" \/>\n<meta name=\"twitter:label1\" content=\"Verfasst von\" \/>\n\t<meta name=\"twitter:data1\" content=\"rtnews\" \/>\n\t<meta name=\"twitter:label2\" content=\"Gesch\u00e4tzte Lesezeit\" \/>\n\t<meta name=\"twitter:data2\" content=\"2\u00a0Minuten\" \/>\n<script type=\"application\/ld+json\" class=\"yoast-schema-graph\">{\"@context\":\"https:\/\/schema.org\",\"@graph\":[{\"@type\":\"Article\",\"@id\":\"https:\/\/now-news.de\/de\/deutschland\/ausschreitungen-und-festnahmen-bei-mai-demonstration-in-paris\/#article\",\"isPartOf\":{\"@id\":\"https:\/\/now-news.de\/de\/deutschland\/ausschreitungen-und-festnahmen-bei-mai-demonstration-in-paris\/\"},\"author\":{\"name\":\"rtnews\",\"@id\":\"https:\/\/now-news.de\/de\/#\/schema\/person\/fb534a4e865501d8b3285208df34a9b5\"},\"headline\":\"Ausschreitungen und Festnahmen bei Mai-Demonstration in Paris\",\"datePublished\":\"2022-05-02T08:53:44+00:00\",\"dateModified\":\"2022-05-02T08:53:44+00:00\",\"mainEntityOfPage\":{\"@id\":\"https:\/\/now-news.de\/de\/deutschland\/ausschreitungen-und-festnahmen-bei-mai-demonstration-in-paris\/\"},\"wordCount\":506,\"commentCount\":0,\"publisher\":{\"@id\":\"https:\/\/now-news.de\/de\/#organization\"},\"image\":{\"@id\":\"https:\/\/now-news.de\/de\/deutschland\/ausschreitungen-und-festnahmen-bei-mai-demonstration-in-paris\/#primaryimage\"},\"thumbnailUrl\":\"https:\/\/now-news.de\/de\/wp-content\/uploads\/sites\/3\/2022\/05\/Ausschreitungen-und-Festnahmen-bei-Mai-Demonstration-in-Paris.jpg\",\"keywords\":[\"Ausschreitungen\",\"bei\",\"Festnahmen\",\"MaiDemonstration\",\"Paris\",\"und\"],\"articleSection\":[\"Deutschland\",\"Russland\"],\"inLanguage\":\"de\",\"potentialAction\":[{\"@type\":\"CommentAction\",\"name\":\"Comment\",\"target\":[\"https:\/\/now-news.de\/de\/deutschland\/ausschreitungen-und-festnahmen-bei-mai-demonstration-in-paris\/#respond\"]}]},{\"@type\":\"WebPage\",\"@id\":\"https:\/\/now-news.de\/de\/deutschland\/ausschreitungen-und-festnahmen-bei-mai-demonstration-in-paris\/\",\"url\":\"https:\/\/now-news.de\/de\/deutschland\/ausschreitungen-und-festnahmen-bei-mai-demonstration-in-paris\/\",\"name\":\"Ausschreitungen und Festnahmen bei Mai-Demonstration in Paris - just-now.NEWS Deutschland\",\"isPartOf\":{\"@id\":\"https:\/\/now-news.de\/de\/#website\"},\"primaryImageOfPage\":{\"@id\":\"https:\/\/now-news.de\/de\/deutschland\/ausschreitungen-und-festnahmen-bei-mai-demonstration-in-paris\/#primaryimage\"},\"image\":{\"@id\":\"https:\/\/now-news.de\/de\/deutschland\/ausschreitungen-und-festnahmen-bei-mai-demonstration-in-paris\/#primaryimage\"},\"thumbnailUrl\":\"https:\/\/now-news.de\/de\/wp-content\/uploads\/sites\/3\/2022\/05\/Ausschreitungen-und-Festnahmen-bei-Mai-Demonstration-in-Paris.jpg\",\"datePublished\":\"2022-05-02T08:53:44+00:00\",\"dateModified\":\"2022-05-02T08:53:44+00:00\",\"breadcrumb\":{\"@id\":\"https:\/\/now-news.de\/de\/deutschland\/ausschreitungen-und-festnahmen-bei-mai-demonstration-in-paris\/#breadcrumb\"},\"inLanguage\":\"de\",\"potentialAction\":[{\"@type\":\"ReadAction\",\"target\":[\"https:\/\/now-news.de\/de\/deutschland\/ausschreitungen-und-festnahmen-bei-mai-demonstration-in-paris\/\"]}]},{\"@type\":\"ImageObject\",\"inLanguage\":\"de\",\"@id\":\"https:\/\/now-news.de\/de\/deutschland\/ausschreitungen-und-festnahmen-bei-mai-demonstration-in-paris\/#primaryimage\",\"url\":\"https:\/\/now-news.de\/de\/wp-content\/uploads\/sites\/3\/2022\/05\/Ausschreitungen-und-Festnahmen-bei-Mai-Demonstration-in-Paris.jpg\",\"contentUrl\":\"https:\/\/now-news.de\/de\/wp-content\/uploads\/sites\/3\/2022\/05\/Ausschreitungen-und-Festnahmen-bei-Mai-Demonstration-in-Paris.jpg\",\"width\":460,\"height\":259},{\"@type\":\"BreadcrumbList\",\"@id\":\"https:\/\/now-news.de\/de\/deutschland\/ausschreitungen-und-festnahmen-bei-mai-demonstration-in-paris\/#breadcrumb\",\"itemListElement\":[{\"@type\":\"ListItem\",\"position\":1,\"name\":\"Home\",\"item\":\"https:\/\/now-news.de\/de\/\"},{\"@type\":\"ListItem\",\"position\":2,\"name\":\"Ausschreitungen und Festnahmen bei Mai-Demonstration in Paris\"}]},{\"@type\":\"WebSite\",\"@id\":\"https:\/\/now-news.de\/de\/#website\",\"url\":\"https:\/\/now-news.de\/de\/\",\"name\":\"just-now.NEWS Deutschland\",\"description\":\"Das Portal f\u00fcr unzensierte Nachrichten aus der Welt\",\"publisher\":{\"@id\":\"https:\/\/now-news.de\/de\/#organization\"},\"potentialAction\":[{\"@type\":\"SearchAction\",\"target\":{\"@type\":\"EntryPoint\",\"urlTemplate\":\"https:\/\/now-news.de\/de\/?s={search_term_string}\"},\"query-input\":\"required name=search_term_string\"}],\"inLanguage\":\"de\"},{\"@type\":\"Organization\",\"@id\":\"https:\/\/now-news.de\/de\/#organization\",\"name\":\"Just Now News\",\"url\":\"https:\/\/now-news.de\/de\/\",\"logo\":{\"@type\":\"ImageObject\",\"inLanguage\":\"de\",\"@id\":\"https:\/\/now-news.de\/de\/#\/schema\/logo\/image\/\",\"url\":\"http:\/\/just-now.news\/de\/wp-content\/uploads\/sites\/3\/2022\/04\/logo500x500.jpg\",\"contentUrl\":\"http:\/\/just-now.news\/de\/wp-content\/uploads\/sites\/3\/2022\/04\/logo500x500.jpg\",\"width\":500,\"height\":500,\"caption\":\"Just Now News\"},\"image\":{\"@id\":\"https:\/\/now-news.de\/de\/#\/schema\/logo\/image\/\"},\"sameAs\":[\"https:\/\/www.facebook.com\/wirmachenauf\",\"https:\/\/x.com\/WirMachenAuf_de\"]},{\"@type\":\"Person\",\"@id\":\"https:\/\/now-news.de\/de\/#\/schema\/person\/fb534a4e865501d8b3285208df34a9b5\",\"name\":\"rtnews\",\"image\":{\"@type\":\"ImageObject\",\"inLanguage\":\"de\",\"@id\":\"https:\/\/now-news.de\/de\/#\/schema\/person\/image\/\",\"url\":\"https:\/\/secure.gravatar.com\/avatar\/82aafea7d8127119dd649515f56e2117?s=96&d=mm&r=g\",\"contentUrl\":\"https:\/\/secure.gravatar.com\/avatar\/82aafea7d8127119dd649515f56e2117?s=96&d=mm&r=g\",\"caption\":\"rtnews\"},\"url\":\"https:\/\/now-news.de\/de\/author\/rnews\/\"}]}<\/script>\n<!-- \/ Yoast SEO Premium plugin. -->","yoast_head_json":{"title":"Ausschreitungen und Festnahmen bei Mai-Demonstration in Paris - just-now.NEWS Deutschland","robots":{"index":"index","follow":"follow","max-snippet":"max-snippet:-1","max-image-preview":"max-image-preview:large","max-video-preview":"max-video-preview:-1"},"canonical":"https:\/\/now-news.de\/de\/deutschland\/ausschreitungen-und-festnahmen-bei-mai-demonstration-in-paris\/","og_locale":"de_DE","og_type":"article","og_title":"Ausschreitungen und Festnahmen bei Mai-Demonstration in Paris","og_description":"Bei den traditionellen Mai-Kundgebungen in Frankreich ist es in Paris zu Zusammenst\u00f6\u00dfen zwischen Demonstranten und der Polizei gekommen. Wie der Fernsehsender BFMTV am Sonntag berichtete, wurden Fensterscheiben zertr\u00fcmmert und Gesch\u00e4fte besch\u00e4digt \u2013 darunter Versicherungen, eine McDonald&#8217;s-Filiale und Banken. Vermummte sollen versucht haben, eine Barrikade zu errichten. Die Polizei reagierte mit Tr\u00e4nengas und Wasserwerfern. An den [&hellip;]","og_url":"https:\/\/now-news.de\/de\/deutschland\/ausschreitungen-und-festnahmen-bei-mai-demonstration-in-paris\/","og_site_name":"just-now.NEWS Deutschland","article_publisher":"https:\/\/www.facebook.com\/wirmachenauf","article_published_time":"2022-05-02T08:53:44+00:00","og_image":[{"width":460,"height":259,"url":"https:\/\/now-news.de\/de\/wp-content\/uploads\/sites\/3\/2022\/05\/Ausschreitungen-und-Festnahmen-bei-Mai-Demonstration-in-Paris.jpg","type":"image\/jpeg"}],"author":"rtnews","twitter_card":"summary_large_image","twitter_creator":"@WirMachenAuf_de","twitter_site":"@WirMachenAuf_de","twitter_misc":{"Verfasst von":"rtnews","Gesch\u00e4tzte Lesezeit":"2\u00a0Minuten"},"schema":{"@context":"https:\/\/schema.org","@graph":[{"@type":"Article","@id":"https:\/\/now-news.de\/de\/deutschland\/ausschreitungen-und-festnahmen-bei-mai-demonstration-in-paris\/#article","isPartOf":{"@id":"https:\/\/now-news.de\/de\/deutschland\/ausschreitungen-und-festnahmen-bei-mai-demonstration-in-paris\/"},"author":{"name":"rtnews","@id":"https:\/\/now-news.de\/de\/#\/schema\/person\/fb534a4e865501d8b3285208df34a9b5"},"headline":"Ausschreitungen und Festnahmen bei Mai-Demonstration in Paris","datePublished":"2022-05-02T08:53:44+00:00","dateModified":"2022-05-02T08:53:44+00:00","mainEntityOfPage":{"@id":"https:\/\/now-news.de\/de\/deutschland\/ausschreitungen-und-festnahmen-bei-mai-demonstration-in-paris\/"},"wordCount":506,"commentCount":0,"publisher":{"@id":"https:\/\/now-news.de\/de\/#organization"},"image":{"@id":"https:\/\/now-news.de\/de\/deutschland\/ausschreitungen-und-festnahmen-bei-mai-demonstration-in-paris\/#primaryimage"},"thumbnailUrl":"https:\/\/now-news.de\/de\/wp-content\/uploads\/sites\/3\/2022\/05\/Ausschreitungen-und-Festnahmen-bei-Mai-Demonstration-in-Paris.jpg","keywords":["Ausschreitungen","bei","Festnahmen","MaiDemonstration","Paris","und"],"articleSection":["Deutschland","Russland"],"inLanguage":"de","potentialAction":[{"@type":"CommentAction","name":"Comment","target":["https:\/\/now-news.de\/de\/deutschland\/ausschreitungen-und-festnahmen-bei-mai-demonstration-in-paris\/#respond"]}]},{"@type":"WebPage","@id":"https:\/\/now-news.de\/de\/deutschland\/ausschreitungen-und-festnahmen-bei-mai-demonstration-in-paris\/","url":"https:\/\/now-news.de\/de\/deutschland\/ausschreitungen-und-festnahmen-bei-mai-demonstration-in-paris\/","name":"Ausschreitungen und Festnahmen bei Mai-Demonstration in Paris - just-now.NEWS Deutschland","isPartOf":{"@id":"https:\/\/now-news.de\/de\/#website"},"primaryImageOfPage":{"@id":"https:\/\/now-news.de\/de\/deutschland\/ausschreitungen-und-festnahmen-bei-mai-demonstration-in-paris\/#primaryimage"},"image":{"@id":"https:\/\/now-news.de\/de\/deutschland\/ausschreitungen-und-festnahmen-bei-mai-demonstration-in-paris\/#primaryimage"},"thumbnailUrl":"https:\/\/now-news.de\/de\/wp-content\/uploads\/sites\/3\/2022\/05\/Ausschreitungen-und-Festnahmen-bei-Mai-Demonstration-in-Paris.jpg","datePublished":"2022-05-02T08:53:44+00:00","dateModified":"2022-05-02T08:53:44+00:00","breadcrumb":{"@id":"https:\/\/now-news.de\/de\/deutschland\/ausschreitungen-und-festnahmen-bei-mai-demonstration-in-paris\/#breadcrumb"},"inLanguage":"de","potentialAction":[{"@type":"ReadAction","target":["https:\/\/now-news.de\/de\/deutschland\/ausschreitungen-und-festnahmen-bei-mai-demonstration-in-paris\/"]}]},{"@type":"ImageObject","inLanguage":"de","@id":"https:\/\/now-news.de\/de\/deutschland\/ausschreitungen-und-festnahmen-bei-mai-demonstration-in-paris\/#primaryimage","url":"https:\/\/now-news.de\/de\/wp-content\/uploads\/sites\/3\/2022\/05\/Ausschreitungen-und-Festnahmen-bei-Mai-Demonstration-in-Paris.jpg","contentUrl":"https:\/\/now-news.de\/de\/wp-content\/uploads\/sites\/3\/2022\/05\/Ausschreitungen-und-Festnahmen-bei-Mai-Demonstration-in-Paris.jpg","width":460,"height":259},{"@type":"BreadcrumbList","@id":"https:\/\/now-news.de\/de\/deutschland\/ausschreitungen-und-festnahmen-bei-mai-demonstration-in-paris\/#breadcrumb","itemListElement":[{"@type":"ListItem","position":1,"name":"Home","item":"https:\/\/now-news.de\/de\/"},{"@type":"ListItem","position":2,"name":"Ausschreitungen und Festnahmen bei Mai-Demonstration in Paris"}]},{"@type":"WebSite","@id":"https:\/\/now-news.de\/de\/#website","url":"https:\/\/now-news.de\/de\/","name":"just-now.NEWS Deutschland","description":"Das Portal f\u00fcr unzensierte Nachrichten aus der Welt","publisher":{"@id":"https:\/\/now-news.de\/de\/#organization"},"potentialAction":[{"@type":"SearchAction","target":{"@type":"EntryPoint","urlTemplate":"https:\/\/now-news.de\/de\/?s={search_term_string}"},"query-input":"required name=search_term_string"}],"inLanguage":"de"},{"@type":"Organization","@id":"https:\/\/now-news.de\/de\/#organization","name":"Just Now News","url":"https:\/\/now-news.de\/de\/","logo":{"@type":"ImageObject","inLanguage":"de","@id":"https:\/\/now-news.de\/de\/#\/schema\/logo\/image\/","url":"http:\/\/just-now.news\/de\/wp-content\/uploads\/sites\/3\/2022\/04\/logo500x500.jpg","contentUrl":"http:\/\/just-now.news\/de\/wp-content\/uploads\/sites\/3\/2022\/04\/logo500x500.jpg","width":500,"height":500,"caption":"Just Now News"},"image":{"@id":"https:\/\/now-news.de\/de\/#\/schema\/logo\/image\/"},"sameAs":["https:\/\/www.facebook.com\/wirmachenauf","https:\/\/x.com\/WirMachenAuf_de"]},{"@type":"Person","@id":"https:\/\/now-news.de\/de\/#\/schema\/person\/fb534a4e865501d8b3285208df34a9b5","name":"rtnews","image":{"@type":"ImageObject","inLanguage":"de","@id":"https:\/\/now-news.de\/de\/#\/schema\/person\/image\/","url":"https:\/\/secure.gravatar.com\/avatar\/82aafea7d8127119dd649515f56e2117?s=96&d=mm&r=g","contentUrl":"https:\/\/secure.gravatar.com\/avatar\/82aafea7d8127119dd649515f56e2117?s=96&d=mm&r=g","caption":"rtnews"},"url":"https:\/\/now-news.de\/de\/author\/rnews\/"}]}},"_links":{"self":[{"href":"https:\/\/now-news.de\/de\/wp-json\/wp\/v2\/posts\/5962"}],"collection":[{"href":"https:\/\/now-news.de\/de\/wp-json\/wp\/v2\/posts"}],"about":[{"href":"https:\/\/now-news.de\/de\/wp-json\/wp\/v2\/types\/post"}],"author":[{"embeddable":true,"href":"https:\/\/now-news.de\/de\/wp-json\/wp\/v2\/users\/3"}],"replies":[{"embeddable":true,"href":"https:\/\/now-news.de\/de\/wp-json\/wp\/v2\/comments?post=5962"}],"version-history":[{"count":0,"href":"https:\/\/now-news.de\/de\/wp-json\/wp\/v2\/posts\/5962\/revisions"}],"wp:featuredmedia":[{"embeddable":true,"href":"https:\/\/now-news.de\/de\/wp-json\/wp\/v2\/media\/5963"}],"wp:attachment":[{"href":"https:\/\/now-news.de\/de\/wp-json\/wp\/v2\/media?parent=5962"}],"wp:term":[{"taxonomy":"category","embeddable":true,"href":"https:\/\/now-news.de\/de\/wp-json\/wp\/v2\/categories?post=5962"},{"taxonomy":"post_tag","embeddable":true,"href":"https:\/\/now-news.de\/de\/wp-json\/wp\/v2\/tags?post=5962"}],"curies":[{"name":"wp","href":"https:\/\/api.w.org\/{rel}","templated":true}]}}