{"id":59573,"date":"2024-06-05T19:32:30","date_gmt":"2024-06-05T17:32:30","guid":{"rendered":"https:\/\/now-news.de\/de\/deutschland\/landgericht-verurteilt-videoblogger-tim-kellner-wegen-beleidigung-von-politikerinnen\/"},"modified":"2024-06-05T19:32:30","modified_gmt":"2024-06-05T17:32:30","slug":"landgericht-verurteilt-videoblogger-tim-kellner-wegen-beleidigung-von-politikerinnen","status":"publish","type":"post","link":"https:\/\/now-news.de\/de\/deutschland\/landgericht-verurteilt-videoblogger-tim-kellner-wegen-beleidigung-von-politikerinnen\/","title":{"rendered":"Landgericht verurteilt Videoblogger Tim Kellner wegen Beleidigung von Politikerinnen"},"content":{"rendered":"<p><img decoding=\"async\" src=\"https:\/\/now-news.de\/de\/wp-content\/uploads\/sites\/3\/2024\/06\/6660963d48fbef54b1419c8b.jpg\" \/><\/p>\n<div class=\"Text-root Text-type_1 \">\n                Es war schon die zweite Instanz in diesem Verfahren, und der Biker und Videoblogger Tim Kellner wurde wie ein h\u00f6chst gef\u00e4hrlicher Mann behandelt, glaubt man seinem Bericht von der Verhandlung in Detmold. Dabei ging es wieder einmal nur um beleidigte Politikerinnen.\n            <\/div>\n<p><\/p>\n<div class=\"Text-root Text-type_5 ArticleView-text ViewText-root \">\n<p>Das Landgericht Detmold hat heute in einer Berufungsverhandlung das Urteil gegen den Videoblogger Tim Kellner best\u00e4tigt. Im Oktober war er vom dortigen Amtsgericht zu einer Geldstrafe von 11.000 Euro verurteilt worden, weil er drei Politikerinnen beleidigt habe.<\/p>\n<p>Kellner, ehemaliger Soldat und Polizist, ist Chef eines Motorradclubs. Mit seiner Wohnsitzgemeinde liegt er im Clinch, weil sie ihm verwehrt hat, eine Scheune als Treffpunkt f\u00fcr seinen Club zu nutzen. Au\u00dferdem dreht er Videos, in denen er in oft sehr scharfer Sprache die Politik wie die Politiker der Ampelregierung attackiert.<\/p>\n<p>Vor dem Gericht demonstrierten sowohl Unterst\u00fctzer als auch Gegner Kellners. Der Prozess in Detmold fand nach seinen <a rel=\"nofollow noopener\" target=\"_blank\" href=\"https:\/\/www.youtube.com\/watch?v=cNUm_zRjIsg\">Aussagen<\/a> unter extremen Bedingungen statt; das gesamte Gerichtsgeb\u00e4ude war abgesperrt, Zutritt war nur durch Sicherheitsschleusen m\u00f6glich, nur die Prozessbeteiligten durften elektronische Ger\u00e4te mitf\u00fchren. Der ganze Aufwand wegen einiger Aussagen in Videos, die aber seit der Gesetzes\u00e4nderung im April 2021 kaum mehr von der Meinungsfreiheit gesch\u00fctzt sind, da die Beleidigung von Politikern inzwischen ein Offizialdelikt ist. Allerdings hie\u00df eines der &#8220;Opfer&#8221; Kellners Annalena Baerbock, und die Au\u00dfenministerin ist wie R\u00fcstungslobbyistin Marie-Agnes Strack-Zimmermann daf\u00fcr bekannt, die M\u00f6glichkeit von Anzeigen exzessiv zu nutzen.<\/p>\n<p>Baerbock hatte Kellner &#8220;nigerianische Schei\u00dfhausspezialistin&#8221; genannt; Innenministerin Nancy Faeser eine &#8220;Aufgedunsene Dampfnudel&#8221; und die Gr\u00fcnen-Abgeordnete Emilia Fester als &#8220;kleine verlogene G\u00f6re&#8221;. Beim ersten Prozess war er in Rosa gekleidet aufgetreten. Eine Andeutung, dass die \u00c4u\u00dferungen Kellners durchaus einen satirischen Charakter haben und damit wom\u00f6glich nicht nur die Meinungs-, sondern sogar die Kunstfreiheit beanspruchen d\u00fcrften.<\/p>\n<p>Die Schweizer <em>Weltwoche<\/em>\u00a0<a rel=\"nofollow noopener\" target=\"_blank\" href=\"https:\/\/weltwoche.ch\/daily\/verstaendnis-fuer-die-eigene-duennhaeutigkeit-einerseits-spielen-linksgruene-politiker-wie-baerbock-faeser-und-co-die-attacken-auf-afd-politiker-herunter-andererseits-ueberziehen-sie-die-gerichte\/\">kritisierte<\/a> dementsprechend schon das Urteil im Oktober unter Verweis auf Formulierungen des ZDF-Satirikers Jan B\u00f6hmermann, der beispielsweise Alice Schwarzer ungestraft einen &#8220;Schei\u00dfhaufen&#8221; nannte. Seine Kollegin Sarah Bosetti hatte bisher auch keine Konsequenzen zu tragen, weil sie Ungeimpfte mit Blindd\u00e4rmen verglich, die man aus dem Gesellschaftsk\u00f6rper entfernen sollte.<\/p>\n<p>Kellner hat bereits angek\u00fcndigt, gegen das Urteil in Revision zu gehen. Er erwartet, dass h\u00f6here Instanzen weniger direktem politischen Einfluss ausgesetzt sind.<\/p>\n<p><strong>Mehr zum Thema<\/strong> \u2013 <a rel=\"nofollow noopener\" target=\"_blank\" href=\"https:\/\/freedert.online\/gesellschaft\/video\/182703-trotz-regenbogenbinde-satiriker-tim-kellner-wegen-beleidigung-chebli-faeser-verurteilt\/\">Trotz Regenbogenbinde: Satiriker Tim Kellner wegen Beleidigung von Chebli und Faeser verurteilt <\/a><\/p>\n<\/p>\n<\/div>\n<p><br \/>\n<br \/><a href=\"https:\/\/de.rt.com\/inland\/208298-landgericht-verurteilt-videoblogger-wegen-beleidigung\/\">Source link <\/a><\/p>\n","protected":false},"excerpt":{"rendered":"<p>Es war schon die zweite Instanz in diesem Verfahren, und der Biker und Videoblogger Tim Kellner wurde wie ein h\u00f6chst gef\u00e4hrlicher Mann behandelt, glaubt man seinem Bericht von der Verhandlung in Detmold. Dabei ging es wieder einmal nur um beleidigte Politikerinnen. Das Landgericht Detmold hat heute in einer Berufungsverhandlung das Urteil gegen den Videoblogger Tim [&hellip;]<\/p>\n","protected":false},"author":3,"featured_media":59574,"comment_status":"open","ping_status":"open","sticky":false,"template":"","format":"standard","meta":{"_yoast_indexnow_last_ping":["1717609649"],"wp_automatic_camp":["217"],"4deb926775e4989586d9b12c1fd2c1c3":["Landgericht verurteilt Videoblogger Tim Kellner wegen Beleidigung von Politikerinnen"],"original_link":["https:\/\/de.rt.com\/inland\/208298-landgericht-verurteilt-videoblogger-wegen-beleidigung\/"],"_thumbnail_id":["59574"],"jnews_social_counter_last_update":["1777246001"],"_wptgpro_p2tg_sent2tg":["a:1:{i:23737;s:19:\"2024-06-05 19:48:31\";}"]},"categories":[19,23],"tags":[20390,49480,33226,55543,3588,2006,55542,50,145],"yoast_head":"<!-- This site is optimized with the Yoast SEO Premium plugin v22.7 (Yoast SEO v22.7) - https:\/\/yoast.com\/wordpress\/plugins\/seo\/ -->\n<title>Landgericht verurteilt Videoblogger Tim Kellner wegen Beleidigung von Politikerinnen - just-now.NEWS Deutschland<\/title>\n<meta name=\"robots\" content=\"index, follow, max-snippet:-1, max-image-preview:large, max-video-preview:-1\" \/>\n<link rel=\"canonical\" href=\"https:\/\/now-news.de\/de\/deutschland\/landgericht-verurteilt-videoblogger-tim-kellner-wegen-beleidigung-von-politikerinnen\/\" \/>\n<meta property=\"og:locale\" content=\"de_DE\" \/>\n<meta property=\"og:type\" content=\"article\" \/>\n<meta property=\"og:title\" content=\"Landgericht verurteilt Videoblogger Tim Kellner wegen Beleidigung von Politikerinnen\" \/>\n<meta property=\"og:description\" content=\"Es war schon die zweite Instanz in diesem Verfahren, und der Biker und Videoblogger Tim Kellner wurde wie ein h\u00f6chst gef\u00e4hrlicher Mann behandelt, glaubt man seinem Bericht von der Verhandlung in Detmold. Dabei ging es wieder einmal nur um beleidigte Politikerinnen. Das Landgericht Detmold hat heute in einer Berufungsverhandlung das Urteil gegen den Videoblogger Tim [&hellip;]\" \/>\n<meta property=\"og:url\" content=\"https:\/\/now-news.de\/de\/deutschland\/landgericht-verurteilt-videoblogger-tim-kellner-wegen-beleidigung-von-politikerinnen\/\" \/>\n<meta property=\"og:site_name\" content=\"just-now.NEWS Deutschland\" \/>\n<meta property=\"article:publisher\" content=\"https:\/\/www.facebook.com\/wirmachenauf\" \/>\n<meta property=\"article:published_time\" content=\"2024-06-05T17:32:30+00:00\" \/>\n<meta property=\"og:image\" content=\"https:\/\/now-news.de\/de\/wp-content\/uploads\/sites\/3\/2024\/06\/6660963d48fbef54b1419c8b.jpg\" \/>\n<meta name=\"author\" content=\"rtnews\" \/>\n<meta name=\"twitter:card\" content=\"summary_large_image\" \/>\n<meta name=\"twitter:creator\" content=\"@WirMachenAuf_de\" \/>\n<meta name=\"twitter:site\" content=\"@WirMachenAuf_de\" \/>\n<meta name=\"twitter:label1\" content=\"Verfasst von\" \/>\n\t<meta name=\"twitter:data1\" content=\"rtnews\" \/>\n\t<meta name=\"twitter:label2\" content=\"Gesch\u00e4tzte Lesezeit\" \/>\n\t<meta name=\"twitter:data2\" content=\"2\u00a0Minuten\" \/>\n<script type=\"application\/ld+json\" class=\"yoast-schema-graph\">{\"@context\":\"https:\/\/schema.org\",\"@graph\":[{\"@type\":\"Article\",\"@id\":\"https:\/\/now-news.de\/de\/deutschland\/landgericht-verurteilt-videoblogger-tim-kellner-wegen-beleidigung-von-politikerinnen\/#article\",\"isPartOf\":{\"@id\":\"https:\/\/now-news.de\/de\/deutschland\/landgericht-verurteilt-videoblogger-tim-kellner-wegen-beleidigung-von-politikerinnen\/\"},\"author\":{\"name\":\"rtnews\",\"@id\":\"https:\/\/now-news.de\/de\/#\/schema\/person\/fb534a4e865501d8b3285208df34a9b5\"},\"headline\":\"Landgericht verurteilt Videoblogger Tim Kellner wegen Beleidigung von Politikerinnen\",\"datePublished\":\"2024-06-05T17:32:30+00:00\",\"dateModified\":\"2024-06-05T17:32:30+00:00\",\"mainEntityOfPage\":{\"@id\":\"https:\/\/now-news.de\/de\/deutschland\/landgericht-verurteilt-videoblogger-tim-kellner-wegen-beleidigung-von-politikerinnen\/\"},\"wordCount\":404,\"commentCount\":0,\"publisher\":{\"@id\":\"https:\/\/now-news.de\/de\/#organization\"},\"image\":{\"@id\":\"https:\/\/now-news.de\/de\/deutschland\/landgericht-verurteilt-videoblogger-tim-kellner-wegen-beleidigung-von-politikerinnen\/#primaryimage\"},\"thumbnailUrl\":\"https:\/\/now-news.de\/de\/wp-content\/uploads\/sites\/3\/2024\/06\/Landgericht-verurteilt-Videoblogger-Tim-Kellner-wegen-Beleidigung-von-Politikerinnen.jpg\",\"keywords\":[\"Beleidigung\",\"Kellner\",\"Landgericht\",\"Politikerinnen\",\"Tim\",\"verurteilt\",\"Videoblogger\",\"von\",\"wegen\"],\"articleSection\":[\"Deutschland\",\"Russland\"],\"inLanguage\":\"de\",\"potentialAction\":[{\"@type\":\"CommentAction\",\"name\":\"Comment\",\"target\":[\"https:\/\/now-news.de\/de\/deutschland\/landgericht-verurteilt-videoblogger-tim-kellner-wegen-beleidigung-von-politikerinnen\/#respond\"]}]},{\"@type\":\"WebPage\",\"@id\":\"https:\/\/now-news.de\/de\/deutschland\/landgericht-verurteilt-videoblogger-tim-kellner-wegen-beleidigung-von-politikerinnen\/\",\"url\":\"https:\/\/now-news.de\/de\/deutschland\/landgericht-verurteilt-videoblogger-tim-kellner-wegen-beleidigung-von-politikerinnen\/\",\"name\":\"Landgericht verurteilt Videoblogger Tim Kellner wegen Beleidigung von Politikerinnen - just-now.NEWS Deutschland\",\"isPartOf\":{\"@id\":\"https:\/\/now-news.de\/de\/#website\"},\"primaryImageOfPage\":{\"@id\":\"https:\/\/now-news.de\/de\/deutschland\/landgericht-verurteilt-videoblogger-tim-kellner-wegen-beleidigung-von-politikerinnen\/#primaryimage\"},\"image\":{\"@id\":\"https:\/\/now-news.de\/de\/deutschland\/landgericht-verurteilt-videoblogger-tim-kellner-wegen-beleidigung-von-politikerinnen\/#primaryimage\"},\"thumbnailUrl\":\"https:\/\/now-news.de\/de\/wp-content\/uploads\/sites\/3\/2024\/06\/Landgericht-verurteilt-Videoblogger-Tim-Kellner-wegen-Beleidigung-von-Politikerinnen.jpg\",\"datePublished\":\"2024-06-05T17:32:30+00:00\",\"dateModified\":\"2024-06-05T17:32:30+00:00\",\"breadcrumb\":{\"@id\":\"https:\/\/now-news.de\/de\/deutschland\/landgericht-verurteilt-videoblogger-tim-kellner-wegen-beleidigung-von-politikerinnen\/#breadcrumb\"},\"inLanguage\":\"de\",\"potentialAction\":[{\"@type\":\"ReadAction\",\"target\":[\"https:\/\/now-news.de\/de\/deutschland\/landgericht-verurteilt-videoblogger-tim-kellner-wegen-beleidigung-von-politikerinnen\/\"]}]},{\"@type\":\"ImageObject\",\"inLanguage\":\"de\",\"@id\":\"https:\/\/now-news.de\/de\/deutschland\/landgericht-verurteilt-videoblogger-tim-kellner-wegen-beleidigung-von-politikerinnen\/#primaryimage\",\"url\":\"https:\/\/now-news.de\/de\/wp-content\/uploads\/sites\/3\/2024\/06\/Landgericht-verurteilt-Videoblogger-Tim-Kellner-wegen-Beleidigung-von-Politikerinnen.jpg\",\"contentUrl\":\"https:\/\/now-news.de\/de\/wp-content\/uploads\/sites\/3\/2024\/06\/Landgericht-verurteilt-Videoblogger-Tim-Kellner-wegen-Beleidigung-von-Politikerinnen.jpg\",\"width\":460,\"height\":259,\"caption\":\"Landgericht verurteilt Videoblogger Tim Kellner wegen Beleidigung von Politikerinnen\"},{\"@type\":\"BreadcrumbList\",\"@id\":\"https:\/\/now-news.de\/de\/deutschland\/landgericht-verurteilt-videoblogger-tim-kellner-wegen-beleidigung-von-politikerinnen\/#breadcrumb\",\"itemListElement\":[{\"@type\":\"ListItem\",\"position\":1,\"name\":\"Home\",\"item\":\"https:\/\/now-news.de\/de\/\"},{\"@type\":\"ListItem\",\"position\":2,\"name\":\"Landgericht verurteilt Videoblogger Tim Kellner wegen Beleidigung von Politikerinnen\"}]},{\"@type\":\"WebSite\",\"@id\":\"https:\/\/now-news.de\/de\/#website\",\"url\":\"https:\/\/now-news.de\/de\/\",\"name\":\"just-now.NEWS Deutschland\",\"description\":\"Das Portal f\u00fcr unzensierte Nachrichten aus der Welt\",\"publisher\":{\"@id\":\"https:\/\/now-news.de\/de\/#organization\"},\"potentialAction\":[{\"@type\":\"SearchAction\",\"target\":{\"@type\":\"EntryPoint\",\"urlTemplate\":\"https:\/\/now-news.de\/de\/?s={search_term_string}\"},\"query-input\":\"required name=search_term_string\"}],\"inLanguage\":\"de\"},{\"@type\":\"Organization\",\"@id\":\"https:\/\/now-news.de\/de\/#organization\",\"name\":\"Just Now News\",\"url\":\"https:\/\/now-news.de\/de\/\",\"logo\":{\"@type\":\"ImageObject\",\"inLanguage\":\"de\",\"@id\":\"https:\/\/now-news.de\/de\/#\/schema\/logo\/image\/\",\"url\":\"http:\/\/just-now.news\/de\/wp-content\/uploads\/sites\/3\/2022\/04\/logo500x500.jpg\",\"contentUrl\":\"http:\/\/just-now.news\/de\/wp-content\/uploads\/sites\/3\/2022\/04\/logo500x500.jpg\",\"width\":500,\"height\":500,\"caption\":\"Just Now News\"},\"image\":{\"@id\":\"https:\/\/now-news.de\/de\/#\/schema\/logo\/image\/\"},\"sameAs\":[\"https:\/\/www.facebook.com\/wirmachenauf\",\"https:\/\/x.com\/WirMachenAuf_de\"]},{\"@type\":\"Person\",\"@id\":\"https:\/\/now-news.de\/de\/#\/schema\/person\/fb534a4e865501d8b3285208df34a9b5\",\"name\":\"rtnews\",\"image\":{\"@type\":\"ImageObject\",\"inLanguage\":\"de\",\"@id\":\"https:\/\/now-news.de\/de\/#\/schema\/person\/image\/\",\"url\":\"https:\/\/secure.gravatar.com\/avatar\/82aafea7d8127119dd649515f56e2117?s=96&d=mm&r=g\",\"contentUrl\":\"https:\/\/secure.gravatar.com\/avatar\/82aafea7d8127119dd649515f56e2117?s=96&d=mm&r=g\",\"caption\":\"rtnews\"},\"url\":\"https:\/\/now-news.de\/de\/author\/rnews\/\"}]}<\/script>\n<!-- \/ Yoast SEO Premium plugin. -->","yoast_head_json":{"title":"Landgericht verurteilt Videoblogger Tim Kellner wegen Beleidigung von Politikerinnen - just-now.NEWS Deutschland","robots":{"index":"index","follow":"follow","max-snippet":"max-snippet:-1","max-image-preview":"max-image-preview:large","max-video-preview":"max-video-preview:-1"},"canonical":"https:\/\/now-news.de\/de\/deutschland\/landgericht-verurteilt-videoblogger-tim-kellner-wegen-beleidigung-von-politikerinnen\/","og_locale":"de_DE","og_type":"article","og_title":"Landgericht verurteilt Videoblogger Tim Kellner wegen Beleidigung von Politikerinnen","og_description":"Es war schon die zweite Instanz in diesem Verfahren, und der Biker und Videoblogger Tim Kellner wurde wie ein h\u00f6chst gef\u00e4hrlicher Mann behandelt, glaubt man seinem Bericht von der Verhandlung in Detmold. Dabei ging es wieder einmal nur um beleidigte Politikerinnen. Das Landgericht Detmold hat heute in einer Berufungsverhandlung das Urteil gegen den Videoblogger Tim [&hellip;]","og_url":"https:\/\/now-news.de\/de\/deutschland\/landgericht-verurteilt-videoblogger-tim-kellner-wegen-beleidigung-von-politikerinnen\/","og_site_name":"just-now.NEWS Deutschland","article_publisher":"https:\/\/www.facebook.com\/wirmachenauf","article_published_time":"2024-06-05T17:32:30+00:00","og_image":[{"url":"https:\/\/now-news.de\/de\/wp-content\/uploads\/sites\/3\/2024\/06\/6660963d48fbef54b1419c8b.jpg"}],"author":"rtnews","twitter_card":"summary_large_image","twitter_creator":"@WirMachenAuf_de","twitter_site":"@WirMachenAuf_de","twitter_misc":{"Verfasst von":"rtnews","Gesch\u00e4tzte Lesezeit":"2\u00a0Minuten"},"schema":{"@context":"https:\/\/schema.org","@graph":[{"@type":"Article","@id":"https:\/\/now-news.de\/de\/deutschland\/landgericht-verurteilt-videoblogger-tim-kellner-wegen-beleidigung-von-politikerinnen\/#article","isPartOf":{"@id":"https:\/\/now-news.de\/de\/deutschland\/landgericht-verurteilt-videoblogger-tim-kellner-wegen-beleidigung-von-politikerinnen\/"},"author":{"name":"rtnews","@id":"https:\/\/now-news.de\/de\/#\/schema\/person\/fb534a4e865501d8b3285208df34a9b5"},"headline":"Landgericht verurteilt Videoblogger Tim Kellner wegen Beleidigung von Politikerinnen","datePublished":"2024-06-05T17:32:30+00:00","dateModified":"2024-06-05T17:32:30+00:00","mainEntityOfPage":{"@id":"https:\/\/now-news.de\/de\/deutschland\/landgericht-verurteilt-videoblogger-tim-kellner-wegen-beleidigung-von-politikerinnen\/"},"wordCount":404,"commentCount":0,"publisher":{"@id":"https:\/\/now-news.de\/de\/#organization"},"image":{"@id":"https:\/\/now-news.de\/de\/deutschland\/landgericht-verurteilt-videoblogger-tim-kellner-wegen-beleidigung-von-politikerinnen\/#primaryimage"},"thumbnailUrl":"https:\/\/now-news.de\/de\/wp-content\/uploads\/sites\/3\/2024\/06\/Landgericht-verurteilt-Videoblogger-Tim-Kellner-wegen-Beleidigung-von-Politikerinnen.jpg","keywords":["Beleidigung","Kellner","Landgericht","Politikerinnen","Tim","verurteilt","Videoblogger","von","wegen"],"articleSection":["Deutschland","Russland"],"inLanguage":"de","potentialAction":[{"@type":"CommentAction","name":"Comment","target":["https:\/\/now-news.de\/de\/deutschland\/landgericht-verurteilt-videoblogger-tim-kellner-wegen-beleidigung-von-politikerinnen\/#respond"]}]},{"@type":"WebPage","@id":"https:\/\/now-news.de\/de\/deutschland\/landgericht-verurteilt-videoblogger-tim-kellner-wegen-beleidigung-von-politikerinnen\/","url":"https:\/\/now-news.de\/de\/deutschland\/landgericht-verurteilt-videoblogger-tim-kellner-wegen-beleidigung-von-politikerinnen\/","name":"Landgericht verurteilt Videoblogger Tim Kellner wegen Beleidigung von Politikerinnen - just-now.NEWS Deutschland","isPartOf":{"@id":"https:\/\/now-news.de\/de\/#website"},"primaryImageOfPage":{"@id":"https:\/\/now-news.de\/de\/deutschland\/landgericht-verurteilt-videoblogger-tim-kellner-wegen-beleidigung-von-politikerinnen\/#primaryimage"},"image":{"@id":"https:\/\/now-news.de\/de\/deutschland\/landgericht-verurteilt-videoblogger-tim-kellner-wegen-beleidigung-von-politikerinnen\/#primaryimage"},"thumbnailUrl":"https:\/\/now-news.de\/de\/wp-content\/uploads\/sites\/3\/2024\/06\/Landgericht-verurteilt-Videoblogger-Tim-Kellner-wegen-Beleidigung-von-Politikerinnen.jpg","datePublished":"2024-06-05T17:32:30+00:00","dateModified":"2024-06-05T17:32:30+00:00","breadcrumb":{"@id":"https:\/\/now-news.de\/de\/deutschland\/landgericht-verurteilt-videoblogger-tim-kellner-wegen-beleidigung-von-politikerinnen\/#breadcrumb"},"inLanguage":"de","potentialAction":[{"@type":"ReadAction","target":["https:\/\/now-news.de\/de\/deutschland\/landgericht-verurteilt-videoblogger-tim-kellner-wegen-beleidigung-von-politikerinnen\/"]}]},{"@type":"ImageObject","inLanguage":"de","@id":"https:\/\/now-news.de\/de\/deutschland\/landgericht-verurteilt-videoblogger-tim-kellner-wegen-beleidigung-von-politikerinnen\/#primaryimage","url":"https:\/\/now-news.de\/de\/wp-content\/uploads\/sites\/3\/2024\/06\/Landgericht-verurteilt-Videoblogger-Tim-Kellner-wegen-Beleidigung-von-Politikerinnen.jpg","contentUrl":"https:\/\/now-news.de\/de\/wp-content\/uploads\/sites\/3\/2024\/06\/Landgericht-verurteilt-Videoblogger-Tim-Kellner-wegen-Beleidigung-von-Politikerinnen.jpg","width":460,"height":259,"caption":"Landgericht verurteilt Videoblogger Tim Kellner wegen Beleidigung von Politikerinnen"},{"@type":"BreadcrumbList","@id":"https:\/\/now-news.de\/de\/deutschland\/landgericht-verurteilt-videoblogger-tim-kellner-wegen-beleidigung-von-politikerinnen\/#breadcrumb","itemListElement":[{"@type":"ListItem","position":1,"name":"Home","item":"https:\/\/now-news.de\/de\/"},{"@type":"ListItem","position":2,"name":"Landgericht verurteilt Videoblogger Tim Kellner wegen Beleidigung von Politikerinnen"}]},{"@type":"WebSite","@id":"https:\/\/now-news.de\/de\/#website","url":"https:\/\/now-news.de\/de\/","name":"just-now.NEWS Deutschland","description":"Das Portal f\u00fcr unzensierte Nachrichten aus der Welt","publisher":{"@id":"https:\/\/now-news.de\/de\/#organization"},"potentialAction":[{"@type":"SearchAction","target":{"@type":"EntryPoint","urlTemplate":"https:\/\/now-news.de\/de\/?s={search_term_string}"},"query-input":"required name=search_term_string"}],"inLanguage":"de"},{"@type":"Organization","@id":"https:\/\/now-news.de\/de\/#organization","name":"Just Now News","url":"https:\/\/now-news.de\/de\/","logo":{"@type":"ImageObject","inLanguage":"de","@id":"https:\/\/now-news.de\/de\/#\/schema\/logo\/image\/","url":"http:\/\/just-now.news\/de\/wp-content\/uploads\/sites\/3\/2022\/04\/logo500x500.jpg","contentUrl":"http:\/\/just-now.news\/de\/wp-content\/uploads\/sites\/3\/2022\/04\/logo500x500.jpg","width":500,"height":500,"caption":"Just Now News"},"image":{"@id":"https:\/\/now-news.de\/de\/#\/schema\/logo\/image\/"},"sameAs":["https:\/\/www.facebook.com\/wirmachenauf","https:\/\/x.com\/WirMachenAuf_de"]},{"@type":"Person","@id":"https:\/\/now-news.de\/de\/#\/schema\/person\/fb534a4e865501d8b3285208df34a9b5","name":"rtnews","image":{"@type":"ImageObject","inLanguage":"de","@id":"https:\/\/now-news.de\/de\/#\/schema\/person\/image\/","url":"https:\/\/secure.gravatar.com\/avatar\/82aafea7d8127119dd649515f56e2117?s=96&d=mm&r=g","contentUrl":"https:\/\/secure.gravatar.com\/avatar\/82aafea7d8127119dd649515f56e2117?s=96&d=mm&r=g","caption":"rtnews"},"url":"https:\/\/now-news.de\/de\/author\/rnews\/"}]}},"_links":{"self":[{"href":"https:\/\/now-news.de\/de\/wp-json\/wp\/v2\/posts\/59573"}],"collection":[{"href":"https:\/\/now-news.de\/de\/wp-json\/wp\/v2\/posts"}],"about":[{"href":"https:\/\/now-news.de\/de\/wp-json\/wp\/v2\/types\/post"}],"author":[{"embeddable":true,"href":"https:\/\/now-news.de\/de\/wp-json\/wp\/v2\/users\/3"}],"replies":[{"embeddable":true,"href":"https:\/\/now-news.de\/de\/wp-json\/wp\/v2\/comments?post=59573"}],"version-history":[{"count":0,"href":"https:\/\/now-news.de\/de\/wp-json\/wp\/v2\/posts\/59573\/revisions"}],"wp:featuredmedia":[{"embeddable":true,"href":"https:\/\/now-news.de\/de\/wp-json\/wp\/v2\/media\/59574"}],"wp:attachment":[{"href":"https:\/\/now-news.de\/de\/wp-json\/wp\/v2\/media?parent=59573"}],"wp:term":[{"taxonomy":"category","embeddable":true,"href":"https:\/\/now-news.de\/de\/wp-json\/wp\/v2\/categories?post=59573"},{"taxonomy":"post_tag","embeddable":true,"href":"https:\/\/now-news.de\/de\/wp-json\/wp\/v2\/tags?post=59573"}],"curies":[{"name":"wp","href":"https:\/\/api.w.org\/{rel}","templated":true}]}}