{"id":59530,"date":"2024-06-05T12:38:33","date_gmt":"2024-06-05T10:38:33","guid":{"rendered":"https:\/\/now-news.de\/de\/deutschland\/auch-slowenien-erkennt-palaestina-als-staat-an\/"},"modified":"2024-06-05T12:38:33","modified_gmt":"2024-06-05T10:38:33","slug":"auch-slowenien-erkennt-palaestina-als-staat-an","status":"publish","type":"post","link":"https:\/\/now-news.de\/de\/deutschland\/auch-slowenien-erkennt-palaestina-als-staat-an\/","title":{"rendered":"Auch Slowenien erkennt Pal\u00e4stina als Staat an"},"content":{"rendered":"<p><img decoding=\"async\" src=\"https:\/\/now-news.de\/de\/wp-content\/uploads\/sites\/3\/2024\/06\/6660380ab480cc3bff26a9fe.jpg\" \/><\/p>\n<div class=\"Text-root Text-type_1 \">\n                In einer Abstimmung am Dienstag erkannte das slowenische Parlament Pal\u00e4stina als unabh\u00e4ngigen und souver\u00e4nen Staat an. Die konervative Opposition boykottierte die Abstimmung. Ljubljana ist damit das vierte Land nach Irland, Norwegen und Spanien, das Pal\u00e4stina anerkennt.\n            <\/div>\n<p><\/p>\n<div class=\"Text-root Text-type_5 ArticleView-text ViewText-root \">\n<p>Slowenien hat Pal\u00e4stina als unabh\u00e4ngigen und souver\u00e4nen Staat anerkannt. Das slowenische Parlament billigte gestern mit 52 Stimmen ohne Gegenstimmen die Anerkennung bei einer Sondersitzung. Die konservative Opposition boykottierte die Abstimmung.<\/p>\n<p>Das Geschehen im Parlament wurde von oppositionellen Verz\u00f6gerungsman\u00f6vern begleitet. Erst in der vergangenen Woche hatten Spanien, Irland und Norwegen offiziell einen eigenst\u00e4ndigen pal\u00e4stinensischen Staat anerkannt.<\/p>\n<p>Das Parlament war am Nachmittag zu einer Debatte \u00fcber den Regierungsbeschluss zusammengekommen, Pal\u00e4stina als unabh\u00e4ngigen und souver\u00e4nem Staat anzuerkennen. Nachdem die gr\u00f6\u00dfte Oppositionspartei am Vortag den Antrag f\u00fcr eine Volksbefragung \u00fcber dieses Thema eingereicht hatte, hie\u00df es, dass man dar\u00fcber zwar diskutieren, aber nicht abstimmen werde. Das Votum sollte sich um mindestens einen Monat verschieben.<\/p>\n<p>F\u00fcr die Regierungskoalition sei eine Aufschiebung des Votums keine akzeptable Option, berichtete die slowenische Tageszeitung <em>Delo<\/em>. Die Parteien suchten am Vormittag nach einer L\u00f6sung, die eine Abstimmung bereits am Abend erm\u00f6glichen w\u00fcrde. Urspr\u00fcnglich hie\u00df es, dass das Parlament vor dem Pal\u00e4stina-Votum zuerst \u00fcber den Referendumsantrag entscheiden m\u00fcsse.<\/p>\n<p>Die Anerkennung Pal\u00e4stinas w\u00fchlt mittlerweile den EU-Wahlkampf in Slowenien auf. Die konservative Opposition wirft den Koalitionsparteien vor, das Thema f\u00fcr Wahlzwecke auszun\u00fctzen. Die Koalition kritisiert hingegen, dass sich die rechtskonservative SDS von Israel beeinflussen lasse.<\/p>\n<p>Die Partei des slowenischen Ex-Premiers Janez Jan\u0161a, der als Unterst\u00fctzer des israelischen Ministerpr\u00e4sidenten Benjamin Netanjahu gilt, findet die Anerkennung Pal\u00e4stinas zu diesem Zeitpunkt voreilig und mahnt vor langfristigen Sch\u00e4den f\u00fcr Slowenien. Die SDS kritisiert, dass die Regierung es mit der Anerkennung eilig habe, um dadurch bei der Europawahl zu punkten.<\/p>\n<p>Einige politische Beobachter sind ebenfalls der Meinung, dass die Regierung die Anerkennungsprozedur unter anderem wegen der Europawahl beschleunigt habe, um die eigenen W\u00e4hler zu mobilisieren. Urspr\u00fcnglich plante sie n\u00e4mlich eine Entscheidung sp\u00e4testens bis zum 13. Juni. Es wird nicht ausgeschlossen, dass das Verz\u00f6gerungsman\u00f6ver der SDS liberale und linke W\u00e4hler noch zus\u00e4tzlich motivieren wird.<\/p>\n<p>Die \u00f6ffentliche Meinung in Slowenien ist der Anerkennung Pal\u00e4stinas laut Umfragen allerdings mehrheitlich zugeneigt. Wie der Meinungsforscher Andra\u017e Zorko gegen\u00fcber dem slowenischen Nachrichtenportal <em>Necenzurirano<\/em> betonte, ist Pal\u00e4stina ein wichtiges Thema f\u00fcr das linke politische Lager. &#8220;Was die Migranten f\u00fcr das rechte Lager sind, das ist Pal\u00e4stina f\u00fcr die Linken&#8221;, so Zorko.<\/p>\n<p><strong>Mehr zum Thema<\/strong> \u2013\u00a0<a rel=\"nofollow noopener\" target=\"_blank\" href=\"https:\/\/freeassange.rtde.life\/der-nahe-osten\/207428-erdogan-bezeichnet-netanjahu-als-vampir\/\">Erdo\u011fan: &#8220;Die Welt beobachtet in Echtzeit die Barbarei des Vampirs namens Netanjahu&#8221; <\/a><\/p>\n<div class=\"EmbedBlock-root EmbedBlock-externalVideo EmbedBlock-odysee\">\n<div class=\"VkEmbed\"><iframe class=\"lazyload\" data-src=\"https:\/\/odysee.com\/%24\/embed\/%40RTDE%3Ae%2FUN-Sicherheitsrat-verurteilt-Israels-Kriegsverbrechen-gegen-Pal%C3%A4stina-auch-USA-ersch%C3%BCttert-und-entsetzt%3Aa\" frameborder=\"0\" width=\"853\" height=\"480\" allowfullscreen><\/iframe><\/div>\n<\/div>\n<\/div>\n<p><br \/>\n<br \/><a href=\"https:\/\/de.rt.com\/international\/208216-auch-slowenien-erkennt-palaestina-als-staat-an\/\">Source link <\/a><\/p>\n","protected":false},"excerpt":{"rendered":"<p>In einer Abstimmung am Dienstag erkannte das slowenische Parlament Pal\u00e4stina als unabh\u00e4ngigen und souver\u00e4nen Staat an. Die konervative Opposition boykottierte die Abstimmung. Ljubljana ist damit das vierte Land nach Irland, Norwegen und Spanien, das Pal\u00e4stina anerkennt. Slowenien hat Pal\u00e4stina als unabh\u00e4ngigen und souver\u00e4nen Staat anerkannt. Das slowenische Parlament billigte gestern mit 52 Stimmen ohne Gegenstimmen [&hellip;]<\/p>\n","protected":false},"author":3,"featured_media":59531,"comment_status":"open","ping_status":"open","sticky":false,"template":"","format":"standard","meta":{"_yoast_indexnow_last_ping":["1717584724"],"wp_automatic_camp":["217"],"5a4688b269a3092a766bf43b4a20278f":["Auch Slowenien erkennt Pal\u00e4stina als Staat an"],"original_link":["https:\/\/de.rt.com\/international\/208216-auch-slowenien-erkennt-palaestina-als-staat-an\/"],"_thumbnail_id":["59531"],"_wptgpro_p2tg_sent2tg":["a:1:{i:23737;s:19:\"2024-06-05 12:53:07\";}"],"jnews_social_counter_last_update":["1777154667"]},"categories":[19,23],"tags":[273,1475,19697,38071,49140,177],"yoast_head":"<!-- This site is optimized with the Yoast SEO Premium plugin v22.7 (Yoast SEO v22.7) - https:\/\/yoast.com\/wordpress\/plugins\/seo\/ -->\n<title>Auch Slowenien erkennt Pal\u00e4stina als Staat an - just-now.NEWS Deutschland<\/title>\n<meta name=\"robots\" content=\"index, follow, max-snippet:-1, max-image-preview:large, max-video-preview:-1\" \/>\n<link rel=\"canonical\" href=\"https:\/\/now-news.de\/de\/deutschland\/auch-slowenien-erkennt-palaestina-als-staat-an\/\" \/>\n<meta property=\"og:locale\" content=\"de_DE\" \/>\n<meta property=\"og:type\" content=\"article\" \/>\n<meta property=\"og:title\" content=\"Auch Slowenien erkennt Pal\u00e4stina als Staat an\" \/>\n<meta property=\"og:description\" content=\"In einer Abstimmung am Dienstag erkannte das slowenische Parlament Pal\u00e4stina als unabh\u00e4ngigen und souver\u00e4nen Staat an. Die konervative Opposition boykottierte die Abstimmung. Ljubljana ist damit das vierte Land nach Irland, Norwegen und Spanien, das Pal\u00e4stina anerkennt. Slowenien hat Pal\u00e4stina als unabh\u00e4ngigen und souver\u00e4nen Staat anerkannt. Das slowenische Parlament billigte gestern mit 52 Stimmen ohne Gegenstimmen [&hellip;]\" \/>\n<meta property=\"og:url\" content=\"https:\/\/now-news.de\/de\/deutschland\/auch-slowenien-erkennt-palaestina-als-staat-an\/\" \/>\n<meta property=\"og:site_name\" content=\"just-now.NEWS Deutschland\" \/>\n<meta property=\"article:publisher\" content=\"https:\/\/www.facebook.com\/wirmachenauf\" \/>\n<meta property=\"article:published_time\" content=\"2024-06-05T10:38:33+00:00\" \/>\n<meta property=\"og:image\" content=\"https:\/\/now-news.de\/de\/wp-content\/uploads\/sites\/3\/2024\/06\/6660380ab480cc3bff26a9fe.jpg\" \/>\n<meta name=\"author\" content=\"rtnews\" \/>\n<meta name=\"twitter:card\" content=\"summary_large_image\" \/>\n<meta name=\"twitter:creator\" content=\"@WirMachenAuf_de\" \/>\n<meta name=\"twitter:site\" content=\"@WirMachenAuf_de\" \/>\n<meta name=\"twitter:label1\" content=\"Verfasst von\" \/>\n\t<meta name=\"twitter:data1\" content=\"rtnews\" \/>\n\t<meta name=\"twitter:label2\" content=\"Gesch\u00e4tzte Lesezeit\" \/>\n\t<meta name=\"twitter:data2\" content=\"2\u00a0Minuten\" \/>\n<script type=\"application\/ld+json\" class=\"yoast-schema-graph\">{\"@context\":\"https:\/\/schema.org\",\"@graph\":[{\"@type\":\"Article\",\"@id\":\"https:\/\/now-news.de\/de\/deutschland\/auch-slowenien-erkennt-palaestina-als-staat-an\/#article\",\"isPartOf\":{\"@id\":\"https:\/\/now-news.de\/de\/deutschland\/auch-slowenien-erkennt-palaestina-als-staat-an\/\"},\"author\":{\"name\":\"rtnews\",\"@id\":\"https:\/\/now-news.de\/de\/#\/schema\/person\/fb534a4e865501d8b3285208df34a9b5\"},\"headline\":\"Auch Slowenien erkennt Pal\u00e4stina als Staat an\",\"datePublished\":\"2024-06-05T10:38:33+00:00\",\"dateModified\":\"2024-06-05T10:38:33+00:00\",\"mainEntityOfPage\":{\"@id\":\"https:\/\/now-news.de\/de\/deutschland\/auch-slowenien-erkennt-palaestina-als-staat-an\/\"},\"wordCount\":456,\"commentCount\":0,\"publisher\":{\"@id\":\"https:\/\/now-news.de\/de\/#organization\"},\"image\":{\"@id\":\"https:\/\/now-news.de\/de\/deutschland\/auch-slowenien-erkennt-palaestina-als-staat-an\/#primaryimage\"},\"thumbnailUrl\":\"https:\/\/now-news.de\/de\/wp-content\/uploads\/sites\/3\/2024\/06\/Auch-Slowenien-erkennt-Palaestina-als-Staat-an.jpg\",\"keywords\":[\"als\",\"auch\",\"erkennt\",\"Pal\u00e4stina\",\"Slowenien\",\"Staat\"],\"articleSection\":[\"Deutschland\",\"Russland\"],\"inLanguage\":\"de\",\"potentialAction\":[{\"@type\":\"CommentAction\",\"name\":\"Comment\",\"target\":[\"https:\/\/now-news.de\/de\/deutschland\/auch-slowenien-erkennt-palaestina-als-staat-an\/#respond\"]}]},{\"@type\":\"WebPage\",\"@id\":\"https:\/\/now-news.de\/de\/deutschland\/auch-slowenien-erkennt-palaestina-als-staat-an\/\",\"url\":\"https:\/\/now-news.de\/de\/deutschland\/auch-slowenien-erkennt-palaestina-als-staat-an\/\",\"name\":\"Auch Slowenien erkennt Pal\u00e4stina als Staat an - just-now.NEWS Deutschland\",\"isPartOf\":{\"@id\":\"https:\/\/now-news.de\/de\/#website\"},\"primaryImageOfPage\":{\"@id\":\"https:\/\/now-news.de\/de\/deutschland\/auch-slowenien-erkennt-palaestina-als-staat-an\/#primaryimage\"},\"image\":{\"@id\":\"https:\/\/now-news.de\/de\/deutschland\/auch-slowenien-erkennt-palaestina-als-staat-an\/#primaryimage\"},\"thumbnailUrl\":\"https:\/\/now-news.de\/de\/wp-content\/uploads\/sites\/3\/2024\/06\/Auch-Slowenien-erkennt-Palaestina-als-Staat-an.jpg\",\"datePublished\":\"2024-06-05T10:38:33+00:00\",\"dateModified\":\"2024-06-05T10:38:33+00:00\",\"breadcrumb\":{\"@id\":\"https:\/\/now-news.de\/de\/deutschland\/auch-slowenien-erkennt-palaestina-als-staat-an\/#breadcrumb\"},\"inLanguage\":\"de\",\"potentialAction\":[{\"@type\":\"ReadAction\",\"target\":[\"https:\/\/now-news.de\/de\/deutschland\/auch-slowenien-erkennt-palaestina-als-staat-an\/\"]}]},{\"@type\":\"ImageObject\",\"inLanguage\":\"de\",\"@id\":\"https:\/\/now-news.de\/de\/deutschland\/auch-slowenien-erkennt-palaestina-als-staat-an\/#primaryimage\",\"url\":\"https:\/\/now-news.de\/de\/wp-content\/uploads\/sites\/3\/2024\/06\/Auch-Slowenien-erkennt-Palaestina-als-Staat-an.jpg\",\"contentUrl\":\"https:\/\/now-news.de\/de\/wp-content\/uploads\/sites\/3\/2024\/06\/Auch-Slowenien-erkennt-Palaestina-als-Staat-an.jpg\",\"width\":460,\"height\":259,\"caption\":\"Auch Slowenien erkennt Pal\u00e4stina als Staat an\"},{\"@type\":\"BreadcrumbList\",\"@id\":\"https:\/\/now-news.de\/de\/deutschland\/auch-slowenien-erkennt-palaestina-als-staat-an\/#breadcrumb\",\"itemListElement\":[{\"@type\":\"ListItem\",\"position\":1,\"name\":\"Home\",\"item\":\"https:\/\/now-news.de\/de\/\"},{\"@type\":\"ListItem\",\"position\":2,\"name\":\"Auch Slowenien erkennt Pal\u00e4stina als Staat an\"}]},{\"@type\":\"WebSite\",\"@id\":\"https:\/\/now-news.de\/de\/#website\",\"url\":\"https:\/\/now-news.de\/de\/\",\"name\":\"just-now.NEWS Deutschland\",\"description\":\"Das Portal f\u00fcr unzensierte Nachrichten aus der Welt\",\"publisher\":{\"@id\":\"https:\/\/now-news.de\/de\/#organization\"},\"potentialAction\":[{\"@type\":\"SearchAction\",\"target\":{\"@type\":\"EntryPoint\",\"urlTemplate\":\"https:\/\/now-news.de\/de\/?s={search_term_string}\"},\"query-input\":\"required name=search_term_string\"}],\"inLanguage\":\"de\"},{\"@type\":\"Organization\",\"@id\":\"https:\/\/now-news.de\/de\/#organization\",\"name\":\"Just Now News\",\"url\":\"https:\/\/now-news.de\/de\/\",\"logo\":{\"@type\":\"ImageObject\",\"inLanguage\":\"de\",\"@id\":\"https:\/\/now-news.de\/de\/#\/schema\/logo\/image\/\",\"url\":\"http:\/\/just-now.news\/de\/wp-content\/uploads\/sites\/3\/2022\/04\/logo500x500.jpg\",\"contentUrl\":\"http:\/\/just-now.news\/de\/wp-content\/uploads\/sites\/3\/2022\/04\/logo500x500.jpg\",\"width\":500,\"height\":500,\"caption\":\"Just Now News\"},\"image\":{\"@id\":\"https:\/\/now-news.de\/de\/#\/schema\/logo\/image\/\"},\"sameAs\":[\"https:\/\/www.facebook.com\/wirmachenauf\",\"https:\/\/x.com\/WirMachenAuf_de\"]},{\"@type\":\"Person\",\"@id\":\"https:\/\/now-news.de\/de\/#\/schema\/person\/fb534a4e865501d8b3285208df34a9b5\",\"name\":\"rtnews\",\"image\":{\"@type\":\"ImageObject\",\"inLanguage\":\"de\",\"@id\":\"https:\/\/now-news.de\/de\/#\/schema\/person\/image\/\",\"url\":\"https:\/\/secure.gravatar.com\/avatar\/82aafea7d8127119dd649515f56e2117?s=96&d=mm&r=g\",\"contentUrl\":\"https:\/\/secure.gravatar.com\/avatar\/82aafea7d8127119dd649515f56e2117?s=96&d=mm&r=g\",\"caption\":\"rtnews\"},\"url\":\"https:\/\/now-news.de\/de\/author\/rnews\/\"}]}<\/script>\n<!-- \/ Yoast SEO Premium plugin. -->","yoast_head_json":{"title":"Auch Slowenien erkennt Pal\u00e4stina als Staat an - just-now.NEWS Deutschland","robots":{"index":"index","follow":"follow","max-snippet":"max-snippet:-1","max-image-preview":"max-image-preview:large","max-video-preview":"max-video-preview:-1"},"canonical":"https:\/\/now-news.de\/de\/deutschland\/auch-slowenien-erkennt-palaestina-als-staat-an\/","og_locale":"de_DE","og_type":"article","og_title":"Auch Slowenien erkennt Pal\u00e4stina als Staat an","og_description":"In einer Abstimmung am Dienstag erkannte das slowenische Parlament Pal\u00e4stina als unabh\u00e4ngigen und souver\u00e4nen Staat an. Die konervative Opposition boykottierte die Abstimmung. Ljubljana ist damit das vierte Land nach Irland, Norwegen und Spanien, das Pal\u00e4stina anerkennt. Slowenien hat Pal\u00e4stina als unabh\u00e4ngigen und souver\u00e4nen Staat anerkannt. Das slowenische Parlament billigte gestern mit 52 Stimmen ohne Gegenstimmen [&hellip;]","og_url":"https:\/\/now-news.de\/de\/deutschland\/auch-slowenien-erkennt-palaestina-als-staat-an\/","og_site_name":"just-now.NEWS Deutschland","article_publisher":"https:\/\/www.facebook.com\/wirmachenauf","article_published_time":"2024-06-05T10:38:33+00:00","og_image":[{"url":"https:\/\/now-news.de\/de\/wp-content\/uploads\/sites\/3\/2024\/06\/6660380ab480cc3bff26a9fe.jpg"}],"author":"rtnews","twitter_card":"summary_large_image","twitter_creator":"@WirMachenAuf_de","twitter_site":"@WirMachenAuf_de","twitter_misc":{"Verfasst von":"rtnews","Gesch\u00e4tzte Lesezeit":"2\u00a0Minuten"},"schema":{"@context":"https:\/\/schema.org","@graph":[{"@type":"Article","@id":"https:\/\/now-news.de\/de\/deutschland\/auch-slowenien-erkennt-palaestina-als-staat-an\/#article","isPartOf":{"@id":"https:\/\/now-news.de\/de\/deutschland\/auch-slowenien-erkennt-palaestina-als-staat-an\/"},"author":{"name":"rtnews","@id":"https:\/\/now-news.de\/de\/#\/schema\/person\/fb534a4e865501d8b3285208df34a9b5"},"headline":"Auch Slowenien erkennt Pal\u00e4stina als Staat an","datePublished":"2024-06-05T10:38:33+00:00","dateModified":"2024-06-05T10:38:33+00:00","mainEntityOfPage":{"@id":"https:\/\/now-news.de\/de\/deutschland\/auch-slowenien-erkennt-palaestina-als-staat-an\/"},"wordCount":456,"commentCount":0,"publisher":{"@id":"https:\/\/now-news.de\/de\/#organization"},"image":{"@id":"https:\/\/now-news.de\/de\/deutschland\/auch-slowenien-erkennt-palaestina-als-staat-an\/#primaryimage"},"thumbnailUrl":"https:\/\/now-news.de\/de\/wp-content\/uploads\/sites\/3\/2024\/06\/Auch-Slowenien-erkennt-Palaestina-als-Staat-an.jpg","keywords":["als","auch","erkennt","Pal\u00e4stina","Slowenien","Staat"],"articleSection":["Deutschland","Russland"],"inLanguage":"de","potentialAction":[{"@type":"CommentAction","name":"Comment","target":["https:\/\/now-news.de\/de\/deutschland\/auch-slowenien-erkennt-palaestina-als-staat-an\/#respond"]}]},{"@type":"WebPage","@id":"https:\/\/now-news.de\/de\/deutschland\/auch-slowenien-erkennt-palaestina-als-staat-an\/","url":"https:\/\/now-news.de\/de\/deutschland\/auch-slowenien-erkennt-palaestina-als-staat-an\/","name":"Auch Slowenien erkennt Pal\u00e4stina als Staat an - just-now.NEWS Deutschland","isPartOf":{"@id":"https:\/\/now-news.de\/de\/#website"},"primaryImageOfPage":{"@id":"https:\/\/now-news.de\/de\/deutschland\/auch-slowenien-erkennt-palaestina-als-staat-an\/#primaryimage"},"image":{"@id":"https:\/\/now-news.de\/de\/deutschland\/auch-slowenien-erkennt-palaestina-als-staat-an\/#primaryimage"},"thumbnailUrl":"https:\/\/now-news.de\/de\/wp-content\/uploads\/sites\/3\/2024\/06\/Auch-Slowenien-erkennt-Palaestina-als-Staat-an.jpg","datePublished":"2024-06-05T10:38:33+00:00","dateModified":"2024-06-05T10:38:33+00:00","breadcrumb":{"@id":"https:\/\/now-news.de\/de\/deutschland\/auch-slowenien-erkennt-palaestina-als-staat-an\/#breadcrumb"},"inLanguage":"de","potentialAction":[{"@type":"ReadAction","target":["https:\/\/now-news.de\/de\/deutschland\/auch-slowenien-erkennt-palaestina-als-staat-an\/"]}]},{"@type":"ImageObject","inLanguage":"de","@id":"https:\/\/now-news.de\/de\/deutschland\/auch-slowenien-erkennt-palaestina-als-staat-an\/#primaryimage","url":"https:\/\/now-news.de\/de\/wp-content\/uploads\/sites\/3\/2024\/06\/Auch-Slowenien-erkennt-Palaestina-als-Staat-an.jpg","contentUrl":"https:\/\/now-news.de\/de\/wp-content\/uploads\/sites\/3\/2024\/06\/Auch-Slowenien-erkennt-Palaestina-als-Staat-an.jpg","width":460,"height":259,"caption":"Auch Slowenien erkennt Pal\u00e4stina als Staat an"},{"@type":"BreadcrumbList","@id":"https:\/\/now-news.de\/de\/deutschland\/auch-slowenien-erkennt-palaestina-als-staat-an\/#breadcrumb","itemListElement":[{"@type":"ListItem","position":1,"name":"Home","item":"https:\/\/now-news.de\/de\/"},{"@type":"ListItem","position":2,"name":"Auch Slowenien erkennt Pal\u00e4stina als Staat an"}]},{"@type":"WebSite","@id":"https:\/\/now-news.de\/de\/#website","url":"https:\/\/now-news.de\/de\/","name":"just-now.NEWS Deutschland","description":"Das Portal f\u00fcr unzensierte Nachrichten aus der Welt","publisher":{"@id":"https:\/\/now-news.de\/de\/#organization"},"potentialAction":[{"@type":"SearchAction","target":{"@type":"EntryPoint","urlTemplate":"https:\/\/now-news.de\/de\/?s={search_term_string}"},"query-input":"required name=search_term_string"}],"inLanguage":"de"},{"@type":"Organization","@id":"https:\/\/now-news.de\/de\/#organization","name":"Just Now News","url":"https:\/\/now-news.de\/de\/","logo":{"@type":"ImageObject","inLanguage":"de","@id":"https:\/\/now-news.de\/de\/#\/schema\/logo\/image\/","url":"http:\/\/just-now.news\/de\/wp-content\/uploads\/sites\/3\/2022\/04\/logo500x500.jpg","contentUrl":"http:\/\/just-now.news\/de\/wp-content\/uploads\/sites\/3\/2022\/04\/logo500x500.jpg","width":500,"height":500,"caption":"Just Now News"},"image":{"@id":"https:\/\/now-news.de\/de\/#\/schema\/logo\/image\/"},"sameAs":["https:\/\/www.facebook.com\/wirmachenauf","https:\/\/x.com\/WirMachenAuf_de"]},{"@type":"Person","@id":"https:\/\/now-news.de\/de\/#\/schema\/person\/fb534a4e865501d8b3285208df34a9b5","name":"rtnews","image":{"@type":"ImageObject","inLanguage":"de","@id":"https:\/\/now-news.de\/de\/#\/schema\/person\/image\/","url":"https:\/\/secure.gravatar.com\/avatar\/82aafea7d8127119dd649515f56e2117?s=96&d=mm&r=g","contentUrl":"https:\/\/secure.gravatar.com\/avatar\/82aafea7d8127119dd649515f56e2117?s=96&d=mm&r=g","caption":"rtnews"},"url":"https:\/\/now-news.de\/de\/author\/rnews\/"}]}},"_links":{"self":[{"href":"https:\/\/now-news.de\/de\/wp-json\/wp\/v2\/posts\/59530"}],"collection":[{"href":"https:\/\/now-news.de\/de\/wp-json\/wp\/v2\/posts"}],"about":[{"href":"https:\/\/now-news.de\/de\/wp-json\/wp\/v2\/types\/post"}],"author":[{"embeddable":true,"href":"https:\/\/now-news.de\/de\/wp-json\/wp\/v2\/users\/3"}],"replies":[{"embeddable":true,"href":"https:\/\/now-news.de\/de\/wp-json\/wp\/v2\/comments?post=59530"}],"version-history":[{"count":0,"href":"https:\/\/now-news.de\/de\/wp-json\/wp\/v2\/posts\/59530\/revisions"}],"wp:featuredmedia":[{"embeddable":true,"href":"https:\/\/now-news.de\/de\/wp-json\/wp\/v2\/media\/59531"}],"wp:attachment":[{"href":"https:\/\/now-news.de\/de\/wp-json\/wp\/v2\/media?parent=59530"}],"wp:term":[{"taxonomy":"category","embeddable":true,"href":"https:\/\/now-news.de\/de\/wp-json\/wp\/v2\/categories?post=59530"},{"taxonomy":"post_tag","embeddable":true,"href":"https:\/\/now-news.de\/de\/wp-json\/wp\/v2\/tags?post=59530"}],"curies":[{"name":"wp","href":"https:\/\/api.w.org\/{rel}","templated":true}]}}