{"id":59512,"date":"2024-06-05T09:02:55","date_gmt":"2024-06-05T07:02:55","guid":{"rendered":"https:\/\/now-news.de\/de\/deutschland\/ausgrenzungs-und-steinigungsreflex-dietrich-brueggemann-zieht-bilanz-meines-mutigseins\/"},"modified":"2024-06-05T09:02:55","modified_gmt":"2024-06-05T07:02:55","slug":"ausgrenzungs-und-steinigungsreflex-dietrich-brueggemann-zieht-bilanz-meines-mutigseins","status":"publish","type":"post","link":"https:\/\/now-news.de\/de\/deutschland\/ausgrenzungs-und-steinigungsreflex-dietrich-brueggemann-zieht-bilanz-meines-mutigseins\/","title":{"rendered":"&quot;Ausgrenzungs- und Steinigungsreflex&quot; \u2013 Dietrich Br\u00fcggemann zieht &quot;Bilanz meines Mutigseins&quot;"},"content":{"rendered":"<p><img decoding=\"async\" src=\"https:\/\/now-news.de\/de\/wp-content\/uploads\/sites\/3\/2024\/06\/665ed1b4b480cc044705463b.jpeg\" \/><\/p>\n<div class=\"Text-root Text-type_1 \">\n                Der Filmemacher Dietrich Br\u00fcggemann geriet als Mitinitiator der ma\u00dfnahmenkritischen Videoreihe &#8216;#allesdichtmachen&#8217; als &#8220;Schwurbler&#8221; in den Fokus der \u00d6ffentlichkeit. Rund drei Jahre sp\u00e4ter erfolgt nun ein Res\u00fcmee, gespickt mit Beispielen mutwilliger beruflicher Ausgrenzung.\n            <\/div>\n<p><\/p>\n<div class=\"Text-root Text-type_5 ArticleView-text ViewText-root \">\n<p>Am 23. April 2021 ver\u00f6ffentlichte eine Gruppe von 53 Filmschaffenden 53 selbst gedrehte Videos unter dem Hashtag #allesdichtmachen. Als Initiator wurde medial\u00a0umgehend der mitverantwortliche Regisseur Dietrich Br\u00fcggemann als hauptverantwortlicher &#8220;Corona-Leugner&#8221; und gef\u00e4hrlicher &#8220;Querdenker&#8221; erkannt und beruflich diskreditiert und attackiert. Mehrere bereits beschlossene Projekte und Vertr\u00e4ge wurden gestoppt und\/oder aufgel\u00f6st. In einem Gastartikel berichtet nun Br\u00fcggemann \u00fcber\u00a0eine &#8220;vorl\u00e4ufige Bilanz meines Mutigseins&#8221;.<\/p>\n<p>Br\u00fcggemanns aufschlussreiches und bedr\u00fcckendes Res\u00fcmee wurde am 1. Juni in der <em>Welt<\/em>\u00a0<a rel=\"nofollow noopener\" target=\"_blank\" href=\"https:\/\/www.welt.de\/kultur\/plus251424670\/Dietrich-Brueggemann-Die-vorlaeufige-Bilanz-meines-Mutigseins.html?icid=search.product.onsitesearch\">ver\u00f6ffentlicht<\/a> (Bezahlschranke). Der Autor und Musiker berichtet in einem l\u00e4ngeren Text \u00fcber die Konsequenzen seiner kritischen Positionierung, die zum Teil bis heute auch seine berufliche Existenz treffen. Br\u00fcggemann nennt dabei auch bewusst die Namen willk\u00fcrlich und mutwillig ausgrenzender Protagonisten.\u00a0<\/p>\n<p>Zur Einleitung erkl\u00e4rt Br\u00fcggemann die von ihm wahrgenommene gesellschaftliche Atmosph\u00e4re des Jahreswechsels 2020\/2021:<\/p>\n<p><em>&#8220;Also tat ich, was ich immer tat: Ich blieb skeptisch. Ich musste allerdings bald feststellen, dass ich diesmal mit meiner Haltung allein war. Ein Jahr lang sah ich mir an, wie die Corona-Ma\u00dfnahmen sich immer mehr verselbst\u00e4ndigten. Dann kam ich mit einer Gruppe von Schauspielern in Kontakt, die die Situation genauso erschreckend fanden wie ich, und so entstand\u00a0die Aktion #allesdichtmachen.&#8221;<\/em>\u00a0\u00a0<\/p>\n<p>Am 25. April <a rel=\"nofollow noopener\" target=\"_blank\" href=\"https:\/\/www.rnd.de\/kultur\/alles-dichtmachen-immer-mehr-schauspiel-stars-rudern-zuruck-PICGPUXFGFHRFFJBE7QF6QPUBQ.html\">titelte<\/a> exemplarisch das SPD-nahe <em>RND<\/em> \u00fcber die umgehende mediale Dynamik<em>\u00a0<\/em>nach der Ver\u00f6ffentlichung der die Ma\u00dfnahmen persiflierenden Videos:<\/p>\n<p><em>&#8220;Die einen rudern zur\u00fcck, die anderen sind entsetzt \u2013 und manche bleiben dabei: Die Aktion #allesdichtmachen sorgt f\u00fcr Streit und Unverst\u00e4ndnis.&#8221;<\/em><\/p>\n<p>Br\u00fcggemann erkl\u00e4rt das Erlebte mit den Worten:<\/p>\n<p><em>&#8220;Die Emp\u00f6rung kannte daraufhin keine Grenzen. Wir hatten ein paar Videos ins Netz gestellt, niemand musste sie anschauen, aber was jetzt passierte, w\u00e4re in vormodernen Zeiten eine Steinigung durch einen w\u00fctenden Mob gewesen.&#8221;<\/em><\/p>\n<div class=\"EmbedBlock-root EmbedBlock-twitter\">\n<div class=\"TwitterEmbed\">\n<blockquote class=\"twitter-tweet lazyload\" data-twitter=\"twitter-tweet\" data-media-max-width=\"560\">\n<p lang=\"de\" dir=\"ltr\">Gr\u00fc\u00dfe gehen raus. <a rel=\"nofollow noopener\" target=\"_blank\" href=\"https:\/\/twitter.com\/hashtag\/allesdichtmachen?src=hash&amp;ref_src=twsrc%5Etfw\">#allesdichtmachen<\/a><a rel=\"nofollow noopener\" target=\"_blank\" href=\"https:\/\/twitter.com\/hashtag\/RichtigErinnern?src=hash&amp;ref_src=twsrc%5Etfw\">#RichtigErinnern<\/a><a rel=\"nofollow noopener\" target=\"_blank\" href=\"https:\/\/twitter.com\/hashtag\/Aufarbeitung?src=hash&amp;ref_src=twsrc%5Etfw\">#Aufarbeitung<\/a><a rel=\"nofollow noopener\" target=\"_blank\" href=\"https:\/\/t.co\/u0PCXvOdKb\">pic.twitter.com\/u0PCXvOdKb<\/a><\/p>\n<p>\u2014 Marcel\ud83c\udfb8 (@ElliotStabler92) <a rel=\"nofollow noopener\" target=\"_blank\" href=\"https:\/\/twitter.com\/ElliotStabler92\/status\/1782477847811985896?ref_src=twsrc%5Etfw\">April 22, 2024<\/a><\/p><\/blockquote>\n<\/div>\n<\/div>\n<p>Der nachweislich regierungstreue Berliner <em>Tagesspiegel\u00a0<\/em>ver\u00f6ffentlichte unmittelbar zwei Artikel, laut denen die Person Br\u00fcggemann &#8220;Verbindungen ins Querdenker-Milieu&#8221; gehabt habe,\u00a0um mit den Filmen &#8220;die Grenze zwischen Wahr und Falsch verwischen zu wollen&#8221;. Das Problem: Br\u00fcggemann wurde vorab seitens der <em>Tagesspiegel<\/em>-Redaktion nicht kontaktiert, die diskreditierenden Inhalte konnten somit ungekl\u00e4rt ihren Weg in die \u00d6ffentlichkeit gehen.<\/p>\n<p>Die erste berufliche Konsequenz erfolgte umgehend, eine bereits zugesagte Ver\u00f6ffentlichung\u00a0eines Romans wurde zur\u00fcckgezogen. Die Begr\u00fcndung des\u00a0Kanon-Verlagschefs\u00a0Gunnar Cynybulk lautete laut Br\u00fcggemanns Darlegung im <em>Welt<\/em>-Artikel:<\/p>\n<p><em>&#8220;&#8216;Kanon m\u00f6chte&#8217;, schrieb er mir danach, &#8216;eine Literatur erm\u00f6glichen, die nicht destruktiv ist, und K\u00fcnstler:innen f\u00f6rdern, die ihre Meinungsfreiheit nicht missverstehen&#8217;. Au\u00dferdem bat er mich nachdr\u00fccklich darum, Stillschweigen \u00fcber diesen Vorgang zu bewahren \u2013 und dann forderte er noch den bereits gezahlten Vorschuss zur\u00fcck.&#8221;<\/em><\/p>\n<p>Br\u00fcggemanns\u00a0Literaturagentin wurde zudem \u00fcber einen Brief belehrt, dass &#8220;die politisch motivierten Verlautbarungen&#8221; der Videos, &#8220;das Kunstwerk\u00a0entwerten und besch\u00e4digen. Es w\u00e4re spannend zu sehen, inwieweit Gerichte dieser Lesart folgen&#8221;. Die schriftliche Anfrage beim Verlagschef im\u00a0Mai 2024, ob &#8220;er die damalige Entscheidung weiterhin richtig findet&#8221;, blieb f\u00fcr Br\u00fcggemann unbeantwortet.<\/p>\n<p>Als ein zweites Beispiel der beruflichen und finanziellen Abstrafung nennt der Musiker die Reaktion des Hamburger Labelchefs (Grand Hotel van Cleef) und Kettcar-S\u00e4ngers Marcus Wiebusch und einen aufgel\u00f6sten Albumdeal. Trotz zuvor zahlreicher Kooperationen, auch als Videoproduzent f\u00fcr Label-K\u00fcnstler, musste Br\u00fcggemann erkennen, dass eine Zusammenarbeit mit ihm wohl nicht mehr m\u00f6glich war:<\/p>\n<p><em>&#8220;Es war, wie er \u2013 Labelchef Wiebusch \u2013 selbst sagte, das erste Mal in der Labelgeschichte, dass man eine Band hinauswarf. Es folgten ein paar Mails sowie ein Telefongespr\u00e4ch, das bald in Anschreien \u00fcberging. Schlie\u00dflich schrieb er mir, das Ganze sei ein &#8216;Schlag ins Gesicht&#8217; (von mir an ihn, nicht etwa umgekehrt) &#8216;und f\u00fcr mich die gr\u00f6\u00dfte Entt\u00e4uschung der Labelgeschichte&#8217;. <br \/><\/em><\/p>\n<p>Auch Wiebusch antwortete im Mai 2024 nicht auf die Anfrage, &#8220;ob Sie &#8211; das Label &#8211; die damalige Entscheidung immer noch richtig finden&#8221;. Der geschasste Romanentwurf weckte dann im Jahr 2022 das Interesse bei dem renommierten\u00a0Verlag Hoffmann und Campe. So wurde Br\u00fcggemann zuerst mitgeteilt, der Inhalt\u00a0sei &#8220;nichts weniger als das absolut umwerfende Portr\u00e4t der deutschen Republik im Jahre 2021, ein gro\u00dfer, unglaublich unterhaltsamer Roman, gespickt mitunter mit den besten Dialogen, die ich in meiner zwanzigj\u00e4hrigen Karriere als Lektor gelesen habe&#8221;, so der begeisterte Lektor. Das Endergebnis lautete, noch in derselben Mail formuliert:<\/p>\n<p><em>&#8220;Aber die Freude w\u00e4hrte nicht lang, denn gleich darunter schrieb er, dass man es bei Hoffmann und Campe &#8216;sich aber nicht zutraut, Ihren Roman so aufzustellen, wie er aufgestellt werden m\u00fcsste aufgrund der Verwerfungen im vergangenen Fr\u00fchjahr'&#8221;. <\/em><\/p>\n<p>Wenig \u00fcberraschend, auch\u00a0Hoffmann und Campe wurde j\u00fcngst angeschrieben &#8220;und gefragt, wie man heute zu dieser Entscheidung steht, aber bisher kam keine Antwort&#8221;. Br\u00fcggemann erz\u00e4hlt dann die Anekdote, wie die <em>Stern-TV<\/em>-Redaktion ihn im April 2021 vor der Sendung, dem geplanten Portr\u00e4t und Interview \u00fcber &#8220;#allesdichtmachen&#8221;,\u00a0f\u00fcr den Aufmacher inszenierte:<\/p>\n<p><em>&#8220;Man hatte in einem Schneideraum unsere 53 Videos auf den Monitoren arrangiert, dort sollte ich mich davorsetzen und so tun, als sei ich gerade mitten in der Postproduktion, und das wollte man dann zwischen Statements von betroffen-emp\u00f6rten Schauspielkollegen schneiden.\u00a0<a rel=\"nofollow noopener\" target=\"_blank\" href=\"https:\/\/www.youtube.com\/watch?v=ayQxRM72Ego\">In der Sendung<\/a>\u00a0gelang es mir, bei der Sache zu bleiben und mich sogar mit meiner designierten Gegnerin, der Instagram-\u00c4rztin &#8216;Doc Caro&#8217; Holzner, zu fraternisieren.&#8221;<\/em><\/p>\n<p>Br\u00fcggemann musste feststellen, dass in den Artikeln jener Zeit \u00fcber ihn die meisten &#8220;die Erfindungen des <em>Tagesspiegel<\/em> \u00fcbernahmen&#8221;. Und weiter:<\/p>\n<p><em>&#8220;Besonders rustikal bet\u00e4tigte sich ein Autor namens Andreas Hartmann, der\u00a0<a rel=\"nofollow noopener\" target=\"_blank\" href=\"https:\/\/taz.de\/Kinotipps-der-Woche\/!5763462\/\">in der taz<\/a>\u00a0unter dem Titel &#8216;Werk, Autor, Sumpf&#8217; feststellte, ich sei &#8216;richtig abgetaucht in den Sumpf&#8217; und werde &#8216;aus diesem so schnell wahrscheinlich auch nicht mehr herauskommen&#8217;.&#8221;\u00a0<\/em><\/p>\n<p>Auch die <em>taz<\/em>-Redaktion m\u00f6chte Br\u00fcggemann im Mai 2024 nicht erkl\u00e4ren, &#8220;ob man derartige Hetzartikel nach zwei Jahren Dr\u00fcber-Schlafen immer noch gut findet&#8221;. Der Roman wurde schlussendlich\u00a0im August 2023 von einem kleinen Frankfurter Verlag ver\u00f6ffentlicht. Das Problem: Es fanden keinerlei Rezensionen statt. Br\u00fcggemann berichtet:<\/p>\n<p><em>&#8220;Die Ver\u00f6ffentlichung war in ihrer Ereignislosigkeit zutiefst beeindruckend (&#8230;)\u00a0Ein befreundeter Journalist h\u00e4tte es gern f\u00fcr die &#8216;Frankfurter Allgemeine Sonntagszeitung&#8217; rezensiert, durfte aber laut eigener Aussage nicht (&#8230;) Bei meinem Verlag bekam ich eine SMS zu sehen, in der jemand schrieb: &#8216;Bei der Vogue wie \u00fcberall: N.\u2019s Chef\u00a0(Name ge\u00e4ndert und abgek\u00fcrzt, Anm. d. Welt-Red.)\u00a0will nicht, dass sie Br\u00fcggemann macht. Seine Tweets seien &#8216;gef\u00e4hrdend&#8217;.&#8221;<\/em><\/p>\n<div class=\"EmbedBlock-root EmbedBlock-twitter\">\n<div class=\"TwitterEmbed\">\n<blockquote class=\"twitter-tweet lazyload\" data-twitter=\"twitter-tweet\" data-media-max-width=\"560\">\n<p lang=\"de\" dir=\"ltr\">Anlass gibt es zwar fast immer, aber gerade jetzt ist dieses Video von <a rel=\"nofollow noopener\" target=\"_blank\" href=\"https:\/\/twitter.com\/hashtag\/allesdichtmachen?src=hash&amp;ref_src=twsrc%5Etfw\">#allesdichtmachen<\/a> besonders zutreffend. Nochmal Danke an <a rel=\"nofollow noopener\" target=\"_blank\" href=\"https:\/\/twitter.com\/dtrickb?ref_src=twsrc%5Etfw\">@dtrickb<\/a> und in diesem Fall an Volker Bruch f\u00fcr den Mut zum Bruch mit dem Establishment und dem systemkonformen Narrativen \ud83d\ude4f <a rel=\"nofollow noopener\" target=\"_blank\" href=\"https:\/\/t.co\/5X08V9nkfh\">pic.twitter.com\/5X08V9nkfh<\/a><\/p>\n<p>\u2014 \ud835\ude43\ud835\ude56\ud835\ude5c\ud835\ude5e\ud835\ude63\ud835\ude5d\ud835\ude64 (@El_Haginho) <a rel=\"nofollow noopener\" target=\"_blank\" href=\"https:\/\/twitter.com\/El_Haginho\/status\/1771989103166259202?ref_src=twsrc%5Etfw\">March 24, 2024<\/a><\/p><\/blockquote>\n<\/div>\n<\/div>\n<p>Auch\u00a0Lorenz Maroldt, Chefredakteur des <em>Tagesspiegels<\/em>, zog demnach kleinlaut im Fr\u00fchjahr 2022\u00a0eine per Handschlag zugesagte Kolumnen-Kooperation zur\u00fcck. Br\u00fcggemann plaudert aus dem Erlebnis-N\u00e4hk\u00e4stchen:<\/p>\n<p><em>&#8220;Als ich aber zwei Wochen sp\u00e4ter darauf zur\u00fcckkommen wollte, fl\u00fcchtete er sich in zahlreiche Bedenken und wollte nicht mehr an seine Zusage erinnert werden.&#8221;\u00a0<\/em><\/p>\n<p>Der j\u00fcngste andauernde Erfahrungswert erfolgte \u00fcber\u00a0ein &#8220;unter Pseudonym bei einem Kinderbuch-Literaturagenten&#8221; eingereichtes Manuskript. Br\u00fcggemann erz\u00e4hlt:<\/p>\n<p><em>&#8220;Er fand es toll, bot mir Vertretung an und schickte einen Vertrag. Als ich daraufhin bekannt gab, wer ich wirklich bin (ich hielt das auch nach drei Jahren f\u00fcr unproblematisch) war er ganz entsetzt und wollte nichts mehr davon wissen.&#8221;<\/em><\/p>\n<p>Eine m\u00f6gliche Professur bei der Babelsberger Filmuniversit\u00e4t wurde &#8220;gecancelt&#8221;, durch einen unter den Studierenden kursierenden offenen Brief:<\/p>\n<p><em>&#8220;In dem Brief stand, ich w\u00fcrde Corona &#8216;verharmlosen&#8217;, &#8216;wissenschaftliche Erkenntnisse&#8217; leugnen und mich &#8216;herablassend und respektlos zur Gender-Debatte und zu feministischen Standpunkten&#8217; \u00e4u\u00dfern. Unterschrieben hatten einige Hundert Hochschulangeh\u00f6rige, darunter alle drei amtierenden Vizepr\u00e4sidenten.&#8221;<\/em><\/p>\n<p>Zumindest eine seiner hauptberuflichen T\u00e4tigkeiten, die als Filmemacher f\u00fcr\u00a0\u00f6ffentlich-rechtliche Spielfilmredaktionen, nahm keinen negativen Abbruch und wird weiterhin aktuell umgesetzt. Br\u00fcggemann res\u00fcmiert abschlie\u00dfend:<\/p>\n<p><em>&#8220;F\u00fcr diejenigen, die den Ausgrenzungs- und Steinigungsreflexen nachgegeben haben, ist es gleichwohl peinlich, aber diese Peinlichkeit ist ein Anzeichen daf\u00fcr, dass etwas schiefl\u00e4uft, und deswegen nenne ich hier auch bewusst Namen. Bezeichnend finde ich au\u00dferdem das Schweigen, das auf all meine Anfragen folgte (&#8230;)<\/em><\/p>\n<p><em>Ich w\u00fcrde gern schlie\u00dfen, dass wir &#8220;als Gesellschaft&#8221; wieder zu einer besseren &#8220;Debattenkultur&#8221; finden sollten, aber solche Appelle erscheinen mir angesichts der hier versammelten Erlebnisse illusorisch. Die Zeit wird Corona irgendwann ins rechte Licht r\u00fccken, aber bei der n\u00e4chsten Gelegenheit wird dieselbe Choreografie mit anderen Akteuren wieder genauso ablaufen.&#8221;<\/em><\/p>\n<p>Dazu k\u00f6nnten auch die Radio-Eins-Zuarbeiter\u00a0Serdar Somuncu und Florian Schroeder z\u00e4hlen, die Br\u00fcggemann in <a rel=\"nofollow noopener\" target=\"_blank\" href=\"https:\/\/www.youtube.com\/watch?v=3KHuB3B3KqE&amp;t=963s\">ihrem Podcast<\/a> ebenfalls diskreditierten. F\u00fcr\u00a0Somuncu gebe es aktuell &#8220;keinen weiteren Gespr\u00e4chsbedarf&#8221;. Zur Person Schroeder erz\u00e4hlt Br\u00fcggemann von einem Telefonat im April 2021:<\/p>\n<p><em>&#8220;Eine Stunde vor der Aufzeichnung rief mich dann Florian Schroeder mit unterdr\u00fcckter Nummer an und erl\u00e4uterte mir in einem zwanzigmin\u00fctigen Monolog mit schneidender Stimme, dass Kritik an den Corona-Ma\u00dfnahmen ganz automatisch Verschw\u00f6rungstheorie sei.&#8221;<\/em><\/p>\n<p><strong>Mehr zum Thema \u2013 <\/strong><a rel=\"nofollow noopener\" target=\"_blank\" href=\"https:\/\/freedert.online\/meinung\/207854-ursula-von-leyen-will-bevoelkerung\/\">Ursula von der Leyen will die Bev\u00f6lkerung gegen Desinformation impfen<\/a><\/p>\n<\/p>\n<\/div>\n<p><script async src=\"https:\/\/platform.twitter.com\/widgets.js\" charset=\"utf-8\"><\/script><br \/>\n<br \/><br \/>\n<br \/><a href=\"https:\/\/de.rt.com\/inland\/208073-ausgrenzungs-und-steinigungsreflex-corona-aufarbeitung\/\">Source link <\/a><\/p>\n","protected":false},"excerpt":{"rendered":"<p>Der Filmemacher Dietrich Br\u00fcggemann geriet als Mitinitiator der ma\u00dfnahmenkritischen Videoreihe &#8216;#allesdichtmachen&#8217; als &#8220;Schwurbler&#8221; in den Fokus der \u00d6ffentlichkeit. Rund drei Jahre sp\u00e4ter erfolgt nun ein Res\u00fcmee, gespickt mit Beispielen mutwilliger beruflicher Ausgrenzung. Am 23. April 2021 ver\u00f6ffentlichte eine Gruppe von 53 Filmschaffenden 53 selbst gedrehte Videos unter dem Hashtag #allesdichtmachen. Als Initiator wurde medial\u00a0umgehend der [&hellip;]<\/p>\n","protected":false},"author":3,"featured_media":59513,"comment_status":"open","ping_status":"open","sticky":false,"template":"","format":"standard","meta":{"_yoast_indexnow_last_ping":["1717571768"],"wp_automatic_camp":["217"],"484acd9ca12fa1006620fec7b73bd513":["&quot;Ausgrenzungs- und Steinigungsreflex&quot; \u2013 Dietrich Br\u00fcggemann zieht &quot;Bilanz meines Mutigseins&quot;"],"original_link":["https:\/\/de.rt.com\/inland\/208073-ausgrenzungs-und-steinigungsreflex-corona-aufarbeitung\/"],"_thumbnail_id":["59513"],"_wptgpro_p2tg_sent2tg":["a:1:{i:23737;s:19:\"2024-06-05 09:17:25\";}"],"jnews_social_counter_last_update":["1777176406"]},"categories":[19,23],"tags":[55512,55511,46785,55514,55509,55513,55510,140,20511],"yoast_head":"<!-- This site is optimized with the Yoast SEO Premium plugin v22.7 (Yoast SEO v22.7) - https:\/\/yoast.com\/wordpress\/plugins\/seo\/ -->\n<title>&quot;Ausgrenzungs- und Steinigungsreflex&quot; \u2013 Dietrich Br\u00fcggemann zieht &quot;Bilanz meines Mutigseins&quot; - just-now.NEWS Deutschland<\/title>\n<meta name=\"robots\" content=\"index, follow, max-snippet:-1, max-image-preview:large, max-video-preview:-1\" \/>\n<link rel=\"canonical\" href=\"https:\/\/now-news.de\/de\/deutschland\/ausgrenzungs-und-steinigungsreflex-dietrich-brueggemann-zieht-bilanz-meines-mutigseins\/\" \/>\n<meta property=\"og:locale\" content=\"de_DE\" \/>\n<meta property=\"og:type\" content=\"article\" \/>\n<meta property=\"og:title\" content=\"&quot;Ausgrenzungs- und Steinigungsreflex&quot; \u2013 Dietrich Br\u00fcggemann zieht &quot;Bilanz meines Mutigseins&quot;\" \/>\n<meta property=\"og:description\" content=\"Der Filmemacher Dietrich Br\u00fcggemann geriet als Mitinitiator der ma\u00dfnahmenkritischen Videoreihe &#8216;#allesdichtmachen&#8217; als &#8220;Schwurbler&#8221; in den Fokus der \u00d6ffentlichkeit. Rund drei Jahre sp\u00e4ter erfolgt nun ein Res\u00fcmee, gespickt mit Beispielen mutwilliger beruflicher Ausgrenzung. Am 23. April 2021 ver\u00f6ffentlichte eine Gruppe von 53 Filmschaffenden 53 selbst gedrehte Videos unter dem Hashtag #allesdichtmachen. Als Initiator wurde medial\u00a0umgehend der [&hellip;]\" \/>\n<meta property=\"og:url\" content=\"https:\/\/now-news.de\/de\/deutschland\/ausgrenzungs-und-steinigungsreflex-dietrich-brueggemann-zieht-bilanz-meines-mutigseins\/\" \/>\n<meta property=\"og:site_name\" content=\"just-now.NEWS Deutschland\" \/>\n<meta property=\"article:publisher\" content=\"https:\/\/www.facebook.com\/wirmachenauf\" \/>\n<meta property=\"article:published_time\" content=\"2024-06-05T07:02:55+00:00\" \/>\n<meta property=\"og:image\" content=\"https:\/\/now-news.de\/de\/wp-content\/uploads\/sites\/3\/2024\/06\/665ed1b4b480cc044705463b.jpeg\" \/>\n<meta name=\"author\" content=\"rtnews\" \/>\n<meta name=\"twitter:card\" content=\"summary_large_image\" \/>\n<meta name=\"twitter:creator\" content=\"@WirMachenAuf_de\" \/>\n<meta name=\"twitter:site\" content=\"@WirMachenAuf_de\" \/>\n<meta name=\"twitter:label1\" content=\"Verfasst von\" \/>\n\t<meta name=\"twitter:data1\" content=\"rtnews\" \/>\n\t<meta name=\"twitter:label2\" content=\"Gesch\u00e4tzte Lesezeit\" \/>\n\t<meta name=\"twitter:data2\" content=\"8\u00a0Minuten\" \/>\n<script type=\"application\/ld+json\" class=\"yoast-schema-graph\">{\"@context\":\"https:\/\/schema.org\",\"@graph\":[{\"@type\":\"Article\",\"@id\":\"https:\/\/now-news.de\/de\/deutschland\/ausgrenzungs-und-steinigungsreflex-dietrich-brueggemann-zieht-bilanz-meines-mutigseins\/#article\",\"isPartOf\":{\"@id\":\"https:\/\/now-news.de\/de\/deutschland\/ausgrenzungs-und-steinigungsreflex-dietrich-brueggemann-zieht-bilanz-meines-mutigseins\/\"},\"author\":{\"name\":\"rtnews\",\"@id\":\"https:\/\/now-news.de\/de\/#\/schema\/person\/fb534a4e865501d8b3285208df34a9b5\"},\"headline\":\"&quot;Ausgrenzungs- und Steinigungsreflex&quot; \u2013 Dietrich Br\u00fcggemann zieht &quot;Bilanz meines Mutigseins&quot;\",\"datePublished\":\"2024-06-05T07:02:55+00:00\",\"dateModified\":\"2024-06-05T07:02:55+00:00\",\"mainEntityOfPage\":{\"@id\":\"https:\/\/now-news.de\/de\/deutschland\/ausgrenzungs-und-steinigungsreflex-dietrich-brueggemann-zieht-bilanz-meines-mutigseins\/\"},\"wordCount\":1546,\"commentCount\":0,\"publisher\":{\"@id\":\"https:\/\/now-news.de\/de\/#organization\"},\"image\":{\"@id\":\"https:\/\/now-news.de\/de\/deutschland\/ausgrenzungs-und-steinigungsreflex-dietrich-brueggemann-zieht-bilanz-meines-mutigseins\/#primaryimage\"},\"thumbnailUrl\":\"https:\/\/now-news.de\/de\/wp-content\/uploads\/sites\/3\/2024\/06\/quotAusgrenzungs-und-Steinigungsreflexquot-\u2013-Dietrich-Brueggemann-zieht-quotBilanz-meines-Mutigseinsquot.jpeg\",\"keywords\":[\"Br\u00fcggemann\",\"Dietrich\",\"meines\",\"Mutigseinsquot\",\"quotAusgrenzungs\",\"quotBilanz\",\"Steinigungsreflexquot\",\"und\",\"zieht\"],\"articleSection\":[\"Deutschland\",\"Russland\"],\"inLanguage\":\"de\",\"potentialAction\":[{\"@type\":\"CommentAction\",\"name\":\"Comment\",\"target\":[\"https:\/\/now-news.de\/de\/deutschland\/ausgrenzungs-und-steinigungsreflex-dietrich-brueggemann-zieht-bilanz-meines-mutigseins\/#respond\"]}]},{\"@type\":\"WebPage\",\"@id\":\"https:\/\/now-news.de\/de\/deutschland\/ausgrenzungs-und-steinigungsreflex-dietrich-brueggemann-zieht-bilanz-meines-mutigseins\/\",\"url\":\"https:\/\/now-news.de\/de\/deutschland\/ausgrenzungs-und-steinigungsreflex-dietrich-brueggemann-zieht-bilanz-meines-mutigseins\/\",\"name\":\"&quot;Ausgrenzungs- und Steinigungsreflex&quot; \u2013 Dietrich Br\u00fcggemann zieht &quot;Bilanz meines Mutigseins&quot; - just-now.NEWS Deutschland\",\"isPartOf\":{\"@id\":\"https:\/\/now-news.de\/de\/#website\"},\"primaryImageOfPage\":{\"@id\":\"https:\/\/now-news.de\/de\/deutschland\/ausgrenzungs-und-steinigungsreflex-dietrich-brueggemann-zieht-bilanz-meines-mutigseins\/#primaryimage\"},\"image\":{\"@id\":\"https:\/\/now-news.de\/de\/deutschland\/ausgrenzungs-und-steinigungsreflex-dietrich-brueggemann-zieht-bilanz-meines-mutigseins\/#primaryimage\"},\"thumbnailUrl\":\"https:\/\/now-news.de\/de\/wp-content\/uploads\/sites\/3\/2024\/06\/quotAusgrenzungs-und-Steinigungsreflexquot-\u2013-Dietrich-Brueggemann-zieht-quotBilanz-meines-Mutigseinsquot.jpeg\",\"datePublished\":\"2024-06-05T07:02:55+00:00\",\"dateModified\":\"2024-06-05T07:02:55+00:00\",\"breadcrumb\":{\"@id\":\"https:\/\/now-news.de\/de\/deutschland\/ausgrenzungs-und-steinigungsreflex-dietrich-brueggemann-zieht-bilanz-meines-mutigseins\/#breadcrumb\"},\"inLanguage\":\"de\",\"potentialAction\":[{\"@type\":\"ReadAction\",\"target\":[\"https:\/\/now-news.de\/de\/deutschland\/ausgrenzungs-und-steinigungsreflex-dietrich-brueggemann-zieht-bilanz-meines-mutigseins\/\"]}]},{\"@type\":\"ImageObject\",\"inLanguage\":\"de\",\"@id\":\"https:\/\/now-news.de\/de\/deutschland\/ausgrenzungs-und-steinigungsreflex-dietrich-brueggemann-zieht-bilanz-meines-mutigseins\/#primaryimage\",\"url\":\"https:\/\/now-news.de\/de\/wp-content\/uploads\/sites\/3\/2024\/06\/quotAusgrenzungs-und-Steinigungsreflexquot-\u2013-Dietrich-Brueggemann-zieht-quotBilanz-meines-Mutigseinsquot.jpeg\",\"contentUrl\":\"https:\/\/now-news.de\/de\/wp-content\/uploads\/sites\/3\/2024\/06\/quotAusgrenzungs-und-Steinigungsreflexquot-\u2013-Dietrich-Brueggemann-zieht-quotBilanz-meines-Mutigseinsquot.jpeg\",\"width\":460,\"height\":259,\"caption\":\"&quot;Ausgrenzungs- und Steinigungsreflex&quot; \u2013 Dietrich Br\u00fcggemann zieht &quot;Bilanz meines Mutigseins&quot;\"},{\"@type\":\"BreadcrumbList\",\"@id\":\"https:\/\/now-news.de\/de\/deutschland\/ausgrenzungs-und-steinigungsreflex-dietrich-brueggemann-zieht-bilanz-meines-mutigseins\/#breadcrumb\",\"itemListElement\":[{\"@type\":\"ListItem\",\"position\":1,\"name\":\"Home\",\"item\":\"https:\/\/now-news.de\/de\/\"},{\"@type\":\"ListItem\",\"position\":2,\"name\":\"&quot;Ausgrenzungs- und Steinigungsreflex&quot; \u2013 Dietrich Br\u00fcggemann zieht &quot;Bilanz meines Mutigseins&quot;\"}]},{\"@type\":\"WebSite\",\"@id\":\"https:\/\/now-news.de\/de\/#website\",\"url\":\"https:\/\/now-news.de\/de\/\",\"name\":\"just-now.NEWS Deutschland\",\"description\":\"Das Portal f\u00fcr unzensierte Nachrichten aus der Welt\",\"publisher\":{\"@id\":\"https:\/\/now-news.de\/de\/#organization\"},\"potentialAction\":[{\"@type\":\"SearchAction\",\"target\":{\"@type\":\"EntryPoint\",\"urlTemplate\":\"https:\/\/now-news.de\/de\/?s={search_term_string}\"},\"query-input\":\"required name=search_term_string\"}],\"inLanguage\":\"de\"},{\"@type\":\"Organization\",\"@id\":\"https:\/\/now-news.de\/de\/#organization\",\"name\":\"Just Now News\",\"url\":\"https:\/\/now-news.de\/de\/\",\"logo\":{\"@type\":\"ImageObject\",\"inLanguage\":\"de\",\"@id\":\"https:\/\/now-news.de\/de\/#\/schema\/logo\/image\/\",\"url\":\"http:\/\/just-now.news\/de\/wp-content\/uploads\/sites\/3\/2022\/04\/logo500x500.jpg\",\"contentUrl\":\"http:\/\/just-now.news\/de\/wp-content\/uploads\/sites\/3\/2022\/04\/logo500x500.jpg\",\"width\":500,\"height\":500,\"caption\":\"Just Now News\"},\"image\":{\"@id\":\"https:\/\/now-news.de\/de\/#\/schema\/logo\/image\/\"},\"sameAs\":[\"https:\/\/www.facebook.com\/wirmachenauf\",\"https:\/\/x.com\/WirMachenAuf_de\"]},{\"@type\":\"Person\",\"@id\":\"https:\/\/now-news.de\/de\/#\/schema\/person\/fb534a4e865501d8b3285208df34a9b5\",\"name\":\"rtnews\",\"image\":{\"@type\":\"ImageObject\",\"inLanguage\":\"de\",\"@id\":\"https:\/\/now-news.de\/de\/#\/schema\/person\/image\/\",\"url\":\"https:\/\/secure.gravatar.com\/avatar\/82aafea7d8127119dd649515f56e2117?s=96&d=mm&r=g\",\"contentUrl\":\"https:\/\/secure.gravatar.com\/avatar\/82aafea7d8127119dd649515f56e2117?s=96&d=mm&r=g\",\"caption\":\"rtnews\"},\"url\":\"https:\/\/now-news.de\/de\/author\/rnews\/\"}]}<\/script>\n<!-- \/ Yoast SEO Premium plugin. -->","yoast_head_json":{"title":"&quot;Ausgrenzungs- und Steinigungsreflex&quot; \u2013 Dietrich Br\u00fcggemann zieht &quot;Bilanz meines Mutigseins&quot; - just-now.NEWS Deutschland","robots":{"index":"index","follow":"follow","max-snippet":"max-snippet:-1","max-image-preview":"max-image-preview:large","max-video-preview":"max-video-preview:-1"},"canonical":"https:\/\/now-news.de\/de\/deutschland\/ausgrenzungs-und-steinigungsreflex-dietrich-brueggemann-zieht-bilanz-meines-mutigseins\/","og_locale":"de_DE","og_type":"article","og_title":"&quot;Ausgrenzungs- und Steinigungsreflex&quot; \u2013 Dietrich Br\u00fcggemann zieht &quot;Bilanz meines Mutigseins&quot;","og_description":"Der Filmemacher Dietrich Br\u00fcggemann geriet als Mitinitiator der ma\u00dfnahmenkritischen Videoreihe &#8216;#allesdichtmachen&#8217; als &#8220;Schwurbler&#8221; in den Fokus der \u00d6ffentlichkeit. Rund drei Jahre sp\u00e4ter erfolgt nun ein Res\u00fcmee, gespickt mit Beispielen mutwilliger beruflicher Ausgrenzung. Am 23. April 2021 ver\u00f6ffentlichte eine Gruppe von 53 Filmschaffenden 53 selbst gedrehte Videos unter dem Hashtag #allesdichtmachen. Als Initiator wurde medial\u00a0umgehend der [&hellip;]","og_url":"https:\/\/now-news.de\/de\/deutschland\/ausgrenzungs-und-steinigungsreflex-dietrich-brueggemann-zieht-bilanz-meines-mutigseins\/","og_site_name":"just-now.NEWS Deutschland","article_publisher":"https:\/\/www.facebook.com\/wirmachenauf","article_published_time":"2024-06-05T07:02:55+00:00","og_image":[{"url":"https:\/\/now-news.de\/de\/wp-content\/uploads\/sites\/3\/2024\/06\/665ed1b4b480cc044705463b.jpeg"}],"author":"rtnews","twitter_card":"summary_large_image","twitter_creator":"@WirMachenAuf_de","twitter_site":"@WirMachenAuf_de","twitter_misc":{"Verfasst von":"rtnews","Gesch\u00e4tzte Lesezeit":"8\u00a0Minuten"},"schema":{"@context":"https:\/\/schema.org","@graph":[{"@type":"Article","@id":"https:\/\/now-news.de\/de\/deutschland\/ausgrenzungs-und-steinigungsreflex-dietrich-brueggemann-zieht-bilanz-meines-mutigseins\/#article","isPartOf":{"@id":"https:\/\/now-news.de\/de\/deutschland\/ausgrenzungs-und-steinigungsreflex-dietrich-brueggemann-zieht-bilanz-meines-mutigseins\/"},"author":{"name":"rtnews","@id":"https:\/\/now-news.de\/de\/#\/schema\/person\/fb534a4e865501d8b3285208df34a9b5"},"headline":"&quot;Ausgrenzungs- und Steinigungsreflex&quot; \u2013 Dietrich Br\u00fcggemann zieht &quot;Bilanz meines Mutigseins&quot;","datePublished":"2024-06-05T07:02:55+00:00","dateModified":"2024-06-05T07:02:55+00:00","mainEntityOfPage":{"@id":"https:\/\/now-news.de\/de\/deutschland\/ausgrenzungs-und-steinigungsreflex-dietrich-brueggemann-zieht-bilanz-meines-mutigseins\/"},"wordCount":1546,"commentCount":0,"publisher":{"@id":"https:\/\/now-news.de\/de\/#organization"},"image":{"@id":"https:\/\/now-news.de\/de\/deutschland\/ausgrenzungs-und-steinigungsreflex-dietrich-brueggemann-zieht-bilanz-meines-mutigseins\/#primaryimage"},"thumbnailUrl":"https:\/\/now-news.de\/de\/wp-content\/uploads\/sites\/3\/2024\/06\/quotAusgrenzungs-und-Steinigungsreflexquot-\u2013-Dietrich-Brueggemann-zieht-quotBilanz-meines-Mutigseinsquot.jpeg","keywords":["Br\u00fcggemann","Dietrich","meines","Mutigseinsquot","quotAusgrenzungs","quotBilanz","Steinigungsreflexquot","und","zieht"],"articleSection":["Deutschland","Russland"],"inLanguage":"de","potentialAction":[{"@type":"CommentAction","name":"Comment","target":["https:\/\/now-news.de\/de\/deutschland\/ausgrenzungs-und-steinigungsreflex-dietrich-brueggemann-zieht-bilanz-meines-mutigseins\/#respond"]}]},{"@type":"WebPage","@id":"https:\/\/now-news.de\/de\/deutschland\/ausgrenzungs-und-steinigungsreflex-dietrich-brueggemann-zieht-bilanz-meines-mutigseins\/","url":"https:\/\/now-news.de\/de\/deutschland\/ausgrenzungs-und-steinigungsreflex-dietrich-brueggemann-zieht-bilanz-meines-mutigseins\/","name":"&quot;Ausgrenzungs- und Steinigungsreflex&quot; \u2013 Dietrich Br\u00fcggemann zieht &quot;Bilanz meines Mutigseins&quot; - just-now.NEWS Deutschland","isPartOf":{"@id":"https:\/\/now-news.de\/de\/#website"},"primaryImageOfPage":{"@id":"https:\/\/now-news.de\/de\/deutschland\/ausgrenzungs-und-steinigungsreflex-dietrich-brueggemann-zieht-bilanz-meines-mutigseins\/#primaryimage"},"image":{"@id":"https:\/\/now-news.de\/de\/deutschland\/ausgrenzungs-und-steinigungsreflex-dietrich-brueggemann-zieht-bilanz-meines-mutigseins\/#primaryimage"},"thumbnailUrl":"https:\/\/now-news.de\/de\/wp-content\/uploads\/sites\/3\/2024\/06\/quotAusgrenzungs-und-Steinigungsreflexquot-\u2013-Dietrich-Brueggemann-zieht-quotBilanz-meines-Mutigseinsquot.jpeg","datePublished":"2024-06-05T07:02:55+00:00","dateModified":"2024-06-05T07:02:55+00:00","breadcrumb":{"@id":"https:\/\/now-news.de\/de\/deutschland\/ausgrenzungs-und-steinigungsreflex-dietrich-brueggemann-zieht-bilanz-meines-mutigseins\/#breadcrumb"},"inLanguage":"de","potentialAction":[{"@type":"ReadAction","target":["https:\/\/now-news.de\/de\/deutschland\/ausgrenzungs-und-steinigungsreflex-dietrich-brueggemann-zieht-bilanz-meines-mutigseins\/"]}]},{"@type":"ImageObject","inLanguage":"de","@id":"https:\/\/now-news.de\/de\/deutschland\/ausgrenzungs-und-steinigungsreflex-dietrich-brueggemann-zieht-bilanz-meines-mutigseins\/#primaryimage","url":"https:\/\/now-news.de\/de\/wp-content\/uploads\/sites\/3\/2024\/06\/quotAusgrenzungs-und-Steinigungsreflexquot-\u2013-Dietrich-Brueggemann-zieht-quotBilanz-meines-Mutigseinsquot.jpeg","contentUrl":"https:\/\/now-news.de\/de\/wp-content\/uploads\/sites\/3\/2024\/06\/quotAusgrenzungs-und-Steinigungsreflexquot-\u2013-Dietrich-Brueggemann-zieht-quotBilanz-meines-Mutigseinsquot.jpeg","width":460,"height":259,"caption":"&quot;Ausgrenzungs- und Steinigungsreflex&quot; \u2013 Dietrich Br\u00fcggemann zieht &quot;Bilanz meines Mutigseins&quot;"},{"@type":"BreadcrumbList","@id":"https:\/\/now-news.de\/de\/deutschland\/ausgrenzungs-und-steinigungsreflex-dietrich-brueggemann-zieht-bilanz-meines-mutigseins\/#breadcrumb","itemListElement":[{"@type":"ListItem","position":1,"name":"Home","item":"https:\/\/now-news.de\/de\/"},{"@type":"ListItem","position":2,"name":"&quot;Ausgrenzungs- und Steinigungsreflex&quot; \u2013 Dietrich Br\u00fcggemann zieht &quot;Bilanz meines Mutigseins&quot;"}]},{"@type":"WebSite","@id":"https:\/\/now-news.de\/de\/#website","url":"https:\/\/now-news.de\/de\/","name":"just-now.NEWS Deutschland","description":"Das Portal f\u00fcr unzensierte Nachrichten aus der Welt","publisher":{"@id":"https:\/\/now-news.de\/de\/#organization"},"potentialAction":[{"@type":"SearchAction","target":{"@type":"EntryPoint","urlTemplate":"https:\/\/now-news.de\/de\/?s={search_term_string}"},"query-input":"required name=search_term_string"}],"inLanguage":"de"},{"@type":"Organization","@id":"https:\/\/now-news.de\/de\/#organization","name":"Just Now News","url":"https:\/\/now-news.de\/de\/","logo":{"@type":"ImageObject","inLanguage":"de","@id":"https:\/\/now-news.de\/de\/#\/schema\/logo\/image\/","url":"http:\/\/just-now.news\/de\/wp-content\/uploads\/sites\/3\/2022\/04\/logo500x500.jpg","contentUrl":"http:\/\/just-now.news\/de\/wp-content\/uploads\/sites\/3\/2022\/04\/logo500x500.jpg","width":500,"height":500,"caption":"Just Now News"},"image":{"@id":"https:\/\/now-news.de\/de\/#\/schema\/logo\/image\/"},"sameAs":["https:\/\/www.facebook.com\/wirmachenauf","https:\/\/x.com\/WirMachenAuf_de"]},{"@type":"Person","@id":"https:\/\/now-news.de\/de\/#\/schema\/person\/fb534a4e865501d8b3285208df34a9b5","name":"rtnews","image":{"@type":"ImageObject","inLanguage":"de","@id":"https:\/\/now-news.de\/de\/#\/schema\/person\/image\/","url":"https:\/\/secure.gravatar.com\/avatar\/82aafea7d8127119dd649515f56e2117?s=96&d=mm&r=g","contentUrl":"https:\/\/secure.gravatar.com\/avatar\/82aafea7d8127119dd649515f56e2117?s=96&d=mm&r=g","caption":"rtnews"},"url":"https:\/\/now-news.de\/de\/author\/rnews\/"}]}},"_links":{"self":[{"href":"https:\/\/now-news.de\/de\/wp-json\/wp\/v2\/posts\/59512"}],"collection":[{"href":"https:\/\/now-news.de\/de\/wp-json\/wp\/v2\/posts"}],"about":[{"href":"https:\/\/now-news.de\/de\/wp-json\/wp\/v2\/types\/post"}],"author":[{"embeddable":true,"href":"https:\/\/now-news.de\/de\/wp-json\/wp\/v2\/users\/3"}],"replies":[{"embeddable":true,"href":"https:\/\/now-news.de\/de\/wp-json\/wp\/v2\/comments?post=59512"}],"version-history":[{"count":0,"href":"https:\/\/now-news.de\/de\/wp-json\/wp\/v2\/posts\/59512\/revisions"}],"wp:featuredmedia":[{"embeddable":true,"href":"https:\/\/now-news.de\/de\/wp-json\/wp\/v2\/media\/59513"}],"wp:attachment":[{"href":"https:\/\/now-news.de\/de\/wp-json\/wp\/v2\/media?parent=59512"}],"wp:term":[{"taxonomy":"category","embeddable":true,"href":"https:\/\/now-news.de\/de\/wp-json\/wp\/v2\/categories?post=59512"},{"taxonomy":"post_tag","embeddable":true,"href":"https:\/\/now-news.de\/de\/wp-json\/wp\/v2\/tags?post=59512"}],"curies":[{"name":"wp","href":"https:\/\/api.w.org\/{rel}","templated":true}]}}