{"id":59504,"date":"2024-06-04T22:21:36","date_gmt":"2024-06-04T20:21:36","guid":{"rendered":"https:\/\/now-news.de\/de\/deutschland\/putin-ernennt-schoigu-zum-koordinator-fuer-die-verteidigungsindustrie\/"},"modified":"2024-06-04T22:21:36","modified_gmt":"2024-06-04T20:21:36","slug":"putin-ernennt-schoigu-zum-koordinator-fuer-die-verteidigungsindustrie","status":"publish","type":"post","link":"https:\/\/now-news.de\/de\/deutschland\/putin-ernennt-schoigu-zum-koordinator-fuer-die-verteidigungsindustrie\/","title":{"rendered":"Putin ernennt Schoigu zum Koordinator f\u00fcr die Verteidigungsindustrie"},"content":{"rendered":"<p><img decoding=\"async\" src=\"https:\/\/now-news.de\/de\/wp-content\/uploads\/sites\/3\/2024\/06\/665f5eb048fbef1dbd1a7213.jpg\" \/><\/p>\n<div class=\"Text-root Text-type_1 \">\n                Der ehemalige russische Verteidigungsminister Sergei Schoigu hat seit heute eine neue Aufgabe: In seinem Amt als Sekret\u00e4r des nationalen Sicherheitsrates wurde er durch Pr\u00e4sident Wladimir Putin mit der Koordination der Entwicklung der Verteidigungsindustrie des Landes betraut.\n            <\/div>\n<p><\/p>\n<div class=\"Text-root Text-type_5 ArticleView-text ViewText-root \">\n<p>Russlands Pr\u00e4sident Wladimir Putin hat den ehemaligen Verteidigungsminister und aktuellen Sekret\u00e4r des russischen Sicherheitsrates, Sergei Schoigu, am Dienstag zum Koordinator der Entwicklung der Verteidigungsindustrie ernannt.<\/p>\n<p>Bei einem Treffen mit Mitgliedern der russischen Regierung per Videokonferenz sagte Putin am Dienstagabend:<\/p>\n<blockquote>\n<p><em>&#8220;Da die Themen vielf\u00e4ltig sind, m\u00fcssen wir die Rentabilit\u00e4t der Produktion ber\u00fccksichtigen, wir m\u00fcssen sicherstellen, dass das Verteidigungsministerium die entsprechende Ausr\u00fcstung erh\u00e4lt. Hier brauchen wir einen unabh\u00e4ngigen Koordinator f\u00fcr all diese Arbeiten. Dieser Koordinator wird der Sekret\u00e4r des Sicherheitsrates sein.&#8221;<\/em><\/p>\n<\/blockquote>\n<p>Schoigu war vom 6. November 2012 bis zum 12. Mai des laufenden Jahres Verteidigungsminister der Russischen F\u00f6deration. Auf dem Posten des Verteidigungsministers wurde er von Andrei Beloussow abgel\u00f6st.<\/p>\n<p>Der 69 Jahre alte Ex-Minister ist von Beruf Bauingenieur und war von 1994 bis 2012 Minister f\u00fcr Katastrophenschutz, womit er \u00f6ffentliche Anerkennung und Popularit\u00e4t erlangte. Im Jahr 2012 war er kurze Zeit Verwaltungschef des Gebiets Moskau. Seiner Abl\u00f6sung als Verteidigungsminister ging im April 2024 die Verhaftung eines seiner Stellvertreter in einem Ermittlungsverfahren wegen Korruptionsverdachts voraus.<\/p>\n<p><strong>Mehr zum Thema<\/strong> &#8211; <a rel=\"nofollow noopener\" target=\"_blank\" href=\"https:\/\/freedert.online\/russland\/205735-global-times-russland-ist-bereit\/\">Global Times: Russland ist bereit, in der Ukraine &#8220;auf lange Sicht zu spielen&#8221;<\/a><\/p>\n<\/p>\n<\/div>\n<p><br \/>\n<br \/><a href=\"https:\/\/de.rt.com\/russland\/208166-putin-ernennt-schoigu-zum-koordinator\/\">Source link <\/a><\/p>\n","protected":false},"excerpt":{"rendered":"<p>Der ehemalige russische Verteidigungsminister Sergei Schoigu hat seit heute eine neue Aufgabe: In seinem Amt als Sekret\u00e4r des nationalen Sicherheitsrates wurde er durch Pr\u00e4sident Wladimir Putin mit der Koordination der Entwicklung der Verteidigungsindustrie des Landes betraut. Russlands Pr\u00e4sident Wladimir Putin hat den ehemaligen Verteidigungsminister und aktuellen Sekret\u00e4r des russischen Sicherheitsrates, Sergei Schoigu, am Dienstag zum [&hellip;]<\/p>\n","protected":false},"author":3,"featured_media":59505,"comment_status":"open","ping_status":"open","sticky":false,"template":"","format":"standard","meta":{"_yoast_indexnow_last_ping":["1717532884"],"wp_automatic_camp":["217"],"04830219ff3f4b6dd3af4dd4ad6d8013":["Putin ernennt Schoigu zum Koordinator f\u00fcr die Verteidigungsindustrie"],"original_link":["https:\/\/de.rt.com\/russland\/208166-putin-ernennt-schoigu-zum-koordinator\/"],"_thumbnail_id":["59505"],"jnews_social_counter_last_update":["1777223288"],"_wptgpro_p2tg_sent2tg":["a:1:{i:23737;s:19:\"2024-06-04 22:31:22\";}"]},"categories":[19,23],"tags":[45,18006,221,50394,125,5673,21298,565],"yoast_head":"<!-- This site is optimized with the Yoast SEO Premium plugin v22.7 (Yoast SEO v22.7) - https:\/\/yoast.com\/wordpress\/plugins\/seo\/ -->\n<title>Putin ernennt Schoigu zum Koordinator f\u00fcr die Verteidigungsindustrie - just-now.NEWS Deutschland<\/title>\n<meta name=\"robots\" content=\"index, follow, max-snippet:-1, max-image-preview:large, max-video-preview:-1\" \/>\n<link rel=\"canonical\" href=\"https:\/\/now-news.de\/de\/deutschland\/putin-ernennt-schoigu-zum-koordinator-fuer-die-verteidigungsindustrie\/\" \/>\n<meta property=\"og:locale\" content=\"de_DE\" \/>\n<meta property=\"og:type\" content=\"article\" \/>\n<meta property=\"og:title\" content=\"Putin ernennt Schoigu zum Koordinator f\u00fcr die Verteidigungsindustrie\" \/>\n<meta property=\"og:description\" content=\"Der ehemalige russische Verteidigungsminister Sergei Schoigu hat seit heute eine neue Aufgabe: In seinem Amt als Sekret\u00e4r des nationalen Sicherheitsrates wurde er durch Pr\u00e4sident Wladimir Putin mit der Koordination der Entwicklung der Verteidigungsindustrie des Landes betraut. Russlands Pr\u00e4sident Wladimir Putin hat den ehemaligen Verteidigungsminister und aktuellen Sekret\u00e4r des russischen Sicherheitsrates, Sergei Schoigu, am Dienstag zum [&hellip;]\" \/>\n<meta property=\"og:url\" content=\"https:\/\/now-news.de\/de\/deutschland\/putin-ernennt-schoigu-zum-koordinator-fuer-die-verteidigungsindustrie\/\" \/>\n<meta property=\"og:site_name\" content=\"just-now.NEWS Deutschland\" \/>\n<meta property=\"article:publisher\" content=\"https:\/\/www.facebook.com\/wirmachenauf\" \/>\n<meta property=\"article:published_time\" content=\"2024-06-04T20:21:36+00:00\" \/>\n<meta property=\"og:image\" content=\"https:\/\/now-news.de\/de\/wp-content\/uploads\/sites\/3\/2024\/06\/665f5eb048fbef1dbd1a7213.jpg\" \/>\n<meta name=\"author\" content=\"rtnews\" \/>\n<meta name=\"twitter:card\" content=\"summary_large_image\" \/>\n<meta name=\"twitter:creator\" content=\"@WirMachenAuf_de\" \/>\n<meta name=\"twitter:site\" content=\"@WirMachenAuf_de\" \/>\n<meta name=\"twitter:label1\" content=\"Verfasst von\" \/>\n\t<meta name=\"twitter:data1\" content=\"rtnews\" \/>\n\t<meta name=\"twitter:label2\" content=\"Gesch\u00e4tzte Lesezeit\" \/>\n\t<meta name=\"twitter:data2\" content=\"1\u00a0Minute\" \/>\n<script type=\"application\/ld+json\" class=\"yoast-schema-graph\">{\"@context\":\"https:\/\/schema.org\",\"@graph\":[{\"@type\":\"Article\",\"@id\":\"https:\/\/now-news.de\/de\/deutschland\/putin-ernennt-schoigu-zum-koordinator-fuer-die-verteidigungsindustrie\/#article\",\"isPartOf\":{\"@id\":\"https:\/\/now-news.de\/de\/deutschland\/putin-ernennt-schoigu-zum-koordinator-fuer-die-verteidigungsindustrie\/\"},\"author\":{\"name\":\"rtnews\",\"@id\":\"https:\/\/now-news.de\/de\/#\/schema\/person\/fb534a4e865501d8b3285208df34a9b5\"},\"headline\":\"Putin ernennt Schoigu zum Koordinator f\u00fcr die Verteidigungsindustrie\",\"datePublished\":\"2024-06-04T20:21:36+00:00\",\"dateModified\":\"2024-06-04T20:21:36+00:00\",\"mainEntityOfPage\":{\"@id\":\"https:\/\/now-news.de\/de\/deutschland\/putin-ernennt-schoigu-zum-koordinator-fuer-die-verteidigungsindustrie\/\"},\"wordCount\":238,\"commentCount\":0,\"publisher\":{\"@id\":\"https:\/\/now-news.de\/de\/#organization\"},\"image\":{\"@id\":\"https:\/\/now-news.de\/de\/deutschland\/putin-ernennt-schoigu-zum-koordinator-fuer-die-verteidigungsindustrie\/#primaryimage\"},\"thumbnailUrl\":\"https:\/\/now-news.de\/de\/wp-content\/uploads\/sites\/3\/2024\/06\/Putin-ernennt-Schoigu-zum-Koordinator-fuer-die-Verteidigungsindustrie.jpg\",\"keywords\":[\"die\",\"ernennt\",\"f\u00fcr\",\"Koordinator\",\"putin\",\"Schoigu\",\"Verteidigungsindustrie\",\"zum\"],\"articleSection\":[\"Deutschland\",\"Russland\"],\"inLanguage\":\"de\",\"potentialAction\":[{\"@type\":\"CommentAction\",\"name\":\"Comment\",\"target\":[\"https:\/\/now-news.de\/de\/deutschland\/putin-ernennt-schoigu-zum-koordinator-fuer-die-verteidigungsindustrie\/#respond\"]}]},{\"@type\":\"WebPage\",\"@id\":\"https:\/\/now-news.de\/de\/deutschland\/putin-ernennt-schoigu-zum-koordinator-fuer-die-verteidigungsindustrie\/\",\"url\":\"https:\/\/now-news.de\/de\/deutschland\/putin-ernennt-schoigu-zum-koordinator-fuer-die-verteidigungsindustrie\/\",\"name\":\"Putin ernennt Schoigu zum Koordinator f\u00fcr die Verteidigungsindustrie - just-now.NEWS Deutschland\",\"isPartOf\":{\"@id\":\"https:\/\/now-news.de\/de\/#website\"},\"primaryImageOfPage\":{\"@id\":\"https:\/\/now-news.de\/de\/deutschland\/putin-ernennt-schoigu-zum-koordinator-fuer-die-verteidigungsindustrie\/#primaryimage\"},\"image\":{\"@id\":\"https:\/\/now-news.de\/de\/deutschland\/putin-ernennt-schoigu-zum-koordinator-fuer-die-verteidigungsindustrie\/#primaryimage\"},\"thumbnailUrl\":\"https:\/\/now-news.de\/de\/wp-content\/uploads\/sites\/3\/2024\/06\/Putin-ernennt-Schoigu-zum-Koordinator-fuer-die-Verteidigungsindustrie.jpg\",\"datePublished\":\"2024-06-04T20:21:36+00:00\",\"dateModified\":\"2024-06-04T20:21:36+00:00\",\"breadcrumb\":{\"@id\":\"https:\/\/now-news.de\/de\/deutschland\/putin-ernennt-schoigu-zum-koordinator-fuer-die-verteidigungsindustrie\/#breadcrumb\"},\"inLanguage\":\"de\",\"potentialAction\":[{\"@type\":\"ReadAction\",\"target\":[\"https:\/\/now-news.de\/de\/deutschland\/putin-ernennt-schoigu-zum-koordinator-fuer-die-verteidigungsindustrie\/\"]}]},{\"@type\":\"ImageObject\",\"inLanguage\":\"de\",\"@id\":\"https:\/\/now-news.de\/de\/deutschland\/putin-ernennt-schoigu-zum-koordinator-fuer-die-verteidigungsindustrie\/#primaryimage\",\"url\":\"https:\/\/now-news.de\/de\/wp-content\/uploads\/sites\/3\/2024\/06\/Putin-ernennt-Schoigu-zum-Koordinator-fuer-die-Verteidigungsindustrie.jpg\",\"contentUrl\":\"https:\/\/now-news.de\/de\/wp-content\/uploads\/sites\/3\/2024\/06\/Putin-ernennt-Schoigu-zum-Koordinator-fuer-die-Verteidigungsindustrie.jpg\",\"width\":460,\"height\":259,\"caption\":\"Putin ernennt Schoigu zum Koordinator f\u00fcr die Verteidigungsindustrie\"},{\"@type\":\"BreadcrumbList\",\"@id\":\"https:\/\/now-news.de\/de\/deutschland\/putin-ernennt-schoigu-zum-koordinator-fuer-die-verteidigungsindustrie\/#breadcrumb\",\"itemListElement\":[{\"@type\":\"ListItem\",\"position\":1,\"name\":\"Home\",\"item\":\"https:\/\/now-news.de\/de\/\"},{\"@type\":\"ListItem\",\"position\":2,\"name\":\"Putin ernennt Schoigu zum Koordinator f\u00fcr die Verteidigungsindustrie\"}]},{\"@type\":\"WebSite\",\"@id\":\"https:\/\/now-news.de\/de\/#website\",\"url\":\"https:\/\/now-news.de\/de\/\",\"name\":\"just-now.NEWS Deutschland\",\"description\":\"Das Portal f\u00fcr unzensierte Nachrichten aus der Welt\",\"publisher\":{\"@id\":\"https:\/\/now-news.de\/de\/#organization\"},\"potentialAction\":[{\"@type\":\"SearchAction\",\"target\":{\"@type\":\"EntryPoint\",\"urlTemplate\":\"https:\/\/now-news.de\/de\/?s={search_term_string}\"},\"query-input\":\"required name=search_term_string\"}],\"inLanguage\":\"de\"},{\"@type\":\"Organization\",\"@id\":\"https:\/\/now-news.de\/de\/#organization\",\"name\":\"Just Now News\",\"url\":\"https:\/\/now-news.de\/de\/\",\"logo\":{\"@type\":\"ImageObject\",\"inLanguage\":\"de\",\"@id\":\"https:\/\/now-news.de\/de\/#\/schema\/logo\/image\/\",\"url\":\"http:\/\/just-now.news\/de\/wp-content\/uploads\/sites\/3\/2022\/04\/logo500x500.jpg\",\"contentUrl\":\"http:\/\/just-now.news\/de\/wp-content\/uploads\/sites\/3\/2022\/04\/logo500x500.jpg\",\"width\":500,\"height\":500,\"caption\":\"Just Now News\"},\"image\":{\"@id\":\"https:\/\/now-news.de\/de\/#\/schema\/logo\/image\/\"},\"sameAs\":[\"https:\/\/www.facebook.com\/wirmachenauf\",\"https:\/\/x.com\/WirMachenAuf_de\"]},{\"@type\":\"Person\",\"@id\":\"https:\/\/now-news.de\/de\/#\/schema\/person\/fb534a4e865501d8b3285208df34a9b5\",\"name\":\"rtnews\",\"image\":{\"@type\":\"ImageObject\",\"inLanguage\":\"de\",\"@id\":\"https:\/\/now-news.de\/de\/#\/schema\/person\/image\/\",\"url\":\"https:\/\/secure.gravatar.com\/avatar\/82aafea7d8127119dd649515f56e2117?s=96&d=mm&r=g\",\"contentUrl\":\"https:\/\/secure.gravatar.com\/avatar\/82aafea7d8127119dd649515f56e2117?s=96&d=mm&r=g\",\"caption\":\"rtnews\"},\"url\":\"https:\/\/now-news.de\/de\/author\/rnews\/\"}]}<\/script>\n<!-- \/ Yoast SEO Premium plugin. -->","yoast_head_json":{"title":"Putin ernennt Schoigu zum Koordinator f\u00fcr die Verteidigungsindustrie - just-now.NEWS Deutschland","robots":{"index":"index","follow":"follow","max-snippet":"max-snippet:-1","max-image-preview":"max-image-preview:large","max-video-preview":"max-video-preview:-1"},"canonical":"https:\/\/now-news.de\/de\/deutschland\/putin-ernennt-schoigu-zum-koordinator-fuer-die-verteidigungsindustrie\/","og_locale":"de_DE","og_type":"article","og_title":"Putin ernennt Schoigu zum Koordinator f\u00fcr die Verteidigungsindustrie","og_description":"Der ehemalige russische Verteidigungsminister Sergei Schoigu hat seit heute eine neue Aufgabe: In seinem Amt als Sekret\u00e4r des nationalen Sicherheitsrates wurde er durch Pr\u00e4sident Wladimir Putin mit der Koordination der Entwicklung der Verteidigungsindustrie des Landes betraut. Russlands Pr\u00e4sident Wladimir Putin hat den ehemaligen Verteidigungsminister und aktuellen Sekret\u00e4r des russischen Sicherheitsrates, Sergei Schoigu, am Dienstag zum [&hellip;]","og_url":"https:\/\/now-news.de\/de\/deutschland\/putin-ernennt-schoigu-zum-koordinator-fuer-die-verteidigungsindustrie\/","og_site_name":"just-now.NEWS Deutschland","article_publisher":"https:\/\/www.facebook.com\/wirmachenauf","article_published_time":"2024-06-04T20:21:36+00:00","og_image":[{"url":"https:\/\/now-news.de\/de\/wp-content\/uploads\/sites\/3\/2024\/06\/665f5eb048fbef1dbd1a7213.jpg"}],"author":"rtnews","twitter_card":"summary_large_image","twitter_creator":"@WirMachenAuf_de","twitter_site":"@WirMachenAuf_de","twitter_misc":{"Verfasst von":"rtnews","Gesch\u00e4tzte Lesezeit":"1\u00a0Minute"},"schema":{"@context":"https:\/\/schema.org","@graph":[{"@type":"Article","@id":"https:\/\/now-news.de\/de\/deutschland\/putin-ernennt-schoigu-zum-koordinator-fuer-die-verteidigungsindustrie\/#article","isPartOf":{"@id":"https:\/\/now-news.de\/de\/deutschland\/putin-ernennt-schoigu-zum-koordinator-fuer-die-verteidigungsindustrie\/"},"author":{"name":"rtnews","@id":"https:\/\/now-news.de\/de\/#\/schema\/person\/fb534a4e865501d8b3285208df34a9b5"},"headline":"Putin ernennt Schoigu zum Koordinator f\u00fcr die Verteidigungsindustrie","datePublished":"2024-06-04T20:21:36+00:00","dateModified":"2024-06-04T20:21:36+00:00","mainEntityOfPage":{"@id":"https:\/\/now-news.de\/de\/deutschland\/putin-ernennt-schoigu-zum-koordinator-fuer-die-verteidigungsindustrie\/"},"wordCount":238,"commentCount":0,"publisher":{"@id":"https:\/\/now-news.de\/de\/#organization"},"image":{"@id":"https:\/\/now-news.de\/de\/deutschland\/putin-ernennt-schoigu-zum-koordinator-fuer-die-verteidigungsindustrie\/#primaryimage"},"thumbnailUrl":"https:\/\/now-news.de\/de\/wp-content\/uploads\/sites\/3\/2024\/06\/Putin-ernennt-Schoigu-zum-Koordinator-fuer-die-Verteidigungsindustrie.jpg","keywords":["die","ernennt","f\u00fcr","Koordinator","putin","Schoigu","Verteidigungsindustrie","zum"],"articleSection":["Deutschland","Russland"],"inLanguage":"de","potentialAction":[{"@type":"CommentAction","name":"Comment","target":["https:\/\/now-news.de\/de\/deutschland\/putin-ernennt-schoigu-zum-koordinator-fuer-die-verteidigungsindustrie\/#respond"]}]},{"@type":"WebPage","@id":"https:\/\/now-news.de\/de\/deutschland\/putin-ernennt-schoigu-zum-koordinator-fuer-die-verteidigungsindustrie\/","url":"https:\/\/now-news.de\/de\/deutschland\/putin-ernennt-schoigu-zum-koordinator-fuer-die-verteidigungsindustrie\/","name":"Putin ernennt Schoigu zum Koordinator f\u00fcr die Verteidigungsindustrie - just-now.NEWS Deutschland","isPartOf":{"@id":"https:\/\/now-news.de\/de\/#website"},"primaryImageOfPage":{"@id":"https:\/\/now-news.de\/de\/deutschland\/putin-ernennt-schoigu-zum-koordinator-fuer-die-verteidigungsindustrie\/#primaryimage"},"image":{"@id":"https:\/\/now-news.de\/de\/deutschland\/putin-ernennt-schoigu-zum-koordinator-fuer-die-verteidigungsindustrie\/#primaryimage"},"thumbnailUrl":"https:\/\/now-news.de\/de\/wp-content\/uploads\/sites\/3\/2024\/06\/Putin-ernennt-Schoigu-zum-Koordinator-fuer-die-Verteidigungsindustrie.jpg","datePublished":"2024-06-04T20:21:36+00:00","dateModified":"2024-06-04T20:21:36+00:00","breadcrumb":{"@id":"https:\/\/now-news.de\/de\/deutschland\/putin-ernennt-schoigu-zum-koordinator-fuer-die-verteidigungsindustrie\/#breadcrumb"},"inLanguage":"de","potentialAction":[{"@type":"ReadAction","target":["https:\/\/now-news.de\/de\/deutschland\/putin-ernennt-schoigu-zum-koordinator-fuer-die-verteidigungsindustrie\/"]}]},{"@type":"ImageObject","inLanguage":"de","@id":"https:\/\/now-news.de\/de\/deutschland\/putin-ernennt-schoigu-zum-koordinator-fuer-die-verteidigungsindustrie\/#primaryimage","url":"https:\/\/now-news.de\/de\/wp-content\/uploads\/sites\/3\/2024\/06\/Putin-ernennt-Schoigu-zum-Koordinator-fuer-die-Verteidigungsindustrie.jpg","contentUrl":"https:\/\/now-news.de\/de\/wp-content\/uploads\/sites\/3\/2024\/06\/Putin-ernennt-Schoigu-zum-Koordinator-fuer-die-Verteidigungsindustrie.jpg","width":460,"height":259,"caption":"Putin ernennt Schoigu zum Koordinator f\u00fcr die Verteidigungsindustrie"},{"@type":"BreadcrumbList","@id":"https:\/\/now-news.de\/de\/deutschland\/putin-ernennt-schoigu-zum-koordinator-fuer-die-verteidigungsindustrie\/#breadcrumb","itemListElement":[{"@type":"ListItem","position":1,"name":"Home","item":"https:\/\/now-news.de\/de\/"},{"@type":"ListItem","position":2,"name":"Putin ernennt Schoigu zum Koordinator f\u00fcr die Verteidigungsindustrie"}]},{"@type":"WebSite","@id":"https:\/\/now-news.de\/de\/#website","url":"https:\/\/now-news.de\/de\/","name":"just-now.NEWS Deutschland","description":"Das Portal f\u00fcr unzensierte Nachrichten aus der Welt","publisher":{"@id":"https:\/\/now-news.de\/de\/#organization"},"potentialAction":[{"@type":"SearchAction","target":{"@type":"EntryPoint","urlTemplate":"https:\/\/now-news.de\/de\/?s={search_term_string}"},"query-input":"required name=search_term_string"}],"inLanguage":"de"},{"@type":"Organization","@id":"https:\/\/now-news.de\/de\/#organization","name":"Just Now News","url":"https:\/\/now-news.de\/de\/","logo":{"@type":"ImageObject","inLanguage":"de","@id":"https:\/\/now-news.de\/de\/#\/schema\/logo\/image\/","url":"http:\/\/just-now.news\/de\/wp-content\/uploads\/sites\/3\/2022\/04\/logo500x500.jpg","contentUrl":"http:\/\/just-now.news\/de\/wp-content\/uploads\/sites\/3\/2022\/04\/logo500x500.jpg","width":500,"height":500,"caption":"Just Now News"},"image":{"@id":"https:\/\/now-news.de\/de\/#\/schema\/logo\/image\/"},"sameAs":["https:\/\/www.facebook.com\/wirmachenauf","https:\/\/x.com\/WirMachenAuf_de"]},{"@type":"Person","@id":"https:\/\/now-news.de\/de\/#\/schema\/person\/fb534a4e865501d8b3285208df34a9b5","name":"rtnews","image":{"@type":"ImageObject","inLanguage":"de","@id":"https:\/\/now-news.de\/de\/#\/schema\/person\/image\/","url":"https:\/\/secure.gravatar.com\/avatar\/82aafea7d8127119dd649515f56e2117?s=96&d=mm&r=g","contentUrl":"https:\/\/secure.gravatar.com\/avatar\/82aafea7d8127119dd649515f56e2117?s=96&d=mm&r=g","caption":"rtnews"},"url":"https:\/\/now-news.de\/de\/author\/rnews\/"}]}},"_links":{"self":[{"href":"https:\/\/now-news.de\/de\/wp-json\/wp\/v2\/posts\/59504"}],"collection":[{"href":"https:\/\/now-news.de\/de\/wp-json\/wp\/v2\/posts"}],"about":[{"href":"https:\/\/now-news.de\/de\/wp-json\/wp\/v2\/types\/post"}],"author":[{"embeddable":true,"href":"https:\/\/now-news.de\/de\/wp-json\/wp\/v2\/users\/3"}],"replies":[{"embeddable":true,"href":"https:\/\/now-news.de\/de\/wp-json\/wp\/v2\/comments?post=59504"}],"version-history":[{"count":0,"href":"https:\/\/now-news.de\/de\/wp-json\/wp\/v2\/posts\/59504\/revisions"}],"wp:featuredmedia":[{"embeddable":true,"href":"https:\/\/now-news.de\/de\/wp-json\/wp\/v2\/media\/59505"}],"wp:attachment":[{"href":"https:\/\/now-news.de\/de\/wp-json\/wp\/v2\/media?parent=59504"}],"wp:term":[{"taxonomy":"category","embeddable":true,"href":"https:\/\/now-news.de\/de\/wp-json\/wp\/v2\/categories?post=59504"},{"taxonomy":"post_tag","embeddable":true,"href":"https:\/\/now-news.de\/de\/wp-json\/wp\/v2\/tags?post=59504"}],"curies":[{"name":"wp","href":"https:\/\/api.w.org\/{rel}","templated":true}]}}