{"id":59492,"date":"2024-06-04T20:19:49","date_gmt":"2024-06-04T18:19:49","guid":{"rendered":"https:\/\/now-news.de\/de\/deutschland\/neue-glanzleistung-der-ampel-hoehere-verguetung-von-windkraft-wegen-sinkender-strompreise\/"},"modified":"2024-06-04T20:19:49","modified_gmt":"2024-06-04T18:19:49","slug":"neue-glanzleistung-der-ampel-hoehere-verguetung-von-windkraft-wegen-sinkender-strompreise","status":"publish","type":"post","link":"https:\/\/now-news.de\/de\/deutschland\/neue-glanzleistung-der-ampel-hoehere-verguetung-von-windkraft-wegen-sinkender-strompreise\/","title":{"rendered":"Neue Glanzleistung der Ampel: H\u00f6here Verg\u00fctung von Windkraft \u2013 wegen sinkender Strompreise"},"content":{"rendered":"<p><img decoding=\"async\" src=\"https:\/\/now-news.de\/de\/wp-content\/uploads\/sites\/3\/2024\/06\/665f4d60b480cc28f20fb120.jpg\" \/><\/p>\n<div class=\"Text-root Text-type_1 \">\n                Finanzminister Christian Lindner r\u00e4umte nun ein, dass dem Klimafonds der Bundesregierung ein Loch von zehn Milliarden Euro droht. Grund daf\u00fcr sind die gesunkenen Strompreise, die zu einer hohen Einspeiseverg\u00fctung bei erneuerbaren Energien wie Windkraft f\u00fchren.\n            <\/div>\n<p><\/p>\n<div class=\"Text-root Text-type_5 ArticleView-text ViewText-root \">\n<p>Auf dem Ostdeutschen Wirtschaftsforum in Bad Saarow r\u00e4umte Bundesfinanzminister Christian Lindner (FDP) ein:<\/p>\n<blockquote>\n<p><em>&#8220;Wir haben es verbockt.&#8221;<\/em><\/p>\n<\/blockquote>\n<p>An und f\u00fcr sich ist dies angesichts der bisherigen Bilanz der Ampelkoalition keine gro\u00dfe Neuigkeit, doch hinter Lindners Bemerkung verbirgt sich die n\u00e4chste Klatsche f\u00fcr den Steuerzahler. Konkret geht es um Berechnungen von Bundeswirtschaftsminister Robert Habeck (B\u00fcndnis 90\/Die Gr\u00fcnen), die der Finanzminister kritisiert.<\/p>\n<p>Im sogenannten Klima- und Transformationsfonds, einem Sonderverm\u00f6gen der Bundesregierung zur Finanzierung der Energiewende und insbesondere neuer Heizungen, droht eine L\u00fccke von rund zehn Milliarden Euro, wie mehrere Medien bereits Mitte Mai berichteten. Grund daf\u00fcr ist der gesunkene Strompreis im Gro\u00dfhandel. Wenn dieser sinkt, muss die Bundesregierung mehr Einspeisungsverg\u00fctungen an die\u00a0Betreiber \u00e4lterer Windr\u00e4der und Solaranlagen bezahlen, die diesen garantiert werden.<\/p>\n<p>Auf Grundlage einer Prognose aus dem Jahr 2023 wurden die Ausgaben des Klimafonds der Bundesregierung f\u00fcr das laufende Jahr auf circa 10,6 Milliarden Euro beziffert worden. Nun k\u00f6nnten sich die Ausgaben auf fast 20 Milliarden Euro erh\u00f6hen. Die Prognose ging von einem Strompreis im Gro\u00dfhandel von 9,2 Cent pro Kilowattstunde aus. Tats\u00e4chlich ist der Strom in diesem Jahr jedoch deutlich g\u00fcnstiger als erwartet: Im ersten Quartal waren es im Schnitt etwa 6,8 Cent je Kilowattstunde.<\/p>\n<p>Auf dem Ostdeutschen Wirtschaftsforum erkl\u00e4rte Lindner laut einem Bericht der <em>Berliner Zeitung<\/em> in Bezug auf den Klima- und Tranformationsfonds nun: &#8220;Den hat mein Kollege Habeck f\u00fcr dieses Jahr mit zehn Milliarden Euro kalkuliert.&#8221; Lindner fuhr fort:<\/p>\n<blockquote>\n<p><em>&#8220;Es werden 19 Milliarden Euro sein.&#8221;<\/em><\/p>\n<\/blockquote>\n<p>Lindner erkl\u00e4rte auf dem Forum, wie es zu der L\u00fccke kommt und warum diese wom\u00f6glich noch gr\u00f6\u00dfer ausfallen k\u00f6nnte. Zwar gebe es aufgrund der enormen Menge an Erzeugungskapazit\u00e4t erneuerbarer Energie bereits sehr oft negative Strompreise. In Wahrheit bedeute dies aber Kosten f\u00fcr die Verbraucher. Den Grund daf\u00fcr sieht Lindner in einer veralteten Energiepolitik, denn die garantierten Einspeiseverg\u00fctung bei erneuerbaren Energien werden aus dem Staatshaushalt gezahlt \u2013 &#8220;und damit von Ihnen&#8221;, sagte Lindner ans Publikum gewandt und bezog sich damit auf die Verbraucher.<\/p>\n<p>Aus Sicht des Finanzministers tragen strukturelle Probleme wie eine veraltete Energiepolitik die Schuld an der wirtschaftlich schlechten Lage Deutschlands \u2013 aber (nat\u00fcrlich) nicht die Ampelkoalition.<\/p>\n<p>Laut Lindner bereitet die Bundesregierung mittlerweile einen Kapazit\u00e4tsmarkt f\u00fcr einen &#8220;Neuanfang&#8221; der Energiepolitik vor. Mit diesem sollen garantierte Einspeiseverg\u00fctungen und damit exorbitante Renditen nicht mehr m\u00f6glich sein, stattdessen solle es ein System aus &#8220;Angebot und Nachfrage&#8221; geben.<\/p>\n<p>Ein solches System solle nicht nur\u00a0einseitig auf die Dekarbonisierung setzen, sondern &#8220;st\u00e4rker die Gedanken der Versorgungssicherheit und des Preises in Erinnerung rufen&#8221;, erkl\u00e4rte Lindner. Zu lange habe man nur eines der Ziele verfolgt, n\u00e4mlich Klimaschutz. Bezahlbarkeit und Sicherheit der Energieversorgung seien jedoch gleichrangige Ziele, daher &#8220;m\u00fcssen wir in diesem Jahr die Gesetzgebung ver\u00e4ndern&#8221;, so Lindner. Bleibt nur zu hoffen, dass es in den entsprechenden Gesetzen nicht nur beim &#8220;Gedanken&#8221; an Versorgungssicherheit und die Preise bleibt.<\/p>\n<p><strong>Mehr zum Thema \u2013 <\/strong><a rel=\"nofollow noopener\" target=\"_blank\" href=\"https:\/\/freedert.online\/inland\/198675-bundesrechnungshofbericht-zur-energiewende-habeck-setzen\/\">Sonderbericht des Bundesrechnungshofs zur Energiewende: Habeck, setzen, Sechs! <\/a><\/p>\n<div class=\"EmbedBlock-root EmbedBlock-externalVideo EmbedBlock-odysee\">\n<div class=\"VkEmbed\"><iframe class=\"lazyload\" data-src=\"https:\/\/odysee.com\/%24\/embed\/%40RTDE%3Ae%2FPanne-mit-gr%C3%BCner-Flasche-Habeck-versucht-sich-bei-F%C3%A4hrentaufe%3A5\" frameborder=\"0\" width=\"853\" height=\"480\" allowfullscreen><\/iframe><\/div>\n<\/div>\n<\/div>\n<p><br \/>\n<br \/><a href=\"https:\/\/de.rt.com\/inland\/208155-neue-glanzleistung-ampel-mehr-verguetung\/\">Source link <\/a><\/p>\n","protected":false},"excerpt":{"rendered":"<p>Finanzminister Christian Lindner r\u00e4umte nun ein, dass dem Klimafonds der Bundesregierung ein Loch von zehn Milliarden Euro droht. Grund daf\u00fcr sind die gesunkenen Strompreise, die zu einer hohen Einspeiseverg\u00fctung bei erneuerbaren Energien wie Windkraft f\u00fchren. Auf dem Ostdeutschen Wirtschaftsforum in Bad Saarow r\u00e4umte Bundesfinanzminister Christian Lindner (FDP) ein: &#8220;Wir haben es verbockt.&#8221; An und f\u00fcr [&hellip;]<\/p>\n","protected":false},"author":3,"featured_media":59493,"comment_status":"open","ping_status":"open","sticky":false,"template":"","format":"standard","meta":{"_yoast_indexnow_last_ping":["1717526075"],"wp_automatic_camp":["217"],"87957b0f32aa3dcd7f58c9e7e90f97c8":["Neue Glanzleistung der Ampel: H\u00f6here Verg\u00fctung von Windkraft \u2013 wegen sinkender Strompreise"],"original_link":["https:\/\/de.rt.com\/inland\/208155-neue-glanzleistung-ampel-mehr-verguetung\/"],"_thumbnail_id":["59493"],"jnews_social_counter_last_update":["1777215052"],"_wptgpro_p2tg_sent2tg":["a:1:{i:23737;s:19:\"2024-06-04 20:38:22\";}"]},"categories":[19,23],"tags":[20367,82,55496,20853,1227,35575,23382,55497,50,145,55498],"yoast_head":"<!-- This site is optimized with the Yoast SEO Premium plugin v22.7 (Yoast SEO v22.7) - https:\/\/yoast.com\/wordpress\/plugins\/seo\/ -->\n<title>Neue Glanzleistung der Ampel: H\u00f6here Verg\u00fctung von Windkraft \u2013 wegen sinkender Strompreise - just-now.NEWS Deutschland<\/title>\n<meta name=\"robots\" content=\"index, follow, max-snippet:-1, max-image-preview:large, max-video-preview:-1\" \/>\n<link rel=\"canonical\" href=\"https:\/\/now-news.de\/de\/deutschland\/neue-glanzleistung-der-ampel-hoehere-verguetung-von-windkraft-wegen-sinkender-strompreise\/\" \/>\n<meta property=\"og:locale\" content=\"de_DE\" \/>\n<meta property=\"og:type\" content=\"article\" \/>\n<meta property=\"og:title\" content=\"Neue Glanzleistung der Ampel: H\u00f6here Verg\u00fctung von Windkraft \u2013 wegen sinkender Strompreise\" \/>\n<meta property=\"og:description\" content=\"Finanzminister Christian Lindner r\u00e4umte nun ein, dass dem Klimafonds der Bundesregierung ein Loch von zehn Milliarden Euro droht. Grund daf\u00fcr sind die gesunkenen Strompreise, die zu einer hohen Einspeiseverg\u00fctung bei erneuerbaren Energien wie Windkraft f\u00fchren. Auf dem Ostdeutschen Wirtschaftsforum in Bad Saarow r\u00e4umte Bundesfinanzminister Christian Lindner (FDP) ein: &#8220;Wir haben es verbockt.&#8221; An und f\u00fcr [&hellip;]\" \/>\n<meta property=\"og:url\" content=\"https:\/\/now-news.de\/de\/deutschland\/neue-glanzleistung-der-ampel-hoehere-verguetung-von-windkraft-wegen-sinkender-strompreise\/\" \/>\n<meta property=\"og:site_name\" content=\"just-now.NEWS Deutschland\" \/>\n<meta property=\"article:publisher\" content=\"https:\/\/www.facebook.com\/wirmachenauf\" \/>\n<meta property=\"article:published_time\" content=\"2024-06-04T18:19:49+00:00\" \/>\n<meta property=\"og:image\" content=\"https:\/\/now-news.de\/de\/wp-content\/uploads\/sites\/3\/2024\/06\/665f4d60b480cc28f20fb120.jpg\" \/>\n<meta name=\"author\" content=\"rtnews\" \/>\n<meta name=\"twitter:card\" content=\"summary_large_image\" \/>\n<meta name=\"twitter:creator\" content=\"@WirMachenAuf_de\" \/>\n<meta name=\"twitter:site\" content=\"@WirMachenAuf_de\" \/>\n<meta name=\"twitter:label1\" content=\"Verfasst von\" \/>\n\t<meta name=\"twitter:data1\" content=\"rtnews\" \/>\n\t<meta name=\"twitter:label2\" content=\"Gesch\u00e4tzte Lesezeit\" \/>\n\t<meta name=\"twitter:data2\" content=\"3\u00a0Minuten\" \/>\n<script type=\"application\/ld+json\" class=\"yoast-schema-graph\">{\"@context\":\"https:\/\/schema.org\",\"@graph\":[{\"@type\":\"Article\",\"@id\":\"https:\/\/now-news.de\/de\/deutschland\/neue-glanzleistung-der-ampel-hoehere-verguetung-von-windkraft-wegen-sinkender-strompreise\/#article\",\"isPartOf\":{\"@id\":\"https:\/\/now-news.de\/de\/deutschland\/neue-glanzleistung-der-ampel-hoehere-verguetung-von-windkraft-wegen-sinkender-strompreise\/\"},\"author\":{\"name\":\"rtnews\",\"@id\":\"https:\/\/now-news.de\/de\/#\/schema\/person\/fb534a4e865501d8b3285208df34a9b5\"},\"headline\":\"Neue Glanzleistung der Ampel: H\u00f6here Verg\u00fctung von Windkraft \u2013 wegen sinkender Strompreise\",\"datePublished\":\"2024-06-04T18:19:49+00:00\",\"dateModified\":\"2024-06-04T18:19:49+00:00\",\"mainEntityOfPage\":{\"@id\":\"https:\/\/now-news.de\/de\/deutschland\/neue-glanzleistung-der-ampel-hoehere-verguetung-von-windkraft-wegen-sinkender-strompreise\/\"},\"wordCount\":555,\"commentCount\":0,\"publisher\":{\"@id\":\"https:\/\/now-news.de\/de\/#organization\"},\"image\":{\"@id\":\"https:\/\/now-news.de\/de\/deutschland\/neue-glanzleistung-der-ampel-hoehere-verguetung-von-windkraft-wegen-sinkender-strompreise\/#primaryimage\"},\"thumbnailUrl\":\"https:\/\/now-news.de\/de\/wp-content\/uploads\/sites\/3\/2024\/06\/Neue-Glanzleistung-der-Ampel-Hoehere-Verguetung-von-Windkraft-\u2013-wegen.jpg\",\"keywords\":[\"Ampel\",\"der\",\"Glanzleistung\",\"h\u00f6here\",\"NEUE\",\"sinkender\",\"Strompreise\",\"Verg\u00fctung\",\"von\",\"wegen\",\"Windkraft\"],\"articleSection\":[\"Deutschland\",\"Russland\"],\"inLanguage\":\"de\",\"potentialAction\":[{\"@type\":\"CommentAction\",\"name\":\"Comment\",\"target\":[\"https:\/\/now-news.de\/de\/deutschland\/neue-glanzleistung-der-ampel-hoehere-verguetung-von-windkraft-wegen-sinkender-strompreise\/#respond\"]}]},{\"@type\":\"WebPage\",\"@id\":\"https:\/\/now-news.de\/de\/deutschland\/neue-glanzleistung-der-ampel-hoehere-verguetung-von-windkraft-wegen-sinkender-strompreise\/\",\"url\":\"https:\/\/now-news.de\/de\/deutschland\/neue-glanzleistung-der-ampel-hoehere-verguetung-von-windkraft-wegen-sinkender-strompreise\/\",\"name\":\"Neue Glanzleistung der Ampel: H\u00f6here Verg\u00fctung von Windkraft \u2013 wegen sinkender Strompreise - just-now.NEWS Deutschland\",\"isPartOf\":{\"@id\":\"https:\/\/now-news.de\/de\/#website\"},\"primaryImageOfPage\":{\"@id\":\"https:\/\/now-news.de\/de\/deutschland\/neue-glanzleistung-der-ampel-hoehere-verguetung-von-windkraft-wegen-sinkender-strompreise\/#primaryimage\"},\"image\":{\"@id\":\"https:\/\/now-news.de\/de\/deutschland\/neue-glanzleistung-der-ampel-hoehere-verguetung-von-windkraft-wegen-sinkender-strompreise\/#primaryimage\"},\"thumbnailUrl\":\"https:\/\/now-news.de\/de\/wp-content\/uploads\/sites\/3\/2024\/06\/Neue-Glanzleistung-der-Ampel-Hoehere-Verguetung-von-Windkraft-\u2013-wegen.jpg\",\"datePublished\":\"2024-06-04T18:19:49+00:00\",\"dateModified\":\"2024-06-04T18:19:49+00:00\",\"breadcrumb\":{\"@id\":\"https:\/\/now-news.de\/de\/deutschland\/neue-glanzleistung-der-ampel-hoehere-verguetung-von-windkraft-wegen-sinkender-strompreise\/#breadcrumb\"},\"inLanguage\":\"de\",\"potentialAction\":[{\"@type\":\"ReadAction\",\"target\":[\"https:\/\/now-news.de\/de\/deutschland\/neue-glanzleistung-der-ampel-hoehere-verguetung-von-windkraft-wegen-sinkender-strompreise\/\"]}]},{\"@type\":\"ImageObject\",\"inLanguage\":\"de\",\"@id\":\"https:\/\/now-news.de\/de\/deutschland\/neue-glanzleistung-der-ampel-hoehere-verguetung-von-windkraft-wegen-sinkender-strompreise\/#primaryimage\",\"url\":\"https:\/\/now-news.de\/de\/wp-content\/uploads\/sites\/3\/2024\/06\/Neue-Glanzleistung-der-Ampel-Hoehere-Verguetung-von-Windkraft-\u2013-wegen.jpg\",\"contentUrl\":\"https:\/\/now-news.de\/de\/wp-content\/uploads\/sites\/3\/2024\/06\/Neue-Glanzleistung-der-Ampel-Hoehere-Verguetung-von-Windkraft-\u2013-wegen.jpg\",\"width\":460,\"height\":259,\"caption\":\"Neue Glanzleistung der Ampel: H\u00f6here Verg\u00fctung von Windkraft \u2013 wegen sinkender Strompreise\"},{\"@type\":\"BreadcrumbList\",\"@id\":\"https:\/\/now-news.de\/de\/deutschland\/neue-glanzleistung-der-ampel-hoehere-verguetung-von-windkraft-wegen-sinkender-strompreise\/#breadcrumb\",\"itemListElement\":[{\"@type\":\"ListItem\",\"position\":1,\"name\":\"Home\",\"item\":\"https:\/\/now-news.de\/de\/\"},{\"@type\":\"ListItem\",\"position\":2,\"name\":\"Neue Glanzleistung der Ampel: H\u00f6here Verg\u00fctung von Windkraft \u2013 wegen sinkender Strompreise\"}]},{\"@type\":\"WebSite\",\"@id\":\"https:\/\/now-news.de\/de\/#website\",\"url\":\"https:\/\/now-news.de\/de\/\",\"name\":\"just-now.NEWS Deutschland\",\"description\":\"Das Portal f\u00fcr unzensierte Nachrichten aus der Welt\",\"publisher\":{\"@id\":\"https:\/\/now-news.de\/de\/#organization\"},\"potentialAction\":[{\"@type\":\"SearchAction\",\"target\":{\"@type\":\"EntryPoint\",\"urlTemplate\":\"https:\/\/now-news.de\/de\/?s={search_term_string}\"},\"query-input\":\"required name=search_term_string\"}],\"inLanguage\":\"de\"},{\"@type\":\"Organization\",\"@id\":\"https:\/\/now-news.de\/de\/#organization\",\"name\":\"Just Now News\",\"url\":\"https:\/\/now-news.de\/de\/\",\"logo\":{\"@type\":\"ImageObject\",\"inLanguage\":\"de\",\"@id\":\"https:\/\/now-news.de\/de\/#\/schema\/logo\/image\/\",\"url\":\"http:\/\/just-now.news\/de\/wp-content\/uploads\/sites\/3\/2022\/04\/logo500x500.jpg\",\"contentUrl\":\"http:\/\/just-now.news\/de\/wp-content\/uploads\/sites\/3\/2022\/04\/logo500x500.jpg\",\"width\":500,\"height\":500,\"caption\":\"Just Now News\"},\"image\":{\"@id\":\"https:\/\/now-news.de\/de\/#\/schema\/logo\/image\/\"},\"sameAs\":[\"https:\/\/www.facebook.com\/wirmachenauf\",\"https:\/\/x.com\/WirMachenAuf_de\"]},{\"@type\":\"Person\",\"@id\":\"https:\/\/now-news.de\/de\/#\/schema\/person\/fb534a4e865501d8b3285208df34a9b5\",\"name\":\"rtnews\",\"image\":{\"@type\":\"ImageObject\",\"inLanguage\":\"de\",\"@id\":\"https:\/\/now-news.de\/de\/#\/schema\/person\/image\/\",\"url\":\"https:\/\/secure.gravatar.com\/avatar\/82aafea7d8127119dd649515f56e2117?s=96&d=mm&r=g\",\"contentUrl\":\"https:\/\/secure.gravatar.com\/avatar\/82aafea7d8127119dd649515f56e2117?s=96&d=mm&r=g\",\"caption\":\"rtnews\"},\"url\":\"https:\/\/now-news.de\/de\/author\/rnews\/\"}]}<\/script>\n<!-- \/ Yoast SEO Premium plugin. -->","yoast_head_json":{"title":"Neue Glanzleistung der Ampel: H\u00f6here Verg\u00fctung von Windkraft \u2013 wegen sinkender Strompreise - just-now.NEWS Deutschland","robots":{"index":"index","follow":"follow","max-snippet":"max-snippet:-1","max-image-preview":"max-image-preview:large","max-video-preview":"max-video-preview:-1"},"canonical":"https:\/\/now-news.de\/de\/deutschland\/neue-glanzleistung-der-ampel-hoehere-verguetung-von-windkraft-wegen-sinkender-strompreise\/","og_locale":"de_DE","og_type":"article","og_title":"Neue Glanzleistung der Ampel: H\u00f6here Verg\u00fctung von Windkraft \u2013 wegen sinkender Strompreise","og_description":"Finanzminister Christian Lindner r\u00e4umte nun ein, dass dem Klimafonds der Bundesregierung ein Loch von zehn Milliarden Euro droht. Grund daf\u00fcr sind die gesunkenen Strompreise, die zu einer hohen Einspeiseverg\u00fctung bei erneuerbaren Energien wie Windkraft f\u00fchren. Auf dem Ostdeutschen Wirtschaftsforum in Bad Saarow r\u00e4umte Bundesfinanzminister Christian Lindner (FDP) ein: &#8220;Wir haben es verbockt.&#8221; An und f\u00fcr [&hellip;]","og_url":"https:\/\/now-news.de\/de\/deutschland\/neue-glanzleistung-der-ampel-hoehere-verguetung-von-windkraft-wegen-sinkender-strompreise\/","og_site_name":"just-now.NEWS Deutschland","article_publisher":"https:\/\/www.facebook.com\/wirmachenauf","article_published_time":"2024-06-04T18:19:49+00:00","og_image":[{"url":"https:\/\/now-news.de\/de\/wp-content\/uploads\/sites\/3\/2024\/06\/665f4d60b480cc28f20fb120.jpg"}],"author":"rtnews","twitter_card":"summary_large_image","twitter_creator":"@WirMachenAuf_de","twitter_site":"@WirMachenAuf_de","twitter_misc":{"Verfasst von":"rtnews","Gesch\u00e4tzte Lesezeit":"3\u00a0Minuten"},"schema":{"@context":"https:\/\/schema.org","@graph":[{"@type":"Article","@id":"https:\/\/now-news.de\/de\/deutschland\/neue-glanzleistung-der-ampel-hoehere-verguetung-von-windkraft-wegen-sinkender-strompreise\/#article","isPartOf":{"@id":"https:\/\/now-news.de\/de\/deutschland\/neue-glanzleistung-der-ampel-hoehere-verguetung-von-windkraft-wegen-sinkender-strompreise\/"},"author":{"name":"rtnews","@id":"https:\/\/now-news.de\/de\/#\/schema\/person\/fb534a4e865501d8b3285208df34a9b5"},"headline":"Neue Glanzleistung der Ampel: H\u00f6here Verg\u00fctung von Windkraft \u2013 wegen sinkender Strompreise","datePublished":"2024-06-04T18:19:49+00:00","dateModified":"2024-06-04T18:19:49+00:00","mainEntityOfPage":{"@id":"https:\/\/now-news.de\/de\/deutschland\/neue-glanzleistung-der-ampel-hoehere-verguetung-von-windkraft-wegen-sinkender-strompreise\/"},"wordCount":555,"commentCount":0,"publisher":{"@id":"https:\/\/now-news.de\/de\/#organization"},"image":{"@id":"https:\/\/now-news.de\/de\/deutschland\/neue-glanzleistung-der-ampel-hoehere-verguetung-von-windkraft-wegen-sinkender-strompreise\/#primaryimage"},"thumbnailUrl":"https:\/\/now-news.de\/de\/wp-content\/uploads\/sites\/3\/2024\/06\/Neue-Glanzleistung-der-Ampel-Hoehere-Verguetung-von-Windkraft-\u2013-wegen.jpg","keywords":["Ampel","der","Glanzleistung","h\u00f6here","NEUE","sinkender","Strompreise","Verg\u00fctung","von","wegen","Windkraft"],"articleSection":["Deutschland","Russland"],"inLanguage":"de","potentialAction":[{"@type":"CommentAction","name":"Comment","target":["https:\/\/now-news.de\/de\/deutschland\/neue-glanzleistung-der-ampel-hoehere-verguetung-von-windkraft-wegen-sinkender-strompreise\/#respond"]}]},{"@type":"WebPage","@id":"https:\/\/now-news.de\/de\/deutschland\/neue-glanzleistung-der-ampel-hoehere-verguetung-von-windkraft-wegen-sinkender-strompreise\/","url":"https:\/\/now-news.de\/de\/deutschland\/neue-glanzleistung-der-ampel-hoehere-verguetung-von-windkraft-wegen-sinkender-strompreise\/","name":"Neue Glanzleistung der Ampel: H\u00f6here Verg\u00fctung von Windkraft \u2013 wegen sinkender Strompreise - just-now.NEWS Deutschland","isPartOf":{"@id":"https:\/\/now-news.de\/de\/#website"},"primaryImageOfPage":{"@id":"https:\/\/now-news.de\/de\/deutschland\/neue-glanzleistung-der-ampel-hoehere-verguetung-von-windkraft-wegen-sinkender-strompreise\/#primaryimage"},"image":{"@id":"https:\/\/now-news.de\/de\/deutschland\/neue-glanzleistung-der-ampel-hoehere-verguetung-von-windkraft-wegen-sinkender-strompreise\/#primaryimage"},"thumbnailUrl":"https:\/\/now-news.de\/de\/wp-content\/uploads\/sites\/3\/2024\/06\/Neue-Glanzleistung-der-Ampel-Hoehere-Verguetung-von-Windkraft-\u2013-wegen.jpg","datePublished":"2024-06-04T18:19:49+00:00","dateModified":"2024-06-04T18:19:49+00:00","breadcrumb":{"@id":"https:\/\/now-news.de\/de\/deutschland\/neue-glanzleistung-der-ampel-hoehere-verguetung-von-windkraft-wegen-sinkender-strompreise\/#breadcrumb"},"inLanguage":"de","potentialAction":[{"@type":"ReadAction","target":["https:\/\/now-news.de\/de\/deutschland\/neue-glanzleistung-der-ampel-hoehere-verguetung-von-windkraft-wegen-sinkender-strompreise\/"]}]},{"@type":"ImageObject","inLanguage":"de","@id":"https:\/\/now-news.de\/de\/deutschland\/neue-glanzleistung-der-ampel-hoehere-verguetung-von-windkraft-wegen-sinkender-strompreise\/#primaryimage","url":"https:\/\/now-news.de\/de\/wp-content\/uploads\/sites\/3\/2024\/06\/Neue-Glanzleistung-der-Ampel-Hoehere-Verguetung-von-Windkraft-\u2013-wegen.jpg","contentUrl":"https:\/\/now-news.de\/de\/wp-content\/uploads\/sites\/3\/2024\/06\/Neue-Glanzleistung-der-Ampel-Hoehere-Verguetung-von-Windkraft-\u2013-wegen.jpg","width":460,"height":259,"caption":"Neue Glanzleistung der Ampel: H\u00f6here Verg\u00fctung von Windkraft \u2013 wegen sinkender Strompreise"},{"@type":"BreadcrumbList","@id":"https:\/\/now-news.de\/de\/deutschland\/neue-glanzleistung-der-ampel-hoehere-verguetung-von-windkraft-wegen-sinkender-strompreise\/#breadcrumb","itemListElement":[{"@type":"ListItem","position":1,"name":"Home","item":"https:\/\/now-news.de\/de\/"},{"@type":"ListItem","position":2,"name":"Neue Glanzleistung der Ampel: H\u00f6here Verg\u00fctung von Windkraft \u2013 wegen sinkender Strompreise"}]},{"@type":"WebSite","@id":"https:\/\/now-news.de\/de\/#website","url":"https:\/\/now-news.de\/de\/","name":"just-now.NEWS Deutschland","description":"Das Portal f\u00fcr unzensierte Nachrichten aus der Welt","publisher":{"@id":"https:\/\/now-news.de\/de\/#organization"},"potentialAction":[{"@type":"SearchAction","target":{"@type":"EntryPoint","urlTemplate":"https:\/\/now-news.de\/de\/?s={search_term_string}"},"query-input":"required name=search_term_string"}],"inLanguage":"de"},{"@type":"Organization","@id":"https:\/\/now-news.de\/de\/#organization","name":"Just Now News","url":"https:\/\/now-news.de\/de\/","logo":{"@type":"ImageObject","inLanguage":"de","@id":"https:\/\/now-news.de\/de\/#\/schema\/logo\/image\/","url":"http:\/\/just-now.news\/de\/wp-content\/uploads\/sites\/3\/2022\/04\/logo500x500.jpg","contentUrl":"http:\/\/just-now.news\/de\/wp-content\/uploads\/sites\/3\/2022\/04\/logo500x500.jpg","width":500,"height":500,"caption":"Just Now News"},"image":{"@id":"https:\/\/now-news.de\/de\/#\/schema\/logo\/image\/"},"sameAs":["https:\/\/www.facebook.com\/wirmachenauf","https:\/\/x.com\/WirMachenAuf_de"]},{"@type":"Person","@id":"https:\/\/now-news.de\/de\/#\/schema\/person\/fb534a4e865501d8b3285208df34a9b5","name":"rtnews","image":{"@type":"ImageObject","inLanguage":"de","@id":"https:\/\/now-news.de\/de\/#\/schema\/person\/image\/","url":"https:\/\/secure.gravatar.com\/avatar\/82aafea7d8127119dd649515f56e2117?s=96&d=mm&r=g","contentUrl":"https:\/\/secure.gravatar.com\/avatar\/82aafea7d8127119dd649515f56e2117?s=96&d=mm&r=g","caption":"rtnews"},"url":"https:\/\/now-news.de\/de\/author\/rnews\/"}]}},"_links":{"self":[{"href":"https:\/\/now-news.de\/de\/wp-json\/wp\/v2\/posts\/59492"}],"collection":[{"href":"https:\/\/now-news.de\/de\/wp-json\/wp\/v2\/posts"}],"about":[{"href":"https:\/\/now-news.de\/de\/wp-json\/wp\/v2\/types\/post"}],"author":[{"embeddable":true,"href":"https:\/\/now-news.de\/de\/wp-json\/wp\/v2\/users\/3"}],"replies":[{"embeddable":true,"href":"https:\/\/now-news.de\/de\/wp-json\/wp\/v2\/comments?post=59492"}],"version-history":[{"count":0,"href":"https:\/\/now-news.de\/de\/wp-json\/wp\/v2\/posts\/59492\/revisions"}],"wp:featuredmedia":[{"embeddable":true,"href":"https:\/\/now-news.de\/de\/wp-json\/wp\/v2\/media\/59493"}],"wp:attachment":[{"href":"https:\/\/now-news.de\/de\/wp-json\/wp\/v2\/media?parent=59492"}],"wp:term":[{"taxonomy":"category","embeddable":true,"href":"https:\/\/now-news.de\/de\/wp-json\/wp\/v2\/categories?post=59492"},{"taxonomy":"post_tag","embeddable":true,"href":"https:\/\/now-news.de\/de\/wp-json\/wp\/v2\/tags?post=59492"}],"curies":[{"name":"wp","href":"https:\/\/api.w.org\/{rel}","templated":true}]}}