{"id":59490,"date":"2024-06-04T20:01:08","date_gmt":"2024-06-04T18:01:08","guid":{"rendered":"https:\/\/now-news.de\/de\/deutschland\/die-schleichende-verstrickung-des-westens-in-den-ukraine-krieg\/"},"modified":"2024-06-04T20:01:08","modified_gmt":"2024-06-04T18:01:08","slug":"die-schleichende-verstrickung-des-westens-in-den-ukraine-krieg","status":"publish","type":"post","link":"https:\/\/now-news.de\/de\/deutschland\/die-schleichende-verstrickung-des-westens-in-den-ukraine-krieg\/","title":{"rendered":"Die schleichende Verstrickung des Westens in den Ukraine-Krieg"},"content":{"rendered":"<p><img decoding=\"async\" src=\"https:\/\/now-news.de\/de\/wp-content\/uploads\/sites\/3\/2024\/06\/665f2df6b480cc285362a682.jpg\" \/><\/p>\n<div class=\"Text-root Text-type_1 \">\n                Mit der Erlaubnis f\u00fcr Kiew, Ziele tief im russischen Staatsgebiet anzugreifen, drehen etliche europ\u00e4ische NATO-L\u00e4nder weiter an der Eskalationsspirale. Wenn es so weitergeht, werden sie sich als direkte Teilnehmer an einem Krieg wiederfinden, der zum Verlust ihrer Souver\u00e4nit\u00e4t f\u00fchren k\u00f6nnte.\n            <\/div>\n<p><\/p>\n<div class=\"Text-root Text-type_5 ArticleView-text ViewText-root \">\n<p><em>Von Dmitri Jewstafjew<\/em><\/p>\n<p>Man k\u00f6nnte den Monatswechsel vom Mai in den Juni im Jahr 2024 als &#8220;Eskalationsparade&#8221; der NATO-Mitgliedstaaten bezeichnen, die Kiew massiv das Recht einr\u00e4umten, Waffen westlicher Produktion gegen Objekte in den russischen Regionen einzusetzen, die vom Westen als Teil Russlands anerkannt werden. Kanadas Au\u00dfenministerin Melanie Joly war die Erste, die sich zu Wort meldete und die NATO-Mitgliedstaaten aufforderte, in dieser Frage &#8220;fortschrittlicher&#8221; zu sein. Frankreichs Pr\u00e4sident Emmanuel Macron sprach sich ebenfalls f\u00fcr eine solche Politik aus, wenn auch mit Einschr\u00e4nkungen (nur die Objekte, von denen aus Angriffe auf das ukrainische Hoheitsgebiet durchgef\u00fchrt werden, sollten Ziele von Angriffen sein). Laut dem britischen Au\u00dfenminister David Cameron hat das Vereinigte K\u00f6nigreich Kiew nie derartige Beschr\u00e4nkungen auferlegt. Das anf\u00e4ngliche Fehlen solcher Einschr\u00e4nkungen wurde auch in den Niederlanden hervorgehoben. Auch Finnland unterst\u00fctzte die Angriffe auf russisches Territorium, obwohl Pr\u00e4sident Alexander Stubb forderte, dass die Angriffe im Rahmen des &#8220;internationalen Rechts&#8221; durchgef\u00fchrt werden m\u00fcssten. Es bleibt unklar, was er damit meinte.<\/p>\n<p>Die Idee der Eskalation wurde vorhersehbar von Polen und den baltischen Grenzstaaten unterst\u00fctzt. Von der Tschechischen Republik gelieferte Waffen werden seit Langem f\u00fcr Angriffe auf das Territorium des Gebietes Belgorod verwendet. Spanien und Italien widersetzen sich bisher, versorgen Kiew aber auch nicht mit Langstreckenwaffen, sondern nur mit Luftabwehrraketen. Die Position Deutschlands ist nach wie vor unklar, aber es gibt immer weniger Zweifel daran, dass Bundeskanzler Olaf Scholz noch umgestimmt wird und Taurus-Marschflugk\u00f6rper geliefert werden, die gegen Ziele tief im russischen Staatsgebiet eingesetzt werden sollen.<\/p>\n<p>Die Position Washingtons, wie sie von Medien, die dem Wei\u00dfen Haus ideologisch nahestehen, dargestellt wird, ist bemerkenswert. Die Regierung des US-Pr\u00e4sidenten Joe Biden versucht, es Kiew recht zu machen, ohne zu viele Risiken einzugehen. Angeblich darf Kiew im Grenzgebiet einen Abwehrkampf gegen Artillerie f\u00fchren, US-Luftabwehrsysteme \u00fcber russischem Territorium einsetzen, russische Flugzeuge angreifen, die &#8220;Bomben in Richtung ukrainisches Territorium abwerfen&#8221;, und russische Truppenaufstellungen und Munitionsdepots zerst\u00f6ren. Angeblich ist es der Ukraine jedoch untersagt, ATACMS-Raketen einzusetzen, auch um milit\u00e4rische Ziele tief im russischen Hoheitsgebiet, Flugzeuge der russischen Luftwaffe am Boden und zivile Infrastruktur zu zerst\u00f6ren.<\/p>\n<p><strong>Parade der Erm\u00e4chtigungen<\/strong><\/p>\n<p>Daraus ergeben sich zwei Erkenntnisse: Zum einen haben die USA im Gegensatz zu Europa echte Angst vor einer Eskalation, die auch US-amerikanische Einrichtungen \u2013 nicht blo\u00df in der Ukraine \u2013 betreffen k\u00f6nnte. Zum anderen \u2013 und das ist viel wichtiger \u2013 kann die Einhaltung bestimmter Beschr\u00e4nkungen f\u00fcr Angriffe nur und ausschlie\u00dflich dann gew\u00e4hrleistet werden, wenn US-amerikanische Soldaten den Kampfeinsatz der von den USA gelieferten Waffensysteme direkt kontrollieren.<\/p>\n<p>Die &#8220;Parade der Erm\u00e4chtigungen&#8221; weist zwei Besonderheiten auf: Erstens erfolgen die \u00c4u\u00dferungen \u2013 oder besser gesagt Kommentare \u2013 in m\u00f6glichst vager Form (und hier haben nat\u00fcrlich die USA die Nase vorn) und kommen nicht immer von h\u00f6chster Ebene. Und zweitens \u00fcberlassen praktisch alle, die sich f\u00fcr die Ausweitung der &#8220;Todeszone&#8221; f\u00fcr westliche Waffen auf russischem Territorium ausgesprochen haben, Kiew die endg\u00fcltige Entscheidung.<\/p>\n<p>Mit anderen Worten: Die &#8220;Parade der Erm\u00e4chtigungen&#8221;, die zweifellos koordiniert und choreografisch inszeniert war, war urspr\u00fcnglich so angelegt, dass die abgegebenen Erkl\u00e4rungen im Ernstfall leicht dementiert und Kiew angelastet werden k\u00f6nnen.<\/p>\n<p>Diese Eskalationswelle war eindeutig auf die &#8220;Friedenskonferenz&#8221; in der Schweiz am 15. und 16. Juni 2024 abgestimmt, auf der nicht nur Wladimir Selenskijs aktualisierte, ansprechendere &#8220;Friedensformel&#8221; vorgestellt werden sollte, die keine undurchf\u00fchrbaren Extremforderungen mehr enthielt, sondern auch Kiews anhaltende F\u00e4higkeit zur Aufrechterhaltung einer Stellungsverteidigung und zu Offensivma\u00dfnahmen gegen Russland demonstrieren sollte. Die Erkl\u00e4rungen \u00fcber Kiews Recht, Langstreckenwaffen gegen Russlands Territorien einzusetzen, wurden zu dem Zeitpunkt abgegeben, als die Illegitimit\u00e4t von Selenskijs Regime feststand. Somit war die &#8220;Eskalationsparade&#8221; eine Form der politischen Unterst\u00fctzung f\u00fcr Kiew.<\/p>\n<p>Es scheint, dass der Plan darin bestand, gewaltigen milit\u00e4risch-politischen Druck auf Moskau auszu\u00fcben, vor allem, wenn einige milit\u00e4rische Erfolge erzielt werden k\u00f6nnten, insbesondere in der Gegend von Charkow, und wenn Vertreter bedeutender L\u00e4nder des globalen S\u00fcdens an der Konferenz teilnehmen k\u00f6nnten. Weder das eine noch das andere wurde erreicht, sodass die &#8220;Friedenskonferenz&#8221; immer mehr zu einem unwichtigen Event verkommt.<\/p>\n<p><strong>Kein Schuss ins Blaue<\/strong><\/p>\n<p>Bedeutet dies, dass die politischen Erkl\u00e4rungen \u00fcber das Recht Kiews, vom Westen gelieferte NATO-Waffen auf russisches Territorium abzufeuern, als &#8220;Schuss ins Blaue&#8221; betrachtet werden k\u00f6nnen? Ganz und gar nicht.<\/p>\n<p>Die Erlaubnis, mit NATO-Waffen tief in russisches Hoheitsgebiet einzudringen, erweitert sicherlich die M\u00f6glichkeiten des Kiewer Regimes, terroristische Einsch\u00fcchterungsversuche durchzuf\u00fchren. Es ist bezeichnend, dass der erste Schlag im Rahmen des neuen politischen Paradigmas der ukrainischen Streitkr\u00e4fte zivile Einrichtungen in Belgorod getroffen hat.<\/p>\n<p>Die NATO-Staaten, die den Einsatz ihrer Waffen auf russischem Staatsgebiet genehmigt haben, machen sich also mitschuldig an den terroristischen Aktivit\u00e4ten Kiews.<\/p>\n<p>Es gibt noch drei weitere wichtige Umst\u00e4nde, die bisher geschickt durch politische Heuchelei verdeckt wurden.<\/p>\n<p>Erstens: Es liegt auf der Hand, dass die Billigung des Terrors bis tief ins russische Hoheitsgebiet hinein ein wichtiger Schritt zur Legalisierung der Pr\u00e4senz von NATO-Milit\u00e4rpersonal auf ukrainischem Gebiet ist. Und zwar nicht nur von Beratern, sondern auch von Spezialisten, die hochentwickelte milit\u00e4rische Ausr\u00fcstung betreuen. Von hier aus ist es nur noch ein halber Schritt, um anzuerkennen, dass westliche Spezialisten, die so tun, als ob sie au\u00dferhalb des formellen und rechtlichen Rahmens der NATO agieren, die gelieferte Ausr\u00fcstung nicht nur warten, sondern zumindest deren Verwendung \u00fcberwachen.<\/p>\n<p>Es besteht der Eindruck, dass die Erlaubnis zum Einsatz von Langstreckenwaffen tief im russischen Hoheitsgebiet nur Teil eines &#8220;gro\u00dfen Plans&#8221; ist und dass es weitere geplante Schritte gibt.<\/p>\n<p>Medienberichten zufolge wurde zum Beispiel ein griechischer Pilot bereits &#8220;au\u00dferplanm\u00e4\u00dfig&#8221; in der Ukraine entdeckt.<\/p>\n<p>Zweitens: F\u00fcr die europ\u00e4ischen Eliten, die in den letzten Wochen zur treibenden Kraft hinter der Eskalation des Konflikts in der Ukraine geworden sind, war es von entscheidender Bedeutung, von den Vereinigten Staaten eine relativ klare Entscheidung zu erhalten. Dies w\u00e4re ein wichtiger Hinweis darauf gewesen, dass die USA ihre Unterst\u00fctzung f\u00fcr Kiew in naher Zukunft nicht zur\u00fcckziehen und die europ\u00e4ischen Verb\u00fcndeten mit Moskau nicht alleinlassen werden. Dies ist ihnen bisher nicht in vollem Umfang gelungen. Und dies wird die europ\u00e4ischen Versuche, die USA auf eine h\u00f6here Eskalationsstufe zu ziehen, weiter befl\u00fcgeln. Die Interessen vieler europ\u00e4ischer L\u00e4nder, insbesondere Frankreichs, das seine F\u00fchrungsrolle in Europa festigen will, werden sich mit den Interessen Kiews und Gro\u00dfbritanniens decken. Dies ist eine perfekte Kombination f\u00fcr eine weitere Eskalation des Konflikts.<\/p>\n<p>Drittens: In den bisher recht monolithischen Reihen des &#8220;geeinten Westens&#8221; zeigen sich allm\u00e4hlich deutliche Risse. Zu Ungarn und der Slowakei hat sich Italien gesellt, und es ist schwierig, Deutschland endlich zur Lieferung von Taurus-Marschflugk\u00f6rpern zu \u00fcberreden. Und je offensichtlicher die Unf\u00e4higkeit des Kiewer Regimes wird, nicht nur die Front zu halten, sondern auch politisch angemessen zu agieren, desto schwieriger wird es sein, diese Einheit aufrechtzuerhalten. Daher ist die Erlaubnis von Angriffen auf Russlands Territorien eine Art Ausdruck kollektiver Loyalit\u00e4t gegen\u00fcber der gemeinsamen euroatlantischen Sache, die Ukraine als ein &#8220;Anti-Russland&#8221; zu bewahren. Und hier kommen die Euro-Atlantiker nicht gut weg: Ein gro\u00dfer Teil der NATO-Mitgliedstaaten hat sich entschieden, vorerst Stillschweigen zu bewahren.<\/p>\n<p>Insgesamt erleben wir eine der gef\u00e4hrlichsten Varianten der Eskalation des Konflikts um die Ukraine: eine schleichende Verstrickung, bei der die meisten europ\u00e4ischen NATO-Staaten allm\u00e4hlich die F\u00e4higkeit verlieren, die Eskalation zu kontrollieren. Und fr\u00fcher oder sp\u00e4ter werden sie sich in der tragischen Realit\u00e4t wiederfinden, in einen Krieg hineingezogen zu werden, an dem sie keine wirklichen Interessen haben und haben k\u00f6nnen.<\/p>\n<p>Dies wird f\u00fcr diese Staaten den schrecklichen Preis des Verlustes an Souver\u00e4nit\u00e4t mit sich bringen.<\/p>\n<p><strong><em>Dmitri Jewstafjew<\/em><\/strong><em> ist ein russischer Politikwissenschaftler.<\/em><\/p>\n<p><strong>Mehr zum Thema<\/strong> \u2013 <a rel=\"nofollow noopener\" target=\"_blank\" href=\"https:\/\/freedert.online\/international\/208065-washington-schliesst-ukrainische-angriffe-mit\/\">Washington schlie\u00dft ukrainische Angriffe mit NATO-Waffen im Inneren Russlands nicht aus<\/a><\/p>\n<\/p>\n<\/div>\n<p><br \/>\n<br \/><a href=\"https:\/\/de.rt.com\/international\/208146-schleichender-verstrickung-westens-in-ukraine-krieg\/\">Source link <\/a><\/p>\n","protected":false},"excerpt":{"rendered":"<p>Mit der Erlaubnis f\u00fcr Kiew, Ziele tief im russischen Staatsgebiet anzugreifen, drehen etliche europ\u00e4ische NATO-L\u00e4nder weiter an der Eskalationsspirale. Wenn es so weitergeht, werden sie sich als direkte Teilnehmer an einem Krieg wiederfinden, der zum Verlust ihrer Souver\u00e4nit\u00e4t f\u00fchren k\u00f6nnte. Von Dmitri Jewstafjew Man k\u00f6nnte den Monatswechsel vom Mai in den Juni im Jahr 2024 [&hellip;]<\/p>\n","protected":false},"author":3,"featured_media":59491,"comment_status":"open","ping_status":"open","sticky":false,"template":"","format":"standard","meta":{"_yoast_indexnow_last_ping":["1717524739"],"wp_automatic_camp":["217"],"ee615fa8fd3e067f57e64160647c981f":["Die schleichende Verstrickung des Westens in den Ukraine-Krieg"],"original_link":["https:\/\/de.rt.com\/international\/208146-schleichender-verstrickung-westens-in-ukraine-krieg\/"],"_thumbnail_id":["59491"],"_wptgpro_p2tg_sent2tg":["a:1:{i:23737;s:19:\"2024-06-04 20:13:39\";}"],"jnews_social_counter_last_update":["1777435625"]},"categories":[19,23],"tags":[48,583,45,25276,566,54966,3117],"yoast_head":"<!-- This site is optimized with the Yoast SEO Premium plugin v22.7 (Yoast SEO v22.7) - https:\/\/yoast.com\/wordpress\/plugins\/seo\/ -->\n<title>Die schleichende Verstrickung des Westens in den Ukraine-Krieg - just-now.NEWS Deutschland<\/title>\n<meta name=\"robots\" content=\"index, follow, max-snippet:-1, max-image-preview:large, max-video-preview:-1\" \/>\n<link rel=\"canonical\" href=\"https:\/\/now-news.de\/de\/deutschland\/die-schleichende-verstrickung-des-westens-in-den-ukraine-krieg\/\" \/>\n<meta property=\"og:locale\" content=\"de_DE\" \/>\n<meta property=\"og:type\" content=\"article\" \/>\n<meta property=\"og:title\" content=\"Die schleichende Verstrickung des Westens in den Ukraine-Krieg\" \/>\n<meta property=\"og:description\" content=\"Mit der Erlaubnis f\u00fcr Kiew, Ziele tief im russischen Staatsgebiet anzugreifen, drehen etliche europ\u00e4ische NATO-L\u00e4nder weiter an der Eskalationsspirale. Wenn es so weitergeht, werden sie sich als direkte Teilnehmer an einem Krieg wiederfinden, der zum Verlust ihrer Souver\u00e4nit\u00e4t f\u00fchren k\u00f6nnte. Von Dmitri Jewstafjew Man k\u00f6nnte den Monatswechsel vom Mai in den Juni im Jahr 2024 [&hellip;]\" \/>\n<meta property=\"og:url\" content=\"https:\/\/now-news.de\/de\/deutschland\/die-schleichende-verstrickung-des-westens-in-den-ukraine-krieg\/\" \/>\n<meta property=\"og:site_name\" content=\"just-now.NEWS Deutschland\" \/>\n<meta property=\"article:publisher\" content=\"https:\/\/www.facebook.com\/wirmachenauf\" \/>\n<meta property=\"article:published_time\" content=\"2024-06-04T18:01:08+00:00\" \/>\n<meta property=\"og:image\" content=\"https:\/\/now-news.de\/de\/wp-content\/uploads\/sites\/3\/2024\/06\/665f2df6b480cc285362a682.jpg\" \/>\n<meta name=\"author\" content=\"rtnews\" \/>\n<meta name=\"twitter:card\" content=\"summary_large_image\" \/>\n<meta name=\"twitter:creator\" content=\"@WirMachenAuf_de\" \/>\n<meta name=\"twitter:site\" content=\"@WirMachenAuf_de\" \/>\n<meta name=\"twitter:label1\" content=\"Verfasst von\" \/>\n\t<meta name=\"twitter:data1\" content=\"rtnews\" \/>\n\t<meta name=\"twitter:label2\" content=\"Gesch\u00e4tzte Lesezeit\" \/>\n\t<meta name=\"twitter:data2\" content=\"7\u00a0Minuten\" \/>\n<script type=\"application\/ld+json\" class=\"yoast-schema-graph\">{\"@context\":\"https:\/\/schema.org\",\"@graph\":[{\"@type\":\"Article\",\"@id\":\"https:\/\/now-news.de\/de\/deutschland\/die-schleichende-verstrickung-des-westens-in-den-ukraine-krieg\/#article\",\"isPartOf\":{\"@id\":\"https:\/\/now-news.de\/de\/deutschland\/die-schleichende-verstrickung-des-westens-in-den-ukraine-krieg\/\"},\"author\":{\"name\":\"rtnews\",\"@id\":\"https:\/\/now-news.de\/de\/#\/schema\/person\/fb534a4e865501d8b3285208df34a9b5\"},\"headline\":\"Die schleichende Verstrickung des Westens in den Ukraine-Krieg\",\"datePublished\":\"2024-06-04T18:01:08+00:00\",\"dateModified\":\"2024-06-04T18:01:08+00:00\",\"mainEntityOfPage\":{\"@id\":\"https:\/\/now-news.de\/de\/deutschland\/die-schleichende-verstrickung-des-westens-in-den-ukraine-krieg\/\"},\"wordCount\":1364,\"commentCount\":0,\"publisher\":{\"@id\":\"https:\/\/now-news.de\/de\/#organization\"},\"image\":{\"@id\":\"https:\/\/now-news.de\/de\/deutschland\/die-schleichende-verstrickung-des-westens-in-den-ukraine-krieg\/#primaryimage\"},\"thumbnailUrl\":\"https:\/\/now-news.de\/de\/wp-content\/uploads\/sites\/3\/2024\/06\/Die-schleichende-Verstrickung-des-Westens-in-den-Ukraine-Krieg.jpg\",\"keywords\":[\"den\",\"des\",\"die\",\"schleichende\",\"UkraineKrieg\",\"Verstrickung\",\"Westens\"],\"articleSection\":[\"Deutschland\",\"Russland\"],\"inLanguage\":\"de\",\"potentialAction\":[{\"@type\":\"CommentAction\",\"name\":\"Comment\",\"target\":[\"https:\/\/now-news.de\/de\/deutschland\/die-schleichende-verstrickung-des-westens-in-den-ukraine-krieg\/#respond\"]}]},{\"@type\":\"WebPage\",\"@id\":\"https:\/\/now-news.de\/de\/deutschland\/die-schleichende-verstrickung-des-westens-in-den-ukraine-krieg\/\",\"url\":\"https:\/\/now-news.de\/de\/deutschland\/die-schleichende-verstrickung-des-westens-in-den-ukraine-krieg\/\",\"name\":\"Die schleichende Verstrickung des Westens in den Ukraine-Krieg - just-now.NEWS Deutschland\",\"isPartOf\":{\"@id\":\"https:\/\/now-news.de\/de\/#website\"},\"primaryImageOfPage\":{\"@id\":\"https:\/\/now-news.de\/de\/deutschland\/die-schleichende-verstrickung-des-westens-in-den-ukraine-krieg\/#primaryimage\"},\"image\":{\"@id\":\"https:\/\/now-news.de\/de\/deutschland\/die-schleichende-verstrickung-des-westens-in-den-ukraine-krieg\/#primaryimage\"},\"thumbnailUrl\":\"https:\/\/now-news.de\/de\/wp-content\/uploads\/sites\/3\/2024\/06\/Die-schleichende-Verstrickung-des-Westens-in-den-Ukraine-Krieg.jpg\",\"datePublished\":\"2024-06-04T18:01:08+00:00\",\"dateModified\":\"2024-06-04T18:01:08+00:00\",\"breadcrumb\":{\"@id\":\"https:\/\/now-news.de\/de\/deutschland\/die-schleichende-verstrickung-des-westens-in-den-ukraine-krieg\/#breadcrumb\"},\"inLanguage\":\"de\",\"potentialAction\":[{\"@type\":\"ReadAction\",\"target\":[\"https:\/\/now-news.de\/de\/deutschland\/die-schleichende-verstrickung-des-westens-in-den-ukraine-krieg\/\"]}]},{\"@type\":\"ImageObject\",\"inLanguage\":\"de\",\"@id\":\"https:\/\/now-news.de\/de\/deutschland\/die-schleichende-verstrickung-des-westens-in-den-ukraine-krieg\/#primaryimage\",\"url\":\"https:\/\/now-news.de\/de\/wp-content\/uploads\/sites\/3\/2024\/06\/Die-schleichende-Verstrickung-des-Westens-in-den-Ukraine-Krieg.jpg\",\"contentUrl\":\"https:\/\/now-news.de\/de\/wp-content\/uploads\/sites\/3\/2024\/06\/Die-schleichende-Verstrickung-des-Westens-in-den-Ukraine-Krieg.jpg\",\"width\":460,\"height\":259,\"caption\":\"Die schleichende Verstrickung des Westens in den Ukraine-Krieg\"},{\"@type\":\"BreadcrumbList\",\"@id\":\"https:\/\/now-news.de\/de\/deutschland\/die-schleichende-verstrickung-des-westens-in-den-ukraine-krieg\/#breadcrumb\",\"itemListElement\":[{\"@type\":\"ListItem\",\"position\":1,\"name\":\"Home\",\"item\":\"https:\/\/now-news.de\/de\/\"},{\"@type\":\"ListItem\",\"position\":2,\"name\":\"Die schleichende Verstrickung des Westens in den Ukraine-Krieg\"}]},{\"@type\":\"WebSite\",\"@id\":\"https:\/\/now-news.de\/de\/#website\",\"url\":\"https:\/\/now-news.de\/de\/\",\"name\":\"just-now.NEWS Deutschland\",\"description\":\"Das Portal f\u00fcr unzensierte Nachrichten aus der Welt\",\"publisher\":{\"@id\":\"https:\/\/now-news.de\/de\/#organization\"},\"potentialAction\":[{\"@type\":\"SearchAction\",\"target\":{\"@type\":\"EntryPoint\",\"urlTemplate\":\"https:\/\/now-news.de\/de\/?s={search_term_string}\"},\"query-input\":\"required name=search_term_string\"}],\"inLanguage\":\"de\"},{\"@type\":\"Organization\",\"@id\":\"https:\/\/now-news.de\/de\/#organization\",\"name\":\"Just Now News\",\"url\":\"https:\/\/now-news.de\/de\/\",\"logo\":{\"@type\":\"ImageObject\",\"inLanguage\":\"de\",\"@id\":\"https:\/\/now-news.de\/de\/#\/schema\/logo\/image\/\",\"url\":\"http:\/\/just-now.news\/de\/wp-content\/uploads\/sites\/3\/2022\/04\/logo500x500.jpg\",\"contentUrl\":\"http:\/\/just-now.news\/de\/wp-content\/uploads\/sites\/3\/2022\/04\/logo500x500.jpg\",\"width\":500,\"height\":500,\"caption\":\"Just Now News\"},\"image\":{\"@id\":\"https:\/\/now-news.de\/de\/#\/schema\/logo\/image\/\"},\"sameAs\":[\"https:\/\/www.facebook.com\/wirmachenauf\",\"https:\/\/x.com\/WirMachenAuf_de\"]},{\"@type\":\"Person\",\"@id\":\"https:\/\/now-news.de\/de\/#\/schema\/person\/fb534a4e865501d8b3285208df34a9b5\",\"name\":\"rtnews\",\"image\":{\"@type\":\"ImageObject\",\"inLanguage\":\"de\",\"@id\":\"https:\/\/now-news.de\/de\/#\/schema\/person\/image\/\",\"url\":\"https:\/\/secure.gravatar.com\/avatar\/82aafea7d8127119dd649515f56e2117?s=96&d=mm&r=g\",\"contentUrl\":\"https:\/\/secure.gravatar.com\/avatar\/82aafea7d8127119dd649515f56e2117?s=96&d=mm&r=g\",\"caption\":\"rtnews\"},\"url\":\"https:\/\/now-news.de\/de\/author\/rnews\/\"}]}<\/script>\n<!-- \/ Yoast SEO Premium plugin. -->","yoast_head_json":{"title":"Die schleichende Verstrickung des Westens in den Ukraine-Krieg - just-now.NEWS Deutschland","robots":{"index":"index","follow":"follow","max-snippet":"max-snippet:-1","max-image-preview":"max-image-preview:large","max-video-preview":"max-video-preview:-1"},"canonical":"https:\/\/now-news.de\/de\/deutschland\/die-schleichende-verstrickung-des-westens-in-den-ukraine-krieg\/","og_locale":"de_DE","og_type":"article","og_title":"Die schleichende Verstrickung des Westens in den Ukraine-Krieg","og_description":"Mit der Erlaubnis f\u00fcr Kiew, Ziele tief im russischen Staatsgebiet anzugreifen, drehen etliche europ\u00e4ische NATO-L\u00e4nder weiter an der Eskalationsspirale. Wenn es so weitergeht, werden sie sich als direkte Teilnehmer an einem Krieg wiederfinden, der zum Verlust ihrer Souver\u00e4nit\u00e4t f\u00fchren k\u00f6nnte. Von Dmitri Jewstafjew Man k\u00f6nnte den Monatswechsel vom Mai in den Juni im Jahr 2024 [&hellip;]","og_url":"https:\/\/now-news.de\/de\/deutschland\/die-schleichende-verstrickung-des-westens-in-den-ukraine-krieg\/","og_site_name":"just-now.NEWS Deutschland","article_publisher":"https:\/\/www.facebook.com\/wirmachenauf","article_published_time":"2024-06-04T18:01:08+00:00","og_image":[{"url":"https:\/\/now-news.de\/de\/wp-content\/uploads\/sites\/3\/2024\/06\/665f2df6b480cc285362a682.jpg"}],"author":"rtnews","twitter_card":"summary_large_image","twitter_creator":"@WirMachenAuf_de","twitter_site":"@WirMachenAuf_de","twitter_misc":{"Verfasst von":"rtnews","Gesch\u00e4tzte Lesezeit":"7\u00a0Minuten"},"schema":{"@context":"https:\/\/schema.org","@graph":[{"@type":"Article","@id":"https:\/\/now-news.de\/de\/deutschland\/die-schleichende-verstrickung-des-westens-in-den-ukraine-krieg\/#article","isPartOf":{"@id":"https:\/\/now-news.de\/de\/deutschland\/die-schleichende-verstrickung-des-westens-in-den-ukraine-krieg\/"},"author":{"name":"rtnews","@id":"https:\/\/now-news.de\/de\/#\/schema\/person\/fb534a4e865501d8b3285208df34a9b5"},"headline":"Die schleichende Verstrickung des Westens in den Ukraine-Krieg","datePublished":"2024-06-04T18:01:08+00:00","dateModified":"2024-06-04T18:01:08+00:00","mainEntityOfPage":{"@id":"https:\/\/now-news.de\/de\/deutschland\/die-schleichende-verstrickung-des-westens-in-den-ukraine-krieg\/"},"wordCount":1364,"commentCount":0,"publisher":{"@id":"https:\/\/now-news.de\/de\/#organization"},"image":{"@id":"https:\/\/now-news.de\/de\/deutschland\/die-schleichende-verstrickung-des-westens-in-den-ukraine-krieg\/#primaryimage"},"thumbnailUrl":"https:\/\/now-news.de\/de\/wp-content\/uploads\/sites\/3\/2024\/06\/Die-schleichende-Verstrickung-des-Westens-in-den-Ukraine-Krieg.jpg","keywords":["den","des","die","schleichende","UkraineKrieg","Verstrickung","Westens"],"articleSection":["Deutschland","Russland"],"inLanguage":"de","potentialAction":[{"@type":"CommentAction","name":"Comment","target":["https:\/\/now-news.de\/de\/deutschland\/die-schleichende-verstrickung-des-westens-in-den-ukraine-krieg\/#respond"]}]},{"@type":"WebPage","@id":"https:\/\/now-news.de\/de\/deutschland\/die-schleichende-verstrickung-des-westens-in-den-ukraine-krieg\/","url":"https:\/\/now-news.de\/de\/deutschland\/die-schleichende-verstrickung-des-westens-in-den-ukraine-krieg\/","name":"Die schleichende Verstrickung des Westens in den Ukraine-Krieg - just-now.NEWS Deutschland","isPartOf":{"@id":"https:\/\/now-news.de\/de\/#website"},"primaryImageOfPage":{"@id":"https:\/\/now-news.de\/de\/deutschland\/die-schleichende-verstrickung-des-westens-in-den-ukraine-krieg\/#primaryimage"},"image":{"@id":"https:\/\/now-news.de\/de\/deutschland\/die-schleichende-verstrickung-des-westens-in-den-ukraine-krieg\/#primaryimage"},"thumbnailUrl":"https:\/\/now-news.de\/de\/wp-content\/uploads\/sites\/3\/2024\/06\/Die-schleichende-Verstrickung-des-Westens-in-den-Ukraine-Krieg.jpg","datePublished":"2024-06-04T18:01:08+00:00","dateModified":"2024-06-04T18:01:08+00:00","breadcrumb":{"@id":"https:\/\/now-news.de\/de\/deutschland\/die-schleichende-verstrickung-des-westens-in-den-ukraine-krieg\/#breadcrumb"},"inLanguage":"de","potentialAction":[{"@type":"ReadAction","target":["https:\/\/now-news.de\/de\/deutschland\/die-schleichende-verstrickung-des-westens-in-den-ukraine-krieg\/"]}]},{"@type":"ImageObject","inLanguage":"de","@id":"https:\/\/now-news.de\/de\/deutschland\/die-schleichende-verstrickung-des-westens-in-den-ukraine-krieg\/#primaryimage","url":"https:\/\/now-news.de\/de\/wp-content\/uploads\/sites\/3\/2024\/06\/Die-schleichende-Verstrickung-des-Westens-in-den-Ukraine-Krieg.jpg","contentUrl":"https:\/\/now-news.de\/de\/wp-content\/uploads\/sites\/3\/2024\/06\/Die-schleichende-Verstrickung-des-Westens-in-den-Ukraine-Krieg.jpg","width":460,"height":259,"caption":"Die schleichende Verstrickung des Westens in den Ukraine-Krieg"},{"@type":"BreadcrumbList","@id":"https:\/\/now-news.de\/de\/deutschland\/die-schleichende-verstrickung-des-westens-in-den-ukraine-krieg\/#breadcrumb","itemListElement":[{"@type":"ListItem","position":1,"name":"Home","item":"https:\/\/now-news.de\/de\/"},{"@type":"ListItem","position":2,"name":"Die schleichende Verstrickung des Westens in den Ukraine-Krieg"}]},{"@type":"WebSite","@id":"https:\/\/now-news.de\/de\/#website","url":"https:\/\/now-news.de\/de\/","name":"just-now.NEWS Deutschland","description":"Das Portal f\u00fcr unzensierte Nachrichten aus der Welt","publisher":{"@id":"https:\/\/now-news.de\/de\/#organization"},"potentialAction":[{"@type":"SearchAction","target":{"@type":"EntryPoint","urlTemplate":"https:\/\/now-news.de\/de\/?s={search_term_string}"},"query-input":"required name=search_term_string"}],"inLanguage":"de"},{"@type":"Organization","@id":"https:\/\/now-news.de\/de\/#organization","name":"Just Now News","url":"https:\/\/now-news.de\/de\/","logo":{"@type":"ImageObject","inLanguage":"de","@id":"https:\/\/now-news.de\/de\/#\/schema\/logo\/image\/","url":"http:\/\/just-now.news\/de\/wp-content\/uploads\/sites\/3\/2022\/04\/logo500x500.jpg","contentUrl":"http:\/\/just-now.news\/de\/wp-content\/uploads\/sites\/3\/2022\/04\/logo500x500.jpg","width":500,"height":500,"caption":"Just Now News"},"image":{"@id":"https:\/\/now-news.de\/de\/#\/schema\/logo\/image\/"},"sameAs":["https:\/\/www.facebook.com\/wirmachenauf","https:\/\/x.com\/WirMachenAuf_de"]},{"@type":"Person","@id":"https:\/\/now-news.de\/de\/#\/schema\/person\/fb534a4e865501d8b3285208df34a9b5","name":"rtnews","image":{"@type":"ImageObject","inLanguage":"de","@id":"https:\/\/now-news.de\/de\/#\/schema\/person\/image\/","url":"https:\/\/secure.gravatar.com\/avatar\/82aafea7d8127119dd649515f56e2117?s=96&d=mm&r=g","contentUrl":"https:\/\/secure.gravatar.com\/avatar\/82aafea7d8127119dd649515f56e2117?s=96&d=mm&r=g","caption":"rtnews"},"url":"https:\/\/now-news.de\/de\/author\/rnews\/"}]}},"_links":{"self":[{"href":"https:\/\/now-news.de\/de\/wp-json\/wp\/v2\/posts\/59490"}],"collection":[{"href":"https:\/\/now-news.de\/de\/wp-json\/wp\/v2\/posts"}],"about":[{"href":"https:\/\/now-news.de\/de\/wp-json\/wp\/v2\/types\/post"}],"author":[{"embeddable":true,"href":"https:\/\/now-news.de\/de\/wp-json\/wp\/v2\/users\/3"}],"replies":[{"embeddable":true,"href":"https:\/\/now-news.de\/de\/wp-json\/wp\/v2\/comments?post=59490"}],"version-history":[{"count":0,"href":"https:\/\/now-news.de\/de\/wp-json\/wp\/v2\/posts\/59490\/revisions"}],"wp:featuredmedia":[{"embeddable":true,"href":"https:\/\/now-news.de\/de\/wp-json\/wp\/v2\/media\/59491"}],"wp:attachment":[{"href":"https:\/\/now-news.de\/de\/wp-json\/wp\/v2\/media?parent=59490"}],"wp:term":[{"taxonomy":"category","embeddable":true,"href":"https:\/\/now-news.de\/de\/wp-json\/wp\/v2\/categories?post=59490"},{"taxonomy":"post_tag","embeddable":true,"href":"https:\/\/now-news.de\/de\/wp-json\/wp\/v2\/tags?post=59490"}],"curies":[{"name":"wp","href":"https:\/\/api.w.org\/{rel}","templated":true}]}}