{"id":59484,"date":"2024-06-04T18:36:07","date_gmt":"2024-06-04T16:36:07","guid":{"rendered":"https:\/\/now-news.de\/de\/deutschland\/von-sylt-nach-mannheim-politik-und-medien-reagieren-mit-zweierlei-mass\/"},"modified":"2024-06-04T18:36:07","modified_gmt":"2024-06-04T16:36:07","slug":"von-sylt-nach-mannheim-politik-und-medien-reagieren-mit-zweierlei-mass","status":"publish","type":"post","link":"https:\/\/now-news.de\/de\/deutschland\/von-sylt-nach-mannheim-politik-und-medien-reagieren-mit-zweierlei-mass\/","title":{"rendered":"Von Sylt nach Mannheim \u2013 Politik und Medien reagieren mit zweierlei Ma\u00df"},"content":{"rendered":"<p><img decoding=\"async\" src=\"https:\/\/now-news.de\/de\/wp-content\/uploads\/sites\/3\/2024\/06\/665f0351b480cc7ce53483bb.jpg\" \/><\/p>\n<div class=\"Text-root Text-type_1 \">\n                In Sylt gr\u00f6lten junge Erwachsene populistische Parolen. Die Pr\u00e4sidentin des Deutschen Bundestages forderte daf\u00fcr f\u00fcnf Jahre Haft. In Mannheim wird ein Islamkritiker schwer verletzt und ein Polizist hinterr\u00fccks erstochen. Politiker und Medien warnen vor voreiligen Schl\u00fcssen. Deutschland ist aus der Balance.\n            <\/div>\n<p><\/p>\n<div class=\"Text-root Text-type_5 ArticleView-text ViewText-root \">\n<p><em>Von Gert Ewen Ungar<\/em><\/p>\n<p>Ein abgelehnter Asylbewerber hat in Mannheim einen Polizisten ermordet. Die Reaktion in Deutschland lautet im Kern: Jetzt blo\u00df keine Schnellsch\u00fcsse abfeuern. Der <em>Stern<\/em> publizierte einen <a rel=\"nofollow noopener\" target=\"_blank\" href=\"https:\/\/www.stern.de\/gesellschaft\/mannheim--wie-mit-dem-tod-eines-beamten-politik-gemacht-wird--meinung--34764270.html\">Beitrag<\/a>, in dem der Nachweis versucht wird, dass dennoch Polizist zu sein eigentlich gar kein gef\u00e4hrlicher Beruf ist.\u00a0<\/p>\n<p><em>&#8220;Dass Polizisten im Dienst ums Leben kommen, ist bedauerlich. Jeder tote Polizist ist einer zu viel. Aber es passiert zum Gl\u00fcck selten&#8221;<\/em>, hei\u00dft es im <em>Stern. <\/em><\/p>\n<p>Na, dann sind wir ja alle wieder beruhigt.\u00a0Auch der Bundespr\u00e4sident Steinmeier kondoliert und warnt sicherheitshalber vor Verrohung:\u00a0<\/p>\n<p><em>&#8220;Mein Dank gilt allen Polizisten im Einsatz. Ich habe gro\u00dfe Sorge angesichts der Verrohung der politischen Auseinandersetzung und der wachsenden Gewaltbereitschaft in unserem Land. So darf es nicht weitergehen. Gewalt gef\u00e4hrdet, was unsere Demokratie stark gemacht hat.&#8221;<\/em><\/p>\n<p>Das suggeriert, dass der Islamkritiker St\u00fcrzenberger, der bei dem Attentat selbst schwer verletzt wurde, eine gewisse Mitschuld an den Ereignissen trage. F\u00fcr diese Bemerkung ist Steinmeier daher zu verachten. Allerdings passt er sich damit nahtlos in das aktuelle Zustandsbild der deutschen Gesellschaft ein.\u00a0<\/p>\n<p>Worin die Verrohung ihre Ursache hat, dazu sagt Steinmeier aus gutem Grund kein Wort, denn er m\u00fcsste sich selbst an seine Nase fassen. Politiker haben \u00fcber die Jahre ma\u00dfgeblich zu\u00a0ihrer Entstehung beigetragen. \u00dcber die Jahrzehnte wurde ein System der wachsenden Ungleichheit und Ungleichbehandlung in Deutschland geduldet und weiter etabliert, das einfach nur als ungerecht empfunden werden kann. Das aber m\u00fcsste dringend korrigiert und wieder in die Balance gebracht werden, denn andernfalls wird es die Gesellschaft zerrei\u00dfen.<\/p>\n<p>Als vor zwei Wochen eine Gruppe betrunkener Yuppies auf Sylt populistische Parolen gr\u00f6lte, war von der nach der Messerattacke geforderten Zur\u00fcckhaltung und der geforderten Differenzierung wenig zu h\u00f6ren. Die Pr\u00e4sidentin des Deutschen Bundestages B\u00e4rbel Bas (SPD) forderte die H\u00f6chststrafe \u2013 f\u00fcnf Jahre Haft wegen\u00a0einer Grenz\u00fcberschreitung. Das, was auf Sylt passierte, hatte eine Ventilfunktion. Am Wochenende \u00fcber die Str\u00e4nge schlagen, in abgegrenztem und kontrolliertem Rahmen Grenzen \u00fcberschreiten und sich ern\u00fcchtert am kommenden Montag mit Arbeitsbeginn wieder in den Alltag einreihen.<\/p>\n<p>Das, was in Mannheim passierte, hatte diese Funktion nicht. Es war nach allem, was bisher ermittelt wurde, ein Messerattacke gegen\u00fcber jemandem mit einer anderen Meinung, mit einer anderen weltanschaulichen Auffassung. Der Attacke fiel schlie\u00dflich ein Polizist zum Opfer, der das Opfer sch\u00fctzen wollte.\u00a0<\/p>\n<p>Weil das aber so ist, sind die Reaktionen auf die beiden Ereignisse in ihrer klaren Bewertung zu verurteilen. Sie zeigen: Das Wertesystem ist in Deutschland aus der Balance. Die Verh\u00e4ltnism\u00e4\u00dfigkeit stimmt nicht mehr. Das aber ist das eigentliche Problem.<\/p>\n<p>Mit der Preisgabe einer als Gerechtigkeit empfundenen Balance sorgt die Bundesregierung selbst f\u00fcr die Radikalisierung in diesem Land, die sie inzwischen t\u00e4glich beklagt. Sie tr\u00e4gt eine gravierende Mitschuld daran, wenn sich gutwillige Menschen von diesem Staat nicht mehr vertreten und vor allem nicht mehr gesch\u00fctzt f\u00fchlen. Diese Menschen haben schlicht und ergreifend recht.\u00a0<\/p>\n<p>Die mediale Bewertung von Handlungen bis hin zu Mord und Totschlag erfolgt in Deutschland aktuell ausschlie\u00dflich nach ideologischen Kriterien. Alles wird politisiert, geframt und f\u00fcr eine politische Agenda benutzt. Die damit zwingend einhergehende Unausgewogenheit muss jedes Rechtsempfinden verletzen und hat auf Dauer f\u00fcr eine Gesellschaft gravierende Folgen. Das breite Empfinden von staatlich ver\u00fcbter Ungerechtigkeit muss eine Gesellschaft zwangsl\u00e4ufig spalten.<\/p>\n<p>Die medialen Reaktionen auf Sylt machen deutlich, dass sich Politik und Medien ein weiteres Objekt gesucht haben, das es zu disziplinieren und zu g\u00e4ngeln gilt: die deutsche Mittelschicht. Ihr gegen\u00fcber gilt null Toleranz. Kein Mitgef\u00fchl, kein Erbarmen. Jeder Fehltritt ist sofort mit der Vernichtung der Existenz zu ahnden. So wie man das vor wenigen Wochen gesehen hat und wie das bereits w\u00e4hrend der Zeit der Corona-Ma\u00dfnahmen vorgef\u00fchrt wurde.\u00a0<\/p>\n<p>Dem gegen\u00fcber steht in derselben Gesellschaft ein System von maximaler Laxheit, das den Eindruck vermittelt, in Deutschland sei der Rechtsstaat l\u00e4ngst abgeschafft und durch ein System des endlosen Gew\u00e4hrens von zweiten, dritten, x-ten Chancen ersetzt worden. Dass jetzt reflexartig \u00fcber Abschiebungen und Islamisten diskutiert wird, verdeckt das zugrundeliegende Problem, das umfassender ist.\u00a0<\/p>\n<p>Es gibt in Deutschland ein System, das Gerechtigkeit durch Milde ersetzt hat. Eine ganze Erbarmungs-Industrie bem\u00fcht sich um die Abfederung sogenannter H\u00e4rten und schafft dadurch einen gesellschaftlichen Graubereich der Duldung von Gesetzesverst\u00f6\u00dfen und Straftaten. Das trifft im Bereich der Zuwanderung zu, aber eben nicht nur dort.<\/p>\n<p>So k\u00f6nnen beispielsweise die strafrechtlichen Konsequenzen f\u00fcr Delikte, die im Zusammenhang mit einer Drogensucht begangen wurden, jahrelang aufgeschoben werden. Der Paragraph 35 macht es m\u00f6glich, Strafe durch die Bereitschaftserkl\u00e4rung f\u00fcr eine Therapie zu ersetzen. Man kann seine &#8220;35er&#8221; auch sammeln, sich nach jeder Straftat immer wieder neu bekennen, jetzt aber wirklich eine Therapie machen zu wollen.<\/p>\n<p>Der Hinweis auf einen fehlenden passenden Therapieplatz schiebt das Verfahren endlos auf und auch eine abgebrochene Therapie f\u00fchrt nicht automatisch dazu, dass dann die urspr\u00fcngliche Strafe abzusitzen ist. Heerscharen von Sozialarbeitern sorgen sowohl im Bereich von Sucht als auch in den Bereichen Asyl und Zuwanderung f\u00fcr maximale Unterst\u00fctzung und damit zugleich f\u00fcr maximalen Schutz vor den Konsequenzen des eigenen Handelns. Zum Schutz der Klienten wird gelogen, dass sich die Balken biegen. Man meint es doch gut, aber dient damit dem Gegenteil und verdient damit obendrein ganz ordentlich.\u00a0<\/p>\n<p>Nun gibt es sicherlich gute Gr\u00fcnde, dass der Rechtsstaat nicht jedes Mal mit der vollen H\u00e4rte des Gesetzes zuschlagen muss. Aber es gibt keine guten Gr\u00fcnde daf\u00fcr, das dauerhaft nicht zu tun. Das aber ist in Deutschland inzwischen in vielen Bereichen die Regel geworden. J\u00fcngst erkennbare Ausnahme von dieser Regel ist die Mittelschicht. Die genie\u00dft diesen Schutz der Wohlwollens-Industrie eben nicht und wird inzwischen regelm\u00e4\u00dfig Opfer des geballten und zugleich ungerechten Zorns von Politikern und Medien.<\/p>\n<p>Die Gew\u00e4hrung von Therapie statt Strafe sollte eine Ausnahme sein, ebenso wie die Duldung eines Aufenthalts. Beides aber wurde zur Regel. Es lie\u00dfen sich noch weitere Beispiele daf\u00fcr finden, wo in Deutschland der Rechtsstaat durch ein System des Milde-walten-Lassens ersetzt wurde. Klar ist: das ist nicht nur ungerecht, sondern es ist eben auch gef\u00e4hrlich. Der Aufschub der Konsequenzen von Verst\u00f6\u00dfen gegen das Gesetz verbessert die Lebensqualit\u00e4t weder f\u00fcr den Einzelnen noch f\u00fcr die Gesellschaft als Ganzes.<\/p>\n<p>Das ist das eigentliche Thema, \u00fcber das in Deutschland zu diskutieren w\u00e4re. Man hat in Deutschland in einigen Bereichen ein System des dauernden Aufschubs installiert, das als Hilfesystem zwar gut gemeint ist, aber negative Effekte produziert. Einer der Effekte ist, dass Leute frei herumlaufen, die eigentlich nicht frei herumlaufen sollten, weil sie eine Gefahr f\u00fcr die Mitmenschen darstellen. Oder dass Menschen, die sich nicht in Deutschland aufhalten d\u00fcrfen, sich trotzdem dauerhaft dort aufhalten k\u00f6nnen \u2013 selbst dann, wenn sie straff\u00e4llig geworden sind. Das macht jeden Rechtsstaat v\u00f6llig unglaubw\u00fcrdig. Gleichzeitig schwingen sich Vertreter b\u00f6sartiger Medien und ebenso b\u00f6sartige Politiker dazu auf, zur Jagd auf Menschen zu blasen, die gesellschaftlich vollkommen konform leben. Es wurde ein Systems der umfassenden Kontrolle und des Zwangs zur Konformit\u00e4t etabliert. Aber eben nicht f\u00fcr alle, sondern nur f\u00fcr einige. Das f\u00fchrt in die Unfreiheit und macht durch die Ungerechtigkeit zornig.\u00a0<\/p>\n<p>Es ist notwendig, das System wieder in eine Balance zu bringen, es so auszutarieren, dass in der Breite der Gesellschaft wieder das Gef\u00fchl entsteht, in einem Rechtsstaat zu leben. Dieses Gef\u00fchl ist der Mittelschicht aus gutem Grund abhandengekommen, wie an den medialen und politischen Reaktionen auf Mannheim und Sylt in diesen Tagen \u00fcberdeutlich wird.<\/p>\n<p><strong>Mehr zum Thema<\/strong>\u00a0\u2013 <a rel=\"nofollow noopener\" target=\"_blank\" href=\"https:\/\/freedert.online\/inland\/208054-innenministerin-faeser-loeste-2022-expertenkreis\/\">Innenministerin Faeser l\u00f6ste 2022 den &#8220;Expertenkreis Politischer Islamismus&#8221; auf\u00a0<\/a><\/p>\n<div class=\"EmbedBlock-root EmbedBlock-externalVideo EmbedBlock-odysee\">\n<div class=\"VkEmbed\"><iframe class=\"lazyload\" data-src=\"https:\/\/odysee.com\/%24\/embed\/%40RTDE%3Ae%2FQuerdenker-klatschen-Antifa-st%C3%B6rt-Gedenkmarsch-f%C3%BCr-get%C3%B6teten-Polizisten%3A8\" frameborder=\"0\" width=\"853\" height=\"480\" allowfullscreen><\/iframe><\/div>\n<\/div>\n<\/div>\n<p><br \/>\n<br \/><a href=\"https:\/\/de.rt.com\/meinung\/208096-von-sylt-nach-mannheim-mit\/\">Source link <\/a><\/p>\n","protected":false},"excerpt":{"rendered":"<p>In Sylt gr\u00f6lten junge Erwachsene populistische Parolen. Die Pr\u00e4sidentin des Deutschen Bundestages forderte daf\u00fcr f\u00fcnf Jahre Haft. In Mannheim wird ein Islamkritiker schwer verletzt und ein Polizist hinterr\u00fccks erstochen. Politiker und Medien warnen vor voreiligen Schl\u00fcssen. Deutschland ist aus der Balance. Von Gert Ewen Ungar Ein abgelehnter Asylbewerber hat in Mannheim einen Polizisten ermordet. Die [&hellip;]<\/p>\n","protected":false},"author":3,"featured_media":59485,"comment_status":"open","ping_status":"open","sticky":false,"template":"","format":"standard","meta":{"_yoast_indexnow_last_ping":["1717519758"],"wp_automatic_camp":["217"],"c93753d244457485c3db920fbb046dbc":["Von Sylt nach Mannheim \u2013 Politik und Medien reagieren mit zweierlei Ma\u00df"],"original_link":["https:\/\/de.rt.com\/meinung\/208096-von-sylt-nach-mannheim-mit\/"],"_thumbnail_id":["59485"],"jnews_social_counter_last_update":["1777646253"],"_wptgpro_p2tg_sent2tg":["a:1:{i:23737;s:19:\"2024-06-04 18:50:54\";}"]},"categories":[19,23],"tags":[55370,3079,580,419,979,592,535,27400,140,50,40456],"yoast_head":"<!-- This site is optimized with the Yoast SEO Premium plugin v22.7 (Yoast SEO v22.7) - https:\/\/yoast.com\/wordpress\/plugins\/seo\/ -->\n<title>Von Sylt nach Mannheim \u2013 Politik und Medien reagieren mit zweierlei Ma\u00df - just-now.NEWS Deutschland<\/title>\n<meta name=\"robots\" content=\"index, follow, max-snippet:-1, max-image-preview:large, max-video-preview:-1\" \/>\n<link rel=\"canonical\" href=\"https:\/\/now-news.de\/de\/deutschland\/von-sylt-nach-mannheim-politik-und-medien-reagieren-mit-zweierlei-mass\/\" \/>\n<meta property=\"og:locale\" content=\"de_DE\" \/>\n<meta property=\"og:type\" content=\"article\" \/>\n<meta property=\"og:title\" content=\"Von Sylt nach Mannheim \u2013 Politik und Medien reagieren mit zweierlei Ma\u00df\" \/>\n<meta property=\"og:description\" content=\"In Sylt gr\u00f6lten junge Erwachsene populistische Parolen. Die Pr\u00e4sidentin des Deutschen Bundestages forderte daf\u00fcr f\u00fcnf Jahre Haft. In Mannheim wird ein Islamkritiker schwer verletzt und ein Polizist hinterr\u00fccks erstochen. Politiker und Medien warnen vor voreiligen Schl\u00fcssen. Deutschland ist aus der Balance. Von Gert Ewen Ungar Ein abgelehnter Asylbewerber hat in Mannheim einen Polizisten ermordet. Die [&hellip;]\" \/>\n<meta property=\"og:url\" content=\"https:\/\/now-news.de\/de\/deutschland\/von-sylt-nach-mannheim-politik-und-medien-reagieren-mit-zweierlei-mass\/\" \/>\n<meta property=\"og:site_name\" content=\"just-now.NEWS Deutschland\" \/>\n<meta property=\"article:publisher\" content=\"https:\/\/www.facebook.com\/wirmachenauf\" \/>\n<meta property=\"article:published_time\" content=\"2024-06-04T16:36:07+00:00\" \/>\n<meta property=\"og:image\" content=\"https:\/\/now-news.de\/de\/wp-content\/uploads\/sites\/3\/2024\/06\/665f0351b480cc7ce53483bb.jpg\" \/>\n<meta name=\"author\" content=\"rtnews\" \/>\n<meta name=\"twitter:card\" content=\"summary_large_image\" \/>\n<meta name=\"twitter:creator\" content=\"@WirMachenAuf_de\" \/>\n<meta name=\"twitter:site\" content=\"@WirMachenAuf_de\" \/>\n<meta name=\"twitter:label1\" content=\"Verfasst von\" \/>\n\t<meta name=\"twitter:data1\" content=\"rtnews\" \/>\n\t<meta name=\"twitter:label2\" content=\"Gesch\u00e4tzte Lesezeit\" \/>\n\t<meta name=\"twitter:data2\" content=\"7\u00a0Minuten\" \/>\n<script type=\"application\/ld+json\" class=\"yoast-schema-graph\">{\"@context\":\"https:\/\/schema.org\",\"@graph\":[{\"@type\":\"Article\",\"@id\":\"https:\/\/now-news.de\/de\/deutschland\/von-sylt-nach-mannheim-politik-und-medien-reagieren-mit-zweierlei-mass\/#article\",\"isPartOf\":{\"@id\":\"https:\/\/now-news.de\/de\/deutschland\/von-sylt-nach-mannheim-politik-und-medien-reagieren-mit-zweierlei-mass\/\"},\"author\":{\"name\":\"rtnews\",\"@id\":\"https:\/\/now-news.de\/de\/#\/schema\/person\/fb534a4e865501d8b3285208df34a9b5\"},\"headline\":\"Von Sylt nach Mannheim \u2013 Politik und Medien reagieren mit zweierlei Ma\u00df\",\"datePublished\":\"2024-06-04T16:36:07+00:00\",\"dateModified\":\"2024-06-04T16:36:07+00:00\",\"mainEntityOfPage\":{\"@id\":\"https:\/\/now-news.de\/de\/deutschland\/von-sylt-nach-mannheim-politik-und-medien-reagieren-mit-zweierlei-mass\/\"},\"wordCount\":1341,\"commentCount\":0,\"publisher\":{\"@id\":\"https:\/\/now-news.de\/de\/#organization\"},\"image\":{\"@id\":\"https:\/\/now-news.de\/de\/deutschland\/von-sylt-nach-mannheim-politik-und-medien-reagieren-mit-zweierlei-mass\/#primaryimage\"},\"thumbnailUrl\":\"https:\/\/now-news.de\/de\/wp-content\/uploads\/sites\/3\/2024\/06\/Von-Sylt-nach-Mannheim-\u2013-Politik-und-Medien-reagieren-mit.jpg\",\"keywords\":[\"Mannheim\",\"Mass\",\"Medien\",\"mit\",\"nach\",\"Politik\",\"reagieren\",\"Sylt\",\"und\",\"von\",\"zweierlei\"],\"articleSection\":[\"Deutschland\",\"Russland\"],\"inLanguage\":\"de\",\"potentialAction\":[{\"@type\":\"CommentAction\",\"name\":\"Comment\",\"target\":[\"https:\/\/now-news.de\/de\/deutschland\/von-sylt-nach-mannheim-politik-und-medien-reagieren-mit-zweierlei-mass\/#respond\"]}]},{\"@type\":\"WebPage\",\"@id\":\"https:\/\/now-news.de\/de\/deutschland\/von-sylt-nach-mannheim-politik-und-medien-reagieren-mit-zweierlei-mass\/\",\"url\":\"https:\/\/now-news.de\/de\/deutschland\/von-sylt-nach-mannheim-politik-und-medien-reagieren-mit-zweierlei-mass\/\",\"name\":\"Von Sylt nach Mannheim \u2013 Politik und Medien reagieren mit zweierlei Ma\u00df - just-now.NEWS Deutschland\",\"isPartOf\":{\"@id\":\"https:\/\/now-news.de\/de\/#website\"},\"primaryImageOfPage\":{\"@id\":\"https:\/\/now-news.de\/de\/deutschland\/von-sylt-nach-mannheim-politik-und-medien-reagieren-mit-zweierlei-mass\/#primaryimage\"},\"image\":{\"@id\":\"https:\/\/now-news.de\/de\/deutschland\/von-sylt-nach-mannheim-politik-und-medien-reagieren-mit-zweierlei-mass\/#primaryimage\"},\"thumbnailUrl\":\"https:\/\/now-news.de\/de\/wp-content\/uploads\/sites\/3\/2024\/06\/Von-Sylt-nach-Mannheim-\u2013-Politik-und-Medien-reagieren-mit.jpg\",\"datePublished\":\"2024-06-04T16:36:07+00:00\",\"dateModified\":\"2024-06-04T16:36:07+00:00\",\"breadcrumb\":{\"@id\":\"https:\/\/now-news.de\/de\/deutschland\/von-sylt-nach-mannheim-politik-und-medien-reagieren-mit-zweierlei-mass\/#breadcrumb\"},\"inLanguage\":\"de\",\"potentialAction\":[{\"@type\":\"ReadAction\",\"target\":[\"https:\/\/now-news.de\/de\/deutschland\/von-sylt-nach-mannheim-politik-und-medien-reagieren-mit-zweierlei-mass\/\"]}]},{\"@type\":\"ImageObject\",\"inLanguage\":\"de\",\"@id\":\"https:\/\/now-news.de\/de\/deutschland\/von-sylt-nach-mannheim-politik-und-medien-reagieren-mit-zweierlei-mass\/#primaryimage\",\"url\":\"https:\/\/now-news.de\/de\/wp-content\/uploads\/sites\/3\/2024\/06\/Von-Sylt-nach-Mannheim-\u2013-Politik-und-Medien-reagieren-mit.jpg\",\"contentUrl\":\"https:\/\/now-news.de\/de\/wp-content\/uploads\/sites\/3\/2024\/06\/Von-Sylt-nach-Mannheim-\u2013-Politik-und-Medien-reagieren-mit.jpg\",\"width\":460,\"height\":259,\"caption\":\"Von Sylt nach Mannheim \u2013 Politik und Medien reagieren mit zweierlei Ma\u00df\"},{\"@type\":\"BreadcrumbList\",\"@id\":\"https:\/\/now-news.de\/de\/deutschland\/von-sylt-nach-mannheim-politik-und-medien-reagieren-mit-zweierlei-mass\/#breadcrumb\",\"itemListElement\":[{\"@type\":\"ListItem\",\"position\":1,\"name\":\"Home\",\"item\":\"https:\/\/now-news.de\/de\/\"},{\"@type\":\"ListItem\",\"position\":2,\"name\":\"Von Sylt nach Mannheim \u2013 Politik und Medien reagieren mit zweierlei Ma\u00df\"}]},{\"@type\":\"WebSite\",\"@id\":\"https:\/\/now-news.de\/de\/#website\",\"url\":\"https:\/\/now-news.de\/de\/\",\"name\":\"just-now.NEWS Deutschland\",\"description\":\"Das Portal f\u00fcr unzensierte Nachrichten aus der Welt\",\"publisher\":{\"@id\":\"https:\/\/now-news.de\/de\/#organization\"},\"potentialAction\":[{\"@type\":\"SearchAction\",\"target\":{\"@type\":\"EntryPoint\",\"urlTemplate\":\"https:\/\/now-news.de\/de\/?s={search_term_string}\"},\"query-input\":\"required name=search_term_string\"}],\"inLanguage\":\"de\"},{\"@type\":\"Organization\",\"@id\":\"https:\/\/now-news.de\/de\/#organization\",\"name\":\"Just Now News\",\"url\":\"https:\/\/now-news.de\/de\/\",\"logo\":{\"@type\":\"ImageObject\",\"inLanguage\":\"de\",\"@id\":\"https:\/\/now-news.de\/de\/#\/schema\/logo\/image\/\",\"url\":\"http:\/\/just-now.news\/de\/wp-content\/uploads\/sites\/3\/2022\/04\/logo500x500.jpg\",\"contentUrl\":\"http:\/\/just-now.news\/de\/wp-content\/uploads\/sites\/3\/2022\/04\/logo500x500.jpg\",\"width\":500,\"height\":500,\"caption\":\"Just Now News\"},\"image\":{\"@id\":\"https:\/\/now-news.de\/de\/#\/schema\/logo\/image\/\"},\"sameAs\":[\"https:\/\/www.facebook.com\/wirmachenauf\",\"https:\/\/x.com\/WirMachenAuf_de\"]},{\"@type\":\"Person\",\"@id\":\"https:\/\/now-news.de\/de\/#\/schema\/person\/fb534a4e865501d8b3285208df34a9b5\",\"name\":\"rtnews\",\"image\":{\"@type\":\"ImageObject\",\"inLanguage\":\"de\",\"@id\":\"https:\/\/now-news.de\/de\/#\/schema\/person\/image\/\",\"url\":\"https:\/\/secure.gravatar.com\/avatar\/82aafea7d8127119dd649515f56e2117?s=96&d=mm&r=g\",\"contentUrl\":\"https:\/\/secure.gravatar.com\/avatar\/82aafea7d8127119dd649515f56e2117?s=96&d=mm&r=g\",\"caption\":\"rtnews\"},\"url\":\"https:\/\/now-news.de\/de\/author\/rnews\/\"}]}<\/script>\n<!-- \/ Yoast SEO Premium plugin. -->","yoast_head_json":{"title":"Von Sylt nach Mannheim \u2013 Politik und Medien reagieren mit zweierlei Ma\u00df - just-now.NEWS Deutschland","robots":{"index":"index","follow":"follow","max-snippet":"max-snippet:-1","max-image-preview":"max-image-preview:large","max-video-preview":"max-video-preview:-1"},"canonical":"https:\/\/now-news.de\/de\/deutschland\/von-sylt-nach-mannheim-politik-und-medien-reagieren-mit-zweierlei-mass\/","og_locale":"de_DE","og_type":"article","og_title":"Von Sylt nach Mannheim \u2013 Politik und Medien reagieren mit zweierlei Ma\u00df","og_description":"In Sylt gr\u00f6lten junge Erwachsene populistische Parolen. Die Pr\u00e4sidentin des Deutschen Bundestages forderte daf\u00fcr f\u00fcnf Jahre Haft. In Mannheim wird ein Islamkritiker schwer verletzt und ein Polizist hinterr\u00fccks erstochen. Politiker und Medien warnen vor voreiligen Schl\u00fcssen. Deutschland ist aus der Balance. Von Gert Ewen Ungar Ein abgelehnter Asylbewerber hat in Mannheim einen Polizisten ermordet. Die [&hellip;]","og_url":"https:\/\/now-news.de\/de\/deutschland\/von-sylt-nach-mannheim-politik-und-medien-reagieren-mit-zweierlei-mass\/","og_site_name":"just-now.NEWS Deutschland","article_publisher":"https:\/\/www.facebook.com\/wirmachenauf","article_published_time":"2024-06-04T16:36:07+00:00","og_image":[{"url":"https:\/\/now-news.de\/de\/wp-content\/uploads\/sites\/3\/2024\/06\/665f0351b480cc7ce53483bb.jpg"}],"author":"rtnews","twitter_card":"summary_large_image","twitter_creator":"@WirMachenAuf_de","twitter_site":"@WirMachenAuf_de","twitter_misc":{"Verfasst von":"rtnews","Gesch\u00e4tzte Lesezeit":"7\u00a0Minuten"},"schema":{"@context":"https:\/\/schema.org","@graph":[{"@type":"Article","@id":"https:\/\/now-news.de\/de\/deutschland\/von-sylt-nach-mannheim-politik-und-medien-reagieren-mit-zweierlei-mass\/#article","isPartOf":{"@id":"https:\/\/now-news.de\/de\/deutschland\/von-sylt-nach-mannheim-politik-und-medien-reagieren-mit-zweierlei-mass\/"},"author":{"name":"rtnews","@id":"https:\/\/now-news.de\/de\/#\/schema\/person\/fb534a4e865501d8b3285208df34a9b5"},"headline":"Von Sylt nach Mannheim \u2013 Politik und Medien reagieren mit zweierlei Ma\u00df","datePublished":"2024-06-04T16:36:07+00:00","dateModified":"2024-06-04T16:36:07+00:00","mainEntityOfPage":{"@id":"https:\/\/now-news.de\/de\/deutschland\/von-sylt-nach-mannheim-politik-und-medien-reagieren-mit-zweierlei-mass\/"},"wordCount":1341,"commentCount":0,"publisher":{"@id":"https:\/\/now-news.de\/de\/#organization"},"image":{"@id":"https:\/\/now-news.de\/de\/deutschland\/von-sylt-nach-mannheim-politik-und-medien-reagieren-mit-zweierlei-mass\/#primaryimage"},"thumbnailUrl":"https:\/\/now-news.de\/de\/wp-content\/uploads\/sites\/3\/2024\/06\/Von-Sylt-nach-Mannheim-\u2013-Politik-und-Medien-reagieren-mit.jpg","keywords":["Mannheim","Mass","Medien","mit","nach","Politik","reagieren","Sylt","und","von","zweierlei"],"articleSection":["Deutschland","Russland"],"inLanguage":"de","potentialAction":[{"@type":"CommentAction","name":"Comment","target":["https:\/\/now-news.de\/de\/deutschland\/von-sylt-nach-mannheim-politik-und-medien-reagieren-mit-zweierlei-mass\/#respond"]}]},{"@type":"WebPage","@id":"https:\/\/now-news.de\/de\/deutschland\/von-sylt-nach-mannheim-politik-und-medien-reagieren-mit-zweierlei-mass\/","url":"https:\/\/now-news.de\/de\/deutschland\/von-sylt-nach-mannheim-politik-und-medien-reagieren-mit-zweierlei-mass\/","name":"Von Sylt nach Mannheim \u2013 Politik und Medien reagieren mit zweierlei Ma\u00df - just-now.NEWS Deutschland","isPartOf":{"@id":"https:\/\/now-news.de\/de\/#website"},"primaryImageOfPage":{"@id":"https:\/\/now-news.de\/de\/deutschland\/von-sylt-nach-mannheim-politik-und-medien-reagieren-mit-zweierlei-mass\/#primaryimage"},"image":{"@id":"https:\/\/now-news.de\/de\/deutschland\/von-sylt-nach-mannheim-politik-und-medien-reagieren-mit-zweierlei-mass\/#primaryimage"},"thumbnailUrl":"https:\/\/now-news.de\/de\/wp-content\/uploads\/sites\/3\/2024\/06\/Von-Sylt-nach-Mannheim-\u2013-Politik-und-Medien-reagieren-mit.jpg","datePublished":"2024-06-04T16:36:07+00:00","dateModified":"2024-06-04T16:36:07+00:00","breadcrumb":{"@id":"https:\/\/now-news.de\/de\/deutschland\/von-sylt-nach-mannheim-politik-und-medien-reagieren-mit-zweierlei-mass\/#breadcrumb"},"inLanguage":"de","potentialAction":[{"@type":"ReadAction","target":["https:\/\/now-news.de\/de\/deutschland\/von-sylt-nach-mannheim-politik-und-medien-reagieren-mit-zweierlei-mass\/"]}]},{"@type":"ImageObject","inLanguage":"de","@id":"https:\/\/now-news.de\/de\/deutschland\/von-sylt-nach-mannheim-politik-und-medien-reagieren-mit-zweierlei-mass\/#primaryimage","url":"https:\/\/now-news.de\/de\/wp-content\/uploads\/sites\/3\/2024\/06\/Von-Sylt-nach-Mannheim-\u2013-Politik-und-Medien-reagieren-mit.jpg","contentUrl":"https:\/\/now-news.de\/de\/wp-content\/uploads\/sites\/3\/2024\/06\/Von-Sylt-nach-Mannheim-\u2013-Politik-und-Medien-reagieren-mit.jpg","width":460,"height":259,"caption":"Von Sylt nach Mannheim \u2013 Politik und Medien reagieren mit zweierlei Ma\u00df"},{"@type":"BreadcrumbList","@id":"https:\/\/now-news.de\/de\/deutschland\/von-sylt-nach-mannheim-politik-und-medien-reagieren-mit-zweierlei-mass\/#breadcrumb","itemListElement":[{"@type":"ListItem","position":1,"name":"Home","item":"https:\/\/now-news.de\/de\/"},{"@type":"ListItem","position":2,"name":"Von Sylt nach Mannheim \u2013 Politik und Medien reagieren mit zweierlei Ma\u00df"}]},{"@type":"WebSite","@id":"https:\/\/now-news.de\/de\/#website","url":"https:\/\/now-news.de\/de\/","name":"just-now.NEWS Deutschland","description":"Das Portal f\u00fcr unzensierte Nachrichten aus der Welt","publisher":{"@id":"https:\/\/now-news.de\/de\/#organization"},"potentialAction":[{"@type":"SearchAction","target":{"@type":"EntryPoint","urlTemplate":"https:\/\/now-news.de\/de\/?s={search_term_string}"},"query-input":"required name=search_term_string"}],"inLanguage":"de"},{"@type":"Organization","@id":"https:\/\/now-news.de\/de\/#organization","name":"Just Now News","url":"https:\/\/now-news.de\/de\/","logo":{"@type":"ImageObject","inLanguage":"de","@id":"https:\/\/now-news.de\/de\/#\/schema\/logo\/image\/","url":"http:\/\/just-now.news\/de\/wp-content\/uploads\/sites\/3\/2022\/04\/logo500x500.jpg","contentUrl":"http:\/\/just-now.news\/de\/wp-content\/uploads\/sites\/3\/2022\/04\/logo500x500.jpg","width":500,"height":500,"caption":"Just Now News"},"image":{"@id":"https:\/\/now-news.de\/de\/#\/schema\/logo\/image\/"},"sameAs":["https:\/\/www.facebook.com\/wirmachenauf","https:\/\/x.com\/WirMachenAuf_de"]},{"@type":"Person","@id":"https:\/\/now-news.de\/de\/#\/schema\/person\/fb534a4e865501d8b3285208df34a9b5","name":"rtnews","image":{"@type":"ImageObject","inLanguage":"de","@id":"https:\/\/now-news.de\/de\/#\/schema\/person\/image\/","url":"https:\/\/secure.gravatar.com\/avatar\/82aafea7d8127119dd649515f56e2117?s=96&d=mm&r=g","contentUrl":"https:\/\/secure.gravatar.com\/avatar\/82aafea7d8127119dd649515f56e2117?s=96&d=mm&r=g","caption":"rtnews"},"url":"https:\/\/now-news.de\/de\/author\/rnews\/"}]}},"_links":{"self":[{"href":"https:\/\/now-news.de\/de\/wp-json\/wp\/v2\/posts\/59484"}],"collection":[{"href":"https:\/\/now-news.de\/de\/wp-json\/wp\/v2\/posts"}],"about":[{"href":"https:\/\/now-news.de\/de\/wp-json\/wp\/v2\/types\/post"}],"author":[{"embeddable":true,"href":"https:\/\/now-news.de\/de\/wp-json\/wp\/v2\/users\/3"}],"replies":[{"embeddable":true,"href":"https:\/\/now-news.de\/de\/wp-json\/wp\/v2\/comments?post=59484"}],"version-history":[{"count":0,"href":"https:\/\/now-news.de\/de\/wp-json\/wp\/v2\/posts\/59484\/revisions"}],"wp:featuredmedia":[{"embeddable":true,"href":"https:\/\/now-news.de\/de\/wp-json\/wp\/v2\/media\/59485"}],"wp:attachment":[{"href":"https:\/\/now-news.de\/de\/wp-json\/wp\/v2\/media?parent=59484"}],"wp:term":[{"taxonomy":"category","embeddable":true,"href":"https:\/\/now-news.de\/de\/wp-json\/wp\/v2\/categories?post=59484"},{"taxonomy":"post_tag","embeddable":true,"href":"https:\/\/now-news.de\/de\/wp-json\/wp\/v2\/tags?post=59484"}],"curies":[{"name":"wp","href":"https:\/\/api.w.org\/{rel}","templated":true}]}}