{"id":59379,"date":"2024-06-03T12:14:58","date_gmt":"2024-06-03T10:14:58","guid":{"rendered":"https:\/\/now-news.de\/de\/deutschland\/praesident-der-republika-srpska-reist-zu-spief-nach-russland\/"},"modified":"2024-06-03T12:14:58","modified_gmt":"2024-06-03T10:14:58","slug":"praesident-der-republika-srpska-reist-zu-spief-nach-russland","status":"publish","type":"post","link":"https:\/\/now-news.de\/de\/deutschland\/praesident-der-republika-srpska-reist-zu-spief-nach-russland\/","title":{"rendered":"Pr\u00e4sident der Republika Srpska reist zu SPIEF nach Russland"},"content":{"rendered":"<p><img decoding=\"async\" src=\"https:\/\/now-news.de\/de\/wp-content\/uploads\/sites\/3\/2024\/06\/665d8f3f48fbef01e65f739c.jpg\" \/><\/p>\n<div class=\"Text-root Text-type_1 \">\n                Milorad Dodik, der Pr\u00e4sident der Republika Srpska, wird im Juni am Internationalen Wirtschaftsforum in Sankt Petersburg (SPIEF) teilnehmen, um Russland &#8220;angesichts der schweren und ungerechten Sanktionen&#8221; zu unterst\u00fctzen.\n            <\/div>\n<p><\/p>\n<div class=\"Text-root Text-type_5 ArticleView-text ViewText-root \">\n<p>In einem Interview mit der Nachrichtenagentur <em>RIA Nowosti<\/em>\u00a0 erkl\u00e4rte<em>\u00a0\u00a0<\/em>Milorad Dodik, der Pr\u00e4sident der Republika Srpska, dass er am kommenden Internationalen Wirtschaftsforum in Sankt Petersburg (SPIEF) teilnehmen wird, um Russland angesichts des Drucks der westlichen Sanktionen zu unterst\u00fctzen.<\/p>\n<blockquote>\n<p><em>&#8220;Ich m\u00f6chte dorthin fahren, weil jetzt der richtige Zeitpunkt daf\u00fcr ist. Auch wenn wir uns nicht auf viele neue Dinge einigen k\u00f6nnen, so kann ich doch die Bem\u00fchungen Russlands unterst\u00fctzen, seine Wirtschaft angesichts der schweren und ungerechten Sanktionen am Leben zu erhalten.&#8221;<\/em><\/p>\n<\/blockquote>\n<p>Er sei k\u00fcrzlich bei einem Treffen mit hochrangigen Europ\u00e4ern gefragt worden, wann Bosnien und Herzegowina Sanktionen gegen Russland verh\u00e4ngen werde. Dodik betonte, er werde keine Sanktionen gegen Russland auf nationaler Ebene zulassen, obwohl dies &#8220;eine sehr schwierige Position ist&#8221;.<\/p>\n<p>Dodik ist ein regelm\u00e4\u00dfiger Besucher des Forums und nimmt bereits seit mehreren Jahren an den Veranstaltungen teil.<\/p>\n<p>Seit 1997 findet das Forum j\u00e4hrlich in Sankt Petersburg statt. Das diesj\u00e4hrige SPIEF wird 5. bis 8. Juni unter dem Motto &#8220;Grundlagen der Multipolarit\u00e4t: Bildung neuer Wachstumszentren&#8221; ausgerichtet. Russlands Pr\u00e4sident Wladimir Putin soll am 7. Juni an mehreren Veranstaltungen teilnehmen.<\/p>\n<p>Bisher haben\u00a0mehr als 17.000 Menschen aus 136 L\u00e4ndern ihre Teilnahme am SPIEF best\u00e4tigt, darunter Delegationen aus Simbabwe\u00a0und Bolivien.<\/p>\n<p><strong>Mehr zum Thema<\/strong> &#8211; <a rel=\"nofollow noopener\" target=\"_blank\" href=\"https:\/\/freedert.online\/international\/206826-praesident-boliviens-kuendigt-teilnahme-am-st-petersburger-wirtschaftsforum-an\/\">Pr\u00e4sident Boliviens k\u00fcndigt Teilnahme am St. Petersburger Wirtschaftsforum an<\/a><\/p>\n<\/p>\n<\/div>\n<p><br \/>\n<br \/><a href=\"https:\/\/de.rt.com\/europa\/207953-praesident-republika-srpska-reist-zum\/\">Source link <\/a><\/p>\n","protected":false},"excerpt":{"rendered":"<p>Milorad Dodik, der Pr\u00e4sident der Republika Srpska, wird im Juni am Internationalen Wirtschaftsforum in Sankt Petersburg (SPIEF) teilnehmen, um Russland &#8220;angesichts der schweren und ungerechten Sanktionen&#8221; zu unterst\u00fctzen. In einem Interview mit der Nachrichtenagentur RIA Nowosti\u00a0 erkl\u00e4rte\u00a0\u00a0Milorad Dodik, der Pr\u00e4sident der Republika Srpska, dass er am kommenden Internationalen Wirtschaftsforum in Sankt Petersburg (SPIEF) teilnehmen wird, [&hellip;]<\/p>\n","protected":false},"author":3,"featured_media":59380,"comment_status":"open","ping_status":"open","sticky":false,"template":"","format":"standard","meta":{"_yoast_indexnow_last_ping":["1717411985"],"wp_automatic_camp":["217"],"5616fd9eb9fa00f95b537570eafae408":["Pr\u00e4sident der Republika Srpska reist zu SPIEF nach Russland"],"original_link":["https:\/\/de.rt.com\/europa\/207953-praesident-republika-srpska-reist-zum\/"],"_thumbnail_id":["59380"],"_wptgpro_p2tg_sent2tg":["a:1:{i:23737;s:19:\"2024-06-03 12:54:04\";}"],"jnews_social_counter_last_update":["1777201658"]},"categories":[19,23],"tags":[82,979,3464,29854,33084,126,55440,23823],"yoast_head":"<!-- This site is optimized with the Yoast SEO Premium plugin v22.7 (Yoast SEO v22.7) - https:\/\/yoast.com\/wordpress\/plugins\/seo\/ -->\n<title>Pr\u00e4sident der Republika Srpska reist zu SPIEF nach Russland - just-now.NEWS Deutschland<\/title>\n<meta name=\"robots\" content=\"index, follow, max-snippet:-1, max-image-preview:large, max-video-preview:-1\" \/>\n<link rel=\"canonical\" href=\"https:\/\/now-news.de\/de\/deutschland\/praesident-der-republika-srpska-reist-zu-spief-nach-russland\/\" \/>\n<meta property=\"og:locale\" content=\"de_DE\" \/>\n<meta property=\"og:type\" content=\"article\" \/>\n<meta property=\"og:title\" content=\"Pr\u00e4sident der Republika Srpska reist zu SPIEF nach Russland\" \/>\n<meta property=\"og:description\" content=\"Milorad Dodik, der Pr\u00e4sident der Republika Srpska, wird im Juni am Internationalen Wirtschaftsforum in Sankt Petersburg (SPIEF) teilnehmen, um Russland &#8220;angesichts der schweren und ungerechten Sanktionen&#8221; zu unterst\u00fctzen. In einem Interview mit der Nachrichtenagentur RIA Nowosti\u00a0 erkl\u00e4rte\u00a0\u00a0Milorad Dodik, der Pr\u00e4sident der Republika Srpska, dass er am kommenden Internationalen Wirtschaftsforum in Sankt Petersburg (SPIEF) teilnehmen wird, [&hellip;]\" \/>\n<meta property=\"og:url\" content=\"https:\/\/now-news.de\/de\/deutschland\/praesident-der-republika-srpska-reist-zu-spief-nach-russland\/\" \/>\n<meta property=\"og:site_name\" content=\"just-now.NEWS Deutschland\" \/>\n<meta property=\"article:publisher\" content=\"https:\/\/www.facebook.com\/wirmachenauf\" \/>\n<meta property=\"article:published_time\" content=\"2024-06-03T10:14:58+00:00\" \/>\n<meta property=\"og:image\" content=\"https:\/\/now-news.de\/de\/wp-content\/uploads\/sites\/3\/2024\/06\/665d8f3f48fbef01e65f739c.jpg\" \/>\n<meta name=\"author\" content=\"rtnews\" \/>\n<meta name=\"twitter:card\" content=\"summary_large_image\" \/>\n<meta name=\"twitter:creator\" content=\"@WirMachenAuf_de\" \/>\n<meta name=\"twitter:site\" content=\"@WirMachenAuf_de\" \/>\n<meta name=\"twitter:label1\" content=\"Verfasst von\" \/>\n\t<meta name=\"twitter:data1\" content=\"rtnews\" \/>\n\t<meta name=\"twitter:label2\" content=\"Gesch\u00e4tzte Lesezeit\" \/>\n\t<meta name=\"twitter:data2\" content=\"1\u00a0Minute\" \/>\n<script type=\"application\/ld+json\" class=\"yoast-schema-graph\">{\"@context\":\"https:\/\/schema.org\",\"@graph\":[{\"@type\":\"Article\",\"@id\":\"https:\/\/now-news.de\/de\/deutschland\/praesident-der-republika-srpska-reist-zu-spief-nach-russland\/#article\",\"isPartOf\":{\"@id\":\"https:\/\/now-news.de\/de\/deutschland\/praesident-der-republika-srpska-reist-zu-spief-nach-russland\/\"},\"author\":{\"name\":\"rtnews\",\"@id\":\"https:\/\/now-news.de\/de\/#\/schema\/person\/fb534a4e865501d8b3285208df34a9b5\"},\"headline\":\"Pr\u00e4sident der Republika Srpska reist zu SPIEF nach Russland\",\"datePublished\":\"2024-06-03T10:14:58+00:00\",\"dateModified\":\"2024-06-03T10:14:58+00:00\",\"mainEntityOfPage\":{\"@id\":\"https:\/\/now-news.de\/de\/deutschland\/praesident-der-republika-srpska-reist-zu-spief-nach-russland\/\"},\"wordCount\":266,\"commentCount\":0,\"publisher\":{\"@id\":\"https:\/\/now-news.de\/de\/#organization\"},\"image\":{\"@id\":\"https:\/\/now-news.de\/de\/deutschland\/praesident-der-republika-srpska-reist-zu-spief-nach-russland\/#primaryimage\"},\"thumbnailUrl\":\"https:\/\/now-news.de\/de\/wp-content\/uploads\/sites\/3\/2024\/06\/Praesident-der-Republika-Srpska-reist-zu-SPIEF-nach-Russland.jpg\",\"keywords\":[\"der\",\"nach\",\"Pr\u00e4sident\",\"reist\",\"Republika\",\"russland\",\"SPIEF\",\"Srpska\"],\"articleSection\":[\"Deutschland\",\"Russland\"],\"inLanguage\":\"de\",\"potentialAction\":[{\"@type\":\"CommentAction\",\"name\":\"Comment\",\"target\":[\"https:\/\/now-news.de\/de\/deutschland\/praesident-der-republika-srpska-reist-zu-spief-nach-russland\/#respond\"]}]},{\"@type\":\"WebPage\",\"@id\":\"https:\/\/now-news.de\/de\/deutschland\/praesident-der-republika-srpska-reist-zu-spief-nach-russland\/\",\"url\":\"https:\/\/now-news.de\/de\/deutschland\/praesident-der-republika-srpska-reist-zu-spief-nach-russland\/\",\"name\":\"Pr\u00e4sident der Republika Srpska reist zu SPIEF nach Russland - just-now.NEWS Deutschland\",\"isPartOf\":{\"@id\":\"https:\/\/now-news.de\/de\/#website\"},\"primaryImageOfPage\":{\"@id\":\"https:\/\/now-news.de\/de\/deutschland\/praesident-der-republika-srpska-reist-zu-spief-nach-russland\/#primaryimage\"},\"image\":{\"@id\":\"https:\/\/now-news.de\/de\/deutschland\/praesident-der-republika-srpska-reist-zu-spief-nach-russland\/#primaryimage\"},\"thumbnailUrl\":\"https:\/\/now-news.de\/de\/wp-content\/uploads\/sites\/3\/2024\/06\/Praesident-der-Republika-Srpska-reist-zu-SPIEF-nach-Russland.jpg\",\"datePublished\":\"2024-06-03T10:14:58+00:00\",\"dateModified\":\"2024-06-03T10:14:58+00:00\",\"breadcrumb\":{\"@id\":\"https:\/\/now-news.de\/de\/deutschland\/praesident-der-republika-srpska-reist-zu-spief-nach-russland\/#breadcrumb\"},\"inLanguage\":\"de\",\"potentialAction\":[{\"@type\":\"ReadAction\",\"target\":[\"https:\/\/now-news.de\/de\/deutschland\/praesident-der-republika-srpska-reist-zu-spief-nach-russland\/\"]}]},{\"@type\":\"ImageObject\",\"inLanguage\":\"de\",\"@id\":\"https:\/\/now-news.de\/de\/deutschland\/praesident-der-republika-srpska-reist-zu-spief-nach-russland\/#primaryimage\",\"url\":\"https:\/\/now-news.de\/de\/wp-content\/uploads\/sites\/3\/2024\/06\/Praesident-der-Republika-Srpska-reist-zu-SPIEF-nach-Russland.jpg\",\"contentUrl\":\"https:\/\/now-news.de\/de\/wp-content\/uploads\/sites\/3\/2024\/06\/Praesident-der-Republika-Srpska-reist-zu-SPIEF-nach-Russland.jpg\",\"width\":460,\"height\":259,\"caption\":\"Pr\u00e4sident der Republika Srpska reist zu SPIEF nach Russland\"},{\"@type\":\"BreadcrumbList\",\"@id\":\"https:\/\/now-news.de\/de\/deutschland\/praesident-der-republika-srpska-reist-zu-spief-nach-russland\/#breadcrumb\",\"itemListElement\":[{\"@type\":\"ListItem\",\"position\":1,\"name\":\"Home\",\"item\":\"https:\/\/now-news.de\/de\/\"},{\"@type\":\"ListItem\",\"position\":2,\"name\":\"Pr\u00e4sident der Republika Srpska reist zu SPIEF nach Russland\"}]},{\"@type\":\"WebSite\",\"@id\":\"https:\/\/now-news.de\/de\/#website\",\"url\":\"https:\/\/now-news.de\/de\/\",\"name\":\"just-now.NEWS Deutschland\",\"description\":\"Das Portal f\u00fcr unzensierte Nachrichten aus der Welt\",\"publisher\":{\"@id\":\"https:\/\/now-news.de\/de\/#organization\"},\"potentialAction\":[{\"@type\":\"SearchAction\",\"target\":{\"@type\":\"EntryPoint\",\"urlTemplate\":\"https:\/\/now-news.de\/de\/?s={search_term_string}\"},\"query-input\":\"required name=search_term_string\"}],\"inLanguage\":\"de\"},{\"@type\":\"Organization\",\"@id\":\"https:\/\/now-news.de\/de\/#organization\",\"name\":\"Just Now News\",\"url\":\"https:\/\/now-news.de\/de\/\",\"logo\":{\"@type\":\"ImageObject\",\"inLanguage\":\"de\",\"@id\":\"https:\/\/now-news.de\/de\/#\/schema\/logo\/image\/\",\"url\":\"http:\/\/just-now.news\/de\/wp-content\/uploads\/sites\/3\/2022\/04\/logo500x500.jpg\",\"contentUrl\":\"http:\/\/just-now.news\/de\/wp-content\/uploads\/sites\/3\/2022\/04\/logo500x500.jpg\",\"width\":500,\"height\":500,\"caption\":\"Just Now News\"},\"image\":{\"@id\":\"https:\/\/now-news.de\/de\/#\/schema\/logo\/image\/\"},\"sameAs\":[\"https:\/\/www.facebook.com\/wirmachenauf\",\"https:\/\/x.com\/WirMachenAuf_de\"]},{\"@type\":\"Person\",\"@id\":\"https:\/\/now-news.de\/de\/#\/schema\/person\/fb534a4e865501d8b3285208df34a9b5\",\"name\":\"rtnews\",\"image\":{\"@type\":\"ImageObject\",\"inLanguage\":\"de\",\"@id\":\"https:\/\/now-news.de\/de\/#\/schema\/person\/image\/\",\"url\":\"https:\/\/secure.gravatar.com\/avatar\/82aafea7d8127119dd649515f56e2117?s=96&d=mm&r=g\",\"contentUrl\":\"https:\/\/secure.gravatar.com\/avatar\/82aafea7d8127119dd649515f56e2117?s=96&d=mm&r=g\",\"caption\":\"rtnews\"},\"url\":\"https:\/\/now-news.de\/de\/author\/rnews\/\"}]}<\/script>\n<!-- \/ Yoast SEO Premium plugin. -->","yoast_head_json":{"title":"Pr\u00e4sident der Republika Srpska reist zu SPIEF nach Russland - just-now.NEWS Deutschland","robots":{"index":"index","follow":"follow","max-snippet":"max-snippet:-1","max-image-preview":"max-image-preview:large","max-video-preview":"max-video-preview:-1"},"canonical":"https:\/\/now-news.de\/de\/deutschland\/praesident-der-republika-srpska-reist-zu-spief-nach-russland\/","og_locale":"de_DE","og_type":"article","og_title":"Pr\u00e4sident der Republika Srpska reist zu SPIEF nach Russland","og_description":"Milorad Dodik, der Pr\u00e4sident der Republika Srpska, wird im Juni am Internationalen Wirtschaftsforum in Sankt Petersburg (SPIEF) teilnehmen, um Russland &#8220;angesichts der schweren und ungerechten Sanktionen&#8221; zu unterst\u00fctzen. In einem Interview mit der Nachrichtenagentur RIA Nowosti\u00a0 erkl\u00e4rte\u00a0\u00a0Milorad Dodik, der Pr\u00e4sident der Republika Srpska, dass er am kommenden Internationalen Wirtschaftsforum in Sankt Petersburg (SPIEF) teilnehmen wird, [&hellip;]","og_url":"https:\/\/now-news.de\/de\/deutschland\/praesident-der-republika-srpska-reist-zu-spief-nach-russland\/","og_site_name":"just-now.NEWS Deutschland","article_publisher":"https:\/\/www.facebook.com\/wirmachenauf","article_published_time":"2024-06-03T10:14:58+00:00","og_image":[{"url":"https:\/\/now-news.de\/de\/wp-content\/uploads\/sites\/3\/2024\/06\/665d8f3f48fbef01e65f739c.jpg"}],"author":"rtnews","twitter_card":"summary_large_image","twitter_creator":"@WirMachenAuf_de","twitter_site":"@WirMachenAuf_de","twitter_misc":{"Verfasst von":"rtnews","Gesch\u00e4tzte Lesezeit":"1\u00a0Minute"},"schema":{"@context":"https:\/\/schema.org","@graph":[{"@type":"Article","@id":"https:\/\/now-news.de\/de\/deutschland\/praesident-der-republika-srpska-reist-zu-spief-nach-russland\/#article","isPartOf":{"@id":"https:\/\/now-news.de\/de\/deutschland\/praesident-der-republika-srpska-reist-zu-spief-nach-russland\/"},"author":{"name":"rtnews","@id":"https:\/\/now-news.de\/de\/#\/schema\/person\/fb534a4e865501d8b3285208df34a9b5"},"headline":"Pr\u00e4sident der Republika Srpska reist zu SPIEF nach Russland","datePublished":"2024-06-03T10:14:58+00:00","dateModified":"2024-06-03T10:14:58+00:00","mainEntityOfPage":{"@id":"https:\/\/now-news.de\/de\/deutschland\/praesident-der-republika-srpska-reist-zu-spief-nach-russland\/"},"wordCount":266,"commentCount":0,"publisher":{"@id":"https:\/\/now-news.de\/de\/#organization"},"image":{"@id":"https:\/\/now-news.de\/de\/deutschland\/praesident-der-republika-srpska-reist-zu-spief-nach-russland\/#primaryimage"},"thumbnailUrl":"https:\/\/now-news.de\/de\/wp-content\/uploads\/sites\/3\/2024\/06\/Praesident-der-Republika-Srpska-reist-zu-SPIEF-nach-Russland.jpg","keywords":["der","nach","Pr\u00e4sident","reist","Republika","russland","SPIEF","Srpska"],"articleSection":["Deutschland","Russland"],"inLanguage":"de","potentialAction":[{"@type":"CommentAction","name":"Comment","target":["https:\/\/now-news.de\/de\/deutschland\/praesident-der-republika-srpska-reist-zu-spief-nach-russland\/#respond"]}]},{"@type":"WebPage","@id":"https:\/\/now-news.de\/de\/deutschland\/praesident-der-republika-srpska-reist-zu-spief-nach-russland\/","url":"https:\/\/now-news.de\/de\/deutschland\/praesident-der-republika-srpska-reist-zu-spief-nach-russland\/","name":"Pr\u00e4sident der Republika Srpska reist zu SPIEF nach Russland - just-now.NEWS Deutschland","isPartOf":{"@id":"https:\/\/now-news.de\/de\/#website"},"primaryImageOfPage":{"@id":"https:\/\/now-news.de\/de\/deutschland\/praesident-der-republika-srpska-reist-zu-spief-nach-russland\/#primaryimage"},"image":{"@id":"https:\/\/now-news.de\/de\/deutschland\/praesident-der-republika-srpska-reist-zu-spief-nach-russland\/#primaryimage"},"thumbnailUrl":"https:\/\/now-news.de\/de\/wp-content\/uploads\/sites\/3\/2024\/06\/Praesident-der-Republika-Srpska-reist-zu-SPIEF-nach-Russland.jpg","datePublished":"2024-06-03T10:14:58+00:00","dateModified":"2024-06-03T10:14:58+00:00","breadcrumb":{"@id":"https:\/\/now-news.de\/de\/deutschland\/praesident-der-republika-srpska-reist-zu-spief-nach-russland\/#breadcrumb"},"inLanguage":"de","potentialAction":[{"@type":"ReadAction","target":["https:\/\/now-news.de\/de\/deutschland\/praesident-der-republika-srpska-reist-zu-spief-nach-russland\/"]}]},{"@type":"ImageObject","inLanguage":"de","@id":"https:\/\/now-news.de\/de\/deutschland\/praesident-der-republika-srpska-reist-zu-spief-nach-russland\/#primaryimage","url":"https:\/\/now-news.de\/de\/wp-content\/uploads\/sites\/3\/2024\/06\/Praesident-der-Republika-Srpska-reist-zu-SPIEF-nach-Russland.jpg","contentUrl":"https:\/\/now-news.de\/de\/wp-content\/uploads\/sites\/3\/2024\/06\/Praesident-der-Republika-Srpska-reist-zu-SPIEF-nach-Russland.jpg","width":460,"height":259,"caption":"Pr\u00e4sident der Republika Srpska reist zu SPIEF nach Russland"},{"@type":"BreadcrumbList","@id":"https:\/\/now-news.de\/de\/deutschland\/praesident-der-republika-srpska-reist-zu-spief-nach-russland\/#breadcrumb","itemListElement":[{"@type":"ListItem","position":1,"name":"Home","item":"https:\/\/now-news.de\/de\/"},{"@type":"ListItem","position":2,"name":"Pr\u00e4sident der Republika Srpska reist zu SPIEF nach Russland"}]},{"@type":"WebSite","@id":"https:\/\/now-news.de\/de\/#website","url":"https:\/\/now-news.de\/de\/","name":"just-now.NEWS Deutschland","description":"Das Portal f\u00fcr unzensierte Nachrichten aus der Welt","publisher":{"@id":"https:\/\/now-news.de\/de\/#organization"},"potentialAction":[{"@type":"SearchAction","target":{"@type":"EntryPoint","urlTemplate":"https:\/\/now-news.de\/de\/?s={search_term_string}"},"query-input":"required name=search_term_string"}],"inLanguage":"de"},{"@type":"Organization","@id":"https:\/\/now-news.de\/de\/#organization","name":"Just Now News","url":"https:\/\/now-news.de\/de\/","logo":{"@type":"ImageObject","inLanguage":"de","@id":"https:\/\/now-news.de\/de\/#\/schema\/logo\/image\/","url":"http:\/\/just-now.news\/de\/wp-content\/uploads\/sites\/3\/2022\/04\/logo500x500.jpg","contentUrl":"http:\/\/just-now.news\/de\/wp-content\/uploads\/sites\/3\/2022\/04\/logo500x500.jpg","width":500,"height":500,"caption":"Just Now News"},"image":{"@id":"https:\/\/now-news.de\/de\/#\/schema\/logo\/image\/"},"sameAs":["https:\/\/www.facebook.com\/wirmachenauf","https:\/\/x.com\/WirMachenAuf_de"]},{"@type":"Person","@id":"https:\/\/now-news.de\/de\/#\/schema\/person\/fb534a4e865501d8b3285208df34a9b5","name":"rtnews","image":{"@type":"ImageObject","inLanguage":"de","@id":"https:\/\/now-news.de\/de\/#\/schema\/person\/image\/","url":"https:\/\/secure.gravatar.com\/avatar\/82aafea7d8127119dd649515f56e2117?s=96&d=mm&r=g","contentUrl":"https:\/\/secure.gravatar.com\/avatar\/82aafea7d8127119dd649515f56e2117?s=96&d=mm&r=g","caption":"rtnews"},"url":"https:\/\/now-news.de\/de\/author\/rnews\/"}]}},"_links":{"self":[{"href":"https:\/\/now-news.de\/de\/wp-json\/wp\/v2\/posts\/59379"}],"collection":[{"href":"https:\/\/now-news.de\/de\/wp-json\/wp\/v2\/posts"}],"about":[{"href":"https:\/\/now-news.de\/de\/wp-json\/wp\/v2\/types\/post"}],"author":[{"embeddable":true,"href":"https:\/\/now-news.de\/de\/wp-json\/wp\/v2\/users\/3"}],"replies":[{"embeddable":true,"href":"https:\/\/now-news.de\/de\/wp-json\/wp\/v2\/comments?post=59379"}],"version-history":[{"count":0,"href":"https:\/\/now-news.de\/de\/wp-json\/wp\/v2\/posts\/59379\/revisions"}],"wp:featuredmedia":[{"embeddable":true,"href":"https:\/\/now-news.de\/de\/wp-json\/wp\/v2\/media\/59380"}],"wp:attachment":[{"href":"https:\/\/now-news.de\/de\/wp-json\/wp\/v2\/media?parent=59379"}],"wp:term":[{"taxonomy":"category","embeddable":true,"href":"https:\/\/now-news.de\/de\/wp-json\/wp\/v2\/categories?post=59379"},{"taxonomy":"post_tag","embeddable":true,"href":"https:\/\/now-news.de\/de\/wp-json\/wp\/v2\/tags?post=59379"}],"curies":[{"name":"wp","href":"https:\/\/api.w.org\/{rel}","templated":true}]}}