{"id":59339,"date":"2024-06-02T18:37:24","date_gmt":"2024-06-02T16:37:24","guid":{"rendered":"https:\/\/now-news.de\/de\/deutschland\/habeck-merz-ist-schuld-am-absturz-der-deutschen-wirtschaft\/"},"modified":"2024-06-02T18:37:24","modified_gmt":"2024-06-02T16:37:24","slug":"habeck-merz-ist-schuld-am-absturz-der-deutschen-wirtschaft","status":"publish","type":"post","link":"https:\/\/now-news.de\/de\/deutschland\/habeck-merz-ist-schuld-am-absturz-der-deutschen-wirtschaft\/","title":{"rendered":"Habeck: Merz ist schuld am Absturz der deutschen Wirtschaft"},"content":{"rendered":"<p><img decoding=\"async\" src=\"https:\/\/now-news.de\/de\/wp-content\/uploads\/sites\/3\/2024\/06\/665c85bf48fbef650e4b380a.jpg\" \/><\/p>\n<div class=\"Text-root Text-type_1 \">\n                Es mag ihm an logischen F\u00e4higkeiten mangeln, an Kreativit\u00e4t jedenfalls nicht. Der russische Pr\u00e4sident Wladimir Putin hat in Habecks Reden einen Kompagnon bekommen als Schuldigen f\u00fcr alles: den CDU-Vorsitzenden Friedrich Merz. So Habeck j\u00fcngst in Potsdam.\n            <\/div>\n<p><\/p>\n<div class=\"Text-root Text-type_5 ArticleView-text ViewText-root \">\n<p>Bisher war es in seinen Aussagen stets einzig der russische Pr\u00e4sident Wladimir Putin gewesen, der Deutschland erst das g\u00fcnstige Erdgas aufgedr\u00e4ngt und dann willk\u00fcrlich wieder entzogen und damit die wirtschaftliche Krise verursacht habe.<\/p>\n<p>Putins Nachfolger als Verursacher des \u00f6konomischen Absturzes ist nun der Vorsitzende der CDU. &#8220;Friedrich Merz, die Union ist verantwortlich f\u00fcr die schwerste Wirtschaftskrise seit Jahrzehnten&#8221;, meinte Habeck am Samstag auf dem kleinen Parteitag der Gr\u00fcnen in Potsdam. &#8220;Alles geht zur\u00fcck auf einen historischen Fehler der Gro\u00dfen Koalition.&#8221;<\/p>\n<p>Merz, der unter der Regierung Merkel weder Minister noch Vorsitzender der Regierungspartei war, soll also der wahre Verantwortliche f\u00fcr die Gaspipelines sein, die zuerst unter der rot-gr\u00fcnen Regierung Schr\u00f6der und dann unter Merkels Gro\u00dfer Koalition aus Union und SPD gebaut wurden. Die CDU m\u00fcsse diese Untat aufarbeiten, sagte Habeck.<\/p>\n<p>Ohne die Gr\u00fcnen in der Bundesregierung w\u00e4re es Deutschland ohnehin ganz \u00fcbel ergangen:<\/p>\n<blockquote>\n<p><em>&#8220;Deutschland w\u00e4re im Sommer 22 in eine Energiekrise geschlittert, die diesem Land den Boden unter den F\u00fc\u00dfen weggerissen h\u00e4tte. Deutschland h\u00e4tte sein Wohlstandsmodell abschreiben k\u00f6nnen. Und man darf sagen, Putin hat genau das vorgehabt.&#8221;<\/em><\/p>\n<\/blockquote>\n<p>Der Parteitag hat nachweislich nicht gelacht.<\/p>\n<p>Wie genau nun die Verbindung zwischen dem russischen Pr\u00e4sidenten Wladimir Putin und dem CDU-Vorsitzenden Friedrich Merz aussieht, die Habecks Aussage zufolge beide gleicherma\u00dfen durch den Handel mit russischem Erdgas den Untergang Deutschlands heraufbeschworen haben sollen, f\u00fchrte Habeck nicht n\u00e4her aus.<\/p>\n<p>Au\u00dferdem wolle die Union den Ausbau erneuerbarer Energien &#8220;kaputt machen&#8221;, sie nehme die Erderw\u00e4rmung nicht ernst und sei &#8220;energiepolitisch eine Geisterfahrerpartei&#8221;.<\/p>\n<p>&#8220;Wird Europa jetzt weltpolitikf\u00e4hig?&#8221;, fragt er dann noch und fordert milit\u00e4rische Kooperation und au\u00dfenpolitische Schlagkraft.<\/p>\n<p>Derzeit kursieren im Internet Aufnahmen von einem Auftritt Habecks in Eisenh\u00fcttenstadt am Tag vor seiner Rede in Potsdam. Sie liefern m\u00f6glicherweise eine Erkl\u00e4rung, warum er bei der Suche nach den Ursachen der deutschen Wirtschaftsentwicklung weder auf die Sanktionspolitik noch auf seine eigene Verantwortung als Wirtschaftsminister sto\u00dfen will:<\/p>\n<p><strong>Mehr zum Thema<\/strong> &#8211; <a rel=\"nofollow noopener\" target=\"_blank\" href=\"https:\/\/freedert.online\/inland\/207702-dihk-sieht-schleichende-deindustrialisierung-in-deutschland\/\">DIHK sieht schleichende Deindustrialisierung in Deutschland<\/a><\/p>\n<\/div>\n<p><br \/>\n<br \/><a href=\"https:\/\/de.rt.com\/inland\/207892-habeck-merz-ist-schuld-am\/\">Source link <\/a><\/p>\n","protected":false},"excerpt":{"rendered":"<p>Es mag ihm an logischen F\u00e4higkeiten mangeln, an Kreativit\u00e4t jedenfalls nicht. Der russische Pr\u00e4sident Wladimir Putin hat in Habecks Reden einen Kompagnon bekommen als Schuldigen f\u00fcr alles: den CDU-Vorsitzenden Friedrich Merz. So Habeck j\u00fcngst in Potsdam. Bisher war es in seinen Aussagen stets einzig der russische Pr\u00e4sident Wladimir Putin gewesen, der Deutschland erst das g\u00fcnstige [&hellip;]<\/p>\n","protected":false},"author":3,"featured_media":59340,"comment_status":"open","ping_status":"open","sticky":false,"template":"","format":"standard","meta":{"_yoast_indexnow_last_ping":["1717346505"],"wp_automatic_camp":["217"],"52fa78bfd7beeee8ebd2d6434658fd30":["Habeck: Merz ist schuld am Absturz der deutschen Wirtschaft"],"original_link":["https:\/\/de.rt.com\/inland\/207892-habeck-merz-ist-schuld-am\/"],"_thumbnail_id":["59340"],"_wptgpro_p2tg_sent2tg":["a:1:{i:23737;s:19:\"2024-06-02 18:43:00\";}"],"jnews_social_counter_last_update":["1777279764"]},"categories":[19,23],"tags":[23249,82,577,911,414,18728,12416,291],"yoast_head":"<!-- This site is optimized with the Yoast SEO Premium plugin v22.7 (Yoast SEO v22.7) - https:\/\/yoast.com\/wordpress\/plugins\/seo\/ -->\n<title>Habeck: Merz ist schuld am Absturz der deutschen Wirtschaft - just-now.NEWS Deutschland<\/title>\n<meta name=\"robots\" content=\"index, follow, max-snippet:-1, max-image-preview:large, max-video-preview:-1\" \/>\n<link rel=\"canonical\" href=\"https:\/\/now-news.de\/de\/deutschland\/habeck-merz-ist-schuld-am-absturz-der-deutschen-wirtschaft\/\" \/>\n<meta property=\"og:locale\" content=\"de_DE\" \/>\n<meta property=\"og:type\" content=\"article\" \/>\n<meta property=\"og:title\" content=\"Habeck: Merz ist schuld am Absturz der deutschen Wirtschaft\" \/>\n<meta property=\"og:description\" content=\"Es mag ihm an logischen F\u00e4higkeiten mangeln, an Kreativit\u00e4t jedenfalls nicht. Der russische Pr\u00e4sident Wladimir Putin hat in Habecks Reden einen Kompagnon bekommen als Schuldigen f\u00fcr alles: den CDU-Vorsitzenden Friedrich Merz. So Habeck j\u00fcngst in Potsdam. Bisher war es in seinen Aussagen stets einzig der russische Pr\u00e4sident Wladimir Putin gewesen, der Deutschland erst das g\u00fcnstige [&hellip;]\" \/>\n<meta property=\"og:url\" content=\"https:\/\/now-news.de\/de\/deutschland\/habeck-merz-ist-schuld-am-absturz-der-deutschen-wirtschaft\/\" \/>\n<meta property=\"og:site_name\" content=\"just-now.NEWS Deutschland\" \/>\n<meta property=\"article:publisher\" content=\"https:\/\/www.facebook.com\/wirmachenauf\" \/>\n<meta property=\"article:published_time\" content=\"2024-06-02T16:37:24+00:00\" \/>\n<meta property=\"og:image\" content=\"https:\/\/now-news.de\/de\/wp-content\/uploads\/sites\/3\/2024\/06\/665c85bf48fbef650e4b380a.jpg\" \/>\n<meta name=\"author\" content=\"rtnews\" \/>\n<meta name=\"twitter:card\" content=\"summary_large_image\" \/>\n<meta name=\"twitter:creator\" content=\"@WirMachenAuf_de\" \/>\n<meta name=\"twitter:site\" content=\"@WirMachenAuf_de\" \/>\n<meta name=\"twitter:label1\" content=\"Verfasst von\" \/>\n\t<meta name=\"twitter:data1\" content=\"rtnews\" \/>\n\t<meta name=\"twitter:label2\" content=\"Gesch\u00e4tzte Lesezeit\" \/>\n\t<meta name=\"twitter:data2\" content=\"2\u00a0Minuten\" \/>\n<script type=\"application\/ld+json\" class=\"yoast-schema-graph\">{\"@context\":\"https:\/\/schema.org\",\"@graph\":[{\"@type\":\"Article\",\"@id\":\"https:\/\/now-news.de\/de\/deutschland\/habeck-merz-ist-schuld-am-absturz-der-deutschen-wirtschaft\/#article\",\"isPartOf\":{\"@id\":\"https:\/\/now-news.de\/de\/deutschland\/habeck-merz-ist-schuld-am-absturz-der-deutschen-wirtschaft\/\"},\"author\":{\"name\":\"rtnews\",\"@id\":\"https:\/\/now-news.de\/de\/#\/schema\/person\/fb534a4e865501d8b3285208df34a9b5\"},\"headline\":\"Habeck: Merz ist schuld am Absturz der deutschen Wirtschaft\",\"datePublished\":\"2024-06-02T16:37:24+00:00\",\"dateModified\":\"2024-06-02T16:37:24+00:00\",\"mainEntityOfPage\":{\"@id\":\"https:\/\/now-news.de\/de\/deutschland\/habeck-merz-ist-schuld-am-absturz-der-deutschen-wirtschaft\/\"},\"wordCount\":400,\"commentCount\":0,\"publisher\":{\"@id\":\"https:\/\/now-news.de\/de\/#organization\"},\"image\":{\"@id\":\"https:\/\/now-news.de\/de\/deutschland\/habeck-merz-ist-schuld-am-absturz-der-deutschen-wirtschaft\/#primaryimage\"},\"thumbnailUrl\":\"https:\/\/now-news.de\/de\/wp-content\/uploads\/sites\/3\/2024\/06\/Habeck-Merz-ist-schuld-am-Absturz-der-deutschen-Wirtschaft.jpg\",\"keywords\":[\"Absturz\",\"der\",\"Deutschen\",\"Habeck\",\"ist\",\"Merz\",\"Schuld\",\"wirtschaft\"],\"articleSection\":[\"Deutschland\",\"Russland\"],\"inLanguage\":\"de\",\"potentialAction\":[{\"@type\":\"CommentAction\",\"name\":\"Comment\",\"target\":[\"https:\/\/now-news.de\/de\/deutschland\/habeck-merz-ist-schuld-am-absturz-der-deutschen-wirtschaft\/#respond\"]}]},{\"@type\":\"WebPage\",\"@id\":\"https:\/\/now-news.de\/de\/deutschland\/habeck-merz-ist-schuld-am-absturz-der-deutschen-wirtschaft\/\",\"url\":\"https:\/\/now-news.de\/de\/deutschland\/habeck-merz-ist-schuld-am-absturz-der-deutschen-wirtschaft\/\",\"name\":\"Habeck: Merz ist schuld am Absturz der deutschen Wirtschaft - just-now.NEWS Deutschland\",\"isPartOf\":{\"@id\":\"https:\/\/now-news.de\/de\/#website\"},\"primaryImageOfPage\":{\"@id\":\"https:\/\/now-news.de\/de\/deutschland\/habeck-merz-ist-schuld-am-absturz-der-deutschen-wirtschaft\/#primaryimage\"},\"image\":{\"@id\":\"https:\/\/now-news.de\/de\/deutschland\/habeck-merz-ist-schuld-am-absturz-der-deutschen-wirtschaft\/#primaryimage\"},\"thumbnailUrl\":\"https:\/\/now-news.de\/de\/wp-content\/uploads\/sites\/3\/2024\/06\/Habeck-Merz-ist-schuld-am-Absturz-der-deutschen-Wirtschaft.jpg\",\"datePublished\":\"2024-06-02T16:37:24+00:00\",\"dateModified\":\"2024-06-02T16:37:24+00:00\",\"breadcrumb\":{\"@id\":\"https:\/\/now-news.de\/de\/deutschland\/habeck-merz-ist-schuld-am-absturz-der-deutschen-wirtschaft\/#breadcrumb\"},\"inLanguage\":\"de\",\"potentialAction\":[{\"@type\":\"ReadAction\",\"target\":[\"https:\/\/now-news.de\/de\/deutschland\/habeck-merz-ist-schuld-am-absturz-der-deutschen-wirtschaft\/\"]}]},{\"@type\":\"ImageObject\",\"inLanguage\":\"de\",\"@id\":\"https:\/\/now-news.de\/de\/deutschland\/habeck-merz-ist-schuld-am-absturz-der-deutschen-wirtschaft\/#primaryimage\",\"url\":\"https:\/\/now-news.de\/de\/wp-content\/uploads\/sites\/3\/2024\/06\/Habeck-Merz-ist-schuld-am-Absturz-der-deutschen-Wirtschaft.jpg\",\"contentUrl\":\"https:\/\/now-news.de\/de\/wp-content\/uploads\/sites\/3\/2024\/06\/Habeck-Merz-ist-schuld-am-Absturz-der-deutschen-Wirtschaft.jpg\",\"width\":460,\"height\":259,\"caption\":\"Habeck: Merz ist schuld am Absturz der deutschen Wirtschaft\"},{\"@type\":\"BreadcrumbList\",\"@id\":\"https:\/\/now-news.de\/de\/deutschland\/habeck-merz-ist-schuld-am-absturz-der-deutschen-wirtschaft\/#breadcrumb\",\"itemListElement\":[{\"@type\":\"ListItem\",\"position\":1,\"name\":\"Home\",\"item\":\"https:\/\/now-news.de\/de\/\"},{\"@type\":\"ListItem\",\"position\":2,\"name\":\"Habeck: Merz ist schuld am Absturz der deutschen Wirtschaft\"}]},{\"@type\":\"WebSite\",\"@id\":\"https:\/\/now-news.de\/de\/#website\",\"url\":\"https:\/\/now-news.de\/de\/\",\"name\":\"just-now.NEWS Deutschland\",\"description\":\"Das Portal f\u00fcr unzensierte Nachrichten aus der Welt\",\"publisher\":{\"@id\":\"https:\/\/now-news.de\/de\/#organization\"},\"potentialAction\":[{\"@type\":\"SearchAction\",\"target\":{\"@type\":\"EntryPoint\",\"urlTemplate\":\"https:\/\/now-news.de\/de\/?s={search_term_string}\"},\"query-input\":\"required name=search_term_string\"}],\"inLanguage\":\"de\"},{\"@type\":\"Organization\",\"@id\":\"https:\/\/now-news.de\/de\/#organization\",\"name\":\"Just Now News\",\"url\":\"https:\/\/now-news.de\/de\/\",\"logo\":{\"@type\":\"ImageObject\",\"inLanguage\":\"de\",\"@id\":\"https:\/\/now-news.de\/de\/#\/schema\/logo\/image\/\",\"url\":\"http:\/\/just-now.news\/de\/wp-content\/uploads\/sites\/3\/2022\/04\/logo500x500.jpg\",\"contentUrl\":\"http:\/\/just-now.news\/de\/wp-content\/uploads\/sites\/3\/2022\/04\/logo500x500.jpg\",\"width\":500,\"height\":500,\"caption\":\"Just Now News\"},\"image\":{\"@id\":\"https:\/\/now-news.de\/de\/#\/schema\/logo\/image\/\"},\"sameAs\":[\"https:\/\/www.facebook.com\/wirmachenauf\",\"https:\/\/x.com\/WirMachenAuf_de\"]},{\"@type\":\"Person\",\"@id\":\"https:\/\/now-news.de\/de\/#\/schema\/person\/fb534a4e865501d8b3285208df34a9b5\",\"name\":\"rtnews\",\"image\":{\"@type\":\"ImageObject\",\"inLanguage\":\"de\",\"@id\":\"https:\/\/now-news.de\/de\/#\/schema\/person\/image\/\",\"url\":\"https:\/\/secure.gravatar.com\/avatar\/82aafea7d8127119dd649515f56e2117?s=96&d=mm&r=g\",\"contentUrl\":\"https:\/\/secure.gravatar.com\/avatar\/82aafea7d8127119dd649515f56e2117?s=96&d=mm&r=g\",\"caption\":\"rtnews\"},\"url\":\"https:\/\/now-news.de\/de\/author\/rnews\/\"}]}<\/script>\n<!-- \/ Yoast SEO Premium plugin. -->","yoast_head_json":{"title":"Habeck: Merz ist schuld am Absturz der deutschen Wirtschaft - just-now.NEWS Deutschland","robots":{"index":"index","follow":"follow","max-snippet":"max-snippet:-1","max-image-preview":"max-image-preview:large","max-video-preview":"max-video-preview:-1"},"canonical":"https:\/\/now-news.de\/de\/deutschland\/habeck-merz-ist-schuld-am-absturz-der-deutschen-wirtschaft\/","og_locale":"de_DE","og_type":"article","og_title":"Habeck: Merz ist schuld am Absturz der deutschen Wirtschaft","og_description":"Es mag ihm an logischen F\u00e4higkeiten mangeln, an Kreativit\u00e4t jedenfalls nicht. Der russische Pr\u00e4sident Wladimir Putin hat in Habecks Reden einen Kompagnon bekommen als Schuldigen f\u00fcr alles: den CDU-Vorsitzenden Friedrich Merz. So Habeck j\u00fcngst in Potsdam. Bisher war es in seinen Aussagen stets einzig der russische Pr\u00e4sident Wladimir Putin gewesen, der Deutschland erst das g\u00fcnstige [&hellip;]","og_url":"https:\/\/now-news.de\/de\/deutschland\/habeck-merz-ist-schuld-am-absturz-der-deutschen-wirtschaft\/","og_site_name":"just-now.NEWS Deutschland","article_publisher":"https:\/\/www.facebook.com\/wirmachenauf","article_published_time":"2024-06-02T16:37:24+00:00","og_image":[{"url":"https:\/\/now-news.de\/de\/wp-content\/uploads\/sites\/3\/2024\/06\/665c85bf48fbef650e4b380a.jpg"}],"author":"rtnews","twitter_card":"summary_large_image","twitter_creator":"@WirMachenAuf_de","twitter_site":"@WirMachenAuf_de","twitter_misc":{"Verfasst von":"rtnews","Gesch\u00e4tzte Lesezeit":"2\u00a0Minuten"},"schema":{"@context":"https:\/\/schema.org","@graph":[{"@type":"Article","@id":"https:\/\/now-news.de\/de\/deutschland\/habeck-merz-ist-schuld-am-absturz-der-deutschen-wirtschaft\/#article","isPartOf":{"@id":"https:\/\/now-news.de\/de\/deutschland\/habeck-merz-ist-schuld-am-absturz-der-deutschen-wirtschaft\/"},"author":{"name":"rtnews","@id":"https:\/\/now-news.de\/de\/#\/schema\/person\/fb534a4e865501d8b3285208df34a9b5"},"headline":"Habeck: Merz ist schuld am Absturz der deutschen Wirtschaft","datePublished":"2024-06-02T16:37:24+00:00","dateModified":"2024-06-02T16:37:24+00:00","mainEntityOfPage":{"@id":"https:\/\/now-news.de\/de\/deutschland\/habeck-merz-ist-schuld-am-absturz-der-deutschen-wirtschaft\/"},"wordCount":400,"commentCount":0,"publisher":{"@id":"https:\/\/now-news.de\/de\/#organization"},"image":{"@id":"https:\/\/now-news.de\/de\/deutschland\/habeck-merz-ist-schuld-am-absturz-der-deutschen-wirtschaft\/#primaryimage"},"thumbnailUrl":"https:\/\/now-news.de\/de\/wp-content\/uploads\/sites\/3\/2024\/06\/Habeck-Merz-ist-schuld-am-Absturz-der-deutschen-Wirtschaft.jpg","keywords":["Absturz","der","Deutschen","Habeck","ist","Merz","Schuld","wirtschaft"],"articleSection":["Deutschland","Russland"],"inLanguage":"de","potentialAction":[{"@type":"CommentAction","name":"Comment","target":["https:\/\/now-news.de\/de\/deutschland\/habeck-merz-ist-schuld-am-absturz-der-deutschen-wirtschaft\/#respond"]}]},{"@type":"WebPage","@id":"https:\/\/now-news.de\/de\/deutschland\/habeck-merz-ist-schuld-am-absturz-der-deutschen-wirtschaft\/","url":"https:\/\/now-news.de\/de\/deutschland\/habeck-merz-ist-schuld-am-absturz-der-deutschen-wirtschaft\/","name":"Habeck: Merz ist schuld am Absturz der deutschen Wirtschaft - just-now.NEWS Deutschland","isPartOf":{"@id":"https:\/\/now-news.de\/de\/#website"},"primaryImageOfPage":{"@id":"https:\/\/now-news.de\/de\/deutschland\/habeck-merz-ist-schuld-am-absturz-der-deutschen-wirtschaft\/#primaryimage"},"image":{"@id":"https:\/\/now-news.de\/de\/deutschland\/habeck-merz-ist-schuld-am-absturz-der-deutschen-wirtschaft\/#primaryimage"},"thumbnailUrl":"https:\/\/now-news.de\/de\/wp-content\/uploads\/sites\/3\/2024\/06\/Habeck-Merz-ist-schuld-am-Absturz-der-deutschen-Wirtschaft.jpg","datePublished":"2024-06-02T16:37:24+00:00","dateModified":"2024-06-02T16:37:24+00:00","breadcrumb":{"@id":"https:\/\/now-news.de\/de\/deutschland\/habeck-merz-ist-schuld-am-absturz-der-deutschen-wirtschaft\/#breadcrumb"},"inLanguage":"de","potentialAction":[{"@type":"ReadAction","target":["https:\/\/now-news.de\/de\/deutschland\/habeck-merz-ist-schuld-am-absturz-der-deutschen-wirtschaft\/"]}]},{"@type":"ImageObject","inLanguage":"de","@id":"https:\/\/now-news.de\/de\/deutschland\/habeck-merz-ist-schuld-am-absturz-der-deutschen-wirtschaft\/#primaryimage","url":"https:\/\/now-news.de\/de\/wp-content\/uploads\/sites\/3\/2024\/06\/Habeck-Merz-ist-schuld-am-Absturz-der-deutschen-Wirtschaft.jpg","contentUrl":"https:\/\/now-news.de\/de\/wp-content\/uploads\/sites\/3\/2024\/06\/Habeck-Merz-ist-schuld-am-Absturz-der-deutschen-Wirtschaft.jpg","width":460,"height":259,"caption":"Habeck: Merz ist schuld am Absturz der deutschen Wirtschaft"},{"@type":"BreadcrumbList","@id":"https:\/\/now-news.de\/de\/deutschland\/habeck-merz-ist-schuld-am-absturz-der-deutschen-wirtschaft\/#breadcrumb","itemListElement":[{"@type":"ListItem","position":1,"name":"Home","item":"https:\/\/now-news.de\/de\/"},{"@type":"ListItem","position":2,"name":"Habeck: Merz ist schuld am Absturz der deutschen Wirtschaft"}]},{"@type":"WebSite","@id":"https:\/\/now-news.de\/de\/#website","url":"https:\/\/now-news.de\/de\/","name":"just-now.NEWS Deutschland","description":"Das Portal f\u00fcr unzensierte Nachrichten aus der Welt","publisher":{"@id":"https:\/\/now-news.de\/de\/#organization"},"potentialAction":[{"@type":"SearchAction","target":{"@type":"EntryPoint","urlTemplate":"https:\/\/now-news.de\/de\/?s={search_term_string}"},"query-input":"required name=search_term_string"}],"inLanguage":"de"},{"@type":"Organization","@id":"https:\/\/now-news.de\/de\/#organization","name":"Just Now News","url":"https:\/\/now-news.de\/de\/","logo":{"@type":"ImageObject","inLanguage":"de","@id":"https:\/\/now-news.de\/de\/#\/schema\/logo\/image\/","url":"http:\/\/just-now.news\/de\/wp-content\/uploads\/sites\/3\/2022\/04\/logo500x500.jpg","contentUrl":"http:\/\/just-now.news\/de\/wp-content\/uploads\/sites\/3\/2022\/04\/logo500x500.jpg","width":500,"height":500,"caption":"Just Now News"},"image":{"@id":"https:\/\/now-news.de\/de\/#\/schema\/logo\/image\/"},"sameAs":["https:\/\/www.facebook.com\/wirmachenauf","https:\/\/x.com\/WirMachenAuf_de"]},{"@type":"Person","@id":"https:\/\/now-news.de\/de\/#\/schema\/person\/fb534a4e865501d8b3285208df34a9b5","name":"rtnews","image":{"@type":"ImageObject","inLanguage":"de","@id":"https:\/\/now-news.de\/de\/#\/schema\/person\/image\/","url":"https:\/\/secure.gravatar.com\/avatar\/82aafea7d8127119dd649515f56e2117?s=96&d=mm&r=g","contentUrl":"https:\/\/secure.gravatar.com\/avatar\/82aafea7d8127119dd649515f56e2117?s=96&d=mm&r=g","caption":"rtnews"},"url":"https:\/\/now-news.de\/de\/author\/rnews\/"}]}},"_links":{"self":[{"href":"https:\/\/now-news.de\/de\/wp-json\/wp\/v2\/posts\/59339"}],"collection":[{"href":"https:\/\/now-news.de\/de\/wp-json\/wp\/v2\/posts"}],"about":[{"href":"https:\/\/now-news.de\/de\/wp-json\/wp\/v2\/types\/post"}],"author":[{"embeddable":true,"href":"https:\/\/now-news.de\/de\/wp-json\/wp\/v2\/users\/3"}],"replies":[{"embeddable":true,"href":"https:\/\/now-news.de\/de\/wp-json\/wp\/v2\/comments?post=59339"}],"version-history":[{"count":0,"href":"https:\/\/now-news.de\/de\/wp-json\/wp\/v2\/posts\/59339\/revisions"}],"wp:featuredmedia":[{"embeddable":true,"href":"https:\/\/now-news.de\/de\/wp-json\/wp\/v2\/media\/59340"}],"wp:attachment":[{"href":"https:\/\/now-news.de\/de\/wp-json\/wp\/v2\/media?parent=59339"}],"wp:term":[{"taxonomy":"category","embeddable":true,"href":"https:\/\/now-news.de\/de\/wp-json\/wp\/v2\/categories?post=59339"},{"taxonomy":"post_tag","embeddable":true,"href":"https:\/\/now-news.de\/de\/wp-json\/wp\/v2\/tags?post=59339"}],"curies":[{"name":"wp","href":"https:\/\/api.w.org\/{rel}","templated":true}]}}