{"id":59325,"date":"2024-06-02T14:33:38","date_gmt":"2024-06-02T12:33:38","guid":{"rendered":"https:\/\/now-news.de\/de\/deutschland\/auf-diesem-geheimtreffen-diskutieren-vertreter-des-westens-ueber-russland\/"},"modified":"2024-06-02T14:33:38","modified_gmt":"2024-06-02T12:33:38","slug":"auf-diesem-geheimtreffen-diskutieren-vertreter-des-westens-ueber-russland","status":"publish","type":"post","link":"https:\/\/now-news.de\/de\/deutschland\/auf-diesem-geheimtreffen-diskutieren-vertreter-des-westens-ueber-russland\/","title":{"rendered":"Auf diesem Geheimtreffen diskutieren Vertreter des Westens \u00fcber Russland"},"content":{"rendered":"<p><img decoding=\"async\" src=\"https:\/\/now-news.de\/de\/wp-content\/uploads\/sites\/3\/2024\/06\/665c3e9448fbef558276c4ab.jpg\" \/><\/p>\n<div class=\"Text-root Text-type_1 \">\n                Derzeit findet das Bilderberg-Treffen statt. Vertreter aus Washington, Kiew und der NATO nehmen am geschlossenen Treffen der Bilderberger in Madrid teil. Darunter sind auch Angeh\u00f6rige der Bundesregierung und deutscher Konzerne.\n            <\/div>\n<p><\/p>\n<div class=\"Text-root Text-type_5 ArticleView-text ViewText-root \">\n<p>Regierungsvertreter aus der gesamten westlichen Welt treffen sich an diesem Wochenende mit Konzernf\u00fchrern und Akademikern auf dem 70. Bilderberg-Treffen in Madrid. Hinter geschlossenen T\u00fcren und ohne Pressevertreter diskutieren die Anwesenden &#8220;Ukraine&#8221;, &#8220;Russland&#8221; und &#8220;Die Zukunft der Kriegsf\u00fchrung&#8221;.<\/p>\n<p>Die Bilderberg-Treffen, die seit 1954 abgehalten werden, bringen die Reichen und M\u00e4chtigen aus Europa und Nordamerika zusammen, um \u2013 so wird \u00fcberwiegend berichtet \u2013 zu diskutieren, wie sie ihre Wirtschaften und ihre Politik noch enger abstimmen k\u00f6nnen.<\/p>\n<p>Die Teilnahme ist nur auf Einladung m\u00f6glich, es werden keine offiziellen Stellungnahmen oder Erkl\u00e4rungen ver\u00f6ffentlicht, und nach den begrenzten Details, die auf der Webseite der Bilderberg-Gruppe verf\u00fcgbar sind, nehmen die Teilnehmer als &#8220;Individuen&#8221; teil und sind &#8220;nicht durch die Konventionen ihres Amtes oder zuvor vereinbarte Positionen gebunden&#8221;.<\/p>\n<p>Das diesj\u00e4hrige Treffen, das in Madrid stattfindet, begann am Donnerstag und endet am Sonntag. Unter den <a rel=\"nofollow noopener\" target=\"_blank\" href=\"https:\/\/bilderbergmeetings.org\/press\/press-release\/participants\">Teilnehmern<\/a> sind der stellvertretende US-Finanzminister Wally Adeyemo, der stellvertretende Nationale Sicherheitsberater Jonathan Finer, der finnische Pr\u00e4sident Alexander Stubb, der Pr\u00e4sident des Europarats Charles Michel, NATO-Generalsekret\u00e4r Jens Stoltenberg, die Premierminister der Niederlande und Estlands, die Au\u00dfenminister Spaniens, der Ukraine, Schwedens und Polens, Bundesjustizminister Marco Buschmann und der stellvertretende Premier Irlands.<\/p>\n<p>Aus der Gesch\u00e4ftswelt nehmen die Vorstandsvorsitzenden von Pfizer, Albert Bourla, und von BP, Murray Auchincloss, und der ehemalige Google-Chef Eric Schmidt teil, au\u00dferdem mehrere f\u00fcr k\u00fcnstliche Intelligenz zust\u00e4ndige Manager von Google, Microsoft und Anthropic PBC.<\/p>\n<p>Weitere deutsche Teilnehmer sind der Leiter des Kanzleramts, Wolfgang Schmidt, der Vorstandsvorsitzende der Springer AG, Mathias D\u00f6pfner, Christian Sewing, Vorstandsvorsitzender der Deutschen Bahn, und der CDU-Vorsitzende Friedrich Merz.<\/p>\n<p>Laut der Bilderberg-Website geht es in diesem Jahr vor allem um &#8220;den Stand der K\u00fcnstlichen Intelligenz&#8221;, die &#8220;Zukunft der Kriegsf\u00fchrung&#8221;, &#8220;Ukraine und die Welt&#8221; und &#8220;Russland&#8221;.<\/p>\n<p>Obwohl Russland als Diskussionsthema aufgef\u00fchrt wird, ist keiner der auf der Webseite aufgef\u00fchrten 131 Teilnehmer Russe.<\/p>\n<p>Die Geheimhaltung der Bilderberg-Treffen hat an beiden Enden des politischen Spektrums Verschw\u00f6rungstheorien ausgel\u00f6st. Die Linken sehen den Bilderberg-Club als ein Instrument kapitalistischer Macht, w\u00e4hrend die Rechten die Treffen \u2013 zusammen mit der Trilateralen Kommission und dem Weltwirtschaftsforum \u2013 als Planungssitzungen f\u00fcr eine totalit\u00e4re Weltregierung oder die &#8220;Neue Weltordnung&#8221; sehen.<\/p>\n<p>&#8220;Zu sagen, dass wir nach einer Weltregierung streben, ist \u00fcbertrieben, aber nicht g\u00e4nzlich unangebracht&#8221;, <a rel=\"nofollow noopener\" target=\"_blank\" href=\"https:\/\/www.theguardian.com\/books\/2001\/mar\/10\/extract1\">sagte<\/a> Denis Healey, ein Gr\u00fcndungsmitglied der Gruppe, dem <em>Guardian <\/em>2001. &#8220;Wir in Bilderberg f\u00fchlten, wir k\u00f6nnten nicht ewig damit weitermachen, f\u00fcr nichts gegeneinander zu k\u00e4mpfen und Menschen zu t\u00f6ten und Millionen obdachlos zu machen. Darum fanden wir, dass eine einzige weltumfassende Gemeinschaft eine gute Sache w\u00e4re.&#8221;<\/p>\n<p>&#8220;Verschiedene Verschw\u00f6rungstheoretiker haben wilden Vermutungen \u00fcber den Zweck des Treffens Ausdruck verliehen&#8221;, stellt die Bilderberg-Website fest. &#8220;Auch wenn diese Behauptungen jeglicher Grundlage entbehren, bedauern wir, dass viele davon online und in sozialen Netzwerken weiter gedeihen.&#8221;<\/p>\n<p><strong>Mehr zum Thema<\/strong> &#8211; <a rel=\"nofollow noopener\" target=\"_blank\" href=\"https:\/\/freedert.online\/meinung\/151749-geheimbunde-harmlose-vereine-oder-schlimme\/\">Geheimb\u00fcnde: Harmlose Vereine oder schlimme Bedrohung f\u00fcr die Demokratie? <\/a><\/p>\n<\/p>\n<\/div>\n<p><br \/>\n<br \/><a href=\"https:\/\/de.rt.com\/international\/207861-auf-geheimtreffen-diskutieren-vertreter-westens\/\">Source link <\/a><\/p>\n","protected":false},"excerpt":{"rendered":"<p>Derzeit findet das Bilderberg-Treffen statt. Vertreter aus Washington, Kiew und der NATO nehmen am geschlossenen Treffen der Bilderberger in Madrid teil. Darunter sind auch Angeh\u00f6rige der Bundesregierung und deutscher Konzerne. Regierungsvertreter aus der gesamten westlichen Welt treffen sich an diesem Wochenende mit Konzernf\u00fchrern und Akademikern auf dem 70. Bilderberg-Treffen in Madrid. Hinter geschlossenen T\u00fcren und [&hellip;]<\/p>\n","protected":false},"author":3,"featured_media":59326,"comment_status":"open","ping_status":"open","sticky":false,"template":"","format":"standard","meta":{"_yoast_indexnow_last_ping":["1717331945"],"wp_automatic_camp":["217"],"2784037be7d93bd6a227c41d64046552":["Auf diesem Geheimtreffen diskutieren Vertreter des Westens \u00fcber Russland"],"original_link":["https:\/\/de.rt.com\/international\/207861-auf-geheimtreffen-diskutieren-vertreter-westens\/"],"_thumbnail_id":["59326"],"_wptgpro_p2tg_sent2tg":["a:1:{i:23737;s:19:\"2024-06-02 14:40:06\";}"],"jnews_social_counter_last_update":["1777186153"]},"categories":[19,23],"tags":[133,583,16319,16674,39400,126,139,20016,3117],"yoast_head":"<!-- This site is optimized with the Yoast SEO Premium plugin v22.7 (Yoast SEO v22.7) - https:\/\/yoast.com\/wordpress\/plugins\/seo\/ -->\n<title>Auf diesem Geheimtreffen diskutieren Vertreter des Westens \u00fcber Russland - just-now.NEWS Deutschland<\/title>\n<meta name=\"robots\" content=\"index, follow, max-snippet:-1, max-image-preview:large, max-video-preview:-1\" \/>\n<link rel=\"canonical\" href=\"https:\/\/now-news.de\/de\/deutschland\/auf-diesem-geheimtreffen-diskutieren-vertreter-des-westens-ueber-russland\/\" \/>\n<meta property=\"og:locale\" content=\"de_DE\" \/>\n<meta property=\"og:type\" content=\"article\" \/>\n<meta property=\"og:title\" content=\"Auf diesem Geheimtreffen diskutieren Vertreter des Westens \u00fcber Russland\" \/>\n<meta property=\"og:description\" content=\"Derzeit findet das Bilderberg-Treffen statt. Vertreter aus Washington, Kiew und der NATO nehmen am geschlossenen Treffen der Bilderberger in Madrid teil. Darunter sind auch Angeh\u00f6rige der Bundesregierung und deutscher Konzerne. Regierungsvertreter aus der gesamten westlichen Welt treffen sich an diesem Wochenende mit Konzernf\u00fchrern und Akademikern auf dem 70. Bilderberg-Treffen in Madrid. Hinter geschlossenen T\u00fcren und [&hellip;]\" \/>\n<meta property=\"og:url\" content=\"https:\/\/now-news.de\/de\/deutschland\/auf-diesem-geheimtreffen-diskutieren-vertreter-des-westens-ueber-russland\/\" \/>\n<meta property=\"og:site_name\" content=\"just-now.NEWS Deutschland\" \/>\n<meta property=\"article:publisher\" content=\"https:\/\/www.facebook.com\/wirmachenauf\" \/>\n<meta property=\"article:published_time\" content=\"2024-06-02T12:33:38+00:00\" \/>\n<meta property=\"og:image\" content=\"https:\/\/now-news.de\/de\/wp-content\/uploads\/sites\/3\/2024\/06\/665c3e9448fbef558276c4ab.jpg\" \/>\n<meta name=\"author\" content=\"rtnews\" \/>\n<meta name=\"twitter:card\" content=\"summary_large_image\" \/>\n<meta name=\"twitter:creator\" content=\"@WirMachenAuf_de\" \/>\n<meta name=\"twitter:site\" content=\"@WirMachenAuf_de\" \/>\n<meta name=\"twitter:label1\" content=\"Verfasst von\" \/>\n\t<meta name=\"twitter:data1\" content=\"rtnews\" \/>\n\t<meta name=\"twitter:label2\" content=\"Gesch\u00e4tzte Lesezeit\" \/>\n\t<meta name=\"twitter:data2\" content=\"3\u00a0Minuten\" \/>\n<script type=\"application\/ld+json\" class=\"yoast-schema-graph\">{\"@context\":\"https:\/\/schema.org\",\"@graph\":[{\"@type\":\"Article\",\"@id\":\"https:\/\/now-news.de\/de\/deutschland\/auf-diesem-geheimtreffen-diskutieren-vertreter-des-westens-ueber-russland\/#article\",\"isPartOf\":{\"@id\":\"https:\/\/now-news.de\/de\/deutschland\/auf-diesem-geheimtreffen-diskutieren-vertreter-des-westens-ueber-russland\/\"},\"author\":{\"name\":\"rtnews\",\"@id\":\"https:\/\/now-news.de\/de\/#\/schema\/person\/fb534a4e865501d8b3285208df34a9b5\"},\"headline\":\"Auf diesem Geheimtreffen diskutieren Vertreter des Westens \u00fcber Russland\",\"datePublished\":\"2024-06-02T12:33:38+00:00\",\"dateModified\":\"2024-06-02T12:33:38+00:00\",\"mainEntityOfPage\":{\"@id\":\"https:\/\/now-news.de\/de\/deutschland\/auf-diesem-geheimtreffen-diskutieren-vertreter-des-westens-ueber-russland\/\"},\"wordCount\":523,\"commentCount\":0,\"publisher\":{\"@id\":\"https:\/\/now-news.de\/de\/#organization\"},\"image\":{\"@id\":\"https:\/\/now-news.de\/de\/deutschland\/auf-diesem-geheimtreffen-diskutieren-vertreter-des-westens-ueber-russland\/#primaryimage\"},\"thumbnailUrl\":\"https:\/\/now-news.de\/de\/wp-content\/uploads\/sites\/3\/2024\/06\/Auf-diesem-Geheimtreffen-diskutieren-Vertreter-des-Westens-ueber-Russland.jpg\",\"keywords\":[\"AUF\",\"des\",\"diesem\",\"diskutieren\",\"Geheimtreffen\",\"russland\",\"\u00fcber\",\"Vertreter\",\"Westens\"],\"articleSection\":[\"Deutschland\",\"Russland\"],\"inLanguage\":\"de\",\"potentialAction\":[{\"@type\":\"CommentAction\",\"name\":\"Comment\",\"target\":[\"https:\/\/now-news.de\/de\/deutschland\/auf-diesem-geheimtreffen-diskutieren-vertreter-des-westens-ueber-russland\/#respond\"]}]},{\"@type\":\"WebPage\",\"@id\":\"https:\/\/now-news.de\/de\/deutschland\/auf-diesem-geheimtreffen-diskutieren-vertreter-des-westens-ueber-russland\/\",\"url\":\"https:\/\/now-news.de\/de\/deutschland\/auf-diesem-geheimtreffen-diskutieren-vertreter-des-westens-ueber-russland\/\",\"name\":\"Auf diesem Geheimtreffen diskutieren Vertreter des Westens \u00fcber Russland - just-now.NEWS Deutschland\",\"isPartOf\":{\"@id\":\"https:\/\/now-news.de\/de\/#website\"},\"primaryImageOfPage\":{\"@id\":\"https:\/\/now-news.de\/de\/deutschland\/auf-diesem-geheimtreffen-diskutieren-vertreter-des-westens-ueber-russland\/#primaryimage\"},\"image\":{\"@id\":\"https:\/\/now-news.de\/de\/deutschland\/auf-diesem-geheimtreffen-diskutieren-vertreter-des-westens-ueber-russland\/#primaryimage\"},\"thumbnailUrl\":\"https:\/\/now-news.de\/de\/wp-content\/uploads\/sites\/3\/2024\/06\/Auf-diesem-Geheimtreffen-diskutieren-Vertreter-des-Westens-ueber-Russland.jpg\",\"datePublished\":\"2024-06-02T12:33:38+00:00\",\"dateModified\":\"2024-06-02T12:33:38+00:00\",\"breadcrumb\":{\"@id\":\"https:\/\/now-news.de\/de\/deutschland\/auf-diesem-geheimtreffen-diskutieren-vertreter-des-westens-ueber-russland\/#breadcrumb\"},\"inLanguage\":\"de\",\"potentialAction\":[{\"@type\":\"ReadAction\",\"target\":[\"https:\/\/now-news.de\/de\/deutschland\/auf-diesem-geheimtreffen-diskutieren-vertreter-des-westens-ueber-russland\/\"]}]},{\"@type\":\"ImageObject\",\"inLanguage\":\"de\",\"@id\":\"https:\/\/now-news.de\/de\/deutschland\/auf-diesem-geheimtreffen-diskutieren-vertreter-des-westens-ueber-russland\/#primaryimage\",\"url\":\"https:\/\/now-news.de\/de\/wp-content\/uploads\/sites\/3\/2024\/06\/Auf-diesem-Geheimtreffen-diskutieren-Vertreter-des-Westens-ueber-Russland.jpg\",\"contentUrl\":\"https:\/\/now-news.de\/de\/wp-content\/uploads\/sites\/3\/2024\/06\/Auf-diesem-Geheimtreffen-diskutieren-Vertreter-des-Westens-ueber-Russland.jpg\",\"width\":460,\"height\":259,\"caption\":\"Auf diesem Geheimtreffen diskutieren Vertreter des Westens \u00fcber Russland\"},{\"@type\":\"BreadcrumbList\",\"@id\":\"https:\/\/now-news.de\/de\/deutschland\/auf-diesem-geheimtreffen-diskutieren-vertreter-des-westens-ueber-russland\/#breadcrumb\",\"itemListElement\":[{\"@type\":\"ListItem\",\"position\":1,\"name\":\"Home\",\"item\":\"https:\/\/now-news.de\/de\/\"},{\"@type\":\"ListItem\",\"position\":2,\"name\":\"Auf diesem Geheimtreffen diskutieren Vertreter des Westens \u00fcber Russland\"}]},{\"@type\":\"WebSite\",\"@id\":\"https:\/\/now-news.de\/de\/#website\",\"url\":\"https:\/\/now-news.de\/de\/\",\"name\":\"just-now.NEWS Deutschland\",\"description\":\"Das Portal f\u00fcr unzensierte Nachrichten aus der Welt\",\"publisher\":{\"@id\":\"https:\/\/now-news.de\/de\/#organization\"},\"potentialAction\":[{\"@type\":\"SearchAction\",\"target\":{\"@type\":\"EntryPoint\",\"urlTemplate\":\"https:\/\/now-news.de\/de\/?s={search_term_string}\"},\"query-input\":\"required name=search_term_string\"}],\"inLanguage\":\"de\"},{\"@type\":\"Organization\",\"@id\":\"https:\/\/now-news.de\/de\/#organization\",\"name\":\"Just Now News\",\"url\":\"https:\/\/now-news.de\/de\/\",\"logo\":{\"@type\":\"ImageObject\",\"inLanguage\":\"de\",\"@id\":\"https:\/\/now-news.de\/de\/#\/schema\/logo\/image\/\",\"url\":\"http:\/\/just-now.news\/de\/wp-content\/uploads\/sites\/3\/2022\/04\/logo500x500.jpg\",\"contentUrl\":\"http:\/\/just-now.news\/de\/wp-content\/uploads\/sites\/3\/2022\/04\/logo500x500.jpg\",\"width\":500,\"height\":500,\"caption\":\"Just Now News\"},\"image\":{\"@id\":\"https:\/\/now-news.de\/de\/#\/schema\/logo\/image\/\"},\"sameAs\":[\"https:\/\/www.facebook.com\/wirmachenauf\",\"https:\/\/x.com\/WirMachenAuf_de\"]},{\"@type\":\"Person\",\"@id\":\"https:\/\/now-news.de\/de\/#\/schema\/person\/fb534a4e865501d8b3285208df34a9b5\",\"name\":\"rtnews\",\"image\":{\"@type\":\"ImageObject\",\"inLanguage\":\"de\",\"@id\":\"https:\/\/now-news.de\/de\/#\/schema\/person\/image\/\",\"url\":\"https:\/\/secure.gravatar.com\/avatar\/82aafea7d8127119dd649515f56e2117?s=96&d=mm&r=g\",\"contentUrl\":\"https:\/\/secure.gravatar.com\/avatar\/82aafea7d8127119dd649515f56e2117?s=96&d=mm&r=g\",\"caption\":\"rtnews\"},\"url\":\"https:\/\/now-news.de\/de\/author\/rnews\/\"}]}<\/script>\n<!-- \/ Yoast SEO Premium plugin. -->","yoast_head_json":{"title":"Auf diesem Geheimtreffen diskutieren Vertreter des Westens \u00fcber Russland - just-now.NEWS Deutschland","robots":{"index":"index","follow":"follow","max-snippet":"max-snippet:-1","max-image-preview":"max-image-preview:large","max-video-preview":"max-video-preview:-1"},"canonical":"https:\/\/now-news.de\/de\/deutschland\/auf-diesem-geheimtreffen-diskutieren-vertreter-des-westens-ueber-russland\/","og_locale":"de_DE","og_type":"article","og_title":"Auf diesem Geheimtreffen diskutieren Vertreter des Westens \u00fcber Russland","og_description":"Derzeit findet das Bilderberg-Treffen statt. Vertreter aus Washington, Kiew und der NATO nehmen am geschlossenen Treffen der Bilderberger in Madrid teil. Darunter sind auch Angeh\u00f6rige der Bundesregierung und deutscher Konzerne. Regierungsvertreter aus der gesamten westlichen Welt treffen sich an diesem Wochenende mit Konzernf\u00fchrern und Akademikern auf dem 70. Bilderberg-Treffen in Madrid. Hinter geschlossenen T\u00fcren und [&hellip;]","og_url":"https:\/\/now-news.de\/de\/deutschland\/auf-diesem-geheimtreffen-diskutieren-vertreter-des-westens-ueber-russland\/","og_site_name":"just-now.NEWS Deutschland","article_publisher":"https:\/\/www.facebook.com\/wirmachenauf","article_published_time":"2024-06-02T12:33:38+00:00","og_image":[{"url":"https:\/\/now-news.de\/de\/wp-content\/uploads\/sites\/3\/2024\/06\/665c3e9448fbef558276c4ab.jpg"}],"author":"rtnews","twitter_card":"summary_large_image","twitter_creator":"@WirMachenAuf_de","twitter_site":"@WirMachenAuf_de","twitter_misc":{"Verfasst von":"rtnews","Gesch\u00e4tzte Lesezeit":"3\u00a0Minuten"},"schema":{"@context":"https:\/\/schema.org","@graph":[{"@type":"Article","@id":"https:\/\/now-news.de\/de\/deutschland\/auf-diesem-geheimtreffen-diskutieren-vertreter-des-westens-ueber-russland\/#article","isPartOf":{"@id":"https:\/\/now-news.de\/de\/deutschland\/auf-diesem-geheimtreffen-diskutieren-vertreter-des-westens-ueber-russland\/"},"author":{"name":"rtnews","@id":"https:\/\/now-news.de\/de\/#\/schema\/person\/fb534a4e865501d8b3285208df34a9b5"},"headline":"Auf diesem Geheimtreffen diskutieren Vertreter des Westens \u00fcber Russland","datePublished":"2024-06-02T12:33:38+00:00","dateModified":"2024-06-02T12:33:38+00:00","mainEntityOfPage":{"@id":"https:\/\/now-news.de\/de\/deutschland\/auf-diesem-geheimtreffen-diskutieren-vertreter-des-westens-ueber-russland\/"},"wordCount":523,"commentCount":0,"publisher":{"@id":"https:\/\/now-news.de\/de\/#organization"},"image":{"@id":"https:\/\/now-news.de\/de\/deutschland\/auf-diesem-geheimtreffen-diskutieren-vertreter-des-westens-ueber-russland\/#primaryimage"},"thumbnailUrl":"https:\/\/now-news.de\/de\/wp-content\/uploads\/sites\/3\/2024\/06\/Auf-diesem-Geheimtreffen-diskutieren-Vertreter-des-Westens-ueber-Russland.jpg","keywords":["AUF","des","diesem","diskutieren","Geheimtreffen","russland","\u00fcber","Vertreter","Westens"],"articleSection":["Deutschland","Russland"],"inLanguage":"de","potentialAction":[{"@type":"CommentAction","name":"Comment","target":["https:\/\/now-news.de\/de\/deutschland\/auf-diesem-geheimtreffen-diskutieren-vertreter-des-westens-ueber-russland\/#respond"]}]},{"@type":"WebPage","@id":"https:\/\/now-news.de\/de\/deutschland\/auf-diesem-geheimtreffen-diskutieren-vertreter-des-westens-ueber-russland\/","url":"https:\/\/now-news.de\/de\/deutschland\/auf-diesem-geheimtreffen-diskutieren-vertreter-des-westens-ueber-russland\/","name":"Auf diesem Geheimtreffen diskutieren Vertreter des Westens \u00fcber Russland - just-now.NEWS Deutschland","isPartOf":{"@id":"https:\/\/now-news.de\/de\/#website"},"primaryImageOfPage":{"@id":"https:\/\/now-news.de\/de\/deutschland\/auf-diesem-geheimtreffen-diskutieren-vertreter-des-westens-ueber-russland\/#primaryimage"},"image":{"@id":"https:\/\/now-news.de\/de\/deutschland\/auf-diesem-geheimtreffen-diskutieren-vertreter-des-westens-ueber-russland\/#primaryimage"},"thumbnailUrl":"https:\/\/now-news.de\/de\/wp-content\/uploads\/sites\/3\/2024\/06\/Auf-diesem-Geheimtreffen-diskutieren-Vertreter-des-Westens-ueber-Russland.jpg","datePublished":"2024-06-02T12:33:38+00:00","dateModified":"2024-06-02T12:33:38+00:00","breadcrumb":{"@id":"https:\/\/now-news.de\/de\/deutschland\/auf-diesem-geheimtreffen-diskutieren-vertreter-des-westens-ueber-russland\/#breadcrumb"},"inLanguage":"de","potentialAction":[{"@type":"ReadAction","target":["https:\/\/now-news.de\/de\/deutschland\/auf-diesem-geheimtreffen-diskutieren-vertreter-des-westens-ueber-russland\/"]}]},{"@type":"ImageObject","inLanguage":"de","@id":"https:\/\/now-news.de\/de\/deutschland\/auf-diesem-geheimtreffen-diskutieren-vertreter-des-westens-ueber-russland\/#primaryimage","url":"https:\/\/now-news.de\/de\/wp-content\/uploads\/sites\/3\/2024\/06\/Auf-diesem-Geheimtreffen-diskutieren-Vertreter-des-Westens-ueber-Russland.jpg","contentUrl":"https:\/\/now-news.de\/de\/wp-content\/uploads\/sites\/3\/2024\/06\/Auf-diesem-Geheimtreffen-diskutieren-Vertreter-des-Westens-ueber-Russland.jpg","width":460,"height":259,"caption":"Auf diesem Geheimtreffen diskutieren Vertreter des Westens \u00fcber Russland"},{"@type":"BreadcrumbList","@id":"https:\/\/now-news.de\/de\/deutschland\/auf-diesem-geheimtreffen-diskutieren-vertreter-des-westens-ueber-russland\/#breadcrumb","itemListElement":[{"@type":"ListItem","position":1,"name":"Home","item":"https:\/\/now-news.de\/de\/"},{"@type":"ListItem","position":2,"name":"Auf diesem Geheimtreffen diskutieren Vertreter des Westens \u00fcber Russland"}]},{"@type":"WebSite","@id":"https:\/\/now-news.de\/de\/#website","url":"https:\/\/now-news.de\/de\/","name":"just-now.NEWS Deutschland","description":"Das Portal f\u00fcr unzensierte Nachrichten aus der Welt","publisher":{"@id":"https:\/\/now-news.de\/de\/#organization"},"potentialAction":[{"@type":"SearchAction","target":{"@type":"EntryPoint","urlTemplate":"https:\/\/now-news.de\/de\/?s={search_term_string}"},"query-input":"required name=search_term_string"}],"inLanguage":"de"},{"@type":"Organization","@id":"https:\/\/now-news.de\/de\/#organization","name":"Just Now News","url":"https:\/\/now-news.de\/de\/","logo":{"@type":"ImageObject","inLanguage":"de","@id":"https:\/\/now-news.de\/de\/#\/schema\/logo\/image\/","url":"http:\/\/just-now.news\/de\/wp-content\/uploads\/sites\/3\/2022\/04\/logo500x500.jpg","contentUrl":"http:\/\/just-now.news\/de\/wp-content\/uploads\/sites\/3\/2022\/04\/logo500x500.jpg","width":500,"height":500,"caption":"Just Now News"},"image":{"@id":"https:\/\/now-news.de\/de\/#\/schema\/logo\/image\/"},"sameAs":["https:\/\/www.facebook.com\/wirmachenauf","https:\/\/x.com\/WirMachenAuf_de"]},{"@type":"Person","@id":"https:\/\/now-news.de\/de\/#\/schema\/person\/fb534a4e865501d8b3285208df34a9b5","name":"rtnews","image":{"@type":"ImageObject","inLanguage":"de","@id":"https:\/\/now-news.de\/de\/#\/schema\/person\/image\/","url":"https:\/\/secure.gravatar.com\/avatar\/82aafea7d8127119dd649515f56e2117?s=96&d=mm&r=g","contentUrl":"https:\/\/secure.gravatar.com\/avatar\/82aafea7d8127119dd649515f56e2117?s=96&d=mm&r=g","caption":"rtnews"},"url":"https:\/\/now-news.de\/de\/author\/rnews\/"}]}},"_links":{"self":[{"href":"https:\/\/now-news.de\/de\/wp-json\/wp\/v2\/posts\/59325"}],"collection":[{"href":"https:\/\/now-news.de\/de\/wp-json\/wp\/v2\/posts"}],"about":[{"href":"https:\/\/now-news.de\/de\/wp-json\/wp\/v2\/types\/post"}],"author":[{"embeddable":true,"href":"https:\/\/now-news.de\/de\/wp-json\/wp\/v2\/users\/3"}],"replies":[{"embeddable":true,"href":"https:\/\/now-news.de\/de\/wp-json\/wp\/v2\/comments?post=59325"}],"version-history":[{"count":0,"href":"https:\/\/now-news.de\/de\/wp-json\/wp\/v2\/posts\/59325\/revisions"}],"wp:featuredmedia":[{"embeddable":true,"href":"https:\/\/now-news.de\/de\/wp-json\/wp\/v2\/media\/59326"}],"wp:attachment":[{"href":"https:\/\/now-news.de\/de\/wp-json\/wp\/v2\/media?parent=59325"}],"wp:term":[{"taxonomy":"category","embeddable":true,"href":"https:\/\/now-news.de\/de\/wp-json\/wp\/v2\/categories?post=59325"},{"taxonomy":"post_tag","embeddable":true,"href":"https:\/\/now-news.de\/de\/wp-json\/wp\/v2\/tags?post=59325"}],"curies":[{"name":"wp","href":"https:\/\/api.w.org\/{rel}","templated":true}]}}