{"id":59299,"date":"2024-06-01T19:55:31","date_gmt":"2024-06-01T17:55:31","guid":{"rendered":"https:\/\/now-news.de\/de\/deutschland\/macron-will-neue-wege-gehen-schickt-frankreich-soldaten-in-die-ukraine\/"},"modified":"2024-06-01T19:55:31","modified_gmt":"2024-06-01T17:55:31","slug":"macron-will-neue-wege-gehen-schickt-frankreich-soldaten-in-die-ukraine","status":"publish","type":"post","link":"https:\/\/now-news.de\/de\/deutschland\/macron-will-neue-wege-gehen-schickt-frankreich-soldaten-in-die-ukraine\/","title":{"rendered":"Macron will neue Wege gehen: Schickt Frankreich Soldaten in die Ukraine?"},"content":{"rendered":"<p><img decoding=\"async\" src=\"https:\/\/now-news.de\/de\/wp-content\/uploads\/sites\/3\/2024\/06\/665af480b480cc22d044b2dd.jpg\" \/><\/p>\n<div class=\"Text-root Text-type_1 \">\n                Frankreich erw\u00e4gt, innerhalb einer Koalition Milit\u00e4rausbilder in die Ukraine zu entsenden. Sollten europ\u00e4ische Ausbilder in der Ukraine bei einem russischen Angriff getroffen werden, f\u00fchre das jedoch nicht zum NATO-B\u00fcndnisfall, behauptete die estnische Ministerpr\u00e4sidentin.\n            <\/div>\n<p><\/p>\n<div class=\"Text-root Text-type_5 ArticleView-text ViewText-root \">\n<p data-v-755f0215=\"\" data-v-38cafeaf=\"\">Frankreich erw\u00e4gt, innerhalb einer Koalition der Willigen Milit\u00e4rausbilder in die\u00a0Ukraine\u00a0zu entsenden. Verteidigungsminister S\u00e9bastien Lecornu hat am Freitag im Radiosender <em>France Info<\/em> best\u00e4tigt, dass seit mehreren Monaten mit Kiew \u00fcber die m\u00f6gliche Entsendung von franz\u00f6sischen Ausbildern diskutiert werde. &#8220;Eine Entscheidung wurde noch nicht getroffen&#8221;, sagte Lecornu.<\/p>\n<p>Oleksij Gontscharenko, ukrainischer Abgeordneter aus der Partei des ehemaligen Pr\u00e4sidenten\u00a0Petro Poroschenko,\u00a0behauptete noch am Freitagabend, dass die ersten franz\u00f6sischen Milit\u00e4rausbilder in K\u00fcrze in der Ukraine eintreffen w\u00fcrden.<\/p>\n<p>Bereits im Februar hatte Frankreichs Pr\u00e4sident\u00a0Emmanuel Macron die Entsendung von Bodentruppen in die Ukraine ins Spiel gebracht und sp\u00e4ter konkretisiert, dass damit keine Kampftruppen gemeint seien.\u00a0<\/p>\n<p>Zur Frage der Entsendung franz\u00f6sischer Milit\u00e4rausbilder in die Ukraine will Macron in der kommenden Woche einen Plan vorlegen. Dies wolle er beim Besuch des ukrainischen Pr\u00e4sidenten Selenskij\u00a0in der Normandie beim Gedenken an die Landung der Alliierten im Zweiten Weltkrieg tun, sagte der franz\u00f6sische Pr\u00e4sident letzte Woche.\u00a0<\/p>\n<p data-v-755f0215=\"\" data-v-38cafeaf=\"\">Paris bereitet sich somit darauf vor, die \u00adukrainischen Streitkr\u00e4fte bei wesentlichen Aufgaben wie der Minenr\u00e4umung sowie der Wartung und Instandsetzung milit\u00e4rischer Ausr\u00fcstung zu &#8220;entlasten&#8221;, hie\u00df es in westlichen Medien. Die franz\u00f6sischen Milit\u00e4rausbilder w\u00fcrden dabei de facto ins Kriegsgebiet entsandt.<\/p>\n<p data-v-755f0215=\"\" data-v-38cafeaf=\"\">Frankreich werde durch die Entsendung jedoch nicht zur Kriegspartei, hei\u00dft es aus Regierungskreisen in Paris. &#8220;Es geht nicht darum, Truppen zu entsenden, um Krieg gegen Russland zu f\u00fchren&#8221;, sagte Lecornu k\u00fcrzlich vor dem Verteidigungsausschuss. Die estnische Ministerpr\u00e4sidentin\u00a0Kaja Kallas\u00a0sagte in der <em>Financial Times<\/em>, sollten europ\u00e4ische Ausbilder in der Ukraine bei einem russischen Angriff getroffen werden, w\u00fcrde das nicht zum NATO-B\u00fcndnisfall f\u00fchren.<\/p>\n<p data-v-755f0215=\"\" data-v-38cafeaf=\"\">Die Notwendigkeit, &#8220;neue Wege&#8221; bei der Unterst\u00fctzung der Ukraine zu beschreiten, hatte Macron\u00a0erstmals bei der Ukraine-Unterst\u00fctzerkonferenz Ende Februar in Paris betont. Frankreich will sich nun nach eigenen Angaben eng mit den NATO-Verb\u00fcndeten abstimmen und eine Ausbildungsmission m\u00f6glichst innerhalb einer Koalition der Willigen aufbauen. Die drei baltischen Staaten sowie Gro\u00dfbritannien sollen Bereitschaft zur Teilnahme an der Mission signalisiert haben. Deutschland will sich demnach nicht daran beteiligen.<\/p>\n<p data-v-755f0215=\"\" data-v-38cafeaf=\"\">Russlands Pr\u00e4sident Wladimir Putin hatte bereits am Montag auf einer Pressekonferenz in Usbekistan gewarnt, dass die st\u00e4ndige Eskalation des Ukraine-Konflikts durch den Westen schwerwiegende Folgen haben k\u00f6nnte. &#8220;Die Vertreter der NATO-Staaten, vor allem in Europa, insbesondere kleine Staaten, sollten sich dar\u00fcber im Klaren sein, womit sie da spielen&#8221;, sagte Putin.<\/p>\n<p data-v-755f0215=\"\" data-v-38cafeaf=\"\"><strong>Mehr zum Thema<\/strong> &#8211; <a rel=\"nofollow noopener\" target=\"_blank\" href=\"https:\/\/freedert.online\/inland\/207694-medienbericht-bundesregierung-erlaubt-ukraine-angriffe\/\">Medienberichte: Bundesregierung erlaubt Ukraine Angriffe auf Ziele in Russland mit deutschen Waffen<\/a><\/p>\n<div class=\"EmbedBlock-root EmbedBlock-externalVideo EmbedBlock-odysee\">\n<div class=\"VkEmbed\"><iframe class=\"lazyload\" data-src=\"https:\/\/odysee.com\/%24\/embed\/%40RTDE%3Ae%2FBundesregierung-gibt-Ukraine-Freifahrtschein-f%C3%BCr-deutsche-Waffen%3Aa\" frameborder=\"0\" width=\"853\" height=\"480\" allowfullscreen><\/iframe><\/div>\n<\/div>\n<\/div>\n<p><br \/>\n<br \/><a href=\"https:\/\/de.rt.com\/international\/207781-macron-will-neue-wege-gehen\/\">Source link <\/a><\/p>\n","protected":false},"excerpt":{"rendered":"<p>Frankreich erw\u00e4gt, innerhalb einer Koalition Milit\u00e4rausbilder in die Ukraine zu entsenden. Sollten europ\u00e4ische Ausbilder in der Ukraine bei einem russischen Angriff getroffen werden, f\u00fchre das jedoch nicht zum NATO-B\u00fcndnisfall, behauptete die estnische Ministerpr\u00e4sidentin. Frankreich erw\u00e4gt, innerhalb einer Koalition der Willigen Milit\u00e4rausbilder in die\u00a0Ukraine\u00a0zu entsenden. Verteidigungsminister S\u00e9bastien Lecornu hat am Freitag im Radiosender France Info best\u00e4tigt, [&hellip;]<\/p>\n","protected":false},"author":3,"featured_media":59300,"comment_status":"open","ping_status":"open","sticky":false,"template":"","format":"standard","meta":{"_yoast_indexnow_last_ping":["1717265150"],"wp_automatic_camp":["217"],"0ec2b221497967adf0cdcb7229ec56c8":["Macron will neue Wege gehen: Schickt Frankreich Soldaten in die Ukraine?"],"original_link":["https:\/\/de.rt.com\/international\/207781-macron-will-neue-wege-gehen\/"],"_thumbnail_id":["59300"],"_wptgpro_p2tg_sent2tg":["a:1:{i:23737;s:19:\"2024-06-01 20:06:51\";}"],"jnews_social_counter_last_update":["1777170605"]},"categories":[19,23],"tags":[45,3320,600,1711,1227,2679,2333,127,3780],"yoast_head":"<!-- This site is optimized with the Yoast SEO Premium plugin v22.7 (Yoast SEO v22.7) - https:\/\/yoast.com\/wordpress\/plugins\/seo\/ -->\n<title>Macron will neue Wege gehen: Schickt Frankreich Soldaten in die Ukraine? - just-now.NEWS Deutschland<\/title>\n<meta name=\"robots\" content=\"index, follow, max-snippet:-1, max-image-preview:large, max-video-preview:-1\" \/>\n<link rel=\"canonical\" href=\"https:\/\/now-news.de\/de\/deutschland\/macron-will-neue-wege-gehen-schickt-frankreich-soldaten-in-die-ukraine\/\" \/>\n<meta property=\"og:locale\" content=\"de_DE\" \/>\n<meta property=\"og:type\" content=\"article\" \/>\n<meta property=\"og:title\" content=\"Macron will neue Wege gehen: Schickt Frankreich Soldaten in die Ukraine?\" \/>\n<meta property=\"og:description\" content=\"Frankreich erw\u00e4gt, innerhalb einer Koalition Milit\u00e4rausbilder in die Ukraine zu entsenden. Sollten europ\u00e4ische Ausbilder in der Ukraine bei einem russischen Angriff getroffen werden, f\u00fchre das jedoch nicht zum NATO-B\u00fcndnisfall, behauptete die estnische Ministerpr\u00e4sidentin. Frankreich erw\u00e4gt, innerhalb einer Koalition der Willigen Milit\u00e4rausbilder in die\u00a0Ukraine\u00a0zu entsenden. Verteidigungsminister S\u00e9bastien Lecornu hat am Freitag im Radiosender France Info best\u00e4tigt, [&hellip;]\" \/>\n<meta property=\"og:url\" content=\"https:\/\/now-news.de\/de\/deutschland\/macron-will-neue-wege-gehen-schickt-frankreich-soldaten-in-die-ukraine\/\" \/>\n<meta property=\"og:site_name\" content=\"just-now.NEWS Deutschland\" \/>\n<meta property=\"article:publisher\" content=\"https:\/\/www.facebook.com\/wirmachenauf\" \/>\n<meta property=\"article:published_time\" content=\"2024-06-01T17:55:31+00:00\" \/>\n<meta property=\"og:image\" content=\"https:\/\/now-news.de\/de\/wp-content\/uploads\/sites\/3\/2024\/06\/665af480b480cc22d044b2dd.jpg\" \/>\n<meta name=\"author\" content=\"rtnews\" \/>\n<meta name=\"twitter:card\" content=\"summary_large_image\" \/>\n<meta name=\"twitter:creator\" content=\"@WirMachenAuf_de\" \/>\n<meta name=\"twitter:site\" content=\"@WirMachenAuf_de\" \/>\n<meta name=\"twitter:label1\" content=\"Verfasst von\" \/>\n\t<meta name=\"twitter:data1\" content=\"rtnews\" \/>\n\t<meta name=\"twitter:label2\" content=\"Gesch\u00e4tzte Lesezeit\" \/>\n\t<meta name=\"twitter:data2\" content=\"2\u00a0Minuten\" \/>\n<script type=\"application\/ld+json\" class=\"yoast-schema-graph\">{\"@context\":\"https:\/\/schema.org\",\"@graph\":[{\"@type\":\"Article\",\"@id\":\"https:\/\/now-news.de\/de\/deutschland\/macron-will-neue-wege-gehen-schickt-frankreich-soldaten-in-die-ukraine\/#article\",\"isPartOf\":{\"@id\":\"https:\/\/now-news.de\/de\/deutschland\/macron-will-neue-wege-gehen-schickt-frankreich-soldaten-in-die-ukraine\/\"},\"author\":{\"name\":\"rtnews\",\"@id\":\"https:\/\/now-news.de\/de\/#\/schema\/person\/fb534a4e865501d8b3285208df34a9b5\"},\"headline\":\"Macron will neue Wege gehen: Schickt Frankreich Soldaten in die Ukraine?\",\"datePublished\":\"2024-06-01T17:55:31+00:00\",\"dateModified\":\"2024-06-01T17:55:31+00:00\",\"mainEntityOfPage\":{\"@id\":\"https:\/\/now-news.de\/de\/deutschland\/macron-will-neue-wege-gehen-schickt-frankreich-soldaten-in-die-ukraine\/\"},\"wordCount\":477,\"commentCount\":0,\"publisher\":{\"@id\":\"https:\/\/now-news.de\/de\/#organization\"},\"image\":{\"@id\":\"https:\/\/now-news.de\/de\/deutschland\/macron-will-neue-wege-gehen-schickt-frankreich-soldaten-in-die-ukraine\/#primaryimage\"},\"thumbnailUrl\":\"https:\/\/now-news.de\/de\/wp-content\/uploads\/sites\/3\/2024\/06\/Macron-will-neue-Wege-gehen-Schickt-Frankreich-Soldaten-in-die.jpg\",\"keywords\":[\"die\",\"Frankreich\",\"gehen\",\"macron\",\"NEUE\",\"schickt\",\"Soldaten\",\"ukraine\",\"Wege\"],\"articleSection\":[\"Deutschland\",\"Russland\"],\"inLanguage\":\"de\",\"potentialAction\":[{\"@type\":\"CommentAction\",\"name\":\"Comment\",\"target\":[\"https:\/\/now-news.de\/de\/deutschland\/macron-will-neue-wege-gehen-schickt-frankreich-soldaten-in-die-ukraine\/#respond\"]}]},{\"@type\":\"WebPage\",\"@id\":\"https:\/\/now-news.de\/de\/deutschland\/macron-will-neue-wege-gehen-schickt-frankreich-soldaten-in-die-ukraine\/\",\"url\":\"https:\/\/now-news.de\/de\/deutschland\/macron-will-neue-wege-gehen-schickt-frankreich-soldaten-in-die-ukraine\/\",\"name\":\"Macron will neue Wege gehen: Schickt Frankreich Soldaten in die Ukraine? - just-now.NEWS Deutschland\",\"isPartOf\":{\"@id\":\"https:\/\/now-news.de\/de\/#website\"},\"primaryImageOfPage\":{\"@id\":\"https:\/\/now-news.de\/de\/deutschland\/macron-will-neue-wege-gehen-schickt-frankreich-soldaten-in-die-ukraine\/#primaryimage\"},\"image\":{\"@id\":\"https:\/\/now-news.de\/de\/deutschland\/macron-will-neue-wege-gehen-schickt-frankreich-soldaten-in-die-ukraine\/#primaryimage\"},\"thumbnailUrl\":\"https:\/\/now-news.de\/de\/wp-content\/uploads\/sites\/3\/2024\/06\/Macron-will-neue-Wege-gehen-Schickt-Frankreich-Soldaten-in-die.jpg\",\"datePublished\":\"2024-06-01T17:55:31+00:00\",\"dateModified\":\"2024-06-01T17:55:31+00:00\",\"breadcrumb\":{\"@id\":\"https:\/\/now-news.de\/de\/deutschland\/macron-will-neue-wege-gehen-schickt-frankreich-soldaten-in-die-ukraine\/#breadcrumb\"},\"inLanguage\":\"de\",\"potentialAction\":[{\"@type\":\"ReadAction\",\"target\":[\"https:\/\/now-news.de\/de\/deutschland\/macron-will-neue-wege-gehen-schickt-frankreich-soldaten-in-die-ukraine\/\"]}]},{\"@type\":\"ImageObject\",\"inLanguage\":\"de\",\"@id\":\"https:\/\/now-news.de\/de\/deutschland\/macron-will-neue-wege-gehen-schickt-frankreich-soldaten-in-die-ukraine\/#primaryimage\",\"url\":\"https:\/\/now-news.de\/de\/wp-content\/uploads\/sites\/3\/2024\/06\/Macron-will-neue-Wege-gehen-Schickt-Frankreich-Soldaten-in-die.jpg\",\"contentUrl\":\"https:\/\/now-news.de\/de\/wp-content\/uploads\/sites\/3\/2024\/06\/Macron-will-neue-Wege-gehen-Schickt-Frankreich-Soldaten-in-die.jpg\",\"width\":460,\"height\":259,\"caption\":\"Macron will neue Wege gehen: Schickt Frankreich Soldaten in die Ukraine?\"},{\"@type\":\"BreadcrumbList\",\"@id\":\"https:\/\/now-news.de\/de\/deutschland\/macron-will-neue-wege-gehen-schickt-frankreich-soldaten-in-die-ukraine\/#breadcrumb\",\"itemListElement\":[{\"@type\":\"ListItem\",\"position\":1,\"name\":\"Home\",\"item\":\"https:\/\/now-news.de\/de\/\"},{\"@type\":\"ListItem\",\"position\":2,\"name\":\"Macron will neue Wege gehen: Schickt Frankreich Soldaten in die Ukraine?\"}]},{\"@type\":\"WebSite\",\"@id\":\"https:\/\/now-news.de\/de\/#website\",\"url\":\"https:\/\/now-news.de\/de\/\",\"name\":\"just-now.NEWS Deutschland\",\"description\":\"Das Portal f\u00fcr unzensierte Nachrichten aus der Welt\",\"publisher\":{\"@id\":\"https:\/\/now-news.de\/de\/#organization\"},\"potentialAction\":[{\"@type\":\"SearchAction\",\"target\":{\"@type\":\"EntryPoint\",\"urlTemplate\":\"https:\/\/now-news.de\/de\/?s={search_term_string}\"},\"query-input\":\"required name=search_term_string\"}],\"inLanguage\":\"de\"},{\"@type\":\"Organization\",\"@id\":\"https:\/\/now-news.de\/de\/#organization\",\"name\":\"Just Now News\",\"url\":\"https:\/\/now-news.de\/de\/\",\"logo\":{\"@type\":\"ImageObject\",\"inLanguage\":\"de\",\"@id\":\"https:\/\/now-news.de\/de\/#\/schema\/logo\/image\/\",\"url\":\"http:\/\/just-now.news\/de\/wp-content\/uploads\/sites\/3\/2022\/04\/logo500x500.jpg\",\"contentUrl\":\"http:\/\/just-now.news\/de\/wp-content\/uploads\/sites\/3\/2022\/04\/logo500x500.jpg\",\"width\":500,\"height\":500,\"caption\":\"Just Now News\"},\"image\":{\"@id\":\"https:\/\/now-news.de\/de\/#\/schema\/logo\/image\/\"},\"sameAs\":[\"https:\/\/www.facebook.com\/wirmachenauf\",\"https:\/\/x.com\/WirMachenAuf_de\"]},{\"@type\":\"Person\",\"@id\":\"https:\/\/now-news.de\/de\/#\/schema\/person\/fb534a4e865501d8b3285208df34a9b5\",\"name\":\"rtnews\",\"image\":{\"@type\":\"ImageObject\",\"inLanguage\":\"de\",\"@id\":\"https:\/\/now-news.de\/de\/#\/schema\/person\/image\/\",\"url\":\"https:\/\/secure.gravatar.com\/avatar\/82aafea7d8127119dd649515f56e2117?s=96&d=mm&r=g\",\"contentUrl\":\"https:\/\/secure.gravatar.com\/avatar\/82aafea7d8127119dd649515f56e2117?s=96&d=mm&r=g\",\"caption\":\"rtnews\"},\"url\":\"https:\/\/now-news.de\/de\/author\/rnews\/\"}]}<\/script>\n<!-- \/ Yoast SEO Premium plugin. -->","yoast_head_json":{"title":"Macron will neue Wege gehen: Schickt Frankreich Soldaten in die Ukraine? - just-now.NEWS Deutschland","robots":{"index":"index","follow":"follow","max-snippet":"max-snippet:-1","max-image-preview":"max-image-preview:large","max-video-preview":"max-video-preview:-1"},"canonical":"https:\/\/now-news.de\/de\/deutschland\/macron-will-neue-wege-gehen-schickt-frankreich-soldaten-in-die-ukraine\/","og_locale":"de_DE","og_type":"article","og_title":"Macron will neue Wege gehen: Schickt Frankreich Soldaten in die Ukraine?","og_description":"Frankreich erw\u00e4gt, innerhalb einer Koalition Milit\u00e4rausbilder in die Ukraine zu entsenden. Sollten europ\u00e4ische Ausbilder in der Ukraine bei einem russischen Angriff getroffen werden, f\u00fchre das jedoch nicht zum NATO-B\u00fcndnisfall, behauptete die estnische Ministerpr\u00e4sidentin. Frankreich erw\u00e4gt, innerhalb einer Koalition der Willigen Milit\u00e4rausbilder in die\u00a0Ukraine\u00a0zu entsenden. Verteidigungsminister S\u00e9bastien Lecornu hat am Freitag im Radiosender France Info best\u00e4tigt, [&hellip;]","og_url":"https:\/\/now-news.de\/de\/deutschland\/macron-will-neue-wege-gehen-schickt-frankreich-soldaten-in-die-ukraine\/","og_site_name":"just-now.NEWS Deutschland","article_publisher":"https:\/\/www.facebook.com\/wirmachenauf","article_published_time":"2024-06-01T17:55:31+00:00","og_image":[{"url":"https:\/\/now-news.de\/de\/wp-content\/uploads\/sites\/3\/2024\/06\/665af480b480cc22d044b2dd.jpg"}],"author":"rtnews","twitter_card":"summary_large_image","twitter_creator":"@WirMachenAuf_de","twitter_site":"@WirMachenAuf_de","twitter_misc":{"Verfasst von":"rtnews","Gesch\u00e4tzte Lesezeit":"2\u00a0Minuten"},"schema":{"@context":"https:\/\/schema.org","@graph":[{"@type":"Article","@id":"https:\/\/now-news.de\/de\/deutschland\/macron-will-neue-wege-gehen-schickt-frankreich-soldaten-in-die-ukraine\/#article","isPartOf":{"@id":"https:\/\/now-news.de\/de\/deutschland\/macron-will-neue-wege-gehen-schickt-frankreich-soldaten-in-die-ukraine\/"},"author":{"name":"rtnews","@id":"https:\/\/now-news.de\/de\/#\/schema\/person\/fb534a4e865501d8b3285208df34a9b5"},"headline":"Macron will neue Wege gehen: Schickt Frankreich Soldaten in die Ukraine?","datePublished":"2024-06-01T17:55:31+00:00","dateModified":"2024-06-01T17:55:31+00:00","mainEntityOfPage":{"@id":"https:\/\/now-news.de\/de\/deutschland\/macron-will-neue-wege-gehen-schickt-frankreich-soldaten-in-die-ukraine\/"},"wordCount":477,"commentCount":0,"publisher":{"@id":"https:\/\/now-news.de\/de\/#organization"},"image":{"@id":"https:\/\/now-news.de\/de\/deutschland\/macron-will-neue-wege-gehen-schickt-frankreich-soldaten-in-die-ukraine\/#primaryimage"},"thumbnailUrl":"https:\/\/now-news.de\/de\/wp-content\/uploads\/sites\/3\/2024\/06\/Macron-will-neue-Wege-gehen-Schickt-Frankreich-Soldaten-in-die.jpg","keywords":["die","Frankreich","gehen","macron","NEUE","schickt","Soldaten","ukraine","Wege"],"articleSection":["Deutschland","Russland"],"inLanguage":"de","potentialAction":[{"@type":"CommentAction","name":"Comment","target":["https:\/\/now-news.de\/de\/deutschland\/macron-will-neue-wege-gehen-schickt-frankreich-soldaten-in-die-ukraine\/#respond"]}]},{"@type":"WebPage","@id":"https:\/\/now-news.de\/de\/deutschland\/macron-will-neue-wege-gehen-schickt-frankreich-soldaten-in-die-ukraine\/","url":"https:\/\/now-news.de\/de\/deutschland\/macron-will-neue-wege-gehen-schickt-frankreich-soldaten-in-die-ukraine\/","name":"Macron will neue Wege gehen: Schickt Frankreich Soldaten in die Ukraine? - just-now.NEWS Deutschland","isPartOf":{"@id":"https:\/\/now-news.de\/de\/#website"},"primaryImageOfPage":{"@id":"https:\/\/now-news.de\/de\/deutschland\/macron-will-neue-wege-gehen-schickt-frankreich-soldaten-in-die-ukraine\/#primaryimage"},"image":{"@id":"https:\/\/now-news.de\/de\/deutschland\/macron-will-neue-wege-gehen-schickt-frankreich-soldaten-in-die-ukraine\/#primaryimage"},"thumbnailUrl":"https:\/\/now-news.de\/de\/wp-content\/uploads\/sites\/3\/2024\/06\/Macron-will-neue-Wege-gehen-Schickt-Frankreich-Soldaten-in-die.jpg","datePublished":"2024-06-01T17:55:31+00:00","dateModified":"2024-06-01T17:55:31+00:00","breadcrumb":{"@id":"https:\/\/now-news.de\/de\/deutschland\/macron-will-neue-wege-gehen-schickt-frankreich-soldaten-in-die-ukraine\/#breadcrumb"},"inLanguage":"de","potentialAction":[{"@type":"ReadAction","target":["https:\/\/now-news.de\/de\/deutschland\/macron-will-neue-wege-gehen-schickt-frankreich-soldaten-in-die-ukraine\/"]}]},{"@type":"ImageObject","inLanguage":"de","@id":"https:\/\/now-news.de\/de\/deutschland\/macron-will-neue-wege-gehen-schickt-frankreich-soldaten-in-die-ukraine\/#primaryimage","url":"https:\/\/now-news.de\/de\/wp-content\/uploads\/sites\/3\/2024\/06\/Macron-will-neue-Wege-gehen-Schickt-Frankreich-Soldaten-in-die.jpg","contentUrl":"https:\/\/now-news.de\/de\/wp-content\/uploads\/sites\/3\/2024\/06\/Macron-will-neue-Wege-gehen-Schickt-Frankreich-Soldaten-in-die.jpg","width":460,"height":259,"caption":"Macron will neue Wege gehen: Schickt Frankreich Soldaten in die Ukraine?"},{"@type":"BreadcrumbList","@id":"https:\/\/now-news.de\/de\/deutschland\/macron-will-neue-wege-gehen-schickt-frankreich-soldaten-in-die-ukraine\/#breadcrumb","itemListElement":[{"@type":"ListItem","position":1,"name":"Home","item":"https:\/\/now-news.de\/de\/"},{"@type":"ListItem","position":2,"name":"Macron will neue Wege gehen: Schickt Frankreich Soldaten in die Ukraine?"}]},{"@type":"WebSite","@id":"https:\/\/now-news.de\/de\/#website","url":"https:\/\/now-news.de\/de\/","name":"just-now.NEWS Deutschland","description":"Das Portal f\u00fcr unzensierte Nachrichten aus der Welt","publisher":{"@id":"https:\/\/now-news.de\/de\/#organization"},"potentialAction":[{"@type":"SearchAction","target":{"@type":"EntryPoint","urlTemplate":"https:\/\/now-news.de\/de\/?s={search_term_string}"},"query-input":"required name=search_term_string"}],"inLanguage":"de"},{"@type":"Organization","@id":"https:\/\/now-news.de\/de\/#organization","name":"Just Now News","url":"https:\/\/now-news.de\/de\/","logo":{"@type":"ImageObject","inLanguage":"de","@id":"https:\/\/now-news.de\/de\/#\/schema\/logo\/image\/","url":"http:\/\/just-now.news\/de\/wp-content\/uploads\/sites\/3\/2022\/04\/logo500x500.jpg","contentUrl":"http:\/\/just-now.news\/de\/wp-content\/uploads\/sites\/3\/2022\/04\/logo500x500.jpg","width":500,"height":500,"caption":"Just Now News"},"image":{"@id":"https:\/\/now-news.de\/de\/#\/schema\/logo\/image\/"},"sameAs":["https:\/\/www.facebook.com\/wirmachenauf","https:\/\/x.com\/WirMachenAuf_de"]},{"@type":"Person","@id":"https:\/\/now-news.de\/de\/#\/schema\/person\/fb534a4e865501d8b3285208df34a9b5","name":"rtnews","image":{"@type":"ImageObject","inLanguage":"de","@id":"https:\/\/now-news.de\/de\/#\/schema\/person\/image\/","url":"https:\/\/secure.gravatar.com\/avatar\/82aafea7d8127119dd649515f56e2117?s=96&d=mm&r=g","contentUrl":"https:\/\/secure.gravatar.com\/avatar\/82aafea7d8127119dd649515f56e2117?s=96&d=mm&r=g","caption":"rtnews"},"url":"https:\/\/now-news.de\/de\/author\/rnews\/"}]}},"_links":{"self":[{"href":"https:\/\/now-news.de\/de\/wp-json\/wp\/v2\/posts\/59299"}],"collection":[{"href":"https:\/\/now-news.de\/de\/wp-json\/wp\/v2\/posts"}],"about":[{"href":"https:\/\/now-news.de\/de\/wp-json\/wp\/v2\/types\/post"}],"author":[{"embeddable":true,"href":"https:\/\/now-news.de\/de\/wp-json\/wp\/v2\/users\/3"}],"replies":[{"embeddable":true,"href":"https:\/\/now-news.de\/de\/wp-json\/wp\/v2\/comments?post=59299"}],"version-history":[{"count":0,"href":"https:\/\/now-news.de\/de\/wp-json\/wp\/v2\/posts\/59299\/revisions"}],"wp:featuredmedia":[{"embeddable":true,"href":"https:\/\/now-news.de\/de\/wp-json\/wp\/v2\/media\/59300"}],"wp:attachment":[{"href":"https:\/\/now-news.de\/de\/wp-json\/wp\/v2\/media?parent=59299"}],"wp:term":[{"taxonomy":"category","embeddable":true,"href":"https:\/\/now-news.de\/de\/wp-json\/wp\/v2\/categories?post=59299"},{"taxonomy":"post_tag","embeddable":true,"href":"https:\/\/now-news.de\/de\/wp-json\/wp\/v2\/tags?post=59299"}],"curies":[{"name":"wp","href":"https:\/\/api.w.org\/{rel}","templated":true}]}}