{"id":59268,"date":"2024-06-01T08:03:02","date_gmt":"2024-06-01T06:03:02","guid":{"rendered":"https:\/\/now-news.de\/de\/deutschland\/macron-in-deutschland-bilanz-eines-staatsbesuchs\/"},"modified":"2024-06-01T08:03:02","modified_gmt":"2024-06-01T06:03:02","slug":"macron-in-deutschland-bilanz-eines-staatsbesuchs","status":"publish","type":"post","link":"https:\/\/now-news.de\/de\/deutschland\/macron-in-deutschland-bilanz-eines-staatsbesuchs\/","title":{"rendered":"Macron in Deutschland \u2013 Bilanz eines Staatsbesuchs"},"content":{"rendered":"<p><img decoding=\"async\" src=\"https:\/\/now-news.de\/de\/wp-content\/uploads\/sites\/3\/2024\/06\/665a38c848fbef0f290b736d.jpg\" \/><\/p>\n<div class=\"Text-root Text-type_1 \">\n                Paris und Berlin waren um demonstrative Einigkeit w\u00e4hrend der dreit\u00e4tigen offiziellen Visite des franz\u00f6sischen Pr\u00e4sidenten bem\u00fcht. Die Inszenierung war alles in allem gelungen, und die Bilder &#8220;stimmten&#8221;. Doch die deutsch-franz\u00f6sischen Beziehungen d\u00fcrften weiterhin kompliziert bleiben.\n            <\/div>\n<p><\/p>\n<div class=\"Text-root Text-type_5 ArticleView-text ViewText-root \">\n<p><em>Von Pierre L\u00e9vy<\/em><\/p>\n<p>Der franz\u00f6sische Pr\u00e4sident beendete am 28. Mai seinen dreit\u00e4gigen Staatsbesuch in Deutschland. Eine solche diplomatische Initiative, die protokollarisch auf h\u00f6chstem Niveau angesiedelt ist, stellt ein wichtiges politisches Ereignis dar. Der j\u00fcngste vormalige Besuch eines franz\u00f6sischen Staatsoberhauptes in Deutschland fand bereits im Jahr 2000 statt, als Jacques Chirac noch im \u00c9lys\u00e9e-Palast residierte.<\/p>\n<p>Macrons Visite fand in einem Kontext statt, der durch zwei Merkmale gekennzeichnet ist. Zum einen haben sich in den deutsch-franz\u00f6sischen Beziehungen in den letzten Jahren und vor allem in den letzten Monaten die Widerspr\u00fcche und Divergenzen vervielfacht. Und das, w\u00e4hrend die Beziehungen zwischen den Regierenden in Paris und Berlin traditionell als der &#8220;Motor&#8221; angesehen werden, der f\u00fcr das Funktionieren und den &#8220;Fortschritt&#8221; der Europ\u00e4ischen Union notwendig ist.<\/p>\n<p>Das zweite Element im Kontext dieses Besuchs ist die momentan erkennbare Schw\u00e4chung sowohl von Emmanuel Macron als auch des deutschen Bundeskanzlers in ihren jeweiligen L\u00e4ndern. Die makro\u00f6konomischen R\u00fcckschl\u00e4ge Frankreichs (Schulden, Defizite &#8230;) werden von den EU-Granden in Br\u00fcssel angeprangert, weshalb in K\u00fcrze ein Verfahren wegen \u00fcberm\u00e4\u00dfiger Defizite eingeleitet werden d\u00fcrfte. Die Bundesregierung von Olaf Scholz ihrerseits muss sich drastischen Haushaltsk\u00fcrzungen unterziehen, da das Verfassungsgericht in Karlsruhe vor kurzem einige strenge Regeln in diesem Bereich Scholz ins Ged\u00e4chtnis zur\u00fcckgerufen hat. Das wirtschaftliche Wachstum in Deutschland, das ohnehin schon sehr schwach ist, wird sich also so schnell kaum wieder erholen k\u00f6nnen.<\/p>\n<p>Dar\u00fcber hinaus verf\u00fcgt das Lager des franz\u00f6sischen Pr\u00e4sidenten \u00fcber keine solide parlamentarische Mehrheit und muss behutsam &#8220;auf Sicht fahren&#8221;. Und in Berlin st\u00fctzt sich der Bundeskanzler auf eine Koalition aus drei Parteien, die sich aufgrund ihrer unterschiedlichen Priorit\u00e4ten in vielen Fragen immer wieder in die Haare geraten. Dar\u00fcber hinaus scheinen die gesellschaftlichen Str\u00f6mungen, aus denen die beiden M\u00e4nner stammen \u2013 die &#8220;liberale Renaissance&#8221; f\u00fcr Macron, die deutsche Sozialdemokratie f\u00fcr Scholz \u2013 bei den k\u00fcnftigen Wahlen unterzugehen: Die Umfrageinstitute rechnen f\u00fcr sie am 9. Juni mit nicht mehr als 15 Prozent der W\u00e4hlerstimmen.<\/p>\n<p>Welche Bilanz kann man vor diesem Hintergrund nach der Reise des franz\u00f6sischen Pr\u00e4sidenten auf das andere Ufer des Rheins ziehen? Drei Punkte lassen sich festhalten: erstens eine bewusste Einmischung in die laufenden Wahlk\u00e4mpfe f\u00fcr die Europawahlen, zweitens die Verleihung eines &#8220;internationalen Friedenspreises&#8221; an Emmanuel Macron und drittens die Abhaltung eines deutsch-franz\u00f6sischen Verteidigungsrates, der eine Beschleunigung der euro-atlantischen R\u00fcstungsperspektiven fordert.<\/p>\n<p>Der erste Punkt zeigte sich auf dem sogenannten &#8220;Fest der Demokratie&#8221;, zu dem der deutsche Bundespr\u00e4sident Frank-Walter Steinmeier seinen Amtskollegen eingeladen hatte. Der franz\u00f6sische Staatspr\u00e4sident prangerte die &#8220;illiberalen Versuchungen&#8221; an, die sich seiner Meinung nach in der gesamten Europ\u00e4ischen Union immer st\u00e4rker bemerkbar machen w\u00fcrden. Sp\u00e4ter, als er zum &#8220;Europafest&#8221; in Dresden eingeladen war, versuchte er das noch zu dramatisieren, indem er implizit an die Zeit in Europa vor dem Zweiten Weltkrieg erinnerte und mit den feierlichen Worten schloss: &#8220;<em>Wachen wir auf!<\/em>&#8220;<\/p>\n<p>An die junge Generation gewandt sagte er: &#8220;<em>Europa aufzubauen ist eine st\u00e4ndige Aufgabe, ich z\u00e4hle auf euch, genauso wie ihr auf mich z\u00e4hlen k\u00f6nnt.<\/em>&#8221; Der deutsche Bundespr\u00e4sident Steinmeier, auch ein Sozialdemokrat wie Scholz, erkl\u00e4rte seinerseits in Berlin: &#8220;<em>Wir haben eine ganz bestimmte Botschaft, die wir mit diesem Staatsbesuch vermitteln wollen: Sagt &#8220;Ja&#8221; zu Europa, geht am 9. Juni w\u00e4hlen!<\/em>&#8221; In diesem Moment verwandelte sich der Staatsbesuch, der eigentlich eine feierliche Etappe in den Beziehungen zwischen den beiden L\u00e4ndern markieren sollte, in eine plumpe Wahlveranstaltung zweier Politiker, die \u00fcber den Absturz ihrer jeweiligen Parteien zu Recht besorgt sind.<\/p>\n<p>Was den auf beiden Seiten des Rheins und anderswo angek\u00fcndigten Aufstieg der extremen Rechten betrifft \u2013 ein Sammelbegriff, der sehr heterogene Gruppen zusammenfasst, der aber der herrschenden Ideologie sehr n\u00fctzlich ist \u2013, so wird er eine spezifische Analyse verdienen, die auf die Verantwortung der europ\u00e4ischen Integration hinweist.<\/p>\n<p>Das zweite Element w\u00e4re fast schon lustig, wenn es nicht so dramatische Themen betreffen w\u00fcrde: Der Herr im \u00c9lys\u00e9e-Palast wurde in M\u00fcnster mit gro\u00dfem Pomp mit dem &#8220;Internationalen Preis des Westf\u00e4lischen Friedens&#8221; ausgezeichnet. F\u00fcr diese Auszeichnung, die alle zwei Jahre verliehen wird, hatten die Organisatoren vor achtzehn Monaten Emmanuel Macron ausgew\u00e4hlt, zu einem Zeitpunkt, als dieser versuchte, sich als Schirmherr einer Vers\u00f6hnung zwischen Kiew und Moskau aufzuspielen, und glaubte, mit seinem Charme Druck auf Wladimir Putin aus\u00fcben zu k\u00f6nnen.<\/p>\n<p>Seitdem hat Emmanuel Macron seine Haltung ge\u00e4ndert und geh\u00f6rt nun zu den kriegsl\u00fcsternsten unter den westlichen F\u00fchrern. Im Februar schloss er die Entsendung von franz\u00f6sischen Bodentruppen zur milit\u00e4rischen Unterst\u00fctzung der ukrainischen Regierung &#8220;nicht aus&#8221; und l\u00f6ste damit einen Aufschrei innerhalb der NATO, insbesondere auch in Berlin, aus. Und erst k\u00fcrzlich pl\u00e4dierte er daf\u00fcr, dass die Ukrainer westliche Waffen gegen das Territorium Russlands selbst einsetzen d\u00fcrften. Damit hat er ja zweifellos einen Friedenspreis verdient!<\/p>\n<p>In diesem Fall ist es der &#8220;Westf\u00e4lische Friedenspreis&#8221;, der 1998 zum 350. Jahrestag des gleichnamigen Vertrags ins Leben gerufen wurde. Dieser Vertrag wird oft als historischer Gr\u00fcndungsakt des Konzepts der staatlichen Souver\u00e4nit\u00e4t in der internationalen Ordnung bezeichnet. Genau dieses Konzept wird von der europ\u00e4ischen Integration im Grundsatz angegriffen.<\/p>\n<p>Der dritte Punkt, den man sich nach diesem Staatsbesuch merken sollte, betrifft die gemeinsamen Erkl\u00e4rungen der beiden Regierungen. Da ist zun\u00e4chst der Text mit dem hochtrabenden Titel &#8220;Eine neue Agenda zur F\u00f6rderung von Wettbewerbsf\u00e4higkeit und Wachstum in der Europ\u00e4ischen Union&#8221;, der die Arbeit der k\u00fcnftigen Europ\u00e4ischen Kommission befruchten solle.<\/p>\n<p>Darin findet man die Best\u00e4tigung eines im Jahr 2023 ausgearbeiteten Plans zur Verringerung der Formalit\u00e4ten f\u00fcr Unternehmen. Emmanuel Macron hatte daf\u00fcr pl\u00e4diert, das Volumen des n\u00e4chsten EU-Haushalts zu verdoppeln \u2013 ein Vorschlag, der in Berlin auf Widerstand stie\u00df. Letztendlich wurde in der gemeinsamen Erkl\u00e4rung nur noch festgehalten: &#8220;<em>Wir werden daf\u00fcr sorgen, dass der EU-Haushalt f\u00fcr die Zukunft angepasst wird.<\/em>&#8220;<\/p>\n<p>Au\u00dferdem fand der &#8220;Deutsch-Franz\u00f6sische Verteidigungsrat&#8221; statt. Daran nahmen neben Macron und Scholz auch Minister beider L\u00e4nder teil, und das Resultat der Beratung war von einer substanziellen gemeinsamen Erkl\u00e4rung gepr\u00e4gt.<\/p>\n<p>Neben der wiederholten Bereitschaft, &#8220;<em>so lange wie n\u00f6tig<\/em>&#8221; milit\u00e4risch zur Unterst\u00fctzung der Ukraine beizutragen, weil der &#8220;<em>Angriffskrieg Russlands<\/em>\u00a0<em>die europ\u00e4ische Sicherheit bedroht<\/em>&#8220;, betonten beide Seiten die &#8220;<em>europ\u00e4ische und im weiteren Sinne euro-atlantische Sicherheit, insbesondere durch starke und glaubw\u00fcrdige europ\u00e4ische Verteidigungsf\u00e4higkeiten<\/em>&#8220;.<\/p>\n<p>Der Text spiegelt einerseits die Priorit\u00e4t in Paris wider, die &#8220;<em>St\u00e4rkung der industriellen und technologischen Basis der europ\u00e4ischen Verteidigung<\/em>&#8221; anzustreben, und anderseits die Betonung der Bundesregierung in Berlin, &#8220;<em>den europ\u00e4ischen Pfeiler innerhalb der NATO als Grundlage unserer kollektiven Verteidigung zu st\u00e4rken<\/em>&#8220;.<\/p>\n<p>Sowohl bei der nuklearen Abschreckung als auch bei den R\u00fcstungsprogrammen der Zukunft stellten beide Seiten ihre Positionen in dem gemeinsamen Text nebeneinander dar. Einzig im Bereich eines m\u00f6glichen k\u00fcnftigen Raketenabwehrschildes erkannten einige Analysten einen m\u00f6glicherweise kleinen Fortschritt in der Entwicklung. Paris scheint offener zu sein, das von Berlin vorgeschlagene Projekt &#8220;European Sky Shield Initiative&#8221; (auch mit US-amerikanischen und israelischen Modulen) zu tolerieren. Rund 20 europ\u00e4ische L\u00e4nder haben sich mittlerweile diesem System angeschlossen, w\u00e4hrend Frankreich und Italien ihr eigenes System SAMP\/T (Syst\u00e8me sol-air moyenne port\u00e9e_terrestre) bevorzugen.<\/p>\n<p>In allen Bereichen wurden also die strittigen Themen nicht gegl\u00e4ttet. Dazu geh\u00f6ren etwa die Energieversorgung, insbesondere die Nutzung der Kernenergie, die \u00f6ffentlichen Finanzen, wo Berlin noch immer nicht die Nichteinhaltung der EU-Haushaltsregeln durch Frankreich akzeptiert und die Differenzen \u00fcber den reformierten Stabilit\u00e4tspakt bestehen bleiben sowie der internationale Handel, wo Deutschland immer noch f\u00fcr die Ratifizierung des Freihandelsabkommens mit dem Mercosur pl\u00e4diert und den Handel mit China f\u00f6rdern will.<\/p>\n<p>Auch Macrons Dr\u00e4ngen auf eine neue gro\u00dfe Gemeinschaftsanleihe zur Finanzierung von Investitionen in die &#8220;Verteidigungsindustrie&#8221; oder den &#8220;gr\u00fcnen \u00dcbergang&#8221; st\u00f6\u00dft auf eine grunds\u00e4tzliche Ablehnung in Berlin. Ob Staatsbesuch oder nicht \u2013 die Liste der Meinungsverschiedenheiten bleibt lang.<\/p>\n<p>Der &#8220;deutsch-franz\u00f6sische Motor&#8221;, der die EU antreiben sollte, ist nicht wie erhofft wieder angesprungen. Ist der n\u00e4chste Termin wieder in 24 Jahren\u00a0zu erwarten?<\/p>\n<p><strong>Mehr zum Thema<\/strong> &#8211; <a rel=\"nofollow noopener\" target=\"_blank\" href=\"https:\/\/dert.site\/meinung\/207361-europaeische-politiker-sind-neue-beavis-buttheads\/\">Europ\u00e4ische Politiker sind die neuen Beavis und Butthead<\/a><\/p>\n<\/p>\n<\/div>\n<p><br \/>\n<br \/><a href=\"https:\/\/de.rt.com\/europa\/207711-macron-in-deutschland\/\">Source link <\/a><\/p>\n","protected":false},"excerpt":{"rendered":"<p>Paris und Berlin waren um demonstrative Einigkeit w\u00e4hrend der dreit\u00e4tigen offiziellen Visite des franz\u00f6sischen Pr\u00e4sidenten bem\u00fcht. Die Inszenierung war alles in allem gelungen, und die Bilder &#8220;stimmten&#8221;. Doch die deutsch-franz\u00f6sischen Beziehungen d\u00fcrften weiterhin kompliziert bleiben. Von Pierre L\u00e9vy Der franz\u00f6sische Pr\u00e4sident beendete am 28. Mai seinen dreit\u00e4gigen Staatsbesuch in Deutschland. Eine solche diplomatische Initiative, die [&hellip;]<\/p>\n","protected":false},"author":3,"featured_media":59269,"comment_status":"open","ping_status":"open","sticky":false,"template":"","format":"standard","meta":{"_yoast_indexnow_last_ping":["1717222551"],"wp_automatic_camp":["217"],"995d9a17ef09426bd6fbee2d6fd62ce9":["Macron in Deutschland \u2013 Bilanz eines Staatsbesuchs"],"original_link":["https:\/\/de.rt.com\/europa\/207711-macron-in-deutschland\/"],"_thumbnail_id":["59269"],"jnews_social_counter_last_update":["1777101335"],"_wptgpro_p2tg_sent2tg":["a:1:{i:23737;s:19:\"2024-06-01 08:16:54\";}"]},"categories":[19,23],"tags":[5076,179,2111,1711,55386],"yoast_head":"<!-- This site is optimized with the Yoast SEO Premium plugin v22.7 (Yoast SEO v22.7) - https:\/\/yoast.com\/wordpress\/plugins\/seo\/ -->\n<title>Macron in Deutschland \u2013 Bilanz eines Staatsbesuchs - just-now.NEWS Deutschland<\/title>\n<meta name=\"robots\" content=\"index, follow, max-snippet:-1, max-image-preview:large, max-video-preview:-1\" \/>\n<link rel=\"canonical\" href=\"https:\/\/now-news.de\/de\/deutschland\/macron-in-deutschland-bilanz-eines-staatsbesuchs\/\" \/>\n<meta property=\"og:locale\" content=\"de_DE\" \/>\n<meta property=\"og:type\" content=\"article\" \/>\n<meta property=\"og:title\" content=\"Macron in Deutschland \u2013 Bilanz eines Staatsbesuchs\" \/>\n<meta property=\"og:description\" content=\"Paris und Berlin waren um demonstrative Einigkeit w\u00e4hrend der dreit\u00e4tigen offiziellen Visite des franz\u00f6sischen Pr\u00e4sidenten bem\u00fcht. Die Inszenierung war alles in allem gelungen, und die Bilder &#8220;stimmten&#8221;. Doch die deutsch-franz\u00f6sischen Beziehungen d\u00fcrften weiterhin kompliziert bleiben. Von Pierre L\u00e9vy Der franz\u00f6sische Pr\u00e4sident beendete am 28. Mai seinen dreit\u00e4gigen Staatsbesuch in Deutschland. Eine solche diplomatische Initiative, die [&hellip;]\" \/>\n<meta property=\"og:url\" content=\"https:\/\/now-news.de\/de\/deutschland\/macron-in-deutschland-bilanz-eines-staatsbesuchs\/\" \/>\n<meta property=\"og:site_name\" content=\"just-now.NEWS Deutschland\" \/>\n<meta property=\"article:publisher\" content=\"https:\/\/www.facebook.com\/wirmachenauf\" \/>\n<meta property=\"article:published_time\" content=\"2024-06-01T06:03:02+00:00\" \/>\n<meta property=\"og:image\" content=\"https:\/\/now-news.de\/de\/wp-content\/uploads\/sites\/3\/2024\/06\/665a38c848fbef0f290b736d.jpg\" \/>\n<meta name=\"author\" content=\"rtnews\" \/>\n<meta name=\"twitter:card\" content=\"summary_large_image\" \/>\n<meta name=\"twitter:creator\" content=\"@WirMachenAuf_de\" \/>\n<meta name=\"twitter:site\" content=\"@WirMachenAuf_de\" \/>\n<meta name=\"twitter:label1\" content=\"Verfasst von\" \/>\n\t<meta name=\"twitter:data1\" content=\"rtnews\" \/>\n\t<meta name=\"twitter:label2\" content=\"Gesch\u00e4tzte Lesezeit\" \/>\n\t<meta name=\"twitter:data2\" content=\"7\u00a0Minuten\" \/>\n<script type=\"application\/ld+json\" class=\"yoast-schema-graph\">{\"@context\":\"https:\/\/schema.org\",\"@graph\":[{\"@type\":\"Article\",\"@id\":\"https:\/\/now-news.de\/de\/deutschland\/macron-in-deutschland-bilanz-eines-staatsbesuchs\/#article\",\"isPartOf\":{\"@id\":\"https:\/\/now-news.de\/de\/deutschland\/macron-in-deutschland-bilanz-eines-staatsbesuchs\/\"},\"author\":{\"name\":\"rtnews\",\"@id\":\"https:\/\/now-news.de\/de\/#\/schema\/person\/fb534a4e865501d8b3285208df34a9b5\"},\"headline\":\"Macron in Deutschland \u2013 Bilanz eines Staatsbesuchs\",\"datePublished\":\"2024-06-01T06:03:02+00:00\",\"dateModified\":\"2024-06-01T06:03:02+00:00\",\"mainEntityOfPage\":{\"@id\":\"https:\/\/now-news.de\/de\/deutschland\/macron-in-deutschland-bilanz-eines-staatsbesuchs\/\"},\"wordCount\":1426,\"commentCount\":0,\"publisher\":{\"@id\":\"https:\/\/now-news.de\/de\/#organization\"},\"image\":{\"@id\":\"https:\/\/now-news.de\/de\/deutschland\/macron-in-deutschland-bilanz-eines-staatsbesuchs\/#primaryimage\"},\"thumbnailUrl\":\"https:\/\/now-news.de\/de\/wp-content\/uploads\/sites\/3\/2024\/06\/Macron-in-Deutschland-\u2013-Bilanz-eines-Staatsbesuchs.jpg\",\"keywords\":[\"Bilanz\",\"Deutschland\",\"eines\",\"macron\",\"Staatsbesuchs\"],\"articleSection\":[\"Deutschland\",\"Russland\"],\"inLanguage\":\"de\",\"potentialAction\":[{\"@type\":\"CommentAction\",\"name\":\"Comment\",\"target\":[\"https:\/\/now-news.de\/de\/deutschland\/macron-in-deutschland-bilanz-eines-staatsbesuchs\/#respond\"]}]},{\"@type\":\"WebPage\",\"@id\":\"https:\/\/now-news.de\/de\/deutschland\/macron-in-deutschland-bilanz-eines-staatsbesuchs\/\",\"url\":\"https:\/\/now-news.de\/de\/deutschland\/macron-in-deutschland-bilanz-eines-staatsbesuchs\/\",\"name\":\"Macron in Deutschland \u2013 Bilanz eines Staatsbesuchs - just-now.NEWS Deutschland\",\"isPartOf\":{\"@id\":\"https:\/\/now-news.de\/de\/#website\"},\"primaryImageOfPage\":{\"@id\":\"https:\/\/now-news.de\/de\/deutschland\/macron-in-deutschland-bilanz-eines-staatsbesuchs\/#primaryimage\"},\"image\":{\"@id\":\"https:\/\/now-news.de\/de\/deutschland\/macron-in-deutschland-bilanz-eines-staatsbesuchs\/#primaryimage\"},\"thumbnailUrl\":\"https:\/\/now-news.de\/de\/wp-content\/uploads\/sites\/3\/2024\/06\/Macron-in-Deutschland-\u2013-Bilanz-eines-Staatsbesuchs.jpg\",\"datePublished\":\"2024-06-01T06:03:02+00:00\",\"dateModified\":\"2024-06-01T06:03:02+00:00\",\"breadcrumb\":{\"@id\":\"https:\/\/now-news.de\/de\/deutschland\/macron-in-deutschland-bilanz-eines-staatsbesuchs\/#breadcrumb\"},\"inLanguage\":\"de\",\"potentialAction\":[{\"@type\":\"ReadAction\",\"target\":[\"https:\/\/now-news.de\/de\/deutschland\/macron-in-deutschland-bilanz-eines-staatsbesuchs\/\"]}]},{\"@type\":\"ImageObject\",\"inLanguage\":\"de\",\"@id\":\"https:\/\/now-news.de\/de\/deutschland\/macron-in-deutschland-bilanz-eines-staatsbesuchs\/#primaryimage\",\"url\":\"https:\/\/now-news.de\/de\/wp-content\/uploads\/sites\/3\/2024\/06\/Macron-in-Deutschland-\u2013-Bilanz-eines-Staatsbesuchs.jpg\",\"contentUrl\":\"https:\/\/now-news.de\/de\/wp-content\/uploads\/sites\/3\/2024\/06\/Macron-in-Deutschland-\u2013-Bilanz-eines-Staatsbesuchs.jpg\",\"width\":460,\"height\":259,\"caption\":\"Macron in Deutschland \u2013 Bilanz eines Staatsbesuchs\"},{\"@type\":\"BreadcrumbList\",\"@id\":\"https:\/\/now-news.de\/de\/deutschland\/macron-in-deutschland-bilanz-eines-staatsbesuchs\/#breadcrumb\",\"itemListElement\":[{\"@type\":\"ListItem\",\"position\":1,\"name\":\"Home\",\"item\":\"https:\/\/now-news.de\/de\/\"},{\"@type\":\"ListItem\",\"position\":2,\"name\":\"Macron in Deutschland \u2013 Bilanz eines Staatsbesuchs\"}]},{\"@type\":\"WebSite\",\"@id\":\"https:\/\/now-news.de\/de\/#website\",\"url\":\"https:\/\/now-news.de\/de\/\",\"name\":\"just-now.NEWS Deutschland\",\"description\":\"Das Portal f\u00fcr unzensierte Nachrichten aus der Welt\",\"publisher\":{\"@id\":\"https:\/\/now-news.de\/de\/#organization\"},\"potentialAction\":[{\"@type\":\"SearchAction\",\"target\":{\"@type\":\"EntryPoint\",\"urlTemplate\":\"https:\/\/now-news.de\/de\/?s={search_term_string}\"},\"query-input\":\"required name=search_term_string\"}],\"inLanguage\":\"de\"},{\"@type\":\"Organization\",\"@id\":\"https:\/\/now-news.de\/de\/#organization\",\"name\":\"Just Now News\",\"url\":\"https:\/\/now-news.de\/de\/\",\"logo\":{\"@type\":\"ImageObject\",\"inLanguage\":\"de\",\"@id\":\"https:\/\/now-news.de\/de\/#\/schema\/logo\/image\/\",\"url\":\"http:\/\/just-now.news\/de\/wp-content\/uploads\/sites\/3\/2022\/04\/logo500x500.jpg\",\"contentUrl\":\"http:\/\/just-now.news\/de\/wp-content\/uploads\/sites\/3\/2022\/04\/logo500x500.jpg\",\"width\":500,\"height\":500,\"caption\":\"Just Now News\"},\"image\":{\"@id\":\"https:\/\/now-news.de\/de\/#\/schema\/logo\/image\/\"},\"sameAs\":[\"https:\/\/www.facebook.com\/wirmachenauf\",\"https:\/\/x.com\/WirMachenAuf_de\"]},{\"@type\":\"Person\",\"@id\":\"https:\/\/now-news.de\/de\/#\/schema\/person\/fb534a4e865501d8b3285208df34a9b5\",\"name\":\"rtnews\",\"image\":{\"@type\":\"ImageObject\",\"inLanguage\":\"de\",\"@id\":\"https:\/\/now-news.de\/de\/#\/schema\/person\/image\/\",\"url\":\"https:\/\/secure.gravatar.com\/avatar\/82aafea7d8127119dd649515f56e2117?s=96&d=mm&r=g\",\"contentUrl\":\"https:\/\/secure.gravatar.com\/avatar\/82aafea7d8127119dd649515f56e2117?s=96&d=mm&r=g\",\"caption\":\"rtnews\"},\"url\":\"https:\/\/now-news.de\/de\/author\/rnews\/\"}]}<\/script>\n<!-- \/ Yoast SEO Premium plugin. -->","yoast_head_json":{"title":"Macron in Deutschland \u2013 Bilanz eines Staatsbesuchs - just-now.NEWS Deutschland","robots":{"index":"index","follow":"follow","max-snippet":"max-snippet:-1","max-image-preview":"max-image-preview:large","max-video-preview":"max-video-preview:-1"},"canonical":"https:\/\/now-news.de\/de\/deutschland\/macron-in-deutschland-bilanz-eines-staatsbesuchs\/","og_locale":"de_DE","og_type":"article","og_title":"Macron in Deutschland \u2013 Bilanz eines Staatsbesuchs","og_description":"Paris und Berlin waren um demonstrative Einigkeit w\u00e4hrend der dreit\u00e4tigen offiziellen Visite des franz\u00f6sischen Pr\u00e4sidenten bem\u00fcht. Die Inszenierung war alles in allem gelungen, und die Bilder &#8220;stimmten&#8221;. Doch die deutsch-franz\u00f6sischen Beziehungen d\u00fcrften weiterhin kompliziert bleiben. Von Pierre L\u00e9vy Der franz\u00f6sische Pr\u00e4sident beendete am 28. Mai seinen dreit\u00e4gigen Staatsbesuch in Deutschland. Eine solche diplomatische Initiative, die [&hellip;]","og_url":"https:\/\/now-news.de\/de\/deutschland\/macron-in-deutschland-bilanz-eines-staatsbesuchs\/","og_site_name":"just-now.NEWS Deutschland","article_publisher":"https:\/\/www.facebook.com\/wirmachenauf","article_published_time":"2024-06-01T06:03:02+00:00","og_image":[{"url":"https:\/\/now-news.de\/de\/wp-content\/uploads\/sites\/3\/2024\/06\/665a38c848fbef0f290b736d.jpg"}],"author":"rtnews","twitter_card":"summary_large_image","twitter_creator":"@WirMachenAuf_de","twitter_site":"@WirMachenAuf_de","twitter_misc":{"Verfasst von":"rtnews","Gesch\u00e4tzte Lesezeit":"7\u00a0Minuten"},"schema":{"@context":"https:\/\/schema.org","@graph":[{"@type":"Article","@id":"https:\/\/now-news.de\/de\/deutschland\/macron-in-deutschland-bilanz-eines-staatsbesuchs\/#article","isPartOf":{"@id":"https:\/\/now-news.de\/de\/deutschland\/macron-in-deutschland-bilanz-eines-staatsbesuchs\/"},"author":{"name":"rtnews","@id":"https:\/\/now-news.de\/de\/#\/schema\/person\/fb534a4e865501d8b3285208df34a9b5"},"headline":"Macron in Deutschland \u2013 Bilanz eines Staatsbesuchs","datePublished":"2024-06-01T06:03:02+00:00","dateModified":"2024-06-01T06:03:02+00:00","mainEntityOfPage":{"@id":"https:\/\/now-news.de\/de\/deutschland\/macron-in-deutschland-bilanz-eines-staatsbesuchs\/"},"wordCount":1426,"commentCount":0,"publisher":{"@id":"https:\/\/now-news.de\/de\/#organization"},"image":{"@id":"https:\/\/now-news.de\/de\/deutschland\/macron-in-deutschland-bilanz-eines-staatsbesuchs\/#primaryimage"},"thumbnailUrl":"https:\/\/now-news.de\/de\/wp-content\/uploads\/sites\/3\/2024\/06\/Macron-in-Deutschland-\u2013-Bilanz-eines-Staatsbesuchs.jpg","keywords":["Bilanz","Deutschland","eines","macron","Staatsbesuchs"],"articleSection":["Deutschland","Russland"],"inLanguage":"de","potentialAction":[{"@type":"CommentAction","name":"Comment","target":["https:\/\/now-news.de\/de\/deutschland\/macron-in-deutschland-bilanz-eines-staatsbesuchs\/#respond"]}]},{"@type":"WebPage","@id":"https:\/\/now-news.de\/de\/deutschland\/macron-in-deutschland-bilanz-eines-staatsbesuchs\/","url":"https:\/\/now-news.de\/de\/deutschland\/macron-in-deutschland-bilanz-eines-staatsbesuchs\/","name":"Macron in Deutschland \u2013 Bilanz eines Staatsbesuchs - just-now.NEWS Deutschland","isPartOf":{"@id":"https:\/\/now-news.de\/de\/#website"},"primaryImageOfPage":{"@id":"https:\/\/now-news.de\/de\/deutschland\/macron-in-deutschland-bilanz-eines-staatsbesuchs\/#primaryimage"},"image":{"@id":"https:\/\/now-news.de\/de\/deutschland\/macron-in-deutschland-bilanz-eines-staatsbesuchs\/#primaryimage"},"thumbnailUrl":"https:\/\/now-news.de\/de\/wp-content\/uploads\/sites\/3\/2024\/06\/Macron-in-Deutschland-\u2013-Bilanz-eines-Staatsbesuchs.jpg","datePublished":"2024-06-01T06:03:02+00:00","dateModified":"2024-06-01T06:03:02+00:00","breadcrumb":{"@id":"https:\/\/now-news.de\/de\/deutschland\/macron-in-deutschland-bilanz-eines-staatsbesuchs\/#breadcrumb"},"inLanguage":"de","potentialAction":[{"@type":"ReadAction","target":["https:\/\/now-news.de\/de\/deutschland\/macron-in-deutschland-bilanz-eines-staatsbesuchs\/"]}]},{"@type":"ImageObject","inLanguage":"de","@id":"https:\/\/now-news.de\/de\/deutschland\/macron-in-deutschland-bilanz-eines-staatsbesuchs\/#primaryimage","url":"https:\/\/now-news.de\/de\/wp-content\/uploads\/sites\/3\/2024\/06\/Macron-in-Deutschland-\u2013-Bilanz-eines-Staatsbesuchs.jpg","contentUrl":"https:\/\/now-news.de\/de\/wp-content\/uploads\/sites\/3\/2024\/06\/Macron-in-Deutschland-\u2013-Bilanz-eines-Staatsbesuchs.jpg","width":460,"height":259,"caption":"Macron in Deutschland \u2013 Bilanz eines Staatsbesuchs"},{"@type":"BreadcrumbList","@id":"https:\/\/now-news.de\/de\/deutschland\/macron-in-deutschland-bilanz-eines-staatsbesuchs\/#breadcrumb","itemListElement":[{"@type":"ListItem","position":1,"name":"Home","item":"https:\/\/now-news.de\/de\/"},{"@type":"ListItem","position":2,"name":"Macron in Deutschland \u2013 Bilanz eines Staatsbesuchs"}]},{"@type":"WebSite","@id":"https:\/\/now-news.de\/de\/#website","url":"https:\/\/now-news.de\/de\/","name":"just-now.NEWS Deutschland","description":"Das Portal f\u00fcr unzensierte Nachrichten aus der Welt","publisher":{"@id":"https:\/\/now-news.de\/de\/#organization"},"potentialAction":[{"@type":"SearchAction","target":{"@type":"EntryPoint","urlTemplate":"https:\/\/now-news.de\/de\/?s={search_term_string}"},"query-input":"required name=search_term_string"}],"inLanguage":"de"},{"@type":"Organization","@id":"https:\/\/now-news.de\/de\/#organization","name":"Just Now News","url":"https:\/\/now-news.de\/de\/","logo":{"@type":"ImageObject","inLanguage":"de","@id":"https:\/\/now-news.de\/de\/#\/schema\/logo\/image\/","url":"http:\/\/just-now.news\/de\/wp-content\/uploads\/sites\/3\/2022\/04\/logo500x500.jpg","contentUrl":"http:\/\/just-now.news\/de\/wp-content\/uploads\/sites\/3\/2022\/04\/logo500x500.jpg","width":500,"height":500,"caption":"Just Now News"},"image":{"@id":"https:\/\/now-news.de\/de\/#\/schema\/logo\/image\/"},"sameAs":["https:\/\/www.facebook.com\/wirmachenauf","https:\/\/x.com\/WirMachenAuf_de"]},{"@type":"Person","@id":"https:\/\/now-news.de\/de\/#\/schema\/person\/fb534a4e865501d8b3285208df34a9b5","name":"rtnews","image":{"@type":"ImageObject","inLanguage":"de","@id":"https:\/\/now-news.de\/de\/#\/schema\/person\/image\/","url":"https:\/\/secure.gravatar.com\/avatar\/82aafea7d8127119dd649515f56e2117?s=96&d=mm&r=g","contentUrl":"https:\/\/secure.gravatar.com\/avatar\/82aafea7d8127119dd649515f56e2117?s=96&d=mm&r=g","caption":"rtnews"},"url":"https:\/\/now-news.de\/de\/author\/rnews\/"}]}},"_links":{"self":[{"href":"https:\/\/now-news.de\/de\/wp-json\/wp\/v2\/posts\/59268"}],"collection":[{"href":"https:\/\/now-news.de\/de\/wp-json\/wp\/v2\/posts"}],"about":[{"href":"https:\/\/now-news.de\/de\/wp-json\/wp\/v2\/types\/post"}],"author":[{"embeddable":true,"href":"https:\/\/now-news.de\/de\/wp-json\/wp\/v2\/users\/3"}],"replies":[{"embeddable":true,"href":"https:\/\/now-news.de\/de\/wp-json\/wp\/v2\/comments?post=59268"}],"version-history":[{"count":0,"href":"https:\/\/now-news.de\/de\/wp-json\/wp\/v2\/posts\/59268\/revisions"}],"wp:featuredmedia":[{"embeddable":true,"href":"https:\/\/now-news.de\/de\/wp-json\/wp\/v2\/media\/59269"}],"wp:attachment":[{"href":"https:\/\/now-news.de\/de\/wp-json\/wp\/v2\/media?parent=59268"}],"wp:term":[{"taxonomy":"category","embeddable":true,"href":"https:\/\/now-news.de\/de\/wp-json\/wp\/v2\/categories?post=59268"},{"taxonomy":"post_tag","embeddable":true,"href":"https:\/\/now-news.de\/de\/wp-json\/wp\/v2\/tags?post=59268"}],"curies":[{"name":"wp","href":"https:\/\/api.w.org\/{rel}","templated":true}]}}