{"id":59198,"date":"2024-05-30T20:25:20","date_gmt":"2024-05-30T18:25:20","guid":{"rendered":"https:\/\/now-news.de\/de\/deutschland\/hat-ja-hervorragend-geklappt-scholz-wollte-ausbreitung-von-doep-doedoe-doep-verhindern\/"},"modified":"2024-05-30T20:25:20","modified_gmt":"2024-05-30T18:25:20","slug":"hat-ja-hervorragend-geklappt-scholz-wollte-ausbreitung-von-doep-doedoe-doep-verhindern","status":"publish","type":"post","link":"https:\/\/now-news.de\/de\/deutschland\/hat-ja-hervorragend-geklappt-scholz-wollte-ausbreitung-von-doep-doedoe-doep-verhindern\/","title":{"rendered":"Hat ja hervorragend geklappt: Scholz wollte Ausbreitung von &quot;D\u00f6p d\u00f6d\u00f6 d\u00f6p&quot; verhindern"},"content":{"rendered":"<p><img decoding=\"async\" src=\"https:\/\/now-news.de\/de\/wp-content\/uploads\/sites\/3\/2024\/05\/6658ac1cb480cc18cd266cf9.jpg\" \/><\/p>\n<div class=\"Text-root Text-type_1 \">\n                Nach dem Eklat rund um das bekannte Sylt-Video hatte sich auch Bundeskanzler Olaf Scholz am vergangenen Freitag ge\u00e4u\u00dfert und erkl\u00e4rt, man wolle die Ausbreitung der im Video skandierten Parole verhindern. Funktioniert hat dies allerdings eher weniger.\n            <\/div>\n<p><\/p>\n<div class=\"Text-root Text-type_5 ArticleView-text ViewText-root \">\n<p>Ein kleiner R\u00fcckblick: Nach dem Eklat um das mittlerweile bekannte Video aus Sylt, in dem feiernde junge Menschen zu Gigi D&#8217;Agostinos Hit\u00a0&#8220;L&#8217;amour toujours&#8221; die Parole &#8220;Ausl\u00e4nder raus&#8221; gr\u00f6len, hatte sich auch Bundeskanzler Olaf Scholz (SPD) ge\u00e4u\u00dfert. Am vergangenen Freitag bezeichnete er derartige Parolen als &#8220;eklig&#8221; und &#8220;nicht akzeptabel&#8221;:<\/p>\n<blockquote>\n<p><em>&#8220;<\/em><em>Und dar\u00fcber darf es kein Vertun geben. Und deshalb ist es auch richtig, dass all unsere Aktivit\u00e4ten darauf gerichtet sind, genau zu verhindern, dass das eine Sache ist, die sich verbreitet.<\/em><em>&#8220;<\/em><\/p>\n<\/blockquote>\n<p>Zu konkreten Ma\u00dfnahmen, wie er eben jene Ausbreitung verhindern wolle, \u00e4u\u00dferte sich Scholz zwar nicht. Geklappt haben diese jedenfalls eher weniger: In Magdeburg wurden zwei M\u00e4nner angezeigt, weil diese zu &#8220;L&#8217;amour toujours&#8221; eine ausl\u00e4nderfeindliche Parole gesunden haben sollen. Die Polizei beschlagnahmte auch die Handys der Tatverd\u00e4chtigen als &#8220;m\u00f6gliche Tatmittel&#8221; (<em>RT DE<\/em>\u00a0<a rel=\"nofollow noopener\" target=\"_blank\" href=\"https:\/\/freedert.online\/inland\/207360-nach-sylt-eklat-bundesweite-jagd-nach-doep-doedoe-doep\/\">berichtete<\/a>). Auch in Hamburg und Stuttgart sollen Fans des t\u00fcrkischen Fu\u00dfballvereins Galatasaray Istanbul zum entsprechenden Lied &#8220;Ausl\u00e4nder raus!&#8221; skandiert haben, nachdem ihr Verein am Sonntag t\u00fcrkischer Fu\u00dfballmeister geworden war.<\/p>\n<p>Auch in den Mainstream-Medien pr\u00e4gten der &#8220;Sylt-Skandal&#8221; und weitere entsprechende Vorf\u00e4lle die Schlagzeilen. Das Meme rund um &#8220;L&#8217;amour toujours&#8221;, welches vermutlich in rechten Kreisen entstand, ist schon \u00e4lter. Bereits im Herbst 2023 wurden erste derartige Vorf\u00e4lle gemeldet.<\/p>\n<p>Das <em>funk<\/em>-Netzwerk des \u00f6ffentlich-rechtlichen Rundfunks hat in den sozialen Medien nun s\u00e4mtliche F\u00e4lle der letzten acht Monate aufgelistet, in denen zum Lied &#8220;L&#8217;amour toujours&#8221; ausl\u00e4nderfeindliche Parolen skandiert wurden.<\/p>\n<div class=\"EmbedBlock-root EmbedBlock-twitter\">\n<div class=\"TwitterEmbed\">\n<blockquote class=\"twitter-tweet lazyload\" data-twitter=\"twitter-tweet\">\n<p lang=\"de\" dir=\"ltr\">Definiere Massenpsychose <a rel=\"nofollow noopener\" target=\"_blank\" href=\"https:\/\/t.co\/wrV8cSuVpe\">pic.twitter.com\/wrV8cSuVpe<\/a><\/p>\n<p>\u2014 marc friedrich (@marcfriedrich7) <a rel=\"nofollow noopener\" target=\"_blank\" href=\"https:\/\/twitter.com\/marcfriedrich7\/status\/1795732998526214448?ref_src=twsrc%5Etfw\">May 29, 2024<\/a><\/p><\/blockquote>\n<\/div>\n<\/div>\n<p>Bereits vor der entsprechenden Meldung von <em>funk<\/em> wurde die Berichterstattung rund um Sylt vom Satiriker Snicklink parodiert:<\/p>\n<p>Auf eine Anfrage der <em>Berliner Zeitung<\/em>, mit welchen Ma\u00dfnahmen der Kanzler denn die Ausbreitung des Sylt-Memes zu hindern gedachte, teilte eine Regierungssprecherin schlie\u00dflich mit, die Bundesregierung k\u00f6nne ihren Appell &#8220;nur an alle richten, sich nicht von Rassisten missbrauchen zu lassen&#8221;. Die Strafverfolgungsbeh\u00f6rden der L\u00e4nder pr\u00fcften nun, &#8220;ob und welche Straftaten mit rechtsextremistischem Hintergrund im Zusammenhang mit dem genannten Video begangen wurden&#8221;.<\/p>\n<p>In Bezug auf die Vorf\u00e4lle rund um den Sieg von Galatasaray Istanbul erkl\u00e4rte die Regierungssprecherin, es sei &#8220;vollkommen gleichg\u00fcltig, ob\u00a0rassistische Parolen auf Sylt, in Wolfsburg oder Stuttgart gesungen werden&#8221;. Sie teilt mit: &#8220;\u00dcberall greifen sie andere Menschen an. Und das ist auf das Sch\u00e4rfste zu verurteilen.&#8221; Es sei &#8220;erschreckend, dass es einen Code zu geben scheint, der an vielen Orten sofort verstanden wird und der trotz seines massiven Rassismus bei manchen Menschen kein St\u00f6rgef\u00fchl ausl\u00f6st&#8221;.<\/p>\n<p>Genutzt haben die Appelle aus dem Kanzleramt jedenfalls wenig: In den sozialen Medien h\u00e4ufen sich derzeit Aufnahmen von Menschen (insbesondere Menschen mit Migrationshintergrund), die sich \u00fcber den medialen Hype um Sylt lustig machen und zu Gigi D&#8217;Agostinos Hit &#8220;Ausl\u00e4nder raus&#8221; singen.<\/p>\n<p><strong>Mehr zum Thema \u2013 <\/strong><a rel=\"nofollow noopener\" target=\"_blank\" href=\"https:\/\/freedert.online\/kurzclips\/video\/207289-sylt-song-wird-zum-ohrwurm\/\">Sylt-Song wird zum Ohrwurm: Menschen mit Migrationshintergrund singen &#8220;Ausl\u00e4nder raus&#8221; <\/a><\/p>\n<div class=\"EmbedBlock-root EmbedBlock-externalVideo EmbedBlock-odysee\">\n<div class=\"VkEmbed\"><iframe class=\"lazyload\" data-src=\"https:\/\/odysee.com\/%24\/embed\/%40RTDE%3Ae%2FSylt-Song-wird-zum-Ohrwurm--Menschen-mit-Migrationshintergrund-singen--Ausl%C3%A4nder-raus-%3Ac\" frameborder=\"0\" width=\"853\" height=\"480\" allowfullscreen><\/iframe><\/div>\n<\/div>\n<\/div>\n<p><script async src=\"https:\/\/platform.twitter.com\/widgets.js\" charset=\"utf-8\"><\/script><br \/>\n<br \/><br \/>\n<br \/><a href=\"https:\/\/de.rt.com\/inland\/207643-hat-ja-hervorragend-geklappt-scholz\/\">Source link <\/a><\/p>\n","protected":false},"excerpt":{"rendered":"<p>Nach dem Eklat rund um das bekannte Sylt-Video hatte sich auch Bundeskanzler Olaf Scholz am vergangenen Freitag ge\u00e4u\u00dfert und erkl\u00e4rt, man wolle die Ausbreitung der im Video skandierten Parole verhindern. Funktioniert hat dies allerdings eher weniger. Ein kleiner R\u00fcckblick: Nach dem Eklat um das mittlerweile bekannte Video aus Sylt, in dem feiernde junge Menschen zu [&hellip;]<\/p>\n","protected":false},"author":3,"featured_media":59199,"comment_status":"open","ping_status":"open","sticky":false,"template":"","format":"standard","meta":{"_yoast_indexnow_last_ping":["1717094176"],"wp_automatic_camp":["217"],"e3568435fa52479b29881eeba4ce1fe0":["Hat ja hervorragend geklappt: Scholz wollte Ausbreitung von &quot;D\u00f6p d\u00f6d\u00f6 d\u00f6p&quot; verhindern"],"original_link":["https:\/\/de.rt.com\/inland\/207643-hat-ja-hervorragend-geklappt-scholz\/"],"_thumbnail_id":["59199"],"_wptgpro_p2tg_sent2tg":["a:1:{i:23737;s:19:\"2024-05-30 20:37:33\";}"],"jnews_social_counter_last_update":["1777246699"]},"categories":[19,23],"tags":[22744,55270,55271,27504,423,42440,55269,1001,1045,50,10596],"yoast_head":"<!-- This site is optimized with the Yoast SEO Premium plugin v22.7 (Yoast SEO v22.7) - https:\/\/yoast.com\/wordpress\/plugins\/seo\/ -->\n<title>Hat ja hervorragend geklappt: Scholz wollte Ausbreitung von &quot;D\u00f6p d\u00f6d\u00f6 d\u00f6p&quot; verhindern - just-now.NEWS Deutschland<\/title>\n<meta name=\"robots\" content=\"index, follow, max-snippet:-1, max-image-preview:large, max-video-preview:-1\" \/>\n<link rel=\"canonical\" href=\"https:\/\/now-news.de\/de\/deutschland\/hat-ja-hervorragend-geklappt-scholz-wollte-ausbreitung-von-doep-doedoe-doep-verhindern\/\" \/>\n<meta property=\"og:locale\" content=\"de_DE\" \/>\n<meta property=\"og:type\" content=\"article\" \/>\n<meta property=\"og:title\" content=\"Hat ja hervorragend geklappt: Scholz wollte Ausbreitung von &quot;D\u00f6p d\u00f6d\u00f6 d\u00f6p&quot; verhindern\" \/>\n<meta property=\"og:description\" content=\"Nach dem Eklat rund um das bekannte Sylt-Video hatte sich auch Bundeskanzler Olaf Scholz am vergangenen Freitag ge\u00e4u\u00dfert und erkl\u00e4rt, man wolle die Ausbreitung der im Video skandierten Parole verhindern. Funktioniert hat dies allerdings eher weniger. Ein kleiner R\u00fcckblick: Nach dem Eklat um das mittlerweile bekannte Video aus Sylt, in dem feiernde junge Menschen zu [&hellip;]\" \/>\n<meta property=\"og:url\" content=\"https:\/\/now-news.de\/de\/deutschland\/hat-ja-hervorragend-geklappt-scholz-wollte-ausbreitung-von-doep-doedoe-doep-verhindern\/\" \/>\n<meta property=\"og:site_name\" content=\"just-now.NEWS Deutschland\" \/>\n<meta property=\"article:publisher\" content=\"https:\/\/www.facebook.com\/wirmachenauf\" \/>\n<meta property=\"article:published_time\" content=\"2024-05-30T18:25:20+00:00\" \/>\n<meta property=\"og:image\" content=\"https:\/\/now-news.de\/de\/wp-content\/uploads\/sites\/3\/2024\/05\/6658ac1cb480cc18cd266cf9.jpg\" \/>\n<meta name=\"author\" content=\"rtnews\" \/>\n<meta name=\"twitter:card\" content=\"summary_large_image\" \/>\n<meta name=\"twitter:creator\" content=\"@WirMachenAuf_de\" \/>\n<meta name=\"twitter:site\" content=\"@WirMachenAuf_de\" \/>\n<meta name=\"twitter:label1\" content=\"Verfasst von\" \/>\n\t<meta name=\"twitter:data1\" content=\"rtnews\" \/>\n\t<meta name=\"twitter:label2\" content=\"Gesch\u00e4tzte Lesezeit\" \/>\n\t<meta name=\"twitter:data2\" content=\"3\u00a0Minuten\" \/>\n<script type=\"application\/ld+json\" class=\"yoast-schema-graph\">{\"@context\":\"https:\/\/schema.org\",\"@graph\":[{\"@type\":\"Article\",\"@id\":\"https:\/\/now-news.de\/de\/deutschland\/hat-ja-hervorragend-geklappt-scholz-wollte-ausbreitung-von-doep-doedoe-doep-verhindern\/#article\",\"isPartOf\":{\"@id\":\"https:\/\/now-news.de\/de\/deutschland\/hat-ja-hervorragend-geklappt-scholz-wollte-ausbreitung-von-doep-doedoe-doep-verhindern\/\"},\"author\":{\"name\":\"rtnews\",\"@id\":\"https:\/\/now-news.de\/de\/#\/schema\/person\/fb534a4e865501d8b3285208df34a9b5\"},\"headline\":\"Hat ja hervorragend geklappt: Scholz wollte Ausbreitung von &quot;D\u00f6p d\u00f6d\u00f6 d\u00f6p&quot; verhindern\",\"datePublished\":\"2024-05-30T18:25:20+00:00\",\"dateModified\":\"2024-05-30T18:25:20+00:00\",\"mainEntityOfPage\":{\"@id\":\"https:\/\/now-news.de\/de\/deutschland\/hat-ja-hervorragend-geklappt-scholz-wollte-ausbreitung-von-doep-doedoe-doep-verhindern\/\"},\"wordCount\":548,\"commentCount\":0,\"publisher\":{\"@id\":\"https:\/\/now-news.de\/de\/#organization\"},\"image\":{\"@id\":\"https:\/\/now-news.de\/de\/deutschland\/hat-ja-hervorragend-geklappt-scholz-wollte-ausbreitung-von-doep-doedoe-doep-verhindern\/#primaryimage\"},\"thumbnailUrl\":\"https:\/\/now-news.de\/de\/wp-content\/uploads\/sites\/3\/2024\/05\/Hat-ja-hervorragend-geklappt-Scholz-wollte-Ausbreitung-von-quotDoep-doedoe.jpg\",\"keywords\":[\"Ausbreitung\",\"d\u00f6d\u00f6\",\"d\u00f6pquot\",\"geklappt\",\"hat\",\"hervorragend\",\"quotD\u00f6p\",\"Scholz\",\"verhindern\",\"von\",\"wollte\"],\"articleSection\":[\"Deutschland\",\"Russland\"],\"inLanguage\":\"de\",\"potentialAction\":[{\"@type\":\"CommentAction\",\"name\":\"Comment\",\"target\":[\"https:\/\/now-news.de\/de\/deutschland\/hat-ja-hervorragend-geklappt-scholz-wollte-ausbreitung-von-doep-doedoe-doep-verhindern\/#respond\"]}]},{\"@type\":\"WebPage\",\"@id\":\"https:\/\/now-news.de\/de\/deutschland\/hat-ja-hervorragend-geklappt-scholz-wollte-ausbreitung-von-doep-doedoe-doep-verhindern\/\",\"url\":\"https:\/\/now-news.de\/de\/deutschland\/hat-ja-hervorragend-geklappt-scholz-wollte-ausbreitung-von-doep-doedoe-doep-verhindern\/\",\"name\":\"Hat ja hervorragend geklappt: Scholz wollte Ausbreitung von &quot;D\u00f6p d\u00f6d\u00f6 d\u00f6p&quot; verhindern - just-now.NEWS Deutschland\",\"isPartOf\":{\"@id\":\"https:\/\/now-news.de\/de\/#website\"},\"primaryImageOfPage\":{\"@id\":\"https:\/\/now-news.de\/de\/deutschland\/hat-ja-hervorragend-geklappt-scholz-wollte-ausbreitung-von-doep-doedoe-doep-verhindern\/#primaryimage\"},\"image\":{\"@id\":\"https:\/\/now-news.de\/de\/deutschland\/hat-ja-hervorragend-geklappt-scholz-wollte-ausbreitung-von-doep-doedoe-doep-verhindern\/#primaryimage\"},\"thumbnailUrl\":\"https:\/\/now-news.de\/de\/wp-content\/uploads\/sites\/3\/2024\/05\/Hat-ja-hervorragend-geklappt-Scholz-wollte-Ausbreitung-von-quotDoep-doedoe.jpg\",\"datePublished\":\"2024-05-30T18:25:20+00:00\",\"dateModified\":\"2024-05-30T18:25:20+00:00\",\"breadcrumb\":{\"@id\":\"https:\/\/now-news.de\/de\/deutschland\/hat-ja-hervorragend-geklappt-scholz-wollte-ausbreitung-von-doep-doedoe-doep-verhindern\/#breadcrumb\"},\"inLanguage\":\"de\",\"potentialAction\":[{\"@type\":\"ReadAction\",\"target\":[\"https:\/\/now-news.de\/de\/deutschland\/hat-ja-hervorragend-geklappt-scholz-wollte-ausbreitung-von-doep-doedoe-doep-verhindern\/\"]}]},{\"@type\":\"ImageObject\",\"inLanguage\":\"de\",\"@id\":\"https:\/\/now-news.de\/de\/deutschland\/hat-ja-hervorragend-geklappt-scholz-wollte-ausbreitung-von-doep-doedoe-doep-verhindern\/#primaryimage\",\"url\":\"https:\/\/now-news.de\/de\/wp-content\/uploads\/sites\/3\/2024\/05\/Hat-ja-hervorragend-geklappt-Scholz-wollte-Ausbreitung-von-quotDoep-doedoe.jpg\",\"contentUrl\":\"https:\/\/now-news.de\/de\/wp-content\/uploads\/sites\/3\/2024\/05\/Hat-ja-hervorragend-geklappt-Scholz-wollte-Ausbreitung-von-quotDoep-doedoe.jpg\",\"width\":460,\"height\":259,\"caption\":\"Hat ja hervorragend geklappt: Scholz wollte Ausbreitung von &quot;D\u00f6p d\u00f6d\u00f6 d\u00f6p&quot; verhindern\"},{\"@type\":\"BreadcrumbList\",\"@id\":\"https:\/\/now-news.de\/de\/deutschland\/hat-ja-hervorragend-geklappt-scholz-wollte-ausbreitung-von-doep-doedoe-doep-verhindern\/#breadcrumb\",\"itemListElement\":[{\"@type\":\"ListItem\",\"position\":1,\"name\":\"Home\",\"item\":\"https:\/\/now-news.de\/de\/\"},{\"@type\":\"ListItem\",\"position\":2,\"name\":\"Hat ja hervorragend geklappt: Scholz wollte Ausbreitung von &quot;D\u00f6p d\u00f6d\u00f6 d\u00f6p&quot; verhindern\"}]},{\"@type\":\"WebSite\",\"@id\":\"https:\/\/now-news.de\/de\/#website\",\"url\":\"https:\/\/now-news.de\/de\/\",\"name\":\"just-now.NEWS Deutschland\",\"description\":\"Das Portal f\u00fcr unzensierte Nachrichten aus der Welt\",\"publisher\":{\"@id\":\"https:\/\/now-news.de\/de\/#organization\"},\"potentialAction\":[{\"@type\":\"SearchAction\",\"target\":{\"@type\":\"EntryPoint\",\"urlTemplate\":\"https:\/\/now-news.de\/de\/?s={search_term_string}\"},\"query-input\":\"required name=search_term_string\"}],\"inLanguage\":\"de\"},{\"@type\":\"Organization\",\"@id\":\"https:\/\/now-news.de\/de\/#organization\",\"name\":\"Just Now News\",\"url\":\"https:\/\/now-news.de\/de\/\",\"logo\":{\"@type\":\"ImageObject\",\"inLanguage\":\"de\",\"@id\":\"https:\/\/now-news.de\/de\/#\/schema\/logo\/image\/\",\"url\":\"http:\/\/just-now.news\/de\/wp-content\/uploads\/sites\/3\/2022\/04\/logo500x500.jpg\",\"contentUrl\":\"http:\/\/just-now.news\/de\/wp-content\/uploads\/sites\/3\/2022\/04\/logo500x500.jpg\",\"width\":500,\"height\":500,\"caption\":\"Just Now News\"},\"image\":{\"@id\":\"https:\/\/now-news.de\/de\/#\/schema\/logo\/image\/\"},\"sameAs\":[\"https:\/\/www.facebook.com\/wirmachenauf\",\"https:\/\/x.com\/WirMachenAuf_de\"]},{\"@type\":\"Person\",\"@id\":\"https:\/\/now-news.de\/de\/#\/schema\/person\/fb534a4e865501d8b3285208df34a9b5\",\"name\":\"rtnews\",\"image\":{\"@type\":\"ImageObject\",\"inLanguage\":\"de\",\"@id\":\"https:\/\/now-news.de\/de\/#\/schema\/person\/image\/\",\"url\":\"https:\/\/secure.gravatar.com\/avatar\/82aafea7d8127119dd649515f56e2117?s=96&d=mm&r=g\",\"contentUrl\":\"https:\/\/secure.gravatar.com\/avatar\/82aafea7d8127119dd649515f56e2117?s=96&d=mm&r=g\",\"caption\":\"rtnews\"},\"url\":\"https:\/\/now-news.de\/de\/author\/rnews\/\"}]}<\/script>\n<!-- \/ Yoast SEO Premium plugin. -->","yoast_head_json":{"title":"Hat ja hervorragend geklappt: Scholz wollte Ausbreitung von &quot;D\u00f6p d\u00f6d\u00f6 d\u00f6p&quot; verhindern - just-now.NEWS Deutschland","robots":{"index":"index","follow":"follow","max-snippet":"max-snippet:-1","max-image-preview":"max-image-preview:large","max-video-preview":"max-video-preview:-1"},"canonical":"https:\/\/now-news.de\/de\/deutschland\/hat-ja-hervorragend-geklappt-scholz-wollte-ausbreitung-von-doep-doedoe-doep-verhindern\/","og_locale":"de_DE","og_type":"article","og_title":"Hat ja hervorragend geklappt: Scholz wollte Ausbreitung von &quot;D\u00f6p d\u00f6d\u00f6 d\u00f6p&quot; verhindern","og_description":"Nach dem Eklat rund um das bekannte Sylt-Video hatte sich auch Bundeskanzler Olaf Scholz am vergangenen Freitag ge\u00e4u\u00dfert und erkl\u00e4rt, man wolle die Ausbreitung der im Video skandierten Parole verhindern. Funktioniert hat dies allerdings eher weniger. Ein kleiner R\u00fcckblick: Nach dem Eklat um das mittlerweile bekannte Video aus Sylt, in dem feiernde junge Menschen zu [&hellip;]","og_url":"https:\/\/now-news.de\/de\/deutschland\/hat-ja-hervorragend-geklappt-scholz-wollte-ausbreitung-von-doep-doedoe-doep-verhindern\/","og_site_name":"just-now.NEWS Deutschland","article_publisher":"https:\/\/www.facebook.com\/wirmachenauf","article_published_time":"2024-05-30T18:25:20+00:00","og_image":[{"url":"https:\/\/now-news.de\/de\/wp-content\/uploads\/sites\/3\/2024\/05\/6658ac1cb480cc18cd266cf9.jpg"}],"author":"rtnews","twitter_card":"summary_large_image","twitter_creator":"@WirMachenAuf_de","twitter_site":"@WirMachenAuf_de","twitter_misc":{"Verfasst von":"rtnews","Gesch\u00e4tzte Lesezeit":"3\u00a0Minuten"},"schema":{"@context":"https:\/\/schema.org","@graph":[{"@type":"Article","@id":"https:\/\/now-news.de\/de\/deutschland\/hat-ja-hervorragend-geklappt-scholz-wollte-ausbreitung-von-doep-doedoe-doep-verhindern\/#article","isPartOf":{"@id":"https:\/\/now-news.de\/de\/deutschland\/hat-ja-hervorragend-geklappt-scholz-wollte-ausbreitung-von-doep-doedoe-doep-verhindern\/"},"author":{"name":"rtnews","@id":"https:\/\/now-news.de\/de\/#\/schema\/person\/fb534a4e865501d8b3285208df34a9b5"},"headline":"Hat ja hervorragend geklappt: Scholz wollte Ausbreitung von &quot;D\u00f6p d\u00f6d\u00f6 d\u00f6p&quot; verhindern","datePublished":"2024-05-30T18:25:20+00:00","dateModified":"2024-05-30T18:25:20+00:00","mainEntityOfPage":{"@id":"https:\/\/now-news.de\/de\/deutschland\/hat-ja-hervorragend-geklappt-scholz-wollte-ausbreitung-von-doep-doedoe-doep-verhindern\/"},"wordCount":548,"commentCount":0,"publisher":{"@id":"https:\/\/now-news.de\/de\/#organization"},"image":{"@id":"https:\/\/now-news.de\/de\/deutschland\/hat-ja-hervorragend-geklappt-scholz-wollte-ausbreitung-von-doep-doedoe-doep-verhindern\/#primaryimage"},"thumbnailUrl":"https:\/\/now-news.de\/de\/wp-content\/uploads\/sites\/3\/2024\/05\/Hat-ja-hervorragend-geklappt-Scholz-wollte-Ausbreitung-von-quotDoep-doedoe.jpg","keywords":["Ausbreitung","d\u00f6d\u00f6","d\u00f6pquot","geklappt","hat","hervorragend","quotD\u00f6p","Scholz","verhindern","von","wollte"],"articleSection":["Deutschland","Russland"],"inLanguage":"de","potentialAction":[{"@type":"CommentAction","name":"Comment","target":["https:\/\/now-news.de\/de\/deutschland\/hat-ja-hervorragend-geklappt-scholz-wollte-ausbreitung-von-doep-doedoe-doep-verhindern\/#respond"]}]},{"@type":"WebPage","@id":"https:\/\/now-news.de\/de\/deutschland\/hat-ja-hervorragend-geklappt-scholz-wollte-ausbreitung-von-doep-doedoe-doep-verhindern\/","url":"https:\/\/now-news.de\/de\/deutschland\/hat-ja-hervorragend-geklappt-scholz-wollte-ausbreitung-von-doep-doedoe-doep-verhindern\/","name":"Hat ja hervorragend geklappt: Scholz wollte Ausbreitung von &quot;D\u00f6p d\u00f6d\u00f6 d\u00f6p&quot; verhindern - just-now.NEWS Deutschland","isPartOf":{"@id":"https:\/\/now-news.de\/de\/#website"},"primaryImageOfPage":{"@id":"https:\/\/now-news.de\/de\/deutschland\/hat-ja-hervorragend-geklappt-scholz-wollte-ausbreitung-von-doep-doedoe-doep-verhindern\/#primaryimage"},"image":{"@id":"https:\/\/now-news.de\/de\/deutschland\/hat-ja-hervorragend-geklappt-scholz-wollte-ausbreitung-von-doep-doedoe-doep-verhindern\/#primaryimage"},"thumbnailUrl":"https:\/\/now-news.de\/de\/wp-content\/uploads\/sites\/3\/2024\/05\/Hat-ja-hervorragend-geklappt-Scholz-wollte-Ausbreitung-von-quotDoep-doedoe.jpg","datePublished":"2024-05-30T18:25:20+00:00","dateModified":"2024-05-30T18:25:20+00:00","breadcrumb":{"@id":"https:\/\/now-news.de\/de\/deutschland\/hat-ja-hervorragend-geklappt-scholz-wollte-ausbreitung-von-doep-doedoe-doep-verhindern\/#breadcrumb"},"inLanguage":"de","potentialAction":[{"@type":"ReadAction","target":["https:\/\/now-news.de\/de\/deutschland\/hat-ja-hervorragend-geklappt-scholz-wollte-ausbreitung-von-doep-doedoe-doep-verhindern\/"]}]},{"@type":"ImageObject","inLanguage":"de","@id":"https:\/\/now-news.de\/de\/deutschland\/hat-ja-hervorragend-geklappt-scholz-wollte-ausbreitung-von-doep-doedoe-doep-verhindern\/#primaryimage","url":"https:\/\/now-news.de\/de\/wp-content\/uploads\/sites\/3\/2024\/05\/Hat-ja-hervorragend-geklappt-Scholz-wollte-Ausbreitung-von-quotDoep-doedoe.jpg","contentUrl":"https:\/\/now-news.de\/de\/wp-content\/uploads\/sites\/3\/2024\/05\/Hat-ja-hervorragend-geklappt-Scholz-wollte-Ausbreitung-von-quotDoep-doedoe.jpg","width":460,"height":259,"caption":"Hat ja hervorragend geklappt: Scholz wollte Ausbreitung von &quot;D\u00f6p d\u00f6d\u00f6 d\u00f6p&quot; verhindern"},{"@type":"BreadcrumbList","@id":"https:\/\/now-news.de\/de\/deutschland\/hat-ja-hervorragend-geklappt-scholz-wollte-ausbreitung-von-doep-doedoe-doep-verhindern\/#breadcrumb","itemListElement":[{"@type":"ListItem","position":1,"name":"Home","item":"https:\/\/now-news.de\/de\/"},{"@type":"ListItem","position":2,"name":"Hat ja hervorragend geklappt: Scholz wollte Ausbreitung von &quot;D\u00f6p d\u00f6d\u00f6 d\u00f6p&quot; verhindern"}]},{"@type":"WebSite","@id":"https:\/\/now-news.de\/de\/#website","url":"https:\/\/now-news.de\/de\/","name":"just-now.NEWS Deutschland","description":"Das Portal f\u00fcr unzensierte Nachrichten aus der Welt","publisher":{"@id":"https:\/\/now-news.de\/de\/#organization"},"potentialAction":[{"@type":"SearchAction","target":{"@type":"EntryPoint","urlTemplate":"https:\/\/now-news.de\/de\/?s={search_term_string}"},"query-input":"required name=search_term_string"}],"inLanguage":"de"},{"@type":"Organization","@id":"https:\/\/now-news.de\/de\/#organization","name":"Just Now News","url":"https:\/\/now-news.de\/de\/","logo":{"@type":"ImageObject","inLanguage":"de","@id":"https:\/\/now-news.de\/de\/#\/schema\/logo\/image\/","url":"http:\/\/just-now.news\/de\/wp-content\/uploads\/sites\/3\/2022\/04\/logo500x500.jpg","contentUrl":"http:\/\/just-now.news\/de\/wp-content\/uploads\/sites\/3\/2022\/04\/logo500x500.jpg","width":500,"height":500,"caption":"Just Now News"},"image":{"@id":"https:\/\/now-news.de\/de\/#\/schema\/logo\/image\/"},"sameAs":["https:\/\/www.facebook.com\/wirmachenauf","https:\/\/x.com\/WirMachenAuf_de"]},{"@type":"Person","@id":"https:\/\/now-news.de\/de\/#\/schema\/person\/fb534a4e865501d8b3285208df34a9b5","name":"rtnews","image":{"@type":"ImageObject","inLanguage":"de","@id":"https:\/\/now-news.de\/de\/#\/schema\/person\/image\/","url":"https:\/\/secure.gravatar.com\/avatar\/82aafea7d8127119dd649515f56e2117?s=96&d=mm&r=g","contentUrl":"https:\/\/secure.gravatar.com\/avatar\/82aafea7d8127119dd649515f56e2117?s=96&d=mm&r=g","caption":"rtnews"},"url":"https:\/\/now-news.de\/de\/author\/rnews\/"}]}},"_links":{"self":[{"href":"https:\/\/now-news.de\/de\/wp-json\/wp\/v2\/posts\/59198"}],"collection":[{"href":"https:\/\/now-news.de\/de\/wp-json\/wp\/v2\/posts"}],"about":[{"href":"https:\/\/now-news.de\/de\/wp-json\/wp\/v2\/types\/post"}],"author":[{"embeddable":true,"href":"https:\/\/now-news.de\/de\/wp-json\/wp\/v2\/users\/3"}],"replies":[{"embeddable":true,"href":"https:\/\/now-news.de\/de\/wp-json\/wp\/v2\/comments?post=59198"}],"version-history":[{"count":0,"href":"https:\/\/now-news.de\/de\/wp-json\/wp\/v2\/posts\/59198\/revisions"}],"wp:featuredmedia":[{"embeddable":true,"href":"https:\/\/now-news.de\/de\/wp-json\/wp\/v2\/media\/59199"}],"wp:attachment":[{"href":"https:\/\/now-news.de\/de\/wp-json\/wp\/v2\/media?parent=59198"}],"wp:term":[{"taxonomy":"category","embeddable":true,"href":"https:\/\/now-news.de\/de\/wp-json\/wp\/v2\/categories?post=59198"},{"taxonomy":"post_tag","embeddable":true,"href":"https:\/\/now-news.de\/de\/wp-json\/wp\/v2\/tags?post=59198"}],"curies":[{"name":"wp","href":"https:\/\/api.w.org\/{rel}","templated":true}]}}