{"id":59112,"date":"2024-05-29T20:41:25","date_gmt":"2024-05-29T18:41:25","guid":{"rendered":"https:\/\/now-news.de\/de\/deutschland\/politico-eu-mit-geheimen-plaenen-fuer-beitrittsverhandlungen-mit-der-ukraine\/"},"modified":"2024-05-29T20:41:25","modified_gmt":"2024-05-29T18:41:25","slug":"politico-eu-mit-geheimen-plaenen-fuer-beitrittsverhandlungen-mit-der-ukraine","status":"publish","type":"post","link":"https:\/\/now-news.de\/de\/deutschland\/politico-eu-mit-geheimen-plaenen-fuer-beitrittsverhandlungen-mit-der-ukraine\/","title":{"rendered":"Politico: EU mit geheimen Pl\u00e4nen f\u00fcr Beitrittsverhandlungen mit der Ukraine"},"content":{"rendered":"<p><img decoding=\"async\" src=\"https:\/\/now-news.de\/de\/wp-content\/uploads\/sites\/3\/2024\/05\/66576bb3b480cc116c625246.jpg\" \/><\/p>\n<div class=\"Text-root Text-type_1 \">\n                Die Nachrichten- und Analyse-Website Politico berichtet, dass die EU beabsichtigt, bereits am 25. Juni offizielle Verhandlungen \u00fcber den Beitritt der Ukraine und Moldawiens zur EU aufzunehmen. Diese Information wurde den Journalisten von Politico von f\u00fcnf hochrangigen europ\u00e4ischen Diplomaten best\u00e4tigt, die anonym bleiben wollten.\n            <\/div>\n<p><\/p>\n<div class=\"Text-root Text-type_5 ArticleView-text ViewText-root \">\n<p>Der europ\u00e4ische Ableger der US-Nachrichtenplattform <em>Politico<\/em>\u00a0<a rel=\"nofollow noopener\" target=\"_blank\" href=\"https:\/\/www.politico.eu\/newsletter\/brussels-playbook\/orban-proofing-the-ukraine-accession-talks\/\">berichtet<\/a> unter Berufung auf &#8220;mit der Angelegenheit vertraute Personen&#8221;, dass die Europ\u00e4ische Union den Beginn von formellen Beitrittsverhandlungen mit der Ukraine f\u00fcr Ende Juni plant. Am heutigen Mittwoch haben sich Vertreter aller 27 EU-Mitgliedsl\u00e4nder in Br\u00fcssel zusammengefunden, um einen Entwurf der Kommission f\u00fcr ein Regelwerk zu er\u00f6rtern,\u00a0das den Verhandlungen \u00fcber den Unionsbeitritt der Ukraine und der Republik Moldau zugrunde gelegt werden soll.<\/p>\n<p>Dabei behauptet die Kommission \u00fcberraschend, dass die Ukraine ihre &#8220;Hausaufgaben&#8221; inzwischen weitgehend erledigt und Reformen, die als Vorbedingung f\u00fcr den Beginn des Beitrittsprozesses galten, eingeleitet habe. Dazu geh\u00f6ren angeblich auch Reformen zum Schutz ethnischer und sprachlicher Minderheiten, wie von der Venedig-Kommission empfohlen. Das verwundert angesichts der bekannten Lage in der Ukraine, wo Unterricht in den Sprachen der Minderheiten, ob russisch, ungarisch oder rum\u00e4nisch, weitgehend abgeschafft ist. Zudem hat Kiew erst vor Kurzem offiziell einger\u00e4umt, Menschen- und B\u00fcrgerrechte au\u00dfer Kraft gesetzt zu haben.\u00a0<\/p>\n<p>Hinter den Kulissen, so der Bericht, arbeiten Diplomaten der EU und Kiews intensiv daran, die ungarische Regierung davon zu \u00fcberzeugen, der Aufnahme von Gespr\u00e4chen \u00fcber den Beitritt der Ukraine zuzustimmen. F\u00fcnf Diplomaten, die unter der Bedingung der Anonymit\u00e4t <a rel=\"nofollow noopener\" target=\"_blank\" href=\"https:\/\/www.politico.eu\/article\/ukraine-eu-membership-talks-june-diplomacy-eu-accession-negotiations\/\">mit <em>Politico<\/em> sprachen<\/a>, sagten, das Ziel sei es, die formellen Verhandlungen bereits am 25. Juni zu beginnen.<\/p>\n<p>Dabei gehe es vor allem um die St\u00e4rkung der sinkenden Moral in Kiew, so der Bericht.\u00a0Die Staats- und Regierungschefs der EU haben dem ukrainischen Pr\u00e4sidenten Wladimir Selenskij, dessen Amtszeit inzwischen abgelaufen ist, ohne dass es zu Neuwahlen kam, im vergangenen Dezember mitgeteilt, dass sie die Ukraine und Moldawien in ihren Club aufnehmen wollen, wodurch die Zahl der Mitglieder auf 29 steigen k\u00f6nnte. Das formale rechtliche Verfahren zur Aufnahme von Beitrittsgespr\u00e4chen wurde jedoch durch den Widerstand Ungarns verz\u00f6gert.<\/p>\n<p>Nach Gespr\u00e4chen im April zwischen Andrei Jermak, dem m\u00e4chtigen Leiter des ukrainischen Pr\u00e4sidialamtes, und dem ungarischen Au\u00dfenminister P\u00e9ter Szijj\u00e1rt\u00f3 h\u00e4tten die Parteien &#8220;die positive Dynamik des Dialogs&#8221; festgestellt, hei\u00dft es in einer ukrainischen Zusammenfassung. Einem Diplomaten zufolge hat Kiew auf eine Liste von 11 Punkten geantwortet, die Budapest vorgelegt hat, und wartet nun auf die Antwort Ungarns.<\/p>\n<p>Ein EU-Diplomat spekulierte, dass Ungarn die ukrainischen Beitrittsgespr\u00e4che aus dem Weg r\u00e4umen wolle, bevor es im Juli die sechsmonatige rotierende EU-Ratspr\u00e4sidentschaft \u00fcbernehme. Es habe auch die \u00dcberlegung gegeben, dies nicht vor den Wahlen zum Europ\u00e4ischen Parlament am 9. Juni zu tun, weil es zu einem Wahlkampfthema werden k\u00f6nnte, sagte der EU-Diplomat und gab damit die Stimmung vieler Beamter in Br\u00fcssel wieder.<\/p>\n<p>In Russland werden die <em>Politico<\/em>-Berichte mit einer leichten Ironie zur Kenntnis genommen. Die <em>Komsomolskaja Prawda<\/em>\u00a0(<em>KP<\/em>) weist in ihrem <a rel=\"nofollow noopener\" target=\"_blank\" href=\"https:\/\/www.kp.ru\/daily\/27612\/4938495\/\">Leitartikel zu diesem Thema<\/a> am Mittwoch darauf hin, dass die europ\u00e4ischen Politiker und Parteien das Thema des EU-Beitritts der Ukraine am Vorabend der Wahlen zum Europ\u00e4ischen Parlament zu einem der Hauptthemen in ihren Wahlprogrammen h\u00e4tten machen k\u00f6nnen. Und stellt fest:<\/p>\n<blockquote>\n<p><em>&#8220;Aber sie haben es nicht getan. Und warum nicht? Vielleicht, weil die Apologeten von Selenskijs Regime in Europa an Popularit\u00e4t verloren haben und die Europ\u00e4er zunehmend zu berechnen beginnen, wie viel die Ukraine sie gekostet hat und wie sehr ihre Brieftaschen und Bankkonten dadurch geschrumpft sind.&#8221;<\/em><\/p>\n<\/blockquote>\n<p>Allein Deutschland habe nach neuesten Berechnungen durch seine indirekte Beteiligung am Konflikt in der Ukraine 550 Milliarden Euro verloren, erinnert die <em>KP<\/em>. Was da noch zum &#8220;perfekten Gl\u00fcck&#8221; fehlt, ist die direkte Beteiligung am Ukraine-Konflikt, zu der die in der eigenen Regierung befindlichen &#8220;Falken&#8221; Scholz bewegen wollen.<\/p>\n<p><strong>Mehr zum Thema<\/strong>\u00a0\u2012\u00a0<a rel=\"nofollow noopener\" target=\"_blank\" href=\"https:\/\/freedert.online\/meinung\/207475-beginnen-am-25-juni-beitrittsverhandlungen\/\">Beginnt die EU am 25. Juni Beitrittsverhandlungen mit der Ukraine?<\/a><\/p>\n<\/p>\n<\/div>\n<p><br \/>\n<br \/><a href=\"https:\/\/de.rt.com\/europa\/207505-politico-eu-mit-geheimen-plaenen-zu-beitrittsverhandlungen\/\">Source link <\/a><\/p>\n","protected":false},"excerpt":{"rendered":"<p>Die Nachrichten- und Analyse-Website Politico berichtet, dass die EU beabsichtigt, bereits am 25. Juni offizielle Verhandlungen \u00fcber den Beitritt der Ukraine und Moldawiens zur EU aufzunehmen. Diese Information wurde den Journalisten von Politico von f\u00fcnf hochrangigen europ\u00e4ischen Diplomaten best\u00e4tigt, die anonym bleiben wollten. Der europ\u00e4ische Ableger der US-Nachrichtenplattform Politico\u00a0berichtet unter Berufung auf &#8220;mit der Angelegenheit [&hellip;]<\/p>\n","protected":false},"author":3,"featured_media":59113,"comment_status":"open","ping_status":"open","sticky":false,"template":"","format":"standard","meta":{"_yoast_indexnow_last_ping":["1717008753"],"wp_automatic_camp":["217"],"1f588675b42606c653e46f2db8e4168d":["Politico: EU mit geheimen Pl\u00e4nen f\u00fcr Beitrittsverhandlungen mit der Ukraine"],"original_link":["https:\/\/de.rt.com\/europa\/207505-politico-eu-mit-geheimen-plaenen-zu-beitrittsverhandlungen\/"],"_thumbnail_id":["59113"],"_wptgpro_p2tg_sent2tg":["a:1:{i:23737;s:19:\"2024-05-29 21:03:38\";}"],"jnews_social_counter_last_update":["1777651039"]},"categories":[19,23],"tags":[50444,82,221,22469,419,17975,4394,127],"yoast_head":"<!-- This site is optimized with the Yoast SEO Premium plugin v22.7 (Yoast SEO v22.7) - https:\/\/yoast.com\/wordpress\/plugins\/seo\/ -->\n<title>Politico: EU mit geheimen Pl\u00e4nen f\u00fcr Beitrittsverhandlungen mit der Ukraine - just-now.NEWS Deutschland<\/title>\n<meta name=\"robots\" content=\"index, follow, max-snippet:-1, max-image-preview:large, max-video-preview:-1\" \/>\n<link rel=\"canonical\" href=\"https:\/\/now-news.de\/de\/deutschland\/politico-eu-mit-geheimen-plaenen-fuer-beitrittsverhandlungen-mit-der-ukraine\/\" \/>\n<meta property=\"og:locale\" content=\"de_DE\" \/>\n<meta property=\"og:type\" content=\"article\" \/>\n<meta property=\"og:title\" content=\"Politico: EU mit geheimen Pl\u00e4nen f\u00fcr Beitrittsverhandlungen mit der Ukraine\" \/>\n<meta property=\"og:description\" content=\"Die Nachrichten- und Analyse-Website Politico berichtet, dass die EU beabsichtigt, bereits am 25. Juni offizielle Verhandlungen \u00fcber den Beitritt der Ukraine und Moldawiens zur EU aufzunehmen. Diese Information wurde den Journalisten von Politico von f\u00fcnf hochrangigen europ\u00e4ischen Diplomaten best\u00e4tigt, die anonym bleiben wollten. Der europ\u00e4ische Ableger der US-Nachrichtenplattform Politico\u00a0berichtet unter Berufung auf &#8220;mit der Angelegenheit [&hellip;]\" \/>\n<meta property=\"og:url\" content=\"https:\/\/now-news.de\/de\/deutschland\/politico-eu-mit-geheimen-plaenen-fuer-beitrittsverhandlungen-mit-der-ukraine\/\" \/>\n<meta property=\"og:site_name\" content=\"just-now.NEWS Deutschland\" \/>\n<meta property=\"article:publisher\" content=\"https:\/\/www.facebook.com\/wirmachenauf\" \/>\n<meta property=\"article:published_time\" content=\"2024-05-29T18:41:25+00:00\" \/>\n<meta property=\"og:image\" content=\"https:\/\/now-news.de\/de\/wp-content\/uploads\/sites\/3\/2024\/05\/66576bb3b480cc116c625246.jpg\" \/>\n<meta name=\"author\" content=\"rtnews\" \/>\n<meta name=\"twitter:card\" content=\"summary_large_image\" \/>\n<meta name=\"twitter:creator\" content=\"@WirMachenAuf_de\" \/>\n<meta name=\"twitter:site\" content=\"@WirMachenAuf_de\" \/>\n<meta name=\"twitter:label1\" content=\"Verfasst von\" \/>\n\t<meta name=\"twitter:data1\" content=\"rtnews\" \/>\n\t<meta name=\"twitter:label2\" content=\"Gesch\u00e4tzte Lesezeit\" \/>\n\t<meta name=\"twitter:data2\" content=\"3\u00a0Minuten\" \/>\n<script type=\"application\/ld+json\" class=\"yoast-schema-graph\">{\"@context\":\"https:\/\/schema.org\",\"@graph\":[{\"@type\":\"Article\",\"@id\":\"https:\/\/now-news.de\/de\/deutschland\/politico-eu-mit-geheimen-plaenen-fuer-beitrittsverhandlungen-mit-der-ukraine\/#article\",\"isPartOf\":{\"@id\":\"https:\/\/now-news.de\/de\/deutschland\/politico-eu-mit-geheimen-plaenen-fuer-beitrittsverhandlungen-mit-der-ukraine\/\"},\"author\":{\"name\":\"rtnews\",\"@id\":\"https:\/\/now-news.de\/de\/#\/schema\/person\/fb534a4e865501d8b3285208df34a9b5\"},\"headline\":\"Politico: EU mit geheimen Pl\u00e4nen f\u00fcr Beitrittsverhandlungen mit der Ukraine\",\"datePublished\":\"2024-05-29T18:41:25+00:00\",\"dateModified\":\"2024-05-29T18:41:25+00:00\",\"mainEntityOfPage\":{\"@id\":\"https:\/\/now-news.de\/de\/deutschland\/politico-eu-mit-geheimen-plaenen-fuer-beitrittsverhandlungen-mit-der-ukraine\/\"},\"wordCount\":662,\"commentCount\":0,\"publisher\":{\"@id\":\"https:\/\/now-news.de\/de\/#organization\"},\"image\":{\"@id\":\"https:\/\/now-news.de\/de\/deutschland\/politico-eu-mit-geheimen-plaenen-fuer-beitrittsverhandlungen-mit-der-ukraine\/#primaryimage\"},\"thumbnailUrl\":\"https:\/\/now-news.de\/de\/wp-content\/uploads\/sites\/3\/2024\/05\/Politico-EU-mit-geheimen-Plaenen-fuer-Beitrittsverhandlungen-mit-der-Ukraine.jpg\",\"keywords\":[\"Beitrittsverhandlungen\",\"der\",\"f\u00fcr\",\"geheimen\",\"mit\",\"planen\",\"Politico\",\"ukraine\"],\"articleSection\":[\"Deutschland\",\"Russland\"],\"inLanguage\":\"de\",\"potentialAction\":[{\"@type\":\"CommentAction\",\"name\":\"Comment\",\"target\":[\"https:\/\/now-news.de\/de\/deutschland\/politico-eu-mit-geheimen-plaenen-fuer-beitrittsverhandlungen-mit-der-ukraine\/#respond\"]}]},{\"@type\":\"WebPage\",\"@id\":\"https:\/\/now-news.de\/de\/deutschland\/politico-eu-mit-geheimen-plaenen-fuer-beitrittsverhandlungen-mit-der-ukraine\/\",\"url\":\"https:\/\/now-news.de\/de\/deutschland\/politico-eu-mit-geheimen-plaenen-fuer-beitrittsverhandlungen-mit-der-ukraine\/\",\"name\":\"Politico: EU mit geheimen Pl\u00e4nen f\u00fcr Beitrittsverhandlungen mit der Ukraine - just-now.NEWS Deutschland\",\"isPartOf\":{\"@id\":\"https:\/\/now-news.de\/de\/#website\"},\"primaryImageOfPage\":{\"@id\":\"https:\/\/now-news.de\/de\/deutschland\/politico-eu-mit-geheimen-plaenen-fuer-beitrittsverhandlungen-mit-der-ukraine\/#primaryimage\"},\"image\":{\"@id\":\"https:\/\/now-news.de\/de\/deutschland\/politico-eu-mit-geheimen-plaenen-fuer-beitrittsverhandlungen-mit-der-ukraine\/#primaryimage\"},\"thumbnailUrl\":\"https:\/\/now-news.de\/de\/wp-content\/uploads\/sites\/3\/2024\/05\/Politico-EU-mit-geheimen-Plaenen-fuer-Beitrittsverhandlungen-mit-der-Ukraine.jpg\",\"datePublished\":\"2024-05-29T18:41:25+00:00\",\"dateModified\":\"2024-05-29T18:41:25+00:00\",\"breadcrumb\":{\"@id\":\"https:\/\/now-news.de\/de\/deutschland\/politico-eu-mit-geheimen-plaenen-fuer-beitrittsverhandlungen-mit-der-ukraine\/#breadcrumb\"},\"inLanguage\":\"de\",\"potentialAction\":[{\"@type\":\"ReadAction\",\"target\":[\"https:\/\/now-news.de\/de\/deutschland\/politico-eu-mit-geheimen-plaenen-fuer-beitrittsverhandlungen-mit-der-ukraine\/\"]}]},{\"@type\":\"ImageObject\",\"inLanguage\":\"de\",\"@id\":\"https:\/\/now-news.de\/de\/deutschland\/politico-eu-mit-geheimen-plaenen-fuer-beitrittsverhandlungen-mit-der-ukraine\/#primaryimage\",\"url\":\"https:\/\/now-news.de\/de\/wp-content\/uploads\/sites\/3\/2024\/05\/Politico-EU-mit-geheimen-Plaenen-fuer-Beitrittsverhandlungen-mit-der-Ukraine.jpg\",\"contentUrl\":\"https:\/\/now-news.de\/de\/wp-content\/uploads\/sites\/3\/2024\/05\/Politico-EU-mit-geheimen-Plaenen-fuer-Beitrittsverhandlungen-mit-der-Ukraine.jpg\",\"width\":460,\"height\":259,\"caption\":\"Politico: EU mit geheimen Pl\u00e4nen f\u00fcr Beitrittsverhandlungen mit der Ukraine\"},{\"@type\":\"BreadcrumbList\",\"@id\":\"https:\/\/now-news.de\/de\/deutschland\/politico-eu-mit-geheimen-plaenen-fuer-beitrittsverhandlungen-mit-der-ukraine\/#breadcrumb\",\"itemListElement\":[{\"@type\":\"ListItem\",\"position\":1,\"name\":\"Home\",\"item\":\"https:\/\/now-news.de\/de\/\"},{\"@type\":\"ListItem\",\"position\":2,\"name\":\"Politico: EU mit geheimen Pl\u00e4nen f\u00fcr Beitrittsverhandlungen mit der Ukraine\"}]},{\"@type\":\"WebSite\",\"@id\":\"https:\/\/now-news.de\/de\/#website\",\"url\":\"https:\/\/now-news.de\/de\/\",\"name\":\"just-now.NEWS Deutschland\",\"description\":\"Das Portal f\u00fcr unzensierte Nachrichten aus der Welt\",\"publisher\":{\"@id\":\"https:\/\/now-news.de\/de\/#organization\"},\"potentialAction\":[{\"@type\":\"SearchAction\",\"target\":{\"@type\":\"EntryPoint\",\"urlTemplate\":\"https:\/\/now-news.de\/de\/?s={search_term_string}\"},\"query-input\":\"required name=search_term_string\"}],\"inLanguage\":\"de\"},{\"@type\":\"Organization\",\"@id\":\"https:\/\/now-news.de\/de\/#organization\",\"name\":\"Just Now News\",\"url\":\"https:\/\/now-news.de\/de\/\",\"logo\":{\"@type\":\"ImageObject\",\"inLanguage\":\"de\",\"@id\":\"https:\/\/now-news.de\/de\/#\/schema\/logo\/image\/\",\"url\":\"http:\/\/just-now.news\/de\/wp-content\/uploads\/sites\/3\/2022\/04\/logo500x500.jpg\",\"contentUrl\":\"http:\/\/just-now.news\/de\/wp-content\/uploads\/sites\/3\/2022\/04\/logo500x500.jpg\",\"width\":500,\"height\":500,\"caption\":\"Just Now News\"},\"image\":{\"@id\":\"https:\/\/now-news.de\/de\/#\/schema\/logo\/image\/\"},\"sameAs\":[\"https:\/\/www.facebook.com\/wirmachenauf\",\"https:\/\/x.com\/WirMachenAuf_de\"]},{\"@type\":\"Person\",\"@id\":\"https:\/\/now-news.de\/de\/#\/schema\/person\/fb534a4e865501d8b3285208df34a9b5\",\"name\":\"rtnews\",\"image\":{\"@type\":\"ImageObject\",\"inLanguage\":\"de\",\"@id\":\"https:\/\/now-news.de\/de\/#\/schema\/person\/image\/\",\"url\":\"https:\/\/secure.gravatar.com\/avatar\/82aafea7d8127119dd649515f56e2117?s=96&d=mm&r=g\",\"contentUrl\":\"https:\/\/secure.gravatar.com\/avatar\/82aafea7d8127119dd649515f56e2117?s=96&d=mm&r=g\",\"caption\":\"rtnews\"},\"url\":\"https:\/\/now-news.de\/de\/author\/rnews\/\"}]}<\/script>\n<!-- \/ Yoast SEO Premium plugin. -->","yoast_head_json":{"title":"Politico: EU mit geheimen Pl\u00e4nen f\u00fcr Beitrittsverhandlungen mit der Ukraine - just-now.NEWS Deutschland","robots":{"index":"index","follow":"follow","max-snippet":"max-snippet:-1","max-image-preview":"max-image-preview:large","max-video-preview":"max-video-preview:-1"},"canonical":"https:\/\/now-news.de\/de\/deutschland\/politico-eu-mit-geheimen-plaenen-fuer-beitrittsverhandlungen-mit-der-ukraine\/","og_locale":"de_DE","og_type":"article","og_title":"Politico: EU mit geheimen Pl\u00e4nen f\u00fcr Beitrittsverhandlungen mit der Ukraine","og_description":"Die Nachrichten- und Analyse-Website Politico berichtet, dass die EU beabsichtigt, bereits am 25. Juni offizielle Verhandlungen \u00fcber den Beitritt der Ukraine und Moldawiens zur EU aufzunehmen. Diese Information wurde den Journalisten von Politico von f\u00fcnf hochrangigen europ\u00e4ischen Diplomaten best\u00e4tigt, die anonym bleiben wollten. Der europ\u00e4ische Ableger der US-Nachrichtenplattform Politico\u00a0berichtet unter Berufung auf &#8220;mit der Angelegenheit [&hellip;]","og_url":"https:\/\/now-news.de\/de\/deutschland\/politico-eu-mit-geheimen-plaenen-fuer-beitrittsverhandlungen-mit-der-ukraine\/","og_site_name":"just-now.NEWS Deutschland","article_publisher":"https:\/\/www.facebook.com\/wirmachenauf","article_published_time":"2024-05-29T18:41:25+00:00","og_image":[{"url":"https:\/\/now-news.de\/de\/wp-content\/uploads\/sites\/3\/2024\/05\/66576bb3b480cc116c625246.jpg"}],"author":"rtnews","twitter_card":"summary_large_image","twitter_creator":"@WirMachenAuf_de","twitter_site":"@WirMachenAuf_de","twitter_misc":{"Verfasst von":"rtnews","Gesch\u00e4tzte Lesezeit":"3\u00a0Minuten"},"schema":{"@context":"https:\/\/schema.org","@graph":[{"@type":"Article","@id":"https:\/\/now-news.de\/de\/deutschland\/politico-eu-mit-geheimen-plaenen-fuer-beitrittsverhandlungen-mit-der-ukraine\/#article","isPartOf":{"@id":"https:\/\/now-news.de\/de\/deutschland\/politico-eu-mit-geheimen-plaenen-fuer-beitrittsverhandlungen-mit-der-ukraine\/"},"author":{"name":"rtnews","@id":"https:\/\/now-news.de\/de\/#\/schema\/person\/fb534a4e865501d8b3285208df34a9b5"},"headline":"Politico: EU mit geheimen Pl\u00e4nen f\u00fcr Beitrittsverhandlungen mit der Ukraine","datePublished":"2024-05-29T18:41:25+00:00","dateModified":"2024-05-29T18:41:25+00:00","mainEntityOfPage":{"@id":"https:\/\/now-news.de\/de\/deutschland\/politico-eu-mit-geheimen-plaenen-fuer-beitrittsverhandlungen-mit-der-ukraine\/"},"wordCount":662,"commentCount":0,"publisher":{"@id":"https:\/\/now-news.de\/de\/#organization"},"image":{"@id":"https:\/\/now-news.de\/de\/deutschland\/politico-eu-mit-geheimen-plaenen-fuer-beitrittsverhandlungen-mit-der-ukraine\/#primaryimage"},"thumbnailUrl":"https:\/\/now-news.de\/de\/wp-content\/uploads\/sites\/3\/2024\/05\/Politico-EU-mit-geheimen-Plaenen-fuer-Beitrittsverhandlungen-mit-der-Ukraine.jpg","keywords":["Beitrittsverhandlungen","der","f\u00fcr","geheimen","mit","planen","Politico","ukraine"],"articleSection":["Deutschland","Russland"],"inLanguage":"de","potentialAction":[{"@type":"CommentAction","name":"Comment","target":["https:\/\/now-news.de\/de\/deutschland\/politico-eu-mit-geheimen-plaenen-fuer-beitrittsverhandlungen-mit-der-ukraine\/#respond"]}]},{"@type":"WebPage","@id":"https:\/\/now-news.de\/de\/deutschland\/politico-eu-mit-geheimen-plaenen-fuer-beitrittsverhandlungen-mit-der-ukraine\/","url":"https:\/\/now-news.de\/de\/deutschland\/politico-eu-mit-geheimen-plaenen-fuer-beitrittsverhandlungen-mit-der-ukraine\/","name":"Politico: EU mit geheimen Pl\u00e4nen f\u00fcr Beitrittsverhandlungen mit der Ukraine - just-now.NEWS Deutschland","isPartOf":{"@id":"https:\/\/now-news.de\/de\/#website"},"primaryImageOfPage":{"@id":"https:\/\/now-news.de\/de\/deutschland\/politico-eu-mit-geheimen-plaenen-fuer-beitrittsverhandlungen-mit-der-ukraine\/#primaryimage"},"image":{"@id":"https:\/\/now-news.de\/de\/deutschland\/politico-eu-mit-geheimen-plaenen-fuer-beitrittsverhandlungen-mit-der-ukraine\/#primaryimage"},"thumbnailUrl":"https:\/\/now-news.de\/de\/wp-content\/uploads\/sites\/3\/2024\/05\/Politico-EU-mit-geheimen-Plaenen-fuer-Beitrittsverhandlungen-mit-der-Ukraine.jpg","datePublished":"2024-05-29T18:41:25+00:00","dateModified":"2024-05-29T18:41:25+00:00","breadcrumb":{"@id":"https:\/\/now-news.de\/de\/deutschland\/politico-eu-mit-geheimen-plaenen-fuer-beitrittsverhandlungen-mit-der-ukraine\/#breadcrumb"},"inLanguage":"de","potentialAction":[{"@type":"ReadAction","target":["https:\/\/now-news.de\/de\/deutschland\/politico-eu-mit-geheimen-plaenen-fuer-beitrittsverhandlungen-mit-der-ukraine\/"]}]},{"@type":"ImageObject","inLanguage":"de","@id":"https:\/\/now-news.de\/de\/deutschland\/politico-eu-mit-geheimen-plaenen-fuer-beitrittsverhandlungen-mit-der-ukraine\/#primaryimage","url":"https:\/\/now-news.de\/de\/wp-content\/uploads\/sites\/3\/2024\/05\/Politico-EU-mit-geheimen-Plaenen-fuer-Beitrittsverhandlungen-mit-der-Ukraine.jpg","contentUrl":"https:\/\/now-news.de\/de\/wp-content\/uploads\/sites\/3\/2024\/05\/Politico-EU-mit-geheimen-Plaenen-fuer-Beitrittsverhandlungen-mit-der-Ukraine.jpg","width":460,"height":259,"caption":"Politico: EU mit geheimen Pl\u00e4nen f\u00fcr Beitrittsverhandlungen mit der Ukraine"},{"@type":"BreadcrumbList","@id":"https:\/\/now-news.de\/de\/deutschland\/politico-eu-mit-geheimen-plaenen-fuer-beitrittsverhandlungen-mit-der-ukraine\/#breadcrumb","itemListElement":[{"@type":"ListItem","position":1,"name":"Home","item":"https:\/\/now-news.de\/de\/"},{"@type":"ListItem","position":2,"name":"Politico: EU mit geheimen Pl\u00e4nen f\u00fcr Beitrittsverhandlungen mit der Ukraine"}]},{"@type":"WebSite","@id":"https:\/\/now-news.de\/de\/#website","url":"https:\/\/now-news.de\/de\/","name":"just-now.NEWS Deutschland","description":"Das Portal f\u00fcr unzensierte Nachrichten aus der Welt","publisher":{"@id":"https:\/\/now-news.de\/de\/#organization"},"potentialAction":[{"@type":"SearchAction","target":{"@type":"EntryPoint","urlTemplate":"https:\/\/now-news.de\/de\/?s={search_term_string}"},"query-input":"required name=search_term_string"}],"inLanguage":"de"},{"@type":"Organization","@id":"https:\/\/now-news.de\/de\/#organization","name":"Just Now News","url":"https:\/\/now-news.de\/de\/","logo":{"@type":"ImageObject","inLanguage":"de","@id":"https:\/\/now-news.de\/de\/#\/schema\/logo\/image\/","url":"http:\/\/just-now.news\/de\/wp-content\/uploads\/sites\/3\/2022\/04\/logo500x500.jpg","contentUrl":"http:\/\/just-now.news\/de\/wp-content\/uploads\/sites\/3\/2022\/04\/logo500x500.jpg","width":500,"height":500,"caption":"Just Now News"},"image":{"@id":"https:\/\/now-news.de\/de\/#\/schema\/logo\/image\/"},"sameAs":["https:\/\/www.facebook.com\/wirmachenauf","https:\/\/x.com\/WirMachenAuf_de"]},{"@type":"Person","@id":"https:\/\/now-news.de\/de\/#\/schema\/person\/fb534a4e865501d8b3285208df34a9b5","name":"rtnews","image":{"@type":"ImageObject","inLanguage":"de","@id":"https:\/\/now-news.de\/de\/#\/schema\/person\/image\/","url":"https:\/\/secure.gravatar.com\/avatar\/82aafea7d8127119dd649515f56e2117?s=96&d=mm&r=g","contentUrl":"https:\/\/secure.gravatar.com\/avatar\/82aafea7d8127119dd649515f56e2117?s=96&d=mm&r=g","caption":"rtnews"},"url":"https:\/\/now-news.de\/de\/author\/rnews\/"}]}},"_links":{"self":[{"href":"https:\/\/now-news.de\/de\/wp-json\/wp\/v2\/posts\/59112"}],"collection":[{"href":"https:\/\/now-news.de\/de\/wp-json\/wp\/v2\/posts"}],"about":[{"href":"https:\/\/now-news.de\/de\/wp-json\/wp\/v2\/types\/post"}],"author":[{"embeddable":true,"href":"https:\/\/now-news.de\/de\/wp-json\/wp\/v2\/users\/3"}],"replies":[{"embeddable":true,"href":"https:\/\/now-news.de\/de\/wp-json\/wp\/v2\/comments?post=59112"}],"version-history":[{"count":0,"href":"https:\/\/now-news.de\/de\/wp-json\/wp\/v2\/posts\/59112\/revisions"}],"wp:featuredmedia":[{"embeddable":true,"href":"https:\/\/now-news.de\/de\/wp-json\/wp\/v2\/media\/59113"}],"wp:attachment":[{"href":"https:\/\/now-news.de\/de\/wp-json\/wp\/v2\/media?parent=59112"}],"wp:term":[{"taxonomy":"category","embeddable":true,"href":"https:\/\/now-news.de\/de\/wp-json\/wp\/v2\/categories?post=59112"},{"taxonomy":"post_tag","embeddable":true,"href":"https:\/\/now-news.de\/de\/wp-json\/wp\/v2\/tags?post=59112"}],"curies":[{"name":"wp","href":"https:\/\/api.w.org\/{rel}","templated":true}]}}