{"id":59100,"date":"2024-05-29T18:16:57","date_gmt":"2024-05-29T16:16:57","guid":{"rendered":"https:\/\/now-news.de\/de\/deutschland\/beginnt-die-eu-am-25-juni-beitrittsverhandlungen-mit-der-ukraine\/"},"modified":"2024-05-29T18:16:57","modified_gmt":"2024-05-29T16:16:57","slug":"beginnt-die-eu-am-25-juni-beitrittsverhandlungen-mit-der-ukraine","status":"publish","type":"post","link":"https:\/\/now-news.de\/de\/deutschland\/beginnt-die-eu-am-25-juni-beitrittsverhandlungen-mit-der-ukraine\/","title":{"rendered":"Beginnt die EU am 25. Juni Beitrittsverhandlungen mit der Ukraine?"},"content":{"rendered":"<p><img decoding=\"async\" src=\"https:\/\/now-news.de\/de\/wp-content\/uploads\/sites\/3\/2024\/05\/66573f11b480cc116c6251f6.jpg\" \/><\/p>\n<div class=\"Text-root Text-type_1 \">\n                Die Europ\u00e4ische Union will angeblich Ernst machen und in weniger als einem Monat Beitrittsverhandlungen mit der Ukraine beginnen. Geht damit nun der Traum vom Kiewer Euromaidan in Erf\u00fcllung? Und was w\u00fcrde das bedeuten?\n            <\/div>\n<p><\/p>\n<div class=\"Text-root Text-type_5 ArticleView-text ViewText-root \">\n<p><em>Von Pawel Dulman<\/em><\/p>\n<p>Unter die Allt\u00e4glichkeiten, denen man endlos zusehen kann, hat sich neben brennendem Feuer und flie\u00dfendem Wasser seit Anfang dieses Jahrhunderts ein Streben der Ukraine in die EU gedr\u00e4ngt. Dieser Prozess ist selbstzerst\u00f6rerisch und kontraproduktiv wie eine Drogensucht. Aber nun zeichnet sich ein Termin ab: Am 24. Juni k\u00f6nnte in der EU die Entscheidung fallen, ob am 25. Juni Beitrittsverhandlungen mit der Ukraine beginnen. Was steckt hinter dieser Nachricht?<\/p>\n<p>W\u00e4hrend in Bezug auf den Wunsch der Ukraine, in die NATO aufgenommen zu werden, im Allgemeinen alles klar ist und der deutsche Bundeskanzler Olaf Scholz eine Perspektive f\u00fcr Kiew in fr\u00fchestens 30 Jahren skizzierte (was einer klaren Absage gleichkommt) liegt weiterhin das Zuckerbrot der &#8220;europ\u00e4ischen Integration&#8221; auf dem Tisch, mit dem die Eurob\u00fcrokraten den Ukrainern regelm\u00e4\u00dfig zuwinken. Besonders eifrig in diesem Punkt ist Ursula von der Leyen, der es zu verdanken ist, dass die EU Kiew vor sechs Monaten \u2013 und damit fast zehn Jahre nach der Unterzeichnung des Assoziierungsabkommens \u2013 versprochen hat, substantielle Beitrittsverhandlungen zu beginnen.<\/p>\n<p>Wie der europ\u00e4ische Ableger von <em>Politico<\/em> in den USA unter Berufung auf f\u00fcnf anonyme Diplomaten berichtet, k\u00f6nnten die direkten Verhandlungen bereits am 25. Juni auf einer insgeheim vorbereiteten Art von Regierungskonferenz beginnen. Geheim vorbereitet unter anderem mit Blick auf das widerspenstige Ungarn. Auch hat die Slowakin Katar\u00edna Mathernov\u00e1 als die Botschafterin der EU in der Ukraine die Bereitschaft f\u00fcr solche Gespr\u00e4che &#8220;Ende Juni&#8221; signalisiert.<\/p>\n<p>Es ist klar, warum die Konferenz nach den Wahlen zum Europ\u00e4ischen Parlament geplant wurde: Das Thema ist bei den &#8220;alten&#8221; Europ\u00e4ern nicht sehr beliebt, und die Soziologie zeigt, dass die Aufnahme der Ukraine in die EU die europ\u00e4ische Gesellschaft spaltet. Europ\u00e4ischen W\u00e4hler haben viele Fragen an ihre &#8220;F\u00fchrung&#8221; in Br\u00fcssel, zum Beispiel: Entspricht die moderne Ukraine europ\u00e4ischen Standards? Und zwar nicht nur in Bezug auf den Lebensstandard, sondern auch in Bezug auf die Demokratie.<\/p>\n<p>Aber es sind nicht einmal der Zustand der Wirtschaft und der unsichere Status der ukrainischen Geographie selbst, welche die Europ\u00e4er beunruhigen sollten. Tatsache ist, dass sich die heutige Ukraine unter dem Gesichtspunkt der f\u00fcr die EU &#8220;heiligen&#8221; Rechtsstaatlichkeit in ein europ\u00e4isches Somalia, um nicht zu sagen Haiti verwandelt hat. Und das sogar ganz offiziell:<\/p>\n<p>Vor einem Monat wurde der EU aus Kiew mitgeteilt, dass dort die Europ\u00e4ische Menschenrechtskonvention und der Internationale Pakt \u00fcber b\u00fcrgerliche und politische Rechte im Hoheitsgebiet der Ukraine au\u00dfer Kraft gesetzt wurden. Damit schr\u00e4nkte der &#8220;B\u00fcrger Selenskij&#8221; das Recht anderer Ukrainer auf die Unverletzlichkeit ihrer Wohnung, auf das Briefgeheimnis, auf die Nichteinmischung in das Privat- und Familienleben, auf die Freiz\u00fcgigkeit, auf die Gedankenfreiheit, auf die freie Meinungs\u00e4u\u00dferung und auf die Beteiligung an der Gestaltung der \u00f6ffentlichen Angelegenheiten ein. Auch die entsprechenden Artikel der ukrainischen Verfassung wurden au\u00dfer Kraft gesetzt.<\/p>\n<p>Zuvor hatte Selenskij den Ukrainern bereits das Recht entzogen, zu w\u00e4hlen und gew\u00e4hlt zu werden, ohne dass der Rat der Europ\u00e4ischen Union dar\u00fcber informiert wurde.<\/p>\n<p>Ob dieses Problem bei der k\u00fcnftigen Regierungskonferenz angesprochen wird, ist eher eine rhetorische Frage \u2013 nat\u00fcrlich nicht. Umso interessanter wird es sein zu sehen, wie die EU um einen De-facto-Sklavenhalterstaat mit einem selbsternannten Diktator an der Spitze &#8220;reicher&#8221; wird.<\/p>\n<p>Allerdings ist nicht sicher, ob Ursula von der Leyen ihren Posten behalten wird, aber so oder so bleibt es unvermeidlich, den &#8220;B\u00fcrger Selenskij&#8221; auf die eine oder andere Weise zu unterst\u00fctzen, solange diese Ehre von Washington, D.C. vor den US-Pr\u00e4sidentschaftswahlen an Br\u00fcssel delegiert wurde. Und da die EU keine M\u00f6glichkeit hat, Kiew mit noch mehr Finanzmitteln und noch mehr Waffen zu unterst\u00fctzen, bleibt nur diese Art der politischen Unterst\u00fctzung \u00fcbrig. Ein aktualisiertes und erweitertes Beitrittsprogramm mit Begriffen wie privilegiert, vorrangig, maximal, endg\u00fcltig und unwiderruflich haben die europ\u00e4ischen Beamten immer parat, um mit rhetorischen Techniken den Kampfgeist der Ukrainer zu unterst\u00fctzen.<\/p>\n<p>Jedoch ist der tats\u00e4chliche Beitritt der Ukraine etwas v\u00f6llig anderes \u2013 mit der Notwendigkeit, ihr einen angemessenen Anteil aus dem europ\u00e4ischen Finanzhaushalt zukommen zu lassen, sie also auf Kosten der &#8220;guten Europ\u00e4er&#8221; dauerhaft zu unterst\u00fctzen. Denn Kiew wird in absehbaren Zeiten nicht zu einem Geberland f\u00fcr den EU-Gesamthaushalt werden \u2013 ganz egal, wie viel die EU dort investiert. Dar\u00fcber hinaus gelten f\u00fcr die Ukraine einige grundlegende europ\u00e4ische Freiheiten, insbesondere im Hinblick auf die Freiz\u00fcgigkeit von Kapital und Arbeitskr\u00e4ften auf unheimliche Weise: Menschen und Kapital fliehen n\u00e4mlich von dort, und dieser Prozess hat bereits lange vor der milit\u00e4rischen Sonderoperation begonnen, er wurde sogar lange vor dem Staatsstreich des Jahres 2014 eingel\u00e4utet.<\/p>\n<p><em>\u00dcbersetzt aus dem <\/em><a rel=\"nofollow noopener\" target=\"_blank\" href=\"https:\/\/rg.ru\/2024\/05\/29\/mozhno-li-ozhidat-chto-uzhe-25-iiunia-nachnutsia-peregovory-o-chlenstve.html\"><em>Russischen<\/em><\/a><em> und zuerst auf rg.ru erschienen am 29. Mai 2024.<\/em><\/p>\n<p><strong>Mehr zum Thema<\/strong> &#8211; <a rel=\"nofollow noopener\" target=\"_blank\" href=\"https:\/\/freedert.online\/europa\/206476-bericht-bruessel-will-offizielle-verhandlungen\/\">Bericht: Br\u00fcssel will offizielle Verhandlungen \u00fcber Ukraine-Beitritt im Juni aufnehmen<\/a><\/p>\n<\/div>\n<p><br \/>\n<br \/><a href=\"https:\/\/de.rt.com\/meinung\/207475-beginnen-am-25-juni-beitrittsverhandlungen\/\">Source link <\/a><\/p>\n","protected":false},"excerpt":{"rendered":"<p>Die Europ\u00e4ische Union will angeblich Ernst machen und in weniger als einem Monat Beitrittsverhandlungen mit der Ukraine beginnen. Geht damit nun der Traum vom Kiewer Euromaidan in Erf\u00fcllung? Und was w\u00fcrde das bedeuten? Von Pawel Dulman Unter die Allt\u00e4glichkeiten, denen man endlos zusehen kann, hat sich neben brennendem Feuer und flie\u00dfendem Wasser seit Anfang dieses [&hellip;]<\/p>\n","protected":false},"author":3,"featured_media":59101,"comment_status":"open","ping_status":"open","sticky":false,"template":"","format":"standard","meta":{"_yoast_indexnow_last_ping":["1716999634"],"wp_automatic_camp":["217"],"975f1ce73b9bf8c58d8c65552b8eadc9":["Beginnt die EU am 25. Juni Beitrittsverhandlungen mit der Ukraine?"],"original_link":["https:\/\/de.rt.com\/meinung\/207475-beginnen-am-25-juni-beitrittsverhandlungen\/"],"_thumbnail_id":["59101"],"_wptgpro_p2tg_sent2tg":["a:1:{i:23737;s:19:\"2024-05-29 18:21:46\";}"],"jnews_social_counter_last_update":["1777616370"]},"categories":[19,23],"tags":[490,50444,82,45,7666,419,127],"yoast_head":"<!-- This site is optimized with the Yoast SEO Premium plugin v22.7 (Yoast SEO v22.7) - https:\/\/yoast.com\/wordpress\/plugins\/seo\/ -->\n<title>Beginnt die EU am 25. Juni Beitrittsverhandlungen mit der Ukraine? - just-now.NEWS Deutschland<\/title>\n<meta name=\"robots\" content=\"index, follow, max-snippet:-1, max-image-preview:large, max-video-preview:-1\" \/>\n<link rel=\"canonical\" href=\"https:\/\/now-news.de\/de\/deutschland\/beginnt-die-eu-am-25-juni-beitrittsverhandlungen-mit-der-ukraine\/\" \/>\n<meta property=\"og:locale\" content=\"de_DE\" \/>\n<meta property=\"og:type\" content=\"article\" \/>\n<meta property=\"og:title\" content=\"Beginnt die EU am 25. Juni Beitrittsverhandlungen mit der Ukraine?\" \/>\n<meta property=\"og:description\" content=\"Die Europ\u00e4ische Union will angeblich Ernst machen und in weniger als einem Monat Beitrittsverhandlungen mit der Ukraine beginnen. Geht damit nun der Traum vom Kiewer Euromaidan in Erf\u00fcllung? Und was w\u00fcrde das bedeuten? Von Pawel Dulman Unter die Allt\u00e4glichkeiten, denen man endlos zusehen kann, hat sich neben brennendem Feuer und flie\u00dfendem Wasser seit Anfang dieses [&hellip;]\" \/>\n<meta property=\"og:url\" content=\"https:\/\/now-news.de\/de\/deutschland\/beginnt-die-eu-am-25-juni-beitrittsverhandlungen-mit-der-ukraine\/\" \/>\n<meta property=\"og:site_name\" content=\"just-now.NEWS Deutschland\" \/>\n<meta property=\"article:publisher\" content=\"https:\/\/www.facebook.com\/wirmachenauf\" \/>\n<meta property=\"article:published_time\" content=\"2024-05-29T16:16:57+00:00\" \/>\n<meta property=\"og:image\" content=\"https:\/\/now-news.de\/de\/wp-content\/uploads\/sites\/3\/2024\/05\/66573f11b480cc116c6251f6.jpg\" \/>\n<meta name=\"author\" content=\"rtnews\" \/>\n<meta name=\"twitter:card\" content=\"summary_large_image\" \/>\n<meta name=\"twitter:creator\" content=\"@WirMachenAuf_de\" \/>\n<meta name=\"twitter:site\" content=\"@WirMachenAuf_de\" \/>\n<meta name=\"twitter:label1\" content=\"Verfasst von\" \/>\n\t<meta name=\"twitter:data1\" content=\"rtnews\" \/>\n\t<meta name=\"twitter:label2\" content=\"Gesch\u00e4tzte Lesezeit\" \/>\n\t<meta name=\"twitter:data2\" content=\"4\u00a0Minuten\" \/>\n<script type=\"application\/ld+json\" class=\"yoast-schema-graph\">{\"@context\":\"https:\/\/schema.org\",\"@graph\":[{\"@type\":\"Article\",\"@id\":\"https:\/\/now-news.de\/de\/deutschland\/beginnt-die-eu-am-25-juni-beitrittsverhandlungen-mit-der-ukraine\/#article\",\"isPartOf\":{\"@id\":\"https:\/\/now-news.de\/de\/deutschland\/beginnt-die-eu-am-25-juni-beitrittsverhandlungen-mit-der-ukraine\/\"},\"author\":{\"name\":\"rtnews\",\"@id\":\"https:\/\/now-news.de\/de\/#\/schema\/person\/fb534a4e865501d8b3285208df34a9b5\"},\"headline\":\"Beginnt die EU am 25. Juni Beitrittsverhandlungen mit der Ukraine?\",\"datePublished\":\"2024-05-29T16:16:57+00:00\",\"dateModified\":\"2024-05-29T16:16:57+00:00\",\"mainEntityOfPage\":{\"@id\":\"https:\/\/now-news.de\/de\/deutschland\/beginnt-die-eu-am-25-juni-beitrittsverhandlungen-mit-der-ukraine\/\"},\"wordCount\":855,\"commentCount\":0,\"publisher\":{\"@id\":\"https:\/\/now-news.de\/de\/#organization\"},\"image\":{\"@id\":\"https:\/\/now-news.de\/de\/deutschland\/beginnt-die-eu-am-25-juni-beitrittsverhandlungen-mit-der-ukraine\/#primaryimage\"},\"thumbnailUrl\":\"https:\/\/now-news.de\/de\/wp-content\/uploads\/sites\/3\/2024\/05\/Beginnt-die-EU-am-25-Juni-Beitrittsverhandlungen-mit-der-Ukraine.jpg\",\"keywords\":[\"beginnt\",\"Beitrittsverhandlungen\",\"der\",\"die\",\"Juni\",\"mit\",\"ukraine\"],\"articleSection\":[\"Deutschland\",\"Russland\"],\"inLanguage\":\"de\",\"potentialAction\":[{\"@type\":\"CommentAction\",\"name\":\"Comment\",\"target\":[\"https:\/\/now-news.de\/de\/deutschland\/beginnt-die-eu-am-25-juni-beitrittsverhandlungen-mit-der-ukraine\/#respond\"]}]},{\"@type\":\"WebPage\",\"@id\":\"https:\/\/now-news.de\/de\/deutschland\/beginnt-die-eu-am-25-juni-beitrittsverhandlungen-mit-der-ukraine\/\",\"url\":\"https:\/\/now-news.de\/de\/deutschland\/beginnt-die-eu-am-25-juni-beitrittsverhandlungen-mit-der-ukraine\/\",\"name\":\"Beginnt die EU am 25. Juni Beitrittsverhandlungen mit der Ukraine? - just-now.NEWS Deutschland\",\"isPartOf\":{\"@id\":\"https:\/\/now-news.de\/de\/#website\"},\"primaryImageOfPage\":{\"@id\":\"https:\/\/now-news.de\/de\/deutschland\/beginnt-die-eu-am-25-juni-beitrittsverhandlungen-mit-der-ukraine\/#primaryimage\"},\"image\":{\"@id\":\"https:\/\/now-news.de\/de\/deutschland\/beginnt-die-eu-am-25-juni-beitrittsverhandlungen-mit-der-ukraine\/#primaryimage\"},\"thumbnailUrl\":\"https:\/\/now-news.de\/de\/wp-content\/uploads\/sites\/3\/2024\/05\/Beginnt-die-EU-am-25-Juni-Beitrittsverhandlungen-mit-der-Ukraine.jpg\",\"datePublished\":\"2024-05-29T16:16:57+00:00\",\"dateModified\":\"2024-05-29T16:16:57+00:00\",\"breadcrumb\":{\"@id\":\"https:\/\/now-news.de\/de\/deutschland\/beginnt-die-eu-am-25-juni-beitrittsverhandlungen-mit-der-ukraine\/#breadcrumb\"},\"inLanguage\":\"de\",\"potentialAction\":[{\"@type\":\"ReadAction\",\"target\":[\"https:\/\/now-news.de\/de\/deutschland\/beginnt-die-eu-am-25-juni-beitrittsverhandlungen-mit-der-ukraine\/\"]}]},{\"@type\":\"ImageObject\",\"inLanguage\":\"de\",\"@id\":\"https:\/\/now-news.de\/de\/deutschland\/beginnt-die-eu-am-25-juni-beitrittsverhandlungen-mit-der-ukraine\/#primaryimage\",\"url\":\"https:\/\/now-news.de\/de\/wp-content\/uploads\/sites\/3\/2024\/05\/Beginnt-die-EU-am-25-Juni-Beitrittsverhandlungen-mit-der-Ukraine.jpg\",\"contentUrl\":\"https:\/\/now-news.de\/de\/wp-content\/uploads\/sites\/3\/2024\/05\/Beginnt-die-EU-am-25-Juni-Beitrittsverhandlungen-mit-der-Ukraine.jpg\",\"width\":460,\"height\":259,\"caption\":\"Beginnt die EU am 25. Juni Beitrittsverhandlungen mit der Ukraine?\"},{\"@type\":\"BreadcrumbList\",\"@id\":\"https:\/\/now-news.de\/de\/deutschland\/beginnt-die-eu-am-25-juni-beitrittsverhandlungen-mit-der-ukraine\/#breadcrumb\",\"itemListElement\":[{\"@type\":\"ListItem\",\"position\":1,\"name\":\"Home\",\"item\":\"https:\/\/now-news.de\/de\/\"},{\"@type\":\"ListItem\",\"position\":2,\"name\":\"Beginnt die EU am 25. Juni Beitrittsverhandlungen mit der Ukraine?\"}]},{\"@type\":\"WebSite\",\"@id\":\"https:\/\/now-news.de\/de\/#website\",\"url\":\"https:\/\/now-news.de\/de\/\",\"name\":\"just-now.NEWS Deutschland\",\"description\":\"Das Portal f\u00fcr unzensierte Nachrichten aus der Welt\",\"publisher\":{\"@id\":\"https:\/\/now-news.de\/de\/#organization\"},\"potentialAction\":[{\"@type\":\"SearchAction\",\"target\":{\"@type\":\"EntryPoint\",\"urlTemplate\":\"https:\/\/now-news.de\/de\/?s={search_term_string}\"},\"query-input\":\"required name=search_term_string\"}],\"inLanguage\":\"de\"},{\"@type\":\"Organization\",\"@id\":\"https:\/\/now-news.de\/de\/#organization\",\"name\":\"Just Now News\",\"url\":\"https:\/\/now-news.de\/de\/\",\"logo\":{\"@type\":\"ImageObject\",\"inLanguage\":\"de\",\"@id\":\"https:\/\/now-news.de\/de\/#\/schema\/logo\/image\/\",\"url\":\"http:\/\/just-now.news\/de\/wp-content\/uploads\/sites\/3\/2022\/04\/logo500x500.jpg\",\"contentUrl\":\"http:\/\/just-now.news\/de\/wp-content\/uploads\/sites\/3\/2022\/04\/logo500x500.jpg\",\"width\":500,\"height\":500,\"caption\":\"Just Now News\"},\"image\":{\"@id\":\"https:\/\/now-news.de\/de\/#\/schema\/logo\/image\/\"},\"sameAs\":[\"https:\/\/www.facebook.com\/wirmachenauf\",\"https:\/\/x.com\/WirMachenAuf_de\"]},{\"@type\":\"Person\",\"@id\":\"https:\/\/now-news.de\/de\/#\/schema\/person\/fb534a4e865501d8b3285208df34a9b5\",\"name\":\"rtnews\",\"image\":{\"@type\":\"ImageObject\",\"inLanguage\":\"de\",\"@id\":\"https:\/\/now-news.de\/de\/#\/schema\/person\/image\/\",\"url\":\"https:\/\/secure.gravatar.com\/avatar\/82aafea7d8127119dd649515f56e2117?s=96&d=mm&r=g\",\"contentUrl\":\"https:\/\/secure.gravatar.com\/avatar\/82aafea7d8127119dd649515f56e2117?s=96&d=mm&r=g\",\"caption\":\"rtnews\"},\"url\":\"https:\/\/now-news.de\/de\/author\/rnews\/\"}]}<\/script>\n<!-- \/ Yoast SEO Premium plugin. -->","yoast_head_json":{"title":"Beginnt die EU am 25. Juni Beitrittsverhandlungen mit der Ukraine? - just-now.NEWS Deutschland","robots":{"index":"index","follow":"follow","max-snippet":"max-snippet:-1","max-image-preview":"max-image-preview:large","max-video-preview":"max-video-preview:-1"},"canonical":"https:\/\/now-news.de\/de\/deutschland\/beginnt-die-eu-am-25-juni-beitrittsverhandlungen-mit-der-ukraine\/","og_locale":"de_DE","og_type":"article","og_title":"Beginnt die EU am 25. Juni Beitrittsverhandlungen mit der Ukraine?","og_description":"Die Europ\u00e4ische Union will angeblich Ernst machen und in weniger als einem Monat Beitrittsverhandlungen mit der Ukraine beginnen. Geht damit nun der Traum vom Kiewer Euromaidan in Erf\u00fcllung? Und was w\u00fcrde das bedeuten? Von Pawel Dulman Unter die Allt\u00e4glichkeiten, denen man endlos zusehen kann, hat sich neben brennendem Feuer und flie\u00dfendem Wasser seit Anfang dieses [&hellip;]","og_url":"https:\/\/now-news.de\/de\/deutschland\/beginnt-die-eu-am-25-juni-beitrittsverhandlungen-mit-der-ukraine\/","og_site_name":"just-now.NEWS Deutschland","article_publisher":"https:\/\/www.facebook.com\/wirmachenauf","article_published_time":"2024-05-29T16:16:57+00:00","og_image":[{"url":"https:\/\/now-news.de\/de\/wp-content\/uploads\/sites\/3\/2024\/05\/66573f11b480cc116c6251f6.jpg"}],"author":"rtnews","twitter_card":"summary_large_image","twitter_creator":"@WirMachenAuf_de","twitter_site":"@WirMachenAuf_de","twitter_misc":{"Verfasst von":"rtnews","Gesch\u00e4tzte Lesezeit":"4\u00a0Minuten"},"schema":{"@context":"https:\/\/schema.org","@graph":[{"@type":"Article","@id":"https:\/\/now-news.de\/de\/deutschland\/beginnt-die-eu-am-25-juni-beitrittsverhandlungen-mit-der-ukraine\/#article","isPartOf":{"@id":"https:\/\/now-news.de\/de\/deutschland\/beginnt-die-eu-am-25-juni-beitrittsverhandlungen-mit-der-ukraine\/"},"author":{"name":"rtnews","@id":"https:\/\/now-news.de\/de\/#\/schema\/person\/fb534a4e865501d8b3285208df34a9b5"},"headline":"Beginnt die EU am 25. Juni Beitrittsverhandlungen mit der Ukraine?","datePublished":"2024-05-29T16:16:57+00:00","dateModified":"2024-05-29T16:16:57+00:00","mainEntityOfPage":{"@id":"https:\/\/now-news.de\/de\/deutschland\/beginnt-die-eu-am-25-juni-beitrittsverhandlungen-mit-der-ukraine\/"},"wordCount":855,"commentCount":0,"publisher":{"@id":"https:\/\/now-news.de\/de\/#organization"},"image":{"@id":"https:\/\/now-news.de\/de\/deutschland\/beginnt-die-eu-am-25-juni-beitrittsverhandlungen-mit-der-ukraine\/#primaryimage"},"thumbnailUrl":"https:\/\/now-news.de\/de\/wp-content\/uploads\/sites\/3\/2024\/05\/Beginnt-die-EU-am-25-Juni-Beitrittsverhandlungen-mit-der-Ukraine.jpg","keywords":["beginnt","Beitrittsverhandlungen","der","die","Juni","mit","ukraine"],"articleSection":["Deutschland","Russland"],"inLanguage":"de","potentialAction":[{"@type":"CommentAction","name":"Comment","target":["https:\/\/now-news.de\/de\/deutschland\/beginnt-die-eu-am-25-juni-beitrittsverhandlungen-mit-der-ukraine\/#respond"]}]},{"@type":"WebPage","@id":"https:\/\/now-news.de\/de\/deutschland\/beginnt-die-eu-am-25-juni-beitrittsverhandlungen-mit-der-ukraine\/","url":"https:\/\/now-news.de\/de\/deutschland\/beginnt-die-eu-am-25-juni-beitrittsverhandlungen-mit-der-ukraine\/","name":"Beginnt die EU am 25. Juni Beitrittsverhandlungen mit der Ukraine? - just-now.NEWS Deutschland","isPartOf":{"@id":"https:\/\/now-news.de\/de\/#website"},"primaryImageOfPage":{"@id":"https:\/\/now-news.de\/de\/deutschland\/beginnt-die-eu-am-25-juni-beitrittsverhandlungen-mit-der-ukraine\/#primaryimage"},"image":{"@id":"https:\/\/now-news.de\/de\/deutschland\/beginnt-die-eu-am-25-juni-beitrittsverhandlungen-mit-der-ukraine\/#primaryimage"},"thumbnailUrl":"https:\/\/now-news.de\/de\/wp-content\/uploads\/sites\/3\/2024\/05\/Beginnt-die-EU-am-25-Juni-Beitrittsverhandlungen-mit-der-Ukraine.jpg","datePublished":"2024-05-29T16:16:57+00:00","dateModified":"2024-05-29T16:16:57+00:00","breadcrumb":{"@id":"https:\/\/now-news.de\/de\/deutschland\/beginnt-die-eu-am-25-juni-beitrittsverhandlungen-mit-der-ukraine\/#breadcrumb"},"inLanguage":"de","potentialAction":[{"@type":"ReadAction","target":["https:\/\/now-news.de\/de\/deutschland\/beginnt-die-eu-am-25-juni-beitrittsverhandlungen-mit-der-ukraine\/"]}]},{"@type":"ImageObject","inLanguage":"de","@id":"https:\/\/now-news.de\/de\/deutschland\/beginnt-die-eu-am-25-juni-beitrittsverhandlungen-mit-der-ukraine\/#primaryimage","url":"https:\/\/now-news.de\/de\/wp-content\/uploads\/sites\/3\/2024\/05\/Beginnt-die-EU-am-25-Juni-Beitrittsverhandlungen-mit-der-Ukraine.jpg","contentUrl":"https:\/\/now-news.de\/de\/wp-content\/uploads\/sites\/3\/2024\/05\/Beginnt-die-EU-am-25-Juni-Beitrittsverhandlungen-mit-der-Ukraine.jpg","width":460,"height":259,"caption":"Beginnt die EU am 25. Juni Beitrittsverhandlungen mit der Ukraine?"},{"@type":"BreadcrumbList","@id":"https:\/\/now-news.de\/de\/deutschland\/beginnt-die-eu-am-25-juni-beitrittsverhandlungen-mit-der-ukraine\/#breadcrumb","itemListElement":[{"@type":"ListItem","position":1,"name":"Home","item":"https:\/\/now-news.de\/de\/"},{"@type":"ListItem","position":2,"name":"Beginnt die EU am 25. Juni Beitrittsverhandlungen mit der Ukraine?"}]},{"@type":"WebSite","@id":"https:\/\/now-news.de\/de\/#website","url":"https:\/\/now-news.de\/de\/","name":"just-now.NEWS Deutschland","description":"Das Portal f\u00fcr unzensierte Nachrichten aus der Welt","publisher":{"@id":"https:\/\/now-news.de\/de\/#organization"},"potentialAction":[{"@type":"SearchAction","target":{"@type":"EntryPoint","urlTemplate":"https:\/\/now-news.de\/de\/?s={search_term_string}"},"query-input":"required name=search_term_string"}],"inLanguage":"de"},{"@type":"Organization","@id":"https:\/\/now-news.de\/de\/#organization","name":"Just Now News","url":"https:\/\/now-news.de\/de\/","logo":{"@type":"ImageObject","inLanguage":"de","@id":"https:\/\/now-news.de\/de\/#\/schema\/logo\/image\/","url":"http:\/\/just-now.news\/de\/wp-content\/uploads\/sites\/3\/2022\/04\/logo500x500.jpg","contentUrl":"http:\/\/just-now.news\/de\/wp-content\/uploads\/sites\/3\/2022\/04\/logo500x500.jpg","width":500,"height":500,"caption":"Just Now News"},"image":{"@id":"https:\/\/now-news.de\/de\/#\/schema\/logo\/image\/"},"sameAs":["https:\/\/www.facebook.com\/wirmachenauf","https:\/\/x.com\/WirMachenAuf_de"]},{"@type":"Person","@id":"https:\/\/now-news.de\/de\/#\/schema\/person\/fb534a4e865501d8b3285208df34a9b5","name":"rtnews","image":{"@type":"ImageObject","inLanguage":"de","@id":"https:\/\/now-news.de\/de\/#\/schema\/person\/image\/","url":"https:\/\/secure.gravatar.com\/avatar\/82aafea7d8127119dd649515f56e2117?s=96&d=mm&r=g","contentUrl":"https:\/\/secure.gravatar.com\/avatar\/82aafea7d8127119dd649515f56e2117?s=96&d=mm&r=g","caption":"rtnews"},"url":"https:\/\/now-news.de\/de\/author\/rnews\/"}]}},"_links":{"self":[{"href":"https:\/\/now-news.de\/de\/wp-json\/wp\/v2\/posts\/59100"}],"collection":[{"href":"https:\/\/now-news.de\/de\/wp-json\/wp\/v2\/posts"}],"about":[{"href":"https:\/\/now-news.de\/de\/wp-json\/wp\/v2\/types\/post"}],"author":[{"embeddable":true,"href":"https:\/\/now-news.de\/de\/wp-json\/wp\/v2\/users\/3"}],"replies":[{"embeddable":true,"href":"https:\/\/now-news.de\/de\/wp-json\/wp\/v2\/comments?post=59100"}],"version-history":[{"count":0,"href":"https:\/\/now-news.de\/de\/wp-json\/wp\/v2\/posts\/59100\/revisions"}],"wp:featuredmedia":[{"embeddable":true,"href":"https:\/\/now-news.de\/de\/wp-json\/wp\/v2\/media\/59101"}],"wp:attachment":[{"href":"https:\/\/now-news.de\/de\/wp-json\/wp\/v2\/media?parent=59100"}],"wp:term":[{"taxonomy":"category","embeddable":true,"href":"https:\/\/now-news.de\/de\/wp-json\/wp\/v2\/categories?post=59100"},{"taxonomy":"post_tag","embeddable":true,"href":"https:\/\/now-news.de\/de\/wp-json\/wp\/v2\/tags?post=59100"}],"curies":[{"name":"wp","href":"https:\/\/api.w.org\/{rel}","templated":true}]}}