{"id":59055,"date":"2024-05-29T09:55:24","date_gmt":"2024-05-29T07:55:24","guid":{"rendered":"https:\/\/now-news.de\/de\/deutschland\/europaeische-politiker-sind-die-neuen-beavis-und-butthead\/"},"modified":"2024-05-29T09:55:24","modified_gmt":"2024-05-29T07:55:24","slug":"europaeische-politiker-sind-die-neuen-beavis-und-butthead","status":"publish","type":"post","link":"https:\/\/now-news.de\/de\/deutschland\/europaeische-politiker-sind-die-neuen-beavis-und-butthead\/","title":{"rendered":"Europ\u00e4ische Politiker sind die neuen Beavis und Butthead"},"content":{"rendered":"<p><img decoding=\"async\" src=\"https:\/\/now-news.de\/de\/wp-content\/uploads\/sites\/3\/2024\/05\/66561bc248fbef58ea6ee219.jpg\" \/><\/p>\n<div class=\"Text-root Text-type_1 \">\n                Der locker-flockige Umgang der Ehefrauen des deutschen und franz\u00f6sischen Pr\u00e4sidenten mit dem Holocaust wirft Fragen auf \u2013 die beiden lie\u00dfen sich lachend im Berliner Mahnmal f\u00fcr die Opfer des Holocaust ablichten. \u00dcber den Zustand Europas und seiner &#8220;Eliten&#8221; sagt der Vorfall wom\u00f6glich mehr, als uns bewusst ist.\n            <\/div>\n<p><\/p>\n<div class=\"Text-root Text-type_5 ArticleView-text ViewText-root \">\n<p><em>Von Andrei Medwedew<\/em><\/p>\n<p>Ja, die Ehefrauen des franz\u00f6sischen und des deutschen Staatschefs haben tats\u00e4chlich gelacht, als sie das Holocaust-Mahnmal in Berlin besuchten.<\/p>\n<p>Was aber ist daran so \u00fcberraschend? Die Feindschaft zwischen den Franzosen und den Deutschen, vor allem in der Geschichte des Zweiten Weltkriegs, ist immer stark \u00fcbertrieben worden. Erinnern Sie sich an den Film &#8220;Olympia&#8221; von Leni Riefenstahl? Da steht Hitler auf dem Podium mit zum arischen Gru\u00df erhobener Hand. An ihm vorbei marschiert die franz\u00f6sische Mannschaft, die H\u00e4nde zum Hitlergru\u00df erhoben.<\/p>\n<p>Die Reichskanzlei wurde im Mai 1945 von Franzosen aus der SS-Division Charlemagne verteidigt. Die Deutschen hatten sich bereits zerstreut, Wencks Armee war nicht gekommen, es waren Franzosen, die den F\u00fchrer bis zu seinem letzten Atemzug verteidigten. Die ber\u00fchmte franz\u00f6sische R\u00e9sistance ist dagegen ein ideologischer Mythos. Mehr Franzosen haben gegen die UdSSR gek\u00e4mpft, als gegen die deutschen Besatzer. Und in Nordafrika gegen die Briten.<\/p>\n<p>Wir haben ein etwas verzerrtes Bild von Frankreich und seiner Rolle in Europa. Zu viel falsche Romantik. Aber wenn man sich dieses Frankreich genauer ansieht, ist es das typische Kolonialreich mit allen Attributen wie V\u00f6lkermord an den eroberten V\u00f6lkern, mit stark verbreiteten rechten Gesinnungen, mit nicht weniger Antisemitismus als im Dritten Reich. Womit war Frankreich nach dem Zweiten Weltkrieg besch\u00e4ftigt? Es f\u00fchrte Krieg in den nach Unabh\u00e4ngigkeit strebenden Kolonien. Mit H\u00e4nden deutscher Nazis, \u00fcbrigens, denn fl\u00fcchtige Gefreite und Offiziere der Wehrmacht und der SS traten damals massenhaft in die Fremdenlegion ein.<\/p>\n<div class=\"EmbedBlock-root EmbedBlock-twitter\">\n<div class=\"TwitterEmbed\">\n<blockquote class=\"twitter-tweet lazyload\" data-twitter=\"twitter-tweet\">\n<p lang=\"de\" dir=\"ltr\">W\u00e4hrend Frau <a rel=\"nofollow noopener\" target=\"_blank\" href=\"https:\/\/twitter.com\/hashtag\/Macron?src=hash&amp;ref_src=twsrc%5Etfw\">#Macron<\/a> Frau <a rel=\"nofollow noopener\" target=\"_blank\" href=\"https:\/\/twitter.com\/hashtag\/Steinmeier?src=hash&amp;ref_src=twsrc%5Etfw\">#Steinmeier<\/a> am Holocaustmahnmal in Berlin Witze erz\u00e4hlt ? Ganz mein Humor. <a rel=\"nofollow noopener\" target=\"_blank\" href=\"https:\/\/t.co\/QJiFmCpTP2\">https:\/\/t.co\/QJiFmCpTP2<\/a><\/p>\n<p>\u2014 Josh Ehrmann (@josh_ee61) <a rel=\"nofollow noopener\" target=\"_blank\" href=\"https:\/\/twitter.com\/josh_ee61\/status\/1795098506174108101?ref_src=twsrc%5Etfw\">May 27, 2024<\/a><\/p><\/blockquote>\n<\/div>\n<\/div>\n<p>Wir wissen alles \u00fcber die deutsche Geschichte. Und ja, nach dem Gro\u00dfen Krieg hat ein Teil der deutschen Bev\u00f6lkerung Reue gezeigt. F\u00fcr alles, was sie getan hatten. Was aber ist mit den Franzosen?<\/p>\n<p>Henri Fenet, Kommandeur der Division Charlemagne, wurde verurteilt, aber bereits 1959 begnadigt und freigelassen. \u00dcbrigens zahlt Deutschland seit 1955 Renten an die Veteranen der Division \u2013 gem\u00e4\u00df ihren Dienstgraden und Auszeichnungen. Bis heute.<\/p>\n<p>Im Allgemeinen haben wir die Europ\u00e4er immer etwas \u00fcbersch\u00e4tzt, weil wir glaubten, dass sie den Zweiten Weltkrieg ernsthaft bereuten. Einige von ihnen waren ja auch aufrichtig.\u00a0Aber die meisten akzeptierten einfach die neuen Spielregeln: Gut, es ist jetzt nicht mehr Mode, ein Nazi zu sein. Je weiter man sich vom Krieg entfernt, desto weiter entfernt man sich von Reflexion und Reue. Im selben Deutschland ist eine Generation von Politikern herangewachsen, deren V\u00e4ter nicht mehr gek\u00e4mpft haben und sich nicht mehr an die Schrecken des Krieges erinnern. Die S\u00f6hne und T\u00f6chter wollen nun moralische Genugtuung, Rache f\u00fcr den verlorenen Krieg.<\/p>\n<p>Europa als Ganzes hat immer noch eine zutiefst koloniale Mentalit\u00e4t, in der es Menschen und L\u00e4nder erster und zweiter Klasse gibt, und auch die menschlichen Trag\u00f6dien sind nach Klassen getrennt. &#8220;Es starben Europ\u00e4er? Oh, das ist schrecklich!&#8221; Russen werden im Donbass get\u00f6tet? &#8220;<a rel=\"nofollow noopener\" target=\"_blank\" href=\"https:\/\/freedert.online\/meinung\/131632-kein-genozid-im-donbass-es-immer-noch-odessa\/\">Machen Sie sich nicht l\u00e4cherlich<\/a>, was f\u00fcr ein V\u00f6lkermord ist das denn!&#8221;<\/p>\n<p>Die milit\u00e4rische Spezialoperation und generell die Ereignisse in der Ukraine seit 2004, sowie der Krieg vom 08.08.08 und die Wiedervereinigung mit der Krim haben die europ\u00e4ischen Politiker einfach dazu gebracht, nicht mehr so zu tun, als ob sie irgendjemanden au\u00dfer sich selbst respektieren w\u00fcrden. Nun, es ist eine ehrlichere Zeit: Der Europ\u00e4er ist nicht mehr gezwungen, einem &#8220;Untermenschen&#8221; freundlich zuzul\u00e4cheln. Und er braucht nicht einmal mehr so tun, als w\u00fcrde er \u00fcber den Tod einiger &#8220;Untermenschen&#8221; trauern. Vor allem, wenn es um den Holocaust geht, denn wie lange ist das schon her.\u00a0<\/p>\n<p>Ein Versuchsballon f\u00fcr die Rehabilitierung des Nationalsozialismus waren die Aufm\u00e4rsche von SS-Veteranen im Baltikum. Niemals h\u00e4tten die baltischen Zwergstaaten so etwas ohne die Erlaubnis des alten Europas gewagt.<\/p>\n<p>In Riga hat die lettische SS einmal alle Juden ausgerottet. Und dann gab es Aufm\u00e4rsche von SS-Veteranen. Und Europa hat das nicht verurteilt, es beobachtete das Treiben interessiert. Nun, auch wir haben, offen gesagt, die Gaslieferungen nach Lettland und Estland damals nicht unterbrochen.<\/p>\n<p>So \u00f6ffnete sich das Overton-Fenster, erst gab es einen kleinen Schlitz f\u00fcr braune Ideologie, dann noch einen, dann noch einen, dann noch einen&#8230; Und dann stellte sich heraus, dass das Asow-Regiment* auch eine gute Sache ist.<\/p>\n<p>Und hier ist es vielleicht angebracht, daran zu erinnern, dass Alexej Nawalny, eine in Deutschland so beliebte russische Figur, auch gerne Witze \u00fcber den Holocaust machte: &#8220;Das erste Glas auf den Holocaust&#8221;. Als deutsche Publikationen dar\u00fcber schrieben, \u00e4nderte das nichts an der Haltung des offiziellen Berlin gegen\u00fcber dem Extremisten Nawalny. Er ist ja gegen Putin&#8230;<\/p>\n<p>Ja, der Holocaust wurde von Nazis organisiert. Von genau solchen Nazis, wie denjenigen heute in der Ukraine. Aber die sind ja gegen Putin. &#8220;Bastarde, aber unsere Bastarde&#8221;, denkt sich da der Europ\u00e4er. Und der Holocaust darf dann in letzter Konsequenz auch so l\u00e4cherlich sein wie der V\u00f6lkermord im Donbass.<\/p>\n<p>Auf dem Weg zum Mahnmal f\u00fcr die Opfer des Holocausts hielten Brigitte Macron und Elke B\u00fcdenbender H\u00e4ndchen und scherzten. Selbst ein erfahrener Mensch kann das kaum verstehen: Ist es Zynismus, ist es Festhalten an historischen Traditionen, oder ist es einfach so, dass die europ\u00e4ischen Politiker zu einem &#8220;kollektiven Beavis und Butthead&#8221; geworden sind?<\/p>\n<p>\u2014 Check it out, Beavis, it&#8217;s genocide and stuff like this.<\/p>\n<p>\u2014\u00a0Huh huh huh.<\/p>\n<p><em>\u00dcbersetzt aus dem <a rel=\"nofollow noopener\" target=\"_blank\" href=\"https:\/\/russian.rt.com\/opinion\/1320747-medvedev-istoriya-vtoraya-mirovaya-voina-holokost-germaniya-franciya\">Russischen<\/a><\/em>.\u00a0<\/p>\n<p><strong>Mehr zum Thema<\/strong> &#8211; <a rel=\"nofollow noopener\" target=\"_blank\" href=\"https:\/\/freedert.online\/meinung\/131632-kein-genozid-im-donbass-es-immer-noch-odessa\/\">Kein Genozid im Donbass? Erinnern wir uns an Odessa 2014&#8230;<\/a><\/p>\n<\/p>\n<\/div>\n<p><script async src=\"https:\/\/platform.twitter.com\/widgets.js\" charset=\"utf-8\"><\/script><br \/>\n<br \/><br \/>\n<br \/><a href=\"https:\/\/de.rt.com\/meinung\/207361-europaeische-politiker-sind-neue-beavis-buttheads\/\">Source link <\/a><\/p>\n","protected":false},"excerpt":{"rendered":"<p>Der locker-flockige Umgang der Ehefrauen des deutschen und franz\u00f6sischen Pr\u00e4sidenten mit dem Holocaust wirft Fragen auf \u2013 die beiden lie\u00dfen sich lachend im Berliner Mahnmal f\u00fcr die Opfer des Holocaust ablichten. \u00dcber den Zustand Europas und seiner &#8220;Eliten&#8221; sagt der Vorfall wom\u00f6glich mehr, als uns bewusst ist. Von Andrei Medwedew Ja, die Ehefrauen des franz\u00f6sischen [&hellip;]<\/p>\n","protected":false},"author":3,"featured_media":59056,"comment_status":"open","ping_status":"open","sticky":false,"template":"","format":"standard","meta":{"_yoast_indexnow_last_ping":["1716969736"],"wp_automatic_camp":["217"],"e422e50d392f5ff8fb9684ba44cceb28":["Europ\u00e4ische Politiker sind die neuen Beavis und Butthead"],"original_link":["https:\/\/de.rt.com\/meinung\/207361-europaeische-politiker-sind-neue-beavis-buttheads\/"],"_thumbnail_id":["59056"],"jnews_social_counter_last_update":["1777377617"],"_wptgpro_p2tg_sent2tg":["a:1:{i:23737;s:19:\"2024-05-29 10:04:22\";}"]},"categories":[19,23],"tags":[55288,55289,45,21307,213,5679,1046,140],"yoast_head":"<!-- This site is optimized with the Yoast SEO Premium plugin v22.7 (Yoast SEO v22.7) - https:\/\/yoast.com\/wordpress\/plugins\/seo\/ -->\n<title>Europ\u00e4ische Politiker sind die neuen Beavis und Butthead - just-now.NEWS Deutschland<\/title>\n<meta name=\"robots\" content=\"index, follow, max-snippet:-1, max-image-preview:large, max-video-preview:-1\" \/>\n<link rel=\"canonical\" href=\"https:\/\/now-news.de\/de\/deutschland\/europaeische-politiker-sind-die-neuen-beavis-und-butthead\/\" \/>\n<meta property=\"og:locale\" content=\"de_DE\" \/>\n<meta property=\"og:type\" content=\"article\" \/>\n<meta property=\"og:title\" content=\"Europ\u00e4ische Politiker sind die neuen Beavis und Butthead\" \/>\n<meta property=\"og:description\" content=\"Der locker-flockige Umgang der Ehefrauen des deutschen und franz\u00f6sischen Pr\u00e4sidenten mit dem Holocaust wirft Fragen auf \u2013 die beiden lie\u00dfen sich lachend im Berliner Mahnmal f\u00fcr die Opfer des Holocaust ablichten. \u00dcber den Zustand Europas und seiner &#8220;Eliten&#8221; sagt der Vorfall wom\u00f6glich mehr, als uns bewusst ist. Von Andrei Medwedew Ja, die Ehefrauen des franz\u00f6sischen [&hellip;]\" \/>\n<meta property=\"og:url\" content=\"https:\/\/now-news.de\/de\/deutschland\/europaeische-politiker-sind-die-neuen-beavis-und-butthead\/\" \/>\n<meta property=\"og:site_name\" content=\"just-now.NEWS Deutschland\" \/>\n<meta property=\"article:publisher\" content=\"https:\/\/www.facebook.com\/wirmachenauf\" \/>\n<meta property=\"article:published_time\" content=\"2024-05-29T07:55:24+00:00\" \/>\n<meta property=\"og:image\" content=\"https:\/\/now-news.de\/de\/wp-content\/uploads\/sites\/3\/2024\/05\/66561bc248fbef58ea6ee219.jpg\" \/>\n<meta name=\"author\" content=\"rtnews\" \/>\n<meta name=\"twitter:card\" content=\"summary_large_image\" \/>\n<meta name=\"twitter:creator\" content=\"@WirMachenAuf_de\" \/>\n<meta name=\"twitter:site\" content=\"@WirMachenAuf_de\" \/>\n<meta name=\"twitter:label1\" content=\"Verfasst von\" \/>\n\t<meta name=\"twitter:data1\" content=\"rtnews\" \/>\n\t<meta name=\"twitter:label2\" content=\"Gesch\u00e4tzte Lesezeit\" \/>\n\t<meta name=\"twitter:data2\" content=\"5\u00a0Minuten\" \/>\n<script type=\"application\/ld+json\" class=\"yoast-schema-graph\">{\"@context\":\"https:\/\/schema.org\",\"@graph\":[{\"@type\":\"Article\",\"@id\":\"https:\/\/now-news.de\/de\/deutschland\/europaeische-politiker-sind-die-neuen-beavis-und-butthead\/#article\",\"isPartOf\":{\"@id\":\"https:\/\/now-news.de\/de\/deutschland\/europaeische-politiker-sind-die-neuen-beavis-und-butthead\/\"},\"author\":{\"name\":\"rtnews\",\"@id\":\"https:\/\/now-news.de\/de\/#\/schema\/person\/fb534a4e865501d8b3285208df34a9b5\"},\"headline\":\"Europ\u00e4ische Politiker sind die neuen Beavis und Butthead\",\"datePublished\":\"2024-05-29T07:55:24+00:00\",\"dateModified\":\"2024-05-29T07:55:24+00:00\",\"mainEntityOfPage\":{\"@id\":\"https:\/\/now-news.de\/de\/deutschland\/europaeische-politiker-sind-die-neuen-beavis-und-butthead\/\"},\"wordCount\":980,\"commentCount\":0,\"publisher\":{\"@id\":\"https:\/\/now-news.de\/de\/#organization\"},\"image\":{\"@id\":\"https:\/\/now-news.de\/de\/deutschland\/europaeische-politiker-sind-die-neuen-beavis-und-butthead\/#primaryimage\"},\"thumbnailUrl\":\"https:\/\/now-news.de\/de\/wp-content\/uploads\/sites\/3\/2024\/05\/Europaeische-Politiker-sind-die-neuen-Beavis-und-Butthead.jpg\",\"keywords\":[\"Beavis\",\"Butthead\",\"die\",\"europ\u00e4ische\",\"neuen\",\"Politiker\",\"sind\",\"und\"],\"articleSection\":[\"Deutschland\",\"Russland\"],\"inLanguage\":\"de\",\"potentialAction\":[{\"@type\":\"CommentAction\",\"name\":\"Comment\",\"target\":[\"https:\/\/now-news.de\/de\/deutschland\/europaeische-politiker-sind-die-neuen-beavis-und-butthead\/#respond\"]}]},{\"@type\":\"WebPage\",\"@id\":\"https:\/\/now-news.de\/de\/deutschland\/europaeische-politiker-sind-die-neuen-beavis-und-butthead\/\",\"url\":\"https:\/\/now-news.de\/de\/deutschland\/europaeische-politiker-sind-die-neuen-beavis-und-butthead\/\",\"name\":\"Europ\u00e4ische Politiker sind die neuen Beavis und Butthead - just-now.NEWS Deutschland\",\"isPartOf\":{\"@id\":\"https:\/\/now-news.de\/de\/#website\"},\"primaryImageOfPage\":{\"@id\":\"https:\/\/now-news.de\/de\/deutschland\/europaeische-politiker-sind-die-neuen-beavis-und-butthead\/#primaryimage\"},\"image\":{\"@id\":\"https:\/\/now-news.de\/de\/deutschland\/europaeische-politiker-sind-die-neuen-beavis-und-butthead\/#primaryimage\"},\"thumbnailUrl\":\"https:\/\/now-news.de\/de\/wp-content\/uploads\/sites\/3\/2024\/05\/Europaeische-Politiker-sind-die-neuen-Beavis-und-Butthead.jpg\",\"datePublished\":\"2024-05-29T07:55:24+00:00\",\"dateModified\":\"2024-05-29T07:55:24+00:00\",\"breadcrumb\":{\"@id\":\"https:\/\/now-news.de\/de\/deutschland\/europaeische-politiker-sind-die-neuen-beavis-und-butthead\/#breadcrumb\"},\"inLanguage\":\"de\",\"potentialAction\":[{\"@type\":\"ReadAction\",\"target\":[\"https:\/\/now-news.de\/de\/deutschland\/europaeische-politiker-sind-die-neuen-beavis-und-butthead\/\"]}]},{\"@type\":\"ImageObject\",\"inLanguage\":\"de\",\"@id\":\"https:\/\/now-news.de\/de\/deutschland\/europaeische-politiker-sind-die-neuen-beavis-und-butthead\/#primaryimage\",\"url\":\"https:\/\/now-news.de\/de\/wp-content\/uploads\/sites\/3\/2024\/05\/Europaeische-Politiker-sind-die-neuen-Beavis-und-Butthead.jpg\",\"contentUrl\":\"https:\/\/now-news.de\/de\/wp-content\/uploads\/sites\/3\/2024\/05\/Europaeische-Politiker-sind-die-neuen-Beavis-und-Butthead.jpg\",\"width\":460,\"height\":259,\"caption\":\"Europ\u00e4ische Politiker sind die neuen Beavis und Butthead\"},{\"@type\":\"BreadcrumbList\",\"@id\":\"https:\/\/now-news.de\/de\/deutschland\/europaeische-politiker-sind-die-neuen-beavis-und-butthead\/#breadcrumb\",\"itemListElement\":[{\"@type\":\"ListItem\",\"position\":1,\"name\":\"Home\",\"item\":\"https:\/\/now-news.de\/de\/\"},{\"@type\":\"ListItem\",\"position\":2,\"name\":\"Europ\u00e4ische Politiker sind die neuen Beavis und Butthead\"}]},{\"@type\":\"WebSite\",\"@id\":\"https:\/\/now-news.de\/de\/#website\",\"url\":\"https:\/\/now-news.de\/de\/\",\"name\":\"just-now.NEWS Deutschland\",\"description\":\"Das Portal f\u00fcr unzensierte Nachrichten aus der Welt\",\"publisher\":{\"@id\":\"https:\/\/now-news.de\/de\/#organization\"},\"potentialAction\":[{\"@type\":\"SearchAction\",\"target\":{\"@type\":\"EntryPoint\",\"urlTemplate\":\"https:\/\/now-news.de\/de\/?s={search_term_string}\"},\"query-input\":\"required name=search_term_string\"}],\"inLanguage\":\"de\"},{\"@type\":\"Organization\",\"@id\":\"https:\/\/now-news.de\/de\/#organization\",\"name\":\"Just Now News\",\"url\":\"https:\/\/now-news.de\/de\/\",\"logo\":{\"@type\":\"ImageObject\",\"inLanguage\":\"de\",\"@id\":\"https:\/\/now-news.de\/de\/#\/schema\/logo\/image\/\",\"url\":\"http:\/\/just-now.news\/de\/wp-content\/uploads\/sites\/3\/2022\/04\/logo500x500.jpg\",\"contentUrl\":\"http:\/\/just-now.news\/de\/wp-content\/uploads\/sites\/3\/2022\/04\/logo500x500.jpg\",\"width\":500,\"height\":500,\"caption\":\"Just Now News\"},\"image\":{\"@id\":\"https:\/\/now-news.de\/de\/#\/schema\/logo\/image\/\"},\"sameAs\":[\"https:\/\/www.facebook.com\/wirmachenauf\",\"https:\/\/x.com\/WirMachenAuf_de\"]},{\"@type\":\"Person\",\"@id\":\"https:\/\/now-news.de\/de\/#\/schema\/person\/fb534a4e865501d8b3285208df34a9b5\",\"name\":\"rtnews\",\"image\":{\"@type\":\"ImageObject\",\"inLanguage\":\"de\",\"@id\":\"https:\/\/now-news.de\/de\/#\/schema\/person\/image\/\",\"url\":\"https:\/\/secure.gravatar.com\/avatar\/82aafea7d8127119dd649515f56e2117?s=96&d=mm&r=g\",\"contentUrl\":\"https:\/\/secure.gravatar.com\/avatar\/82aafea7d8127119dd649515f56e2117?s=96&d=mm&r=g\",\"caption\":\"rtnews\"},\"url\":\"https:\/\/now-news.de\/de\/author\/rnews\/\"}]}<\/script>\n<!-- \/ Yoast SEO Premium plugin. -->","yoast_head_json":{"title":"Europ\u00e4ische Politiker sind die neuen Beavis und Butthead - just-now.NEWS Deutschland","robots":{"index":"index","follow":"follow","max-snippet":"max-snippet:-1","max-image-preview":"max-image-preview:large","max-video-preview":"max-video-preview:-1"},"canonical":"https:\/\/now-news.de\/de\/deutschland\/europaeische-politiker-sind-die-neuen-beavis-und-butthead\/","og_locale":"de_DE","og_type":"article","og_title":"Europ\u00e4ische Politiker sind die neuen Beavis und Butthead","og_description":"Der locker-flockige Umgang der Ehefrauen des deutschen und franz\u00f6sischen Pr\u00e4sidenten mit dem Holocaust wirft Fragen auf \u2013 die beiden lie\u00dfen sich lachend im Berliner Mahnmal f\u00fcr die Opfer des Holocaust ablichten. \u00dcber den Zustand Europas und seiner &#8220;Eliten&#8221; sagt der Vorfall wom\u00f6glich mehr, als uns bewusst ist. Von Andrei Medwedew Ja, die Ehefrauen des franz\u00f6sischen [&hellip;]","og_url":"https:\/\/now-news.de\/de\/deutschland\/europaeische-politiker-sind-die-neuen-beavis-und-butthead\/","og_site_name":"just-now.NEWS Deutschland","article_publisher":"https:\/\/www.facebook.com\/wirmachenauf","article_published_time":"2024-05-29T07:55:24+00:00","og_image":[{"url":"https:\/\/now-news.de\/de\/wp-content\/uploads\/sites\/3\/2024\/05\/66561bc248fbef58ea6ee219.jpg"}],"author":"rtnews","twitter_card":"summary_large_image","twitter_creator":"@WirMachenAuf_de","twitter_site":"@WirMachenAuf_de","twitter_misc":{"Verfasst von":"rtnews","Gesch\u00e4tzte Lesezeit":"5\u00a0Minuten"},"schema":{"@context":"https:\/\/schema.org","@graph":[{"@type":"Article","@id":"https:\/\/now-news.de\/de\/deutschland\/europaeische-politiker-sind-die-neuen-beavis-und-butthead\/#article","isPartOf":{"@id":"https:\/\/now-news.de\/de\/deutschland\/europaeische-politiker-sind-die-neuen-beavis-und-butthead\/"},"author":{"name":"rtnews","@id":"https:\/\/now-news.de\/de\/#\/schema\/person\/fb534a4e865501d8b3285208df34a9b5"},"headline":"Europ\u00e4ische Politiker sind die neuen Beavis und Butthead","datePublished":"2024-05-29T07:55:24+00:00","dateModified":"2024-05-29T07:55:24+00:00","mainEntityOfPage":{"@id":"https:\/\/now-news.de\/de\/deutschland\/europaeische-politiker-sind-die-neuen-beavis-und-butthead\/"},"wordCount":980,"commentCount":0,"publisher":{"@id":"https:\/\/now-news.de\/de\/#organization"},"image":{"@id":"https:\/\/now-news.de\/de\/deutschland\/europaeische-politiker-sind-die-neuen-beavis-und-butthead\/#primaryimage"},"thumbnailUrl":"https:\/\/now-news.de\/de\/wp-content\/uploads\/sites\/3\/2024\/05\/Europaeische-Politiker-sind-die-neuen-Beavis-und-Butthead.jpg","keywords":["Beavis","Butthead","die","europ\u00e4ische","neuen","Politiker","sind","und"],"articleSection":["Deutschland","Russland"],"inLanguage":"de","potentialAction":[{"@type":"CommentAction","name":"Comment","target":["https:\/\/now-news.de\/de\/deutschland\/europaeische-politiker-sind-die-neuen-beavis-und-butthead\/#respond"]}]},{"@type":"WebPage","@id":"https:\/\/now-news.de\/de\/deutschland\/europaeische-politiker-sind-die-neuen-beavis-und-butthead\/","url":"https:\/\/now-news.de\/de\/deutschland\/europaeische-politiker-sind-die-neuen-beavis-und-butthead\/","name":"Europ\u00e4ische Politiker sind die neuen Beavis und Butthead - just-now.NEWS Deutschland","isPartOf":{"@id":"https:\/\/now-news.de\/de\/#website"},"primaryImageOfPage":{"@id":"https:\/\/now-news.de\/de\/deutschland\/europaeische-politiker-sind-die-neuen-beavis-und-butthead\/#primaryimage"},"image":{"@id":"https:\/\/now-news.de\/de\/deutschland\/europaeische-politiker-sind-die-neuen-beavis-und-butthead\/#primaryimage"},"thumbnailUrl":"https:\/\/now-news.de\/de\/wp-content\/uploads\/sites\/3\/2024\/05\/Europaeische-Politiker-sind-die-neuen-Beavis-und-Butthead.jpg","datePublished":"2024-05-29T07:55:24+00:00","dateModified":"2024-05-29T07:55:24+00:00","breadcrumb":{"@id":"https:\/\/now-news.de\/de\/deutschland\/europaeische-politiker-sind-die-neuen-beavis-und-butthead\/#breadcrumb"},"inLanguage":"de","potentialAction":[{"@type":"ReadAction","target":["https:\/\/now-news.de\/de\/deutschland\/europaeische-politiker-sind-die-neuen-beavis-und-butthead\/"]}]},{"@type":"ImageObject","inLanguage":"de","@id":"https:\/\/now-news.de\/de\/deutschland\/europaeische-politiker-sind-die-neuen-beavis-und-butthead\/#primaryimage","url":"https:\/\/now-news.de\/de\/wp-content\/uploads\/sites\/3\/2024\/05\/Europaeische-Politiker-sind-die-neuen-Beavis-und-Butthead.jpg","contentUrl":"https:\/\/now-news.de\/de\/wp-content\/uploads\/sites\/3\/2024\/05\/Europaeische-Politiker-sind-die-neuen-Beavis-und-Butthead.jpg","width":460,"height":259,"caption":"Europ\u00e4ische Politiker sind die neuen Beavis und Butthead"},{"@type":"BreadcrumbList","@id":"https:\/\/now-news.de\/de\/deutschland\/europaeische-politiker-sind-die-neuen-beavis-und-butthead\/#breadcrumb","itemListElement":[{"@type":"ListItem","position":1,"name":"Home","item":"https:\/\/now-news.de\/de\/"},{"@type":"ListItem","position":2,"name":"Europ\u00e4ische Politiker sind die neuen Beavis und Butthead"}]},{"@type":"WebSite","@id":"https:\/\/now-news.de\/de\/#website","url":"https:\/\/now-news.de\/de\/","name":"just-now.NEWS Deutschland","description":"Das Portal f\u00fcr unzensierte Nachrichten aus der Welt","publisher":{"@id":"https:\/\/now-news.de\/de\/#organization"},"potentialAction":[{"@type":"SearchAction","target":{"@type":"EntryPoint","urlTemplate":"https:\/\/now-news.de\/de\/?s={search_term_string}"},"query-input":"required name=search_term_string"}],"inLanguage":"de"},{"@type":"Organization","@id":"https:\/\/now-news.de\/de\/#organization","name":"Just Now News","url":"https:\/\/now-news.de\/de\/","logo":{"@type":"ImageObject","inLanguage":"de","@id":"https:\/\/now-news.de\/de\/#\/schema\/logo\/image\/","url":"http:\/\/just-now.news\/de\/wp-content\/uploads\/sites\/3\/2022\/04\/logo500x500.jpg","contentUrl":"http:\/\/just-now.news\/de\/wp-content\/uploads\/sites\/3\/2022\/04\/logo500x500.jpg","width":500,"height":500,"caption":"Just Now News"},"image":{"@id":"https:\/\/now-news.de\/de\/#\/schema\/logo\/image\/"},"sameAs":["https:\/\/www.facebook.com\/wirmachenauf","https:\/\/x.com\/WirMachenAuf_de"]},{"@type":"Person","@id":"https:\/\/now-news.de\/de\/#\/schema\/person\/fb534a4e865501d8b3285208df34a9b5","name":"rtnews","image":{"@type":"ImageObject","inLanguage":"de","@id":"https:\/\/now-news.de\/de\/#\/schema\/person\/image\/","url":"https:\/\/secure.gravatar.com\/avatar\/82aafea7d8127119dd649515f56e2117?s=96&d=mm&r=g","contentUrl":"https:\/\/secure.gravatar.com\/avatar\/82aafea7d8127119dd649515f56e2117?s=96&d=mm&r=g","caption":"rtnews"},"url":"https:\/\/now-news.de\/de\/author\/rnews\/"}]}},"_links":{"self":[{"href":"https:\/\/now-news.de\/de\/wp-json\/wp\/v2\/posts\/59055"}],"collection":[{"href":"https:\/\/now-news.de\/de\/wp-json\/wp\/v2\/posts"}],"about":[{"href":"https:\/\/now-news.de\/de\/wp-json\/wp\/v2\/types\/post"}],"author":[{"embeddable":true,"href":"https:\/\/now-news.de\/de\/wp-json\/wp\/v2\/users\/3"}],"replies":[{"embeddable":true,"href":"https:\/\/now-news.de\/de\/wp-json\/wp\/v2\/comments?post=59055"}],"version-history":[{"count":0,"href":"https:\/\/now-news.de\/de\/wp-json\/wp\/v2\/posts\/59055\/revisions"}],"wp:featuredmedia":[{"embeddable":true,"href":"https:\/\/now-news.de\/de\/wp-json\/wp\/v2\/media\/59056"}],"wp:attachment":[{"href":"https:\/\/now-news.de\/de\/wp-json\/wp\/v2\/media?parent=59055"}],"wp:term":[{"taxonomy":"category","embeddable":true,"href":"https:\/\/now-news.de\/de\/wp-json\/wp\/v2\/categories?post=59055"},{"taxonomy":"post_tag","embeddable":true,"href":"https:\/\/now-news.de\/de\/wp-json\/wp\/v2\/tags?post=59055"}],"curies":[{"name":"wp","href":"https:\/\/api.w.org\/{rel}","templated":true}]}}