{"id":59008,"date":"2024-05-28T16:06:30","date_gmt":"2024-05-28T14:06:30","guid":{"rendered":"https:\/\/now-news.de\/de\/deutschland\/medienbericht-israelische-panzer-im-zentrum-von-rafah\/"},"modified":"2024-05-28T16:06:30","modified_gmt":"2024-05-28T14:06:30","slug":"medienbericht-israelische-panzer-im-zentrum-von-rafah","status":"publish","type":"post","link":"https:\/\/now-news.de\/de\/deutschland\/medienbericht-israelische-panzer-im-zentrum-von-rafah\/","title":{"rendered":"Medienbericht: Israelische Panzer im Zentrum von Rafah"},"content":{"rendered":"<p><img decoding=\"async\" src=\"https:\/\/now-news.de\/de\/wp-content\/uploads\/sites\/3\/2024\/05\/6655dcfa48fbef5786488613.jpg\" \/><\/p>\n<div class=\"Text-root Text-type_1 \">\n                Israelische Panzer sind offenbar in das Zentrum der Stadt Rafah am s\u00fcdlichen Ende des Gazastreifens vorgedrungen und liefern sich dort Gefechte mit pal\u00e4stinensischen K\u00e4mpfern. Das berichtet die Agence France-Presse am Dienstag unter Berufung auf Augenzeugen und Quellen in Sicherheitskreisen.\n            <\/div>\n<p><\/p>\n<div class=\"Text-root Text-type_5 ArticleView-text ViewText-root \">\n<p>Panzer der Israelischen Verteidigungsstreitkr\u00e4fte (IDF) sind bis in das Zentrum von Rafah, der Grenzstadt am s\u00fcdlichen Ende des Gazastreifens, vorgedrungen, woraufhin es zu Zusammenst\u00f6\u00dfen in der Stadt kam, berichtet die Nachrichtenagentur\u00a0<em>Agence France-Presse<\/em>\u00a0(<em>AFP<\/em>) am Dienstag unter Berufung auf Anwohner.<\/p>\n<p>Die Agentur beruft sich dabei neben Zivilisten auch auf Quellen in Milit\u00e4rkreisen und zitiert Augenzeugen:<\/p>\n<blockquote>\n<p><em>&#8220;Israelische Panzer haben sich an einer Stra\u00dfenkreuzung im Zentrum von Rafah positioniert.&#8221;<\/em><\/p>\n<\/blockquote>\n<p>Wie <em>AFP<\/em> weiter schreibt, berichteten Anwohner von Zusammenst\u00f6\u00dfen auf dem Parkplatz gepanzerter Fahrzeuge zwischen israelischen Truppen und &#8220;Mitgliedern bewaffneter Milizen&#8221;.<\/p>\n<p>Israel bombardierte am 28. Mai erneut das Gebiet um Rafah im \u00e4u\u00dfersten S\u00fcden des Gazastreifens, obwohl am Vortag ein Angriff, bei dem eine \u00fcberf\u00fcllte Zeltstadt in Brand gesetzt wurde, weltweit Emp\u00f6rung ausgel\u00f6st hatte. Nach Angaben des pal\u00e4stinensischen Zivilschutzes wurden bei dem israelischen Luftangriff auf das Zeltlager bei Rafah am s\u00fcdlichen Ende des pal\u00e4stinensischen Gazastreifens, wo Zehntausende von Vertriebenen leben, am Montag mindestens 40 Menschen get\u00f6tet und Dutzende verletzt.\u00a0Menschen fliehen nach diesen erneuten Angriffen am Dienstag w\u00e4hrend der weiter andauernden K\u00e4mpfe zwischen Israel und der Hamas in jetzt vermeintlich wieder sicherere Gebiete weiter n\u00f6rdlich im S\u00fcden des Gazastreifens.\u00a0<\/p>\n<p>Das russische Au\u00dfenministerium rief die Parteien beider Seiten auf, die Feindseligkeiten einzustellen. Nach Auffassung in Moskau ist eine L\u00f6sung nur auf der Grundlage der vom UN-Sicherheitsrat gebilligten Formel m\u00f6glich, die die Errichtung eines pal\u00e4stinensischen Staates in den Grenzen von 1967 mit Ost-Jerusalem als Hauptstadt vorsieht.<\/p>\n<p><strong>Mehr zum Thema<\/strong> &#8211; <a rel=\"nofollow noopener\" target=\"_blank\" href=\"https:\/\/freedert.online\/der-nahe-osten\/207264-netanjahu-streik-im-fluechtlingslager-rafah\/\">Netanjahu: Angriff auf das Fl\u00fcchtlingslager Rafah war &#8220;tragischer Fehler&#8221;<\/a><\/p>\n<\/div>\n<p><br \/>\n<br \/><a href=\"https:\/\/de.rt.com\/der-nahe-osten\/207322-medienbericht-israelische-panzer-im-zentrum-von-rafah\/\">Source link <\/a><\/p>\n","protected":false},"excerpt":{"rendered":"<p>Israelische Panzer sind offenbar in das Zentrum der Stadt Rafah am s\u00fcdlichen Ende des Gazastreifens vorgedrungen und liefern sich dort Gefechte mit pal\u00e4stinensischen K\u00e4mpfern. Das berichtet die Agence France-Presse am Dienstag unter Berufung auf Augenzeugen und Quellen in Sicherheitskreisen. Panzer der Israelischen Verteidigungsstreitkr\u00e4fte (IDF) sind bis in das Zentrum von Rafah, der Grenzstadt am s\u00fcdlichen [&hellip;]<\/p>\n","protected":false},"author":3,"featured_media":59009,"comment_status":"open","ping_status":"open","sticky":false,"template":"","format":"standard","meta":{"_yoast_indexnow_last_ping":["1716905613"],"wp_automatic_camp":["217"],"b84af84f9eb15e3c410a9a0478cd979e":["Medienbericht: Israelische Panzer im Zentrum von Rafah"],"original_link":["https:\/\/de.rt.com\/der-nahe-osten\/207322-medienbericht-israelische-panzer-im-zentrum-von-rafah\/"],"_thumbnail_id":["59009"],"_wptgpro_p2tg_sent2tg":["a:1:{i:23737;s:19:\"2024-05-28 16:15:13\";}"],"jnews_social_counter_last_update":["1777318690"]},"categories":[19,23],"tags":[1166,869,11439,49944,50,3014],"yoast_head":"<!-- This site is optimized with the Yoast SEO Premium plugin v22.7 (Yoast SEO v22.7) - https:\/\/yoast.com\/wordpress\/plugins\/seo\/ -->\n<title>Medienbericht: Israelische Panzer im Zentrum von Rafah - just-now.NEWS Deutschland<\/title>\n<meta name=\"robots\" content=\"index, follow, max-snippet:-1, max-image-preview:large, max-video-preview:-1\" \/>\n<link rel=\"canonical\" href=\"https:\/\/now-news.de\/de\/deutschland\/medienbericht-israelische-panzer-im-zentrum-von-rafah\/\" \/>\n<meta property=\"og:locale\" content=\"de_DE\" \/>\n<meta property=\"og:type\" content=\"article\" \/>\n<meta property=\"og:title\" content=\"Medienbericht: Israelische Panzer im Zentrum von Rafah\" \/>\n<meta property=\"og:description\" content=\"Israelische Panzer sind offenbar in das Zentrum der Stadt Rafah am s\u00fcdlichen Ende des Gazastreifens vorgedrungen und liefern sich dort Gefechte mit pal\u00e4stinensischen K\u00e4mpfern. Das berichtet die Agence France-Presse am Dienstag unter Berufung auf Augenzeugen und Quellen in Sicherheitskreisen. Panzer der Israelischen Verteidigungsstreitkr\u00e4fte (IDF) sind bis in das Zentrum von Rafah, der Grenzstadt am s\u00fcdlichen [&hellip;]\" \/>\n<meta property=\"og:url\" content=\"https:\/\/now-news.de\/de\/deutschland\/medienbericht-israelische-panzer-im-zentrum-von-rafah\/\" \/>\n<meta property=\"og:site_name\" content=\"just-now.NEWS Deutschland\" \/>\n<meta property=\"article:publisher\" content=\"https:\/\/www.facebook.com\/wirmachenauf\" \/>\n<meta property=\"article:published_time\" content=\"2024-05-28T14:06:30+00:00\" \/>\n<meta property=\"og:image\" content=\"https:\/\/now-news.de\/de\/wp-content\/uploads\/sites\/3\/2024\/05\/6655dcfa48fbef5786488613.jpg\" \/>\n<meta name=\"author\" content=\"rtnews\" \/>\n<meta name=\"twitter:card\" content=\"summary_large_image\" \/>\n<meta name=\"twitter:creator\" content=\"@WirMachenAuf_de\" \/>\n<meta name=\"twitter:site\" content=\"@WirMachenAuf_de\" \/>\n<meta name=\"twitter:label1\" content=\"Verfasst von\" \/>\n\t<meta name=\"twitter:data1\" content=\"rtnews\" \/>\n\t<meta name=\"twitter:label2\" content=\"Gesch\u00e4tzte Lesezeit\" \/>\n\t<meta name=\"twitter:data2\" content=\"2\u00a0Minuten\" \/>\n<script type=\"application\/ld+json\" class=\"yoast-schema-graph\">{\"@context\":\"https:\/\/schema.org\",\"@graph\":[{\"@type\":\"Article\",\"@id\":\"https:\/\/now-news.de\/de\/deutschland\/medienbericht-israelische-panzer-im-zentrum-von-rafah\/#article\",\"isPartOf\":{\"@id\":\"https:\/\/now-news.de\/de\/deutschland\/medienbericht-israelische-panzer-im-zentrum-von-rafah\/\"},\"author\":{\"name\":\"rtnews\",\"@id\":\"https:\/\/now-news.de\/de\/#\/schema\/person\/fb534a4e865501d8b3285208df34a9b5\"},\"headline\":\"Medienbericht: Israelische Panzer im Zentrum von Rafah\",\"datePublished\":\"2024-05-28T14:06:30+00:00\",\"dateModified\":\"2024-05-28T14:06:30+00:00\",\"mainEntityOfPage\":{\"@id\":\"https:\/\/now-news.de\/de\/deutschland\/medienbericht-israelische-panzer-im-zentrum-von-rafah\/\"},\"wordCount\":316,\"commentCount\":0,\"publisher\":{\"@id\":\"https:\/\/now-news.de\/de\/#organization\"},\"image\":{\"@id\":\"https:\/\/now-news.de\/de\/deutschland\/medienbericht-israelische-panzer-im-zentrum-von-rafah\/#primaryimage\"},\"thumbnailUrl\":\"https:\/\/now-news.de\/de\/wp-content\/uploads\/sites\/3\/2024\/05\/Medienbericht-Israelische-Panzer-im-Zentrum-von-Rafah.jpg\",\"keywords\":[\"Israelische\",\"Medienbericht\",\"panzer\",\"Rafah\",\"von\",\"Zentrum\"],\"articleSection\":[\"Deutschland\",\"Russland\"],\"inLanguage\":\"de\",\"potentialAction\":[{\"@type\":\"CommentAction\",\"name\":\"Comment\",\"target\":[\"https:\/\/now-news.de\/de\/deutschland\/medienbericht-israelische-panzer-im-zentrum-von-rafah\/#respond\"]}]},{\"@type\":\"WebPage\",\"@id\":\"https:\/\/now-news.de\/de\/deutschland\/medienbericht-israelische-panzer-im-zentrum-von-rafah\/\",\"url\":\"https:\/\/now-news.de\/de\/deutschland\/medienbericht-israelische-panzer-im-zentrum-von-rafah\/\",\"name\":\"Medienbericht: Israelische Panzer im Zentrum von Rafah - just-now.NEWS Deutschland\",\"isPartOf\":{\"@id\":\"https:\/\/now-news.de\/de\/#website\"},\"primaryImageOfPage\":{\"@id\":\"https:\/\/now-news.de\/de\/deutschland\/medienbericht-israelische-panzer-im-zentrum-von-rafah\/#primaryimage\"},\"image\":{\"@id\":\"https:\/\/now-news.de\/de\/deutschland\/medienbericht-israelische-panzer-im-zentrum-von-rafah\/#primaryimage\"},\"thumbnailUrl\":\"https:\/\/now-news.de\/de\/wp-content\/uploads\/sites\/3\/2024\/05\/Medienbericht-Israelische-Panzer-im-Zentrum-von-Rafah.jpg\",\"datePublished\":\"2024-05-28T14:06:30+00:00\",\"dateModified\":\"2024-05-28T14:06:30+00:00\",\"breadcrumb\":{\"@id\":\"https:\/\/now-news.de\/de\/deutschland\/medienbericht-israelische-panzer-im-zentrum-von-rafah\/#breadcrumb\"},\"inLanguage\":\"de\",\"potentialAction\":[{\"@type\":\"ReadAction\",\"target\":[\"https:\/\/now-news.de\/de\/deutschland\/medienbericht-israelische-panzer-im-zentrum-von-rafah\/\"]}]},{\"@type\":\"ImageObject\",\"inLanguage\":\"de\",\"@id\":\"https:\/\/now-news.de\/de\/deutschland\/medienbericht-israelische-panzer-im-zentrum-von-rafah\/#primaryimage\",\"url\":\"https:\/\/now-news.de\/de\/wp-content\/uploads\/sites\/3\/2024\/05\/Medienbericht-Israelische-Panzer-im-Zentrum-von-Rafah.jpg\",\"contentUrl\":\"https:\/\/now-news.de\/de\/wp-content\/uploads\/sites\/3\/2024\/05\/Medienbericht-Israelische-Panzer-im-Zentrum-von-Rafah.jpg\",\"width\":460,\"height\":259,\"caption\":\"Medienbericht: Israelische Panzer im Zentrum von Rafah\"},{\"@type\":\"BreadcrumbList\",\"@id\":\"https:\/\/now-news.de\/de\/deutschland\/medienbericht-israelische-panzer-im-zentrum-von-rafah\/#breadcrumb\",\"itemListElement\":[{\"@type\":\"ListItem\",\"position\":1,\"name\":\"Home\",\"item\":\"https:\/\/now-news.de\/de\/\"},{\"@type\":\"ListItem\",\"position\":2,\"name\":\"Medienbericht: Israelische Panzer im Zentrum von Rafah\"}]},{\"@type\":\"WebSite\",\"@id\":\"https:\/\/now-news.de\/de\/#website\",\"url\":\"https:\/\/now-news.de\/de\/\",\"name\":\"just-now.NEWS Deutschland\",\"description\":\"Das Portal f\u00fcr unzensierte Nachrichten aus der Welt\",\"publisher\":{\"@id\":\"https:\/\/now-news.de\/de\/#organization\"},\"potentialAction\":[{\"@type\":\"SearchAction\",\"target\":{\"@type\":\"EntryPoint\",\"urlTemplate\":\"https:\/\/now-news.de\/de\/?s={search_term_string}\"},\"query-input\":\"required name=search_term_string\"}],\"inLanguage\":\"de\"},{\"@type\":\"Organization\",\"@id\":\"https:\/\/now-news.de\/de\/#organization\",\"name\":\"Just Now News\",\"url\":\"https:\/\/now-news.de\/de\/\",\"logo\":{\"@type\":\"ImageObject\",\"inLanguage\":\"de\",\"@id\":\"https:\/\/now-news.de\/de\/#\/schema\/logo\/image\/\",\"url\":\"http:\/\/just-now.news\/de\/wp-content\/uploads\/sites\/3\/2022\/04\/logo500x500.jpg\",\"contentUrl\":\"http:\/\/just-now.news\/de\/wp-content\/uploads\/sites\/3\/2022\/04\/logo500x500.jpg\",\"width\":500,\"height\":500,\"caption\":\"Just Now News\"},\"image\":{\"@id\":\"https:\/\/now-news.de\/de\/#\/schema\/logo\/image\/\"},\"sameAs\":[\"https:\/\/www.facebook.com\/wirmachenauf\",\"https:\/\/x.com\/WirMachenAuf_de\"]},{\"@type\":\"Person\",\"@id\":\"https:\/\/now-news.de\/de\/#\/schema\/person\/fb534a4e865501d8b3285208df34a9b5\",\"name\":\"rtnews\",\"image\":{\"@type\":\"ImageObject\",\"inLanguage\":\"de\",\"@id\":\"https:\/\/now-news.de\/de\/#\/schema\/person\/image\/\",\"url\":\"https:\/\/secure.gravatar.com\/avatar\/82aafea7d8127119dd649515f56e2117?s=96&d=mm&r=g\",\"contentUrl\":\"https:\/\/secure.gravatar.com\/avatar\/82aafea7d8127119dd649515f56e2117?s=96&d=mm&r=g\",\"caption\":\"rtnews\"},\"url\":\"https:\/\/now-news.de\/de\/author\/rnews\/\"}]}<\/script>\n<!-- \/ Yoast SEO Premium plugin. -->","yoast_head_json":{"title":"Medienbericht: Israelische Panzer im Zentrum von Rafah - just-now.NEWS Deutschland","robots":{"index":"index","follow":"follow","max-snippet":"max-snippet:-1","max-image-preview":"max-image-preview:large","max-video-preview":"max-video-preview:-1"},"canonical":"https:\/\/now-news.de\/de\/deutschland\/medienbericht-israelische-panzer-im-zentrum-von-rafah\/","og_locale":"de_DE","og_type":"article","og_title":"Medienbericht: Israelische Panzer im Zentrum von Rafah","og_description":"Israelische Panzer sind offenbar in das Zentrum der Stadt Rafah am s\u00fcdlichen Ende des Gazastreifens vorgedrungen und liefern sich dort Gefechte mit pal\u00e4stinensischen K\u00e4mpfern. Das berichtet die Agence France-Presse am Dienstag unter Berufung auf Augenzeugen und Quellen in Sicherheitskreisen. Panzer der Israelischen Verteidigungsstreitkr\u00e4fte (IDF) sind bis in das Zentrum von Rafah, der Grenzstadt am s\u00fcdlichen [&hellip;]","og_url":"https:\/\/now-news.de\/de\/deutschland\/medienbericht-israelische-panzer-im-zentrum-von-rafah\/","og_site_name":"just-now.NEWS Deutschland","article_publisher":"https:\/\/www.facebook.com\/wirmachenauf","article_published_time":"2024-05-28T14:06:30+00:00","og_image":[{"url":"https:\/\/now-news.de\/de\/wp-content\/uploads\/sites\/3\/2024\/05\/6655dcfa48fbef5786488613.jpg"}],"author":"rtnews","twitter_card":"summary_large_image","twitter_creator":"@WirMachenAuf_de","twitter_site":"@WirMachenAuf_de","twitter_misc":{"Verfasst von":"rtnews","Gesch\u00e4tzte Lesezeit":"2\u00a0Minuten"},"schema":{"@context":"https:\/\/schema.org","@graph":[{"@type":"Article","@id":"https:\/\/now-news.de\/de\/deutschland\/medienbericht-israelische-panzer-im-zentrum-von-rafah\/#article","isPartOf":{"@id":"https:\/\/now-news.de\/de\/deutschland\/medienbericht-israelische-panzer-im-zentrum-von-rafah\/"},"author":{"name":"rtnews","@id":"https:\/\/now-news.de\/de\/#\/schema\/person\/fb534a4e865501d8b3285208df34a9b5"},"headline":"Medienbericht: Israelische Panzer im Zentrum von Rafah","datePublished":"2024-05-28T14:06:30+00:00","dateModified":"2024-05-28T14:06:30+00:00","mainEntityOfPage":{"@id":"https:\/\/now-news.de\/de\/deutschland\/medienbericht-israelische-panzer-im-zentrum-von-rafah\/"},"wordCount":316,"commentCount":0,"publisher":{"@id":"https:\/\/now-news.de\/de\/#organization"},"image":{"@id":"https:\/\/now-news.de\/de\/deutschland\/medienbericht-israelische-panzer-im-zentrum-von-rafah\/#primaryimage"},"thumbnailUrl":"https:\/\/now-news.de\/de\/wp-content\/uploads\/sites\/3\/2024\/05\/Medienbericht-Israelische-Panzer-im-Zentrum-von-Rafah.jpg","keywords":["Israelische","Medienbericht","panzer","Rafah","von","Zentrum"],"articleSection":["Deutschland","Russland"],"inLanguage":"de","potentialAction":[{"@type":"CommentAction","name":"Comment","target":["https:\/\/now-news.de\/de\/deutschland\/medienbericht-israelische-panzer-im-zentrum-von-rafah\/#respond"]}]},{"@type":"WebPage","@id":"https:\/\/now-news.de\/de\/deutschland\/medienbericht-israelische-panzer-im-zentrum-von-rafah\/","url":"https:\/\/now-news.de\/de\/deutschland\/medienbericht-israelische-panzer-im-zentrum-von-rafah\/","name":"Medienbericht: Israelische Panzer im Zentrum von Rafah - just-now.NEWS Deutschland","isPartOf":{"@id":"https:\/\/now-news.de\/de\/#website"},"primaryImageOfPage":{"@id":"https:\/\/now-news.de\/de\/deutschland\/medienbericht-israelische-panzer-im-zentrum-von-rafah\/#primaryimage"},"image":{"@id":"https:\/\/now-news.de\/de\/deutschland\/medienbericht-israelische-panzer-im-zentrum-von-rafah\/#primaryimage"},"thumbnailUrl":"https:\/\/now-news.de\/de\/wp-content\/uploads\/sites\/3\/2024\/05\/Medienbericht-Israelische-Panzer-im-Zentrum-von-Rafah.jpg","datePublished":"2024-05-28T14:06:30+00:00","dateModified":"2024-05-28T14:06:30+00:00","breadcrumb":{"@id":"https:\/\/now-news.de\/de\/deutschland\/medienbericht-israelische-panzer-im-zentrum-von-rafah\/#breadcrumb"},"inLanguage":"de","potentialAction":[{"@type":"ReadAction","target":["https:\/\/now-news.de\/de\/deutschland\/medienbericht-israelische-panzer-im-zentrum-von-rafah\/"]}]},{"@type":"ImageObject","inLanguage":"de","@id":"https:\/\/now-news.de\/de\/deutschland\/medienbericht-israelische-panzer-im-zentrum-von-rafah\/#primaryimage","url":"https:\/\/now-news.de\/de\/wp-content\/uploads\/sites\/3\/2024\/05\/Medienbericht-Israelische-Panzer-im-Zentrum-von-Rafah.jpg","contentUrl":"https:\/\/now-news.de\/de\/wp-content\/uploads\/sites\/3\/2024\/05\/Medienbericht-Israelische-Panzer-im-Zentrum-von-Rafah.jpg","width":460,"height":259,"caption":"Medienbericht: Israelische Panzer im Zentrum von Rafah"},{"@type":"BreadcrumbList","@id":"https:\/\/now-news.de\/de\/deutschland\/medienbericht-israelische-panzer-im-zentrum-von-rafah\/#breadcrumb","itemListElement":[{"@type":"ListItem","position":1,"name":"Home","item":"https:\/\/now-news.de\/de\/"},{"@type":"ListItem","position":2,"name":"Medienbericht: Israelische Panzer im Zentrum von Rafah"}]},{"@type":"WebSite","@id":"https:\/\/now-news.de\/de\/#website","url":"https:\/\/now-news.de\/de\/","name":"just-now.NEWS Deutschland","description":"Das Portal f\u00fcr unzensierte Nachrichten aus der Welt","publisher":{"@id":"https:\/\/now-news.de\/de\/#organization"},"potentialAction":[{"@type":"SearchAction","target":{"@type":"EntryPoint","urlTemplate":"https:\/\/now-news.de\/de\/?s={search_term_string}"},"query-input":"required name=search_term_string"}],"inLanguage":"de"},{"@type":"Organization","@id":"https:\/\/now-news.de\/de\/#organization","name":"Just Now News","url":"https:\/\/now-news.de\/de\/","logo":{"@type":"ImageObject","inLanguage":"de","@id":"https:\/\/now-news.de\/de\/#\/schema\/logo\/image\/","url":"http:\/\/just-now.news\/de\/wp-content\/uploads\/sites\/3\/2022\/04\/logo500x500.jpg","contentUrl":"http:\/\/just-now.news\/de\/wp-content\/uploads\/sites\/3\/2022\/04\/logo500x500.jpg","width":500,"height":500,"caption":"Just Now News"},"image":{"@id":"https:\/\/now-news.de\/de\/#\/schema\/logo\/image\/"},"sameAs":["https:\/\/www.facebook.com\/wirmachenauf","https:\/\/x.com\/WirMachenAuf_de"]},{"@type":"Person","@id":"https:\/\/now-news.de\/de\/#\/schema\/person\/fb534a4e865501d8b3285208df34a9b5","name":"rtnews","image":{"@type":"ImageObject","inLanguage":"de","@id":"https:\/\/now-news.de\/de\/#\/schema\/person\/image\/","url":"https:\/\/secure.gravatar.com\/avatar\/82aafea7d8127119dd649515f56e2117?s=96&d=mm&r=g","contentUrl":"https:\/\/secure.gravatar.com\/avatar\/82aafea7d8127119dd649515f56e2117?s=96&d=mm&r=g","caption":"rtnews"},"url":"https:\/\/now-news.de\/de\/author\/rnews\/"}]}},"_links":{"self":[{"href":"https:\/\/now-news.de\/de\/wp-json\/wp\/v2\/posts\/59008"}],"collection":[{"href":"https:\/\/now-news.de\/de\/wp-json\/wp\/v2\/posts"}],"about":[{"href":"https:\/\/now-news.de\/de\/wp-json\/wp\/v2\/types\/post"}],"author":[{"embeddable":true,"href":"https:\/\/now-news.de\/de\/wp-json\/wp\/v2\/users\/3"}],"replies":[{"embeddable":true,"href":"https:\/\/now-news.de\/de\/wp-json\/wp\/v2\/comments?post=59008"}],"version-history":[{"count":0,"href":"https:\/\/now-news.de\/de\/wp-json\/wp\/v2\/posts\/59008\/revisions"}],"wp:featuredmedia":[{"embeddable":true,"href":"https:\/\/now-news.de\/de\/wp-json\/wp\/v2\/media\/59009"}],"wp:attachment":[{"href":"https:\/\/now-news.de\/de\/wp-json\/wp\/v2\/media?parent=59008"}],"wp:term":[{"taxonomy":"category","embeddable":true,"href":"https:\/\/now-news.de\/de\/wp-json\/wp\/v2\/categories?post=59008"},{"taxonomy":"post_tag","embeddable":true,"href":"https:\/\/now-news.de\/de\/wp-json\/wp\/v2\/tags?post=59008"}],"curies":[{"name":"wp","href":"https:\/\/api.w.org\/{rel}","templated":true}]}}