{"id":59000,"date":"2024-05-28T15:00:37","date_gmt":"2024-05-28T13:00:37","guid":{"rendered":"https:\/\/now-news.de\/de\/deutschland\/un-resolution-zu-srebrenica-deutschland-provoziert-serbien\/"},"modified":"2024-05-28T15:00:37","modified_gmt":"2024-05-28T13:00:37","slug":"un-resolution-zu-srebrenica-deutschland-provoziert-serbien","status":"publish","type":"post","link":"https:\/\/now-news.de\/de\/deutschland\/un-resolution-zu-srebrenica-deutschland-provoziert-serbien\/","title":{"rendered":"UN-Resolution zu Srebrenica: Deutschland provoziert Serbien"},"content":{"rendered":"<p><img decoding=\"async\" src=\"https:\/\/now-news.de\/de\/wp-content\/uploads\/sites\/3\/2024\/05\/6655ca0a48fbef54d2729967.jpg\" \/><\/p>\n<div class=\"Text-root Text-type_1 \">\n                Deutschland hat in der UN-Generalversammlung einen Resolutionsentwurf zu Srebrenica eingebracht. Es war eine absichtsvolle Provokation Serbiens, die weitreichende Konsequenzen haben kann. Der Balkan-Konflikt droht erneut aufzubrechen. Deutschland tr\u00e4gt auch hier nichts zum Frieden bei.\n            <\/div>\n<p><\/p>\n<div class=\"Text-root Text-type_5 ArticleView-text ViewText-root \">\n<p>Deutsche Politik betreibt weiter Eskalationen und heizt Konflikte an. Nach der Eskalation des Ukraine-Konflikts, unter anderem durch die Sabotage von Minsk 2, der einseitigen Positionierung Deutschlands an der Seite Israels und dem offensichtlichen Willen zu Konfrontation mit China, gie\u00dft Deutschland auch im Balkan nun \u00d6l ins Feuer.\u00a0<\/p>\n<p>Mit dem Einbringen eines\u00a0<a rel=\"nofollow noopener\" target=\"_blank\" href=\"https:\/\/documents.un.org\/doc\/undoc\/ltd\/n24\/140\/80\/pdf\/n2414080.pdf?token=VrC1jPIgPc7oXG9Alo&amp;fe=true\">Resolutionsentwurfs\u00a0<\/a>in die UN-Generalversammlung, der den 11. Juli zum internationalen Gedenktag des V\u00f6lkermords in Srebrenica macht, hat die Bundesregierung erneut gezeigt, dass sie an Diplomatie und Vermittlung weiterhin kein Interesse hat, sondern bestrebt ist, internationale Spannungen anzuheizen.<\/p>\n<p>Die UN-Generalversammlung hat den von Deutschland und Ruanda eingebrachten Resolutionsentwurf zwar angenommen, als erfolgreich kann der deutsche Vorsto\u00df jedoch nicht gelten. Die Mehrheit der L\u00e4nder hat sich entweder enthalten, war nicht anwesend oder hat gegen den Entwurf gestimmt. Vor allem Deutschland hat erheblichen Druck auf kleinere L\u00e4nder ausge\u00fcbt, wird berichtet. Der geringe Erfolg ist wohl auch den offensichtlichen deutschen Doppelstandards geschuldet, die nicht mehr zu \u00fcbersehen sind.\u00a0<\/p>\n<p>Bernd Duschner legt in einem\u00a0<a rel=\"nofollow noopener\" target=\"_blank\" href=\"https:\/\/www.nachdenkseiten.de\/?p=115797\">Beitrag\u00a0<\/a>auf den\u00a0<em>NachDenkSeiten<\/em>\u00a0dar, was die Annahme der Resolution f\u00fcr Auswirkungen auf den Balkan hat. Serbien legt den Akt als Aggression aus. Das Land leugnet nicht, dass es w\u00e4hrend des Krieges in Srebrenica zu Kriegsverbrechen kam. Diese gab es jedoch sowohl auf bosnischer als auch auf serbischer Seite. Serbien verweist zudem darauf, dass es bereits einen Internationalen Gedenktag f\u00fcr die Opfer des V\u00f6lkermordes gibt.\u00a0<\/p>\n<p>Zudem ist der Aufarbeitungsprozess in keiner Weise abgeschlossen, wie die Resolution behauptet. Der Resolutionstext verlangt jedoch die internationale Anerkennung ausdr\u00fccklich der bestehenden Fakten und zudem deren k\u00fcnftige &#8220;Verzerrung&#8221; zu unterbinden. Wie schon hinsichtlich der Anerkennung eines angeblichen V\u00f6lkermordes in der Ukraine durch Stalin, dem sogenannten Holodomor, will Deutschland eine einseitige Sicht festschreiben und jede k\u00fcnftige Diskussion dar\u00fcber verhindern.\u00a0\u00a0<\/p>\n<p>Duschner verweist in dem Zusammenhang auf das besondere deutsch-serbische Verh\u00e4ltnis. Deutschland hat Serbien dreimal mit Angriffskriegen \u00fcberzogen. 1914, 1941 und 1999 hat Deutschland Serbien angegriffen. Vor allem im Zweiten Weltkrieg hat die Wehrmacht schwerste Massaker unter der serbischen Bev\u00f6lkerung ver\u00fcbt.\u00a0<\/p>\n<p><em>&#8220;In Serbien ist man emp\u00f6rt, dass gerade eine deutsche Regierung versucht, ihrem Volk das Label f\u00fcr einen &#8216;V\u00f6lkermord&#8217; anzuheften.&#8221;<\/em><\/p>\n<p>Bizarr wirkt die deutsche Strategie auch vor dem Hintergrund, dass Deutschland sich aktuell dem Vorwurf ausgesetzt sieht, durch die Unterst\u00fctzung der Netanjahu-Regierung in Israel V\u00f6lkermord zu beg\u00fcnstigen. Deutschland ist mit seiner bedingungslosen Solidarit\u00e4t mit Israel international weitgehend isoliert. Auch mit Deutschland befreundete Staaten r\u00fccken in diesem Punkt von Deutschland ab.\u00a0<\/p>\n<p>F\u00fcr die serbisch gepr\u00e4gte Republik Srpska ist mit der Verabschiedung der Resolution das Ende des Einigungsprozesses mit Bosnien gekommen. Die Republik hat erkl\u00e4rt, sich nun von Bosnien l\u00f6sen zu wollen. Auch im Kosovo nehmen die Spannungen wieder zu. Weder die NATO noch die EU sorgen hier f\u00fcr einen Ausgleich der Interessen, sondern positionieren sich einseitig auf der Seite der Regierung in Pristina und erh\u00f6hen den Druck auf die im Kosovo lebenden Serben.\u00a0Die Resolution war daher ein schwerer Fehler, urteilt Duschner.\u00a0<\/p>\n<p><em>&#8220;Mit der einseitigen UN-Resolution konnte kein Beitrag zur Auss\u00f6hnung zwischen den Volksgruppen in Bosnien geleistet werden. Mittlerweile ist offensichtlich, dass mit ihr nur alte Wunden aufgerissen und die Konflikte zwischen den Teilrepubliken in Bosnien und in der ganzen Region versch\u00e4rft werden.&#8221;<\/em><\/p>\n<p>Damit wiederholt Deutschland seine au\u00dfenpolitische Strategie, die es auch in der Ukraine, in Georgien, Moldawien, China und anderen Regionen der Welt anwendet. Sie betreibt Eskalation und verst\u00f6\u00dft damit gegen das im Einheitsvertrag gegebene Versprechen, dass von einem geeinten Deutschland nur noch Frieden ausgeht.\u00a0<\/p>\n<p>Serbien wendet sich in der Konsequenz verst\u00e4ndlicherweise immer weiter von der EU und der NATO ab und Russland sowie China zu. So unterzeichnete Serbien k\u00fcrzlich ein Freihandelsabkommen mit China. Chinesische Investoren sind dort gern gesehen.<\/p>\n<p>Angesichts der deutschen Provokation ist Russland inzwischen ebenfalls dazu \u00fcbergegangen, die deutschen Gr\u00e4ueltaten w\u00e4hrend des Zweiten Weltkriegs einer Revision zu unterziehen. So fordert Russland von Deutschland die Anerkennung der Blockade von Leningrad als Genozid.<\/p>\n<p>Sollte Russland den Schritt ins Auge fassen, in der UN-Generalversammlung einen Resolutionsentwurf zur Verurteilung Deutschlands einzubringen, stehen die Chancen auf eine hohe Zustimmung gut. Deutschlands Ansehen in der Welt ist aufgrund seiner aggressiven, von Doppelstandards durchzogenen Au\u00dfenpolitik schwer besch\u00e4digt. Auch das Ergebnis der Abstimmung zum deutschen Resolutionsentwurf\u00a0ist Zeugnis f\u00fcr\u00a0den Ansehensverlust Deutschlands.\u00a0<\/p>\n<p><strong>Mehr zum Thema<\/strong>\u00a0\u2013 <a rel=\"nofollow noopener\" target=\"_blank\" href=\"https:\/\/freedert.online\/kurzclips\/video\/206954-republika-srpska-bekraeftigt-austritt-aus\/\">Republika Srpska bekr\u00e4ftigt Austritt aus Bosnien-Herzegowina nach Srebrenica-Resolution<\/a><\/p>\n<\/p>\n<\/div>\n<p><br \/>\n<br \/><a href=\"https:\/\/de.rt.com\/inland\/207297-un-resolution-zu-srebrenica-deutschland\/\">Source link <\/a><\/p>\n","protected":false},"excerpt":{"rendered":"<p>Deutschland hat in der UN-Generalversammlung einen Resolutionsentwurf zu Srebrenica eingebracht. Es war eine absichtsvolle Provokation Serbiens, die weitreichende Konsequenzen haben kann. Der Balkan-Konflikt droht erneut aufzubrechen. Deutschland tr\u00e4gt auch hier nichts zum Frieden bei. Deutsche Politik betreibt weiter Eskalationen und heizt Konflikte an. Nach der Eskalation des Ukraine-Konflikts, unter anderem durch die Sabotage von Minsk [&hellip;]<\/p>\n","protected":false},"author":3,"featured_media":59001,"comment_status":"open","ping_status":"open","sticky":false,"template":"","format":"standard","meta":{"_yoast_indexnow_last_ping":["1716901290"],"wp_automatic_camp":["217"],"d61e32e0b2f00b71a4dc19c9d3f6c167":["UN-Resolution zu Srebrenica: Deutschland provoziert Serbien"],"original_link":["https:\/\/de.rt.com\/inland\/207297-un-resolution-zu-srebrenica-deutschland\/"],"_thumbnail_id":["59001"],"_wptgpro_p2tg_sent2tg":["a:1:{i:23737;s:19:\"2024-05-28 15:02:43\";}"],"jnews_social_counter_last_update":["1777160422"]},"categories":[19,23],"tags":[179,31698,978,55082,25165],"yoast_head":"<!-- This site is optimized with the Yoast SEO Premium plugin v22.7 (Yoast SEO v22.7) - https:\/\/yoast.com\/wordpress\/plugins\/seo\/ -->\n<title>UN-Resolution zu Srebrenica: Deutschland provoziert Serbien - just-now.NEWS Deutschland<\/title>\n<meta name=\"robots\" content=\"index, follow, max-snippet:-1, max-image-preview:large, max-video-preview:-1\" \/>\n<link rel=\"canonical\" href=\"https:\/\/now-news.de\/de\/deutschland\/un-resolution-zu-srebrenica-deutschland-provoziert-serbien\/\" \/>\n<meta property=\"og:locale\" content=\"de_DE\" \/>\n<meta property=\"og:type\" content=\"article\" \/>\n<meta property=\"og:title\" content=\"UN-Resolution zu Srebrenica: Deutschland provoziert Serbien\" \/>\n<meta property=\"og:description\" content=\"Deutschland hat in der UN-Generalversammlung einen Resolutionsentwurf zu Srebrenica eingebracht. Es war eine absichtsvolle Provokation Serbiens, die weitreichende Konsequenzen haben kann. Der Balkan-Konflikt droht erneut aufzubrechen. Deutschland tr\u00e4gt auch hier nichts zum Frieden bei. Deutsche Politik betreibt weiter Eskalationen und heizt Konflikte an. Nach der Eskalation des Ukraine-Konflikts, unter anderem durch die Sabotage von Minsk [&hellip;]\" \/>\n<meta property=\"og:url\" content=\"https:\/\/now-news.de\/de\/deutschland\/un-resolution-zu-srebrenica-deutschland-provoziert-serbien\/\" \/>\n<meta property=\"og:site_name\" content=\"just-now.NEWS Deutschland\" \/>\n<meta property=\"article:publisher\" content=\"https:\/\/www.facebook.com\/wirmachenauf\" \/>\n<meta property=\"article:published_time\" content=\"2024-05-28T13:00:37+00:00\" \/>\n<meta property=\"og:image\" content=\"https:\/\/now-news.de\/de\/wp-content\/uploads\/sites\/3\/2024\/05\/6655ca0a48fbef54d2729967.jpg\" \/>\n<meta name=\"author\" content=\"rtnews\" \/>\n<meta name=\"twitter:card\" content=\"summary_large_image\" \/>\n<meta name=\"twitter:creator\" content=\"@WirMachenAuf_de\" \/>\n<meta name=\"twitter:site\" content=\"@WirMachenAuf_de\" \/>\n<meta name=\"twitter:label1\" content=\"Verfasst von\" \/>\n\t<meta name=\"twitter:data1\" content=\"rtnews\" \/>\n\t<meta name=\"twitter:label2\" content=\"Gesch\u00e4tzte Lesezeit\" \/>\n\t<meta name=\"twitter:data2\" content=\"4\u00a0Minuten\" \/>\n<script type=\"application\/ld+json\" class=\"yoast-schema-graph\">{\"@context\":\"https:\/\/schema.org\",\"@graph\":[{\"@type\":\"Article\",\"@id\":\"https:\/\/now-news.de\/de\/deutschland\/un-resolution-zu-srebrenica-deutschland-provoziert-serbien\/#article\",\"isPartOf\":{\"@id\":\"https:\/\/now-news.de\/de\/deutschland\/un-resolution-zu-srebrenica-deutschland-provoziert-serbien\/\"},\"author\":{\"name\":\"rtnews\",\"@id\":\"https:\/\/now-news.de\/de\/#\/schema\/person\/fb534a4e865501d8b3285208df34a9b5\"},\"headline\":\"UN-Resolution zu Srebrenica: Deutschland provoziert Serbien\",\"datePublished\":\"2024-05-28T13:00:37+00:00\",\"dateModified\":\"2024-05-28T13:00:37+00:00\",\"mainEntityOfPage\":{\"@id\":\"https:\/\/now-news.de\/de\/deutschland\/un-resolution-zu-srebrenica-deutschland-provoziert-serbien\/\"},\"wordCount\":772,\"commentCount\":0,\"publisher\":{\"@id\":\"https:\/\/now-news.de\/de\/#organization\"},\"image\":{\"@id\":\"https:\/\/now-news.de\/de\/deutschland\/un-resolution-zu-srebrenica-deutschland-provoziert-serbien\/#primaryimage\"},\"thumbnailUrl\":\"https:\/\/now-news.de\/de\/wp-content\/uploads\/sites\/3\/2024\/05\/UN-Resolution-zu-Srebrenica-Deutschland-provoziert-Serbien.jpg\",\"keywords\":[\"Deutschland\",\"provoziert\",\"Serbien\",\"Srebrenica\",\"UNResolution\"],\"articleSection\":[\"Deutschland\",\"Russland\"],\"inLanguage\":\"de\",\"potentialAction\":[{\"@type\":\"CommentAction\",\"name\":\"Comment\",\"target\":[\"https:\/\/now-news.de\/de\/deutschland\/un-resolution-zu-srebrenica-deutschland-provoziert-serbien\/#respond\"]}]},{\"@type\":\"WebPage\",\"@id\":\"https:\/\/now-news.de\/de\/deutschland\/un-resolution-zu-srebrenica-deutschland-provoziert-serbien\/\",\"url\":\"https:\/\/now-news.de\/de\/deutschland\/un-resolution-zu-srebrenica-deutschland-provoziert-serbien\/\",\"name\":\"UN-Resolution zu Srebrenica: Deutschland provoziert Serbien - just-now.NEWS Deutschland\",\"isPartOf\":{\"@id\":\"https:\/\/now-news.de\/de\/#website\"},\"primaryImageOfPage\":{\"@id\":\"https:\/\/now-news.de\/de\/deutschland\/un-resolution-zu-srebrenica-deutschland-provoziert-serbien\/#primaryimage\"},\"image\":{\"@id\":\"https:\/\/now-news.de\/de\/deutschland\/un-resolution-zu-srebrenica-deutschland-provoziert-serbien\/#primaryimage\"},\"thumbnailUrl\":\"https:\/\/now-news.de\/de\/wp-content\/uploads\/sites\/3\/2024\/05\/UN-Resolution-zu-Srebrenica-Deutschland-provoziert-Serbien.jpg\",\"datePublished\":\"2024-05-28T13:00:37+00:00\",\"dateModified\":\"2024-05-28T13:00:37+00:00\",\"breadcrumb\":{\"@id\":\"https:\/\/now-news.de\/de\/deutschland\/un-resolution-zu-srebrenica-deutschland-provoziert-serbien\/#breadcrumb\"},\"inLanguage\":\"de\",\"potentialAction\":[{\"@type\":\"ReadAction\",\"target\":[\"https:\/\/now-news.de\/de\/deutschland\/un-resolution-zu-srebrenica-deutschland-provoziert-serbien\/\"]}]},{\"@type\":\"ImageObject\",\"inLanguage\":\"de\",\"@id\":\"https:\/\/now-news.de\/de\/deutschland\/un-resolution-zu-srebrenica-deutschland-provoziert-serbien\/#primaryimage\",\"url\":\"https:\/\/now-news.de\/de\/wp-content\/uploads\/sites\/3\/2024\/05\/UN-Resolution-zu-Srebrenica-Deutschland-provoziert-Serbien.jpg\",\"contentUrl\":\"https:\/\/now-news.de\/de\/wp-content\/uploads\/sites\/3\/2024\/05\/UN-Resolution-zu-Srebrenica-Deutschland-provoziert-Serbien.jpg\",\"width\":460,\"height\":259,\"caption\":\"UN-Resolution zu Srebrenica: Deutschland provoziert Serbien\"},{\"@type\":\"BreadcrumbList\",\"@id\":\"https:\/\/now-news.de\/de\/deutschland\/un-resolution-zu-srebrenica-deutschland-provoziert-serbien\/#breadcrumb\",\"itemListElement\":[{\"@type\":\"ListItem\",\"position\":1,\"name\":\"Home\",\"item\":\"https:\/\/now-news.de\/de\/\"},{\"@type\":\"ListItem\",\"position\":2,\"name\":\"UN-Resolution zu Srebrenica: Deutschland provoziert Serbien\"}]},{\"@type\":\"WebSite\",\"@id\":\"https:\/\/now-news.de\/de\/#website\",\"url\":\"https:\/\/now-news.de\/de\/\",\"name\":\"just-now.NEWS Deutschland\",\"description\":\"Das Portal f\u00fcr unzensierte Nachrichten aus der Welt\",\"publisher\":{\"@id\":\"https:\/\/now-news.de\/de\/#organization\"},\"potentialAction\":[{\"@type\":\"SearchAction\",\"target\":{\"@type\":\"EntryPoint\",\"urlTemplate\":\"https:\/\/now-news.de\/de\/?s={search_term_string}\"},\"query-input\":\"required name=search_term_string\"}],\"inLanguage\":\"de\"},{\"@type\":\"Organization\",\"@id\":\"https:\/\/now-news.de\/de\/#organization\",\"name\":\"Just Now News\",\"url\":\"https:\/\/now-news.de\/de\/\",\"logo\":{\"@type\":\"ImageObject\",\"inLanguage\":\"de\",\"@id\":\"https:\/\/now-news.de\/de\/#\/schema\/logo\/image\/\",\"url\":\"http:\/\/just-now.news\/de\/wp-content\/uploads\/sites\/3\/2022\/04\/logo500x500.jpg\",\"contentUrl\":\"http:\/\/just-now.news\/de\/wp-content\/uploads\/sites\/3\/2022\/04\/logo500x500.jpg\",\"width\":500,\"height\":500,\"caption\":\"Just Now News\"},\"image\":{\"@id\":\"https:\/\/now-news.de\/de\/#\/schema\/logo\/image\/\"},\"sameAs\":[\"https:\/\/www.facebook.com\/wirmachenauf\",\"https:\/\/x.com\/WirMachenAuf_de\"]},{\"@type\":\"Person\",\"@id\":\"https:\/\/now-news.de\/de\/#\/schema\/person\/fb534a4e865501d8b3285208df34a9b5\",\"name\":\"rtnews\",\"image\":{\"@type\":\"ImageObject\",\"inLanguage\":\"de\",\"@id\":\"https:\/\/now-news.de\/de\/#\/schema\/person\/image\/\",\"url\":\"https:\/\/secure.gravatar.com\/avatar\/82aafea7d8127119dd649515f56e2117?s=96&d=mm&r=g\",\"contentUrl\":\"https:\/\/secure.gravatar.com\/avatar\/82aafea7d8127119dd649515f56e2117?s=96&d=mm&r=g\",\"caption\":\"rtnews\"},\"url\":\"https:\/\/now-news.de\/de\/author\/rnews\/\"}]}<\/script>\n<!-- \/ Yoast SEO Premium plugin. -->","yoast_head_json":{"title":"UN-Resolution zu Srebrenica: Deutschland provoziert Serbien - just-now.NEWS Deutschland","robots":{"index":"index","follow":"follow","max-snippet":"max-snippet:-1","max-image-preview":"max-image-preview:large","max-video-preview":"max-video-preview:-1"},"canonical":"https:\/\/now-news.de\/de\/deutschland\/un-resolution-zu-srebrenica-deutschland-provoziert-serbien\/","og_locale":"de_DE","og_type":"article","og_title":"UN-Resolution zu Srebrenica: Deutschland provoziert Serbien","og_description":"Deutschland hat in der UN-Generalversammlung einen Resolutionsentwurf zu Srebrenica eingebracht. Es war eine absichtsvolle Provokation Serbiens, die weitreichende Konsequenzen haben kann. Der Balkan-Konflikt droht erneut aufzubrechen. Deutschland tr\u00e4gt auch hier nichts zum Frieden bei. Deutsche Politik betreibt weiter Eskalationen und heizt Konflikte an. Nach der Eskalation des Ukraine-Konflikts, unter anderem durch die Sabotage von Minsk [&hellip;]","og_url":"https:\/\/now-news.de\/de\/deutschland\/un-resolution-zu-srebrenica-deutschland-provoziert-serbien\/","og_site_name":"just-now.NEWS Deutschland","article_publisher":"https:\/\/www.facebook.com\/wirmachenauf","article_published_time":"2024-05-28T13:00:37+00:00","og_image":[{"url":"https:\/\/now-news.de\/de\/wp-content\/uploads\/sites\/3\/2024\/05\/6655ca0a48fbef54d2729967.jpg"}],"author":"rtnews","twitter_card":"summary_large_image","twitter_creator":"@WirMachenAuf_de","twitter_site":"@WirMachenAuf_de","twitter_misc":{"Verfasst von":"rtnews","Gesch\u00e4tzte Lesezeit":"4\u00a0Minuten"},"schema":{"@context":"https:\/\/schema.org","@graph":[{"@type":"Article","@id":"https:\/\/now-news.de\/de\/deutschland\/un-resolution-zu-srebrenica-deutschland-provoziert-serbien\/#article","isPartOf":{"@id":"https:\/\/now-news.de\/de\/deutschland\/un-resolution-zu-srebrenica-deutschland-provoziert-serbien\/"},"author":{"name":"rtnews","@id":"https:\/\/now-news.de\/de\/#\/schema\/person\/fb534a4e865501d8b3285208df34a9b5"},"headline":"UN-Resolution zu Srebrenica: Deutschland provoziert Serbien","datePublished":"2024-05-28T13:00:37+00:00","dateModified":"2024-05-28T13:00:37+00:00","mainEntityOfPage":{"@id":"https:\/\/now-news.de\/de\/deutschland\/un-resolution-zu-srebrenica-deutschland-provoziert-serbien\/"},"wordCount":772,"commentCount":0,"publisher":{"@id":"https:\/\/now-news.de\/de\/#organization"},"image":{"@id":"https:\/\/now-news.de\/de\/deutschland\/un-resolution-zu-srebrenica-deutschland-provoziert-serbien\/#primaryimage"},"thumbnailUrl":"https:\/\/now-news.de\/de\/wp-content\/uploads\/sites\/3\/2024\/05\/UN-Resolution-zu-Srebrenica-Deutschland-provoziert-Serbien.jpg","keywords":["Deutschland","provoziert","Serbien","Srebrenica","UNResolution"],"articleSection":["Deutschland","Russland"],"inLanguage":"de","potentialAction":[{"@type":"CommentAction","name":"Comment","target":["https:\/\/now-news.de\/de\/deutschland\/un-resolution-zu-srebrenica-deutschland-provoziert-serbien\/#respond"]}]},{"@type":"WebPage","@id":"https:\/\/now-news.de\/de\/deutschland\/un-resolution-zu-srebrenica-deutschland-provoziert-serbien\/","url":"https:\/\/now-news.de\/de\/deutschland\/un-resolution-zu-srebrenica-deutschland-provoziert-serbien\/","name":"UN-Resolution zu Srebrenica: Deutschland provoziert Serbien - just-now.NEWS Deutschland","isPartOf":{"@id":"https:\/\/now-news.de\/de\/#website"},"primaryImageOfPage":{"@id":"https:\/\/now-news.de\/de\/deutschland\/un-resolution-zu-srebrenica-deutschland-provoziert-serbien\/#primaryimage"},"image":{"@id":"https:\/\/now-news.de\/de\/deutschland\/un-resolution-zu-srebrenica-deutschland-provoziert-serbien\/#primaryimage"},"thumbnailUrl":"https:\/\/now-news.de\/de\/wp-content\/uploads\/sites\/3\/2024\/05\/UN-Resolution-zu-Srebrenica-Deutschland-provoziert-Serbien.jpg","datePublished":"2024-05-28T13:00:37+00:00","dateModified":"2024-05-28T13:00:37+00:00","breadcrumb":{"@id":"https:\/\/now-news.de\/de\/deutschland\/un-resolution-zu-srebrenica-deutschland-provoziert-serbien\/#breadcrumb"},"inLanguage":"de","potentialAction":[{"@type":"ReadAction","target":["https:\/\/now-news.de\/de\/deutschland\/un-resolution-zu-srebrenica-deutschland-provoziert-serbien\/"]}]},{"@type":"ImageObject","inLanguage":"de","@id":"https:\/\/now-news.de\/de\/deutschland\/un-resolution-zu-srebrenica-deutschland-provoziert-serbien\/#primaryimage","url":"https:\/\/now-news.de\/de\/wp-content\/uploads\/sites\/3\/2024\/05\/UN-Resolution-zu-Srebrenica-Deutschland-provoziert-Serbien.jpg","contentUrl":"https:\/\/now-news.de\/de\/wp-content\/uploads\/sites\/3\/2024\/05\/UN-Resolution-zu-Srebrenica-Deutschland-provoziert-Serbien.jpg","width":460,"height":259,"caption":"UN-Resolution zu Srebrenica: Deutschland provoziert Serbien"},{"@type":"BreadcrumbList","@id":"https:\/\/now-news.de\/de\/deutschland\/un-resolution-zu-srebrenica-deutschland-provoziert-serbien\/#breadcrumb","itemListElement":[{"@type":"ListItem","position":1,"name":"Home","item":"https:\/\/now-news.de\/de\/"},{"@type":"ListItem","position":2,"name":"UN-Resolution zu Srebrenica: Deutschland provoziert Serbien"}]},{"@type":"WebSite","@id":"https:\/\/now-news.de\/de\/#website","url":"https:\/\/now-news.de\/de\/","name":"just-now.NEWS Deutschland","description":"Das Portal f\u00fcr unzensierte Nachrichten aus der Welt","publisher":{"@id":"https:\/\/now-news.de\/de\/#organization"},"potentialAction":[{"@type":"SearchAction","target":{"@type":"EntryPoint","urlTemplate":"https:\/\/now-news.de\/de\/?s={search_term_string}"},"query-input":"required name=search_term_string"}],"inLanguage":"de"},{"@type":"Organization","@id":"https:\/\/now-news.de\/de\/#organization","name":"Just Now News","url":"https:\/\/now-news.de\/de\/","logo":{"@type":"ImageObject","inLanguage":"de","@id":"https:\/\/now-news.de\/de\/#\/schema\/logo\/image\/","url":"http:\/\/just-now.news\/de\/wp-content\/uploads\/sites\/3\/2022\/04\/logo500x500.jpg","contentUrl":"http:\/\/just-now.news\/de\/wp-content\/uploads\/sites\/3\/2022\/04\/logo500x500.jpg","width":500,"height":500,"caption":"Just Now News"},"image":{"@id":"https:\/\/now-news.de\/de\/#\/schema\/logo\/image\/"},"sameAs":["https:\/\/www.facebook.com\/wirmachenauf","https:\/\/x.com\/WirMachenAuf_de"]},{"@type":"Person","@id":"https:\/\/now-news.de\/de\/#\/schema\/person\/fb534a4e865501d8b3285208df34a9b5","name":"rtnews","image":{"@type":"ImageObject","inLanguage":"de","@id":"https:\/\/now-news.de\/de\/#\/schema\/person\/image\/","url":"https:\/\/secure.gravatar.com\/avatar\/82aafea7d8127119dd649515f56e2117?s=96&d=mm&r=g","contentUrl":"https:\/\/secure.gravatar.com\/avatar\/82aafea7d8127119dd649515f56e2117?s=96&d=mm&r=g","caption":"rtnews"},"url":"https:\/\/now-news.de\/de\/author\/rnews\/"}]}},"_links":{"self":[{"href":"https:\/\/now-news.de\/de\/wp-json\/wp\/v2\/posts\/59000"}],"collection":[{"href":"https:\/\/now-news.de\/de\/wp-json\/wp\/v2\/posts"}],"about":[{"href":"https:\/\/now-news.de\/de\/wp-json\/wp\/v2\/types\/post"}],"author":[{"embeddable":true,"href":"https:\/\/now-news.de\/de\/wp-json\/wp\/v2\/users\/3"}],"replies":[{"embeddable":true,"href":"https:\/\/now-news.de\/de\/wp-json\/wp\/v2\/comments?post=59000"}],"version-history":[{"count":0,"href":"https:\/\/now-news.de\/de\/wp-json\/wp\/v2\/posts\/59000\/revisions"}],"wp:featuredmedia":[{"embeddable":true,"href":"https:\/\/now-news.de\/de\/wp-json\/wp\/v2\/media\/59001"}],"wp:attachment":[{"href":"https:\/\/now-news.de\/de\/wp-json\/wp\/v2\/media?parent=59000"}],"wp:term":[{"taxonomy":"category","embeddable":true,"href":"https:\/\/now-news.de\/de\/wp-json\/wp\/v2\/categories?post=59000"},{"taxonomy":"post_tag","embeddable":true,"href":"https:\/\/now-news.de\/de\/wp-json\/wp\/v2\/tags?post=59000"}],"curies":[{"name":"wp","href":"https:\/\/api.w.org\/{rel}","templated":true}]}}