{"id":58996,"date":"2024-05-28T13:57:58","date_gmt":"2024-05-28T11:57:58","guid":{"rendered":"https:\/\/now-news.de\/de\/deutschland\/ungarns-aussenminister-ukrainische-maenner-fluechten-um-dem-sicheren-tod-zu-entgehen\/"},"modified":"2024-05-28T13:57:58","modified_gmt":"2024-05-28T11:57:58","slug":"ungarns-aussenminister-ukrainische-maenner-fluechten-um-dem-sicheren-tod-zu-entgehen","status":"publish","type":"post","link":"https:\/\/now-news.de\/de\/deutschland\/ungarns-aussenminister-ukrainische-maenner-fluechten-um-dem-sicheren-tod-zu-entgehen\/","title":{"rendered":"Ungarns Au\u00dfenminister: Ukrainische M\u00e4nner fl\u00fcchten, um dem &quot;sicheren Tod&quot; zu entgehen"},"content":{"rendered":"<p><img decoding=\"async\" src=\"https:\/\/now-news.de\/de\/wp-content\/uploads\/sites\/3\/2024\/05\/6655aa7ab480cc341559d1c4.jpg\" \/><\/p>\n<div class=\"Text-root Text-type_1 \">\n                Angesichts der R\u00fcckschl\u00e4ge auf dem Schlachtfeld w\u00fcrden die Ideen der Unterst\u00fctzer der Ukraine &#8220;immer verr\u00fcckter&#8221;, so Ungarns Au\u00dfenminister P\u00e9ter Szijj\u00e1rt\u00f3. F\u00fcr die R\u00fcckschl\u00e4ge sei vor allem der Personalmangel verantwortlich.<br \/>\nSzijj\u00e1rt\u00f3 sicherte ukrainischen Fl\u00fcchtlingen zu, sie nicht an die Front &#8220;in den Tod zu schicken&#8221;.\n            <\/div>\n<p><\/p>\n<div class=\"Text-root Text-type_5 ArticleView-text ViewText-root \">\n<p>Ukrainische M\u00e4nner rennen um ihr Leben, um aus ihrem Heimatland zu fliehen. Das behauptete zumindest der ungarische Au\u00dfenminister P\u00e9ter Szijj\u00e1rt\u00f3 am Montag auf einer Pressekonferenz. Der Chefdiplomat \u00e4u\u00dferte sich nach einem Treffen mit EU-Kollegen, bei dem es um Milit\u00e4rhilfe f\u00fcr Kiew ging.<\/p>\n<p>In einer vom Fernsehsender\u00a0<em>M1<\/em>\u00a0ausgestrahlten Erkl\u00e4rung sagte Szijj\u00e1rt\u00f3, dass Ungarn, das ein Veto gegen die Bereitstellung von EU-Geldern an die Ukraine eingelegt hat, weiterhin dagegen ist, dem vom Krieg zerrissenen Land weitere Waffen zur Verf\u00fcgung zu stellen.<\/p>\n<p>Der Minister wies darauf hin, dass das Hauptproblem der Ukraine auf dem Schlachtfeld nicht der von Kiew oft behauptete Mangel an westlichen Waffen sei, sondern der Mangel an Einsatzkr\u00e4ften.<\/p>\n<p><em>&#8220;Wir sehen, wie die Ukrainer aus der Ukraine fliehen wollen, wir sehen, dass sie nicht an die Front gehen und dem sicheren Tod ins Auge sehen wollen&#8221;<\/em>, sagte Szijjarto.<\/p>\n<p>In der Ukraine ist k\u00fcrzlich ein versch\u00e4rftes Mobilisierungsgesetz in Kraft getreten, in dessen Folge immer mehr M\u00e4nner versuchen, aus dem Land zu fl\u00fcchten \u2013 was h\u00e4ufig\u00a0<a rel=\"nofollow noopener\" target=\"_blank\" href=\"https:\/\/freedert.online\/meinung\/206366-von-mauertoten-und-toten-in-der-theiss\/\">im Tod endet<\/a>. Bereits vor dem Inkrafttreten des Gesetzes war es M\u00e4nnern im wehrf\u00e4higen Alter verboten, die Ukraine zu verlassen.\u00a0<\/p>\n<p>Viele M\u00e4nner trauen sich inzwischen nicht mehr auf die Stra\u00dfe, weil sie bef\u00fcrchten m\u00fcssen, von den Rekrutierungstrupps regelrecht verschleppt und an die Front geschickt zu werden.\u00a0\u00a0<\/p>\n<div class=\"EmbedBlock-root EmbedBlock-externalVideo EmbedBlock-odysee\">\n<div class=\"VkEmbed\"><iframe class=\"lazyload\" data-src=\"https:\/\/odysee.com\/%24\/embed\/%40RTDE%3Ae%2FMobilisierung-in-der-Ukraine--Immer-mehr-fliehen-vor-der-Zwangsrekrutierung%3Aa\" frameborder=\"0\" width=\"853\" height=\"480\" allowfullscreen><\/iframe><\/div>\n<\/div>\n<p>Angesichts der mangelnden Erfolge Kiews auf dem Schlachtfeld, so Szijj\u00e1rt\u00f3 weiter, schl\u00fcgen einige EU-Mitglieder nun &#8220;immer verr\u00fccktere Ideen&#8221; vor, wie die Entsendung eigener Truppen in die Ukraine oder den Einsatz westlicher Waffen gegen Ziele in Russland.<\/p>\n<\/p>\n<p>Szijj\u00e1rt\u00f3 warnte davor, dass solche Vorschl\u00e4ge sehr gef\u00e4hrliche und tragische Folgen haben k\u00f6nnten, und betonte, dass Budapest sie vehement ablehne. Das gelte insbesondere f\u00fcr Ideen zur Zwangswehrpflicht und zur Entsendung von NATO-Truppen in die Ukraine.<\/p>\n<p><em>&#8220;Wir verstehen genau, worauf sich dieser Vorschlag bezieht (\u2026) Die ukrainischen Verluste werden immer unertr\u00e4glicher, die M\u00e4nner d\u00fcrfen die Ukraine nicht verlassen, und jetzt wollen sie die europ\u00e4ische Jugend in den Krieg einberufen&#8221;<\/em>, so der ungarische Au\u00dfenminister.<\/p>\n<p>Zudem merkte er an, dass junge Menschen aus Mitteleuropa, darunter auch Ungarn, aufgrund ihrer geografischen N\u00e4he wahrscheinlich als erste an die Front geschickt w\u00fcrden.<\/p>\n<p><em>&#8220;Wir wollen nicht, dass ungarische Menschen an der Front des ukrainisch-russischen Krieges stehen, und wir wollen nicht, dass ungarische Jugendliche in die Ukraine gebracht werden, denn dies ist nicht unser Krieg, wir haben mit diesem Krieg nichts zu tun&#8221;<\/em>, betonte der Minister.<\/p>\n<p><strong>Anders als Deutschland: Ungarn will Fl\u00fcchtlinge nicht &#8220;in den Tod schicken&#8221;<\/strong><\/p>\n<p>W\u00e4hrend hierzulande der Druck auf m\u00e4nnliche ukrainische Fl\u00fcchtlinge im wehrf\u00e4higen Alter w\u00e4chst, zur\u00fcck in ihr Land zu gehen, um sich \u2013 wie es Bayerns Innenminister\u00a0Joachim Herrmann\u00a0<a rel=\"nofollow noopener\" target=\"_blank\" href=\"https:\/\/freedert.online\/meinung\/207226-deutschland-macht-druck-auf-ukrainische\/\">formulierte<\/a>\u00a0\u2013 &#8220;zur Verteidigung von Frieden und Freiheit&#8221; an die Front zu begeben, will Ungarn die Schutzsuchenden nicht ihrem wahrscheinlichen Tod ausliefern.\u00a0<\/p>\n<p>Anfang des Monats hatte der stellvertretende ungarische Ministerpr\u00e4sident Zsolt Semj\u00e9n angek\u00fcndigt, Budapest werde keine wehrf\u00e4higen Fl\u00fcchtlinge an die Ukraine ausliefern und &#8220;nicht zulassen, dass sie in den Tod geschickt werden&#8221;.<\/p>\n<p><em>&#8220;Die Ukrainer wollen, dass man sie in den Krieg schickt, an die Front, wo Menschen get\u00f6tet werden. Deshalb sind alle, die aus der Ukraine zu uns geflohen sind, in Sicherheit, und wir werden sie nicht ausliefern&#8221;<\/em>, so Semj\u00e9n.<\/p>\n<p><strong>Mehr zum Thema<\/strong> &#8211; <a rel=\"nofollow noopener\" target=\"_blank\" href=\"https:\/\/freedert.online\/meinung\/202050-general-alle-ukrainer-muessen-krieg-mitkampfen-niemand-kann-aussitzen\/\">Kiewer General: Alle Ukrainer m\u00fcssen im Krieg k\u00e4mpfen, niemand kann ihn aussitzen<\/a><\/p>\n<div class=\"EmbedBlock-root EmbedBlock-externalVideo EmbedBlock-vk\">\n<div class=\"VkEmbed\"><iframe class=\"lazyload\" data-src=\"https:\/\/vk.com\/video_ext.php?oid=-134310637&amp;id=456275999\" frameborder=\"0\" width=\"853\" height=\"480\" allowfullscreen><\/iframe><\/div>\n<\/div>\n<\/div>\n<p><br \/>\n<br \/><a href=\"https:\/\/de.rt.com\/europa\/207269-ungarns-aussenminister-ukrainische-maenner-rennen\/\">Source link <\/a><\/p>\n","protected":false},"excerpt":{"rendered":"<p>Angesichts der R\u00fcckschl\u00e4ge auf dem Schlachtfeld w\u00fcrden die Ideen der Unterst\u00fctzer der Ukraine &#8220;immer verr\u00fcckter&#8221;, so Ungarns Au\u00dfenminister P\u00e9ter Szijj\u00e1rt\u00f3. F\u00fcr die R\u00fcckschl\u00e4ge sei vor allem der Personalmangel verantwortlich. Szijj\u00e1rt\u00f3 sicherte ukrainischen Fl\u00fcchtlingen zu, sie nicht an die Front &#8220;in den Tod zu schicken&#8221;. Ukrainische M\u00e4nner rennen um ihr Leben, um aus ihrem Heimatland zu [&hellip;]<\/p>\n","protected":false},"author":3,"featured_media":58997,"comment_status":"open","ping_status":"open","sticky":false,"template":"","format":"standard","meta":{"_yoast_indexnow_last_ping":["1716898041"],"wp_automatic_camp":["217"],"ab7d2a20feea6cfb18760366dbca602e":["Ungarns Au\u00dfenminister: Ukrainische M\u00e4nner fl\u00fcchten, um dem &quot;sicheren Tod&quot; zu entgehen"],"original_link":["https:\/\/de.rt.com\/europa\/207269-ungarns-aussenminister-ukrainische-maenner-rennen\/"],"_thumbnail_id":["58997"],"_wptgpro_p2tg_sent2tg":["a:1:{i:23737;s:19:\"2024-05-28 14:09:16\";}"],"jnews_social_counter_last_update":["1777269024"]},"categories":[19,23],"tags":[13830,134,26882,28665,16415,55250,44456,905,27176],"yoast_head":"<!-- This site is optimized with the Yoast SEO Premium plugin v22.7 (Yoast SEO v22.7) - https:\/\/yoast.com\/wordpress\/plugins\/seo\/ -->\n<title>Ungarns Au\u00dfenminister: Ukrainische M\u00e4nner fl\u00fcchten, um dem &quot;sicheren Tod&quot; zu entgehen - just-now.NEWS Deutschland<\/title>\n<meta name=\"robots\" content=\"index, follow, max-snippet:-1, max-image-preview:large, max-video-preview:-1\" \/>\n<link rel=\"canonical\" href=\"https:\/\/now-news.de\/de\/deutschland\/ungarns-aussenminister-ukrainische-maenner-fluechten-um-dem-sicheren-tod-zu-entgehen\/\" \/>\n<meta property=\"og:locale\" content=\"de_DE\" \/>\n<meta property=\"og:type\" content=\"article\" \/>\n<meta property=\"og:title\" content=\"Ungarns Au\u00dfenminister: Ukrainische M\u00e4nner fl\u00fcchten, um dem &quot;sicheren Tod&quot; zu entgehen\" \/>\n<meta property=\"og:description\" content=\"Angesichts der R\u00fcckschl\u00e4ge auf dem Schlachtfeld w\u00fcrden die Ideen der Unterst\u00fctzer der Ukraine &#8220;immer verr\u00fcckter&#8221;, so Ungarns Au\u00dfenminister P\u00e9ter Szijj\u00e1rt\u00f3. F\u00fcr die R\u00fcckschl\u00e4ge sei vor allem der Personalmangel verantwortlich. Szijj\u00e1rt\u00f3 sicherte ukrainischen Fl\u00fcchtlingen zu, sie nicht an die Front &#8220;in den Tod zu schicken&#8221;. Ukrainische M\u00e4nner rennen um ihr Leben, um aus ihrem Heimatland zu [&hellip;]\" \/>\n<meta property=\"og:url\" content=\"https:\/\/now-news.de\/de\/deutschland\/ungarns-aussenminister-ukrainische-maenner-fluechten-um-dem-sicheren-tod-zu-entgehen\/\" \/>\n<meta property=\"og:site_name\" content=\"just-now.NEWS Deutschland\" \/>\n<meta property=\"article:publisher\" content=\"https:\/\/www.facebook.com\/wirmachenauf\" \/>\n<meta property=\"article:published_time\" content=\"2024-05-28T11:57:58+00:00\" \/>\n<meta property=\"og:image\" content=\"https:\/\/now-news.de\/de\/wp-content\/uploads\/sites\/3\/2024\/05\/6655aa7ab480cc341559d1c4.jpg\" \/>\n<meta name=\"author\" content=\"rtnews\" \/>\n<meta name=\"twitter:card\" content=\"summary_large_image\" \/>\n<meta name=\"twitter:creator\" content=\"@WirMachenAuf_de\" \/>\n<meta name=\"twitter:site\" content=\"@WirMachenAuf_de\" \/>\n<meta name=\"twitter:label1\" content=\"Verfasst von\" \/>\n\t<meta name=\"twitter:data1\" content=\"rtnews\" \/>\n\t<meta name=\"twitter:label2\" content=\"Gesch\u00e4tzte Lesezeit\" \/>\n\t<meta name=\"twitter:data2\" content=\"3\u00a0Minuten\" \/>\n<script type=\"application\/ld+json\" class=\"yoast-schema-graph\">{\"@context\":\"https:\/\/schema.org\",\"@graph\":[{\"@type\":\"Article\",\"@id\":\"https:\/\/now-news.de\/de\/deutschland\/ungarns-aussenminister-ukrainische-maenner-fluechten-um-dem-sicheren-tod-zu-entgehen\/#article\",\"isPartOf\":{\"@id\":\"https:\/\/now-news.de\/de\/deutschland\/ungarns-aussenminister-ukrainische-maenner-fluechten-um-dem-sicheren-tod-zu-entgehen\/\"},\"author\":{\"name\":\"rtnews\",\"@id\":\"https:\/\/now-news.de\/de\/#\/schema\/person\/fb534a4e865501d8b3285208df34a9b5\"},\"headline\":\"Ungarns Au\u00dfenminister: Ukrainische M\u00e4nner fl\u00fcchten, um dem &quot;sicheren Tod&quot; zu entgehen\",\"datePublished\":\"2024-05-28T11:57:58+00:00\",\"dateModified\":\"2024-05-28T11:57:58+00:00\",\"mainEntityOfPage\":{\"@id\":\"https:\/\/now-news.de\/de\/deutschland\/ungarns-aussenminister-ukrainische-maenner-fluechten-um-dem-sicheren-tod-zu-entgehen\/\"},\"wordCount\":653,\"commentCount\":0,\"publisher\":{\"@id\":\"https:\/\/now-news.de\/de\/#organization\"},\"image\":{\"@id\":\"https:\/\/now-news.de\/de\/deutschland\/ungarns-aussenminister-ukrainische-maenner-fluechten-um-dem-sicheren-tod-zu-entgehen\/#primaryimage\"},\"thumbnailUrl\":\"https:\/\/now-news.de\/de\/wp-content\/uploads\/sites\/3\/2024\/05\/Ungarns-Aussenminister-Ukrainische-Maenner-fluechten-um-dem-quotsicheren-Todquot-zu.jpg\",\"keywords\":[\"Au\u00dfenminister\",\"DEM\",\"entgehen\",\"fl\u00fcchten\",\"M\u00e4nner\",\"quotsicheren\",\"Todquot\",\"Ukrainische\",\"Ungarns\"],\"articleSection\":[\"Deutschland\",\"Russland\"],\"inLanguage\":\"de\",\"potentialAction\":[{\"@type\":\"CommentAction\",\"name\":\"Comment\",\"target\":[\"https:\/\/now-news.de\/de\/deutschland\/ungarns-aussenminister-ukrainische-maenner-fluechten-um-dem-sicheren-tod-zu-entgehen\/#respond\"]}]},{\"@type\":\"WebPage\",\"@id\":\"https:\/\/now-news.de\/de\/deutschland\/ungarns-aussenminister-ukrainische-maenner-fluechten-um-dem-sicheren-tod-zu-entgehen\/\",\"url\":\"https:\/\/now-news.de\/de\/deutschland\/ungarns-aussenminister-ukrainische-maenner-fluechten-um-dem-sicheren-tod-zu-entgehen\/\",\"name\":\"Ungarns Au\u00dfenminister: Ukrainische M\u00e4nner fl\u00fcchten, um dem &quot;sicheren Tod&quot; zu entgehen - just-now.NEWS Deutschland\",\"isPartOf\":{\"@id\":\"https:\/\/now-news.de\/de\/#website\"},\"primaryImageOfPage\":{\"@id\":\"https:\/\/now-news.de\/de\/deutschland\/ungarns-aussenminister-ukrainische-maenner-fluechten-um-dem-sicheren-tod-zu-entgehen\/#primaryimage\"},\"image\":{\"@id\":\"https:\/\/now-news.de\/de\/deutschland\/ungarns-aussenminister-ukrainische-maenner-fluechten-um-dem-sicheren-tod-zu-entgehen\/#primaryimage\"},\"thumbnailUrl\":\"https:\/\/now-news.de\/de\/wp-content\/uploads\/sites\/3\/2024\/05\/Ungarns-Aussenminister-Ukrainische-Maenner-fluechten-um-dem-quotsicheren-Todquot-zu.jpg\",\"datePublished\":\"2024-05-28T11:57:58+00:00\",\"dateModified\":\"2024-05-28T11:57:58+00:00\",\"breadcrumb\":{\"@id\":\"https:\/\/now-news.de\/de\/deutschland\/ungarns-aussenminister-ukrainische-maenner-fluechten-um-dem-sicheren-tod-zu-entgehen\/#breadcrumb\"},\"inLanguage\":\"de\",\"potentialAction\":[{\"@type\":\"ReadAction\",\"target\":[\"https:\/\/now-news.de\/de\/deutschland\/ungarns-aussenminister-ukrainische-maenner-fluechten-um-dem-sicheren-tod-zu-entgehen\/\"]}]},{\"@type\":\"ImageObject\",\"inLanguage\":\"de\",\"@id\":\"https:\/\/now-news.de\/de\/deutschland\/ungarns-aussenminister-ukrainische-maenner-fluechten-um-dem-sicheren-tod-zu-entgehen\/#primaryimage\",\"url\":\"https:\/\/now-news.de\/de\/wp-content\/uploads\/sites\/3\/2024\/05\/Ungarns-Aussenminister-Ukrainische-Maenner-fluechten-um-dem-quotsicheren-Todquot-zu.jpg\",\"contentUrl\":\"https:\/\/now-news.de\/de\/wp-content\/uploads\/sites\/3\/2024\/05\/Ungarns-Aussenminister-Ukrainische-Maenner-fluechten-um-dem-quotsicheren-Todquot-zu.jpg\",\"width\":460,\"height\":259,\"caption\":\"Ungarns Au\u00dfenminister: Ukrainische M\u00e4nner fl\u00fcchten, um dem &quot;sicheren Tod&quot; zu entgehen\"},{\"@type\":\"BreadcrumbList\",\"@id\":\"https:\/\/now-news.de\/de\/deutschland\/ungarns-aussenminister-ukrainische-maenner-fluechten-um-dem-sicheren-tod-zu-entgehen\/#breadcrumb\",\"itemListElement\":[{\"@type\":\"ListItem\",\"position\":1,\"name\":\"Home\",\"item\":\"https:\/\/now-news.de\/de\/\"},{\"@type\":\"ListItem\",\"position\":2,\"name\":\"Ungarns Au\u00dfenminister: Ukrainische M\u00e4nner fl\u00fcchten, um dem &quot;sicheren Tod&quot; zu entgehen\"}]},{\"@type\":\"WebSite\",\"@id\":\"https:\/\/now-news.de\/de\/#website\",\"url\":\"https:\/\/now-news.de\/de\/\",\"name\":\"just-now.NEWS Deutschland\",\"description\":\"Das Portal f\u00fcr unzensierte Nachrichten aus der Welt\",\"publisher\":{\"@id\":\"https:\/\/now-news.de\/de\/#organization\"},\"potentialAction\":[{\"@type\":\"SearchAction\",\"target\":{\"@type\":\"EntryPoint\",\"urlTemplate\":\"https:\/\/now-news.de\/de\/?s={search_term_string}\"},\"query-input\":\"required name=search_term_string\"}],\"inLanguage\":\"de\"},{\"@type\":\"Organization\",\"@id\":\"https:\/\/now-news.de\/de\/#organization\",\"name\":\"Just Now News\",\"url\":\"https:\/\/now-news.de\/de\/\",\"logo\":{\"@type\":\"ImageObject\",\"inLanguage\":\"de\",\"@id\":\"https:\/\/now-news.de\/de\/#\/schema\/logo\/image\/\",\"url\":\"http:\/\/just-now.news\/de\/wp-content\/uploads\/sites\/3\/2022\/04\/logo500x500.jpg\",\"contentUrl\":\"http:\/\/just-now.news\/de\/wp-content\/uploads\/sites\/3\/2022\/04\/logo500x500.jpg\",\"width\":500,\"height\":500,\"caption\":\"Just Now News\"},\"image\":{\"@id\":\"https:\/\/now-news.de\/de\/#\/schema\/logo\/image\/\"},\"sameAs\":[\"https:\/\/www.facebook.com\/wirmachenauf\",\"https:\/\/x.com\/WirMachenAuf_de\"]},{\"@type\":\"Person\",\"@id\":\"https:\/\/now-news.de\/de\/#\/schema\/person\/fb534a4e865501d8b3285208df34a9b5\",\"name\":\"rtnews\",\"image\":{\"@type\":\"ImageObject\",\"inLanguage\":\"de\",\"@id\":\"https:\/\/now-news.de\/de\/#\/schema\/person\/image\/\",\"url\":\"https:\/\/secure.gravatar.com\/avatar\/82aafea7d8127119dd649515f56e2117?s=96&d=mm&r=g\",\"contentUrl\":\"https:\/\/secure.gravatar.com\/avatar\/82aafea7d8127119dd649515f56e2117?s=96&d=mm&r=g\",\"caption\":\"rtnews\"},\"url\":\"https:\/\/now-news.de\/de\/author\/rnews\/\"}]}<\/script>\n<!-- \/ Yoast SEO Premium plugin. -->","yoast_head_json":{"title":"Ungarns Au\u00dfenminister: Ukrainische M\u00e4nner fl\u00fcchten, um dem &quot;sicheren Tod&quot; zu entgehen - just-now.NEWS Deutschland","robots":{"index":"index","follow":"follow","max-snippet":"max-snippet:-1","max-image-preview":"max-image-preview:large","max-video-preview":"max-video-preview:-1"},"canonical":"https:\/\/now-news.de\/de\/deutschland\/ungarns-aussenminister-ukrainische-maenner-fluechten-um-dem-sicheren-tod-zu-entgehen\/","og_locale":"de_DE","og_type":"article","og_title":"Ungarns Au\u00dfenminister: Ukrainische M\u00e4nner fl\u00fcchten, um dem &quot;sicheren Tod&quot; zu entgehen","og_description":"Angesichts der R\u00fcckschl\u00e4ge auf dem Schlachtfeld w\u00fcrden die Ideen der Unterst\u00fctzer der Ukraine &#8220;immer verr\u00fcckter&#8221;, so Ungarns Au\u00dfenminister P\u00e9ter Szijj\u00e1rt\u00f3. F\u00fcr die R\u00fcckschl\u00e4ge sei vor allem der Personalmangel verantwortlich. Szijj\u00e1rt\u00f3 sicherte ukrainischen Fl\u00fcchtlingen zu, sie nicht an die Front &#8220;in den Tod zu schicken&#8221;. Ukrainische M\u00e4nner rennen um ihr Leben, um aus ihrem Heimatland zu [&hellip;]","og_url":"https:\/\/now-news.de\/de\/deutschland\/ungarns-aussenminister-ukrainische-maenner-fluechten-um-dem-sicheren-tod-zu-entgehen\/","og_site_name":"just-now.NEWS Deutschland","article_publisher":"https:\/\/www.facebook.com\/wirmachenauf","article_published_time":"2024-05-28T11:57:58+00:00","og_image":[{"url":"https:\/\/now-news.de\/de\/wp-content\/uploads\/sites\/3\/2024\/05\/6655aa7ab480cc341559d1c4.jpg"}],"author":"rtnews","twitter_card":"summary_large_image","twitter_creator":"@WirMachenAuf_de","twitter_site":"@WirMachenAuf_de","twitter_misc":{"Verfasst von":"rtnews","Gesch\u00e4tzte Lesezeit":"3\u00a0Minuten"},"schema":{"@context":"https:\/\/schema.org","@graph":[{"@type":"Article","@id":"https:\/\/now-news.de\/de\/deutschland\/ungarns-aussenminister-ukrainische-maenner-fluechten-um-dem-sicheren-tod-zu-entgehen\/#article","isPartOf":{"@id":"https:\/\/now-news.de\/de\/deutschland\/ungarns-aussenminister-ukrainische-maenner-fluechten-um-dem-sicheren-tod-zu-entgehen\/"},"author":{"name":"rtnews","@id":"https:\/\/now-news.de\/de\/#\/schema\/person\/fb534a4e865501d8b3285208df34a9b5"},"headline":"Ungarns Au\u00dfenminister: Ukrainische M\u00e4nner fl\u00fcchten, um dem &quot;sicheren Tod&quot; zu entgehen","datePublished":"2024-05-28T11:57:58+00:00","dateModified":"2024-05-28T11:57:58+00:00","mainEntityOfPage":{"@id":"https:\/\/now-news.de\/de\/deutschland\/ungarns-aussenminister-ukrainische-maenner-fluechten-um-dem-sicheren-tod-zu-entgehen\/"},"wordCount":653,"commentCount":0,"publisher":{"@id":"https:\/\/now-news.de\/de\/#organization"},"image":{"@id":"https:\/\/now-news.de\/de\/deutschland\/ungarns-aussenminister-ukrainische-maenner-fluechten-um-dem-sicheren-tod-zu-entgehen\/#primaryimage"},"thumbnailUrl":"https:\/\/now-news.de\/de\/wp-content\/uploads\/sites\/3\/2024\/05\/Ungarns-Aussenminister-Ukrainische-Maenner-fluechten-um-dem-quotsicheren-Todquot-zu.jpg","keywords":["Au\u00dfenminister","DEM","entgehen","fl\u00fcchten","M\u00e4nner","quotsicheren","Todquot","Ukrainische","Ungarns"],"articleSection":["Deutschland","Russland"],"inLanguage":"de","potentialAction":[{"@type":"CommentAction","name":"Comment","target":["https:\/\/now-news.de\/de\/deutschland\/ungarns-aussenminister-ukrainische-maenner-fluechten-um-dem-sicheren-tod-zu-entgehen\/#respond"]}]},{"@type":"WebPage","@id":"https:\/\/now-news.de\/de\/deutschland\/ungarns-aussenminister-ukrainische-maenner-fluechten-um-dem-sicheren-tod-zu-entgehen\/","url":"https:\/\/now-news.de\/de\/deutschland\/ungarns-aussenminister-ukrainische-maenner-fluechten-um-dem-sicheren-tod-zu-entgehen\/","name":"Ungarns Au\u00dfenminister: Ukrainische M\u00e4nner fl\u00fcchten, um dem &quot;sicheren Tod&quot; zu entgehen - just-now.NEWS Deutschland","isPartOf":{"@id":"https:\/\/now-news.de\/de\/#website"},"primaryImageOfPage":{"@id":"https:\/\/now-news.de\/de\/deutschland\/ungarns-aussenminister-ukrainische-maenner-fluechten-um-dem-sicheren-tod-zu-entgehen\/#primaryimage"},"image":{"@id":"https:\/\/now-news.de\/de\/deutschland\/ungarns-aussenminister-ukrainische-maenner-fluechten-um-dem-sicheren-tod-zu-entgehen\/#primaryimage"},"thumbnailUrl":"https:\/\/now-news.de\/de\/wp-content\/uploads\/sites\/3\/2024\/05\/Ungarns-Aussenminister-Ukrainische-Maenner-fluechten-um-dem-quotsicheren-Todquot-zu.jpg","datePublished":"2024-05-28T11:57:58+00:00","dateModified":"2024-05-28T11:57:58+00:00","breadcrumb":{"@id":"https:\/\/now-news.de\/de\/deutschland\/ungarns-aussenminister-ukrainische-maenner-fluechten-um-dem-sicheren-tod-zu-entgehen\/#breadcrumb"},"inLanguage":"de","potentialAction":[{"@type":"ReadAction","target":["https:\/\/now-news.de\/de\/deutschland\/ungarns-aussenminister-ukrainische-maenner-fluechten-um-dem-sicheren-tod-zu-entgehen\/"]}]},{"@type":"ImageObject","inLanguage":"de","@id":"https:\/\/now-news.de\/de\/deutschland\/ungarns-aussenminister-ukrainische-maenner-fluechten-um-dem-sicheren-tod-zu-entgehen\/#primaryimage","url":"https:\/\/now-news.de\/de\/wp-content\/uploads\/sites\/3\/2024\/05\/Ungarns-Aussenminister-Ukrainische-Maenner-fluechten-um-dem-quotsicheren-Todquot-zu.jpg","contentUrl":"https:\/\/now-news.de\/de\/wp-content\/uploads\/sites\/3\/2024\/05\/Ungarns-Aussenminister-Ukrainische-Maenner-fluechten-um-dem-quotsicheren-Todquot-zu.jpg","width":460,"height":259,"caption":"Ungarns Au\u00dfenminister: Ukrainische M\u00e4nner fl\u00fcchten, um dem &quot;sicheren Tod&quot; zu entgehen"},{"@type":"BreadcrumbList","@id":"https:\/\/now-news.de\/de\/deutschland\/ungarns-aussenminister-ukrainische-maenner-fluechten-um-dem-sicheren-tod-zu-entgehen\/#breadcrumb","itemListElement":[{"@type":"ListItem","position":1,"name":"Home","item":"https:\/\/now-news.de\/de\/"},{"@type":"ListItem","position":2,"name":"Ungarns Au\u00dfenminister: Ukrainische M\u00e4nner fl\u00fcchten, um dem &quot;sicheren Tod&quot; zu entgehen"}]},{"@type":"WebSite","@id":"https:\/\/now-news.de\/de\/#website","url":"https:\/\/now-news.de\/de\/","name":"just-now.NEWS Deutschland","description":"Das Portal f\u00fcr unzensierte Nachrichten aus der Welt","publisher":{"@id":"https:\/\/now-news.de\/de\/#organization"},"potentialAction":[{"@type":"SearchAction","target":{"@type":"EntryPoint","urlTemplate":"https:\/\/now-news.de\/de\/?s={search_term_string}"},"query-input":"required name=search_term_string"}],"inLanguage":"de"},{"@type":"Organization","@id":"https:\/\/now-news.de\/de\/#organization","name":"Just Now News","url":"https:\/\/now-news.de\/de\/","logo":{"@type":"ImageObject","inLanguage":"de","@id":"https:\/\/now-news.de\/de\/#\/schema\/logo\/image\/","url":"http:\/\/just-now.news\/de\/wp-content\/uploads\/sites\/3\/2022\/04\/logo500x500.jpg","contentUrl":"http:\/\/just-now.news\/de\/wp-content\/uploads\/sites\/3\/2022\/04\/logo500x500.jpg","width":500,"height":500,"caption":"Just Now News"},"image":{"@id":"https:\/\/now-news.de\/de\/#\/schema\/logo\/image\/"},"sameAs":["https:\/\/www.facebook.com\/wirmachenauf","https:\/\/x.com\/WirMachenAuf_de"]},{"@type":"Person","@id":"https:\/\/now-news.de\/de\/#\/schema\/person\/fb534a4e865501d8b3285208df34a9b5","name":"rtnews","image":{"@type":"ImageObject","inLanguage":"de","@id":"https:\/\/now-news.de\/de\/#\/schema\/person\/image\/","url":"https:\/\/secure.gravatar.com\/avatar\/82aafea7d8127119dd649515f56e2117?s=96&d=mm&r=g","contentUrl":"https:\/\/secure.gravatar.com\/avatar\/82aafea7d8127119dd649515f56e2117?s=96&d=mm&r=g","caption":"rtnews"},"url":"https:\/\/now-news.de\/de\/author\/rnews\/"}]}},"_links":{"self":[{"href":"https:\/\/now-news.de\/de\/wp-json\/wp\/v2\/posts\/58996"}],"collection":[{"href":"https:\/\/now-news.de\/de\/wp-json\/wp\/v2\/posts"}],"about":[{"href":"https:\/\/now-news.de\/de\/wp-json\/wp\/v2\/types\/post"}],"author":[{"embeddable":true,"href":"https:\/\/now-news.de\/de\/wp-json\/wp\/v2\/users\/3"}],"replies":[{"embeddable":true,"href":"https:\/\/now-news.de\/de\/wp-json\/wp\/v2\/comments?post=58996"}],"version-history":[{"count":0,"href":"https:\/\/now-news.de\/de\/wp-json\/wp\/v2\/posts\/58996\/revisions"}],"wp:featuredmedia":[{"embeddable":true,"href":"https:\/\/now-news.de\/de\/wp-json\/wp\/v2\/media\/58997"}],"wp:attachment":[{"href":"https:\/\/now-news.de\/de\/wp-json\/wp\/v2\/media?parent=58996"}],"wp:term":[{"taxonomy":"category","embeddable":true,"href":"https:\/\/now-news.de\/de\/wp-json\/wp\/v2\/categories?post=58996"},{"taxonomy":"post_tag","embeddable":true,"href":"https:\/\/now-news.de\/de\/wp-json\/wp\/v2\/tags?post=58996"}],"curies":[{"name":"wp","href":"https:\/\/api.w.org\/{rel}","templated":true}]}}