{"id":58946,"date":"2024-05-27T13:06:55","date_gmt":"2024-05-27T11:06:55","guid":{"rendered":"https:\/\/now-news.de\/de\/deutschland\/westbalkan-auf-wen-hoert-die-nato-und-wen-versteht-sie\/"},"modified":"2024-05-27T13:06:55","modified_gmt":"2024-05-27T11:06:55","slug":"westbalkan-auf-wen-hoert-die-nato-und-wen-versteht-sie","status":"publish","type":"post","link":"https:\/\/now-news.de\/de\/deutschland\/westbalkan-auf-wen-hoert-die-nato-und-wen-versteht-sie\/","title":{"rendered":"Westbalkan: Auf wen h\u00f6rt die NATO \u2013 und wen versteht sie?"},"content":{"rendered":"<p><img decoding=\"async\" src=\"https:\/\/now-news.de\/de\/wp-content\/uploads\/sites\/3\/2024\/05\/66545d59b480cc6f7c3fa5e4.jpg\" \/><\/p>\n<div class=\"Text-root Text-type_1 \">\n                Der trinationale Staat Bosnien und Herzegowina ist, was einen Beitritt zur EU und zur NATO anbetrifft, gespalten. Daher werden die USA und die NATO nicht m\u00fcde, das &#8220;Partnerland&#8221; wiederholt vor der &#8220;russischen Bedrohung&#8221; und einer Zusammenarbeit mit China zu warnen. Diese Bem\u00fchungen haben bisher allerdings nicht gefruchtet.\n            <\/div>\n<p><\/p>\n<div class=\"Text-root Text-type_5 ArticleView-text ViewText-root \">\n<p><em>Von Marinko U\u010dur<\/em>\u00a0<\/p>\n<p> Im Kampf gegen den nicht vorhandenen &#8220;b\u00f6sartigen Einfluss Russlands&#8221; auf dem Balkan lassen es sich die US-Amerikaner nicht nehmen, von Zeit zu Zeit genau darauf hinzuweisen. Die \u00d6ffentlichkeit ist entsetzt \u00fcber die anhaltenden Versuche, unter dem Namen einer fragw\u00fcrdigen &#8220;euro-atlantischen Zukunft&#8221;\u00a0ein Narrativ voranzutreiben, wonach die einzige Zukunft des gesamten Westbalkans in der NATO liege.<\/p>\n<p>Da Serbien ausdr\u00fccklich dagegen ist und eine Klausel \u00fcber &#8220;milit\u00e4rische Neutralit\u00e4t&#8221; in seine strategischen Dokumente aufgenommen hat, bleibt Bosnien und Herzegowina\u00a0\u2013 ein schwacher Staat, der durch einen internationalen Vertrag auf dem US-Milit\u00e4rst\u00fctzpunkt in Dayton, Ohio, verifiziert wurde\u00a0\u2013 das einzige Territorium, das die NATO unter\u00a0ihrer Kontrolle h\u00e4lt.<\/p>\n<p>Doch vorerst sind die Versuche, einer trinationalen Staatenunion wie Bosnien und Herzegowina eine einheitliche Position zur Notwendigkeit kollektiver Sicherheit aufzuzwingen, f\u00fcr die US-Amerikaner und NATO-Fanatiker nicht von Erfolg gekr\u00f6nt. In einer Lage,\u00a0wo sich\u00a0eine kleine Mehrheit der B\u00fcrger dieses Landes\u00a0zu einer Mitgliedschaft in der Europ\u00e4ischen Union und einer potenziellen Mitgliedschaft in der NATO bekennt, sind die Dinge dennoch alles andere als klar.<\/p>\n<p>Denn die H\u00e4lfte des ethnisch gespaltenen Staates \u2013 die Republika Srpska und damit 49 Prozent des Staatsgebietes\u00a0\u2013 ist mit diesen Absichten nicht einverstanden und bef\u00fcrwortet das Konzept, keinen Milit\u00e4rb\u00fcndnissen beizutreten.\u00a0Unter Umst\u00e4nden w\u00e4re eine Mitgliedschaft in dem B\u00fcndnis f\u00fcr die Republika Srpska akzeptabel, allerdings nur f\u00fcr den Fall, dass Serbien als Mutterland des serbischen Volkes sich ebenfalls dazu bekennt.<\/p>\n<p>Doch das ist geradezu unvorstellbar, geschweige denn zu verwirklichen, denn in Serbien heilen immer noch die Wunden, die\u00a0das Land w\u00e4hrend der Bombardierung durch 19 NATO-Staaten im Fr\u00fchjahr 1999 erlitten hat.<\/p>\n<p>Allerdings spielen die NATO und der Westen die Karte der Spaltungen und Prinzipien aus, die in der Geschichte so oft ihr wahres Gesicht gezeigt haben. Sie haben ein Umfeld geschaffen, in dem Kroaten und Bosniaken (Muslime) eine Mitgliedschaft in dem B\u00fcndnis bef\u00fcrworten, w\u00e4hrend die Serben aus verst\u00e4ndlichen Gr\u00fcnden dagegen sind.<\/p>\n<p>In einem solchen Gleichgewicht der Kr\u00e4fte im innenpolitischen Raum gibt es US-amerikanische Aufpasser, die aufgrund der angeblichen Bedrohung durch den ber\u00fchmten &#8220;b\u00f6sartigen russischen Einfluss&#8221; ihre\u00a0&#8220;Besorgnis&#8221;\u00a0mit Blick auf &#8220;Sicherheitsbedrohungen&#8221; zum Ausdruck bringen, die niemand au\u00dfer ihnen sieht.<\/p>\n<p>Zumindest die &#8220;Bedrohungen&#8221;, die direkt aus Russland kommen w\u00fcrden. Einige L\u00e4nder, darunter Bosnien und Herzegowina, werden angesichts des &#8220;russischen Drucks&#8221; als Partner bezeichnet.<\/p>\n<p>&#8220;Das NATO-B\u00fcndnis ist sicher, wenn unsere Partner sicher sind&#8221;, teilten US-amerikanische diplomatische Quellen in Sarajevo mit. Die Botschaft kam als Reaktion auf \u00f6ffentliche \u00c4u\u00dferungen von Beamten aus Moldawien, Georgien und Bosnien und Herzegowina\u00a0\u2013 aus L\u00e4ndern also, die zwar keine Mitglieder sind, aber als Partner des NATO-B\u00fcndnisses gelten.<\/p>\n<p>Einige dieser L\u00e4nder haben k\u00fcrzlich vor Sicherheitsherausforderungen gewarnt. In diesem Zusammenhang ist es wichtig anzumerken, dass es sich\u00a0in\u00a0Bosnien und Herzegowina nicht um eine einheitliche Position aller Entscheidungstr\u00e4ger handelt,\u00a0worauf die Republika Srpska internationale Beamte regelm\u00e4\u00dfig hinweist.<\/p>\n<p>Mit anderen Worten: Alles, was aus Sarajevo an die \u00d6ffentlichkeit gelangt, sollte mit Vorsicht und in der \u00dcberzeugung genossen werden, dass die Positionen aller drei Nationen in der Regel widerspr\u00fcchlich sind.<\/p>\n<p>S\u00e4belrasseln und kriegstreibende Rhetorik waren zuletzt auch aus dem Mund der US-amerikanischen NATO-Botschafterin Julianne Smith zu h\u00f6ren. Sie forderte die L\u00e4nder des Westbalkans zudem auf, noch mehr f\u00fcr die Verteidigung auszugeben, um den Plan der Zuweisung von zwei Prozent des BIP zu verwirklichen.<\/p>\n<p>&#8220;Insbesondere im Hinblick auf das Sicherheitsumfeld und Russlands Invasion in der Ukraine&#8221;, warnte Smith und\u00a0appellierte gleichzeitig an Serbien, &#8220;die Zusammenarbeit mit Russland und China nicht zu vertiefen.&#8221;<\/p>\n<p>\u00dcbrigens stellt die NATO ihre eigenen Fragen und gibt ihre eigenen Antworten. &#8220;Die NATO h\u00f6rt Sie&#8221;, sagen US-amerikanische Diplomaten auf Plakaten\u00a0zu ungenannten Adressen in Sarajevo und zu den B\u00fcrgern im Land.\u00a0&#8220;Vielleicht h\u00f6rt uns die NATO, aber sie verseht uns nicht&#8221;, best\u00e4tigte ein ziviler Beamter der gemeinsamen Streitkr\u00e4fte von Bosnien und Herzegowina in einer Erkl\u00e4rung gegen\u00fcber <em>RT DE,<\/em> mit der ausdr\u00fccklichen Bitte, anonym zu bleiben.<\/p>\n<p>Diese gemeinsamen Streitkr\u00e4fte wurden einst durch die Intervention internationaler Beamter geschaffen, insbesondere des ehemaligen Chefs der OHR-Verwaltung, Paddy Ashdown. Denn\u00a0er setzte unter dem Label\u00a0&#8220;Verteidigungsreform&#8221; eine L\u00f6sung mit Rechtskraft durch,\u00a0mit deren Hilfe aus den bis vor kurzem noch gegnerischen Armeen der drei nationalen Gemeinschaften im Jahr 2005 gemeinsame Streitkr\u00e4fte mit einer symbolischen Anzahl, St\u00e4rke und bewaffneten Kapazit\u00e4ten geschaffen wurden.<\/p>\n<p>Ein Land unter einem internationalen Protektorat braucht aber keine Streitkr\u00e4fte, zumindest zwei der Nationen betrachten sie nicht als &#8220;die ihren&#8221;.\u00a0Es sei denn,\u00a0diese Streitkr\u00e4fte werden von der NATO als Kanonenfutter f\u00fcr einige zuk\u00fcnftige Eroberungsabenteuer und die Schaffung von Krisen auf der ganzen Welt ben\u00f6tigt.<\/p>\n<p><strong>Mehr zum Thema<\/strong> \u2013 <a rel=\"nofollow noopener\" target=\"_blank\" href=\"https:\/\/freeassange.rtde.life\/europa\/206615-deutschland-und-ruanda-soll-srebrenica\/\">Deutschland und Ruanda: Soll Srebrenica wiederum als politisches Instrument herhalten? <\/a><\/p>\n<div class=\"EmbedBlock-root EmbedBlock-externalVideo EmbedBlock-odysee\">\n<div class=\"VkEmbed\"><iframe class=\"lazyload\" data-src=\"https:\/\/odysee.com\/%24\/embed\/%40RTDE%3Ae%2FUN-verabschieden-Srebrenica-Resolution-%E2%80%93-Russland-und-Serbien-r%C3%BCgen-Deutschland%3Ae\" frameborder=\"0\" width=\"853\" height=\"480\" allowfullscreen><\/iframe><\/div>\n<\/div>\n<\/div>\n<p><br \/>\n<br \/><a href=\"https:\/\/de.rt.com\/international\/207132-westbalkan-auf-wen-hoert-die-nato-und-wen-versteht-sie\/\">Source link <\/a><\/p>\n","protected":false},"excerpt":{"rendered":"<p>Der trinationale Staat Bosnien und Herzegowina ist, was einen Beitritt zur EU und zur NATO anbetrifft, gespalten. Daher werden die USA und die NATO nicht m\u00fcde, das &#8220;Partnerland&#8221; wiederholt vor der &#8220;russischen Bedrohung&#8221; und einer Zusammenarbeit mit China zu warnen. Diese Bem\u00fchungen haben bisher allerdings nicht gefruchtet. Von Marinko U\u010dur\u00a0 Im Kampf gegen den nicht [&hellip;]<\/p>\n","protected":false},"author":3,"featured_media":58947,"comment_status":"open","ping_status":"open","sticky":false,"template":"","format":"standard","meta":{"_yoast_indexnow_last_ping":["1716831305"],"wp_automatic_camp":["217"],"6a3953fc82fd97892f0d4a1b0c085ad5":["Westbalkan: Auf wen h\u00f6rt die NATO \u2013 und wen versteht sie?"],"original_link":["https:\/\/de.rt.com\/international\/207132-westbalkan-auf-wen-hoert-die-nato-und-wen-versteht-sie\/"],"_thumbnail_id":["58947"],"_wptgpro_p2tg_sent2tg":["a:1:{i:23737;s:19:\"2024-05-27 19:36:28\";}"],"jnews_social_counter_last_update":["1777276578"]},"categories":[19,23],"tags":[133,45,24100,2697,527,140,19065,22920,34483],"yoast_head":"<!-- This site is optimized with the Yoast SEO Premium plugin v22.7 (Yoast SEO v22.7) - https:\/\/yoast.com\/wordpress\/plugins\/seo\/ -->\n<title>Westbalkan: Auf wen h\u00f6rt die NATO \u2013 und wen versteht sie? - just-now.NEWS Deutschland<\/title>\n<meta name=\"robots\" content=\"index, follow, max-snippet:-1, max-image-preview:large, max-video-preview:-1\" \/>\n<link rel=\"canonical\" href=\"https:\/\/now-news.de\/de\/deutschland\/westbalkan-auf-wen-hoert-die-nato-und-wen-versteht-sie\/\" \/>\n<meta property=\"og:locale\" content=\"de_DE\" \/>\n<meta property=\"og:type\" content=\"article\" \/>\n<meta property=\"og:title\" content=\"Westbalkan: Auf wen h\u00f6rt die NATO \u2013 und wen versteht sie?\" \/>\n<meta property=\"og:description\" content=\"Der trinationale Staat Bosnien und Herzegowina ist, was einen Beitritt zur EU und zur NATO anbetrifft, gespalten. Daher werden die USA und die NATO nicht m\u00fcde, das &#8220;Partnerland&#8221; wiederholt vor der &#8220;russischen Bedrohung&#8221; und einer Zusammenarbeit mit China zu warnen. Diese Bem\u00fchungen haben bisher allerdings nicht gefruchtet. Von Marinko U\u010dur\u00a0 Im Kampf gegen den nicht [&hellip;]\" \/>\n<meta property=\"og:url\" content=\"https:\/\/now-news.de\/de\/deutschland\/westbalkan-auf-wen-hoert-die-nato-und-wen-versteht-sie\/\" \/>\n<meta property=\"og:site_name\" content=\"just-now.NEWS Deutschland\" \/>\n<meta property=\"article:publisher\" content=\"https:\/\/www.facebook.com\/wirmachenauf\" \/>\n<meta property=\"article:published_time\" content=\"2024-05-27T11:06:55+00:00\" \/>\n<meta property=\"og:image\" content=\"https:\/\/now-news.de\/de\/wp-content\/uploads\/sites\/3\/2024\/05\/66545d59b480cc6f7c3fa5e4.jpg\" \/>\n<meta name=\"author\" content=\"rtnews\" \/>\n<meta name=\"twitter:card\" content=\"summary_large_image\" \/>\n<meta name=\"twitter:creator\" content=\"@WirMachenAuf_de\" \/>\n<meta name=\"twitter:site\" content=\"@WirMachenAuf_de\" \/>\n<meta name=\"twitter:label1\" content=\"Verfasst von\" \/>\n\t<meta name=\"twitter:data1\" content=\"rtnews\" \/>\n\t<meta name=\"twitter:label2\" content=\"Gesch\u00e4tzte Lesezeit\" \/>\n\t<meta name=\"twitter:data2\" content=\"4\u00a0Minuten\" \/>\n<script type=\"application\/ld+json\" class=\"yoast-schema-graph\">{\"@context\":\"https:\/\/schema.org\",\"@graph\":[{\"@type\":\"Article\",\"@id\":\"https:\/\/now-news.de\/de\/deutschland\/westbalkan-auf-wen-hoert-die-nato-und-wen-versteht-sie\/#article\",\"isPartOf\":{\"@id\":\"https:\/\/now-news.de\/de\/deutschland\/westbalkan-auf-wen-hoert-die-nato-und-wen-versteht-sie\/\"},\"author\":{\"name\":\"rtnews\",\"@id\":\"https:\/\/now-news.de\/de\/#\/schema\/person\/fb534a4e865501d8b3285208df34a9b5\"},\"headline\":\"Westbalkan: Auf wen h\u00f6rt die NATO \u2013 und wen versteht sie?\",\"datePublished\":\"2024-05-27T11:06:55+00:00\",\"dateModified\":\"2024-05-27T11:06:55+00:00\",\"mainEntityOfPage\":{\"@id\":\"https:\/\/now-news.de\/de\/deutschland\/westbalkan-auf-wen-hoert-die-nato-und-wen-versteht-sie\/\"},\"wordCount\":866,\"commentCount\":0,\"publisher\":{\"@id\":\"https:\/\/now-news.de\/de\/#organization\"},\"image\":{\"@id\":\"https:\/\/now-news.de\/de\/deutschland\/westbalkan-auf-wen-hoert-die-nato-und-wen-versteht-sie\/#primaryimage\"},\"thumbnailUrl\":\"https:\/\/now-news.de\/de\/wp-content\/uploads\/sites\/3\/2024\/05\/Westbalkan-Auf-wen-hoert-die-NATO-\u2013-und-wen-versteht.jpg\",\"keywords\":[\"AUF\",\"die\",\"h\u00f6rt\",\"nato\",\"Sie\",\"und\",\"versteht\",\"wen\",\"Westbalkan\"],\"articleSection\":[\"Deutschland\",\"Russland\"],\"inLanguage\":\"de\",\"potentialAction\":[{\"@type\":\"CommentAction\",\"name\":\"Comment\",\"target\":[\"https:\/\/now-news.de\/de\/deutschland\/westbalkan-auf-wen-hoert-die-nato-und-wen-versteht-sie\/#respond\"]}]},{\"@type\":\"WebPage\",\"@id\":\"https:\/\/now-news.de\/de\/deutschland\/westbalkan-auf-wen-hoert-die-nato-und-wen-versteht-sie\/\",\"url\":\"https:\/\/now-news.de\/de\/deutschland\/westbalkan-auf-wen-hoert-die-nato-und-wen-versteht-sie\/\",\"name\":\"Westbalkan: Auf wen h\u00f6rt die NATO \u2013 und wen versteht sie? - just-now.NEWS Deutschland\",\"isPartOf\":{\"@id\":\"https:\/\/now-news.de\/de\/#website\"},\"primaryImageOfPage\":{\"@id\":\"https:\/\/now-news.de\/de\/deutschland\/westbalkan-auf-wen-hoert-die-nato-und-wen-versteht-sie\/#primaryimage\"},\"image\":{\"@id\":\"https:\/\/now-news.de\/de\/deutschland\/westbalkan-auf-wen-hoert-die-nato-und-wen-versteht-sie\/#primaryimage\"},\"thumbnailUrl\":\"https:\/\/now-news.de\/de\/wp-content\/uploads\/sites\/3\/2024\/05\/Westbalkan-Auf-wen-hoert-die-NATO-\u2013-und-wen-versteht.jpg\",\"datePublished\":\"2024-05-27T11:06:55+00:00\",\"dateModified\":\"2024-05-27T11:06:55+00:00\",\"breadcrumb\":{\"@id\":\"https:\/\/now-news.de\/de\/deutschland\/westbalkan-auf-wen-hoert-die-nato-und-wen-versteht-sie\/#breadcrumb\"},\"inLanguage\":\"de\",\"potentialAction\":[{\"@type\":\"ReadAction\",\"target\":[\"https:\/\/now-news.de\/de\/deutschland\/westbalkan-auf-wen-hoert-die-nato-und-wen-versteht-sie\/\"]}]},{\"@type\":\"ImageObject\",\"inLanguage\":\"de\",\"@id\":\"https:\/\/now-news.de\/de\/deutschland\/westbalkan-auf-wen-hoert-die-nato-und-wen-versteht-sie\/#primaryimage\",\"url\":\"https:\/\/now-news.de\/de\/wp-content\/uploads\/sites\/3\/2024\/05\/Westbalkan-Auf-wen-hoert-die-NATO-\u2013-und-wen-versteht.jpg\",\"contentUrl\":\"https:\/\/now-news.de\/de\/wp-content\/uploads\/sites\/3\/2024\/05\/Westbalkan-Auf-wen-hoert-die-NATO-\u2013-und-wen-versteht.jpg\",\"width\":460,\"height\":259,\"caption\":\"Westbalkan: Auf wen h\u00f6rt die NATO \u2013 und wen versteht sie?\"},{\"@type\":\"BreadcrumbList\",\"@id\":\"https:\/\/now-news.de\/de\/deutschland\/westbalkan-auf-wen-hoert-die-nato-und-wen-versteht-sie\/#breadcrumb\",\"itemListElement\":[{\"@type\":\"ListItem\",\"position\":1,\"name\":\"Home\",\"item\":\"https:\/\/now-news.de\/de\/\"},{\"@type\":\"ListItem\",\"position\":2,\"name\":\"Westbalkan: Auf wen h\u00f6rt die NATO \u2013 und wen versteht sie?\"}]},{\"@type\":\"WebSite\",\"@id\":\"https:\/\/now-news.de\/de\/#website\",\"url\":\"https:\/\/now-news.de\/de\/\",\"name\":\"just-now.NEWS Deutschland\",\"description\":\"Das Portal f\u00fcr unzensierte Nachrichten aus der Welt\",\"publisher\":{\"@id\":\"https:\/\/now-news.de\/de\/#organization\"},\"potentialAction\":[{\"@type\":\"SearchAction\",\"target\":{\"@type\":\"EntryPoint\",\"urlTemplate\":\"https:\/\/now-news.de\/de\/?s={search_term_string}\"},\"query-input\":\"required name=search_term_string\"}],\"inLanguage\":\"de\"},{\"@type\":\"Organization\",\"@id\":\"https:\/\/now-news.de\/de\/#organization\",\"name\":\"Just Now News\",\"url\":\"https:\/\/now-news.de\/de\/\",\"logo\":{\"@type\":\"ImageObject\",\"inLanguage\":\"de\",\"@id\":\"https:\/\/now-news.de\/de\/#\/schema\/logo\/image\/\",\"url\":\"http:\/\/just-now.news\/de\/wp-content\/uploads\/sites\/3\/2022\/04\/logo500x500.jpg\",\"contentUrl\":\"http:\/\/just-now.news\/de\/wp-content\/uploads\/sites\/3\/2022\/04\/logo500x500.jpg\",\"width\":500,\"height\":500,\"caption\":\"Just Now News\"},\"image\":{\"@id\":\"https:\/\/now-news.de\/de\/#\/schema\/logo\/image\/\"},\"sameAs\":[\"https:\/\/www.facebook.com\/wirmachenauf\",\"https:\/\/x.com\/WirMachenAuf_de\"]},{\"@type\":\"Person\",\"@id\":\"https:\/\/now-news.de\/de\/#\/schema\/person\/fb534a4e865501d8b3285208df34a9b5\",\"name\":\"rtnews\",\"image\":{\"@type\":\"ImageObject\",\"inLanguage\":\"de\",\"@id\":\"https:\/\/now-news.de\/de\/#\/schema\/person\/image\/\",\"url\":\"https:\/\/secure.gravatar.com\/avatar\/82aafea7d8127119dd649515f56e2117?s=96&d=mm&r=g\",\"contentUrl\":\"https:\/\/secure.gravatar.com\/avatar\/82aafea7d8127119dd649515f56e2117?s=96&d=mm&r=g\",\"caption\":\"rtnews\"},\"url\":\"https:\/\/now-news.de\/de\/author\/rnews\/\"}]}<\/script>\n<!-- \/ Yoast SEO Premium plugin. -->","yoast_head_json":{"title":"Westbalkan: Auf wen h\u00f6rt die NATO \u2013 und wen versteht sie? - just-now.NEWS Deutschland","robots":{"index":"index","follow":"follow","max-snippet":"max-snippet:-1","max-image-preview":"max-image-preview:large","max-video-preview":"max-video-preview:-1"},"canonical":"https:\/\/now-news.de\/de\/deutschland\/westbalkan-auf-wen-hoert-die-nato-und-wen-versteht-sie\/","og_locale":"de_DE","og_type":"article","og_title":"Westbalkan: Auf wen h\u00f6rt die NATO \u2013 und wen versteht sie?","og_description":"Der trinationale Staat Bosnien und Herzegowina ist, was einen Beitritt zur EU und zur NATO anbetrifft, gespalten. Daher werden die USA und die NATO nicht m\u00fcde, das &#8220;Partnerland&#8221; wiederholt vor der &#8220;russischen Bedrohung&#8221; und einer Zusammenarbeit mit China zu warnen. Diese Bem\u00fchungen haben bisher allerdings nicht gefruchtet. Von Marinko U\u010dur\u00a0 Im Kampf gegen den nicht [&hellip;]","og_url":"https:\/\/now-news.de\/de\/deutschland\/westbalkan-auf-wen-hoert-die-nato-und-wen-versteht-sie\/","og_site_name":"just-now.NEWS Deutschland","article_publisher":"https:\/\/www.facebook.com\/wirmachenauf","article_published_time":"2024-05-27T11:06:55+00:00","og_image":[{"url":"https:\/\/now-news.de\/de\/wp-content\/uploads\/sites\/3\/2024\/05\/66545d59b480cc6f7c3fa5e4.jpg"}],"author":"rtnews","twitter_card":"summary_large_image","twitter_creator":"@WirMachenAuf_de","twitter_site":"@WirMachenAuf_de","twitter_misc":{"Verfasst von":"rtnews","Gesch\u00e4tzte Lesezeit":"4\u00a0Minuten"},"schema":{"@context":"https:\/\/schema.org","@graph":[{"@type":"Article","@id":"https:\/\/now-news.de\/de\/deutschland\/westbalkan-auf-wen-hoert-die-nato-und-wen-versteht-sie\/#article","isPartOf":{"@id":"https:\/\/now-news.de\/de\/deutschland\/westbalkan-auf-wen-hoert-die-nato-und-wen-versteht-sie\/"},"author":{"name":"rtnews","@id":"https:\/\/now-news.de\/de\/#\/schema\/person\/fb534a4e865501d8b3285208df34a9b5"},"headline":"Westbalkan: Auf wen h\u00f6rt die NATO \u2013 und wen versteht sie?","datePublished":"2024-05-27T11:06:55+00:00","dateModified":"2024-05-27T11:06:55+00:00","mainEntityOfPage":{"@id":"https:\/\/now-news.de\/de\/deutschland\/westbalkan-auf-wen-hoert-die-nato-und-wen-versteht-sie\/"},"wordCount":866,"commentCount":0,"publisher":{"@id":"https:\/\/now-news.de\/de\/#organization"},"image":{"@id":"https:\/\/now-news.de\/de\/deutschland\/westbalkan-auf-wen-hoert-die-nato-und-wen-versteht-sie\/#primaryimage"},"thumbnailUrl":"https:\/\/now-news.de\/de\/wp-content\/uploads\/sites\/3\/2024\/05\/Westbalkan-Auf-wen-hoert-die-NATO-\u2013-und-wen-versteht.jpg","keywords":["AUF","die","h\u00f6rt","nato","Sie","und","versteht","wen","Westbalkan"],"articleSection":["Deutschland","Russland"],"inLanguage":"de","potentialAction":[{"@type":"CommentAction","name":"Comment","target":["https:\/\/now-news.de\/de\/deutschland\/westbalkan-auf-wen-hoert-die-nato-und-wen-versteht-sie\/#respond"]}]},{"@type":"WebPage","@id":"https:\/\/now-news.de\/de\/deutschland\/westbalkan-auf-wen-hoert-die-nato-und-wen-versteht-sie\/","url":"https:\/\/now-news.de\/de\/deutschland\/westbalkan-auf-wen-hoert-die-nato-und-wen-versteht-sie\/","name":"Westbalkan: Auf wen h\u00f6rt die NATO \u2013 und wen versteht sie? - just-now.NEWS Deutschland","isPartOf":{"@id":"https:\/\/now-news.de\/de\/#website"},"primaryImageOfPage":{"@id":"https:\/\/now-news.de\/de\/deutschland\/westbalkan-auf-wen-hoert-die-nato-und-wen-versteht-sie\/#primaryimage"},"image":{"@id":"https:\/\/now-news.de\/de\/deutschland\/westbalkan-auf-wen-hoert-die-nato-und-wen-versteht-sie\/#primaryimage"},"thumbnailUrl":"https:\/\/now-news.de\/de\/wp-content\/uploads\/sites\/3\/2024\/05\/Westbalkan-Auf-wen-hoert-die-NATO-\u2013-und-wen-versteht.jpg","datePublished":"2024-05-27T11:06:55+00:00","dateModified":"2024-05-27T11:06:55+00:00","breadcrumb":{"@id":"https:\/\/now-news.de\/de\/deutschland\/westbalkan-auf-wen-hoert-die-nato-und-wen-versteht-sie\/#breadcrumb"},"inLanguage":"de","potentialAction":[{"@type":"ReadAction","target":["https:\/\/now-news.de\/de\/deutschland\/westbalkan-auf-wen-hoert-die-nato-und-wen-versteht-sie\/"]}]},{"@type":"ImageObject","inLanguage":"de","@id":"https:\/\/now-news.de\/de\/deutschland\/westbalkan-auf-wen-hoert-die-nato-und-wen-versteht-sie\/#primaryimage","url":"https:\/\/now-news.de\/de\/wp-content\/uploads\/sites\/3\/2024\/05\/Westbalkan-Auf-wen-hoert-die-NATO-\u2013-und-wen-versteht.jpg","contentUrl":"https:\/\/now-news.de\/de\/wp-content\/uploads\/sites\/3\/2024\/05\/Westbalkan-Auf-wen-hoert-die-NATO-\u2013-und-wen-versteht.jpg","width":460,"height":259,"caption":"Westbalkan: Auf wen h\u00f6rt die NATO \u2013 und wen versteht sie?"},{"@type":"BreadcrumbList","@id":"https:\/\/now-news.de\/de\/deutschland\/westbalkan-auf-wen-hoert-die-nato-und-wen-versteht-sie\/#breadcrumb","itemListElement":[{"@type":"ListItem","position":1,"name":"Home","item":"https:\/\/now-news.de\/de\/"},{"@type":"ListItem","position":2,"name":"Westbalkan: Auf wen h\u00f6rt die NATO \u2013 und wen versteht sie?"}]},{"@type":"WebSite","@id":"https:\/\/now-news.de\/de\/#website","url":"https:\/\/now-news.de\/de\/","name":"just-now.NEWS Deutschland","description":"Das Portal f\u00fcr unzensierte Nachrichten aus der Welt","publisher":{"@id":"https:\/\/now-news.de\/de\/#organization"},"potentialAction":[{"@type":"SearchAction","target":{"@type":"EntryPoint","urlTemplate":"https:\/\/now-news.de\/de\/?s={search_term_string}"},"query-input":"required name=search_term_string"}],"inLanguage":"de"},{"@type":"Organization","@id":"https:\/\/now-news.de\/de\/#organization","name":"Just Now News","url":"https:\/\/now-news.de\/de\/","logo":{"@type":"ImageObject","inLanguage":"de","@id":"https:\/\/now-news.de\/de\/#\/schema\/logo\/image\/","url":"http:\/\/just-now.news\/de\/wp-content\/uploads\/sites\/3\/2022\/04\/logo500x500.jpg","contentUrl":"http:\/\/just-now.news\/de\/wp-content\/uploads\/sites\/3\/2022\/04\/logo500x500.jpg","width":500,"height":500,"caption":"Just Now News"},"image":{"@id":"https:\/\/now-news.de\/de\/#\/schema\/logo\/image\/"},"sameAs":["https:\/\/www.facebook.com\/wirmachenauf","https:\/\/x.com\/WirMachenAuf_de"]},{"@type":"Person","@id":"https:\/\/now-news.de\/de\/#\/schema\/person\/fb534a4e865501d8b3285208df34a9b5","name":"rtnews","image":{"@type":"ImageObject","inLanguage":"de","@id":"https:\/\/now-news.de\/de\/#\/schema\/person\/image\/","url":"https:\/\/secure.gravatar.com\/avatar\/82aafea7d8127119dd649515f56e2117?s=96&d=mm&r=g","contentUrl":"https:\/\/secure.gravatar.com\/avatar\/82aafea7d8127119dd649515f56e2117?s=96&d=mm&r=g","caption":"rtnews"},"url":"https:\/\/now-news.de\/de\/author\/rnews\/"}]}},"_links":{"self":[{"href":"https:\/\/now-news.de\/de\/wp-json\/wp\/v2\/posts\/58946"}],"collection":[{"href":"https:\/\/now-news.de\/de\/wp-json\/wp\/v2\/posts"}],"about":[{"href":"https:\/\/now-news.de\/de\/wp-json\/wp\/v2\/types\/post"}],"author":[{"embeddable":true,"href":"https:\/\/now-news.de\/de\/wp-json\/wp\/v2\/users\/3"}],"replies":[{"embeddable":true,"href":"https:\/\/now-news.de\/de\/wp-json\/wp\/v2\/comments?post=58946"}],"version-history":[{"count":0,"href":"https:\/\/now-news.de\/de\/wp-json\/wp\/v2\/posts\/58946\/revisions"}],"wp:featuredmedia":[{"embeddable":true,"href":"https:\/\/now-news.de\/de\/wp-json\/wp\/v2\/media\/58947"}],"wp:attachment":[{"href":"https:\/\/now-news.de\/de\/wp-json\/wp\/v2\/media?parent=58946"}],"wp:term":[{"taxonomy":"category","embeddable":true,"href":"https:\/\/now-news.de\/de\/wp-json\/wp\/v2\/categories?post=58946"},{"taxonomy":"post_tag","embeddable":true,"href":"https:\/\/now-news.de\/de\/wp-json\/wp\/v2\/tags?post=58946"}],"curies":[{"name":"wp","href":"https:\/\/api.w.org\/{rel}","templated":true}]}}