{"id":58912,"date":"2024-05-27T14:51:45","date_gmt":"2024-05-27T12:51:45","guid":{"rendered":"https:\/\/now-news.de\/de\/deutschland\/stoltenberg-stellt-sich-auf-seite-von-scholz-kein-nato-luftabwehrschirm-ueber-westukraine\/"},"modified":"2024-05-27T14:51:45","modified_gmt":"2024-05-27T12:51:45","slug":"stoltenberg-stellt-sich-auf-seite-von-scholz-kein-nato-luftabwehrschirm-ueber-westukraine","status":"publish","type":"post","link":"https:\/\/now-news.de\/de\/deutschland\/stoltenberg-stellt-sich-auf-seite-von-scholz-kein-nato-luftabwehrschirm-ueber-westukraine\/","title":{"rendered":"Stoltenberg stellt sich auf Seite von Scholz: Kein NATO-Luftabwehrschirm \u00fcber Westukraine"},"content":{"rendered":"<p><img decoding=\"async\" src=\"https:\/\/now-news.de\/de\/wp-content\/uploads\/sites\/3\/2024\/05\/66546398b480cc1f1e330f11.jpg\" \/><\/p>\n<div class=\"Text-root Text-type_1 \">\n                Jens Stoltenberg hat Forderungen aus Kiew und Berlin eine Absage erteilt, von NATO-Gebiet aus den Luftraum \u00fcber der Westukraine zu sch\u00fctzen. Damit hat sich der NATO-Generalsekret\u00e4r auf die Seite von Olaf Scholz gestellt, der die auch in Deutschland lauter werdenden Forderungen nach einem solchen Luftabwehrschirm als unvern\u00fcnftig zur\u00fcckweist.\n            <\/div>\n<p><\/p>\n<div class=\"Text-root Text-type_5 ArticleView-text ViewText-root \">\n<p>Der NATO-Generalsekret\u00e4r erteilte Forderungen aus Kiew und aus Deutschland eine Absage, von NATO-Territorium aus die Luftabwehr \u00fcber der Westukraine zu \u00fcbernehmen, um russische Raketen und Drohnen abzuschie\u00dfen.\u00a0\u00a0<\/p>\n<p><em>&#8220;W\u00e4hrend wir unsere Unterst\u00fctzung f\u00fcr die Selbstverteidigung der Ukraine hochfahren, gibt es keine Pl\u00e4ne, NATO-Truppen in die Ukraine zu schicken oder den NATO-Schutzschirm f\u00fcr Luftverteidigung auf die Ukraine auszudehnen. Die NATO wird nicht Teil des Konfliktes werden&#8221;<\/em>, sagte Stoltenberg gegen\u00fcber der <em>Welt<\/em>.<\/p>\n<p>Vergangene Woche hatte der ukrainische Pr\u00e4sident die USA und ihre Verb\u00fcndeten aufgefordert, russische Raketen abzuschie\u00dfen. Dies k\u00f6nnte etwa von\u00a0Polen oder Rum\u00e4nien aus mithilfe von Patriot-Batterien geschehen.\u00a0In <a rel=\"nofollow noopener\" target=\"_blank\" href=\"https:\/\/www.nytimes.com\/2024\/05\/21\/world\/europe\/ukraine-zelensky-interview.html\">einem Gespr\u00e4ch<\/a> mit der <em>New York Times<\/em> erkl\u00e4rte Wladimir Selenskij, er sehe kein Problem mit einem solchen NATO-Engagement, und behauptete, dass dies nicht mit einem &#8220;Angriff auf Russland&#8221; gleichzusetzen sei.<\/p>\n<p><em>&#8220;Schie\u00dft man russische Flugzeuge ab und t\u00f6tet russische Piloten? Nein&#8221;,<\/em> argumentierte er. Selenskij wies auch darauf hin, dass die USA und Gro\u00dfbritannien im vergangenen Monat iranische Raketen und Drohnen \u00fcber Israel abgeschossen h\u00e4tten. Sowohl Washington als auch London hatten jedoch erkl\u00e4rt, dass die beiden Szenarien nicht vergleichbar seien.<\/p>\n<p>In einigen EU-L\u00e4ndern gibt es jedoch Bef\u00fcrworter eines solchen Unterfangens, das das Risiko einer massiven Eskalation in sich birgt. So hatte am\u00a0Mittwoch der Sprecher des polnischen Au\u00dfenministeriums, Pawe\u0142 Wro\u0144ski, gegen\u00fcber ukrainischen Medien erkl\u00e4rt, sein Land pr\u00fcfe &#8220;aus rechtlicher und technischer Sicht&#8221; die M\u00f6glichkeit, seine Luftabwehrsysteme zum Abschuss russischer Raketen \u00fcber ukrainischem Gebiet einzusetzen. Der hochrangige Diplomat beeilte sich jedoch hinzuzuf\u00fcgen, dass noch keine Entscheidung getroffen worden sei.<\/p>\n<p>Vor allem in Deutschland mehren sich die Stimmen, die diesen Pfad der Eskalation beschreiten wollen. Angesto\u00dfen wurde die Debatte in Deutschland <a rel=\"nofollow noopener\" target=\"_blank\" href=\"https:\/\/freedert.online\/europa\/203307-strategiewechsel-deutscher-militaerexperte-fordert-direkte\/\">vor einem Monat<\/a> von dem Milit\u00e4rexperten Nico Lange. Der &#8220;Senior Fellow der M\u00fcnchner Sicherheitskonferenz&#8221; hatte ebenfalls auf das israelische Szenario als Begr\u00fcndung verwiesen. Lange, der\u00a0bis 2022 dem Leitungsstab des Bundesverteidigungsministeriums angeh\u00f6rte, forderte einen &#8220;Strategiewechsel&#8221; in\u00a0Bezug auf den Konflikt mit Russland\u00a0\u2012 und ein direktes Eingreifen der NATO:\u00a0<\/p>\n<p><em>&#8220;Die Partner sollten mit den zahlreichen &#8216;Patriot&#8217;-Systemen an unseren Ostgrenzen ab jetzt alle russischen Raketen und Drohnen \u00fcber der Ukraine abschie\u00dfen, die sie in Reichweite haben.&#8221;<\/em><\/p>\n<p><em><\/em>Sowohl Vertreter der Ampel-Parteien als auch der Opposition hatten sich in den letzten Tagen und Wochen dieser Forderung angeschlossen, die\u00a0SPD-Bundestagsfraktionschef Rolf M\u00fctzenich als &#8220;brandgef\u00e4hrlich&#8221; <a rel=\"nofollow noopener\" target=\"_blank\" href=\"https:\/\/freedert.online\/inland\/205551-nato-flugabwehreinsatz-in-ukraine-spd\/\">bezeichnete<\/a>.\u00a0<\/p>\n<p>Erst am vergangenen Wochenende <a rel=\"nofollow noopener\" target=\"_blank\" href=\"https:\/\/freedert.online\/inland\/207055-kiesewetter-nato-staaten-koennten-luftabwehr\/\">bekr\u00e4ftigte<\/a> der CDU-Verteidigungsexperte Roderich Kiesewetter die Forderung, die NATO solle die Luftabwehr \u00fcber dem Westen der\u00a0Ukraine\u00a0\u00fcbernehmen. <em>&#8220;Eine Koalition der Willigen k\u00f6nnte ihre eigene Luftabwehr in einem Korridor von 70 bis 100 Kilometern auf das westliche Territorium der Ukraine ausdehnen. So w\u00fcrden die Streitkr\u00e4fte der Ukraine an dieser Stelle entlastet\u00a0\u2012 sie k\u00f6nnten sich auf die Luftverteidigung weiter \u00f6stlich im Land konzentrieren&#8221;<\/em>,\u00a0so Kiesewetter gegen\u00fcber der\u00a0<em>Neuen Osnabr\u00fccker Zeitung<\/em>.\u00a0<\/p>\n<p>Olaf Scholz hatte bereits zuvor diesen Vorschlag als leichtsinnig und gef\u00e4hrlich zur\u00fcckgewiesen. Bei einer SPD-Wahlkundgebung am Pfingstwochenende sagte der Bundeskanzler: <em>&#8220;Und immer wieder gibt es welche, die sagen: Das soll man machen, und jenes soll man machen! Ich habe das Gef\u00fchl, mit dem Schaum vorm Mund spricht es sich nicht besser!\u00a0Es ist keine Vernunft da drin und nichts, was irgendeinen Sinn macht!&#8221;<\/em><\/p>\n<p>Scholz\u00a0sagte zudem, dass ihn die gegenw\u00e4rtige Diskussion an die &#8220;Debatten \u00fcber No-Flight-Zonen&#8221; vor zwei Jahren erinnere, in denen &#8220;Kampfflugzeuge europ\u00e4ischer L\u00e4nder&#8221; sicherstellen sollten, dass keine russischen Bomber ukrainischen Luftraum durchfliegen.\u00a0<\/p>\n<p>Zudem gab es bereits Ende 2022 \u00dcberlegungen, den ukrainischen Luftraum von NATO-Gebiet aus zu sch\u00fctzen. Laut damaligen Berichten, die durch die Medien geisterten, habe Deutschland die Stationierung von Patriot-Luftabwehrraketen an der polnisch-ukrainischen Grenze in Erw\u00e4gung gezogen, um den Luftraum \u00fcber der Westukraine zu sch\u00fctzen.<\/p>\n<div class=\"EmbedBlock-root EmbedBlock-twitter\">\n<div class=\"TwitterEmbed\">\n<blockquote class=\"twitter-tweet lazyload\" data-twitter=\"twitter-tweet\">\n<p lang=\"en\" dir=\"ltr\">\ud83d\udcccAccording to reports, Germany plans to deploy Patriots on Polish-Ukrainian border in order to create a more-protected air space over Western Ukraine. The plan is to engage on incoming Russian missiles over Western Ukraine, by firing air defence missiles from Polish territories. <a rel=\"nofollow noopener\" target=\"_blank\" href=\"https:\/\/t.co\/Rud91Cy8ey\">pic.twitter.com\/Rud91Cy8ey<\/a><\/p>\n<p>\u2014 Journalite (@journaIite) <a rel=\"nofollow noopener\" target=\"_blank\" href=\"https:\/\/twitter.com\/journaIite\/status\/1602670860518703104?ref_src=twsrc%5Etfw\">December 13, 2022<\/a><\/p><\/blockquote>\n<\/div>\n<\/div>\n<p>Doch die damaligen Pl\u00e4ne, so sie denn \u00fcberhaupt bestanden haben, wurden schnell wieder fallen gelassen. Und der Kanzler hofft, dass auch die jetzige Debatte m\u00f6glichst bald im Sande verl\u00e4uft. Denn w\u00e4hrend Scholz\u00a0betont, dass es zwar wichtig sei, Kiew weiterhin zu unterst\u00fctzen, d\u00fcrfe aber weder Deutschland noch die EU oder die NATO zu einer Konfliktpartei werden, da eine solche Entwicklung eine &#8220;unvorhersehbare Reaktion&#8221; Moskaus ausl\u00f6sen k\u00f6nnte.<\/p>\n<p><strong>Mehr zum Thema<\/strong>\u00a0\u2012\u00a0<a rel=\"nofollow noopener\" target=\"_blank\" href=\"https:\/\/freedert.online\/international\/206970-nato-generalsekretaer-fuer-einsatz-westlicher-waffen-bei-ukrainischen-angriffen-auf-russland\/\">NATO-Generalsekret\u00e4r Stoltenberg: Ukraine sollte Russland mit westlichen Waffen angreifen d\u00fcrfen<\/a><\/p>\n<div class=\"EmbedBlock-root EmbedBlock-externalVideo EmbedBlock-odysee\">\n<div class=\"VkEmbed\"><iframe class=\"lazyload\" data-src=\"https:\/\/odysee.com\/%24\/embed\/%40RTDE%3Ae%2FScholz--Wollen-einen-Krieg-zwischen-Russland-und-der-NATO-verhindern%3A1\" frameborder=\"0\" width=\"853\" height=\"480\" allowfullscreen><\/iframe><\/div>\n<\/div>\n<\/div>\n<p><script async src=\"https:\/\/platform.twitter.com\/widgets.js\" charset=\"utf-8\"><\/script><br \/>\n<br \/><br \/>\n<br \/><a href=\"https:\/\/de.rt.com\/international\/207149-stoltenberg-stellt-sich-auf-seite\/\">Source link <\/a><\/p>\n","protected":false},"excerpt":{"rendered":"<p>Jens Stoltenberg hat Forderungen aus Kiew und Berlin eine Absage erteilt, von NATO-Gebiet aus den Luftraum \u00fcber der Westukraine zu sch\u00fctzen. Damit hat sich der NATO-Generalsekret\u00e4r auf die Seite von Olaf Scholz gestellt, der die auch in Deutschland lauter werdenden Forderungen nach einem solchen Luftabwehrschirm als unvern\u00fcnftig zur\u00fcckweist. Der NATO-Generalsekret\u00e4r erteilte Forderungen aus Kiew und [&hellip;]<\/p>\n","protected":false},"author":3,"featured_media":58913,"comment_status":"open","ping_status":"open","sticky":false,"template":"","format":"standard","meta":{"_yoast_indexnow_last_ping":["1716814837"],"wp_automatic_camp":["217"],"04b2cfddd42eaf975757f91d00fd2e41":["Stoltenberg stellt sich auf Seite von Scholz: Kein NATO-Luftabwehrschirm \u00fcber Westukraine"],"original_link":["https:\/\/de.rt.com\/international\/207149-stoltenberg-stellt-sich-auf-seite\/"],"_thumbnail_id":["58913"],"_wptgpro_p2tg_sent2tg":["a:1:{i:23737;s:19:\"2024-05-27 15:05:15\";}"],"jnews_social_counter_last_update":["1777290626"]},"categories":[19,23],"tags":[133,2030,55210,1001,1934,434,15979,22084,139,50,14420],"yoast_head":"<!-- This site is optimized with the Yoast SEO Premium plugin v22.7 (Yoast SEO v22.7) - https:\/\/yoast.com\/wordpress\/plugins\/seo\/ -->\n<title>Stoltenberg stellt sich auf Seite von Scholz: Kein NATO-Luftabwehrschirm \u00fcber Westukraine - just-now.NEWS Deutschland<\/title>\n<meta name=\"robots\" content=\"index, follow, max-snippet:-1, max-image-preview:large, max-video-preview:-1\" \/>\n<link rel=\"canonical\" href=\"https:\/\/now-news.de\/de\/deutschland\/stoltenberg-stellt-sich-auf-seite-von-scholz-kein-nato-luftabwehrschirm-ueber-westukraine\/\" \/>\n<meta property=\"og:locale\" content=\"de_DE\" \/>\n<meta property=\"og:type\" content=\"article\" \/>\n<meta property=\"og:title\" content=\"Stoltenberg stellt sich auf Seite von Scholz: Kein NATO-Luftabwehrschirm \u00fcber Westukraine\" \/>\n<meta property=\"og:description\" content=\"Jens Stoltenberg hat Forderungen aus Kiew und Berlin eine Absage erteilt, von NATO-Gebiet aus den Luftraum \u00fcber der Westukraine zu sch\u00fctzen. Damit hat sich der NATO-Generalsekret\u00e4r auf die Seite von Olaf Scholz gestellt, der die auch in Deutschland lauter werdenden Forderungen nach einem solchen Luftabwehrschirm als unvern\u00fcnftig zur\u00fcckweist. Der NATO-Generalsekret\u00e4r erteilte Forderungen aus Kiew und [&hellip;]\" \/>\n<meta property=\"og:url\" content=\"https:\/\/now-news.de\/de\/deutschland\/stoltenberg-stellt-sich-auf-seite-von-scholz-kein-nato-luftabwehrschirm-ueber-westukraine\/\" \/>\n<meta property=\"og:site_name\" content=\"just-now.NEWS Deutschland\" \/>\n<meta property=\"article:publisher\" content=\"https:\/\/www.facebook.com\/wirmachenauf\" \/>\n<meta property=\"article:published_time\" content=\"2024-05-27T12:51:45+00:00\" \/>\n<meta property=\"og:image\" content=\"https:\/\/now-news.de\/de\/wp-content\/uploads\/sites\/3\/2024\/05\/66546398b480cc1f1e330f11.jpg\" \/>\n<meta name=\"author\" content=\"rtnews\" \/>\n<meta name=\"twitter:card\" content=\"summary_large_image\" \/>\n<meta name=\"twitter:creator\" content=\"@WirMachenAuf_de\" \/>\n<meta name=\"twitter:site\" content=\"@WirMachenAuf_de\" \/>\n<meta name=\"twitter:label1\" content=\"Verfasst von\" \/>\n\t<meta name=\"twitter:data1\" content=\"rtnews\" \/>\n\t<meta name=\"twitter:label2\" content=\"Gesch\u00e4tzte Lesezeit\" \/>\n\t<meta name=\"twitter:data2\" content=\"4\u00a0Minuten\" \/>\n<script type=\"application\/ld+json\" class=\"yoast-schema-graph\">{\"@context\":\"https:\/\/schema.org\",\"@graph\":[{\"@type\":\"Article\",\"@id\":\"https:\/\/now-news.de\/de\/deutschland\/stoltenberg-stellt-sich-auf-seite-von-scholz-kein-nato-luftabwehrschirm-ueber-westukraine\/#article\",\"isPartOf\":{\"@id\":\"https:\/\/now-news.de\/de\/deutschland\/stoltenberg-stellt-sich-auf-seite-von-scholz-kein-nato-luftabwehrschirm-ueber-westukraine\/\"},\"author\":{\"name\":\"rtnews\",\"@id\":\"https:\/\/now-news.de\/de\/#\/schema\/person\/fb534a4e865501d8b3285208df34a9b5\"},\"headline\":\"Stoltenberg stellt sich auf Seite von Scholz: Kein NATO-Luftabwehrschirm \u00fcber Westukraine\",\"datePublished\":\"2024-05-27T12:51:45+00:00\",\"dateModified\":\"2024-05-27T12:51:45+00:00\",\"mainEntityOfPage\":{\"@id\":\"https:\/\/now-news.de\/de\/deutschland\/stoltenberg-stellt-sich-auf-seite-von-scholz-kein-nato-luftabwehrschirm-ueber-westukraine\/\"},\"wordCount\":831,\"commentCount\":0,\"publisher\":{\"@id\":\"https:\/\/now-news.de\/de\/#organization\"},\"image\":{\"@id\":\"https:\/\/now-news.de\/de\/deutschland\/stoltenberg-stellt-sich-auf-seite-von-scholz-kein-nato-luftabwehrschirm-ueber-westukraine\/#primaryimage\"},\"thumbnailUrl\":\"https:\/\/now-news.de\/de\/wp-content\/uploads\/sites\/3\/2024\/05\/Stoltenberg-stellt-sich-auf-Seite-von-Scholz-Kein-NATO-Luftabwehrschirm-ueber.jpg\",\"keywords\":[\"AUF\",\"Kein\",\"NATOLuftabwehrschirm\",\"Scholz\",\"Seite\",\"sich\",\"stellt\",\"Stoltenberg\",\"\u00fcber\",\"von\",\"Westukraine\"],\"articleSection\":[\"Deutschland\",\"Russland\"],\"inLanguage\":\"de\",\"potentialAction\":[{\"@type\":\"CommentAction\",\"name\":\"Comment\",\"target\":[\"https:\/\/now-news.de\/de\/deutschland\/stoltenberg-stellt-sich-auf-seite-von-scholz-kein-nato-luftabwehrschirm-ueber-westukraine\/#respond\"]}]},{\"@type\":\"WebPage\",\"@id\":\"https:\/\/now-news.de\/de\/deutschland\/stoltenberg-stellt-sich-auf-seite-von-scholz-kein-nato-luftabwehrschirm-ueber-westukraine\/\",\"url\":\"https:\/\/now-news.de\/de\/deutschland\/stoltenberg-stellt-sich-auf-seite-von-scholz-kein-nato-luftabwehrschirm-ueber-westukraine\/\",\"name\":\"Stoltenberg stellt sich auf Seite von Scholz: Kein NATO-Luftabwehrschirm \u00fcber Westukraine - just-now.NEWS Deutschland\",\"isPartOf\":{\"@id\":\"https:\/\/now-news.de\/de\/#website\"},\"primaryImageOfPage\":{\"@id\":\"https:\/\/now-news.de\/de\/deutschland\/stoltenberg-stellt-sich-auf-seite-von-scholz-kein-nato-luftabwehrschirm-ueber-westukraine\/#primaryimage\"},\"image\":{\"@id\":\"https:\/\/now-news.de\/de\/deutschland\/stoltenberg-stellt-sich-auf-seite-von-scholz-kein-nato-luftabwehrschirm-ueber-westukraine\/#primaryimage\"},\"thumbnailUrl\":\"https:\/\/now-news.de\/de\/wp-content\/uploads\/sites\/3\/2024\/05\/Stoltenberg-stellt-sich-auf-Seite-von-Scholz-Kein-NATO-Luftabwehrschirm-ueber.jpg\",\"datePublished\":\"2024-05-27T12:51:45+00:00\",\"dateModified\":\"2024-05-27T12:51:45+00:00\",\"breadcrumb\":{\"@id\":\"https:\/\/now-news.de\/de\/deutschland\/stoltenberg-stellt-sich-auf-seite-von-scholz-kein-nato-luftabwehrschirm-ueber-westukraine\/#breadcrumb\"},\"inLanguage\":\"de\",\"potentialAction\":[{\"@type\":\"ReadAction\",\"target\":[\"https:\/\/now-news.de\/de\/deutschland\/stoltenberg-stellt-sich-auf-seite-von-scholz-kein-nato-luftabwehrschirm-ueber-westukraine\/\"]}]},{\"@type\":\"ImageObject\",\"inLanguage\":\"de\",\"@id\":\"https:\/\/now-news.de\/de\/deutschland\/stoltenberg-stellt-sich-auf-seite-von-scholz-kein-nato-luftabwehrschirm-ueber-westukraine\/#primaryimage\",\"url\":\"https:\/\/now-news.de\/de\/wp-content\/uploads\/sites\/3\/2024\/05\/Stoltenberg-stellt-sich-auf-Seite-von-Scholz-Kein-NATO-Luftabwehrschirm-ueber.jpg\",\"contentUrl\":\"https:\/\/now-news.de\/de\/wp-content\/uploads\/sites\/3\/2024\/05\/Stoltenberg-stellt-sich-auf-Seite-von-Scholz-Kein-NATO-Luftabwehrschirm-ueber.jpg\",\"width\":460,\"height\":259,\"caption\":\"Stoltenberg stellt sich auf Seite von Scholz: Kein NATO-Luftabwehrschirm \u00fcber Westukraine\"},{\"@type\":\"BreadcrumbList\",\"@id\":\"https:\/\/now-news.de\/de\/deutschland\/stoltenberg-stellt-sich-auf-seite-von-scholz-kein-nato-luftabwehrschirm-ueber-westukraine\/#breadcrumb\",\"itemListElement\":[{\"@type\":\"ListItem\",\"position\":1,\"name\":\"Home\",\"item\":\"https:\/\/now-news.de\/de\/\"},{\"@type\":\"ListItem\",\"position\":2,\"name\":\"Stoltenberg stellt sich auf Seite von Scholz: Kein NATO-Luftabwehrschirm \u00fcber Westukraine\"}]},{\"@type\":\"WebSite\",\"@id\":\"https:\/\/now-news.de\/de\/#website\",\"url\":\"https:\/\/now-news.de\/de\/\",\"name\":\"just-now.NEWS Deutschland\",\"description\":\"Das Portal f\u00fcr unzensierte Nachrichten aus der Welt\",\"publisher\":{\"@id\":\"https:\/\/now-news.de\/de\/#organization\"},\"potentialAction\":[{\"@type\":\"SearchAction\",\"target\":{\"@type\":\"EntryPoint\",\"urlTemplate\":\"https:\/\/now-news.de\/de\/?s={search_term_string}\"},\"query-input\":\"required name=search_term_string\"}],\"inLanguage\":\"de\"},{\"@type\":\"Organization\",\"@id\":\"https:\/\/now-news.de\/de\/#organization\",\"name\":\"Just Now News\",\"url\":\"https:\/\/now-news.de\/de\/\",\"logo\":{\"@type\":\"ImageObject\",\"inLanguage\":\"de\",\"@id\":\"https:\/\/now-news.de\/de\/#\/schema\/logo\/image\/\",\"url\":\"http:\/\/just-now.news\/de\/wp-content\/uploads\/sites\/3\/2022\/04\/logo500x500.jpg\",\"contentUrl\":\"http:\/\/just-now.news\/de\/wp-content\/uploads\/sites\/3\/2022\/04\/logo500x500.jpg\",\"width\":500,\"height\":500,\"caption\":\"Just Now News\"},\"image\":{\"@id\":\"https:\/\/now-news.de\/de\/#\/schema\/logo\/image\/\"},\"sameAs\":[\"https:\/\/www.facebook.com\/wirmachenauf\",\"https:\/\/x.com\/WirMachenAuf_de\"]},{\"@type\":\"Person\",\"@id\":\"https:\/\/now-news.de\/de\/#\/schema\/person\/fb534a4e865501d8b3285208df34a9b5\",\"name\":\"rtnews\",\"image\":{\"@type\":\"ImageObject\",\"inLanguage\":\"de\",\"@id\":\"https:\/\/now-news.de\/de\/#\/schema\/person\/image\/\",\"url\":\"https:\/\/secure.gravatar.com\/avatar\/82aafea7d8127119dd649515f56e2117?s=96&d=mm&r=g\",\"contentUrl\":\"https:\/\/secure.gravatar.com\/avatar\/82aafea7d8127119dd649515f56e2117?s=96&d=mm&r=g\",\"caption\":\"rtnews\"},\"url\":\"https:\/\/now-news.de\/de\/author\/rnews\/\"}]}<\/script>\n<!-- \/ Yoast SEO Premium plugin. -->","yoast_head_json":{"title":"Stoltenberg stellt sich auf Seite von Scholz: Kein NATO-Luftabwehrschirm \u00fcber Westukraine - just-now.NEWS Deutschland","robots":{"index":"index","follow":"follow","max-snippet":"max-snippet:-1","max-image-preview":"max-image-preview:large","max-video-preview":"max-video-preview:-1"},"canonical":"https:\/\/now-news.de\/de\/deutschland\/stoltenberg-stellt-sich-auf-seite-von-scholz-kein-nato-luftabwehrschirm-ueber-westukraine\/","og_locale":"de_DE","og_type":"article","og_title":"Stoltenberg stellt sich auf Seite von Scholz: Kein NATO-Luftabwehrschirm \u00fcber Westukraine","og_description":"Jens Stoltenberg hat Forderungen aus Kiew und Berlin eine Absage erteilt, von NATO-Gebiet aus den Luftraum \u00fcber der Westukraine zu sch\u00fctzen. Damit hat sich der NATO-Generalsekret\u00e4r auf die Seite von Olaf Scholz gestellt, der die auch in Deutschland lauter werdenden Forderungen nach einem solchen Luftabwehrschirm als unvern\u00fcnftig zur\u00fcckweist. Der NATO-Generalsekret\u00e4r erteilte Forderungen aus Kiew und [&hellip;]","og_url":"https:\/\/now-news.de\/de\/deutschland\/stoltenberg-stellt-sich-auf-seite-von-scholz-kein-nato-luftabwehrschirm-ueber-westukraine\/","og_site_name":"just-now.NEWS Deutschland","article_publisher":"https:\/\/www.facebook.com\/wirmachenauf","article_published_time":"2024-05-27T12:51:45+00:00","og_image":[{"url":"https:\/\/now-news.de\/de\/wp-content\/uploads\/sites\/3\/2024\/05\/66546398b480cc1f1e330f11.jpg"}],"author":"rtnews","twitter_card":"summary_large_image","twitter_creator":"@WirMachenAuf_de","twitter_site":"@WirMachenAuf_de","twitter_misc":{"Verfasst von":"rtnews","Gesch\u00e4tzte Lesezeit":"4\u00a0Minuten"},"schema":{"@context":"https:\/\/schema.org","@graph":[{"@type":"Article","@id":"https:\/\/now-news.de\/de\/deutschland\/stoltenberg-stellt-sich-auf-seite-von-scholz-kein-nato-luftabwehrschirm-ueber-westukraine\/#article","isPartOf":{"@id":"https:\/\/now-news.de\/de\/deutschland\/stoltenberg-stellt-sich-auf-seite-von-scholz-kein-nato-luftabwehrschirm-ueber-westukraine\/"},"author":{"name":"rtnews","@id":"https:\/\/now-news.de\/de\/#\/schema\/person\/fb534a4e865501d8b3285208df34a9b5"},"headline":"Stoltenberg stellt sich auf Seite von Scholz: Kein NATO-Luftabwehrschirm \u00fcber Westukraine","datePublished":"2024-05-27T12:51:45+00:00","dateModified":"2024-05-27T12:51:45+00:00","mainEntityOfPage":{"@id":"https:\/\/now-news.de\/de\/deutschland\/stoltenberg-stellt-sich-auf-seite-von-scholz-kein-nato-luftabwehrschirm-ueber-westukraine\/"},"wordCount":831,"commentCount":0,"publisher":{"@id":"https:\/\/now-news.de\/de\/#organization"},"image":{"@id":"https:\/\/now-news.de\/de\/deutschland\/stoltenberg-stellt-sich-auf-seite-von-scholz-kein-nato-luftabwehrschirm-ueber-westukraine\/#primaryimage"},"thumbnailUrl":"https:\/\/now-news.de\/de\/wp-content\/uploads\/sites\/3\/2024\/05\/Stoltenberg-stellt-sich-auf-Seite-von-Scholz-Kein-NATO-Luftabwehrschirm-ueber.jpg","keywords":["AUF","Kein","NATOLuftabwehrschirm","Scholz","Seite","sich","stellt","Stoltenberg","\u00fcber","von","Westukraine"],"articleSection":["Deutschland","Russland"],"inLanguage":"de","potentialAction":[{"@type":"CommentAction","name":"Comment","target":["https:\/\/now-news.de\/de\/deutschland\/stoltenberg-stellt-sich-auf-seite-von-scholz-kein-nato-luftabwehrschirm-ueber-westukraine\/#respond"]}]},{"@type":"WebPage","@id":"https:\/\/now-news.de\/de\/deutschland\/stoltenberg-stellt-sich-auf-seite-von-scholz-kein-nato-luftabwehrschirm-ueber-westukraine\/","url":"https:\/\/now-news.de\/de\/deutschland\/stoltenberg-stellt-sich-auf-seite-von-scholz-kein-nato-luftabwehrschirm-ueber-westukraine\/","name":"Stoltenberg stellt sich auf Seite von Scholz: Kein NATO-Luftabwehrschirm \u00fcber Westukraine - just-now.NEWS Deutschland","isPartOf":{"@id":"https:\/\/now-news.de\/de\/#website"},"primaryImageOfPage":{"@id":"https:\/\/now-news.de\/de\/deutschland\/stoltenberg-stellt-sich-auf-seite-von-scholz-kein-nato-luftabwehrschirm-ueber-westukraine\/#primaryimage"},"image":{"@id":"https:\/\/now-news.de\/de\/deutschland\/stoltenberg-stellt-sich-auf-seite-von-scholz-kein-nato-luftabwehrschirm-ueber-westukraine\/#primaryimage"},"thumbnailUrl":"https:\/\/now-news.de\/de\/wp-content\/uploads\/sites\/3\/2024\/05\/Stoltenberg-stellt-sich-auf-Seite-von-Scholz-Kein-NATO-Luftabwehrschirm-ueber.jpg","datePublished":"2024-05-27T12:51:45+00:00","dateModified":"2024-05-27T12:51:45+00:00","breadcrumb":{"@id":"https:\/\/now-news.de\/de\/deutschland\/stoltenberg-stellt-sich-auf-seite-von-scholz-kein-nato-luftabwehrschirm-ueber-westukraine\/#breadcrumb"},"inLanguage":"de","potentialAction":[{"@type":"ReadAction","target":["https:\/\/now-news.de\/de\/deutschland\/stoltenberg-stellt-sich-auf-seite-von-scholz-kein-nato-luftabwehrschirm-ueber-westukraine\/"]}]},{"@type":"ImageObject","inLanguage":"de","@id":"https:\/\/now-news.de\/de\/deutschland\/stoltenberg-stellt-sich-auf-seite-von-scholz-kein-nato-luftabwehrschirm-ueber-westukraine\/#primaryimage","url":"https:\/\/now-news.de\/de\/wp-content\/uploads\/sites\/3\/2024\/05\/Stoltenberg-stellt-sich-auf-Seite-von-Scholz-Kein-NATO-Luftabwehrschirm-ueber.jpg","contentUrl":"https:\/\/now-news.de\/de\/wp-content\/uploads\/sites\/3\/2024\/05\/Stoltenberg-stellt-sich-auf-Seite-von-Scholz-Kein-NATO-Luftabwehrschirm-ueber.jpg","width":460,"height":259,"caption":"Stoltenberg stellt sich auf Seite von Scholz: Kein NATO-Luftabwehrschirm \u00fcber Westukraine"},{"@type":"BreadcrumbList","@id":"https:\/\/now-news.de\/de\/deutschland\/stoltenberg-stellt-sich-auf-seite-von-scholz-kein-nato-luftabwehrschirm-ueber-westukraine\/#breadcrumb","itemListElement":[{"@type":"ListItem","position":1,"name":"Home","item":"https:\/\/now-news.de\/de\/"},{"@type":"ListItem","position":2,"name":"Stoltenberg stellt sich auf Seite von Scholz: Kein NATO-Luftabwehrschirm \u00fcber Westukraine"}]},{"@type":"WebSite","@id":"https:\/\/now-news.de\/de\/#website","url":"https:\/\/now-news.de\/de\/","name":"just-now.NEWS Deutschland","description":"Das Portal f\u00fcr unzensierte Nachrichten aus der Welt","publisher":{"@id":"https:\/\/now-news.de\/de\/#organization"},"potentialAction":[{"@type":"SearchAction","target":{"@type":"EntryPoint","urlTemplate":"https:\/\/now-news.de\/de\/?s={search_term_string}"},"query-input":"required name=search_term_string"}],"inLanguage":"de"},{"@type":"Organization","@id":"https:\/\/now-news.de\/de\/#organization","name":"Just Now News","url":"https:\/\/now-news.de\/de\/","logo":{"@type":"ImageObject","inLanguage":"de","@id":"https:\/\/now-news.de\/de\/#\/schema\/logo\/image\/","url":"http:\/\/just-now.news\/de\/wp-content\/uploads\/sites\/3\/2022\/04\/logo500x500.jpg","contentUrl":"http:\/\/just-now.news\/de\/wp-content\/uploads\/sites\/3\/2022\/04\/logo500x500.jpg","width":500,"height":500,"caption":"Just Now News"},"image":{"@id":"https:\/\/now-news.de\/de\/#\/schema\/logo\/image\/"},"sameAs":["https:\/\/www.facebook.com\/wirmachenauf","https:\/\/x.com\/WirMachenAuf_de"]},{"@type":"Person","@id":"https:\/\/now-news.de\/de\/#\/schema\/person\/fb534a4e865501d8b3285208df34a9b5","name":"rtnews","image":{"@type":"ImageObject","inLanguage":"de","@id":"https:\/\/now-news.de\/de\/#\/schema\/person\/image\/","url":"https:\/\/secure.gravatar.com\/avatar\/82aafea7d8127119dd649515f56e2117?s=96&d=mm&r=g","contentUrl":"https:\/\/secure.gravatar.com\/avatar\/82aafea7d8127119dd649515f56e2117?s=96&d=mm&r=g","caption":"rtnews"},"url":"https:\/\/now-news.de\/de\/author\/rnews\/"}]}},"_links":{"self":[{"href":"https:\/\/now-news.de\/de\/wp-json\/wp\/v2\/posts\/58912"}],"collection":[{"href":"https:\/\/now-news.de\/de\/wp-json\/wp\/v2\/posts"}],"about":[{"href":"https:\/\/now-news.de\/de\/wp-json\/wp\/v2\/types\/post"}],"author":[{"embeddable":true,"href":"https:\/\/now-news.de\/de\/wp-json\/wp\/v2\/users\/3"}],"replies":[{"embeddable":true,"href":"https:\/\/now-news.de\/de\/wp-json\/wp\/v2\/comments?post=58912"}],"version-history":[{"count":0,"href":"https:\/\/now-news.de\/de\/wp-json\/wp\/v2\/posts\/58912\/revisions"}],"wp:featuredmedia":[{"embeddable":true,"href":"https:\/\/now-news.de\/de\/wp-json\/wp\/v2\/media\/58913"}],"wp:attachment":[{"href":"https:\/\/now-news.de\/de\/wp-json\/wp\/v2\/media?parent=58912"}],"wp:term":[{"taxonomy":"category","embeddable":true,"href":"https:\/\/now-news.de\/de\/wp-json\/wp\/v2\/categories?post=58912"},{"taxonomy":"post_tag","embeddable":true,"href":"https:\/\/now-news.de\/de\/wp-json\/wp\/v2\/tags?post=58912"}],"curies":[{"name":"wp","href":"https:\/\/api.w.org\/{rel}","templated":true}]}}