{"id":58902,"date":"2024-05-27T13:28:28","date_gmt":"2024-05-27T11:28:28","guid":{"rendered":"https:\/\/now-news.de\/de\/deutschland\/mindestens-vier-verletzte-nach-messerangriff-in-lyon\/"},"modified":"2024-05-27T13:28:28","modified_gmt":"2024-05-27T11:28:28","slug":"mindestens-vier-verletzte-nach-messerangriff-in-lyon","status":"publish","type":"post","link":"https:\/\/now-news.de\/de\/deutschland\/mindestens-vier-verletzte-nach-messerangriff-in-lyon\/","title":{"rendered":"Mindestens vier Verletzte nach Messerangriff in Lyon"},"content":{"rendered":"<p><img decoding=\"async\" src=\"https:\/\/now-news.de\/de\/wp-content\/uploads\/sites\/3\/2024\/05\/665466abb480cc1f191791ac.jpg\" \/><\/p>\n<div class=\"Text-root Text-type_1 \">\n                Ein Mann mit marokkanischer Staatsb\u00fcrgerschaft hat am Sonntag in der franz\u00f6sischen Metropole Lyon mindestens vier Menschen bei einem Messerangriff verletzt. Lebensgefahr besteht laut franz\u00f6sischen Medienberichten nicht.\n            <\/div>\n<p><\/p>\n<div class=\"Text-root Text-type_5 ArticleView-text ViewText-root \">\n<p>Bei einer Messerattacke in der U-Bahn in Lyon im S\u00fcdosten Frankreichs sind gestern mindestens vier Menschen verletzt worden, zwei davon schwer.<\/p>\n<p>Laut franz\u00f6sischen Medien soll der Tatverd\u00e4chtige festgenommen worden sein. Wie die Regionalzeitung <em>Le Progr\u00e8s<\/em>\u00a0unter Bezug auf Polizeikreise schrieb, soll es sich bei dem Verd\u00e4chtigen um einen 27-j\u00e4hrigen Mann mit marokkanischer Staatsb\u00fcrgerschaft handeln.<\/p>\n<p>In der Vergangenheit soll er wegen psychischer Probleme behandelt worden sein.<\/p>\n<p>Die beiden Schwerverletzten sollen am Bauch und Brustkorb getroffen worden sein. Lebensgefahr besteht laut Medien nicht. Der Vorfall ereignete sich am Sonntagnachmittag.<\/p>\n<p>Wie der Radiosender <em>France Info<\/em> unter Berufung auf die Staatsanwaltschaft berichtete, wurde ein Ermittlungsverfahren wegen versuchter vors\u00e4tzlicher T\u00f6tung eingeleitet.<\/p>\n<p><strong>Mehr zum Thema<\/strong> \u2013 <a rel=\"nofollow noopener\" target=\"_blank\" href=\"https:\/\/freeassange.rtde.life\/schweiz\/205931-sechs-verletzte-nach-stichwaffen-attacke-in-schweiz\/\">Sechs Verletzte nach Stichwaffen-Attacke in Schweiz<\/a><\/p>\n<div class=\"EmbedBlock-root EmbedBlock-externalVideo EmbedBlock-odysee\">\n<div class=\"VkEmbed\"><iframe class=\"lazyload\" data-src=\"https:\/\/odysee.com\/%24\/embed\/%40RTDE%3Ae%2FLondon--Mann-greift-Passanten-mit-Schwert-an-%E2%80%93-Mehrere-Verletzte%3Aa\" frameborder=\"0\" width=\"853\" height=\"480\" allowfullscreen><\/iframe><\/div>\n<\/div>\n<\/div>\n<p><br \/>\n<br \/><a href=\"https:\/\/de.rt.com\/international\/207162-mindestens-vier-verletzte-nach-messerangriff-in-lyon\/\">Source link <\/a><\/p>\n","protected":false},"excerpt":{"rendered":"<p>Ein Mann mit marokkanischer Staatsb\u00fcrgerschaft hat am Sonntag in der franz\u00f6sischen Metropole Lyon mindestens vier Menschen bei einem Messerangriff verletzt. Lebensgefahr besteht laut franz\u00f6sischen Medienberichten nicht. Bei einer Messerattacke in der U-Bahn in Lyon im S\u00fcdosten Frankreichs sind gestern mindestens vier Menschen verletzt worden, zwei davon schwer. Laut franz\u00f6sischen Medien soll der Tatverd\u00e4chtige festgenommen worden [&hellip;]<\/p>\n","protected":false},"author":3,"featured_media":58903,"comment_status":"open","ping_status":"open","sticky":false,"template":"","format":"standard","meta":{"_yoast_indexnow_last_ping":["1716809896"],"wp_automatic_camp":["217"],"f56a87790259e9dd7bcbf2636eab4a6d":["Mindestens vier Verletzte nach Messerangriff in Lyon"],"original_link":["https:\/\/de.rt.com\/international\/207162-mindestens-vier-verletzte-nach-messerangriff-in-lyon\/"],"_thumbnail_id":["58903"],"_wptgpro_p2tg_sent2tg":["a:1:{i:23737;s:19:\"2024-05-27 13:45:24\";}"],"jnews_social_counter_last_update":["1777631023"]},"categories":[19,23],"tags":[55206,23954,3231,979,1813,3232],"yoast_head":"<!-- This site is optimized with the Yoast SEO Premium plugin v22.7 (Yoast SEO v22.7) - https:\/\/yoast.com\/wordpress\/plugins\/seo\/ -->\n<title>Mindestens vier Verletzte nach Messerangriff in Lyon - just-now.NEWS Deutschland<\/title>\n<meta name=\"robots\" content=\"index, follow, max-snippet:-1, max-image-preview:large, max-video-preview:-1\" \/>\n<link rel=\"canonical\" href=\"https:\/\/now-news.de\/de\/deutschland\/mindestens-vier-verletzte-nach-messerangriff-in-lyon\/\" \/>\n<meta property=\"og:locale\" content=\"de_DE\" \/>\n<meta property=\"og:type\" content=\"article\" \/>\n<meta property=\"og:title\" content=\"Mindestens vier Verletzte nach Messerangriff in Lyon\" \/>\n<meta property=\"og:description\" content=\"Ein Mann mit marokkanischer Staatsb\u00fcrgerschaft hat am Sonntag in der franz\u00f6sischen Metropole Lyon mindestens vier Menschen bei einem Messerangriff verletzt. Lebensgefahr besteht laut franz\u00f6sischen Medienberichten nicht. Bei einer Messerattacke in der U-Bahn in Lyon im S\u00fcdosten Frankreichs sind gestern mindestens vier Menschen verletzt worden, zwei davon schwer. Laut franz\u00f6sischen Medien soll der Tatverd\u00e4chtige festgenommen worden [&hellip;]\" \/>\n<meta property=\"og:url\" content=\"https:\/\/now-news.de\/de\/deutschland\/mindestens-vier-verletzte-nach-messerangriff-in-lyon\/\" \/>\n<meta property=\"og:site_name\" content=\"just-now.NEWS Deutschland\" \/>\n<meta property=\"article:publisher\" content=\"https:\/\/www.facebook.com\/wirmachenauf\" \/>\n<meta property=\"article:published_time\" content=\"2024-05-27T11:28:28+00:00\" \/>\n<meta property=\"og:image\" content=\"https:\/\/now-news.de\/de\/wp-content\/uploads\/sites\/3\/2024\/05\/665466abb480cc1f191791ac.jpg\" \/>\n<meta name=\"author\" content=\"rtnews\" \/>\n<meta name=\"twitter:card\" content=\"summary_large_image\" \/>\n<meta name=\"twitter:creator\" content=\"@WirMachenAuf_de\" \/>\n<meta name=\"twitter:site\" content=\"@WirMachenAuf_de\" \/>\n<meta name=\"twitter:label1\" content=\"Verfasst von\" \/>\n\t<meta name=\"twitter:data1\" content=\"rtnews\" \/>\n\t<meta name=\"twitter:label2\" content=\"Gesch\u00e4tzte Lesezeit\" \/>\n\t<meta name=\"twitter:data2\" content=\"1\u00a0Minute\" \/>\n<script type=\"application\/ld+json\" class=\"yoast-schema-graph\">{\"@context\":\"https:\/\/schema.org\",\"@graph\":[{\"@type\":\"Article\",\"@id\":\"https:\/\/now-news.de\/de\/deutschland\/mindestens-vier-verletzte-nach-messerangriff-in-lyon\/#article\",\"isPartOf\":{\"@id\":\"https:\/\/now-news.de\/de\/deutschland\/mindestens-vier-verletzte-nach-messerangriff-in-lyon\/\"},\"author\":{\"name\":\"rtnews\",\"@id\":\"https:\/\/now-news.de\/de\/#\/schema\/person\/fb534a4e865501d8b3285208df34a9b5\"},\"headline\":\"Mindestens vier Verletzte nach Messerangriff in Lyon\",\"datePublished\":\"2024-05-27T11:28:28+00:00\",\"dateModified\":\"2024-05-27T11:28:28+00:00\",\"mainEntityOfPage\":{\"@id\":\"https:\/\/now-news.de\/de\/deutschland\/mindestens-vier-verletzte-nach-messerangriff-in-lyon\/\"},\"wordCount\":163,\"commentCount\":0,\"publisher\":{\"@id\":\"https:\/\/now-news.de\/de\/#organization\"},\"image\":{\"@id\":\"https:\/\/now-news.de\/de\/deutschland\/mindestens-vier-verletzte-nach-messerangriff-in-lyon\/#primaryimage\"},\"thumbnailUrl\":\"https:\/\/now-news.de\/de\/wp-content\/uploads\/sites\/3\/2024\/05\/Mindestens-vier-Verletzte-nach-Messerangriff-in-Lyon.jpg\",\"keywords\":[\"Lyon\",\"Messerangriff\",\"Mindestens\",\"nach\",\"Verletzte\",\"vier\"],\"articleSection\":[\"Deutschland\",\"Russland\"],\"inLanguage\":\"de\",\"potentialAction\":[{\"@type\":\"CommentAction\",\"name\":\"Comment\",\"target\":[\"https:\/\/now-news.de\/de\/deutschland\/mindestens-vier-verletzte-nach-messerangriff-in-lyon\/#respond\"]}]},{\"@type\":\"WebPage\",\"@id\":\"https:\/\/now-news.de\/de\/deutschland\/mindestens-vier-verletzte-nach-messerangriff-in-lyon\/\",\"url\":\"https:\/\/now-news.de\/de\/deutschland\/mindestens-vier-verletzte-nach-messerangriff-in-lyon\/\",\"name\":\"Mindestens vier Verletzte nach Messerangriff in Lyon - just-now.NEWS Deutschland\",\"isPartOf\":{\"@id\":\"https:\/\/now-news.de\/de\/#website\"},\"primaryImageOfPage\":{\"@id\":\"https:\/\/now-news.de\/de\/deutschland\/mindestens-vier-verletzte-nach-messerangriff-in-lyon\/#primaryimage\"},\"image\":{\"@id\":\"https:\/\/now-news.de\/de\/deutschland\/mindestens-vier-verletzte-nach-messerangriff-in-lyon\/#primaryimage\"},\"thumbnailUrl\":\"https:\/\/now-news.de\/de\/wp-content\/uploads\/sites\/3\/2024\/05\/Mindestens-vier-Verletzte-nach-Messerangriff-in-Lyon.jpg\",\"datePublished\":\"2024-05-27T11:28:28+00:00\",\"dateModified\":\"2024-05-27T11:28:28+00:00\",\"breadcrumb\":{\"@id\":\"https:\/\/now-news.de\/de\/deutschland\/mindestens-vier-verletzte-nach-messerangriff-in-lyon\/#breadcrumb\"},\"inLanguage\":\"de\",\"potentialAction\":[{\"@type\":\"ReadAction\",\"target\":[\"https:\/\/now-news.de\/de\/deutschland\/mindestens-vier-verletzte-nach-messerangriff-in-lyon\/\"]}]},{\"@type\":\"ImageObject\",\"inLanguage\":\"de\",\"@id\":\"https:\/\/now-news.de\/de\/deutschland\/mindestens-vier-verletzte-nach-messerangriff-in-lyon\/#primaryimage\",\"url\":\"https:\/\/now-news.de\/de\/wp-content\/uploads\/sites\/3\/2024\/05\/Mindestens-vier-Verletzte-nach-Messerangriff-in-Lyon.jpg\",\"contentUrl\":\"https:\/\/now-news.de\/de\/wp-content\/uploads\/sites\/3\/2024\/05\/Mindestens-vier-Verletzte-nach-Messerangriff-in-Lyon.jpg\",\"width\":460,\"height\":259,\"caption\":\"Mindestens vier Verletzte nach Messerangriff in Lyon\"},{\"@type\":\"BreadcrumbList\",\"@id\":\"https:\/\/now-news.de\/de\/deutschland\/mindestens-vier-verletzte-nach-messerangriff-in-lyon\/#breadcrumb\",\"itemListElement\":[{\"@type\":\"ListItem\",\"position\":1,\"name\":\"Home\",\"item\":\"https:\/\/now-news.de\/de\/\"},{\"@type\":\"ListItem\",\"position\":2,\"name\":\"Mindestens vier Verletzte nach Messerangriff in Lyon\"}]},{\"@type\":\"WebSite\",\"@id\":\"https:\/\/now-news.de\/de\/#website\",\"url\":\"https:\/\/now-news.de\/de\/\",\"name\":\"just-now.NEWS Deutschland\",\"description\":\"Das Portal f\u00fcr unzensierte Nachrichten aus der Welt\",\"publisher\":{\"@id\":\"https:\/\/now-news.de\/de\/#organization\"},\"potentialAction\":[{\"@type\":\"SearchAction\",\"target\":{\"@type\":\"EntryPoint\",\"urlTemplate\":\"https:\/\/now-news.de\/de\/?s={search_term_string}\"},\"query-input\":\"required name=search_term_string\"}],\"inLanguage\":\"de\"},{\"@type\":\"Organization\",\"@id\":\"https:\/\/now-news.de\/de\/#organization\",\"name\":\"Just Now News\",\"url\":\"https:\/\/now-news.de\/de\/\",\"logo\":{\"@type\":\"ImageObject\",\"inLanguage\":\"de\",\"@id\":\"https:\/\/now-news.de\/de\/#\/schema\/logo\/image\/\",\"url\":\"http:\/\/just-now.news\/de\/wp-content\/uploads\/sites\/3\/2022\/04\/logo500x500.jpg\",\"contentUrl\":\"http:\/\/just-now.news\/de\/wp-content\/uploads\/sites\/3\/2022\/04\/logo500x500.jpg\",\"width\":500,\"height\":500,\"caption\":\"Just Now News\"},\"image\":{\"@id\":\"https:\/\/now-news.de\/de\/#\/schema\/logo\/image\/\"},\"sameAs\":[\"https:\/\/www.facebook.com\/wirmachenauf\",\"https:\/\/x.com\/WirMachenAuf_de\"]},{\"@type\":\"Person\",\"@id\":\"https:\/\/now-news.de\/de\/#\/schema\/person\/fb534a4e865501d8b3285208df34a9b5\",\"name\":\"rtnews\",\"image\":{\"@type\":\"ImageObject\",\"inLanguage\":\"de\",\"@id\":\"https:\/\/now-news.de\/de\/#\/schema\/person\/image\/\",\"url\":\"https:\/\/secure.gravatar.com\/avatar\/82aafea7d8127119dd649515f56e2117?s=96&d=mm&r=g\",\"contentUrl\":\"https:\/\/secure.gravatar.com\/avatar\/82aafea7d8127119dd649515f56e2117?s=96&d=mm&r=g\",\"caption\":\"rtnews\"},\"url\":\"https:\/\/now-news.de\/de\/author\/rnews\/\"}]}<\/script>\n<!-- \/ Yoast SEO Premium plugin. -->","yoast_head_json":{"title":"Mindestens vier Verletzte nach Messerangriff in Lyon - just-now.NEWS Deutschland","robots":{"index":"index","follow":"follow","max-snippet":"max-snippet:-1","max-image-preview":"max-image-preview:large","max-video-preview":"max-video-preview:-1"},"canonical":"https:\/\/now-news.de\/de\/deutschland\/mindestens-vier-verletzte-nach-messerangriff-in-lyon\/","og_locale":"de_DE","og_type":"article","og_title":"Mindestens vier Verletzte nach Messerangriff in Lyon","og_description":"Ein Mann mit marokkanischer Staatsb\u00fcrgerschaft hat am Sonntag in der franz\u00f6sischen Metropole Lyon mindestens vier Menschen bei einem Messerangriff verletzt. Lebensgefahr besteht laut franz\u00f6sischen Medienberichten nicht. Bei einer Messerattacke in der U-Bahn in Lyon im S\u00fcdosten Frankreichs sind gestern mindestens vier Menschen verletzt worden, zwei davon schwer. Laut franz\u00f6sischen Medien soll der Tatverd\u00e4chtige festgenommen worden [&hellip;]","og_url":"https:\/\/now-news.de\/de\/deutschland\/mindestens-vier-verletzte-nach-messerangriff-in-lyon\/","og_site_name":"just-now.NEWS Deutschland","article_publisher":"https:\/\/www.facebook.com\/wirmachenauf","article_published_time":"2024-05-27T11:28:28+00:00","og_image":[{"url":"https:\/\/now-news.de\/de\/wp-content\/uploads\/sites\/3\/2024\/05\/665466abb480cc1f191791ac.jpg"}],"author":"rtnews","twitter_card":"summary_large_image","twitter_creator":"@WirMachenAuf_de","twitter_site":"@WirMachenAuf_de","twitter_misc":{"Verfasst von":"rtnews","Gesch\u00e4tzte Lesezeit":"1\u00a0Minute"},"schema":{"@context":"https:\/\/schema.org","@graph":[{"@type":"Article","@id":"https:\/\/now-news.de\/de\/deutschland\/mindestens-vier-verletzte-nach-messerangriff-in-lyon\/#article","isPartOf":{"@id":"https:\/\/now-news.de\/de\/deutschland\/mindestens-vier-verletzte-nach-messerangriff-in-lyon\/"},"author":{"name":"rtnews","@id":"https:\/\/now-news.de\/de\/#\/schema\/person\/fb534a4e865501d8b3285208df34a9b5"},"headline":"Mindestens vier Verletzte nach Messerangriff in Lyon","datePublished":"2024-05-27T11:28:28+00:00","dateModified":"2024-05-27T11:28:28+00:00","mainEntityOfPage":{"@id":"https:\/\/now-news.de\/de\/deutschland\/mindestens-vier-verletzte-nach-messerangriff-in-lyon\/"},"wordCount":163,"commentCount":0,"publisher":{"@id":"https:\/\/now-news.de\/de\/#organization"},"image":{"@id":"https:\/\/now-news.de\/de\/deutschland\/mindestens-vier-verletzte-nach-messerangriff-in-lyon\/#primaryimage"},"thumbnailUrl":"https:\/\/now-news.de\/de\/wp-content\/uploads\/sites\/3\/2024\/05\/Mindestens-vier-Verletzte-nach-Messerangriff-in-Lyon.jpg","keywords":["Lyon","Messerangriff","Mindestens","nach","Verletzte","vier"],"articleSection":["Deutschland","Russland"],"inLanguage":"de","potentialAction":[{"@type":"CommentAction","name":"Comment","target":["https:\/\/now-news.de\/de\/deutschland\/mindestens-vier-verletzte-nach-messerangriff-in-lyon\/#respond"]}]},{"@type":"WebPage","@id":"https:\/\/now-news.de\/de\/deutschland\/mindestens-vier-verletzte-nach-messerangriff-in-lyon\/","url":"https:\/\/now-news.de\/de\/deutschland\/mindestens-vier-verletzte-nach-messerangriff-in-lyon\/","name":"Mindestens vier Verletzte nach Messerangriff in Lyon - just-now.NEWS Deutschland","isPartOf":{"@id":"https:\/\/now-news.de\/de\/#website"},"primaryImageOfPage":{"@id":"https:\/\/now-news.de\/de\/deutschland\/mindestens-vier-verletzte-nach-messerangriff-in-lyon\/#primaryimage"},"image":{"@id":"https:\/\/now-news.de\/de\/deutschland\/mindestens-vier-verletzte-nach-messerangriff-in-lyon\/#primaryimage"},"thumbnailUrl":"https:\/\/now-news.de\/de\/wp-content\/uploads\/sites\/3\/2024\/05\/Mindestens-vier-Verletzte-nach-Messerangriff-in-Lyon.jpg","datePublished":"2024-05-27T11:28:28+00:00","dateModified":"2024-05-27T11:28:28+00:00","breadcrumb":{"@id":"https:\/\/now-news.de\/de\/deutschland\/mindestens-vier-verletzte-nach-messerangriff-in-lyon\/#breadcrumb"},"inLanguage":"de","potentialAction":[{"@type":"ReadAction","target":["https:\/\/now-news.de\/de\/deutschland\/mindestens-vier-verletzte-nach-messerangriff-in-lyon\/"]}]},{"@type":"ImageObject","inLanguage":"de","@id":"https:\/\/now-news.de\/de\/deutschland\/mindestens-vier-verletzte-nach-messerangriff-in-lyon\/#primaryimage","url":"https:\/\/now-news.de\/de\/wp-content\/uploads\/sites\/3\/2024\/05\/Mindestens-vier-Verletzte-nach-Messerangriff-in-Lyon.jpg","contentUrl":"https:\/\/now-news.de\/de\/wp-content\/uploads\/sites\/3\/2024\/05\/Mindestens-vier-Verletzte-nach-Messerangriff-in-Lyon.jpg","width":460,"height":259,"caption":"Mindestens vier Verletzte nach Messerangriff in Lyon"},{"@type":"BreadcrumbList","@id":"https:\/\/now-news.de\/de\/deutschland\/mindestens-vier-verletzte-nach-messerangriff-in-lyon\/#breadcrumb","itemListElement":[{"@type":"ListItem","position":1,"name":"Home","item":"https:\/\/now-news.de\/de\/"},{"@type":"ListItem","position":2,"name":"Mindestens vier Verletzte nach Messerangriff in Lyon"}]},{"@type":"WebSite","@id":"https:\/\/now-news.de\/de\/#website","url":"https:\/\/now-news.de\/de\/","name":"just-now.NEWS Deutschland","description":"Das Portal f\u00fcr unzensierte Nachrichten aus der Welt","publisher":{"@id":"https:\/\/now-news.de\/de\/#organization"},"potentialAction":[{"@type":"SearchAction","target":{"@type":"EntryPoint","urlTemplate":"https:\/\/now-news.de\/de\/?s={search_term_string}"},"query-input":"required name=search_term_string"}],"inLanguage":"de"},{"@type":"Organization","@id":"https:\/\/now-news.de\/de\/#organization","name":"Just Now News","url":"https:\/\/now-news.de\/de\/","logo":{"@type":"ImageObject","inLanguage":"de","@id":"https:\/\/now-news.de\/de\/#\/schema\/logo\/image\/","url":"http:\/\/just-now.news\/de\/wp-content\/uploads\/sites\/3\/2022\/04\/logo500x500.jpg","contentUrl":"http:\/\/just-now.news\/de\/wp-content\/uploads\/sites\/3\/2022\/04\/logo500x500.jpg","width":500,"height":500,"caption":"Just Now News"},"image":{"@id":"https:\/\/now-news.de\/de\/#\/schema\/logo\/image\/"},"sameAs":["https:\/\/www.facebook.com\/wirmachenauf","https:\/\/x.com\/WirMachenAuf_de"]},{"@type":"Person","@id":"https:\/\/now-news.de\/de\/#\/schema\/person\/fb534a4e865501d8b3285208df34a9b5","name":"rtnews","image":{"@type":"ImageObject","inLanguage":"de","@id":"https:\/\/now-news.de\/de\/#\/schema\/person\/image\/","url":"https:\/\/secure.gravatar.com\/avatar\/82aafea7d8127119dd649515f56e2117?s=96&d=mm&r=g","contentUrl":"https:\/\/secure.gravatar.com\/avatar\/82aafea7d8127119dd649515f56e2117?s=96&d=mm&r=g","caption":"rtnews"},"url":"https:\/\/now-news.de\/de\/author\/rnews\/"}]}},"_links":{"self":[{"href":"https:\/\/now-news.de\/de\/wp-json\/wp\/v2\/posts\/58902"}],"collection":[{"href":"https:\/\/now-news.de\/de\/wp-json\/wp\/v2\/posts"}],"about":[{"href":"https:\/\/now-news.de\/de\/wp-json\/wp\/v2\/types\/post"}],"author":[{"embeddable":true,"href":"https:\/\/now-news.de\/de\/wp-json\/wp\/v2\/users\/3"}],"replies":[{"embeddable":true,"href":"https:\/\/now-news.de\/de\/wp-json\/wp\/v2\/comments?post=58902"}],"version-history":[{"count":0,"href":"https:\/\/now-news.de\/de\/wp-json\/wp\/v2\/posts\/58902\/revisions"}],"wp:featuredmedia":[{"embeddable":true,"href":"https:\/\/now-news.de\/de\/wp-json\/wp\/v2\/media\/58903"}],"wp:attachment":[{"href":"https:\/\/now-news.de\/de\/wp-json\/wp\/v2\/media?parent=58902"}],"wp:term":[{"taxonomy":"category","embeddable":true,"href":"https:\/\/now-news.de\/de\/wp-json\/wp\/v2\/categories?post=58902"},{"taxonomy":"post_tag","embeddable":true,"href":"https:\/\/now-news.de\/de\/wp-json\/wp\/v2\/tags?post=58902"}],"curies":[{"name":"wp","href":"https:\/\/api.w.org\/{rel}","templated":true}]}}