{"id":58894,"date":"2024-05-27T11:18:39","date_gmt":"2024-05-27T09:18:39","guid":{"rendered":"https:\/\/now-news.de\/de\/deutschland\/macron-unser-europa-koennte-sterben\/"},"modified":"2024-05-27T11:18:39","modified_gmt":"2024-05-27T09:18:39","slug":"macron-unser-europa-koennte-sterben","status":"publish","type":"post","link":"https:\/\/now-news.de\/de\/deutschland\/macron-unser-europa-koennte-sterben\/","title":{"rendered":"Macron: &quot;Unser Europa k\u00f6nnte sterben&quot;"},"content":{"rendered":"<p><img decoding=\"async\" src=\"https:\/\/now-news.de\/de\/wp-content\/uploads\/sites\/3\/2024\/05\/66544bc9b480cc1f1917916a.jpg\" \/><\/p>\n<div class=\"Text-root Text-type_1 \">\n                Der franz\u00f6sische Pr\u00e4sident Emmanuel Macron warnte w\u00e4hrend seines Deutschlandbesuchs, dass die EU in einer Demokratiekrise steckt und am Ende &#8220;sterben&#8221; k\u00f6nnte. Es gebe eine Rekordzahl &#8220;\u00e4u\u00dferer und innerer Feinde&#8221;, so Macron.\n            <\/div>\n<p><\/p>\n<div class=\"Text-root Text-type_5 ArticleView-text ViewText-root \">\n<p>Die EU sieht sich mit einer Rekordzahl &#8220;\u00e4u\u00dferer und innerer Feinde&#8221; konfrontiert, die eine existenzielle Bedrohung f\u00fcr den Block darstellen, sagte der franz\u00f6sische Pr\u00e4sident Emmanuel Macron und wiederholte damit eine Warnung, die er bereits zuvor ausgesprochen hatte:<\/p>\n<blockquote>\n<p><em>&#8220;Unser Europa k\u00f6nnte sterben.&#8221;<\/em><\/p>\n<\/blockquote>\n<p>Macron \u00e4u\u00dferte sich am ersten Tag seines dreit\u00e4gigen Staatsbesuchs an der Seite des deutschen Bundespr\u00e4sidenten Frank-Walter Steinmeier. Die beiden nahmen am Fest der Demokratie im Berliner Regierungsviertel teil, mit dem das 75-j\u00e4hrige Bestehen des Grundgesetzes gefeiert wurde.<\/p>\n<p>Macron sagte, unter Verweis auf eine Grundsatzrede, die er im April gehalten hatte:<\/p>\n<blockquote>\n<p><em>&#8220;Ich glaube, dass wir in unserem Europa einen existenziellen Moment erleben, weil ich wirklich glaube, dass unser Europa sterben kann.&#8221;<\/em><\/p>\n<\/blockquote>\n<p>Der franz\u00f6sische Pr\u00e4sident rief dazu auf, bei den bevorstehenden Europawahlen f\u00fcr die EU-Bef\u00fcrworter zu stimmen, und warnte davor, dass der Block &#8220;noch nie so viele Feinde von innen und au\u00dfen&#8221; gehabt habe wie jetzt. Bei den angeblichen inneren Feinden handelt es sich offenbar um europ\u00e4ische Nationalisten, deren Aufstieg die Demokratie selbst in Frage stellt, so Macron. Er f\u00fcgte hinzu:<\/p>\n<blockquote>\n<p><em>&#8220;Es gibt eine Form der Faszination f\u00fcr den Autoritarismus, die in unseren eigenen Demokratien entsteht \u2026 und die auch dem Nationalismus und anderen Extremen auf unserem Kontinent Vorschub leistet.&#8221;<\/em><\/p>\n<\/blockquote>\n<p>Macron zeichnete ein d\u00fcsteres Bild von &#8220;Nationalisten&#8221;, die an die Regierung k\u00e4men, und behauptete, sie h\u00e4tten es vers\u00e4umt, Covid-19 zu bek\u00e4mpfen und &#8220;keine F\u00e4higkeit gezeigt, auf die Herausforderungen der Migration&#8221;, des Klimawandels usw. zu reagieren. Weiter sagte Macron:<\/p>\n<blockquote>\n<p><em>&#8220;Wir h\u00e4tten es aufgegeben, die Ukraine gegen Russland zu unterst\u00fctzen, was alle Nationalisten in unseren L\u00e4ndern bef\u00fcrworten. Und deshalb w\u00e4re die Geschichte nicht dieselbe gewesen (\u2026) Aus all diesen Gr\u00fcnden ist es wichtig, die Europ\u00e4er zu w\u00e4hlen.&#8221;<\/em><\/p>\n<\/blockquote>\n<p>Der Aufruf wurde von Steinmeier unterst\u00fctzt, der sagte, allein die Tatsache, dass Macron auf dem Festival der Demokratie erschienen sei, sei &#8220;ein Signal, dass wir eine Allianz der Demokraten in Europa brauchen&#8221;.<\/p>\n<p><strong>Mehr zum Thema<\/strong> \u2013 <a rel=\"nofollow noopener\" target=\"_blank\" href=\"https:\/\/freeassange.rtde.life\/europa\/206312-mitten-im-eu-wahlkampf-ermittlungen\/\">Mitten im EU-Wahlkampf: Ermittlungen gegen von der Leyen vorl\u00e4ufig ausgesetzt <\/a><\/p>\n<div class=\"EmbedBlock-root EmbedBlock-externalVideo EmbedBlock-odysee\">\n<div class=\"VkEmbed\"><iframe class=\"lazyload\" data-src=\"https:\/\/odysee.com\/%24\/embed\/%40RTDE%3Ae%2FEmmanuel-Macron-zum-Staatsbesuch-in-Berlin-eingetroffen%3A5\" frameborder=\"0\" width=\"853\" height=\"480\" allowfullscreen><\/iframe><\/div>\n<\/div>\n<\/div>\n<p><br \/>\n<br \/><a href=\"https:\/\/de.rt.com\/international\/207144-macron-unser-europa-koennte-sterben\/\">Source link <\/a><\/p>\n","protected":false},"excerpt":{"rendered":"<p>Der franz\u00f6sische Pr\u00e4sident Emmanuel Macron warnte w\u00e4hrend seines Deutschlandbesuchs, dass die EU in einer Demokratiekrise steckt und am Ende &#8220;sterben&#8221; k\u00f6nnte. Es gebe eine Rekordzahl &#8220;\u00e4u\u00dferer und innerer Feinde&#8221;, so Macron. Die EU sieht sich mit einer Rekordzahl &#8220;\u00e4u\u00dferer und innerer Feinde&#8221; konfrontiert, die eine existenzielle Bedrohung f\u00fcr den Block darstellen, sagte der franz\u00f6sische Pr\u00e4sident [&hellip;]<\/p>\n","protected":false},"author":3,"featured_media":58895,"comment_status":"open","ping_status":"open","sticky":false,"template":"","format":"standard","meta":{"_yoast_indexnow_last_ping":["1716802259"],"wp_automatic_camp":["217"],"b6f176f73d0d5f9f2e26966003ddb617":["Macron: &quot;Unser Europa k\u00f6nnte sterben&quot;"],"original_link":["https:\/\/de.rt.com\/international\/207144-macron-unser-europa-koennte-sterben\/"],"_thumbnail_id":["58895"],"_wptgpro_p2tg_sent2tg":["a:1:{i:23737;s:19:\"2024-05-27 11:38:02\";}"],"jnews_social_counter_last_update":["1776930870"]},"categories":[19,23],"tags":[1370,970,1711,13665,39469],"yoast_head":"<!-- This site is optimized with the Yoast SEO Premium plugin v22.7 (Yoast SEO v22.7) - https:\/\/yoast.com\/wordpress\/plugins\/seo\/ -->\n<title>Macron: &quot;Unser Europa k\u00f6nnte sterben&quot; - just-now.NEWS Deutschland<\/title>\n<meta name=\"robots\" content=\"index, follow, max-snippet:-1, max-image-preview:large, max-video-preview:-1\" \/>\n<link rel=\"canonical\" href=\"https:\/\/now-news.de\/de\/deutschland\/macron-unser-europa-koennte-sterben\/\" \/>\n<meta property=\"og:locale\" content=\"de_DE\" \/>\n<meta property=\"og:type\" content=\"article\" \/>\n<meta property=\"og:title\" content=\"Macron: &quot;Unser Europa k\u00f6nnte sterben&quot;\" \/>\n<meta property=\"og:description\" content=\"Der franz\u00f6sische Pr\u00e4sident Emmanuel Macron warnte w\u00e4hrend seines Deutschlandbesuchs, dass die EU in einer Demokratiekrise steckt und am Ende &#8220;sterben&#8221; k\u00f6nnte. Es gebe eine Rekordzahl &#8220;\u00e4u\u00dferer und innerer Feinde&#8221;, so Macron. Die EU sieht sich mit einer Rekordzahl &#8220;\u00e4u\u00dferer und innerer Feinde&#8221; konfrontiert, die eine existenzielle Bedrohung f\u00fcr den Block darstellen, sagte der franz\u00f6sische Pr\u00e4sident [&hellip;]\" \/>\n<meta property=\"og:url\" content=\"https:\/\/now-news.de\/de\/deutschland\/macron-unser-europa-koennte-sterben\/\" \/>\n<meta property=\"og:site_name\" content=\"just-now.NEWS Deutschland\" \/>\n<meta property=\"article:publisher\" content=\"https:\/\/www.facebook.com\/wirmachenauf\" \/>\n<meta property=\"article:published_time\" content=\"2024-05-27T09:18:39+00:00\" \/>\n<meta property=\"og:image\" content=\"https:\/\/now-news.de\/de\/wp-content\/uploads\/sites\/3\/2024\/05\/66544bc9b480cc1f1917916a.jpg\" \/>\n<meta name=\"author\" content=\"rtnews\" \/>\n<meta name=\"twitter:card\" content=\"summary_large_image\" \/>\n<meta name=\"twitter:creator\" content=\"@WirMachenAuf_de\" \/>\n<meta name=\"twitter:site\" content=\"@WirMachenAuf_de\" \/>\n<meta name=\"twitter:label1\" content=\"Verfasst von\" \/>\n\t<meta name=\"twitter:data1\" content=\"rtnews\" \/>\n\t<meta name=\"twitter:label2\" content=\"Gesch\u00e4tzte Lesezeit\" \/>\n\t<meta name=\"twitter:data2\" content=\"2\u00a0Minuten\" \/>\n<script type=\"application\/ld+json\" class=\"yoast-schema-graph\">{\"@context\":\"https:\/\/schema.org\",\"@graph\":[{\"@type\":\"Article\",\"@id\":\"https:\/\/now-news.de\/de\/deutschland\/macron-unser-europa-koennte-sterben\/#article\",\"isPartOf\":{\"@id\":\"https:\/\/now-news.de\/de\/deutschland\/macron-unser-europa-koennte-sterben\/\"},\"author\":{\"name\":\"rtnews\",\"@id\":\"https:\/\/now-news.de\/de\/#\/schema\/person\/fb534a4e865501d8b3285208df34a9b5\"},\"headline\":\"Macron: &quot;Unser Europa k\u00f6nnte sterben&quot;\",\"datePublished\":\"2024-05-27T09:18:39+00:00\",\"dateModified\":\"2024-05-27T09:18:39+00:00\",\"mainEntityOfPage\":{\"@id\":\"https:\/\/now-news.de\/de\/deutschland\/macron-unser-europa-koennte-sterben\/\"},\"wordCount\":397,\"commentCount\":0,\"publisher\":{\"@id\":\"https:\/\/now-news.de\/de\/#organization\"},\"image\":{\"@id\":\"https:\/\/now-news.de\/de\/deutschland\/macron-unser-europa-koennte-sterben\/#primaryimage\"},\"thumbnailUrl\":\"https:\/\/now-news.de\/de\/wp-content\/uploads\/sites\/3\/2024\/05\/Macron-quotUnser-Europa-koennte-sterbenquot.jpg\",\"keywords\":[\"Europa\",\"K\u00f6nnte\",\"macron\",\"quotUnser\",\"sterbenquot\"],\"articleSection\":[\"Deutschland\",\"Russland\"],\"inLanguage\":\"de\",\"potentialAction\":[{\"@type\":\"CommentAction\",\"name\":\"Comment\",\"target\":[\"https:\/\/now-news.de\/de\/deutschland\/macron-unser-europa-koennte-sterben\/#respond\"]}]},{\"@type\":\"WebPage\",\"@id\":\"https:\/\/now-news.de\/de\/deutschland\/macron-unser-europa-koennte-sterben\/\",\"url\":\"https:\/\/now-news.de\/de\/deutschland\/macron-unser-europa-koennte-sterben\/\",\"name\":\"Macron: &quot;Unser Europa k\u00f6nnte sterben&quot; - just-now.NEWS Deutschland\",\"isPartOf\":{\"@id\":\"https:\/\/now-news.de\/de\/#website\"},\"primaryImageOfPage\":{\"@id\":\"https:\/\/now-news.de\/de\/deutschland\/macron-unser-europa-koennte-sterben\/#primaryimage\"},\"image\":{\"@id\":\"https:\/\/now-news.de\/de\/deutschland\/macron-unser-europa-koennte-sterben\/#primaryimage\"},\"thumbnailUrl\":\"https:\/\/now-news.de\/de\/wp-content\/uploads\/sites\/3\/2024\/05\/Macron-quotUnser-Europa-koennte-sterbenquot.jpg\",\"datePublished\":\"2024-05-27T09:18:39+00:00\",\"dateModified\":\"2024-05-27T09:18:39+00:00\",\"breadcrumb\":{\"@id\":\"https:\/\/now-news.de\/de\/deutschland\/macron-unser-europa-koennte-sterben\/#breadcrumb\"},\"inLanguage\":\"de\",\"potentialAction\":[{\"@type\":\"ReadAction\",\"target\":[\"https:\/\/now-news.de\/de\/deutschland\/macron-unser-europa-koennte-sterben\/\"]}]},{\"@type\":\"ImageObject\",\"inLanguage\":\"de\",\"@id\":\"https:\/\/now-news.de\/de\/deutschland\/macron-unser-europa-koennte-sterben\/#primaryimage\",\"url\":\"https:\/\/now-news.de\/de\/wp-content\/uploads\/sites\/3\/2024\/05\/Macron-quotUnser-Europa-koennte-sterbenquot.jpg\",\"contentUrl\":\"https:\/\/now-news.de\/de\/wp-content\/uploads\/sites\/3\/2024\/05\/Macron-quotUnser-Europa-koennte-sterbenquot.jpg\",\"width\":460,\"height\":259,\"caption\":\"Macron: &quot;Unser Europa k\u00f6nnte sterben&quot;\"},{\"@type\":\"BreadcrumbList\",\"@id\":\"https:\/\/now-news.de\/de\/deutschland\/macron-unser-europa-koennte-sterben\/#breadcrumb\",\"itemListElement\":[{\"@type\":\"ListItem\",\"position\":1,\"name\":\"Home\",\"item\":\"https:\/\/now-news.de\/de\/\"},{\"@type\":\"ListItem\",\"position\":2,\"name\":\"Macron: &quot;Unser Europa k\u00f6nnte sterben&quot;\"}]},{\"@type\":\"WebSite\",\"@id\":\"https:\/\/now-news.de\/de\/#website\",\"url\":\"https:\/\/now-news.de\/de\/\",\"name\":\"just-now.NEWS Deutschland\",\"description\":\"Das Portal f\u00fcr unzensierte Nachrichten aus der Welt\",\"publisher\":{\"@id\":\"https:\/\/now-news.de\/de\/#organization\"},\"potentialAction\":[{\"@type\":\"SearchAction\",\"target\":{\"@type\":\"EntryPoint\",\"urlTemplate\":\"https:\/\/now-news.de\/de\/?s={search_term_string}\"},\"query-input\":\"required name=search_term_string\"}],\"inLanguage\":\"de\"},{\"@type\":\"Organization\",\"@id\":\"https:\/\/now-news.de\/de\/#organization\",\"name\":\"Just Now News\",\"url\":\"https:\/\/now-news.de\/de\/\",\"logo\":{\"@type\":\"ImageObject\",\"inLanguage\":\"de\",\"@id\":\"https:\/\/now-news.de\/de\/#\/schema\/logo\/image\/\",\"url\":\"http:\/\/just-now.news\/de\/wp-content\/uploads\/sites\/3\/2022\/04\/logo500x500.jpg\",\"contentUrl\":\"http:\/\/just-now.news\/de\/wp-content\/uploads\/sites\/3\/2022\/04\/logo500x500.jpg\",\"width\":500,\"height\":500,\"caption\":\"Just Now News\"},\"image\":{\"@id\":\"https:\/\/now-news.de\/de\/#\/schema\/logo\/image\/\"},\"sameAs\":[\"https:\/\/www.facebook.com\/wirmachenauf\",\"https:\/\/x.com\/WirMachenAuf_de\"]},{\"@type\":\"Person\",\"@id\":\"https:\/\/now-news.de\/de\/#\/schema\/person\/fb534a4e865501d8b3285208df34a9b5\",\"name\":\"rtnews\",\"image\":{\"@type\":\"ImageObject\",\"inLanguage\":\"de\",\"@id\":\"https:\/\/now-news.de\/de\/#\/schema\/person\/image\/\",\"url\":\"https:\/\/secure.gravatar.com\/avatar\/82aafea7d8127119dd649515f56e2117?s=96&d=mm&r=g\",\"contentUrl\":\"https:\/\/secure.gravatar.com\/avatar\/82aafea7d8127119dd649515f56e2117?s=96&d=mm&r=g\",\"caption\":\"rtnews\"},\"url\":\"https:\/\/now-news.de\/de\/author\/rnews\/\"}]}<\/script>\n<!-- \/ Yoast SEO Premium plugin. -->","yoast_head_json":{"title":"Macron: &quot;Unser Europa k\u00f6nnte sterben&quot; - just-now.NEWS Deutschland","robots":{"index":"index","follow":"follow","max-snippet":"max-snippet:-1","max-image-preview":"max-image-preview:large","max-video-preview":"max-video-preview:-1"},"canonical":"https:\/\/now-news.de\/de\/deutschland\/macron-unser-europa-koennte-sterben\/","og_locale":"de_DE","og_type":"article","og_title":"Macron: &quot;Unser Europa k\u00f6nnte sterben&quot;","og_description":"Der franz\u00f6sische Pr\u00e4sident Emmanuel Macron warnte w\u00e4hrend seines Deutschlandbesuchs, dass die EU in einer Demokratiekrise steckt und am Ende &#8220;sterben&#8221; k\u00f6nnte. Es gebe eine Rekordzahl &#8220;\u00e4u\u00dferer und innerer Feinde&#8221;, so Macron. Die EU sieht sich mit einer Rekordzahl &#8220;\u00e4u\u00dferer und innerer Feinde&#8221; konfrontiert, die eine existenzielle Bedrohung f\u00fcr den Block darstellen, sagte der franz\u00f6sische Pr\u00e4sident [&hellip;]","og_url":"https:\/\/now-news.de\/de\/deutschland\/macron-unser-europa-koennte-sterben\/","og_site_name":"just-now.NEWS Deutschland","article_publisher":"https:\/\/www.facebook.com\/wirmachenauf","article_published_time":"2024-05-27T09:18:39+00:00","og_image":[{"url":"https:\/\/now-news.de\/de\/wp-content\/uploads\/sites\/3\/2024\/05\/66544bc9b480cc1f1917916a.jpg"}],"author":"rtnews","twitter_card":"summary_large_image","twitter_creator":"@WirMachenAuf_de","twitter_site":"@WirMachenAuf_de","twitter_misc":{"Verfasst von":"rtnews","Gesch\u00e4tzte Lesezeit":"2\u00a0Minuten"},"schema":{"@context":"https:\/\/schema.org","@graph":[{"@type":"Article","@id":"https:\/\/now-news.de\/de\/deutschland\/macron-unser-europa-koennte-sterben\/#article","isPartOf":{"@id":"https:\/\/now-news.de\/de\/deutschland\/macron-unser-europa-koennte-sterben\/"},"author":{"name":"rtnews","@id":"https:\/\/now-news.de\/de\/#\/schema\/person\/fb534a4e865501d8b3285208df34a9b5"},"headline":"Macron: &quot;Unser Europa k\u00f6nnte sterben&quot;","datePublished":"2024-05-27T09:18:39+00:00","dateModified":"2024-05-27T09:18:39+00:00","mainEntityOfPage":{"@id":"https:\/\/now-news.de\/de\/deutschland\/macron-unser-europa-koennte-sterben\/"},"wordCount":397,"commentCount":0,"publisher":{"@id":"https:\/\/now-news.de\/de\/#organization"},"image":{"@id":"https:\/\/now-news.de\/de\/deutschland\/macron-unser-europa-koennte-sterben\/#primaryimage"},"thumbnailUrl":"https:\/\/now-news.de\/de\/wp-content\/uploads\/sites\/3\/2024\/05\/Macron-quotUnser-Europa-koennte-sterbenquot.jpg","keywords":["Europa","K\u00f6nnte","macron","quotUnser","sterbenquot"],"articleSection":["Deutschland","Russland"],"inLanguage":"de","potentialAction":[{"@type":"CommentAction","name":"Comment","target":["https:\/\/now-news.de\/de\/deutschland\/macron-unser-europa-koennte-sterben\/#respond"]}]},{"@type":"WebPage","@id":"https:\/\/now-news.de\/de\/deutschland\/macron-unser-europa-koennte-sterben\/","url":"https:\/\/now-news.de\/de\/deutschland\/macron-unser-europa-koennte-sterben\/","name":"Macron: &quot;Unser Europa k\u00f6nnte sterben&quot; - just-now.NEWS Deutschland","isPartOf":{"@id":"https:\/\/now-news.de\/de\/#website"},"primaryImageOfPage":{"@id":"https:\/\/now-news.de\/de\/deutschland\/macron-unser-europa-koennte-sterben\/#primaryimage"},"image":{"@id":"https:\/\/now-news.de\/de\/deutschland\/macron-unser-europa-koennte-sterben\/#primaryimage"},"thumbnailUrl":"https:\/\/now-news.de\/de\/wp-content\/uploads\/sites\/3\/2024\/05\/Macron-quotUnser-Europa-koennte-sterbenquot.jpg","datePublished":"2024-05-27T09:18:39+00:00","dateModified":"2024-05-27T09:18:39+00:00","breadcrumb":{"@id":"https:\/\/now-news.de\/de\/deutschland\/macron-unser-europa-koennte-sterben\/#breadcrumb"},"inLanguage":"de","potentialAction":[{"@type":"ReadAction","target":["https:\/\/now-news.de\/de\/deutschland\/macron-unser-europa-koennte-sterben\/"]}]},{"@type":"ImageObject","inLanguage":"de","@id":"https:\/\/now-news.de\/de\/deutschland\/macron-unser-europa-koennte-sterben\/#primaryimage","url":"https:\/\/now-news.de\/de\/wp-content\/uploads\/sites\/3\/2024\/05\/Macron-quotUnser-Europa-koennte-sterbenquot.jpg","contentUrl":"https:\/\/now-news.de\/de\/wp-content\/uploads\/sites\/3\/2024\/05\/Macron-quotUnser-Europa-koennte-sterbenquot.jpg","width":460,"height":259,"caption":"Macron: &quot;Unser Europa k\u00f6nnte sterben&quot;"},{"@type":"BreadcrumbList","@id":"https:\/\/now-news.de\/de\/deutschland\/macron-unser-europa-koennte-sterben\/#breadcrumb","itemListElement":[{"@type":"ListItem","position":1,"name":"Home","item":"https:\/\/now-news.de\/de\/"},{"@type":"ListItem","position":2,"name":"Macron: &quot;Unser Europa k\u00f6nnte sterben&quot;"}]},{"@type":"WebSite","@id":"https:\/\/now-news.de\/de\/#website","url":"https:\/\/now-news.de\/de\/","name":"just-now.NEWS Deutschland","description":"Das Portal f\u00fcr unzensierte Nachrichten aus der Welt","publisher":{"@id":"https:\/\/now-news.de\/de\/#organization"},"potentialAction":[{"@type":"SearchAction","target":{"@type":"EntryPoint","urlTemplate":"https:\/\/now-news.de\/de\/?s={search_term_string}"},"query-input":"required name=search_term_string"}],"inLanguage":"de"},{"@type":"Organization","@id":"https:\/\/now-news.de\/de\/#organization","name":"Just Now News","url":"https:\/\/now-news.de\/de\/","logo":{"@type":"ImageObject","inLanguage":"de","@id":"https:\/\/now-news.de\/de\/#\/schema\/logo\/image\/","url":"http:\/\/just-now.news\/de\/wp-content\/uploads\/sites\/3\/2022\/04\/logo500x500.jpg","contentUrl":"http:\/\/just-now.news\/de\/wp-content\/uploads\/sites\/3\/2022\/04\/logo500x500.jpg","width":500,"height":500,"caption":"Just Now News"},"image":{"@id":"https:\/\/now-news.de\/de\/#\/schema\/logo\/image\/"},"sameAs":["https:\/\/www.facebook.com\/wirmachenauf","https:\/\/x.com\/WirMachenAuf_de"]},{"@type":"Person","@id":"https:\/\/now-news.de\/de\/#\/schema\/person\/fb534a4e865501d8b3285208df34a9b5","name":"rtnews","image":{"@type":"ImageObject","inLanguage":"de","@id":"https:\/\/now-news.de\/de\/#\/schema\/person\/image\/","url":"https:\/\/secure.gravatar.com\/avatar\/82aafea7d8127119dd649515f56e2117?s=96&d=mm&r=g","contentUrl":"https:\/\/secure.gravatar.com\/avatar\/82aafea7d8127119dd649515f56e2117?s=96&d=mm&r=g","caption":"rtnews"},"url":"https:\/\/now-news.de\/de\/author\/rnews\/"}]}},"_links":{"self":[{"href":"https:\/\/now-news.de\/de\/wp-json\/wp\/v2\/posts\/58894"}],"collection":[{"href":"https:\/\/now-news.de\/de\/wp-json\/wp\/v2\/posts"}],"about":[{"href":"https:\/\/now-news.de\/de\/wp-json\/wp\/v2\/types\/post"}],"author":[{"embeddable":true,"href":"https:\/\/now-news.de\/de\/wp-json\/wp\/v2\/users\/3"}],"replies":[{"embeddable":true,"href":"https:\/\/now-news.de\/de\/wp-json\/wp\/v2\/comments?post=58894"}],"version-history":[{"count":0,"href":"https:\/\/now-news.de\/de\/wp-json\/wp\/v2\/posts\/58894\/revisions"}],"wp:featuredmedia":[{"embeddable":true,"href":"https:\/\/now-news.de\/de\/wp-json\/wp\/v2\/media\/58895"}],"wp:attachment":[{"href":"https:\/\/now-news.de\/de\/wp-json\/wp\/v2\/media?parent=58894"}],"wp:term":[{"taxonomy":"category","embeddable":true,"href":"https:\/\/now-news.de\/de\/wp-json\/wp\/v2\/categories?post=58894"},{"taxonomy":"post_tag","embeddable":true,"href":"https:\/\/now-news.de\/de\/wp-json\/wp\/v2\/tags?post=58894"}],"curies":[{"name":"wp","href":"https:\/\/api.w.org\/{rel}","templated":true}]}}