{"id":58857,"date":"2024-05-26T18:53:02","date_gmt":"2024-05-26T16:53:02","guid":{"rendered":"https:\/\/now-news.de\/de\/deutschland\/istgh-chefanklaeger-khan-verteidigt-seinen-haftantrag-gegen-netanjahu-und-galant\/"},"modified":"2024-05-26T18:53:02","modified_gmt":"2024-05-26T16:53:02","slug":"istgh-chefanklaeger-khan-verteidigt-seinen-haftantrag-gegen-netanjahu-und-galant","status":"publish","type":"post","link":"https:\/\/now-news.de\/de\/deutschland\/istgh-chefanklaeger-khan-verteidigt-seinen-haftantrag-gegen-netanjahu-und-galant\/","title":{"rendered":"IStGH-Chefankl\u00e4ger Khan verteidigt seinen Haftantrag gegen Netanjahu und Galant"},"content":{"rendered":"<p><img decoding=\"async\" src=\"https:\/\/now-news.de\/de\/wp-content\/uploads\/sites\/3\/2024\/05\/66532a5848fbef15c44d828a.jpg\" \/><\/p>\n<div class=\"Text-root Text-type_1 \">\n                Nach seinen Haftantr\u00e4gen gegen Israels F\u00fchrung sieht sich der Chefankl\u00e4ger des Internationalen Strafgerichtshofs (IStGH), Karim Khan, stark unter Druck. In einem Interview verteidigt er seine Entscheidung und erinnert die Unterzeichner des R\u00f6mischen Statuts an ihre Pflichten.\n            <\/div>\n<p><\/p>\n<div class=\"Text-root Text-type_5 ArticleView-text ViewText-root \">\n<p>Der Chefankl\u00e4ger des Internationalen Strafgerichtshofs (IStGH), Karim Khan, hat der britischen Zeitung <em>The Times<\/em> ein exklusives Interview gew\u00e4hrt, in dem er unter anderem seine Haftbefehle gegen Israels Regierungschef Benjamin Netanjahu und Verteidigungsminister Joaw Galant verteidigte. Er kommentierte auch die Berichte, wonach einige Spitzenpolitiker in den USA und der EU ihren Unmut wegen seiner Entscheidung zum Ausdruck gebracht hatten. Auf diese Kritik <a rel=\"nofollow noopener\" target=\"_blank\" href=\"https:\/\/www.thetimes.co.uk\/article\/icc-prosecutor-uk-didnt-blitz-the-ira-israel-needs-that-restraint-0sxjbvl2g\">antwortete<\/a> Khan im Gespr\u00e4ch mit der Korrespondentin Christina Lamb, dass der Job eines IStGH-Ankl\u00e4gers nicht darin bestehe, jemandes Freund zu sein.\u00a0Es spiele keine Rolle, ob man ihn f\u00fcr seine Arbeit mit Beifall bedenke oder verurteile:<\/p>\n<blockquote>\n<p><em>&#8220;Wir m\u00fcssen die gleiche Bedeutung aller Kinder, Frauen und Zivilisten in einer Welt hervorheben, die immer polarisierter wird. Wenn wir das nicht tun, welchen Sinn haben wir dann?&#8221;<\/em><\/p>\n<\/blockquote>\n<p>Sollten sich die Unterzeichner des R\u00f6mischen Statuts weigern, die Entscheidungen des IStGH zu befolgen, k\u00f6nnte dies &#8220;gravierende Folgen&#8221; nach sich ziehen. Das Gericht in Den Haag bezeichnete Khan als Kind der Vertragsstaaten und sich selbst als Betreuer oder Helfer. In Lateinamerika, Afrika und Asien beobachte man diese Situation sehr genau:<\/p>\n<blockquote>\n<p><em>&#8220;Sind die m\u00e4chtigen Staaten aufrichtig, wenn sie von der Rechtsordnung sprechen oder ist ihre regelbasierte Ordnung Quatsch und blo\u00df ein Instrument der NATO und der postkolonialen Welt, wobei sie keinen realen Wunsch haben, das Gesetz f\u00fcr alle gleich geltend zu machen?&#8221;<\/em><\/p>\n<\/blockquote>\n<p>Der IStGH-Chefankl\u00e4ger lie\u00df auch die Vorw\u00fcrfe abblitzen, dass er den Staat Israel mit der Terrororganisation Hamas gleichgesetzt habe. Khan stimmte zu, dass Israel im Unterschied zur Hamas ein demokratisches Land mit einem Obersten Gericht sei. Er best\u00e4tigte zwar auch Israels Recht auf die Verteidigung seiner Bev\u00f6lkerung, betonte aber, dass es auf die Mittel ankomme.<\/p>\n<blockquote>\n<p><em>&#8220;Niemand besitzt eine Lizenz zum Begehen von Kriegsverbrechen oder Verbrechen gegen die Menschlichkeit.&#8221; <\/em><\/p>\n<\/blockquote>\n<p>Der im Jahr 1970 in Edinburgh geborene Anwalt f\u00fchrte als Beispiel das Vorgehen der britischen Armee in Nordirland an. Obwohl die irischen Nationalisten Anschl\u00e4ge gegen britische Politiker ver\u00fcbt und die damalige Premierministerin Margaret Thatcher mit dem Tod bedroht h\u00e4tten, h\u00e4tten die Briten bekanntlich keine 2.000 Pfund schwere Bombe auf die Falls Road in Belfast abgeworfen, nur weil dort Mitglieder der Irisch-Republikanischen Armee gewohnt h\u00e4tten, erkl\u00e4rte Khan.<\/p>\n<blockquote>\n<p><em>&#8220;Wenn wir uns nicht an das Gesetz halten, dann bleibt uns nichts mehr. Die tiefsinnigen Worte &#8216;Nie wieder&#8217; werden zu oft zu einem blo\u00dfen Ritualspruch. Wir n\u00e4hern uns dem Punkt,\u00a0an dem die Leute weltweit nicht mehr daran glauben.&#8221;<\/em><\/p>\n<\/blockquote>\n<p>In diesem Zusammenhang teilte der Ankl\u00e4ger mit, dass der IStGH derzeit aktive Ermittlungen wegen m\u00f6glicher Kriegsverbrechen in Afghanistan, Bangladesch, Georgien, Myanmar, Pal\u00e4stina sowie in den Philippinen und in der Ukraine durchf\u00fchre.\u00a0<\/p>\n<div class=\"EmbedBlock-root EmbedBlock-twitter\">\n<div class=\"TwitterEmbed\">\n<blockquote class=\"twitter-tweet lazyload\" data-twitter=\"twitter-tweet\">\n<p lang=\"en\" dir=\"ltr\">\ud83d\udd3a Exclusive:Israel is inflicting collective punishment on Gaza, Karim Khan tells <a rel=\"nofollow noopener\" target=\"_blank\" href=\"https:\/\/twitter.com\/christinalamb?ref_src=twsrc%5Etfw\">@christinalamb<\/a> as he seeks arrest warrants at the court for Binyamin Netanyahu and Hamas leaders \u2b07\ufe0f<a rel=\"nofollow noopener\" target=\"_blank\" href=\"https:\/\/t.co\/znSMWA0UqU\">https:\/\/t.co\/znSMWA0UqU<\/a><\/p>\n<p>\u2014 The Times and The Sunday Times (@thetimes) <a rel=\"nofollow noopener\" target=\"_blank\" href=\"https:\/\/twitter.com\/thetimes\/status\/1794634439940509769?ref_src=twsrc%5Etfw\">May 26, 2024<\/a><\/p><\/blockquote>\n<\/div>\n<\/div>\n<p>Am Montag hatte Khan Haftbefehle gegen Netanjahu und Galant sowie die drei Hamas-F\u00fchrer Jahja Sinwar, Mohammed Deif und Ismail Hanija beantragt. Der IStGH-Chefankl\u00e4ger beschuldigte sie, im Zusammenhang mit der andauernden Gaza-Krise, Kriegsverbrechen und Verbrechen gegen die Menschlichkeit begangen zu haben. Zum Vorgehen Israels hie\u00df es in einer Erkl\u00e4rung, dass &#8220;die Auswirkungen des Einsatzes von Hunger als Methode der Kriegsf\u00fchrung zusammen mit anderen Angriffen und kollektiven Bestrafungen gegen die Zivilbev\u00f6lkerung in Gaza akut, sichtbar und weithin bekannt&#8221; seien. Die beantragten Haftbefehle gegen die beiden Regierungsmitglieder sorgten in Israel f\u00fcr Emp\u00f6rung.<\/p>\n<p><strong>Mehr zum Thema<\/strong> &#8211;\u00a0<a rel=\"nofollow noopener\" target=\"_blank\" href=\"https:\/\/freeassange.rtde.life\/der-nahe-osten\/206609-netanjahu-kontert-istgh-chefanklaeger-khan\/\">Netanjahu kontert Chefankl\u00e4ger Khan: In den USA sterben mehr Menschen an Hunger als in Gaza<\/a><\/p>\n<\/div>\n<p><script async src=\"https:\/\/platform.twitter.com\/widgets.js\" charset=\"utf-8\"><\/script><br \/>\n<br \/><br \/>\n<br \/><a href=\"https:\/\/de.rt.com\/der-nahe-osten\/207063-istgh-chefanklaeger-khan-verteidigt-seinen-haftantrag-gegen-netanjahu-und-galant\/\">Source link <\/a><\/p>\n","protected":false},"excerpt":{"rendered":"<p>Nach seinen Haftantr\u00e4gen gegen Israels F\u00fchrung sieht sich der Chefankl\u00e4ger des Internationalen Strafgerichtshofs (IStGH), Karim Khan, stark unter Druck. In einem Interview verteidigt er seine Entscheidung und erinnert die Unterzeichner des R\u00f6mischen Statuts an ihre Pflichten. Der Chefankl\u00e4ger des Internationalen Strafgerichtshofs (IStGH), Karim Khan, hat der britischen Zeitung The Times ein exklusives Interview gew\u00e4hrt, in [&hellip;]<\/p>\n","protected":false},"author":3,"featured_media":58858,"comment_status":"open","ping_status":"open","sticky":false,"template":"","format":"standard","meta":{"_yoast_indexnow_last_ping":["1716743290"],"wp_automatic_camp":["217"],"5d498e5200b7d16d7518abfd234b489a":["IStGH-Chefankl\u00e4ger Khan verteidigt seinen Haftantrag gegen Netanjahu und Galant"],"original_link":["https:\/\/de.rt.com\/der-nahe-osten\/207063-istgh-chefanklaeger-khan-verteidigt-seinen-haftantrag-gegen-netanjahu-und-galant\/"],"_thumbnail_id":["58858"],"jnews_social_counter_last_update":["1777400177"],"_wptgpro_p2tg_sent2tg":["a:1:{i:23737;s:19:\"2024-05-26 19:09:42\";}"]},"categories":[19,23],"tags":[55178,278,55177,55176,18034,21113,6583,140,4753],"yoast_head":"<!-- This site is optimized with the Yoast SEO Premium plugin v22.7 (Yoast SEO v22.7) - https:\/\/yoast.com\/wordpress\/plugins\/seo\/ -->\n<title>IStGH-Chefankl\u00e4ger Khan verteidigt seinen Haftantrag gegen Netanjahu und Galant - just-now.NEWS Deutschland<\/title>\n<meta name=\"robots\" content=\"index, follow, max-snippet:-1, max-image-preview:large, max-video-preview:-1\" \/>\n<link rel=\"canonical\" href=\"https:\/\/now-news.de\/de\/deutschland\/istgh-chefanklaeger-khan-verteidigt-seinen-haftantrag-gegen-netanjahu-und-galant\/\" \/>\n<meta property=\"og:locale\" content=\"de_DE\" \/>\n<meta property=\"og:type\" content=\"article\" \/>\n<meta property=\"og:title\" content=\"IStGH-Chefankl\u00e4ger Khan verteidigt seinen Haftantrag gegen Netanjahu und Galant\" \/>\n<meta property=\"og:description\" content=\"Nach seinen Haftantr\u00e4gen gegen Israels F\u00fchrung sieht sich der Chefankl\u00e4ger des Internationalen Strafgerichtshofs (IStGH), Karim Khan, stark unter Druck. In einem Interview verteidigt er seine Entscheidung und erinnert die Unterzeichner des R\u00f6mischen Statuts an ihre Pflichten. Der Chefankl\u00e4ger des Internationalen Strafgerichtshofs (IStGH), Karim Khan, hat der britischen Zeitung The Times ein exklusives Interview gew\u00e4hrt, in [&hellip;]\" \/>\n<meta property=\"og:url\" content=\"https:\/\/now-news.de\/de\/deutschland\/istgh-chefanklaeger-khan-verteidigt-seinen-haftantrag-gegen-netanjahu-und-galant\/\" \/>\n<meta property=\"og:site_name\" content=\"just-now.NEWS Deutschland\" \/>\n<meta property=\"article:publisher\" content=\"https:\/\/www.facebook.com\/wirmachenauf\" \/>\n<meta property=\"article:published_time\" content=\"2024-05-26T16:53:02+00:00\" \/>\n<meta property=\"og:image\" content=\"https:\/\/now-news.de\/de\/wp-content\/uploads\/sites\/3\/2024\/05\/66532a5848fbef15c44d828a.jpg\" \/>\n<meta name=\"author\" content=\"rtnews\" \/>\n<meta name=\"twitter:card\" content=\"summary_large_image\" \/>\n<meta name=\"twitter:creator\" content=\"@WirMachenAuf_de\" \/>\n<meta name=\"twitter:site\" content=\"@WirMachenAuf_de\" \/>\n<meta name=\"twitter:label1\" content=\"Verfasst von\" \/>\n\t<meta name=\"twitter:data1\" content=\"rtnews\" \/>\n\t<meta name=\"twitter:label2\" content=\"Gesch\u00e4tzte Lesezeit\" \/>\n\t<meta name=\"twitter:data2\" content=\"3\u00a0Minuten\" \/>\n<script type=\"application\/ld+json\" class=\"yoast-schema-graph\">{\"@context\":\"https:\/\/schema.org\",\"@graph\":[{\"@type\":\"Article\",\"@id\":\"https:\/\/now-news.de\/de\/deutschland\/istgh-chefanklaeger-khan-verteidigt-seinen-haftantrag-gegen-netanjahu-und-galant\/#article\",\"isPartOf\":{\"@id\":\"https:\/\/now-news.de\/de\/deutschland\/istgh-chefanklaeger-khan-verteidigt-seinen-haftantrag-gegen-netanjahu-und-galant\/\"},\"author\":{\"name\":\"rtnews\",\"@id\":\"https:\/\/now-news.de\/de\/#\/schema\/person\/fb534a4e865501d8b3285208df34a9b5\"},\"headline\":\"IStGH-Chefankl\u00e4ger Khan verteidigt seinen Haftantrag gegen Netanjahu und Galant\",\"datePublished\":\"2024-05-26T16:53:02+00:00\",\"dateModified\":\"2024-05-26T16:53:02+00:00\",\"mainEntityOfPage\":{\"@id\":\"https:\/\/now-news.de\/de\/deutschland\/istgh-chefanklaeger-khan-verteidigt-seinen-haftantrag-gegen-netanjahu-und-galant\/\"},\"wordCount\":652,\"commentCount\":0,\"publisher\":{\"@id\":\"https:\/\/now-news.de\/de\/#organization\"},\"image\":{\"@id\":\"https:\/\/now-news.de\/de\/deutschland\/istgh-chefanklaeger-khan-verteidigt-seinen-haftantrag-gegen-netanjahu-und-galant\/#primaryimage\"},\"thumbnailUrl\":\"https:\/\/now-news.de\/de\/wp-content\/uploads\/sites\/3\/2024\/05\/IStGH-Chefanklaeger-Khan-verteidigt-seinen-Haftantrag-gegen-Netanjahu-und-Galant.jpg\",\"keywords\":[\"Galant\",\"gegen\",\"Haftantrag\",\"IStGHChefankl\u00e4ger\",\"Khan\",\"Netanjahu\",\"seinen\",\"und\",\"verteidigt\"],\"articleSection\":[\"Deutschland\",\"Russland\"],\"inLanguage\":\"de\",\"potentialAction\":[{\"@type\":\"CommentAction\",\"name\":\"Comment\",\"target\":[\"https:\/\/now-news.de\/de\/deutschland\/istgh-chefanklaeger-khan-verteidigt-seinen-haftantrag-gegen-netanjahu-und-galant\/#respond\"]}]},{\"@type\":\"WebPage\",\"@id\":\"https:\/\/now-news.de\/de\/deutschland\/istgh-chefanklaeger-khan-verteidigt-seinen-haftantrag-gegen-netanjahu-und-galant\/\",\"url\":\"https:\/\/now-news.de\/de\/deutschland\/istgh-chefanklaeger-khan-verteidigt-seinen-haftantrag-gegen-netanjahu-und-galant\/\",\"name\":\"IStGH-Chefankl\u00e4ger Khan verteidigt seinen Haftantrag gegen Netanjahu und Galant - just-now.NEWS Deutschland\",\"isPartOf\":{\"@id\":\"https:\/\/now-news.de\/de\/#website\"},\"primaryImageOfPage\":{\"@id\":\"https:\/\/now-news.de\/de\/deutschland\/istgh-chefanklaeger-khan-verteidigt-seinen-haftantrag-gegen-netanjahu-und-galant\/#primaryimage\"},\"image\":{\"@id\":\"https:\/\/now-news.de\/de\/deutschland\/istgh-chefanklaeger-khan-verteidigt-seinen-haftantrag-gegen-netanjahu-und-galant\/#primaryimage\"},\"thumbnailUrl\":\"https:\/\/now-news.de\/de\/wp-content\/uploads\/sites\/3\/2024\/05\/IStGH-Chefanklaeger-Khan-verteidigt-seinen-Haftantrag-gegen-Netanjahu-und-Galant.jpg\",\"datePublished\":\"2024-05-26T16:53:02+00:00\",\"dateModified\":\"2024-05-26T16:53:02+00:00\",\"breadcrumb\":{\"@id\":\"https:\/\/now-news.de\/de\/deutschland\/istgh-chefanklaeger-khan-verteidigt-seinen-haftantrag-gegen-netanjahu-und-galant\/#breadcrumb\"},\"inLanguage\":\"de\",\"potentialAction\":[{\"@type\":\"ReadAction\",\"target\":[\"https:\/\/now-news.de\/de\/deutschland\/istgh-chefanklaeger-khan-verteidigt-seinen-haftantrag-gegen-netanjahu-und-galant\/\"]}]},{\"@type\":\"ImageObject\",\"inLanguage\":\"de\",\"@id\":\"https:\/\/now-news.de\/de\/deutschland\/istgh-chefanklaeger-khan-verteidigt-seinen-haftantrag-gegen-netanjahu-und-galant\/#primaryimage\",\"url\":\"https:\/\/now-news.de\/de\/wp-content\/uploads\/sites\/3\/2024\/05\/IStGH-Chefanklaeger-Khan-verteidigt-seinen-Haftantrag-gegen-Netanjahu-und-Galant.jpg\",\"contentUrl\":\"https:\/\/now-news.de\/de\/wp-content\/uploads\/sites\/3\/2024\/05\/IStGH-Chefanklaeger-Khan-verteidigt-seinen-Haftantrag-gegen-Netanjahu-und-Galant.jpg\",\"width\":460,\"height\":259,\"caption\":\"IStGH-Chefankl\u00e4ger Khan verteidigt seinen Haftantrag gegen Netanjahu und Galant\"},{\"@type\":\"BreadcrumbList\",\"@id\":\"https:\/\/now-news.de\/de\/deutschland\/istgh-chefanklaeger-khan-verteidigt-seinen-haftantrag-gegen-netanjahu-und-galant\/#breadcrumb\",\"itemListElement\":[{\"@type\":\"ListItem\",\"position\":1,\"name\":\"Home\",\"item\":\"https:\/\/now-news.de\/de\/\"},{\"@type\":\"ListItem\",\"position\":2,\"name\":\"IStGH-Chefankl\u00e4ger Khan verteidigt seinen Haftantrag gegen Netanjahu und Galant\"}]},{\"@type\":\"WebSite\",\"@id\":\"https:\/\/now-news.de\/de\/#website\",\"url\":\"https:\/\/now-news.de\/de\/\",\"name\":\"just-now.NEWS Deutschland\",\"description\":\"Das Portal f\u00fcr unzensierte Nachrichten aus der Welt\",\"publisher\":{\"@id\":\"https:\/\/now-news.de\/de\/#organization\"},\"potentialAction\":[{\"@type\":\"SearchAction\",\"target\":{\"@type\":\"EntryPoint\",\"urlTemplate\":\"https:\/\/now-news.de\/de\/?s={search_term_string}\"},\"query-input\":\"required name=search_term_string\"}],\"inLanguage\":\"de\"},{\"@type\":\"Organization\",\"@id\":\"https:\/\/now-news.de\/de\/#organization\",\"name\":\"Just Now News\",\"url\":\"https:\/\/now-news.de\/de\/\",\"logo\":{\"@type\":\"ImageObject\",\"inLanguage\":\"de\",\"@id\":\"https:\/\/now-news.de\/de\/#\/schema\/logo\/image\/\",\"url\":\"http:\/\/just-now.news\/de\/wp-content\/uploads\/sites\/3\/2022\/04\/logo500x500.jpg\",\"contentUrl\":\"http:\/\/just-now.news\/de\/wp-content\/uploads\/sites\/3\/2022\/04\/logo500x500.jpg\",\"width\":500,\"height\":500,\"caption\":\"Just Now News\"},\"image\":{\"@id\":\"https:\/\/now-news.de\/de\/#\/schema\/logo\/image\/\"},\"sameAs\":[\"https:\/\/www.facebook.com\/wirmachenauf\",\"https:\/\/x.com\/WirMachenAuf_de\"]},{\"@type\":\"Person\",\"@id\":\"https:\/\/now-news.de\/de\/#\/schema\/person\/fb534a4e865501d8b3285208df34a9b5\",\"name\":\"rtnews\",\"image\":{\"@type\":\"ImageObject\",\"inLanguage\":\"de\",\"@id\":\"https:\/\/now-news.de\/de\/#\/schema\/person\/image\/\",\"url\":\"https:\/\/secure.gravatar.com\/avatar\/82aafea7d8127119dd649515f56e2117?s=96&d=mm&r=g\",\"contentUrl\":\"https:\/\/secure.gravatar.com\/avatar\/82aafea7d8127119dd649515f56e2117?s=96&d=mm&r=g\",\"caption\":\"rtnews\"},\"url\":\"https:\/\/now-news.de\/de\/author\/rnews\/\"}]}<\/script>\n<!-- \/ Yoast SEO Premium plugin. -->","yoast_head_json":{"title":"IStGH-Chefankl\u00e4ger Khan verteidigt seinen Haftantrag gegen Netanjahu und Galant - just-now.NEWS Deutschland","robots":{"index":"index","follow":"follow","max-snippet":"max-snippet:-1","max-image-preview":"max-image-preview:large","max-video-preview":"max-video-preview:-1"},"canonical":"https:\/\/now-news.de\/de\/deutschland\/istgh-chefanklaeger-khan-verteidigt-seinen-haftantrag-gegen-netanjahu-und-galant\/","og_locale":"de_DE","og_type":"article","og_title":"IStGH-Chefankl\u00e4ger Khan verteidigt seinen Haftantrag gegen Netanjahu und Galant","og_description":"Nach seinen Haftantr\u00e4gen gegen Israels F\u00fchrung sieht sich der Chefankl\u00e4ger des Internationalen Strafgerichtshofs (IStGH), Karim Khan, stark unter Druck. In einem Interview verteidigt er seine Entscheidung und erinnert die Unterzeichner des R\u00f6mischen Statuts an ihre Pflichten. Der Chefankl\u00e4ger des Internationalen Strafgerichtshofs (IStGH), Karim Khan, hat der britischen Zeitung The Times ein exklusives Interview gew\u00e4hrt, in [&hellip;]","og_url":"https:\/\/now-news.de\/de\/deutschland\/istgh-chefanklaeger-khan-verteidigt-seinen-haftantrag-gegen-netanjahu-und-galant\/","og_site_name":"just-now.NEWS Deutschland","article_publisher":"https:\/\/www.facebook.com\/wirmachenauf","article_published_time":"2024-05-26T16:53:02+00:00","og_image":[{"url":"https:\/\/now-news.de\/de\/wp-content\/uploads\/sites\/3\/2024\/05\/66532a5848fbef15c44d828a.jpg"}],"author":"rtnews","twitter_card":"summary_large_image","twitter_creator":"@WirMachenAuf_de","twitter_site":"@WirMachenAuf_de","twitter_misc":{"Verfasst von":"rtnews","Gesch\u00e4tzte Lesezeit":"3\u00a0Minuten"},"schema":{"@context":"https:\/\/schema.org","@graph":[{"@type":"Article","@id":"https:\/\/now-news.de\/de\/deutschland\/istgh-chefanklaeger-khan-verteidigt-seinen-haftantrag-gegen-netanjahu-und-galant\/#article","isPartOf":{"@id":"https:\/\/now-news.de\/de\/deutschland\/istgh-chefanklaeger-khan-verteidigt-seinen-haftantrag-gegen-netanjahu-und-galant\/"},"author":{"name":"rtnews","@id":"https:\/\/now-news.de\/de\/#\/schema\/person\/fb534a4e865501d8b3285208df34a9b5"},"headline":"IStGH-Chefankl\u00e4ger Khan verteidigt seinen Haftantrag gegen Netanjahu und Galant","datePublished":"2024-05-26T16:53:02+00:00","dateModified":"2024-05-26T16:53:02+00:00","mainEntityOfPage":{"@id":"https:\/\/now-news.de\/de\/deutschland\/istgh-chefanklaeger-khan-verteidigt-seinen-haftantrag-gegen-netanjahu-und-galant\/"},"wordCount":652,"commentCount":0,"publisher":{"@id":"https:\/\/now-news.de\/de\/#organization"},"image":{"@id":"https:\/\/now-news.de\/de\/deutschland\/istgh-chefanklaeger-khan-verteidigt-seinen-haftantrag-gegen-netanjahu-und-galant\/#primaryimage"},"thumbnailUrl":"https:\/\/now-news.de\/de\/wp-content\/uploads\/sites\/3\/2024\/05\/IStGH-Chefanklaeger-Khan-verteidigt-seinen-Haftantrag-gegen-Netanjahu-und-Galant.jpg","keywords":["Galant","gegen","Haftantrag","IStGHChefankl\u00e4ger","Khan","Netanjahu","seinen","und","verteidigt"],"articleSection":["Deutschland","Russland"],"inLanguage":"de","potentialAction":[{"@type":"CommentAction","name":"Comment","target":["https:\/\/now-news.de\/de\/deutschland\/istgh-chefanklaeger-khan-verteidigt-seinen-haftantrag-gegen-netanjahu-und-galant\/#respond"]}]},{"@type":"WebPage","@id":"https:\/\/now-news.de\/de\/deutschland\/istgh-chefanklaeger-khan-verteidigt-seinen-haftantrag-gegen-netanjahu-und-galant\/","url":"https:\/\/now-news.de\/de\/deutschland\/istgh-chefanklaeger-khan-verteidigt-seinen-haftantrag-gegen-netanjahu-und-galant\/","name":"IStGH-Chefankl\u00e4ger Khan verteidigt seinen Haftantrag gegen Netanjahu und Galant - just-now.NEWS Deutschland","isPartOf":{"@id":"https:\/\/now-news.de\/de\/#website"},"primaryImageOfPage":{"@id":"https:\/\/now-news.de\/de\/deutschland\/istgh-chefanklaeger-khan-verteidigt-seinen-haftantrag-gegen-netanjahu-und-galant\/#primaryimage"},"image":{"@id":"https:\/\/now-news.de\/de\/deutschland\/istgh-chefanklaeger-khan-verteidigt-seinen-haftantrag-gegen-netanjahu-und-galant\/#primaryimage"},"thumbnailUrl":"https:\/\/now-news.de\/de\/wp-content\/uploads\/sites\/3\/2024\/05\/IStGH-Chefanklaeger-Khan-verteidigt-seinen-Haftantrag-gegen-Netanjahu-und-Galant.jpg","datePublished":"2024-05-26T16:53:02+00:00","dateModified":"2024-05-26T16:53:02+00:00","breadcrumb":{"@id":"https:\/\/now-news.de\/de\/deutschland\/istgh-chefanklaeger-khan-verteidigt-seinen-haftantrag-gegen-netanjahu-und-galant\/#breadcrumb"},"inLanguage":"de","potentialAction":[{"@type":"ReadAction","target":["https:\/\/now-news.de\/de\/deutschland\/istgh-chefanklaeger-khan-verteidigt-seinen-haftantrag-gegen-netanjahu-und-galant\/"]}]},{"@type":"ImageObject","inLanguage":"de","@id":"https:\/\/now-news.de\/de\/deutschland\/istgh-chefanklaeger-khan-verteidigt-seinen-haftantrag-gegen-netanjahu-und-galant\/#primaryimage","url":"https:\/\/now-news.de\/de\/wp-content\/uploads\/sites\/3\/2024\/05\/IStGH-Chefanklaeger-Khan-verteidigt-seinen-Haftantrag-gegen-Netanjahu-und-Galant.jpg","contentUrl":"https:\/\/now-news.de\/de\/wp-content\/uploads\/sites\/3\/2024\/05\/IStGH-Chefanklaeger-Khan-verteidigt-seinen-Haftantrag-gegen-Netanjahu-und-Galant.jpg","width":460,"height":259,"caption":"IStGH-Chefankl\u00e4ger Khan verteidigt seinen Haftantrag gegen Netanjahu und Galant"},{"@type":"BreadcrumbList","@id":"https:\/\/now-news.de\/de\/deutschland\/istgh-chefanklaeger-khan-verteidigt-seinen-haftantrag-gegen-netanjahu-und-galant\/#breadcrumb","itemListElement":[{"@type":"ListItem","position":1,"name":"Home","item":"https:\/\/now-news.de\/de\/"},{"@type":"ListItem","position":2,"name":"IStGH-Chefankl\u00e4ger Khan verteidigt seinen Haftantrag gegen Netanjahu und Galant"}]},{"@type":"WebSite","@id":"https:\/\/now-news.de\/de\/#website","url":"https:\/\/now-news.de\/de\/","name":"just-now.NEWS Deutschland","description":"Das Portal f\u00fcr unzensierte Nachrichten aus der Welt","publisher":{"@id":"https:\/\/now-news.de\/de\/#organization"},"potentialAction":[{"@type":"SearchAction","target":{"@type":"EntryPoint","urlTemplate":"https:\/\/now-news.de\/de\/?s={search_term_string}"},"query-input":"required name=search_term_string"}],"inLanguage":"de"},{"@type":"Organization","@id":"https:\/\/now-news.de\/de\/#organization","name":"Just Now News","url":"https:\/\/now-news.de\/de\/","logo":{"@type":"ImageObject","inLanguage":"de","@id":"https:\/\/now-news.de\/de\/#\/schema\/logo\/image\/","url":"http:\/\/just-now.news\/de\/wp-content\/uploads\/sites\/3\/2022\/04\/logo500x500.jpg","contentUrl":"http:\/\/just-now.news\/de\/wp-content\/uploads\/sites\/3\/2022\/04\/logo500x500.jpg","width":500,"height":500,"caption":"Just Now News"},"image":{"@id":"https:\/\/now-news.de\/de\/#\/schema\/logo\/image\/"},"sameAs":["https:\/\/www.facebook.com\/wirmachenauf","https:\/\/x.com\/WirMachenAuf_de"]},{"@type":"Person","@id":"https:\/\/now-news.de\/de\/#\/schema\/person\/fb534a4e865501d8b3285208df34a9b5","name":"rtnews","image":{"@type":"ImageObject","inLanguage":"de","@id":"https:\/\/now-news.de\/de\/#\/schema\/person\/image\/","url":"https:\/\/secure.gravatar.com\/avatar\/82aafea7d8127119dd649515f56e2117?s=96&d=mm&r=g","contentUrl":"https:\/\/secure.gravatar.com\/avatar\/82aafea7d8127119dd649515f56e2117?s=96&d=mm&r=g","caption":"rtnews"},"url":"https:\/\/now-news.de\/de\/author\/rnews\/"}]}},"_links":{"self":[{"href":"https:\/\/now-news.de\/de\/wp-json\/wp\/v2\/posts\/58857"}],"collection":[{"href":"https:\/\/now-news.de\/de\/wp-json\/wp\/v2\/posts"}],"about":[{"href":"https:\/\/now-news.de\/de\/wp-json\/wp\/v2\/types\/post"}],"author":[{"embeddable":true,"href":"https:\/\/now-news.de\/de\/wp-json\/wp\/v2\/users\/3"}],"replies":[{"embeddable":true,"href":"https:\/\/now-news.de\/de\/wp-json\/wp\/v2\/comments?post=58857"}],"version-history":[{"count":0,"href":"https:\/\/now-news.de\/de\/wp-json\/wp\/v2\/posts\/58857\/revisions"}],"wp:featuredmedia":[{"embeddable":true,"href":"https:\/\/now-news.de\/de\/wp-json\/wp\/v2\/media\/58858"}],"wp:attachment":[{"href":"https:\/\/now-news.de\/de\/wp-json\/wp\/v2\/media?parent=58857"}],"wp:term":[{"taxonomy":"category","embeddable":true,"href":"https:\/\/now-news.de\/de\/wp-json\/wp\/v2\/categories?post=58857"},{"taxonomy":"post_tag","embeddable":true,"href":"https:\/\/now-news.de\/de\/wp-json\/wp\/v2\/tags?post=58857"}],"curies":[{"name":"wp","href":"https:\/\/api.w.org\/{rel}","templated":true}]}}