{"id":58847,"date":"2024-05-26T15:09:33","date_gmt":"2024-05-26T13:09:33","guid":{"rendered":"https:\/\/now-news.de\/de\/deutschland\/kolumbianische-regierung-und-guerilla-eln-unterzeichnen-ersten-punkt-ihres-friedensabkommens\/"},"modified":"2024-05-26T15:09:33","modified_gmt":"2024-05-26T13:09:33","slug":"kolumbianische-regierung-und-guerilla-eln-unterzeichnen-ersten-punkt-ihres-friedensabkommens","status":"publish","type":"post","link":"https:\/\/now-news.de\/de\/deutschland\/kolumbianische-regierung-und-guerilla-eln-unterzeichnen-ersten-punkt-ihres-friedensabkommens\/","title":{"rendered":"Kolumbianische Regierung und Guerilla ELN unterzeichnen ersten Punkt ihres Friedensabkommens"},"content":{"rendered":"<p><img decoding=\"async\" src=\"https:\/\/now-news.de\/de\/wp-content\/uploads\/sites\/3\/2024\/05\/6652f2dc48fbef672d7966dc.jpg\" \/><\/p>\n<div class=\"Text-root Text-type_1 \">\n                Im langj\u00e4hrigen Friedensprozess zwischen der Regierung in Bogot\u00e1 und der sogenannten Nationalen Befreiungsarmee (ELN) gibt es Fortschritte. Die Parteien haben den ersten Punkt ihres Friedensabkommens unterzeichnet, in dem der Gesellschaft eine wichtige Rolle zukommt.\n            <\/div>\n<p><\/p>\n<div class=\"Text-root Text-type_5 ArticleView-text ViewText-root \">\n<p>Nach einem langen Verhandlungsprozess haben die kolumbianische Regierung und die sogenannte Nationale Befreiungsarmee (ELN) auf der sozialen Plattform X Fortschritte in ihren seit Jahren dauernden Friedensgespr\u00e4chen bekannt gegeben. Die Delegationen unterzeichneten am Samstag nach eigenen Angaben den ersten Punkt ihres Friedensabkommens. Die Unterzeichnung fand in der venezolanischen Hauptstadt Caracas statt. Diesem Meilenstein waren mehrere Gespr\u00e4chsrunden vorausgegangen.<\/p>\n<div class=\"EmbedBlock-root EmbedBlock-twitter\">\n<div class=\"TwitterEmbed\">\n<blockquote class=\"twitter-tweet lazyload\" data-twitter=\"twitter-tweet\">\n<p lang=\"es\" dir=\"ltr\"><a rel=\"nofollow noopener\" target=\"_blank\" href=\"https:\/\/twitter.com\/hashtag\/Atenci%C3%B3n?src=hash&amp;ref_src=twsrc%5Etfw\">#Atenci\u00f3n<\/a><a rel=\"nofollow noopener\" target=\"_blank\" href=\"https:\/\/twitter.com\/hashtag\/AEstaHora?src=hash&amp;ref_src=twsrc%5Etfw\">#AEstaHora<\/a>Desde Caracas, Venezuela. Firma del primer punto de los acuerdos de paz: La participaci\u00f3n de la sociedad en la construcci\u00f3n de la Paz. <a rel=\"nofollow noopener\" target=\"_blank\" href=\"https:\/\/twitter.com\/hashtag\/ParticiparEsTransformar?src=hash&amp;ref_src=twsrc%5Etfw\">#ParticiparEsTransformar<\/a><a rel=\"nofollow noopener\" target=\"_blank\" href=\"https:\/\/t.co\/0Sv0tKQ6ud\">pic.twitter.com\/0Sv0tKQ6ud<\/a><\/p>\n<p>\u2014 Delegaci\u00f3n ELN (@DelegacionEln) <a rel=\"nofollow noopener\" target=\"_blank\" href=\"https:\/\/twitter.com\/DelegacionEln\/status\/1794479106341355914?ref_src=twsrc%5Etfw\">May 25, 2024<\/a><\/p><\/blockquote>\n<\/div>\n<\/div>\n<p>Wie die beiden Seiten mitteilten, gehe es im ersten Punkt um &#8220;die Beteiligung der Gesellschaft beim Aufbau des Friedens&#8221;. In einem weiteren Beitrag auf der Plattform X ver\u00f6ffentlichten die Delegationen der Regierung und der Guerilla-Bewegung die erste Seite des Abkommens mit mehreren Unterschriften. Darin hie\u00df es, dass der Frieden in dem s\u00fcdamerikanischen Land die Stimmen aller V\u00f6lker, Gemeinden, Personen, Vorg\u00e4nge und Formen der Nationsbildung erfordere.<\/p>\n<p>Dar\u00fcber hinaus verpflichteten sich beide Seiten, einen vor\u00fcbergehenden landesweiten Waffenstillstand zu befolgen sowie allen B\u00fcrgern, Gemeinden und Menschengruppen w\u00e4hrend des Friedensprozesses Sicherheit und Teilhabe zu garantieren.<\/p>\n<blockquote>\n<p><em>&#8220;Diese Vereinbarung ist ein wichtiger Schritt nach vorn zu einer sozialen und politischen Allianz in Richtung eines Gro\u00dfen Nationalen Abkommens. Sie ist ein Weg und eine Route, um die Gewalt aus der Politik in Kolumbien zu verbannen und viele Probleme zu l\u00f6sen, mit denen das Land auf dem Weg zum Frieden konfrontiert ist.&#8221;<\/em><\/p>\n<\/blockquote>\n<p>Die Seiten vereinbarten au\u00dferdem, ihren Dialog aufrechtzuerhalten.<\/p>\n<div class=\"EmbedBlock-root EmbedBlock-twitter\">\n<div class=\"TwitterEmbed\">\n<blockquote class=\"twitter-tweet lazyload\" data-twitter=\"twitter-tweet\">\n<p lang=\"es\" dir=\"ltr\">\ud835\ude3c\ud835\ude58\ud835\ude6a\ud835\ude5a\ud835\ude67\ud835\ude59\ud835\ude64 \ud835\ude49\ud835\ude64. 28ACUERDO SOBRE EL DESARROLLO DEL PROCESO DE PARTICIPACI\u00d3N DE LA SOCIEDAD EN LA CONSTRUCCI\u00d3N DE LA PAZPunto 1 del Acuerdo de M\u00e9xico <a rel=\"nofollow noopener\" target=\"_blank\" href=\"https:\/\/t.co\/Go8MK7cxY3\">https:\/\/t.co\/Go8MK7cxY3<\/a><a rel=\"nofollow noopener\" target=\"_blank\" href=\"https:\/\/t.co\/TndLUdAXub\">pic.twitter.com\/TndLUdAXub<\/a><\/p>\n<p>\u2014 Delegaci\u00f3n de Paz del Gobierno de Colombia (@DelegacionGob) <a rel=\"nofollow noopener\" target=\"_blank\" href=\"https:\/\/twitter.com\/DelegacionGob\/status\/1794503896003682434?ref_src=twsrc%5Etfw\">May 25, 2024<\/a><\/p><\/blockquote>\n<\/div>\n<\/div>\n<p>ELN-Chefverhandler Pablo Beltr\u00e1n erkl\u00e4rte, dass seine Guerilla-Bewegung bereit sei, sich zu wandeln. Der Kommandeur betonte, dass im Rahmen der j\u00fcngsten, bereits 18 Monate andauernden Friedensinitiative insgesamt 28 Vereinbarungen getroffen worden seien. Weitere Einzelheiten teilte Beltr\u00e1n allerdings nicht mit.<\/p>\n<p>Die Chefin der Regierungskommission, Vera Grabe, kommentierte, dass die zentralen Punkte des k\u00fcnftigen Friedensabkommens auch die Bereiche Wirtschaft, Politik, Umwelt, Bildung und Kultur umfassen. Daran w\u00fcrden sich tausende Menschen, Organisationen und Gemeinden beteiligen.<\/p>\n<p>Erst vor Kurzem war es zu heftigen Spannungen zwischen der Regierung in Bogot\u00e1 und der Guerilla gekommen. Vor einigen Tagen beschuldigte die ELN das Milit\u00e4r, hinter einer angeblichen Splittergruppe in der Provinz Nari\u00f1o zu stecken und den regionalen Friedensprozess damit zu hintergehen.<\/p>\n<p><strong>Mehr zum Thema<\/strong> &#8211;\u00a0<a rel=\"nofollow noopener\" target=\"_blank\" href=\"https:\/\/freeassange.rtde.life\/international\/204477-voelkermordende-regierung-kolumbien-bricht-diplomatische-beziehungen-zu-israel-ab\/\">&#8220;V\u00f6lkermordende Regierung&#8221; \u2013 Kolumbien bricht diplomatische Beziehungen zu Israel ab<\/a><\/p>\n<\/div>\n<p><script async src=\"https:\/\/platform.twitter.com\/widgets.js\" charset=\"utf-8\"><\/script><br \/>\n<br \/><br \/>\n<br \/><a href=\"https:\/\/de.rt.com\/amerika\/207041-kolumbianische-regierung-und-guerilla-eln\/\">Source link <\/a><\/p>\n","protected":false},"excerpt":{"rendered":"<p>Im langj\u00e4hrigen Friedensprozess zwischen der Regierung in Bogot\u00e1 und der sogenannten Nationalen Befreiungsarmee (ELN) gibt es Fortschritte. Die Parteien haben den ersten Punkt ihres Friedensabkommens unterzeichnet, in dem der Gesellschaft eine wichtige Rolle zukommt. Nach einem langen Verhandlungsprozess haben die kolumbianische Regierung und die sogenannte Nationale Befreiungsarmee (ELN) auf der sozialen Plattform X Fortschritte in [&hellip;]<\/p>\n","protected":false},"author":3,"featured_media":58848,"comment_status":"open","ping_status":"open","sticky":false,"template":"","format":"standard","meta":{"_yoast_indexnow_last_ping":["1716729443"],"wp_automatic_camp":["217"],"294ec2f37098dab27b1d51ceb35b1d30":["Kolumbianische Regierung und Guerilla ELN unterzeichnen ersten Punkt ihres Friedensabkommens"],"original_link":["https:\/\/de.rt.com\/amerika\/207041-kolumbianische-regierung-und-guerilla-eln\/"],"_thumbnail_id":["58848"],"jnews_social_counter_last_update":["1777585000"],"_wptgpro_p2tg_sent2tg":["a:1:{i:23737;s:19:\"2024-05-26 15:20:37\";}"]},"categories":[19,23],"tags":[38072,4899,55175,53906,677,39181,18877,46,140,21264],"yoast_head":"<!-- This site is optimized with the Yoast SEO Premium plugin v22.7 (Yoast SEO v22.7) - https:\/\/yoast.com\/wordpress\/plugins\/seo\/ -->\n<title>Kolumbianische Regierung und Guerilla ELN unterzeichnen ersten Punkt ihres Friedensabkommens - just-now.NEWS Deutschland<\/title>\n<meta name=\"robots\" content=\"index, follow, max-snippet:-1, max-image-preview:large, max-video-preview:-1\" \/>\n<link rel=\"canonical\" href=\"https:\/\/now-news.de\/de\/deutschland\/kolumbianische-regierung-und-guerilla-eln-unterzeichnen-ersten-punkt-ihres-friedensabkommens\/\" \/>\n<meta property=\"og:locale\" content=\"de_DE\" \/>\n<meta property=\"og:type\" content=\"article\" \/>\n<meta property=\"og:title\" content=\"Kolumbianische Regierung und Guerilla ELN unterzeichnen ersten Punkt ihres Friedensabkommens\" \/>\n<meta property=\"og:description\" content=\"Im langj\u00e4hrigen Friedensprozess zwischen der Regierung in Bogot\u00e1 und der sogenannten Nationalen Befreiungsarmee (ELN) gibt es Fortschritte. Die Parteien haben den ersten Punkt ihres Friedensabkommens unterzeichnet, in dem der Gesellschaft eine wichtige Rolle zukommt. Nach einem langen Verhandlungsprozess haben die kolumbianische Regierung und die sogenannte Nationale Befreiungsarmee (ELN) auf der sozialen Plattform X Fortschritte in [&hellip;]\" \/>\n<meta property=\"og:url\" content=\"https:\/\/now-news.de\/de\/deutschland\/kolumbianische-regierung-und-guerilla-eln-unterzeichnen-ersten-punkt-ihres-friedensabkommens\/\" \/>\n<meta property=\"og:site_name\" content=\"just-now.NEWS Deutschland\" \/>\n<meta property=\"article:publisher\" content=\"https:\/\/www.facebook.com\/wirmachenauf\" \/>\n<meta property=\"article:published_time\" content=\"2024-05-26T13:09:33+00:00\" \/>\n<meta property=\"og:image\" content=\"https:\/\/now-news.de\/de\/wp-content\/uploads\/sites\/3\/2024\/05\/6652f2dc48fbef672d7966dc.jpg\" \/>\n<meta name=\"author\" content=\"rtnews\" \/>\n<meta name=\"twitter:card\" content=\"summary_large_image\" \/>\n<meta name=\"twitter:creator\" content=\"@WirMachenAuf_de\" \/>\n<meta name=\"twitter:site\" content=\"@WirMachenAuf_de\" \/>\n<meta name=\"twitter:label1\" content=\"Verfasst von\" \/>\n\t<meta name=\"twitter:data1\" content=\"rtnews\" \/>\n\t<meta name=\"twitter:label2\" content=\"Gesch\u00e4tzte Lesezeit\" \/>\n\t<meta name=\"twitter:data2\" content=\"2\u00a0Minuten\" \/>\n<script type=\"application\/ld+json\" class=\"yoast-schema-graph\">{\"@context\":\"https:\/\/schema.org\",\"@graph\":[{\"@type\":\"Article\",\"@id\":\"https:\/\/now-news.de\/de\/deutschland\/kolumbianische-regierung-und-guerilla-eln-unterzeichnen-ersten-punkt-ihres-friedensabkommens\/#article\",\"isPartOf\":{\"@id\":\"https:\/\/now-news.de\/de\/deutschland\/kolumbianische-regierung-und-guerilla-eln-unterzeichnen-ersten-punkt-ihres-friedensabkommens\/\"},\"author\":{\"name\":\"rtnews\",\"@id\":\"https:\/\/now-news.de\/de\/#\/schema\/person\/fb534a4e865501d8b3285208df34a9b5\"},\"headline\":\"Kolumbianische Regierung und Guerilla ELN unterzeichnen ersten Punkt ihres Friedensabkommens\",\"datePublished\":\"2024-05-26T13:09:33+00:00\",\"dateModified\":\"2024-05-26T13:09:33+00:00\",\"mainEntityOfPage\":{\"@id\":\"https:\/\/now-news.de\/de\/deutschland\/kolumbianische-regierung-und-guerilla-eln-unterzeichnen-ersten-punkt-ihres-friedensabkommens\/\"},\"wordCount\":484,\"commentCount\":0,\"publisher\":{\"@id\":\"https:\/\/now-news.de\/de\/#organization\"},\"image\":{\"@id\":\"https:\/\/now-news.de\/de\/deutschland\/kolumbianische-regierung-und-guerilla-eln-unterzeichnen-ersten-punkt-ihres-friedensabkommens\/#primaryimage\"},\"thumbnailUrl\":\"https:\/\/now-news.de\/de\/wp-content\/uploads\/sites\/3\/2024\/05\/Kolumbianische-Regierung-und-Guerilla-ELN-unterzeichnen-ersten-Punkt-ihres-Friedensabkommens.jpg\",\"keywords\":[\"ELN\",\"ersten\",\"Friedensabkommens\",\"Guerilla\",\"ihres\",\"kolumbianische\",\"Punkt\",\"Regierung\",\"und\",\"unterzeichnen\"],\"articleSection\":[\"Deutschland\",\"Russland\"],\"inLanguage\":\"de\",\"potentialAction\":[{\"@type\":\"CommentAction\",\"name\":\"Comment\",\"target\":[\"https:\/\/now-news.de\/de\/deutschland\/kolumbianische-regierung-und-guerilla-eln-unterzeichnen-ersten-punkt-ihres-friedensabkommens\/#respond\"]}]},{\"@type\":\"WebPage\",\"@id\":\"https:\/\/now-news.de\/de\/deutschland\/kolumbianische-regierung-und-guerilla-eln-unterzeichnen-ersten-punkt-ihres-friedensabkommens\/\",\"url\":\"https:\/\/now-news.de\/de\/deutschland\/kolumbianische-regierung-und-guerilla-eln-unterzeichnen-ersten-punkt-ihres-friedensabkommens\/\",\"name\":\"Kolumbianische Regierung und Guerilla ELN unterzeichnen ersten Punkt ihres Friedensabkommens - just-now.NEWS Deutschland\",\"isPartOf\":{\"@id\":\"https:\/\/now-news.de\/de\/#website\"},\"primaryImageOfPage\":{\"@id\":\"https:\/\/now-news.de\/de\/deutschland\/kolumbianische-regierung-und-guerilla-eln-unterzeichnen-ersten-punkt-ihres-friedensabkommens\/#primaryimage\"},\"image\":{\"@id\":\"https:\/\/now-news.de\/de\/deutschland\/kolumbianische-regierung-und-guerilla-eln-unterzeichnen-ersten-punkt-ihres-friedensabkommens\/#primaryimage\"},\"thumbnailUrl\":\"https:\/\/now-news.de\/de\/wp-content\/uploads\/sites\/3\/2024\/05\/Kolumbianische-Regierung-und-Guerilla-ELN-unterzeichnen-ersten-Punkt-ihres-Friedensabkommens.jpg\",\"datePublished\":\"2024-05-26T13:09:33+00:00\",\"dateModified\":\"2024-05-26T13:09:33+00:00\",\"breadcrumb\":{\"@id\":\"https:\/\/now-news.de\/de\/deutschland\/kolumbianische-regierung-und-guerilla-eln-unterzeichnen-ersten-punkt-ihres-friedensabkommens\/#breadcrumb\"},\"inLanguage\":\"de\",\"potentialAction\":[{\"@type\":\"ReadAction\",\"target\":[\"https:\/\/now-news.de\/de\/deutschland\/kolumbianische-regierung-und-guerilla-eln-unterzeichnen-ersten-punkt-ihres-friedensabkommens\/\"]}]},{\"@type\":\"ImageObject\",\"inLanguage\":\"de\",\"@id\":\"https:\/\/now-news.de\/de\/deutschland\/kolumbianische-regierung-und-guerilla-eln-unterzeichnen-ersten-punkt-ihres-friedensabkommens\/#primaryimage\",\"url\":\"https:\/\/now-news.de\/de\/wp-content\/uploads\/sites\/3\/2024\/05\/Kolumbianische-Regierung-und-Guerilla-ELN-unterzeichnen-ersten-Punkt-ihres-Friedensabkommens.jpg\",\"contentUrl\":\"https:\/\/now-news.de\/de\/wp-content\/uploads\/sites\/3\/2024\/05\/Kolumbianische-Regierung-und-Guerilla-ELN-unterzeichnen-ersten-Punkt-ihres-Friedensabkommens.jpg\",\"width\":460,\"height\":259,\"caption\":\"Kolumbianische Regierung und Guerilla ELN unterzeichnen ersten Punkt ihres Friedensabkommens\"},{\"@type\":\"BreadcrumbList\",\"@id\":\"https:\/\/now-news.de\/de\/deutschland\/kolumbianische-regierung-und-guerilla-eln-unterzeichnen-ersten-punkt-ihres-friedensabkommens\/#breadcrumb\",\"itemListElement\":[{\"@type\":\"ListItem\",\"position\":1,\"name\":\"Home\",\"item\":\"https:\/\/now-news.de\/de\/\"},{\"@type\":\"ListItem\",\"position\":2,\"name\":\"Kolumbianische Regierung und Guerilla ELN unterzeichnen ersten Punkt ihres Friedensabkommens\"}]},{\"@type\":\"WebSite\",\"@id\":\"https:\/\/now-news.de\/de\/#website\",\"url\":\"https:\/\/now-news.de\/de\/\",\"name\":\"just-now.NEWS Deutschland\",\"description\":\"Das Portal f\u00fcr unzensierte Nachrichten aus der Welt\",\"publisher\":{\"@id\":\"https:\/\/now-news.de\/de\/#organization\"},\"potentialAction\":[{\"@type\":\"SearchAction\",\"target\":{\"@type\":\"EntryPoint\",\"urlTemplate\":\"https:\/\/now-news.de\/de\/?s={search_term_string}\"},\"query-input\":\"required name=search_term_string\"}],\"inLanguage\":\"de\"},{\"@type\":\"Organization\",\"@id\":\"https:\/\/now-news.de\/de\/#organization\",\"name\":\"Just Now News\",\"url\":\"https:\/\/now-news.de\/de\/\",\"logo\":{\"@type\":\"ImageObject\",\"inLanguage\":\"de\",\"@id\":\"https:\/\/now-news.de\/de\/#\/schema\/logo\/image\/\",\"url\":\"http:\/\/just-now.news\/de\/wp-content\/uploads\/sites\/3\/2022\/04\/logo500x500.jpg\",\"contentUrl\":\"http:\/\/just-now.news\/de\/wp-content\/uploads\/sites\/3\/2022\/04\/logo500x500.jpg\",\"width\":500,\"height\":500,\"caption\":\"Just Now News\"},\"image\":{\"@id\":\"https:\/\/now-news.de\/de\/#\/schema\/logo\/image\/\"},\"sameAs\":[\"https:\/\/www.facebook.com\/wirmachenauf\",\"https:\/\/x.com\/WirMachenAuf_de\"]},{\"@type\":\"Person\",\"@id\":\"https:\/\/now-news.de\/de\/#\/schema\/person\/fb534a4e865501d8b3285208df34a9b5\",\"name\":\"rtnews\",\"image\":{\"@type\":\"ImageObject\",\"inLanguage\":\"de\",\"@id\":\"https:\/\/now-news.de\/de\/#\/schema\/person\/image\/\",\"url\":\"https:\/\/secure.gravatar.com\/avatar\/82aafea7d8127119dd649515f56e2117?s=96&d=mm&r=g\",\"contentUrl\":\"https:\/\/secure.gravatar.com\/avatar\/82aafea7d8127119dd649515f56e2117?s=96&d=mm&r=g\",\"caption\":\"rtnews\"},\"url\":\"https:\/\/now-news.de\/de\/author\/rnews\/\"}]}<\/script>\n<!-- \/ Yoast SEO Premium plugin. -->","yoast_head_json":{"title":"Kolumbianische Regierung und Guerilla ELN unterzeichnen ersten Punkt ihres Friedensabkommens - just-now.NEWS Deutschland","robots":{"index":"index","follow":"follow","max-snippet":"max-snippet:-1","max-image-preview":"max-image-preview:large","max-video-preview":"max-video-preview:-1"},"canonical":"https:\/\/now-news.de\/de\/deutschland\/kolumbianische-regierung-und-guerilla-eln-unterzeichnen-ersten-punkt-ihres-friedensabkommens\/","og_locale":"de_DE","og_type":"article","og_title":"Kolumbianische Regierung und Guerilla ELN unterzeichnen ersten Punkt ihres Friedensabkommens","og_description":"Im langj\u00e4hrigen Friedensprozess zwischen der Regierung in Bogot\u00e1 und der sogenannten Nationalen Befreiungsarmee (ELN) gibt es Fortschritte. Die Parteien haben den ersten Punkt ihres Friedensabkommens unterzeichnet, in dem der Gesellschaft eine wichtige Rolle zukommt. Nach einem langen Verhandlungsprozess haben die kolumbianische Regierung und die sogenannte Nationale Befreiungsarmee (ELN) auf der sozialen Plattform X Fortschritte in [&hellip;]","og_url":"https:\/\/now-news.de\/de\/deutschland\/kolumbianische-regierung-und-guerilla-eln-unterzeichnen-ersten-punkt-ihres-friedensabkommens\/","og_site_name":"just-now.NEWS Deutschland","article_publisher":"https:\/\/www.facebook.com\/wirmachenauf","article_published_time":"2024-05-26T13:09:33+00:00","og_image":[{"url":"https:\/\/now-news.de\/de\/wp-content\/uploads\/sites\/3\/2024\/05\/6652f2dc48fbef672d7966dc.jpg"}],"author":"rtnews","twitter_card":"summary_large_image","twitter_creator":"@WirMachenAuf_de","twitter_site":"@WirMachenAuf_de","twitter_misc":{"Verfasst von":"rtnews","Gesch\u00e4tzte Lesezeit":"2\u00a0Minuten"},"schema":{"@context":"https:\/\/schema.org","@graph":[{"@type":"Article","@id":"https:\/\/now-news.de\/de\/deutschland\/kolumbianische-regierung-und-guerilla-eln-unterzeichnen-ersten-punkt-ihres-friedensabkommens\/#article","isPartOf":{"@id":"https:\/\/now-news.de\/de\/deutschland\/kolumbianische-regierung-und-guerilla-eln-unterzeichnen-ersten-punkt-ihres-friedensabkommens\/"},"author":{"name":"rtnews","@id":"https:\/\/now-news.de\/de\/#\/schema\/person\/fb534a4e865501d8b3285208df34a9b5"},"headline":"Kolumbianische Regierung und Guerilla ELN unterzeichnen ersten Punkt ihres Friedensabkommens","datePublished":"2024-05-26T13:09:33+00:00","dateModified":"2024-05-26T13:09:33+00:00","mainEntityOfPage":{"@id":"https:\/\/now-news.de\/de\/deutschland\/kolumbianische-regierung-und-guerilla-eln-unterzeichnen-ersten-punkt-ihres-friedensabkommens\/"},"wordCount":484,"commentCount":0,"publisher":{"@id":"https:\/\/now-news.de\/de\/#organization"},"image":{"@id":"https:\/\/now-news.de\/de\/deutschland\/kolumbianische-regierung-und-guerilla-eln-unterzeichnen-ersten-punkt-ihres-friedensabkommens\/#primaryimage"},"thumbnailUrl":"https:\/\/now-news.de\/de\/wp-content\/uploads\/sites\/3\/2024\/05\/Kolumbianische-Regierung-und-Guerilla-ELN-unterzeichnen-ersten-Punkt-ihres-Friedensabkommens.jpg","keywords":["ELN","ersten","Friedensabkommens","Guerilla","ihres","kolumbianische","Punkt","Regierung","und","unterzeichnen"],"articleSection":["Deutschland","Russland"],"inLanguage":"de","potentialAction":[{"@type":"CommentAction","name":"Comment","target":["https:\/\/now-news.de\/de\/deutschland\/kolumbianische-regierung-und-guerilla-eln-unterzeichnen-ersten-punkt-ihres-friedensabkommens\/#respond"]}]},{"@type":"WebPage","@id":"https:\/\/now-news.de\/de\/deutschland\/kolumbianische-regierung-und-guerilla-eln-unterzeichnen-ersten-punkt-ihres-friedensabkommens\/","url":"https:\/\/now-news.de\/de\/deutschland\/kolumbianische-regierung-und-guerilla-eln-unterzeichnen-ersten-punkt-ihres-friedensabkommens\/","name":"Kolumbianische Regierung und Guerilla ELN unterzeichnen ersten Punkt ihres Friedensabkommens - just-now.NEWS Deutschland","isPartOf":{"@id":"https:\/\/now-news.de\/de\/#website"},"primaryImageOfPage":{"@id":"https:\/\/now-news.de\/de\/deutschland\/kolumbianische-regierung-und-guerilla-eln-unterzeichnen-ersten-punkt-ihres-friedensabkommens\/#primaryimage"},"image":{"@id":"https:\/\/now-news.de\/de\/deutschland\/kolumbianische-regierung-und-guerilla-eln-unterzeichnen-ersten-punkt-ihres-friedensabkommens\/#primaryimage"},"thumbnailUrl":"https:\/\/now-news.de\/de\/wp-content\/uploads\/sites\/3\/2024\/05\/Kolumbianische-Regierung-und-Guerilla-ELN-unterzeichnen-ersten-Punkt-ihres-Friedensabkommens.jpg","datePublished":"2024-05-26T13:09:33+00:00","dateModified":"2024-05-26T13:09:33+00:00","breadcrumb":{"@id":"https:\/\/now-news.de\/de\/deutschland\/kolumbianische-regierung-und-guerilla-eln-unterzeichnen-ersten-punkt-ihres-friedensabkommens\/#breadcrumb"},"inLanguage":"de","potentialAction":[{"@type":"ReadAction","target":["https:\/\/now-news.de\/de\/deutschland\/kolumbianische-regierung-und-guerilla-eln-unterzeichnen-ersten-punkt-ihres-friedensabkommens\/"]}]},{"@type":"ImageObject","inLanguage":"de","@id":"https:\/\/now-news.de\/de\/deutschland\/kolumbianische-regierung-und-guerilla-eln-unterzeichnen-ersten-punkt-ihres-friedensabkommens\/#primaryimage","url":"https:\/\/now-news.de\/de\/wp-content\/uploads\/sites\/3\/2024\/05\/Kolumbianische-Regierung-und-Guerilla-ELN-unterzeichnen-ersten-Punkt-ihres-Friedensabkommens.jpg","contentUrl":"https:\/\/now-news.de\/de\/wp-content\/uploads\/sites\/3\/2024\/05\/Kolumbianische-Regierung-und-Guerilla-ELN-unterzeichnen-ersten-Punkt-ihres-Friedensabkommens.jpg","width":460,"height":259,"caption":"Kolumbianische Regierung und Guerilla ELN unterzeichnen ersten Punkt ihres Friedensabkommens"},{"@type":"BreadcrumbList","@id":"https:\/\/now-news.de\/de\/deutschland\/kolumbianische-regierung-und-guerilla-eln-unterzeichnen-ersten-punkt-ihres-friedensabkommens\/#breadcrumb","itemListElement":[{"@type":"ListItem","position":1,"name":"Home","item":"https:\/\/now-news.de\/de\/"},{"@type":"ListItem","position":2,"name":"Kolumbianische Regierung und Guerilla ELN unterzeichnen ersten Punkt ihres Friedensabkommens"}]},{"@type":"WebSite","@id":"https:\/\/now-news.de\/de\/#website","url":"https:\/\/now-news.de\/de\/","name":"just-now.NEWS Deutschland","description":"Das Portal f\u00fcr unzensierte Nachrichten aus der Welt","publisher":{"@id":"https:\/\/now-news.de\/de\/#organization"},"potentialAction":[{"@type":"SearchAction","target":{"@type":"EntryPoint","urlTemplate":"https:\/\/now-news.de\/de\/?s={search_term_string}"},"query-input":"required name=search_term_string"}],"inLanguage":"de"},{"@type":"Organization","@id":"https:\/\/now-news.de\/de\/#organization","name":"Just Now News","url":"https:\/\/now-news.de\/de\/","logo":{"@type":"ImageObject","inLanguage":"de","@id":"https:\/\/now-news.de\/de\/#\/schema\/logo\/image\/","url":"http:\/\/just-now.news\/de\/wp-content\/uploads\/sites\/3\/2022\/04\/logo500x500.jpg","contentUrl":"http:\/\/just-now.news\/de\/wp-content\/uploads\/sites\/3\/2022\/04\/logo500x500.jpg","width":500,"height":500,"caption":"Just Now News"},"image":{"@id":"https:\/\/now-news.de\/de\/#\/schema\/logo\/image\/"},"sameAs":["https:\/\/www.facebook.com\/wirmachenauf","https:\/\/x.com\/WirMachenAuf_de"]},{"@type":"Person","@id":"https:\/\/now-news.de\/de\/#\/schema\/person\/fb534a4e865501d8b3285208df34a9b5","name":"rtnews","image":{"@type":"ImageObject","inLanguage":"de","@id":"https:\/\/now-news.de\/de\/#\/schema\/person\/image\/","url":"https:\/\/secure.gravatar.com\/avatar\/82aafea7d8127119dd649515f56e2117?s=96&d=mm&r=g","contentUrl":"https:\/\/secure.gravatar.com\/avatar\/82aafea7d8127119dd649515f56e2117?s=96&d=mm&r=g","caption":"rtnews"},"url":"https:\/\/now-news.de\/de\/author\/rnews\/"}]}},"_links":{"self":[{"href":"https:\/\/now-news.de\/de\/wp-json\/wp\/v2\/posts\/58847"}],"collection":[{"href":"https:\/\/now-news.de\/de\/wp-json\/wp\/v2\/posts"}],"about":[{"href":"https:\/\/now-news.de\/de\/wp-json\/wp\/v2\/types\/post"}],"author":[{"embeddable":true,"href":"https:\/\/now-news.de\/de\/wp-json\/wp\/v2\/users\/3"}],"replies":[{"embeddable":true,"href":"https:\/\/now-news.de\/de\/wp-json\/wp\/v2\/comments?post=58847"}],"version-history":[{"count":0,"href":"https:\/\/now-news.de\/de\/wp-json\/wp\/v2\/posts\/58847\/revisions"}],"wp:featuredmedia":[{"embeddable":true,"href":"https:\/\/now-news.de\/de\/wp-json\/wp\/v2\/media\/58848"}],"wp:attachment":[{"href":"https:\/\/now-news.de\/de\/wp-json\/wp\/v2\/media?parent=58847"}],"wp:term":[{"taxonomy":"category","embeddable":true,"href":"https:\/\/now-news.de\/de\/wp-json\/wp\/v2\/categories?post=58847"},{"taxonomy":"post_tag","embeddable":true,"href":"https:\/\/now-news.de\/de\/wp-json\/wp\/v2\/tags?post=58847"}],"curies":[{"name":"wp","href":"https:\/\/api.w.org\/{rel}","templated":true}]}}