{"id":58834,"date":"2024-05-26T07:00:00","date_gmt":"2024-05-26T05:00:00","guid":{"rendered":"https:\/\/now-news.de\/de\/deutschland\/schuetzt-iran-von-europaeischer-arroganz-und-vergessenen-linken-tugenden\/"},"modified":"2024-05-26T07:00:00","modified_gmt":"2024-05-26T05:00:00","slug":"schuetzt-iran-von-europaeischer-arroganz-und-vergessenen-linken-tugenden","status":"publish","type":"post","link":"https:\/\/now-news.de\/de\/deutschland\/schuetzt-iran-von-europaeischer-arroganz-und-vergessenen-linken-tugenden\/","title":{"rendered":"Sch\u00fctzt Iran! Von europ\u00e4ischer Arroganz und vergessenen linken Tugenden"},"content":{"rendered":"<p><img decoding=\"async\" src=\"https:\/\/now-news.de\/de\/wp-content\/uploads\/sites\/3\/2024\/05\/664dec1d48fbef3acc31c0b4.jpg\" \/><\/p>\n<div class=\"Text-root Text-type_1 \">\n                Der aktuelle Zustand der Linken in Europa ist ein wichtiger Etappensieg des US-Imperiums. Statt L\u00e4nder, die im Fadenkreuz des korporativen Faschismus stehen, zu verteidigen, k\u00e4mpfen sie an der Seite des eigenen Imperialismus gegen sie. Ihr Iran-Hass ist da nur ein Beispiel.\n            <\/div>\n<p><\/p>\n<div class=\"Text-root Text-type_5 ArticleView-text ViewText-root \">\n<p><em>Von Oleg Jassinski<\/em><\/p>\n<p>Es vergeht derzeit kein Tag ohne Nachrichten, bei denen man das Gef\u00fchl nicht loswird, dass sie eine nicht mehr zu kontrollierende Ereigniskette einleiten. Eine sicher nicht zuf\u00e4llige H\u00e4ufung tragischer &#8220;Unf\u00e4lle&#8221;, deren Opfer (oder Zielobjekte?) allesamt Gegner der Pl\u00e4ne des globalen Konzernimperiums waren. Die Nachrichtensendungen tun bereits ihr Bestes, um uns von der Hauptsache abzulenken \u2013 der t\u00e4glichen Provokation eines Weltkriegs durch die Verr\u00fcckten, ihrer permanenten Suche nach dem casus belli, der nicht mehr auszuhalten sein wird.<\/p>\n<p>Heute, wo die Welt einem au\u00dfer Kontrolle geratenen Zug gleich auf die ultimative Katastrophe zurast, muss man leider n\u00fcchtern feststellen: Der aktuelle Zustand der Linken in Europa ist einer der gr\u00f6\u00dften Siege des imperialistischen Systems, auf den der Feind jahrzehntelang planvoll hingearbeitet hat. Er ist das vielleicht entscheidende Element in dem f\u00fcr den Weltkrieg pr\u00e4parierten Setting. Sogar die\u00a0 russische Presse bezeichnet europ\u00e4ische Neoliberale und amerikanische Demokraten inzwischen als &#8220;Linke&#8221;, w\u00e4hrend echte Linke, die sich dem Imperium entgegenstellen k\u00f6nnten, ein Schattendasein fristen.<\/p>\n<p>Generell ist das globale ideologische Feld so mit Unkenntnis der Weltgeschichte und Ignoranz gegen\u00fcber den Grundlagen der Philosophie vermint, dass es f\u00fcr jeden lebendigen Geist Selbstmord ist, sich auf ihm zu bewegen.<\/p>\n<p>Unter Ausnutzung der wachsenden menschlichen Verzweiflung und des gro\u00dfen Bed\u00fcrfnisses, die unertr\u00e4gliche Realit\u00e4t zu ver\u00e4ndern, bietet der Weltmarkt der populistischen Slogans alle m\u00f6glichen Mittel zur Bet\u00e4ubung von Ideen. Um die blo\u00dfe M\u00f6glichkeit auszuschalten, dass die Massen einen wirklichen Wandel anstreben, versorgen uns speziell geschulte &#8220;Meinungsf\u00fchrer&#8221; mit lauter Simulationen eines Kampfes f\u00fcr die bessere Welt. Da wird schon mal behauptet, dass &#8220;die einzige wirkliche Revolution unserer Zeit die feministische Revolution ist&#8221; und dass &#8220;die Abschaffung von Plastikverpackungen die Welt vor dem \u00f6kologischen Kollaps retten wird&#8221;. Und nat\u00fcrlich geh\u00f6rt auch der &#8220;Kampf gegen Tyrannen&#8221; (wer Tyrann ist, bestimmen die Meinungsf\u00fchrer) in diese Reihe.<\/p>\n<p>Menschen, die von der Tradition der europ\u00e4ischen \u00dcberheblichkeit gepr\u00e4gt sind, sind es nicht gewohnt, zuzuh\u00f6ren, die Welt mit offenen Augen und offenem Geist zu sehen und zu versuchen, das zu verstehen, was au\u00dferhalb ihres engen, karikierten Wahrnehmungsfeldes liegt. Kein Wunder, dass die Slogan-Kampfparolen hier so gut ankommen. Ihr Hauptmerkmal ist die Intoleranz gegen\u00fcber allem, was gegen ihren Narzissmus und ihre Selbstzufriedenheit mit der eigenen Toleranz verst\u00f6\u00dft.<\/p>\n<p>Seit einiger Zeit demonstriert die westliche &#8220;progressive \u00d6ffentlichkeit&#8221; eine eklatante kognitive Dissonanz: einerseits tritt sie leidenschaftlich f\u00fcr Rechte der Pal\u00e4stinenser ein, andererseits verurteilt sie ebenso leidenschaftlich das &#8220;faschistische Regime&#8221; in Iran. Um niemanden zu beleidigen, werde ich diesen Geisteszustand nicht Schizophrenie nennen.<\/p>\n<p>Ich bin weit davon entfernt zu glauben, dass alle unsere Traditionen ewig, sch\u00f6n und sch\u00fctzenswert sind. Im Gegenteil \u2013 wir sind historische Wesen und sind st\u00e4ndig auf einer unendlichen Reise durch die Weltgeschichte, wenn auch nicht immer in die richtige Richtung.\u00a0Der Westen, der versucht, die Welt zu beherrschen, versteht sie, die Welt, nicht. In seiner Wahrnehmung sind Inder, Muslime und Russen genauso minderwertig, wie es Juden in einer gewissen europ\u00e4ischen Demokratie vor knapp einem Jahrhundert waren.<\/p>\n<p>Wenn ich hysterische Argumente \u00fcber das &#8220;iranische Regime&#8221; h\u00f6re, bei denen sich die Verteidiger der israelischen Politik und die &#8220;demokratische Linke&#8221; (diese beiden W\u00f6rter in einer Million Anf\u00fchrungszeichen) v\u00f6llig einig sind, werde ich an die bekannte Geschichte der &#8220;Pussy Riots&#8221; und ihren Kampf gegen das &#8220;Regime&#8221; erinnert. Arrogante Ignoranten drangen in das Territorium eines anderen Glaubens ein, um die Gef\u00fchle von Menschen, die die Welt anders sehen, absichtlich und \u00f6ffentlich zu verletzen, und ergingen sich dann in einem ohrenbet\u00e4ubenden Geheul dar\u00fcber, dass ihre eigenen Rechte durch das sp\u00e4tere Strafverfahren &#8220;verletzt&#8221; wurden.<\/p>\n<p>Vieles an der iranischen Innenpolitik mag mir nicht gefallen, aber ich habe nicht das Recht, anderen Nationen vorzuschreiben, wie sie zu leben haben. Schon gar nicht habe ich dieses Recht gegen\u00fcber Nationen, die im Fadenkreuz des Imperiums stehen. Ist es doch unser aller moralische Pflicht, die Unabh\u00e4ngigkeit jedes Staates, den der Faschismus der globalen Konzerne und der Finanzwelt bedroht, zu verteidigen.\u00a0<\/p>\n<p>Echter Respekt vor dem Anderen ist keineswegs &#8220;Toleranz&#8221;, sondern in erster Linie ist es die Einsicht in die Grenzen der eigenen Wahrnehmung. Es ist die F\u00e4higkeit und der Wunsch, vom Anderen zu lernen. V\u00f6lker und Kulturen befinden sich in ihrer eigenen historischen Zeit, und der Versuch, ihnen seine vermeintlich &#8220;fortschrittlichen&#8221; Kalender und Uhren aufzuzwingen, ist eine der Hauptursachen f\u00fcr Kriege.<\/p>\n<p>Es ist unm\u00f6glich, das reale Russland, das reale China, jedes beliebige Land durch Berichte in der Presse oder sogar durch gute Filme zu sp\u00fcren und wenigstens ein wenig zu begreifen. Man muss das jeweilige Land betreten und zumindest eine Zeit lang seine Luft atmen, um die eigenen Lungen von Stereotypen und Vorurteilen zu reinigen. Wahrscheinlich ist es dasselbe mit Iran, wor\u00fcber wir kaum etwas wissen und wor\u00fcber uns die Medien nichts au\u00dfer Karikaturen vorsetzen.<\/p>\n<p>Der Kampf f\u00fcr eine wirkliche Ver\u00e4nderung erfordert einen offenen Geist. Er erfordert Bildung und Kultur, die eine kritische Analyse der uns vorgesetzten Slogans \u00fcberhaupt erst m\u00f6glich macht. Das ist auch der Grund, warum die westliche Zivilisation in den von ihr kontrollierten Gebieten Bildung und Kultur so gezielt zerst\u00f6rt.<\/p>\n<p>Die einzige Chance, die ich sehe, ist, dass die Feinde der Menschheit etwas in ihren Kalkulationen \u00fcbersehen haben. Dass der Mensch viel zu komplex und zu widerspr\u00fcchlich ist, als dass man einen gegen ihn gerichteten Plan perfekt durchkalkulieren k\u00f6nnte. Er hat die F\u00e4higkeit, im Inneren zu wachsen und aus den Fesseln falscher Narrative auszubrechen. Es ist ein Wettlauf mit der Zeit: werden der Larve noch rechtzeitig Fl\u00fcgel wachsen, dank derer sie einem Schmetterling gleich aus ihrem Gef\u00e4ngnis entschweben kann, bevor die ganze Welt im H\u00f6llenfeuer verbrennt?\u00a0<\/p>\n<p><em><strong>Oleg Jassinski\u00a0<\/strong>(englische Transliteration: Yasinsky), ein aus der Ukraine stammender Journalist, lebt \u00fcberwiegend in Chile und schreibt f\u00fcr\u00a0<a rel=\"nofollow noopener\" target=\"_blank\" href=\"https:\/\/actualidad.rt.com\/opinion\/oleg-yasinsky\">RT Espa\u00f1ol<\/a>\u00a0sowie unabh\u00e4ngige lateinamerikanische Medien wie Pressenza.com und Desinformemonos.org. Man kann ihm auch auf seinem\u00a0<a rel=\"nofollow noopener\" target=\"_blank\" href=\"https:\/\/t.me\/olegyasynsky\">Telegram-Kanal<\/a>\u00a0folgen.<\/em><\/p>\n<p><strong>Mehr zum Thema<\/strong> &#8211; <a rel=\"nofollow noopener\" target=\"_blank\" href=\"https:\/\/freedert.online\/meinung\/202647-nahost-unendliche-kreislauf-aus-rache\/\">Nahost: Der unendliche Kreislauf aus Rache und Vergeltung muss durchbrochen werden<\/a><\/p>\n<\/div>\n<p><br \/>\n<br \/><a href=\"https:\/\/de.rt.com\/meinung\/206630-schuetzt-iran-von-europaeischer-arroganz\/\">Source link <\/a><\/p>\n","protected":false},"excerpt":{"rendered":"<p>Der aktuelle Zustand der Linken in Europa ist ein wichtiger Etappensieg des US-Imperiums. Statt L\u00e4nder, die im Fadenkreuz des korporativen Faschismus stehen, zu verteidigen, k\u00e4mpfen sie an der Seite des eigenen Imperialismus gegen sie. Ihr Iran-Hass ist da nur ein Beispiel. Von Oleg Jassinski Es vergeht derzeit kein Tag ohne Nachrichten, bei denen man das [&hellip;]<\/p>\n","protected":false},"author":3,"featured_media":58835,"comment_status":"open","ping_status":"open","sticky":false,"template":"","format":"standard","meta":{"_yoast_indexnow_last_ping":["1716700440"],"wp_automatic_camp":["217"],"16d28918bcd6c64ea55355ab3dd98115":["Sch\u00fctzt Iran! Von europ\u00e4ischer Arroganz und vergessenen linken Tugenden"],"original_link":["https:\/\/de.rt.com\/meinung\/206630-schuetzt-iran-von-europaeischer-arroganz\/"],"_thumbnail_id":["58835"],"jnews_social_counter_last_update":["1777273414"],"_wptgpro_p2tg_sent2tg":["a:1:{i:23737;s:19:\"2024-05-26 07:15:03\";}"]},"categories":[19,23],"tags":[35219,21246,1786,7127,7759,55168,140,55167,50],"yoast_head":"<!-- This site is optimized with the Yoast SEO Premium plugin v22.7 (Yoast SEO v22.7) - https:\/\/yoast.com\/wordpress\/plugins\/seo\/ -->\n<title>Sch\u00fctzt Iran! Von europ\u00e4ischer Arroganz und vergessenen linken Tugenden - just-now.NEWS Deutschland<\/title>\n<meta name=\"robots\" content=\"index, follow, max-snippet:-1, max-image-preview:large, max-video-preview:-1\" \/>\n<link rel=\"canonical\" href=\"https:\/\/now-news.de\/de\/deutschland\/schuetzt-iran-von-europaeischer-arroganz-und-vergessenen-linken-tugenden\/\" \/>\n<meta property=\"og:locale\" content=\"de_DE\" \/>\n<meta property=\"og:type\" content=\"article\" \/>\n<meta property=\"og:title\" content=\"Sch\u00fctzt Iran! Von europ\u00e4ischer Arroganz und vergessenen linken Tugenden\" \/>\n<meta property=\"og:description\" content=\"Der aktuelle Zustand der Linken in Europa ist ein wichtiger Etappensieg des US-Imperiums. Statt L\u00e4nder, die im Fadenkreuz des korporativen Faschismus stehen, zu verteidigen, k\u00e4mpfen sie an der Seite des eigenen Imperialismus gegen sie. Ihr Iran-Hass ist da nur ein Beispiel. Von Oleg Jassinski Es vergeht derzeit kein Tag ohne Nachrichten, bei denen man das [&hellip;]\" \/>\n<meta property=\"og:url\" content=\"https:\/\/now-news.de\/de\/deutschland\/schuetzt-iran-von-europaeischer-arroganz-und-vergessenen-linken-tugenden\/\" \/>\n<meta property=\"og:site_name\" content=\"just-now.NEWS Deutschland\" \/>\n<meta property=\"article:publisher\" content=\"https:\/\/www.facebook.com\/wirmachenauf\" \/>\n<meta property=\"article:published_time\" content=\"2024-05-26T05:00:00+00:00\" \/>\n<meta property=\"og:image\" content=\"https:\/\/now-news.de\/de\/wp-content\/uploads\/sites\/3\/2024\/05\/664dec1d48fbef3acc31c0b4.jpg\" \/>\n<meta name=\"author\" content=\"rtnews\" \/>\n<meta name=\"twitter:card\" content=\"summary_large_image\" \/>\n<meta name=\"twitter:creator\" content=\"@WirMachenAuf_de\" \/>\n<meta name=\"twitter:site\" content=\"@WirMachenAuf_de\" \/>\n<meta name=\"twitter:label1\" content=\"Verfasst von\" \/>\n\t<meta name=\"twitter:data1\" content=\"rtnews\" \/>\n\t<meta name=\"twitter:label2\" content=\"Gesch\u00e4tzte Lesezeit\" \/>\n\t<meta name=\"twitter:data2\" content=\"5\u00a0Minuten\" \/>\n<script type=\"application\/ld+json\" class=\"yoast-schema-graph\">{\"@context\":\"https:\/\/schema.org\",\"@graph\":[{\"@type\":\"Article\",\"@id\":\"https:\/\/now-news.de\/de\/deutschland\/schuetzt-iran-von-europaeischer-arroganz-und-vergessenen-linken-tugenden\/#article\",\"isPartOf\":{\"@id\":\"https:\/\/now-news.de\/de\/deutschland\/schuetzt-iran-von-europaeischer-arroganz-und-vergessenen-linken-tugenden\/\"},\"author\":{\"name\":\"rtnews\",\"@id\":\"https:\/\/now-news.de\/de\/#\/schema\/person\/fb534a4e865501d8b3285208df34a9b5\"},\"headline\":\"Sch\u00fctzt Iran! Von europ\u00e4ischer Arroganz und vergessenen linken Tugenden\",\"datePublished\":\"2024-05-26T05:00:00+00:00\",\"dateModified\":\"2024-05-26T05:00:00+00:00\",\"mainEntityOfPage\":{\"@id\":\"https:\/\/now-news.de\/de\/deutschland\/schuetzt-iran-von-europaeischer-arroganz-und-vergessenen-linken-tugenden\/\"},\"wordCount\":1080,\"commentCount\":0,\"publisher\":{\"@id\":\"https:\/\/now-news.de\/de\/#organization\"},\"image\":{\"@id\":\"https:\/\/now-news.de\/de\/deutschland\/schuetzt-iran-von-europaeischer-arroganz-und-vergessenen-linken-tugenden\/#primaryimage\"},\"thumbnailUrl\":\"https:\/\/now-news.de\/de\/wp-content\/uploads\/sites\/3\/2024\/05\/Schuetzt-Iran-Von-europaeischer-Arroganz-und-vergessenen-linken-Tugenden.jpg\",\"keywords\":[\"Arroganz\",\"europ\u00e4ischer\",\"Iran\",\"Linken\",\"sch\u00fctzt\",\"Tugenden\",\"und\",\"vergessenen\",\"von\"],\"articleSection\":[\"Deutschland\",\"Russland\"],\"inLanguage\":\"de\",\"potentialAction\":[{\"@type\":\"CommentAction\",\"name\":\"Comment\",\"target\":[\"https:\/\/now-news.de\/de\/deutschland\/schuetzt-iran-von-europaeischer-arroganz-und-vergessenen-linken-tugenden\/#respond\"]}]},{\"@type\":\"WebPage\",\"@id\":\"https:\/\/now-news.de\/de\/deutschland\/schuetzt-iran-von-europaeischer-arroganz-und-vergessenen-linken-tugenden\/\",\"url\":\"https:\/\/now-news.de\/de\/deutschland\/schuetzt-iran-von-europaeischer-arroganz-und-vergessenen-linken-tugenden\/\",\"name\":\"Sch\u00fctzt Iran! Von europ\u00e4ischer Arroganz und vergessenen linken Tugenden - just-now.NEWS Deutschland\",\"isPartOf\":{\"@id\":\"https:\/\/now-news.de\/de\/#website\"},\"primaryImageOfPage\":{\"@id\":\"https:\/\/now-news.de\/de\/deutschland\/schuetzt-iran-von-europaeischer-arroganz-und-vergessenen-linken-tugenden\/#primaryimage\"},\"image\":{\"@id\":\"https:\/\/now-news.de\/de\/deutschland\/schuetzt-iran-von-europaeischer-arroganz-und-vergessenen-linken-tugenden\/#primaryimage\"},\"thumbnailUrl\":\"https:\/\/now-news.de\/de\/wp-content\/uploads\/sites\/3\/2024\/05\/Schuetzt-Iran-Von-europaeischer-Arroganz-und-vergessenen-linken-Tugenden.jpg\",\"datePublished\":\"2024-05-26T05:00:00+00:00\",\"dateModified\":\"2024-05-26T05:00:00+00:00\",\"breadcrumb\":{\"@id\":\"https:\/\/now-news.de\/de\/deutschland\/schuetzt-iran-von-europaeischer-arroganz-und-vergessenen-linken-tugenden\/#breadcrumb\"},\"inLanguage\":\"de\",\"potentialAction\":[{\"@type\":\"ReadAction\",\"target\":[\"https:\/\/now-news.de\/de\/deutschland\/schuetzt-iran-von-europaeischer-arroganz-und-vergessenen-linken-tugenden\/\"]}]},{\"@type\":\"ImageObject\",\"inLanguage\":\"de\",\"@id\":\"https:\/\/now-news.de\/de\/deutschland\/schuetzt-iran-von-europaeischer-arroganz-und-vergessenen-linken-tugenden\/#primaryimage\",\"url\":\"https:\/\/now-news.de\/de\/wp-content\/uploads\/sites\/3\/2024\/05\/Schuetzt-Iran-Von-europaeischer-Arroganz-und-vergessenen-linken-Tugenden.jpg\",\"contentUrl\":\"https:\/\/now-news.de\/de\/wp-content\/uploads\/sites\/3\/2024\/05\/Schuetzt-Iran-Von-europaeischer-Arroganz-und-vergessenen-linken-Tugenden.jpg\",\"width\":460,\"height\":259,\"caption\":\"Sch\u00fctzt Iran! Von europ\u00e4ischer Arroganz und vergessenen linken Tugenden\"},{\"@type\":\"BreadcrumbList\",\"@id\":\"https:\/\/now-news.de\/de\/deutschland\/schuetzt-iran-von-europaeischer-arroganz-und-vergessenen-linken-tugenden\/#breadcrumb\",\"itemListElement\":[{\"@type\":\"ListItem\",\"position\":1,\"name\":\"Home\",\"item\":\"https:\/\/now-news.de\/de\/\"},{\"@type\":\"ListItem\",\"position\":2,\"name\":\"Sch\u00fctzt Iran! Von europ\u00e4ischer Arroganz und vergessenen linken Tugenden\"}]},{\"@type\":\"WebSite\",\"@id\":\"https:\/\/now-news.de\/de\/#website\",\"url\":\"https:\/\/now-news.de\/de\/\",\"name\":\"just-now.NEWS Deutschland\",\"description\":\"Das Portal f\u00fcr unzensierte Nachrichten aus der Welt\",\"publisher\":{\"@id\":\"https:\/\/now-news.de\/de\/#organization\"},\"potentialAction\":[{\"@type\":\"SearchAction\",\"target\":{\"@type\":\"EntryPoint\",\"urlTemplate\":\"https:\/\/now-news.de\/de\/?s={search_term_string}\"},\"query-input\":\"required name=search_term_string\"}],\"inLanguage\":\"de\"},{\"@type\":\"Organization\",\"@id\":\"https:\/\/now-news.de\/de\/#organization\",\"name\":\"Just Now News\",\"url\":\"https:\/\/now-news.de\/de\/\",\"logo\":{\"@type\":\"ImageObject\",\"inLanguage\":\"de\",\"@id\":\"https:\/\/now-news.de\/de\/#\/schema\/logo\/image\/\",\"url\":\"http:\/\/just-now.news\/de\/wp-content\/uploads\/sites\/3\/2022\/04\/logo500x500.jpg\",\"contentUrl\":\"http:\/\/just-now.news\/de\/wp-content\/uploads\/sites\/3\/2022\/04\/logo500x500.jpg\",\"width\":500,\"height\":500,\"caption\":\"Just Now News\"},\"image\":{\"@id\":\"https:\/\/now-news.de\/de\/#\/schema\/logo\/image\/\"},\"sameAs\":[\"https:\/\/www.facebook.com\/wirmachenauf\",\"https:\/\/x.com\/WirMachenAuf_de\"]},{\"@type\":\"Person\",\"@id\":\"https:\/\/now-news.de\/de\/#\/schema\/person\/fb534a4e865501d8b3285208df34a9b5\",\"name\":\"rtnews\",\"image\":{\"@type\":\"ImageObject\",\"inLanguage\":\"de\",\"@id\":\"https:\/\/now-news.de\/de\/#\/schema\/person\/image\/\",\"url\":\"https:\/\/secure.gravatar.com\/avatar\/82aafea7d8127119dd649515f56e2117?s=96&d=mm&r=g\",\"contentUrl\":\"https:\/\/secure.gravatar.com\/avatar\/82aafea7d8127119dd649515f56e2117?s=96&d=mm&r=g\",\"caption\":\"rtnews\"},\"url\":\"https:\/\/now-news.de\/de\/author\/rnews\/\"}]}<\/script>\n<!-- \/ Yoast SEO Premium plugin. -->","yoast_head_json":{"title":"Sch\u00fctzt Iran! Von europ\u00e4ischer Arroganz und vergessenen linken Tugenden - just-now.NEWS Deutschland","robots":{"index":"index","follow":"follow","max-snippet":"max-snippet:-1","max-image-preview":"max-image-preview:large","max-video-preview":"max-video-preview:-1"},"canonical":"https:\/\/now-news.de\/de\/deutschland\/schuetzt-iran-von-europaeischer-arroganz-und-vergessenen-linken-tugenden\/","og_locale":"de_DE","og_type":"article","og_title":"Sch\u00fctzt Iran! Von europ\u00e4ischer Arroganz und vergessenen linken Tugenden","og_description":"Der aktuelle Zustand der Linken in Europa ist ein wichtiger Etappensieg des US-Imperiums. Statt L\u00e4nder, die im Fadenkreuz des korporativen Faschismus stehen, zu verteidigen, k\u00e4mpfen sie an der Seite des eigenen Imperialismus gegen sie. Ihr Iran-Hass ist da nur ein Beispiel. Von Oleg Jassinski Es vergeht derzeit kein Tag ohne Nachrichten, bei denen man das [&hellip;]","og_url":"https:\/\/now-news.de\/de\/deutschland\/schuetzt-iran-von-europaeischer-arroganz-und-vergessenen-linken-tugenden\/","og_site_name":"just-now.NEWS Deutschland","article_publisher":"https:\/\/www.facebook.com\/wirmachenauf","article_published_time":"2024-05-26T05:00:00+00:00","og_image":[{"url":"https:\/\/now-news.de\/de\/wp-content\/uploads\/sites\/3\/2024\/05\/664dec1d48fbef3acc31c0b4.jpg"}],"author":"rtnews","twitter_card":"summary_large_image","twitter_creator":"@WirMachenAuf_de","twitter_site":"@WirMachenAuf_de","twitter_misc":{"Verfasst von":"rtnews","Gesch\u00e4tzte Lesezeit":"5\u00a0Minuten"},"schema":{"@context":"https:\/\/schema.org","@graph":[{"@type":"Article","@id":"https:\/\/now-news.de\/de\/deutschland\/schuetzt-iran-von-europaeischer-arroganz-und-vergessenen-linken-tugenden\/#article","isPartOf":{"@id":"https:\/\/now-news.de\/de\/deutschland\/schuetzt-iran-von-europaeischer-arroganz-und-vergessenen-linken-tugenden\/"},"author":{"name":"rtnews","@id":"https:\/\/now-news.de\/de\/#\/schema\/person\/fb534a4e865501d8b3285208df34a9b5"},"headline":"Sch\u00fctzt Iran! Von europ\u00e4ischer Arroganz und vergessenen linken Tugenden","datePublished":"2024-05-26T05:00:00+00:00","dateModified":"2024-05-26T05:00:00+00:00","mainEntityOfPage":{"@id":"https:\/\/now-news.de\/de\/deutschland\/schuetzt-iran-von-europaeischer-arroganz-und-vergessenen-linken-tugenden\/"},"wordCount":1080,"commentCount":0,"publisher":{"@id":"https:\/\/now-news.de\/de\/#organization"},"image":{"@id":"https:\/\/now-news.de\/de\/deutschland\/schuetzt-iran-von-europaeischer-arroganz-und-vergessenen-linken-tugenden\/#primaryimage"},"thumbnailUrl":"https:\/\/now-news.de\/de\/wp-content\/uploads\/sites\/3\/2024\/05\/Schuetzt-Iran-Von-europaeischer-Arroganz-und-vergessenen-linken-Tugenden.jpg","keywords":["Arroganz","europ\u00e4ischer","Iran","Linken","sch\u00fctzt","Tugenden","und","vergessenen","von"],"articleSection":["Deutschland","Russland"],"inLanguage":"de","potentialAction":[{"@type":"CommentAction","name":"Comment","target":["https:\/\/now-news.de\/de\/deutschland\/schuetzt-iran-von-europaeischer-arroganz-und-vergessenen-linken-tugenden\/#respond"]}]},{"@type":"WebPage","@id":"https:\/\/now-news.de\/de\/deutschland\/schuetzt-iran-von-europaeischer-arroganz-und-vergessenen-linken-tugenden\/","url":"https:\/\/now-news.de\/de\/deutschland\/schuetzt-iran-von-europaeischer-arroganz-und-vergessenen-linken-tugenden\/","name":"Sch\u00fctzt Iran! Von europ\u00e4ischer Arroganz und vergessenen linken Tugenden - just-now.NEWS Deutschland","isPartOf":{"@id":"https:\/\/now-news.de\/de\/#website"},"primaryImageOfPage":{"@id":"https:\/\/now-news.de\/de\/deutschland\/schuetzt-iran-von-europaeischer-arroganz-und-vergessenen-linken-tugenden\/#primaryimage"},"image":{"@id":"https:\/\/now-news.de\/de\/deutschland\/schuetzt-iran-von-europaeischer-arroganz-und-vergessenen-linken-tugenden\/#primaryimage"},"thumbnailUrl":"https:\/\/now-news.de\/de\/wp-content\/uploads\/sites\/3\/2024\/05\/Schuetzt-Iran-Von-europaeischer-Arroganz-und-vergessenen-linken-Tugenden.jpg","datePublished":"2024-05-26T05:00:00+00:00","dateModified":"2024-05-26T05:00:00+00:00","breadcrumb":{"@id":"https:\/\/now-news.de\/de\/deutschland\/schuetzt-iran-von-europaeischer-arroganz-und-vergessenen-linken-tugenden\/#breadcrumb"},"inLanguage":"de","potentialAction":[{"@type":"ReadAction","target":["https:\/\/now-news.de\/de\/deutschland\/schuetzt-iran-von-europaeischer-arroganz-und-vergessenen-linken-tugenden\/"]}]},{"@type":"ImageObject","inLanguage":"de","@id":"https:\/\/now-news.de\/de\/deutschland\/schuetzt-iran-von-europaeischer-arroganz-und-vergessenen-linken-tugenden\/#primaryimage","url":"https:\/\/now-news.de\/de\/wp-content\/uploads\/sites\/3\/2024\/05\/Schuetzt-Iran-Von-europaeischer-Arroganz-und-vergessenen-linken-Tugenden.jpg","contentUrl":"https:\/\/now-news.de\/de\/wp-content\/uploads\/sites\/3\/2024\/05\/Schuetzt-Iran-Von-europaeischer-Arroganz-und-vergessenen-linken-Tugenden.jpg","width":460,"height":259,"caption":"Sch\u00fctzt Iran! Von europ\u00e4ischer Arroganz und vergessenen linken Tugenden"},{"@type":"BreadcrumbList","@id":"https:\/\/now-news.de\/de\/deutschland\/schuetzt-iran-von-europaeischer-arroganz-und-vergessenen-linken-tugenden\/#breadcrumb","itemListElement":[{"@type":"ListItem","position":1,"name":"Home","item":"https:\/\/now-news.de\/de\/"},{"@type":"ListItem","position":2,"name":"Sch\u00fctzt Iran! Von europ\u00e4ischer Arroganz und vergessenen linken Tugenden"}]},{"@type":"WebSite","@id":"https:\/\/now-news.de\/de\/#website","url":"https:\/\/now-news.de\/de\/","name":"just-now.NEWS Deutschland","description":"Das Portal f\u00fcr unzensierte Nachrichten aus der Welt","publisher":{"@id":"https:\/\/now-news.de\/de\/#organization"},"potentialAction":[{"@type":"SearchAction","target":{"@type":"EntryPoint","urlTemplate":"https:\/\/now-news.de\/de\/?s={search_term_string}"},"query-input":"required name=search_term_string"}],"inLanguage":"de"},{"@type":"Organization","@id":"https:\/\/now-news.de\/de\/#organization","name":"Just Now News","url":"https:\/\/now-news.de\/de\/","logo":{"@type":"ImageObject","inLanguage":"de","@id":"https:\/\/now-news.de\/de\/#\/schema\/logo\/image\/","url":"http:\/\/just-now.news\/de\/wp-content\/uploads\/sites\/3\/2022\/04\/logo500x500.jpg","contentUrl":"http:\/\/just-now.news\/de\/wp-content\/uploads\/sites\/3\/2022\/04\/logo500x500.jpg","width":500,"height":500,"caption":"Just Now News"},"image":{"@id":"https:\/\/now-news.de\/de\/#\/schema\/logo\/image\/"},"sameAs":["https:\/\/www.facebook.com\/wirmachenauf","https:\/\/x.com\/WirMachenAuf_de"]},{"@type":"Person","@id":"https:\/\/now-news.de\/de\/#\/schema\/person\/fb534a4e865501d8b3285208df34a9b5","name":"rtnews","image":{"@type":"ImageObject","inLanguage":"de","@id":"https:\/\/now-news.de\/de\/#\/schema\/person\/image\/","url":"https:\/\/secure.gravatar.com\/avatar\/82aafea7d8127119dd649515f56e2117?s=96&d=mm&r=g","contentUrl":"https:\/\/secure.gravatar.com\/avatar\/82aafea7d8127119dd649515f56e2117?s=96&d=mm&r=g","caption":"rtnews"},"url":"https:\/\/now-news.de\/de\/author\/rnews\/"}]}},"_links":{"self":[{"href":"https:\/\/now-news.de\/de\/wp-json\/wp\/v2\/posts\/58834"}],"collection":[{"href":"https:\/\/now-news.de\/de\/wp-json\/wp\/v2\/posts"}],"about":[{"href":"https:\/\/now-news.de\/de\/wp-json\/wp\/v2\/types\/post"}],"author":[{"embeddable":true,"href":"https:\/\/now-news.de\/de\/wp-json\/wp\/v2\/users\/3"}],"replies":[{"embeddable":true,"href":"https:\/\/now-news.de\/de\/wp-json\/wp\/v2\/comments?post=58834"}],"version-history":[{"count":0,"href":"https:\/\/now-news.de\/de\/wp-json\/wp\/v2\/posts\/58834\/revisions"}],"wp:featuredmedia":[{"embeddable":true,"href":"https:\/\/now-news.de\/de\/wp-json\/wp\/v2\/media\/58835"}],"wp:attachment":[{"href":"https:\/\/now-news.de\/de\/wp-json\/wp\/v2\/media?parent=58834"}],"wp:term":[{"taxonomy":"category","embeddable":true,"href":"https:\/\/now-news.de\/de\/wp-json\/wp\/v2\/categories?post=58834"},{"taxonomy":"post_tag","embeddable":true,"href":"https:\/\/now-news.de\/de\/wp-json\/wp\/v2\/tags?post=58834"}],"curies":[{"name":"wp","href":"https:\/\/api.w.org\/{rel}","templated":true}]}}