{"id":58785,"date":"2024-05-24T20:45:49","date_gmt":"2024-05-24T18:45:49","guid":{"rendered":"https:\/\/now-news.de\/de\/deutschland\/wann-entledigt-sich-der-westen-des-wladimir-selenskij\/"},"modified":"2024-05-24T20:45:49","modified_gmt":"2024-05-24T18:45:49","slug":"wann-entledigt-sich-der-westen-des-wladimir-selenskij","status":"publish","type":"post","link":"https:\/\/now-news.de\/de\/deutschland\/wann-entledigt-sich-der-westen-des-wladimir-selenskij\/","title":{"rendered":"Wann entledigt sich der Westen des Wladimir Selenskij?"},"content":{"rendered":"<p><img decoding=\"async\" src=\"https:\/\/now-news.de\/de\/wp-content\/uploads\/sites\/3\/2024\/05\/664e22b6b480cc7d5810176d.jpg\" \/><\/p>\n<div class=\"Text-root Text-type_1 \">\n                Sofort nach Ende der Amtszeit des Kiewer Machthabers Selenskij beeilten sich Vertreter des Westens zu erkl\u00e4ren, dass sie ihn weiterhin als Pr\u00e4sidenten der Ukraine anerkennen. Welche Argumente f\u00fchren sie daf\u00fcr an, warum sind diese fragw\u00fcrdig und wann wird der Westen entscheiden, dass er Selenskij nicht mehr braucht?\n            <\/div>\n<p><\/p>\n<div class=\"Text-root Text-type_5 ArticleView-text ViewText-root \">\n<p><em>Von Geworg Mirsajan<\/em><\/p>\n<p>Seit dem 21. Mai ist Wladimir Selenskij nicht mehr Pr\u00e4sident der Ukraine. An diesem Tag lief seine f\u00fcnfj\u00e4hrige Amtszeit ab und erloschen damit seine verfassungsm\u00e4\u00dfigen Befugnisse. Selenskij selbst, das ukrainische Parlament und der Kollektive Westen halten ihn jedoch weiterhin f\u00fcr das Oberhaupt des ukrainischen Staates.<\/p>\n<p>Grundlage f\u00fcr diese Positionierung ist eine Norm der ukrainischen Gesetzgebung, nach der die Befugnisse des ehemaligen Pr\u00e4sidenten des Landes enden, wenn die Amtszeit des neu gew\u00e4hlten Pr\u00e4sidenten beginnt. Und da kein neuer Pr\u00e4sident gew\u00e4hlt wurde (in der Ukraine haben keine Wahlen stattgefunden), ist Selenskij der Ansicht, dass er weiterhin die Funktionen des Staatsoberhauptes aus\u00fcben k\u00f6nne.<\/p>\n<p>In der ukrainischen Gesetzgebung ist jedoch nirgends festgelegt, dass die Pr\u00e4sidentschaftswahlen annulliert werden k\u00f6nnen\u00a0\u2012 das Kriegsrechtsregime impliziert lediglich die Aussetzung der Wahlen zur Obersten Rada, dem ukrainischen Parlament. Dem ehemaligen Rada-Abgeordneten Spiridon Kilinkarow zufolge ist die Annullierung der Pr\u00e4sidentschaftswahlen in der Gesetzgebung nicht vorgesehen, um zu verhindern, dass das Staatsoberhaupt unter dem Vorwand des Kriegsrechts dauerhaft die Macht an sich rei\u00dft.<\/p>\n<p>Amerikaner und Europ\u00e4er sind jedoch nicht verlegen um winkeladvokatische Manipulationen. Sie sind sich sicher, dass Selenskij das Richtige getan hat, und zwar legal\u00a0\u2012 und in \u00dcbereinstimmung mit dem Willen der Bev\u00f6lkerung des Landes. &#8220;Nach seinem \u00fcberzeugenden Sieg bei der letzten Wahl mit 73 Prozent der Stimmen konnte sein Ansehen nur noch sinken. Und trotz des unvermeidlichen R\u00fcckgangs (der Umfragewerte) konnte Selenskij seine anhaltende Attraktivit\u00e4t und den Wunsch nach Stabilit\u00e4t nutzen, um seine Amtszeit zu verl\u00e4ngern&#8221;, versichert die <em>BBC<\/em>.<\/p>\n<p>Nach Angaben des Auslandsnachrichtendienstes Russlands ist das Ansehen des Kiewer Regierungschefs in der Tat katastrophal gesunken. Diese Tatsache wurde auch vom wei\u00dfrussischen Pr\u00e4sidenten Alexander Lukaschenko best\u00e4tigt. In den Augen einiger russischer Experten hat sich Selenskij zu einem Usurpator entwickelt.<\/p>\n<p>Dennoch hat die UNO die Legitimit\u00e4t des Kiewer Regimechefs bereits anerkannt. St\u00e9phane Dujarric,\u00a0Sprecher des Generalsekret\u00e4rs der Organisation, sagte:\u00a0<\/p>\n<blockquote>\n<p><em>&#8220;Pr\u00e4sident Selenskij bleibt f\u00fcr uns das Staatsoberhaupt der Ukraine und die Person, mit der der Generalsekret\u00e4r kommuniziert, wenn er mit dem ukrainischen F\u00fchrer in Kontakt treten muss.&#8221;<\/em><\/p>\n<\/blockquote>\n<p>Auch die EU erkl\u00e4rte offiziell, sie habe &#8220;keine Zweifel&#8221; an der Legitimit\u00e4t des Kiewer Machthabers.<\/p>\n<p>Die westlichen L\u00e4nder beabsichtigen, den ukrainischen Staatschef im Juni offiziell f\u00fcr eine neue Amtszeit zu kr\u00f6nen. &#8220;Auf der sogenannten Friedenskonferenz in der Schweiz, zu der eine betr\u00e4chtliche Anzahl von Staats- und Regierungschefs westlicher und mit dem Westen befreundeter L\u00e4nder anreisen wird, wird Selenskij tats\u00e4chlich ein externes Legitimationsmandat erhalten&#8221;, erkl\u00e4rte der Leiter des Analyseb\u00fcros SONAR-2050, Iwan Lisan, gegen\u00fcber der Zeitung <em>Wsgljad<\/em>.<\/p>\n<p>Die Logik des Westens ist einfach. Wadim Truchatschow, au\u00dferordentlicher Professor an der Russischen Staatlichen Humanit\u00e4ren Universit\u00e4t, umschreibt dies so:<\/p>\n<blockquote>\n<p><em>&#8220;Allein die Tatsache, dass das Mandat von Selenskij abgelaufen ist, \u00e4ndert f\u00fcr den Westen nichts. Wenn sich jemand gegen Russland stellt, dann kann man die Augen vor Zweifeln an seiner Legitimit\u00e4t verschlie\u00dfen. Wenn also Wladimir weiter Krieg gegen Russland f\u00fchren kann,\u00a0dann soll er nach Ansicht des Westens weiter im Amt bleiben. Was die Annullierung der Wahlen betrifft, so kann man sagen, dass nicht Selenskij sie verhindert hat, sondern Russland mit seiner milit\u00e4rischen Spezialoperation.&#8221;<\/em><\/p>\n<\/blockquote>\n<p>Westliche Medien erkennen die Zweideutigkeit der Situation in Bezug auf die Legitimit\u00e4t Selenskijs an. So schreibt der <em>Economist<\/em> Folgendes:\u00a0<\/p>\n<blockquote>\n<p><em>&#8220;Es ist schwierig, Wahlen abzuhalten, wenn die Feinde das eigene Territorium besetzen oder bombardieren und ein Gro\u00dfteil der B\u00fcrger nicht an den K\u00e4mpfen teilnimmt. Sie nicht abzuhalten, ist noch schwieriger, weil man dann die Machthaber der Illegitimit\u00e4t beschuldigen kann.&#8221;<\/em><\/p>\n<\/blockquote>\n<p>Nat\u00fcrlich wird es Vorw\u00fcrfe geben\u00a0\u2012 vor allem vor dem Hintergrund der Niederlage an den Fronten. Aber in gewissem Ma\u00dfe sind sie f\u00fcr den Westen sogar g\u00fcnstig. Ganz einfach, weil sie Selenskij auf Trab halten und ihn gef\u00fcgiger machen. Schlie\u00dflich wei\u00df der heutige ukrainische Diktator ganz genau, dass er auf westlichen Bajonetten sitzt und dass die USA und die EU der ukrainischen Opposition jederzeit einen &#8220;Ergreift ihn&#8221;-Befehl geben k\u00f6nnen.<\/p>\n<p>Selenskij selbst hat gro\u00dfe Angst davor, gegen jemand anderen ausgetauscht zu werden. Hier gibt es aktuell zwei Kandidaten.<\/p>\n<p>Den ehemaligen AFU-Chef Waleri Saluschny, den die Briten jetzt f\u00fcr eine politische Rolle ausbilden wollen, und den ehemaligen Sprecher der Obersten Rada, Dmitri Rasumkow, benennt Dmitri Ofizerow-Belski, ein leitender Forscher am\u00a0Nationalen Forschungsinstitut f\u00fcr Weltwirtschaft und internationale Beziehungen der Russischen Akademie der Wissenschaften, gegen\u00fcber der Zeitung\u00a0<em>Wsgljad<\/em>\u00a0als\u00a0die beiden aussichtsreichsten Kandidaten.<\/p>\n<p>Nicht zu vergessen ist auch der ehemalige ukrainische Pr\u00e4sident Petro Poroschenko, der immer noch die Zukunft sein will und sich auf jede erdenkliche Weise als gehorsamere und akzeptablere Alternative zu Wladimir Selenskij positioniert. Schlie\u00dflich ist es jederzeit m\u00f6glich, Letzteren durch eine Person aus seinem Umfeld zu ersetzen.<\/p>\n<p>Die <em>Washington Post<\/em> beschreibt die Situation so:<\/p>\n<blockquote>\n<p><em>&#8220;Die Kriegsbedingungen, einschlie\u00dflich des Kriegsrechts, haben eine au\u00dferordentliche Machtf\u00fclle in den H\u00e4nden der Pr\u00e4sidialverwaltung konzentriert, die Andrei Jermak zum vielleicht m\u00e4chtigsten Stabschef in der Geschichte des Landes gemacht hat\u00a0\u2012 fast genauso m\u00e4chtig wie sein Chef.&#8221;<\/em><\/p>\n<\/blockquote>\n<p>Und die meisten Experten sind sich einig, dass es fr\u00fcher oder sp\u00e4ter zu einer Abl\u00f6sung kommen wird. Zum Beispiel, wenn es notwendig sein wird, die Macht in Kiew neu zu ordnen.<\/p>\n<p>Ofizerow-Belski weiter:<\/p>\n<blockquote>\n<p><em>&#8220;Selenskij sollte jetzt nur noch ein Kummersammler sein\u00a0\u2012 eine Person, die all die Misserfolge, Niederlagen und den Hass des Volkes auf sich nehmen wird. Deshalb darf er noch einige Zeit im Amt bleiben.&#8221;<\/em><\/p>\n<\/blockquote>\n<p>Iwan Lisan stimmt dieser Sichtweise zu:<\/p>\n<blockquote>\n<p><em>&#8220;Jetzt muss er eine Reihe unpopul\u00e4rer Entscheidungen treffen und seinen Vertrag mit dem Westen namens &#8216;Menschenfang im Tausch gegen Waffen und Geld f\u00fcr einen sinnlosen Krieg mit Russland&#8217; mit allen Mitteln erf\u00fcllen. Dann kann er gehen. Er wird anschlie\u00dfend im Westen herumreisen und Vortr\u00e4ge dar\u00fcber halten, wie er die Ukraine bis zum Schluss verteidigt hat und warum er gescheitert ist.&#8221;<\/em><\/p>\n<\/blockquote>\n<p>Oder wenn es darum geht, mit Russland zu verhandeln. Nach Ansicht von Dmitri Suslow, dem stellvertretenden Direktor des Zentrums f\u00fcr komplexe europ\u00e4ische und internationale Studien an der Moskauer H\u00f6heren Schule f\u00fcr \u00d6konomie, k\u00f6nnte das wahrscheinlichste Szenario f\u00fcr Abkommen zwischen Russland und dem Westen deren Abschluss durch ein ukrainisches Pflaster sein\u00a0\u2012 also ein russisch-ukrainisches Abkommen, in dem der Westen den Willen der Ukraine anerkennt und ihm zustimmt. Und dieser Vertrag braucht einen neuen F\u00fchrer, mit dem sich Moskau an einen Tisch setzen kann und den es anerkennen wird.<\/p>\n<p><em>\u00dcbersetzt aus dem <a rel=\"nofollow noopener\" target=\"_blank\" href=\"https:\/\/vz.ru\/world\/2024\/5\/21\/1269198.html\">Russischen<\/a><\/em>.\u00a0<\/p>\n<p><strong>Mehr zum Thema<\/strong>\u00a0\u2012\u00a0<a rel=\"nofollow noopener\" target=\"_blank\" href=\"https:\/\/freedert.online\/international\/206291-wp-selenskij-wird-nach-ende\/\">WP: Selenskij wird nach dem Ende seiner Amtszeit wegen Jermak in die Kritik geraten<\/a><\/p>\n<div class=\"EmbedBlock-root EmbedBlock-externalVideo EmbedBlock-vk\">\n<div class=\"VkEmbed\"><iframe class=\"lazyload\" data-src=\"https:\/\/vk.com\/video_ext.php?oid=-134310637&amp;id=456276996\" frameborder=\"0\" width=\"853\" height=\"480\" allowfullscreen><\/iframe><\/div>\n<\/div>\n<\/div>\n<p><br \/>\n<br \/><a href=\"https:\/\/de.rt.com\/international\/206690-wann-entledigt-sich-westen-wladimir-selenskij-entledigen\/\">Source link <\/a><\/p>\n","protected":false},"excerpt":{"rendered":"<p>Sofort nach Ende der Amtszeit des Kiewer Machthabers Selenskij beeilten sich Vertreter des Westens zu erkl\u00e4ren, dass sie ihn weiterhin als Pr\u00e4sidenten der Ukraine anerkennen. Welche Argumente f\u00fchren sie daf\u00fcr an, warum sind diese fragw\u00fcrdig und wann wird der Westen entscheiden, dass er Selenskij nicht mehr braucht? Von Geworg Mirsajan Seit dem 21. Mai ist [&hellip;]<\/p>\n","protected":false},"author":3,"featured_media":58786,"comment_status":"open","ping_status":"open","sticky":false,"template":"","format":"standard","meta":{"_yoast_indexnow_last_ping":["1716577346"],"wp_automatic_camp":["217"],"b38ea0bbc9ed56c9ec42076652293b31":["Wann entledigt sich der Westen des Wladimir Selenskij?"],"original_link":["https:\/\/de.rt.com\/international\/206690-wann-entledigt-sich-westen-wladimir-selenskij-entledigen\/"],"_thumbnail_id":["58786"],"_wptgpro_p2tg_sent2tg":["a:1:{i:23737;s:19:\"2024-05-24 21:03:54\";}"],"jnews_social_counter_last_update":["1777363670"]},"categories":[19,23],"tags":[82,583,55147,6158,434,13562,378,6987],"yoast_head":"<!-- This site is optimized with the Yoast SEO Premium plugin v22.7 (Yoast SEO v22.7) - https:\/\/yoast.com\/wordpress\/plugins\/seo\/ -->\n<title>Wann entledigt sich der Westen des Wladimir Selenskij? - just-now.NEWS Deutschland<\/title>\n<meta name=\"robots\" content=\"index, follow, max-snippet:-1, max-image-preview:large, max-video-preview:-1\" \/>\n<link rel=\"canonical\" href=\"https:\/\/now-news.de\/de\/deutschland\/wann-entledigt-sich-der-westen-des-wladimir-selenskij\/\" \/>\n<meta property=\"og:locale\" content=\"de_DE\" \/>\n<meta property=\"og:type\" content=\"article\" \/>\n<meta property=\"og:title\" content=\"Wann entledigt sich der Westen des Wladimir Selenskij?\" \/>\n<meta property=\"og:description\" content=\"Sofort nach Ende der Amtszeit des Kiewer Machthabers Selenskij beeilten sich Vertreter des Westens zu erkl\u00e4ren, dass sie ihn weiterhin als Pr\u00e4sidenten der Ukraine anerkennen. Welche Argumente f\u00fchren sie daf\u00fcr an, warum sind diese fragw\u00fcrdig und wann wird der Westen entscheiden, dass er Selenskij nicht mehr braucht? Von Geworg Mirsajan Seit dem 21. Mai ist [&hellip;]\" \/>\n<meta property=\"og:url\" content=\"https:\/\/now-news.de\/de\/deutschland\/wann-entledigt-sich-der-westen-des-wladimir-selenskij\/\" \/>\n<meta property=\"og:site_name\" content=\"just-now.NEWS Deutschland\" \/>\n<meta property=\"article:publisher\" content=\"https:\/\/www.facebook.com\/wirmachenauf\" \/>\n<meta property=\"article:published_time\" content=\"2024-05-24T18:45:49+00:00\" \/>\n<meta property=\"og:image\" content=\"https:\/\/now-news.de\/de\/wp-content\/uploads\/sites\/3\/2024\/05\/664e22b6b480cc7d5810176d.jpg\" \/>\n<meta name=\"author\" content=\"rtnews\" \/>\n<meta name=\"twitter:card\" content=\"summary_large_image\" \/>\n<meta name=\"twitter:creator\" content=\"@WirMachenAuf_de\" \/>\n<meta name=\"twitter:site\" content=\"@WirMachenAuf_de\" \/>\n<meta name=\"twitter:label1\" content=\"Verfasst von\" \/>\n\t<meta name=\"twitter:data1\" content=\"rtnews\" \/>\n\t<meta name=\"twitter:label2\" content=\"Gesch\u00e4tzte Lesezeit\" \/>\n\t<meta name=\"twitter:data2\" content=\"6\u00a0Minuten\" \/>\n<script type=\"application\/ld+json\" class=\"yoast-schema-graph\">{\"@context\":\"https:\/\/schema.org\",\"@graph\":[{\"@type\":\"Article\",\"@id\":\"https:\/\/now-news.de\/de\/deutschland\/wann-entledigt-sich-der-westen-des-wladimir-selenskij\/#article\",\"isPartOf\":{\"@id\":\"https:\/\/now-news.de\/de\/deutschland\/wann-entledigt-sich-der-westen-des-wladimir-selenskij\/\"},\"author\":{\"name\":\"rtnews\",\"@id\":\"https:\/\/now-news.de\/de\/#\/schema\/person\/fb534a4e865501d8b3285208df34a9b5\"},\"headline\":\"Wann entledigt sich der Westen des Wladimir Selenskij?\",\"datePublished\":\"2024-05-24T18:45:49+00:00\",\"dateModified\":\"2024-05-24T18:45:49+00:00\",\"mainEntityOfPage\":{\"@id\":\"https:\/\/now-news.de\/de\/deutschland\/wann-entledigt-sich-der-westen-des-wladimir-selenskij\/\"},\"wordCount\":1177,\"commentCount\":0,\"publisher\":{\"@id\":\"https:\/\/now-news.de\/de\/#organization\"},\"image\":{\"@id\":\"https:\/\/now-news.de\/de\/deutschland\/wann-entledigt-sich-der-westen-des-wladimir-selenskij\/#primaryimage\"},\"thumbnailUrl\":\"https:\/\/now-news.de\/de\/wp-content\/uploads\/sites\/3\/2024\/05\/Wann-entledigt-sich-der-Westen-des-Wladimir-Selenskij.jpg\",\"keywords\":[\"der\",\"des\",\"entledigt\",\"Selenskij\",\"sich\",\"Wann\",\"Westen\",\"Wladimir\"],\"articleSection\":[\"Deutschland\",\"Russland\"],\"inLanguage\":\"de\",\"potentialAction\":[{\"@type\":\"CommentAction\",\"name\":\"Comment\",\"target\":[\"https:\/\/now-news.de\/de\/deutschland\/wann-entledigt-sich-der-westen-des-wladimir-selenskij\/#respond\"]}]},{\"@type\":\"WebPage\",\"@id\":\"https:\/\/now-news.de\/de\/deutschland\/wann-entledigt-sich-der-westen-des-wladimir-selenskij\/\",\"url\":\"https:\/\/now-news.de\/de\/deutschland\/wann-entledigt-sich-der-westen-des-wladimir-selenskij\/\",\"name\":\"Wann entledigt sich der Westen des Wladimir Selenskij? - just-now.NEWS Deutschland\",\"isPartOf\":{\"@id\":\"https:\/\/now-news.de\/de\/#website\"},\"primaryImageOfPage\":{\"@id\":\"https:\/\/now-news.de\/de\/deutschland\/wann-entledigt-sich-der-westen-des-wladimir-selenskij\/#primaryimage\"},\"image\":{\"@id\":\"https:\/\/now-news.de\/de\/deutschland\/wann-entledigt-sich-der-westen-des-wladimir-selenskij\/#primaryimage\"},\"thumbnailUrl\":\"https:\/\/now-news.de\/de\/wp-content\/uploads\/sites\/3\/2024\/05\/Wann-entledigt-sich-der-Westen-des-Wladimir-Selenskij.jpg\",\"datePublished\":\"2024-05-24T18:45:49+00:00\",\"dateModified\":\"2024-05-24T18:45:49+00:00\",\"breadcrumb\":{\"@id\":\"https:\/\/now-news.de\/de\/deutschland\/wann-entledigt-sich-der-westen-des-wladimir-selenskij\/#breadcrumb\"},\"inLanguage\":\"de\",\"potentialAction\":[{\"@type\":\"ReadAction\",\"target\":[\"https:\/\/now-news.de\/de\/deutschland\/wann-entledigt-sich-der-westen-des-wladimir-selenskij\/\"]}]},{\"@type\":\"ImageObject\",\"inLanguage\":\"de\",\"@id\":\"https:\/\/now-news.de\/de\/deutschland\/wann-entledigt-sich-der-westen-des-wladimir-selenskij\/#primaryimage\",\"url\":\"https:\/\/now-news.de\/de\/wp-content\/uploads\/sites\/3\/2024\/05\/Wann-entledigt-sich-der-Westen-des-Wladimir-Selenskij.jpg\",\"contentUrl\":\"https:\/\/now-news.de\/de\/wp-content\/uploads\/sites\/3\/2024\/05\/Wann-entledigt-sich-der-Westen-des-Wladimir-Selenskij.jpg\",\"width\":460,\"height\":259,\"caption\":\"Wann entledigt sich der Westen des Wladimir Selenskij?\"},{\"@type\":\"BreadcrumbList\",\"@id\":\"https:\/\/now-news.de\/de\/deutschland\/wann-entledigt-sich-der-westen-des-wladimir-selenskij\/#breadcrumb\",\"itemListElement\":[{\"@type\":\"ListItem\",\"position\":1,\"name\":\"Home\",\"item\":\"https:\/\/now-news.de\/de\/\"},{\"@type\":\"ListItem\",\"position\":2,\"name\":\"Wann entledigt sich der Westen des Wladimir Selenskij?\"}]},{\"@type\":\"WebSite\",\"@id\":\"https:\/\/now-news.de\/de\/#website\",\"url\":\"https:\/\/now-news.de\/de\/\",\"name\":\"just-now.NEWS Deutschland\",\"description\":\"Das Portal f\u00fcr unzensierte Nachrichten aus der Welt\",\"publisher\":{\"@id\":\"https:\/\/now-news.de\/de\/#organization\"},\"potentialAction\":[{\"@type\":\"SearchAction\",\"target\":{\"@type\":\"EntryPoint\",\"urlTemplate\":\"https:\/\/now-news.de\/de\/?s={search_term_string}\"},\"query-input\":\"required name=search_term_string\"}],\"inLanguage\":\"de\"},{\"@type\":\"Organization\",\"@id\":\"https:\/\/now-news.de\/de\/#organization\",\"name\":\"Just Now News\",\"url\":\"https:\/\/now-news.de\/de\/\",\"logo\":{\"@type\":\"ImageObject\",\"inLanguage\":\"de\",\"@id\":\"https:\/\/now-news.de\/de\/#\/schema\/logo\/image\/\",\"url\":\"http:\/\/just-now.news\/de\/wp-content\/uploads\/sites\/3\/2022\/04\/logo500x500.jpg\",\"contentUrl\":\"http:\/\/just-now.news\/de\/wp-content\/uploads\/sites\/3\/2022\/04\/logo500x500.jpg\",\"width\":500,\"height\":500,\"caption\":\"Just Now News\"},\"image\":{\"@id\":\"https:\/\/now-news.de\/de\/#\/schema\/logo\/image\/\"},\"sameAs\":[\"https:\/\/www.facebook.com\/wirmachenauf\",\"https:\/\/x.com\/WirMachenAuf_de\"]},{\"@type\":\"Person\",\"@id\":\"https:\/\/now-news.de\/de\/#\/schema\/person\/fb534a4e865501d8b3285208df34a9b5\",\"name\":\"rtnews\",\"image\":{\"@type\":\"ImageObject\",\"inLanguage\":\"de\",\"@id\":\"https:\/\/now-news.de\/de\/#\/schema\/person\/image\/\",\"url\":\"https:\/\/secure.gravatar.com\/avatar\/82aafea7d8127119dd649515f56e2117?s=96&d=mm&r=g\",\"contentUrl\":\"https:\/\/secure.gravatar.com\/avatar\/82aafea7d8127119dd649515f56e2117?s=96&d=mm&r=g\",\"caption\":\"rtnews\"},\"url\":\"https:\/\/now-news.de\/de\/author\/rnews\/\"}]}<\/script>\n<!-- \/ Yoast SEO Premium plugin. -->","yoast_head_json":{"title":"Wann entledigt sich der Westen des Wladimir Selenskij? - just-now.NEWS Deutschland","robots":{"index":"index","follow":"follow","max-snippet":"max-snippet:-1","max-image-preview":"max-image-preview:large","max-video-preview":"max-video-preview:-1"},"canonical":"https:\/\/now-news.de\/de\/deutschland\/wann-entledigt-sich-der-westen-des-wladimir-selenskij\/","og_locale":"de_DE","og_type":"article","og_title":"Wann entledigt sich der Westen des Wladimir Selenskij?","og_description":"Sofort nach Ende der Amtszeit des Kiewer Machthabers Selenskij beeilten sich Vertreter des Westens zu erkl\u00e4ren, dass sie ihn weiterhin als Pr\u00e4sidenten der Ukraine anerkennen. Welche Argumente f\u00fchren sie daf\u00fcr an, warum sind diese fragw\u00fcrdig und wann wird der Westen entscheiden, dass er Selenskij nicht mehr braucht? Von Geworg Mirsajan Seit dem 21. Mai ist [&hellip;]","og_url":"https:\/\/now-news.de\/de\/deutschland\/wann-entledigt-sich-der-westen-des-wladimir-selenskij\/","og_site_name":"just-now.NEWS Deutschland","article_publisher":"https:\/\/www.facebook.com\/wirmachenauf","article_published_time":"2024-05-24T18:45:49+00:00","og_image":[{"url":"https:\/\/now-news.de\/de\/wp-content\/uploads\/sites\/3\/2024\/05\/664e22b6b480cc7d5810176d.jpg"}],"author":"rtnews","twitter_card":"summary_large_image","twitter_creator":"@WirMachenAuf_de","twitter_site":"@WirMachenAuf_de","twitter_misc":{"Verfasst von":"rtnews","Gesch\u00e4tzte Lesezeit":"6\u00a0Minuten"},"schema":{"@context":"https:\/\/schema.org","@graph":[{"@type":"Article","@id":"https:\/\/now-news.de\/de\/deutschland\/wann-entledigt-sich-der-westen-des-wladimir-selenskij\/#article","isPartOf":{"@id":"https:\/\/now-news.de\/de\/deutschland\/wann-entledigt-sich-der-westen-des-wladimir-selenskij\/"},"author":{"name":"rtnews","@id":"https:\/\/now-news.de\/de\/#\/schema\/person\/fb534a4e865501d8b3285208df34a9b5"},"headline":"Wann entledigt sich der Westen des Wladimir Selenskij?","datePublished":"2024-05-24T18:45:49+00:00","dateModified":"2024-05-24T18:45:49+00:00","mainEntityOfPage":{"@id":"https:\/\/now-news.de\/de\/deutschland\/wann-entledigt-sich-der-westen-des-wladimir-selenskij\/"},"wordCount":1177,"commentCount":0,"publisher":{"@id":"https:\/\/now-news.de\/de\/#organization"},"image":{"@id":"https:\/\/now-news.de\/de\/deutschland\/wann-entledigt-sich-der-westen-des-wladimir-selenskij\/#primaryimage"},"thumbnailUrl":"https:\/\/now-news.de\/de\/wp-content\/uploads\/sites\/3\/2024\/05\/Wann-entledigt-sich-der-Westen-des-Wladimir-Selenskij.jpg","keywords":["der","des","entledigt","Selenskij","sich","Wann","Westen","Wladimir"],"articleSection":["Deutschland","Russland"],"inLanguage":"de","potentialAction":[{"@type":"CommentAction","name":"Comment","target":["https:\/\/now-news.de\/de\/deutschland\/wann-entledigt-sich-der-westen-des-wladimir-selenskij\/#respond"]}]},{"@type":"WebPage","@id":"https:\/\/now-news.de\/de\/deutschland\/wann-entledigt-sich-der-westen-des-wladimir-selenskij\/","url":"https:\/\/now-news.de\/de\/deutschland\/wann-entledigt-sich-der-westen-des-wladimir-selenskij\/","name":"Wann entledigt sich der Westen des Wladimir Selenskij? - just-now.NEWS Deutschland","isPartOf":{"@id":"https:\/\/now-news.de\/de\/#website"},"primaryImageOfPage":{"@id":"https:\/\/now-news.de\/de\/deutschland\/wann-entledigt-sich-der-westen-des-wladimir-selenskij\/#primaryimage"},"image":{"@id":"https:\/\/now-news.de\/de\/deutschland\/wann-entledigt-sich-der-westen-des-wladimir-selenskij\/#primaryimage"},"thumbnailUrl":"https:\/\/now-news.de\/de\/wp-content\/uploads\/sites\/3\/2024\/05\/Wann-entledigt-sich-der-Westen-des-Wladimir-Selenskij.jpg","datePublished":"2024-05-24T18:45:49+00:00","dateModified":"2024-05-24T18:45:49+00:00","breadcrumb":{"@id":"https:\/\/now-news.de\/de\/deutschland\/wann-entledigt-sich-der-westen-des-wladimir-selenskij\/#breadcrumb"},"inLanguage":"de","potentialAction":[{"@type":"ReadAction","target":["https:\/\/now-news.de\/de\/deutschland\/wann-entledigt-sich-der-westen-des-wladimir-selenskij\/"]}]},{"@type":"ImageObject","inLanguage":"de","@id":"https:\/\/now-news.de\/de\/deutschland\/wann-entledigt-sich-der-westen-des-wladimir-selenskij\/#primaryimage","url":"https:\/\/now-news.de\/de\/wp-content\/uploads\/sites\/3\/2024\/05\/Wann-entledigt-sich-der-Westen-des-Wladimir-Selenskij.jpg","contentUrl":"https:\/\/now-news.de\/de\/wp-content\/uploads\/sites\/3\/2024\/05\/Wann-entledigt-sich-der-Westen-des-Wladimir-Selenskij.jpg","width":460,"height":259,"caption":"Wann entledigt sich der Westen des Wladimir Selenskij?"},{"@type":"BreadcrumbList","@id":"https:\/\/now-news.de\/de\/deutschland\/wann-entledigt-sich-der-westen-des-wladimir-selenskij\/#breadcrumb","itemListElement":[{"@type":"ListItem","position":1,"name":"Home","item":"https:\/\/now-news.de\/de\/"},{"@type":"ListItem","position":2,"name":"Wann entledigt sich der Westen des Wladimir Selenskij?"}]},{"@type":"WebSite","@id":"https:\/\/now-news.de\/de\/#website","url":"https:\/\/now-news.de\/de\/","name":"just-now.NEWS Deutschland","description":"Das Portal f\u00fcr unzensierte Nachrichten aus der Welt","publisher":{"@id":"https:\/\/now-news.de\/de\/#organization"},"potentialAction":[{"@type":"SearchAction","target":{"@type":"EntryPoint","urlTemplate":"https:\/\/now-news.de\/de\/?s={search_term_string}"},"query-input":"required name=search_term_string"}],"inLanguage":"de"},{"@type":"Organization","@id":"https:\/\/now-news.de\/de\/#organization","name":"Just Now News","url":"https:\/\/now-news.de\/de\/","logo":{"@type":"ImageObject","inLanguage":"de","@id":"https:\/\/now-news.de\/de\/#\/schema\/logo\/image\/","url":"http:\/\/just-now.news\/de\/wp-content\/uploads\/sites\/3\/2022\/04\/logo500x500.jpg","contentUrl":"http:\/\/just-now.news\/de\/wp-content\/uploads\/sites\/3\/2022\/04\/logo500x500.jpg","width":500,"height":500,"caption":"Just Now News"},"image":{"@id":"https:\/\/now-news.de\/de\/#\/schema\/logo\/image\/"},"sameAs":["https:\/\/www.facebook.com\/wirmachenauf","https:\/\/x.com\/WirMachenAuf_de"]},{"@type":"Person","@id":"https:\/\/now-news.de\/de\/#\/schema\/person\/fb534a4e865501d8b3285208df34a9b5","name":"rtnews","image":{"@type":"ImageObject","inLanguage":"de","@id":"https:\/\/now-news.de\/de\/#\/schema\/person\/image\/","url":"https:\/\/secure.gravatar.com\/avatar\/82aafea7d8127119dd649515f56e2117?s=96&d=mm&r=g","contentUrl":"https:\/\/secure.gravatar.com\/avatar\/82aafea7d8127119dd649515f56e2117?s=96&d=mm&r=g","caption":"rtnews"},"url":"https:\/\/now-news.de\/de\/author\/rnews\/"}]}},"_links":{"self":[{"href":"https:\/\/now-news.de\/de\/wp-json\/wp\/v2\/posts\/58785"}],"collection":[{"href":"https:\/\/now-news.de\/de\/wp-json\/wp\/v2\/posts"}],"about":[{"href":"https:\/\/now-news.de\/de\/wp-json\/wp\/v2\/types\/post"}],"author":[{"embeddable":true,"href":"https:\/\/now-news.de\/de\/wp-json\/wp\/v2\/users\/3"}],"replies":[{"embeddable":true,"href":"https:\/\/now-news.de\/de\/wp-json\/wp\/v2\/comments?post=58785"}],"version-history":[{"count":0,"href":"https:\/\/now-news.de\/de\/wp-json\/wp\/v2\/posts\/58785\/revisions"}],"wp:featuredmedia":[{"embeddable":true,"href":"https:\/\/now-news.de\/de\/wp-json\/wp\/v2\/media\/58786"}],"wp:attachment":[{"href":"https:\/\/now-news.de\/de\/wp-json\/wp\/v2\/media?parent=58785"}],"wp:term":[{"taxonomy":"category","embeddable":true,"href":"https:\/\/now-news.de\/de\/wp-json\/wp\/v2\/categories?post=58785"},{"taxonomy":"post_tag","embeddable":true,"href":"https:\/\/now-news.de\/de\/wp-json\/wp\/v2\/tags?post=58785"}],"curies":[{"name":"wp","href":"https:\/\/api.w.org\/{rel}","templated":true}]}}