{"id":58783,"date":"2024-05-24T20:14:33","date_gmt":"2024-05-24T18:14:33","guid":{"rendered":"https:\/\/now-news.de\/de\/deutschland\/putin-und-lukaschenko-fuehren-gespraeche-in-minsk\/"},"modified":"2024-05-24T20:14:33","modified_gmt":"2024-05-24T18:14:33","slug":"putin-und-lukaschenko-fuehren-gespraeche-in-minsk","status":"publish","type":"post","link":"https:\/\/now-news.de\/de\/deutschland\/putin-und-lukaschenko-fuehren-gespraeche-in-minsk\/","title":{"rendered":"Putin und Lukaschenko f\u00fchren Gespr\u00e4che in Minsk"},"content":{"rendered":"<p><img decoding=\"async\" src=\"https:\/\/now-news.de\/de\/wp-content\/uploads\/sites\/3\/2024\/05\/6650b22348fbef67fe1dd273.jpg\" \/><\/p>\n<div class=\"Text-root Text-type_1 \">\n                W\u00e4hrend eines Treffens in Minsk besprach Russlands Pr\u00e4sident Wladimir Putin mit seinem wei\u00dfrussischen Amtskollegen Alexander Lukaschenko die Schaffung eines gemeinsamen Energiemarktes, die F\u00f6rderung der wei\u00dfrussischen Atombranche und die St\u00e4rkung der milit\u00e4rischen Zusammenarbeit.\n            <\/div>\n<p><\/p>\n<div class=\"Text-root Text-type_5 ArticleView-text ViewText-root \">\n<p>In der wei\u00dfrussischen Hauptstadt Minsk\u00a0fand am Freitag ein Treffen zwischen Russlands Pr\u00e4sident Wladimir Putin und seinem wei\u00dfrussischen Amtskollegen Alexander Lukaschenko statt. Das\u00a0meldet die Nachrichtenagentur <em>RIA Nowosti.<\/em><\/p>\n<p>W\u00e4hrend des etwa zweist\u00fcndigen Gespr\u00e4chs wurden unter anderem die Themen\u00a0Energieversorgung und milit\u00e4rische Sicherheit behandelt. Lukaschenko erkl\u00e4rte, dass er vorgeschlagen habe, die Lieferbedingungen f\u00fcr russische Energietr\u00e4ger nach Wei\u00dfrussland endg\u00fcltig zu regeln. Russlands Pr\u00e4sident gab seinerseits bekannt, dass sich ein gemeinsamer russisch-wei\u00dfrussischer Energiemarkt im Aufbau befinde.<\/p>\n<p>Putin teilte weiter mit, dass Moskau Wei\u00dfrussland im Bereich der Nukleartechnologien unterst\u00fctzen werde. Er verwies in diesem Zusammenhang auf die gemeinschaftliche Fertigstellung des Atomkraftwerks in Wei\u00dfrussland im November 2023 und erkl\u00e4rte:<\/p>\n<p><em>&#8220;Sicher sind wir bestrebt, unseren wei\u00dfrussischen Freunden auch weiterhin zu helfen, die eigene Atombranche zu entwickeln sowie die Zusammenarbeit auf weiteren\u00a0hochtechnologischen Gebieten zu st\u00e4rken.&#8221;<\/em><\/p>\n<p>Auch die Schaffung eines gemeinsamen Verteidigungsraumes wurde w\u00e4hrend der Gespr\u00e4che ausf\u00fchrlich behandelt. Putin erkl\u00e4rte dazu:<\/p>\n<p><em>&#8220;Wir verhalten uns zu Wei\u00dfrusslands Sicherheit wie zur Sicherheit der Russischen F\u00f6deration. Das ist wohl das Schl\u00fcsselelement unserer Zusammenarbeit in diesem Bereich.&#8221;<\/em><\/p>\n<p>Alexander Lukaschenko merkte zu den gemeinsamen russisch-wei\u00dfrussischen Milit\u00e4r\u00fcbungen an, dass die beiden Staaten keine Eskalation betreiben, sich aber f\u00fcr alle Eventualit\u00e4ten bereithalten w\u00fcrden:<\/p>\n<p><em>&#8220;Die Welt ist instabil, gef\u00e4hrlich, wir d\u00fcrfen keinen Schlag verpassen, wie es in der Mitte des letzten Jahrhunderts geschah. Doch wir eskalieren die Lage nicht, wir brauchen keinen Krieg, wir sprachen heute nur von friedlichen Perspektiven.&#8221;<\/em><\/p>\n<p>Russlands Pr\u00e4sident \u00e4u\u00dferte sich au\u00dferdem \u00fcber den Beitritt Wei\u00dfrusslands zur Schanghaier Organisation f\u00fcr Zusammenarbeit (SOZ). Putin zufolge werde die offizielle Aufnahme des Landes in die SOZ w\u00e4hrend des Gipfeltreffens der Organisation im kasachischen Astana im Juli angek\u00fcndigt:<\/p>\n<p><em>&#8220;Wei\u00dfrussland wird zum zehnten Mitgliedsland der Schanghaier Organisation f\u00fcr Zusammenarbeit.&#8221;<\/em><\/p>\n<p>Putin war\u00a0am sp\u00e4ten Abend des 23. Mai zu einem offiziellen Besuch nach Minsk gereist.<\/p>\n<p><strong>Mehr zum Thema\u00a0<\/strong>\u2013<strong><\/strong><a rel=\"nofollow noopener\" target=\"_blank\" href=\"https:\/\/freedert.online\/international\/204986-weissrussland-beginnt-ausserplanmaessige-pruefung-von\/\">Wei\u00dfrussland: Au\u00dferplanm\u00e4\u00dfige Pr\u00fcfung von Kernwaffentr\u00e4gern gestartet<\/a><\/p>\n<div class=\"EmbedBlock-root EmbedBlock-externalVideo EmbedBlock-odysee\">\n<div class=\"VkEmbed\"><iframe class=\"lazyload\" data-src=\"https:\/\/odysee.com\/%24\/embed\/%40RTDE%3Ae%2F%C3%9Cbungen-mit-taktischen-Kernwaffen-ein-Hauptthema-%E2%80%93-informelle-Gespr%C3%A4che-Putin-Lukaschenko%3A1\" frameborder=\"0\" width=\"853\" height=\"480\" allowfullscreen><\/iframe><\/div>\n<\/div>\n<\/div>\n<p><br \/>\n<br \/><a href=\"https:\/\/de.rt.com\/international\/206925-putin-und-lukaschenko-fuehren-gespraeche\/\">Source link <\/a><\/p>\n","protected":false},"excerpt":{"rendered":"<p>W\u00e4hrend eines Treffens in Minsk besprach Russlands Pr\u00e4sident Wladimir Putin mit seinem wei\u00dfrussischen Amtskollegen Alexander Lukaschenko die Schaffung eines gemeinsamen Energiemarktes, die F\u00f6rderung der wei\u00dfrussischen Atombranche und die St\u00e4rkung der milit\u00e4rischen Zusammenarbeit. In der wei\u00dfrussischen Hauptstadt Minsk\u00a0fand am Freitag ein Treffen zwischen Russlands Pr\u00e4sident Wladimir Putin und seinem wei\u00dfrussischen Amtskollegen Alexander Lukaschenko statt. Das\u00a0meldet die [&hellip;]<\/p>\n","protected":false},"author":3,"featured_media":58784,"comment_status":"open","ping_status":"open","sticky":false,"template":"","format":"standard","meta":{"_yoast_indexnow_last_ping":["1716575144"],"wp_automatic_camp":["217"],"fd602e1130e8879582caeee7482f2794":["Putin und Lukaschenko f\u00fchren Gespr\u00e4che in Minsk"],"original_link":["https:\/\/de.rt.com\/international\/206925-putin-und-lukaschenko-fuehren-gespraeche\/"],"_thumbnail_id":["58784"],"_wptgpro_p2tg_sent2tg":["a:1:{i:23737;s:19:\"2024-05-24 20:27:55\";}"],"jnews_social_counter_last_update":["1777398696"]},"categories":[19,23],"tags":[1402,11231,21453,19008,125,140],"yoast_head":"<!-- This site is optimized with the Yoast SEO Premium plugin v22.7 (Yoast SEO v22.7) - https:\/\/yoast.com\/wordpress\/plugins\/seo\/ -->\n<title>Putin und Lukaschenko f\u00fchren Gespr\u00e4che in Minsk - just-now.NEWS Deutschland<\/title>\n<meta name=\"robots\" content=\"index, follow, max-snippet:-1, max-image-preview:large, max-video-preview:-1\" \/>\n<link rel=\"canonical\" href=\"https:\/\/now-news.de\/de\/deutschland\/putin-und-lukaschenko-fuehren-gespraeche-in-minsk\/\" \/>\n<meta property=\"og:locale\" content=\"de_DE\" \/>\n<meta property=\"og:type\" content=\"article\" \/>\n<meta property=\"og:title\" content=\"Putin und Lukaschenko f\u00fchren Gespr\u00e4che in Minsk\" \/>\n<meta property=\"og:description\" content=\"W\u00e4hrend eines Treffens in Minsk besprach Russlands Pr\u00e4sident Wladimir Putin mit seinem wei\u00dfrussischen Amtskollegen Alexander Lukaschenko die Schaffung eines gemeinsamen Energiemarktes, die F\u00f6rderung der wei\u00dfrussischen Atombranche und die St\u00e4rkung der milit\u00e4rischen Zusammenarbeit. In der wei\u00dfrussischen Hauptstadt Minsk\u00a0fand am Freitag ein Treffen zwischen Russlands Pr\u00e4sident Wladimir Putin und seinem wei\u00dfrussischen Amtskollegen Alexander Lukaschenko statt. Das\u00a0meldet die [&hellip;]\" \/>\n<meta property=\"og:url\" content=\"https:\/\/now-news.de\/de\/deutschland\/putin-und-lukaschenko-fuehren-gespraeche-in-minsk\/\" \/>\n<meta property=\"og:site_name\" content=\"just-now.NEWS Deutschland\" \/>\n<meta property=\"article:publisher\" content=\"https:\/\/www.facebook.com\/wirmachenauf\" \/>\n<meta property=\"article:published_time\" content=\"2024-05-24T18:14:33+00:00\" \/>\n<meta property=\"og:image\" content=\"https:\/\/now-news.de\/de\/wp-content\/uploads\/sites\/3\/2024\/05\/6650b22348fbef67fe1dd273.jpg\" \/>\n<meta name=\"author\" content=\"rtnews\" \/>\n<meta name=\"twitter:card\" content=\"summary_large_image\" \/>\n<meta name=\"twitter:creator\" content=\"@WirMachenAuf_de\" \/>\n<meta name=\"twitter:site\" content=\"@WirMachenAuf_de\" \/>\n<meta name=\"twitter:label1\" content=\"Verfasst von\" \/>\n\t<meta name=\"twitter:data1\" content=\"rtnews\" \/>\n\t<meta name=\"twitter:label2\" content=\"Gesch\u00e4tzte Lesezeit\" \/>\n\t<meta name=\"twitter:data2\" content=\"2\u00a0Minuten\" \/>\n<script type=\"application\/ld+json\" class=\"yoast-schema-graph\">{\"@context\":\"https:\/\/schema.org\",\"@graph\":[{\"@type\":\"Article\",\"@id\":\"https:\/\/now-news.de\/de\/deutschland\/putin-und-lukaschenko-fuehren-gespraeche-in-minsk\/#article\",\"isPartOf\":{\"@id\":\"https:\/\/now-news.de\/de\/deutschland\/putin-und-lukaschenko-fuehren-gespraeche-in-minsk\/\"},\"author\":{\"name\":\"rtnews\",\"@id\":\"https:\/\/now-news.de\/de\/#\/schema\/person\/fb534a4e865501d8b3285208df34a9b5\"},\"headline\":\"Putin und Lukaschenko f\u00fchren Gespr\u00e4che in Minsk\",\"datePublished\":\"2024-05-24T18:14:33+00:00\",\"dateModified\":\"2024-05-24T18:14:33+00:00\",\"mainEntityOfPage\":{\"@id\":\"https:\/\/now-news.de\/de\/deutschland\/putin-und-lukaschenko-fuehren-gespraeche-in-minsk\/\"},\"wordCount\":395,\"commentCount\":0,\"publisher\":{\"@id\":\"https:\/\/now-news.de\/de\/#organization\"},\"image\":{\"@id\":\"https:\/\/now-news.de\/de\/deutschland\/putin-und-lukaschenko-fuehren-gespraeche-in-minsk\/#primaryimage\"},\"thumbnailUrl\":\"https:\/\/now-news.de\/de\/wp-content\/uploads\/sites\/3\/2024\/05\/Putin-und-Lukaschenko-fuehren-Gespraeche-in-Minsk.jpg\",\"keywords\":[\"f\u00fchren\",\"Gespr\u00e4che\",\"Lukaschenko\",\"Minsk\",\"putin\",\"und\"],\"articleSection\":[\"Deutschland\",\"Russland\"],\"inLanguage\":\"de\",\"potentialAction\":[{\"@type\":\"CommentAction\",\"name\":\"Comment\",\"target\":[\"https:\/\/now-news.de\/de\/deutschland\/putin-und-lukaschenko-fuehren-gespraeche-in-minsk\/#respond\"]}]},{\"@type\":\"WebPage\",\"@id\":\"https:\/\/now-news.de\/de\/deutschland\/putin-und-lukaschenko-fuehren-gespraeche-in-minsk\/\",\"url\":\"https:\/\/now-news.de\/de\/deutschland\/putin-und-lukaschenko-fuehren-gespraeche-in-minsk\/\",\"name\":\"Putin und Lukaschenko f\u00fchren Gespr\u00e4che in Minsk - just-now.NEWS Deutschland\",\"isPartOf\":{\"@id\":\"https:\/\/now-news.de\/de\/#website\"},\"primaryImageOfPage\":{\"@id\":\"https:\/\/now-news.de\/de\/deutschland\/putin-und-lukaschenko-fuehren-gespraeche-in-minsk\/#primaryimage\"},\"image\":{\"@id\":\"https:\/\/now-news.de\/de\/deutschland\/putin-und-lukaschenko-fuehren-gespraeche-in-minsk\/#primaryimage\"},\"thumbnailUrl\":\"https:\/\/now-news.de\/de\/wp-content\/uploads\/sites\/3\/2024\/05\/Putin-und-Lukaschenko-fuehren-Gespraeche-in-Minsk.jpg\",\"datePublished\":\"2024-05-24T18:14:33+00:00\",\"dateModified\":\"2024-05-24T18:14:33+00:00\",\"breadcrumb\":{\"@id\":\"https:\/\/now-news.de\/de\/deutschland\/putin-und-lukaschenko-fuehren-gespraeche-in-minsk\/#breadcrumb\"},\"inLanguage\":\"de\",\"potentialAction\":[{\"@type\":\"ReadAction\",\"target\":[\"https:\/\/now-news.de\/de\/deutschland\/putin-und-lukaschenko-fuehren-gespraeche-in-minsk\/\"]}]},{\"@type\":\"ImageObject\",\"inLanguage\":\"de\",\"@id\":\"https:\/\/now-news.de\/de\/deutschland\/putin-und-lukaschenko-fuehren-gespraeche-in-minsk\/#primaryimage\",\"url\":\"https:\/\/now-news.de\/de\/wp-content\/uploads\/sites\/3\/2024\/05\/Putin-und-Lukaschenko-fuehren-Gespraeche-in-Minsk.jpg\",\"contentUrl\":\"https:\/\/now-news.de\/de\/wp-content\/uploads\/sites\/3\/2024\/05\/Putin-und-Lukaschenko-fuehren-Gespraeche-in-Minsk.jpg\",\"width\":460,\"height\":259,\"caption\":\"Putin und Lukaschenko f\u00fchren Gespr\u00e4che in Minsk\"},{\"@type\":\"BreadcrumbList\",\"@id\":\"https:\/\/now-news.de\/de\/deutschland\/putin-und-lukaschenko-fuehren-gespraeche-in-minsk\/#breadcrumb\",\"itemListElement\":[{\"@type\":\"ListItem\",\"position\":1,\"name\":\"Home\",\"item\":\"https:\/\/now-news.de\/de\/\"},{\"@type\":\"ListItem\",\"position\":2,\"name\":\"Putin und Lukaschenko f\u00fchren Gespr\u00e4che in Minsk\"}]},{\"@type\":\"WebSite\",\"@id\":\"https:\/\/now-news.de\/de\/#website\",\"url\":\"https:\/\/now-news.de\/de\/\",\"name\":\"just-now.NEWS Deutschland\",\"description\":\"Das Portal f\u00fcr unzensierte Nachrichten aus der Welt\",\"publisher\":{\"@id\":\"https:\/\/now-news.de\/de\/#organization\"},\"potentialAction\":[{\"@type\":\"SearchAction\",\"target\":{\"@type\":\"EntryPoint\",\"urlTemplate\":\"https:\/\/now-news.de\/de\/?s={search_term_string}\"},\"query-input\":\"required name=search_term_string\"}],\"inLanguage\":\"de\"},{\"@type\":\"Organization\",\"@id\":\"https:\/\/now-news.de\/de\/#organization\",\"name\":\"Just Now News\",\"url\":\"https:\/\/now-news.de\/de\/\",\"logo\":{\"@type\":\"ImageObject\",\"inLanguage\":\"de\",\"@id\":\"https:\/\/now-news.de\/de\/#\/schema\/logo\/image\/\",\"url\":\"http:\/\/just-now.news\/de\/wp-content\/uploads\/sites\/3\/2022\/04\/logo500x500.jpg\",\"contentUrl\":\"http:\/\/just-now.news\/de\/wp-content\/uploads\/sites\/3\/2022\/04\/logo500x500.jpg\",\"width\":500,\"height\":500,\"caption\":\"Just Now News\"},\"image\":{\"@id\":\"https:\/\/now-news.de\/de\/#\/schema\/logo\/image\/\"},\"sameAs\":[\"https:\/\/www.facebook.com\/wirmachenauf\",\"https:\/\/x.com\/WirMachenAuf_de\"]},{\"@type\":\"Person\",\"@id\":\"https:\/\/now-news.de\/de\/#\/schema\/person\/fb534a4e865501d8b3285208df34a9b5\",\"name\":\"rtnews\",\"image\":{\"@type\":\"ImageObject\",\"inLanguage\":\"de\",\"@id\":\"https:\/\/now-news.de\/de\/#\/schema\/person\/image\/\",\"url\":\"https:\/\/secure.gravatar.com\/avatar\/82aafea7d8127119dd649515f56e2117?s=96&d=mm&r=g\",\"contentUrl\":\"https:\/\/secure.gravatar.com\/avatar\/82aafea7d8127119dd649515f56e2117?s=96&d=mm&r=g\",\"caption\":\"rtnews\"},\"url\":\"https:\/\/now-news.de\/de\/author\/rnews\/\"}]}<\/script>\n<!-- \/ Yoast SEO Premium plugin. -->","yoast_head_json":{"title":"Putin und Lukaschenko f\u00fchren Gespr\u00e4che in Minsk - just-now.NEWS Deutschland","robots":{"index":"index","follow":"follow","max-snippet":"max-snippet:-1","max-image-preview":"max-image-preview:large","max-video-preview":"max-video-preview:-1"},"canonical":"https:\/\/now-news.de\/de\/deutschland\/putin-und-lukaschenko-fuehren-gespraeche-in-minsk\/","og_locale":"de_DE","og_type":"article","og_title":"Putin und Lukaschenko f\u00fchren Gespr\u00e4che in Minsk","og_description":"W\u00e4hrend eines Treffens in Minsk besprach Russlands Pr\u00e4sident Wladimir Putin mit seinem wei\u00dfrussischen Amtskollegen Alexander Lukaschenko die Schaffung eines gemeinsamen Energiemarktes, die F\u00f6rderung der wei\u00dfrussischen Atombranche und die St\u00e4rkung der milit\u00e4rischen Zusammenarbeit. In der wei\u00dfrussischen Hauptstadt Minsk\u00a0fand am Freitag ein Treffen zwischen Russlands Pr\u00e4sident Wladimir Putin und seinem wei\u00dfrussischen Amtskollegen Alexander Lukaschenko statt. Das\u00a0meldet die [&hellip;]","og_url":"https:\/\/now-news.de\/de\/deutschland\/putin-und-lukaschenko-fuehren-gespraeche-in-minsk\/","og_site_name":"just-now.NEWS Deutschland","article_publisher":"https:\/\/www.facebook.com\/wirmachenauf","article_published_time":"2024-05-24T18:14:33+00:00","og_image":[{"url":"https:\/\/now-news.de\/de\/wp-content\/uploads\/sites\/3\/2024\/05\/6650b22348fbef67fe1dd273.jpg"}],"author":"rtnews","twitter_card":"summary_large_image","twitter_creator":"@WirMachenAuf_de","twitter_site":"@WirMachenAuf_de","twitter_misc":{"Verfasst von":"rtnews","Gesch\u00e4tzte Lesezeit":"2\u00a0Minuten"},"schema":{"@context":"https:\/\/schema.org","@graph":[{"@type":"Article","@id":"https:\/\/now-news.de\/de\/deutschland\/putin-und-lukaschenko-fuehren-gespraeche-in-minsk\/#article","isPartOf":{"@id":"https:\/\/now-news.de\/de\/deutschland\/putin-und-lukaschenko-fuehren-gespraeche-in-minsk\/"},"author":{"name":"rtnews","@id":"https:\/\/now-news.de\/de\/#\/schema\/person\/fb534a4e865501d8b3285208df34a9b5"},"headline":"Putin und Lukaschenko f\u00fchren Gespr\u00e4che in Minsk","datePublished":"2024-05-24T18:14:33+00:00","dateModified":"2024-05-24T18:14:33+00:00","mainEntityOfPage":{"@id":"https:\/\/now-news.de\/de\/deutschland\/putin-und-lukaschenko-fuehren-gespraeche-in-minsk\/"},"wordCount":395,"commentCount":0,"publisher":{"@id":"https:\/\/now-news.de\/de\/#organization"},"image":{"@id":"https:\/\/now-news.de\/de\/deutschland\/putin-und-lukaschenko-fuehren-gespraeche-in-minsk\/#primaryimage"},"thumbnailUrl":"https:\/\/now-news.de\/de\/wp-content\/uploads\/sites\/3\/2024\/05\/Putin-und-Lukaschenko-fuehren-Gespraeche-in-Minsk.jpg","keywords":["f\u00fchren","Gespr\u00e4che","Lukaschenko","Minsk","putin","und"],"articleSection":["Deutschland","Russland"],"inLanguage":"de","potentialAction":[{"@type":"CommentAction","name":"Comment","target":["https:\/\/now-news.de\/de\/deutschland\/putin-und-lukaschenko-fuehren-gespraeche-in-minsk\/#respond"]}]},{"@type":"WebPage","@id":"https:\/\/now-news.de\/de\/deutschland\/putin-und-lukaschenko-fuehren-gespraeche-in-minsk\/","url":"https:\/\/now-news.de\/de\/deutschland\/putin-und-lukaschenko-fuehren-gespraeche-in-minsk\/","name":"Putin und Lukaschenko f\u00fchren Gespr\u00e4che in Minsk - just-now.NEWS Deutschland","isPartOf":{"@id":"https:\/\/now-news.de\/de\/#website"},"primaryImageOfPage":{"@id":"https:\/\/now-news.de\/de\/deutschland\/putin-und-lukaschenko-fuehren-gespraeche-in-minsk\/#primaryimage"},"image":{"@id":"https:\/\/now-news.de\/de\/deutschland\/putin-und-lukaschenko-fuehren-gespraeche-in-minsk\/#primaryimage"},"thumbnailUrl":"https:\/\/now-news.de\/de\/wp-content\/uploads\/sites\/3\/2024\/05\/Putin-und-Lukaschenko-fuehren-Gespraeche-in-Minsk.jpg","datePublished":"2024-05-24T18:14:33+00:00","dateModified":"2024-05-24T18:14:33+00:00","breadcrumb":{"@id":"https:\/\/now-news.de\/de\/deutschland\/putin-und-lukaschenko-fuehren-gespraeche-in-minsk\/#breadcrumb"},"inLanguage":"de","potentialAction":[{"@type":"ReadAction","target":["https:\/\/now-news.de\/de\/deutschland\/putin-und-lukaschenko-fuehren-gespraeche-in-minsk\/"]}]},{"@type":"ImageObject","inLanguage":"de","@id":"https:\/\/now-news.de\/de\/deutschland\/putin-und-lukaschenko-fuehren-gespraeche-in-minsk\/#primaryimage","url":"https:\/\/now-news.de\/de\/wp-content\/uploads\/sites\/3\/2024\/05\/Putin-und-Lukaschenko-fuehren-Gespraeche-in-Minsk.jpg","contentUrl":"https:\/\/now-news.de\/de\/wp-content\/uploads\/sites\/3\/2024\/05\/Putin-und-Lukaschenko-fuehren-Gespraeche-in-Minsk.jpg","width":460,"height":259,"caption":"Putin und Lukaschenko f\u00fchren Gespr\u00e4che in Minsk"},{"@type":"BreadcrumbList","@id":"https:\/\/now-news.de\/de\/deutschland\/putin-und-lukaschenko-fuehren-gespraeche-in-minsk\/#breadcrumb","itemListElement":[{"@type":"ListItem","position":1,"name":"Home","item":"https:\/\/now-news.de\/de\/"},{"@type":"ListItem","position":2,"name":"Putin und Lukaschenko f\u00fchren Gespr\u00e4che in Minsk"}]},{"@type":"WebSite","@id":"https:\/\/now-news.de\/de\/#website","url":"https:\/\/now-news.de\/de\/","name":"just-now.NEWS Deutschland","description":"Das Portal f\u00fcr unzensierte Nachrichten aus der Welt","publisher":{"@id":"https:\/\/now-news.de\/de\/#organization"},"potentialAction":[{"@type":"SearchAction","target":{"@type":"EntryPoint","urlTemplate":"https:\/\/now-news.de\/de\/?s={search_term_string}"},"query-input":"required name=search_term_string"}],"inLanguage":"de"},{"@type":"Organization","@id":"https:\/\/now-news.de\/de\/#organization","name":"Just Now News","url":"https:\/\/now-news.de\/de\/","logo":{"@type":"ImageObject","inLanguage":"de","@id":"https:\/\/now-news.de\/de\/#\/schema\/logo\/image\/","url":"http:\/\/just-now.news\/de\/wp-content\/uploads\/sites\/3\/2022\/04\/logo500x500.jpg","contentUrl":"http:\/\/just-now.news\/de\/wp-content\/uploads\/sites\/3\/2022\/04\/logo500x500.jpg","width":500,"height":500,"caption":"Just Now News"},"image":{"@id":"https:\/\/now-news.de\/de\/#\/schema\/logo\/image\/"},"sameAs":["https:\/\/www.facebook.com\/wirmachenauf","https:\/\/x.com\/WirMachenAuf_de"]},{"@type":"Person","@id":"https:\/\/now-news.de\/de\/#\/schema\/person\/fb534a4e865501d8b3285208df34a9b5","name":"rtnews","image":{"@type":"ImageObject","inLanguage":"de","@id":"https:\/\/now-news.de\/de\/#\/schema\/person\/image\/","url":"https:\/\/secure.gravatar.com\/avatar\/82aafea7d8127119dd649515f56e2117?s=96&d=mm&r=g","contentUrl":"https:\/\/secure.gravatar.com\/avatar\/82aafea7d8127119dd649515f56e2117?s=96&d=mm&r=g","caption":"rtnews"},"url":"https:\/\/now-news.de\/de\/author\/rnews\/"}]}},"_links":{"self":[{"href":"https:\/\/now-news.de\/de\/wp-json\/wp\/v2\/posts\/58783"}],"collection":[{"href":"https:\/\/now-news.de\/de\/wp-json\/wp\/v2\/posts"}],"about":[{"href":"https:\/\/now-news.de\/de\/wp-json\/wp\/v2\/types\/post"}],"author":[{"embeddable":true,"href":"https:\/\/now-news.de\/de\/wp-json\/wp\/v2\/users\/3"}],"replies":[{"embeddable":true,"href":"https:\/\/now-news.de\/de\/wp-json\/wp\/v2\/comments?post=58783"}],"version-history":[{"count":0,"href":"https:\/\/now-news.de\/de\/wp-json\/wp\/v2\/posts\/58783\/revisions"}],"wp:featuredmedia":[{"embeddable":true,"href":"https:\/\/now-news.de\/de\/wp-json\/wp\/v2\/media\/58784"}],"wp:attachment":[{"href":"https:\/\/now-news.de\/de\/wp-json\/wp\/v2\/media?parent=58783"}],"wp:term":[{"taxonomy":"category","embeddable":true,"href":"https:\/\/now-news.de\/de\/wp-json\/wp\/v2\/categories?post=58783"},{"taxonomy":"post_tag","embeddable":true,"href":"https:\/\/now-news.de\/de\/wp-json\/wp\/v2\/tags?post=58783"}],"curies":[{"name":"wp","href":"https:\/\/api.w.org\/{rel}","templated":true}]}}