{"id":58754,"date":"2024-05-24T12:41:41","date_gmt":"2024-05-24T10:41:41","guid":{"rendered":"https:\/\/now-news.de\/de\/deutschland\/bericht-biden-nicht-zum-ukraine-gipfel-wegen-spendengala-in-kalifornien\/"},"modified":"2024-05-24T12:41:41","modified_gmt":"2024-05-24T10:41:41","slug":"bericht-biden-nicht-zum-ukraine-gipfel-wegen-spendengala-in-kalifornien","status":"publish","type":"post","link":"https:\/\/now-news.de\/de\/deutschland\/bericht-biden-nicht-zum-ukraine-gipfel-wegen-spendengala-in-kalifornien\/","title":{"rendered":"Bericht: Biden nicht zum Ukraine-Gipfel &#8211; wegen Spendengala in Kalifornien"},"content":{"rendered":"<p><img decoding=\"async\" src=\"https:\/\/now-news.de\/de\/wp-content\/uploads\/sites\/3\/2024\/05\/66504d3eb480cc178d3f5477.jpg\" \/><\/p>\n<div class=\"Text-root Text-type_1 \">\n                US-Pr\u00e4sident Joe Biden wird wahrscheinlich nicht am bevorstehenden Friedensgipfel teilnehmen, der am 15. und 16. Juni in der Schweiz stattfindet, berichtet Bloomberg. Demnach \u00fcberschneidet sich die Konferenz mit einer Spendenveranstaltung f\u00fcr seinen Wahlkampf.\n            <\/div>\n<p><\/p>\n<div class=\"Text-root Text-type_5 ArticleView-text ViewText-root \">\n<p>Laut <em>Bloomberg<\/em> f\u00e4llt der Schweizer Gipfel mit einer Spendenveranstaltung f\u00fcr Bidens Wahlkampf zusammen, an der er mit George Clooney, Julia Roberts und Jimmy Kimmel teilnehmen soll. Mit der Angelegenheit vertraute Personen, die anonym bleiben wollten, teilten mit, Biden werde am G7-Gipfel vom 13. bis 15. Juni in Italien teilnehmen und von dort nach Los Angeles zu der Spendenveranstaltung fliegen.<\/p>\n<p>Jake Sullivan, der Nationale Sicherheitsberater der USA, erkl\u00e4rte diese Woche, er k\u00f6nne Bidens Teilnahme am Gipfel noch nicht best\u00e4tigen.<\/p>\n<p>Nach Angaben der Schweizer Bundespr\u00e4sidentin Viola Amherd haben bereits mehr als 50 L\u00e4nder ihre Teilnahme an der Veranstaltung auf dem\u00a0B\u00fcrgenstock zugesagt, darunter auch Deutschland. Bundeskanzler Olaf Scholz habe in einem Telefonat mit Pr\u00e4sident Wladimir Selenskij seine Teilnahme best\u00e4tigt, teilte der Sprecher der Bundesregierung Steffen Hebestreit mit.<\/p>\n<p>Russland ist nicht eingeladen. Der Gipfel, von dem sich die Schweiz den Beginn eines Friedensprozesses erhoffe, sei ohne die Teilnahme Russlands sinnlos, kommentierte Kremlsprecher Dmitri Peskow.<\/p>\n<blockquote>\n<p><em>&#8220;H\u00f6chstwahrscheinlich wird es nur leeres Gerede ohne Aussicht auf zumindest greifbare Ergebnisse sein.&#8221;<\/em><\/p>\n<\/blockquote>\n<p>Im Mittelpunkt des Gipfels steht der Zehn-Punkte-Plan, den Selenskij bereits im September 2022 vor der Generalversammlung der Vereinten Nationen vorgeschlagen hatte. Er sieht unter anderem den vollst\u00e4ndigen R\u00fcckzug der russischen Truppen, die Einstellung der Kampfhandlungen, Wiedergutmachung und eine Bestrafung der Verantwortlichen vor.<strong><\/strong><\/p>\n<p>Wie die ukrainische Zeitung <em>Delowaja Stoliza<\/em>\u00a0diese Woche berichtete, will Selenskij\u00a0die Friedensformel\u00a0bei der bevorstehenden Konferenz auf drei Punkte reduzieren. Bei den Gespr\u00e4chen sollen die Nuklearsicherheit, die Lebensmittelsicherheit sowie die Freilassung von Gefangenen und Abgeschobenen er\u00f6rtert werden.\u00a0Ukrainische Journalisten betonten, dass die sieben anderen Punkte auf unbestimmte Zeit verschoben werden.<\/p>\n<p><strong>Mehr zum Thema &#8211; <\/strong><a rel=\"nofollow noopener\" target=\"_blank\" href=\"https:\/\/freedert.online\/international\/206343-kirby-bidens-teilnahme-an-selenskijs-friedenskonferenz-nicht-geplant\/\">Kirby: Bidens Teilnahme an Selenskijs Friedenskonferenz nicht geplant<\/a><\/p>\n<\/div>\n<p><br \/>\n<br \/><a href=\"https:\/\/de.rt.com\/international\/206870-bericht-biden-verpasst-ukraine-gipfel\/\">Source link <\/a><\/p>\n","protected":false},"excerpt":{"rendered":"<p>US-Pr\u00e4sident Joe Biden wird wahrscheinlich nicht am bevorstehenden Friedensgipfel teilnehmen, der am 15. und 16. Juni in der Schweiz stattfindet, berichtet Bloomberg. Demnach \u00fcberschneidet sich die Konferenz mit einer Spendenveranstaltung f\u00fcr seinen Wahlkampf. Laut Bloomberg f\u00e4llt der Schweizer Gipfel mit einer Spendenveranstaltung f\u00fcr Bidens Wahlkampf zusammen, an der er mit George Clooney, Julia Roberts und [&hellip;]<\/p>\n","protected":false},"author":3,"featured_media":58755,"comment_status":"open","ping_status":"open","sticky":false,"template":"","format":"standard","meta":{"_yoast_indexnow_last_ping":["1716548023"],"wp_automatic_camp":["217"],"45096c0a12e48dff5a9b8b00beb97351":["Bericht: Biden nicht zum Ukraine-Gipfel - wegen Spendengala in Kalifornien"],"original_link":["https:\/\/de.rt.com\/international\/206870-bericht-biden-verpasst-ukraine-gipfel\/"],"_thumbnail_id":["58755"],"_wptgpro_p2tg_sent2tg":["a:1:{i:23737;s:19:\"2024-05-24 12:55:00\";}"],"jnews_social_counter_last_update":["1777623372"]},"categories":[19,23],"tags":[667,1348,1038,800,54802,55027,145,565],"yoast_head":"<!-- This site is optimized with the Yoast SEO Premium plugin v22.7 (Yoast SEO v22.7) - https:\/\/yoast.com\/wordpress\/plugins\/seo\/ -->\n<title>Bericht: Biden nicht zum Ukraine-Gipfel - wegen Spendengala in Kalifornien - just-now.NEWS Deutschland<\/title>\n<meta name=\"robots\" content=\"index, follow, max-snippet:-1, max-image-preview:large, max-video-preview:-1\" \/>\n<link rel=\"canonical\" href=\"https:\/\/now-news.de\/de\/deutschland\/bericht-biden-nicht-zum-ukraine-gipfel-wegen-spendengala-in-kalifornien\/\" \/>\n<meta property=\"og:locale\" content=\"de_DE\" \/>\n<meta property=\"og:type\" content=\"article\" \/>\n<meta property=\"og:title\" content=\"Bericht: Biden nicht zum Ukraine-Gipfel - wegen Spendengala in Kalifornien\" \/>\n<meta property=\"og:description\" content=\"US-Pr\u00e4sident Joe Biden wird wahrscheinlich nicht am bevorstehenden Friedensgipfel teilnehmen, der am 15. und 16. Juni in der Schweiz stattfindet, berichtet Bloomberg. Demnach \u00fcberschneidet sich die Konferenz mit einer Spendenveranstaltung f\u00fcr seinen Wahlkampf. Laut Bloomberg f\u00e4llt der Schweizer Gipfel mit einer Spendenveranstaltung f\u00fcr Bidens Wahlkampf zusammen, an der er mit George Clooney, Julia Roberts und [&hellip;]\" \/>\n<meta property=\"og:url\" content=\"https:\/\/now-news.de\/de\/deutschland\/bericht-biden-nicht-zum-ukraine-gipfel-wegen-spendengala-in-kalifornien\/\" \/>\n<meta property=\"og:site_name\" content=\"just-now.NEWS Deutschland\" \/>\n<meta property=\"article:publisher\" content=\"https:\/\/www.facebook.com\/wirmachenauf\" \/>\n<meta property=\"article:published_time\" content=\"2024-05-24T10:41:41+00:00\" \/>\n<meta property=\"og:image\" content=\"https:\/\/now-news.de\/de\/wp-content\/uploads\/sites\/3\/2024\/05\/66504d3eb480cc178d3f5477.jpg\" \/>\n<meta name=\"author\" content=\"rtnews\" \/>\n<meta name=\"twitter:card\" content=\"summary_large_image\" \/>\n<meta name=\"twitter:creator\" content=\"@WirMachenAuf_de\" \/>\n<meta name=\"twitter:site\" content=\"@WirMachenAuf_de\" \/>\n<meta name=\"twitter:label1\" content=\"Verfasst von\" \/>\n\t<meta name=\"twitter:data1\" content=\"rtnews\" \/>\n\t<meta name=\"twitter:label2\" content=\"Gesch\u00e4tzte Lesezeit\" \/>\n\t<meta name=\"twitter:data2\" content=\"2\u00a0Minuten\" \/>\n<script type=\"application\/ld+json\" class=\"yoast-schema-graph\">{\"@context\":\"https:\/\/schema.org\",\"@graph\":[{\"@type\":\"Article\",\"@id\":\"https:\/\/now-news.de\/de\/deutschland\/bericht-biden-nicht-zum-ukraine-gipfel-wegen-spendengala-in-kalifornien\/#article\",\"isPartOf\":{\"@id\":\"https:\/\/now-news.de\/de\/deutschland\/bericht-biden-nicht-zum-ukraine-gipfel-wegen-spendengala-in-kalifornien\/\"},\"author\":{\"name\":\"rtnews\",\"@id\":\"https:\/\/now-news.de\/de\/#\/schema\/person\/fb534a4e865501d8b3285208df34a9b5\"},\"headline\":\"Bericht: Biden nicht zum Ukraine-Gipfel &#8211; wegen Spendengala in Kalifornien\",\"datePublished\":\"2024-05-24T10:41:41+00:00\",\"dateModified\":\"2024-05-24T10:41:41+00:00\",\"mainEntityOfPage\":{\"@id\":\"https:\/\/now-news.de\/de\/deutschland\/bericht-biden-nicht-zum-ukraine-gipfel-wegen-spendengala-in-kalifornien\/\"},\"wordCount\":327,\"commentCount\":0,\"publisher\":{\"@id\":\"https:\/\/now-news.de\/de\/#organization\"},\"image\":{\"@id\":\"https:\/\/now-news.de\/de\/deutschland\/bericht-biden-nicht-zum-ukraine-gipfel-wegen-spendengala-in-kalifornien\/#primaryimage\"},\"thumbnailUrl\":\"https:\/\/now-news.de\/de\/wp-content\/uploads\/sites\/3\/2024\/05\/Bericht-Biden-nicht-zum-Ukraine-Gipfel-wegen-Spendengala-in-Kalifornien.jpg\",\"keywords\":[\"Bericht\",\"Biden\",\"Kalifornien\",\"nicht\",\"Spendengala\",\"UkraineGipfel\",\"wegen\",\"zum\"],\"articleSection\":[\"Deutschland\",\"Russland\"],\"inLanguage\":\"de\",\"potentialAction\":[{\"@type\":\"CommentAction\",\"name\":\"Comment\",\"target\":[\"https:\/\/now-news.de\/de\/deutschland\/bericht-biden-nicht-zum-ukraine-gipfel-wegen-spendengala-in-kalifornien\/#respond\"]}]},{\"@type\":\"WebPage\",\"@id\":\"https:\/\/now-news.de\/de\/deutschland\/bericht-biden-nicht-zum-ukraine-gipfel-wegen-spendengala-in-kalifornien\/\",\"url\":\"https:\/\/now-news.de\/de\/deutschland\/bericht-biden-nicht-zum-ukraine-gipfel-wegen-spendengala-in-kalifornien\/\",\"name\":\"Bericht: Biden nicht zum Ukraine-Gipfel - wegen Spendengala in Kalifornien - just-now.NEWS Deutschland\",\"isPartOf\":{\"@id\":\"https:\/\/now-news.de\/de\/#website\"},\"primaryImageOfPage\":{\"@id\":\"https:\/\/now-news.de\/de\/deutschland\/bericht-biden-nicht-zum-ukraine-gipfel-wegen-spendengala-in-kalifornien\/#primaryimage\"},\"image\":{\"@id\":\"https:\/\/now-news.de\/de\/deutschland\/bericht-biden-nicht-zum-ukraine-gipfel-wegen-spendengala-in-kalifornien\/#primaryimage\"},\"thumbnailUrl\":\"https:\/\/now-news.de\/de\/wp-content\/uploads\/sites\/3\/2024\/05\/Bericht-Biden-nicht-zum-Ukraine-Gipfel-wegen-Spendengala-in-Kalifornien.jpg\",\"datePublished\":\"2024-05-24T10:41:41+00:00\",\"dateModified\":\"2024-05-24T10:41:41+00:00\",\"breadcrumb\":{\"@id\":\"https:\/\/now-news.de\/de\/deutschland\/bericht-biden-nicht-zum-ukraine-gipfel-wegen-spendengala-in-kalifornien\/#breadcrumb\"},\"inLanguage\":\"de\",\"potentialAction\":[{\"@type\":\"ReadAction\",\"target\":[\"https:\/\/now-news.de\/de\/deutschland\/bericht-biden-nicht-zum-ukraine-gipfel-wegen-spendengala-in-kalifornien\/\"]}]},{\"@type\":\"ImageObject\",\"inLanguage\":\"de\",\"@id\":\"https:\/\/now-news.de\/de\/deutschland\/bericht-biden-nicht-zum-ukraine-gipfel-wegen-spendengala-in-kalifornien\/#primaryimage\",\"url\":\"https:\/\/now-news.de\/de\/wp-content\/uploads\/sites\/3\/2024\/05\/Bericht-Biden-nicht-zum-Ukraine-Gipfel-wegen-Spendengala-in-Kalifornien.jpg\",\"contentUrl\":\"https:\/\/now-news.de\/de\/wp-content\/uploads\/sites\/3\/2024\/05\/Bericht-Biden-nicht-zum-Ukraine-Gipfel-wegen-Spendengala-in-Kalifornien.jpg\",\"width\":460,\"height\":259,\"caption\":\"Bericht: Biden nicht zum Ukraine-Gipfel - wegen Spendengala in Kalifornien\"},{\"@type\":\"BreadcrumbList\",\"@id\":\"https:\/\/now-news.de\/de\/deutschland\/bericht-biden-nicht-zum-ukraine-gipfel-wegen-spendengala-in-kalifornien\/#breadcrumb\",\"itemListElement\":[{\"@type\":\"ListItem\",\"position\":1,\"name\":\"Home\",\"item\":\"https:\/\/now-news.de\/de\/\"},{\"@type\":\"ListItem\",\"position\":2,\"name\":\"Bericht: Biden nicht zum Ukraine-Gipfel &#8211; wegen Spendengala in Kalifornien\"}]},{\"@type\":\"WebSite\",\"@id\":\"https:\/\/now-news.de\/de\/#website\",\"url\":\"https:\/\/now-news.de\/de\/\",\"name\":\"just-now.NEWS Deutschland\",\"description\":\"Das Portal f\u00fcr unzensierte Nachrichten aus der Welt\",\"publisher\":{\"@id\":\"https:\/\/now-news.de\/de\/#organization\"},\"potentialAction\":[{\"@type\":\"SearchAction\",\"target\":{\"@type\":\"EntryPoint\",\"urlTemplate\":\"https:\/\/now-news.de\/de\/?s={search_term_string}\"},\"query-input\":\"required name=search_term_string\"}],\"inLanguage\":\"de\"},{\"@type\":\"Organization\",\"@id\":\"https:\/\/now-news.de\/de\/#organization\",\"name\":\"Just Now News\",\"url\":\"https:\/\/now-news.de\/de\/\",\"logo\":{\"@type\":\"ImageObject\",\"inLanguage\":\"de\",\"@id\":\"https:\/\/now-news.de\/de\/#\/schema\/logo\/image\/\",\"url\":\"http:\/\/just-now.news\/de\/wp-content\/uploads\/sites\/3\/2022\/04\/logo500x500.jpg\",\"contentUrl\":\"http:\/\/just-now.news\/de\/wp-content\/uploads\/sites\/3\/2022\/04\/logo500x500.jpg\",\"width\":500,\"height\":500,\"caption\":\"Just Now News\"},\"image\":{\"@id\":\"https:\/\/now-news.de\/de\/#\/schema\/logo\/image\/\"},\"sameAs\":[\"https:\/\/www.facebook.com\/wirmachenauf\",\"https:\/\/x.com\/WirMachenAuf_de\"]},{\"@type\":\"Person\",\"@id\":\"https:\/\/now-news.de\/de\/#\/schema\/person\/fb534a4e865501d8b3285208df34a9b5\",\"name\":\"rtnews\",\"image\":{\"@type\":\"ImageObject\",\"inLanguage\":\"de\",\"@id\":\"https:\/\/now-news.de\/de\/#\/schema\/person\/image\/\",\"url\":\"https:\/\/secure.gravatar.com\/avatar\/82aafea7d8127119dd649515f56e2117?s=96&d=mm&r=g\",\"contentUrl\":\"https:\/\/secure.gravatar.com\/avatar\/82aafea7d8127119dd649515f56e2117?s=96&d=mm&r=g\",\"caption\":\"rtnews\"},\"url\":\"https:\/\/now-news.de\/de\/author\/rnews\/\"}]}<\/script>\n<!-- \/ Yoast SEO Premium plugin. -->","yoast_head_json":{"title":"Bericht: Biden nicht zum Ukraine-Gipfel - wegen Spendengala in Kalifornien - just-now.NEWS Deutschland","robots":{"index":"index","follow":"follow","max-snippet":"max-snippet:-1","max-image-preview":"max-image-preview:large","max-video-preview":"max-video-preview:-1"},"canonical":"https:\/\/now-news.de\/de\/deutschland\/bericht-biden-nicht-zum-ukraine-gipfel-wegen-spendengala-in-kalifornien\/","og_locale":"de_DE","og_type":"article","og_title":"Bericht: Biden nicht zum Ukraine-Gipfel - wegen Spendengala in Kalifornien","og_description":"US-Pr\u00e4sident Joe Biden wird wahrscheinlich nicht am bevorstehenden Friedensgipfel teilnehmen, der am 15. und 16. Juni in der Schweiz stattfindet, berichtet Bloomberg. Demnach \u00fcberschneidet sich die Konferenz mit einer Spendenveranstaltung f\u00fcr seinen Wahlkampf. Laut Bloomberg f\u00e4llt der Schweizer Gipfel mit einer Spendenveranstaltung f\u00fcr Bidens Wahlkampf zusammen, an der er mit George Clooney, Julia Roberts und [&hellip;]","og_url":"https:\/\/now-news.de\/de\/deutschland\/bericht-biden-nicht-zum-ukraine-gipfel-wegen-spendengala-in-kalifornien\/","og_site_name":"just-now.NEWS Deutschland","article_publisher":"https:\/\/www.facebook.com\/wirmachenauf","article_published_time":"2024-05-24T10:41:41+00:00","og_image":[{"url":"https:\/\/now-news.de\/de\/wp-content\/uploads\/sites\/3\/2024\/05\/66504d3eb480cc178d3f5477.jpg"}],"author":"rtnews","twitter_card":"summary_large_image","twitter_creator":"@WirMachenAuf_de","twitter_site":"@WirMachenAuf_de","twitter_misc":{"Verfasst von":"rtnews","Gesch\u00e4tzte Lesezeit":"2\u00a0Minuten"},"schema":{"@context":"https:\/\/schema.org","@graph":[{"@type":"Article","@id":"https:\/\/now-news.de\/de\/deutschland\/bericht-biden-nicht-zum-ukraine-gipfel-wegen-spendengala-in-kalifornien\/#article","isPartOf":{"@id":"https:\/\/now-news.de\/de\/deutschland\/bericht-biden-nicht-zum-ukraine-gipfel-wegen-spendengala-in-kalifornien\/"},"author":{"name":"rtnews","@id":"https:\/\/now-news.de\/de\/#\/schema\/person\/fb534a4e865501d8b3285208df34a9b5"},"headline":"Bericht: Biden nicht zum Ukraine-Gipfel &#8211; wegen Spendengala in Kalifornien","datePublished":"2024-05-24T10:41:41+00:00","dateModified":"2024-05-24T10:41:41+00:00","mainEntityOfPage":{"@id":"https:\/\/now-news.de\/de\/deutschland\/bericht-biden-nicht-zum-ukraine-gipfel-wegen-spendengala-in-kalifornien\/"},"wordCount":327,"commentCount":0,"publisher":{"@id":"https:\/\/now-news.de\/de\/#organization"},"image":{"@id":"https:\/\/now-news.de\/de\/deutschland\/bericht-biden-nicht-zum-ukraine-gipfel-wegen-spendengala-in-kalifornien\/#primaryimage"},"thumbnailUrl":"https:\/\/now-news.de\/de\/wp-content\/uploads\/sites\/3\/2024\/05\/Bericht-Biden-nicht-zum-Ukraine-Gipfel-wegen-Spendengala-in-Kalifornien.jpg","keywords":["Bericht","Biden","Kalifornien","nicht","Spendengala","UkraineGipfel","wegen","zum"],"articleSection":["Deutschland","Russland"],"inLanguage":"de","potentialAction":[{"@type":"CommentAction","name":"Comment","target":["https:\/\/now-news.de\/de\/deutschland\/bericht-biden-nicht-zum-ukraine-gipfel-wegen-spendengala-in-kalifornien\/#respond"]}]},{"@type":"WebPage","@id":"https:\/\/now-news.de\/de\/deutschland\/bericht-biden-nicht-zum-ukraine-gipfel-wegen-spendengala-in-kalifornien\/","url":"https:\/\/now-news.de\/de\/deutschland\/bericht-biden-nicht-zum-ukraine-gipfel-wegen-spendengala-in-kalifornien\/","name":"Bericht: Biden nicht zum Ukraine-Gipfel - wegen Spendengala in Kalifornien - just-now.NEWS Deutschland","isPartOf":{"@id":"https:\/\/now-news.de\/de\/#website"},"primaryImageOfPage":{"@id":"https:\/\/now-news.de\/de\/deutschland\/bericht-biden-nicht-zum-ukraine-gipfel-wegen-spendengala-in-kalifornien\/#primaryimage"},"image":{"@id":"https:\/\/now-news.de\/de\/deutschland\/bericht-biden-nicht-zum-ukraine-gipfel-wegen-spendengala-in-kalifornien\/#primaryimage"},"thumbnailUrl":"https:\/\/now-news.de\/de\/wp-content\/uploads\/sites\/3\/2024\/05\/Bericht-Biden-nicht-zum-Ukraine-Gipfel-wegen-Spendengala-in-Kalifornien.jpg","datePublished":"2024-05-24T10:41:41+00:00","dateModified":"2024-05-24T10:41:41+00:00","breadcrumb":{"@id":"https:\/\/now-news.de\/de\/deutschland\/bericht-biden-nicht-zum-ukraine-gipfel-wegen-spendengala-in-kalifornien\/#breadcrumb"},"inLanguage":"de","potentialAction":[{"@type":"ReadAction","target":["https:\/\/now-news.de\/de\/deutschland\/bericht-biden-nicht-zum-ukraine-gipfel-wegen-spendengala-in-kalifornien\/"]}]},{"@type":"ImageObject","inLanguage":"de","@id":"https:\/\/now-news.de\/de\/deutschland\/bericht-biden-nicht-zum-ukraine-gipfel-wegen-spendengala-in-kalifornien\/#primaryimage","url":"https:\/\/now-news.de\/de\/wp-content\/uploads\/sites\/3\/2024\/05\/Bericht-Biden-nicht-zum-Ukraine-Gipfel-wegen-Spendengala-in-Kalifornien.jpg","contentUrl":"https:\/\/now-news.de\/de\/wp-content\/uploads\/sites\/3\/2024\/05\/Bericht-Biden-nicht-zum-Ukraine-Gipfel-wegen-Spendengala-in-Kalifornien.jpg","width":460,"height":259,"caption":"Bericht: Biden nicht zum Ukraine-Gipfel - wegen Spendengala in Kalifornien"},{"@type":"BreadcrumbList","@id":"https:\/\/now-news.de\/de\/deutschland\/bericht-biden-nicht-zum-ukraine-gipfel-wegen-spendengala-in-kalifornien\/#breadcrumb","itemListElement":[{"@type":"ListItem","position":1,"name":"Home","item":"https:\/\/now-news.de\/de\/"},{"@type":"ListItem","position":2,"name":"Bericht: Biden nicht zum Ukraine-Gipfel &#8211; wegen Spendengala in Kalifornien"}]},{"@type":"WebSite","@id":"https:\/\/now-news.de\/de\/#website","url":"https:\/\/now-news.de\/de\/","name":"just-now.NEWS Deutschland","description":"Das Portal f\u00fcr unzensierte Nachrichten aus der Welt","publisher":{"@id":"https:\/\/now-news.de\/de\/#organization"},"potentialAction":[{"@type":"SearchAction","target":{"@type":"EntryPoint","urlTemplate":"https:\/\/now-news.de\/de\/?s={search_term_string}"},"query-input":"required name=search_term_string"}],"inLanguage":"de"},{"@type":"Organization","@id":"https:\/\/now-news.de\/de\/#organization","name":"Just Now News","url":"https:\/\/now-news.de\/de\/","logo":{"@type":"ImageObject","inLanguage":"de","@id":"https:\/\/now-news.de\/de\/#\/schema\/logo\/image\/","url":"http:\/\/just-now.news\/de\/wp-content\/uploads\/sites\/3\/2022\/04\/logo500x500.jpg","contentUrl":"http:\/\/just-now.news\/de\/wp-content\/uploads\/sites\/3\/2022\/04\/logo500x500.jpg","width":500,"height":500,"caption":"Just Now News"},"image":{"@id":"https:\/\/now-news.de\/de\/#\/schema\/logo\/image\/"},"sameAs":["https:\/\/www.facebook.com\/wirmachenauf","https:\/\/x.com\/WirMachenAuf_de"]},{"@type":"Person","@id":"https:\/\/now-news.de\/de\/#\/schema\/person\/fb534a4e865501d8b3285208df34a9b5","name":"rtnews","image":{"@type":"ImageObject","inLanguage":"de","@id":"https:\/\/now-news.de\/de\/#\/schema\/person\/image\/","url":"https:\/\/secure.gravatar.com\/avatar\/82aafea7d8127119dd649515f56e2117?s=96&d=mm&r=g","contentUrl":"https:\/\/secure.gravatar.com\/avatar\/82aafea7d8127119dd649515f56e2117?s=96&d=mm&r=g","caption":"rtnews"},"url":"https:\/\/now-news.de\/de\/author\/rnews\/"}]}},"_links":{"self":[{"href":"https:\/\/now-news.de\/de\/wp-json\/wp\/v2\/posts\/58754"}],"collection":[{"href":"https:\/\/now-news.de\/de\/wp-json\/wp\/v2\/posts"}],"about":[{"href":"https:\/\/now-news.de\/de\/wp-json\/wp\/v2\/types\/post"}],"author":[{"embeddable":true,"href":"https:\/\/now-news.de\/de\/wp-json\/wp\/v2\/users\/3"}],"replies":[{"embeddable":true,"href":"https:\/\/now-news.de\/de\/wp-json\/wp\/v2\/comments?post=58754"}],"version-history":[{"count":0,"href":"https:\/\/now-news.de\/de\/wp-json\/wp\/v2\/posts\/58754\/revisions"}],"wp:featuredmedia":[{"embeddable":true,"href":"https:\/\/now-news.de\/de\/wp-json\/wp\/v2\/media\/58755"}],"wp:attachment":[{"href":"https:\/\/now-news.de\/de\/wp-json\/wp\/v2\/media?parent=58754"}],"wp:term":[{"taxonomy":"category","embeddable":true,"href":"https:\/\/now-news.de\/de\/wp-json\/wp\/v2\/categories?post=58754"},{"taxonomy":"post_tag","embeddable":true,"href":"https:\/\/now-news.de\/de\/wp-json\/wp\/v2\/tags?post=58754"}],"curies":[{"name":"wp","href":"https:\/\/api.w.org\/{rel}","templated":true}]}}