{"id":5875,"date":"2021-07-30T18:00:10","date_gmt":"2021-07-30T16:00:10","guid":{"rendered":"http:\/\/just-now.news\/de\/great-reset\/greatvideos\/die-angst-der-menschen-ist-das-werkzeug-der-eliten-ernst-wolff\/"},"modified":"2021-07-30T18:00:10","modified_gmt":"2021-07-30T16:00:10","slug":"die-angst-der-menschen-ist-das-werkzeug-der-eliten-ernst-wolff","status":"publish","type":"post","link":"https:\/\/now-news.de\/de\/great-reset\/greatvideos\/die-angst-der-menschen-ist-das-werkzeug-der-eliten-ernst-wolff\/","title":{"rendered":"&quot;Die Angst der Menschen ist das Werkzeug der Eliten!&quot; (Ernst Wolff)"},"content":{"rendered":"<p><iframe loading=\"lazy\"  width=\"580\" height=\"385\" src=\"https:\/\/www.youtube.com\/embed\/PdwwCnnXd9M?modestbranding=1\" frameborder=\"0\" allowfullscreen><\/iframe><br \/>\n<br \/>Wie schafft man es, die Bev\u00f6lkerung gehorsam zu halten, damit diese der Regierung eines Tages nicht in die Quere kommt? Eines ist bereits klar &#8211; nicht die Politik, sondern alte Elite-Familien regieren die Welt, zumindest wenn man die Fakten zusammenfasst und genau nachdenkt. Die stetig fortschreitende Digitalisierung bringt uns scheibchenweise in eine Welt, in der die Automatisierung die oberste Priorit\u00e4t hat und der Mensch lediglich zum Konsumenten degradiert wird. Im heutigen Interview mit Ernst Wolff heben wir die Grube der Eliten aus und lassen Sie selbst einen tiefen Einblick erhaschen.<\/p>\n<p>???? Ernst Wolff auf YouTube abonnieren: https:\/\/bit.ly\/2JPGCWY<br \/>\n???? Finanz-Tsunami: https:\/\/amzn.to\/3iOdGOI<\/p>\n<p>???? Gold kaufen: https:\/\/kettner.shop\/gold_Pdww<br \/>\n???? Silber kaufen: https:\/\/kettner.shop\/silber_Pdww<br \/>\n\u25fb\ufe0f Platin kaufen: https:\/\/kettner.shop\/platin_Pdww<br \/>\n\u25fc\ufe0f Palladium kaufen: https:\/\/kettner.shop\/palladium_Pdww<br \/>\n ___________________<\/p>\n<p>???? Unser Online-Shop: https:\/\/kettner.shop\/Pdww<br \/>\n???? Unseren YouTube-Kanal abonnieren: https:\/\/kettner.shop\/YouTube-Kanal_Abonnieren<br \/>\n\u23f0 Unser zweiter Kanal: ZEIT IST GOLD: https:\/\/kettner.shop\/shorts-kanal<br \/>\n\u25b6\ufe0f Unser Telegram Kanal: https:\/\/t.me\/kettneredelmetalle<br \/>\n???? Kostenlose Beratung und Bestell-Hotline: 07930-2699<br \/>\n___________________<\/p>\n<p>???? Masterplan Edelmetalle: https:\/\/kettner.shop\/masterplan_Pdww<\/p>\n<p>00:00 Vorstellung und Einleitung<br \/>\n01:12 Themen\u00fcbersicht<br \/>\n01:52 Relevanz des World Economic Forum<br \/>\n06:34 Die f\u00fcnf Vorhersagen des WEF<br \/>\n12:45 Besitzlose Zukunft<br \/>\n16:03 Schlupfl\u00f6cher im System<br \/>\n18:29 Historisch gr\u00f6\u00dfte Wohlstandsverteilung<br \/>\n21:38 Cyber Polygon 2021<br \/>\n26:29 So bleibt der Mensch gehorsam<br \/>\n30:32 Unsere digitale Zukunft<br \/>\n34:07 Absichten des Cyber Polygon 2021<br \/>\n36:55 Mitglieder der Young Global Leaders<br \/>\n43:11 Darum findet das Treffen in der Schweiz statt<br \/>\n45:33 Wahlmanipulation durch Medien<\/p>\n<p>Gold kaufen bei Kettner-Edelmetalle.de &#8211; unser Unternehmen z\u00e4hlt zu den gr\u00f6\u00dften Edelmetallh\u00e4ndlern Europas. Kaufen Sie  bei einem vertrauensw\u00fcrdigen H\u00e4ndler lassen Sie sich die Lieferung diskret zu Ihnen nach Hause senden!<\/p>\n<p>Wie hat Ihnen das Video &#8220;&#8221;Die Angst der Menschen ist das Werkzeug der Eliten!&#8221; (Ernst Wolff)&#8221; gefallen? Wir w\u00fcrden uns \u00fcber einen Daumen nach oben, einen Kommentar oder ein Abo unseres YouTube-Kanals freuen.<\/p>\n<p>Vielen Dank und bis zum n\u00e4chsten Video!<\/p>\n<p>#ErnstWolff #CyberPolygon #WorldEconomicForum<br \/>\n<br \/><a href=\"https:\/\/www.youtube.com\/watch?v=PdwwCnnXd9M\">source<\/a><\/p>\n","protected":false},"excerpt":{"rendered":"<p>Wie schafft man es, die Bev\u00f6lkerung gehorsam zu halten, damit diese der Regierung eines Tages nicht in die Quere kommt? Eines ist bereits klar &#8211; nicht die Politik, sondern alte Elite-Familien regieren die Welt, zumindest wenn man die Fakten zusammenfasst und genau nachdenkt. Die stetig fortschreitende Digitalisierung bringt uns scheibchenweise in eine Welt, in der [&hellip;]<\/p>\n","protected":false},"author":5,"featured_media":5876,"comment_status":"open","ping_status":"open","sticky":false,"template":"","format":"standard","meta":{"wp_automatic_camp":["168"],"ed6e516276517e11f3cea6f98c2e460b":["&quot;Die Angst der Menschen ist das Werkzeug der Eliten!&quot; (Ernst Wolff)"],"original_link":["https:\/\/www.youtube.com\/watch?v=PdwwCnnXd9M"],"_thumbnail_id":["5876"],"wp_automatic_remove_first_image":["yes"],"jnews_social_counter_last_update":["1777506600"]},"categories":[53],"tags":[5397,5401,6178,587,28,10425,593,5398,5404,427,82,5399,16407,707,682,13656,1095,699,5392,5403,5400,5394,5395,5396,5406,414,701,5391,385,861,1711,1378,5402,8975,592,1933,5393,16405,5405,16406,693,13657,3794],"yoast_head":"<!-- This site is optimized with the Yoast SEO Premium plugin v22.7 (Yoast SEO v22.7) - https:\/\/yoast.com\/wordpress\/plugins\/seo\/ -->\n<title>&quot;Die Angst der Menschen ist das Werkzeug der Eliten!&quot; (Ernst Wolff) - just-now.NEWS Deutschland<\/title>\n<meta name=\"robots\" content=\"index, follow, max-snippet:-1, max-image-preview:large, max-video-preview:-1\" \/>\n<link rel=\"canonical\" href=\"https:\/\/now-news.de\/de\/great-reset\/greatvideos\/die-angst-der-menschen-ist-das-werkzeug-der-eliten-ernst-wolff\/\" \/>\n<meta property=\"og:locale\" content=\"de_DE\" \/>\n<meta property=\"og:type\" content=\"article\" \/>\n<meta property=\"og:title\" content=\"&quot;Die Angst der Menschen ist das Werkzeug der Eliten!&quot; (Ernst Wolff)\" \/>\n<meta property=\"og:description\" content=\"Wie schafft man es, die Bev\u00f6lkerung gehorsam zu halten, damit diese der Regierung eines Tages nicht in die Quere kommt? Eines ist bereits klar &#8211; nicht die Politik, sondern alte Elite-Familien regieren die Welt, zumindest wenn man die Fakten zusammenfasst und genau nachdenkt. Die stetig fortschreitende Digitalisierung bringt uns scheibchenweise in eine Welt, in der [&hellip;]\" \/>\n<meta property=\"og:url\" content=\"https:\/\/now-news.de\/de\/great-reset\/greatvideos\/die-angst-der-menschen-ist-das-werkzeug-der-eliten-ernst-wolff\/\" \/>\n<meta property=\"og:site_name\" content=\"just-now.NEWS Deutschland\" \/>\n<meta property=\"article:publisher\" content=\"https:\/\/www.facebook.com\/wirmachenauf\" \/>\n<meta property=\"article:published_time\" content=\"2021-07-30T16:00:10+00:00\" \/>\n<meta property=\"og:image\" content=\"https:\/\/now-news.de\/de\/wp-content\/uploads\/sites\/3\/2022\/05\/quotDie-Angst-der-Menschen-ist-das-Werkzeug-der-Elitenquot-Ernst.jpg\" \/>\n\t<meta property=\"og:image:width\" content=\"1280\" \/>\n\t<meta property=\"og:image:height\" content=\"720\" \/>\n\t<meta property=\"og:image:type\" content=\"image\/jpeg\" \/>\n<meta name=\"author\" content=\"greatreset\" \/>\n<meta name=\"twitter:card\" content=\"summary_large_image\" \/>\n<meta name=\"twitter:creator\" content=\"@WirMachenAuf_de\" \/>\n<meta name=\"twitter:site\" content=\"@WirMachenAuf_de\" \/>\n<meta name=\"twitter:label1\" content=\"Verfasst von\" \/>\n\t<meta name=\"twitter:data1\" content=\"greatreset\" \/>\n\t<meta name=\"twitter:label2\" content=\"Gesch\u00e4tzte Lesezeit\" \/>\n\t<meta name=\"twitter:data2\" content=\"2\u00a0Minuten\" \/>\n<script type=\"application\/ld+json\" class=\"yoast-schema-graph\">{\"@context\":\"https:\/\/schema.org\",\"@graph\":[{\"@type\":\"Article\",\"@id\":\"https:\/\/now-news.de\/de\/great-reset\/greatvideos\/die-angst-der-menschen-ist-das-werkzeug-der-eliten-ernst-wolff\/#article\",\"isPartOf\":{\"@id\":\"https:\/\/now-news.de\/de\/great-reset\/greatvideos\/die-angst-der-menschen-ist-das-werkzeug-der-eliten-ernst-wolff\/\"},\"author\":{\"name\":\"greatreset\",\"@id\":\"https:\/\/now-news.de\/de\/#\/schema\/person\/8afb4cd92b68572db7902c13a349ffcb\"},\"headline\":\"&quot;Die Angst der Menschen ist das Werkzeug der Eliten!&quot; (Ernst Wolff)\",\"datePublished\":\"2021-07-30T16:00:10+00:00\",\"dateModified\":\"2021-07-30T16:00:10+00:00\",\"mainEntityOfPage\":{\"@id\":\"https:\/\/now-news.de\/de\/great-reset\/greatvideos\/die-angst-der-menschen-ist-das-werkzeug-der-eliten-ernst-wolff\/\"},\"wordCount\":328,\"commentCount\":0,\"publisher\":{\"@id\":\"https:\/\/now-news.de\/de\/#organization\"},\"image\":{\"@id\":\"https:\/\/now-news.de\/de\/great-reset\/greatvideos\/die-angst-der-menschen-ist-das-werkzeug-der-eliten-ernst-wolff\/#primaryimage\"},\"thumbnailUrl\":\"https:\/\/now-news.de\/de\/wp-content\/uploads\/sites\/3\/2022\/05\/quotDie-Angst-der-Menschen-ist-das-Werkzeug-der-Elitenquot-Ernst.jpg\",\"keywords\":[\"1 oz gold\",\"1 unze goldm\u00fcnze\",\"Angst\",\"Baerbock\",\"Bill Gates\",\"cem \u00f6zdemir\",\"Crash\",\"cyber angriff\",\"cyber polygon\",\"das\",\"der\",\"edelmetalle kaufen\",\"Elitenquot\",\"Ernst\",\"Ernst wolff\",\"Finanz Tsunami\",\"finanzcrash\",\"finanzkrise\",\"gold kaufen\",\"gold oder silber\",\"gold oder silber kaufen\",\"gold silber\",\"gold und silber\",\"goldm\u00fcnzen kaufen\",\"insolvenzwelle 2021\",\"ist\",\"journalismus\",\"kettner edelmetalle\",\"klaus schwab\",\"krise\",\"macron\",\"Menschen\",\"m\u00fcnzen kaufen\",\"Nachrichten\",\"Politik\",\"quotDie\",\"silber kaufen\",\"spahn\",\"wef davos 2021\",\"Werkzeug\",\"wolff\",\"Wolff of Wallstreet\",\"Young Global Leaders\"],\"articleSection\":[\"GreatVideos\"],\"inLanguage\":\"de\",\"potentialAction\":[{\"@type\":\"CommentAction\",\"name\":\"Comment\",\"target\":[\"https:\/\/now-news.de\/de\/great-reset\/greatvideos\/die-angst-der-menschen-ist-das-werkzeug-der-eliten-ernst-wolff\/#respond\"]}]},{\"@type\":\"WebPage\",\"@id\":\"https:\/\/now-news.de\/de\/great-reset\/greatvideos\/die-angst-der-menschen-ist-das-werkzeug-der-eliten-ernst-wolff\/\",\"url\":\"https:\/\/now-news.de\/de\/great-reset\/greatvideos\/die-angst-der-menschen-ist-das-werkzeug-der-eliten-ernst-wolff\/\",\"name\":\"&quot;Die Angst der Menschen ist das Werkzeug der Eliten!&quot; (Ernst Wolff) - just-now.NEWS Deutschland\",\"isPartOf\":{\"@id\":\"https:\/\/now-news.de\/de\/#website\"},\"primaryImageOfPage\":{\"@id\":\"https:\/\/now-news.de\/de\/great-reset\/greatvideos\/die-angst-der-menschen-ist-das-werkzeug-der-eliten-ernst-wolff\/#primaryimage\"},\"image\":{\"@id\":\"https:\/\/now-news.de\/de\/great-reset\/greatvideos\/die-angst-der-menschen-ist-das-werkzeug-der-eliten-ernst-wolff\/#primaryimage\"},\"thumbnailUrl\":\"https:\/\/now-news.de\/de\/wp-content\/uploads\/sites\/3\/2022\/05\/quotDie-Angst-der-Menschen-ist-das-Werkzeug-der-Elitenquot-Ernst.jpg\",\"datePublished\":\"2021-07-30T16:00:10+00:00\",\"dateModified\":\"2021-07-30T16:00:10+00:00\",\"breadcrumb\":{\"@id\":\"https:\/\/now-news.de\/de\/great-reset\/greatvideos\/die-angst-der-menschen-ist-das-werkzeug-der-eliten-ernst-wolff\/#breadcrumb\"},\"inLanguage\":\"de\",\"potentialAction\":[{\"@type\":\"ReadAction\",\"target\":[\"https:\/\/now-news.de\/de\/great-reset\/greatvideos\/die-angst-der-menschen-ist-das-werkzeug-der-eliten-ernst-wolff\/\"]}]},{\"@type\":\"ImageObject\",\"inLanguage\":\"de\",\"@id\":\"https:\/\/now-news.de\/de\/great-reset\/greatvideos\/die-angst-der-menschen-ist-das-werkzeug-der-eliten-ernst-wolff\/#primaryimage\",\"url\":\"https:\/\/now-news.de\/de\/wp-content\/uploads\/sites\/3\/2022\/05\/quotDie-Angst-der-Menschen-ist-das-Werkzeug-der-Elitenquot-Ernst.jpg\",\"contentUrl\":\"https:\/\/now-news.de\/de\/wp-content\/uploads\/sites\/3\/2022\/05\/quotDie-Angst-der-Menschen-ist-das-Werkzeug-der-Elitenquot-Ernst.jpg\",\"width\":1280,\"height\":720},{\"@type\":\"BreadcrumbList\",\"@id\":\"https:\/\/now-news.de\/de\/great-reset\/greatvideos\/die-angst-der-menschen-ist-das-werkzeug-der-eliten-ernst-wolff\/#breadcrumb\",\"itemListElement\":[{\"@type\":\"ListItem\",\"position\":1,\"name\":\"Home\",\"item\":\"https:\/\/now-news.de\/de\/\"},{\"@type\":\"ListItem\",\"position\":2,\"name\":\"&quot;Die Angst der Menschen ist das Werkzeug der Eliten!&quot; (Ernst Wolff)\"}]},{\"@type\":\"WebSite\",\"@id\":\"https:\/\/now-news.de\/de\/#website\",\"url\":\"https:\/\/now-news.de\/de\/\",\"name\":\"just-now.NEWS Deutschland\",\"description\":\"Das Portal f\u00fcr unzensierte Nachrichten aus der Welt\",\"publisher\":{\"@id\":\"https:\/\/now-news.de\/de\/#organization\"},\"potentialAction\":[{\"@type\":\"SearchAction\",\"target\":{\"@type\":\"EntryPoint\",\"urlTemplate\":\"https:\/\/now-news.de\/de\/?s={search_term_string}\"},\"query-input\":\"required name=search_term_string\"}],\"inLanguage\":\"de\"},{\"@type\":\"Organization\",\"@id\":\"https:\/\/now-news.de\/de\/#organization\",\"name\":\"Just Now News\",\"url\":\"https:\/\/now-news.de\/de\/\",\"logo\":{\"@type\":\"ImageObject\",\"inLanguage\":\"de\",\"@id\":\"https:\/\/now-news.de\/de\/#\/schema\/logo\/image\/\",\"url\":\"http:\/\/just-now.news\/de\/wp-content\/uploads\/sites\/3\/2022\/04\/logo500x500.jpg\",\"contentUrl\":\"http:\/\/just-now.news\/de\/wp-content\/uploads\/sites\/3\/2022\/04\/logo500x500.jpg\",\"width\":500,\"height\":500,\"caption\":\"Just Now News\"},\"image\":{\"@id\":\"https:\/\/now-news.de\/de\/#\/schema\/logo\/image\/\"},\"sameAs\":[\"https:\/\/www.facebook.com\/wirmachenauf\",\"https:\/\/x.com\/WirMachenAuf_de\"]},{\"@type\":\"Person\",\"@id\":\"https:\/\/now-news.de\/de\/#\/schema\/person\/8afb4cd92b68572db7902c13a349ffcb\",\"name\":\"greatreset\",\"image\":{\"@type\":\"ImageObject\",\"inLanguage\":\"de\",\"@id\":\"https:\/\/now-news.de\/de\/#\/schema\/person\/image\/\",\"url\":\"https:\/\/secure.gravatar.com\/avatar\/a088df625d49991c090e78c8b9542592?s=96&d=mm&r=g\",\"contentUrl\":\"https:\/\/secure.gravatar.com\/avatar\/a088df625d49991c090e78c8b9542592?s=96&d=mm&r=g\",\"caption\":\"greatreset\"},\"url\":\"https:\/\/now-news.de\/de\/author\/greatreset\/\"}]}<\/script>\n<!-- \/ Yoast SEO Premium plugin. -->","yoast_head_json":{"title":"&quot;Die Angst der Menschen ist das Werkzeug der Eliten!&quot; (Ernst Wolff) - just-now.NEWS Deutschland","robots":{"index":"index","follow":"follow","max-snippet":"max-snippet:-1","max-image-preview":"max-image-preview:large","max-video-preview":"max-video-preview:-1"},"canonical":"https:\/\/now-news.de\/de\/great-reset\/greatvideos\/die-angst-der-menschen-ist-das-werkzeug-der-eliten-ernst-wolff\/","og_locale":"de_DE","og_type":"article","og_title":"&quot;Die Angst der Menschen ist das Werkzeug der Eliten!&quot; (Ernst Wolff)","og_description":"Wie schafft man es, die Bev\u00f6lkerung gehorsam zu halten, damit diese der Regierung eines Tages nicht in die Quere kommt? Eines ist bereits klar &#8211; nicht die Politik, sondern alte Elite-Familien regieren die Welt, zumindest wenn man die Fakten zusammenfasst und genau nachdenkt. Die stetig fortschreitende Digitalisierung bringt uns scheibchenweise in eine Welt, in der [&hellip;]","og_url":"https:\/\/now-news.de\/de\/great-reset\/greatvideos\/die-angst-der-menschen-ist-das-werkzeug-der-eliten-ernst-wolff\/","og_site_name":"just-now.NEWS Deutschland","article_publisher":"https:\/\/www.facebook.com\/wirmachenauf","article_published_time":"2021-07-30T16:00:10+00:00","og_image":[{"width":1280,"height":720,"url":"https:\/\/now-news.de\/de\/wp-content\/uploads\/sites\/3\/2022\/05\/quotDie-Angst-der-Menschen-ist-das-Werkzeug-der-Elitenquot-Ernst.jpg","type":"image\/jpeg"}],"author":"greatreset","twitter_card":"summary_large_image","twitter_creator":"@WirMachenAuf_de","twitter_site":"@WirMachenAuf_de","twitter_misc":{"Verfasst von":"greatreset","Gesch\u00e4tzte Lesezeit":"2\u00a0Minuten"},"schema":{"@context":"https:\/\/schema.org","@graph":[{"@type":"Article","@id":"https:\/\/now-news.de\/de\/great-reset\/greatvideos\/die-angst-der-menschen-ist-das-werkzeug-der-eliten-ernst-wolff\/#article","isPartOf":{"@id":"https:\/\/now-news.de\/de\/great-reset\/greatvideos\/die-angst-der-menschen-ist-das-werkzeug-der-eliten-ernst-wolff\/"},"author":{"name":"greatreset","@id":"https:\/\/now-news.de\/de\/#\/schema\/person\/8afb4cd92b68572db7902c13a349ffcb"},"headline":"&quot;Die Angst der Menschen ist das Werkzeug der Eliten!&quot; (Ernst Wolff)","datePublished":"2021-07-30T16:00:10+00:00","dateModified":"2021-07-30T16:00:10+00:00","mainEntityOfPage":{"@id":"https:\/\/now-news.de\/de\/great-reset\/greatvideos\/die-angst-der-menschen-ist-das-werkzeug-der-eliten-ernst-wolff\/"},"wordCount":328,"commentCount":0,"publisher":{"@id":"https:\/\/now-news.de\/de\/#organization"},"image":{"@id":"https:\/\/now-news.de\/de\/great-reset\/greatvideos\/die-angst-der-menschen-ist-das-werkzeug-der-eliten-ernst-wolff\/#primaryimage"},"thumbnailUrl":"https:\/\/now-news.de\/de\/wp-content\/uploads\/sites\/3\/2022\/05\/quotDie-Angst-der-Menschen-ist-das-Werkzeug-der-Elitenquot-Ernst.jpg","keywords":["1 oz gold","1 unze goldm\u00fcnze","Angst","Baerbock","Bill Gates","cem \u00f6zdemir","Crash","cyber angriff","cyber polygon","das","der","edelmetalle kaufen","Elitenquot","Ernst","Ernst wolff","Finanz Tsunami","finanzcrash","finanzkrise","gold kaufen","gold oder silber","gold oder silber kaufen","gold silber","gold und silber","goldm\u00fcnzen kaufen","insolvenzwelle 2021","ist","journalismus","kettner edelmetalle","klaus schwab","krise","macron","Menschen","m\u00fcnzen kaufen","Nachrichten","Politik","quotDie","silber kaufen","spahn","wef davos 2021","Werkzeug","wolff","Wolff of Wallstreet","Young Global Leaders"],"articleSection":["GreatVideos"],"inLanguage":"de","potentialAction":[{"@type":"CommentAction","name":"Comment","target":["https:\/\/now-news.de\/de\/great-reset\/greatvideos\/die-angst-der-menschen-ist-das-werkzeug-der-eliten-ernst-wolff\/#respond"]}]},{"@type":"WebPage","@id":"https:\/\/now-news.de\/de\/great-reset\/greatvideos\/die-angst-der-menschen-ist-das-werkzeug-der-eliten-ernst-wolff\/","url":"https:\/\/now-news.de\/de\/great-reset\/greatvideos\/die-angst-der-menschen-ist-das-werkzeug-der-eliten-ernst-wolff\/","name":"&quot;Die Angst der Menschen ist das Werkzeug der Eliten!&quot; (Ernst Wolff) - just-now.NEWS Deutschland","isPartOf":{"@id":"https:\/\/now-news.de\/de\/#website"},"primaryImageOfPage":{"@id":"https:\/\/now-news.de\/de\/great-reset\/greatvideos\/die-angst-der-menschen-ist-das-werkzeug-der-eliten-ernst-wolff\/#primaryimage"},"image":{"@id":"https:\/\/now-news.de\/de\/great-reset\/greatvideos\/die-angst-der-menschen-ist-das-werkzeug-der-eliten-ernst-wolff\/#primaryimage"},"thumbnailUrl":"https:\/\/now-news.de\/de\/wp-content\/uploads\/sites\/3\/2022\/05\/quotDie-Angst-der-Menschen-ist-das-Werkzeug-der-Elitenquot-Ernst.jpg","datePublished":"2021-07-30T16:00:10+00:00","dateModified":"2021-07-30T16:00:10+00:00","breadcrumb":{"@id":"https:\/\/now-news.de\/de\/great-reset\/greatvideos\/die-angst-der-menschen-ist-das-werkzeug-der-eliten-ernst-wolff\/#breadcrumb"},"inLanguage":"de","potentialAction":[{"@type":"ReadAction","target":["https:\/\/now-news.de\/de\/great-reset\/greatvideos\/die-angst-der-menschen-ist-das-werkzeug-der-eliten-ernst-wolff\/"]}]},{"@type":"ImageObject","inLanguage":"de","@id":"https:\/\/now-news.de\/de\/great-reset\/greatvideos\/die-angst-der-menschen-ist-das-werkzeug-der-eliten-ernst-wolff\/#primaryimage","url":"https:\/\/now-news.de\/de\/wp-content\/uploads\/sites\/3\/2022\/05\/quotDie-Angst-der-Menschen-ist-das-Werkzeug-der-Elitenquot-Ernst.jpg","contentUrl":"https:\/\/now-news.de\/de\/wp-content\/uploads\/sites\/3\/2022\/05\/quotDie-Angst-der-Menschen-ist-das-Werkzeug-der-Elitenquot-Ernst.jpg","width":1280,"height":720},{"@type":"BreadcrumbList","@id":"https:\/\/now-news.de\/de\/great-reset\/greatvideos\/die-angst-der-menschen-ist-das-werkzeug-der-eliten-ernst-wolff\/#breadcrumb","itemListElement":[{"@type":"ListItem","position":1,"name":"Home","item":"https:\/\/now-news.de\/de\/"},{"@type":"ListItem","position":2,"name":"&quot;Die Angst der Menschen ist das Werkzeug der Eliten!&quot; (Ernst Wolff)"}]},{"@type":"WebSite","@id":"https:\/\/now-news.de\/de\/#website","url":"https:\/\/now-news.de\/de\/","name":"just-now.NEWS Deutschland","description":"Das Portal f\u00fcr unzensierte Nachrichten aus der Welt","publisher":{"@id":"https:\/\/now-news.de\/de\/#organization"},"potentialAction":[{"@type":"SearchAction","target":{"@type":"EntryPoint","urlTemplate":"https:\/\/now-news.de\/de\/?s={search_term_string}"},"query-input":"required name=search_term_string"}],"inLanguage":"de"},{"@type":"Organization","@id":"https:\/\/now-news.de\/de\/#organization","name":"Just Now News","url":"https:\/\/now-news.de\/de\/","logo":{"@type":"ImageObject","inLanguage":"de","@id":"https:\/\/now-news.de\/de\/#\/schema\/logo\/image\/","url":"http:\/\/just-now.news\/de\/wp-content\/uploads\/sites\/3\/2022\/04\/logo500x500.jpg","contentUrl":"http:\/\/just-now.news\/de\/wp-content\/uploads\/sites\/3\/2022\/04\/logo500x500.jpg","width":500,"height":500,"caption":"Just Now News"},"image":{"@id":"https:\/\/now-news.de\/de\/#\/schema\/logo\/image\/"},"sameAs":["https:\/\/www.facebook.com\/wirmachenauf","https:\/\/x.com\/WirMachenAuf_de"]},{"@type":"Person","@id":"https:\/\/now-news.de\/de\/#\/schema\/person\/8afb4cd92b68572db7902c13a349ffcb","name":"greatreset","image":{"@type":"ImageObject","inLanguage":"de","@id":"https:\/\/now-news.de\/de\/#\/schema\/person\/image\/","url":"https:\/\/secure.gravatar.com\/avatar\/a088df625d49991c090e78c8b9542592?s=96&d=mm&r=g","contentUrl":"https:\/\/secure.gravatar.com\/avatar\/a088df625d49991c090e78c8b9542592?s=96&d=mm&r=g","caption":"greatreset"},"url":"https:\/\/now-news.de\/de\/author\/greatreset\/"}]}},"_links":{"self":[{"href":"https:\/\/now-news.de\/de\/wp-json\/wp\/v2\/posts\/5875"}],"collection":[{"href":"https:\/\/now-news.de\/de\/wp-json\/wp\/v2\/posts"}],"about":[{"href":"https:\/\/now-news.de\/de\/wp-json\/wp\/v2\/types\/post"}],"author":[{"embeddable":true,"href":"https:\/\/now-news.de\/de\/wp-json\/wp\/v2\/users\/5"}],"replies":[{"embeddable":true,"href":"https:\/\/now-news.de\/de\/wp-json\/wp\/v2\/comments?post=5875"}],"version-history":[{"count":0,"href":"https:\/\/now-news.de\/de\/wp-json\/wp\/v2\/posts\/5875\/revisions"}],"wp:featuredmedia":[{"embeddable":true,"href":"https:\/\/now-news.de\/de\/wp-json\/wp\/v2\/media\/5876"}],"wp:attachment":[{"href":"https:\/\/now-news.de\/de\/wp-json\/wp\/v2\/media?parent=5875"}],"wp:term":[{"taxonomy":"category","embeddable":true,"href":"https:\/\/now-news.de\/de\/wp-json\/wp\/v2\/categories?post=5875"},{"taxonomy":"post_tag","embeddable":true,"href":"https:\/\/now-news.de\/de\/wp-json\/wp\/v2\/tags?post=5875"}],"curies":[{"name":"wp","href":"https:\/\/api.w.org\/{rel}","templated":true}]}}