{"id":58685,"date":"2024-05-23T16:26:27","date_gmt":"2024-05-23T14:26:27","guid":{"rendered":"https:\/\/now-news.de\/de\/deutschland\/regierungssprecher-bestaetigt-deutschland-wuerde-haftbefehl-gegen-netanjahu-vollstrecken\/"},"modified":"2024-05-23T16:26:27","modified_gmt":"2024-05-23T14:26:27","slug":"regierungssprecher-bestaetigt-deutschland-wuerde-haftbefehl-gegen-netanjahu-vollstrecken","status":"publish","type":"post","link":"https:\/\/now-news.de\/de\/deutschland\/regierungssprecher-bestaetigt-deutschland-wuerde-haftbefehl-gegen-netanjahu-vollstrecken\/","title":{"rendered":"Regierungssprecher best\u00e4tigt: Deutschland w\u00fcrde Haftbefehl gegen Netanjahu vollstrecken"},"content":{"rendered":"<p><img decoding=\"async\" src=\"https:\/\/now-news.de\/de\/wp-content\/uploads\/sites\/3\/2024\/05\/664f0f21b480cc0c6c3c38e2.jpg\" \/><\/p>\n<div class=\"Text-root Text-type_1 \">\n                Auf einer Pressekonferenz am Mittwoch best\u00e4tigte Regierungssprecher Steffen Hebestreit, dass Deutschland den Entscheidungen des Internationalen Strafgerichtshofs \u00fcber Haftbefehle wegen des Vorwurfs von Kriegsverbrechen folgen wird.\n            <\/div>\n<p><\/p>\n<div class=\"Text-root Text-type_5 ArticleView-text ViewText-root \">\n<p>Die Regierung des deutschen Bundeskanzlers Olaf Scholz hat erkl\u00e4rt, dass sie mit dem Internationalen Strafgerichtshof (IStGH) kooperieren wird, sollten Haftbefehle gegen israelische Spitzenpolitiker ausgestellt werden.<\/p>\n<p>Das best\u00e4tigte der Regierungssprecher Steffen Hebestreit auf einer Pressekonferenz in Berlin am Mittwoch, nachdem er gefragt worden war, ob die Bundesregierung einen IStGH-Haftbefehl gegen den israelischen Premierminister Benjamin Netanjahu wegen Kriegsverbrechen w\u00fcrde vollstrecken lassen. Hebestreit antwortete darauf:<\/p>\n<blockquote>\n<p><em>&#8220;Nat\u00fcrlich, ja, wir halten uns an das Gesetz.&#8221;<\/em><\/p>\n<\/blockquote>\n<p>Zuvor hatte der Botschafter Israels in Deutschland Ron Prosor die Bundesregierung aufgefordert, sich dem IStGH zu widersetzen.<\/p>\n<p>Der Chefankl\u00e4ger des Internationalen Strafgerichthofes Karim Khan beantragte am Montag Haftbefehle gegen den Premier Netanjahu, den israelischen Verteidigungsminister Joaw Galant sowie gegen drei Hamas-F\u00fchrer wegen Kriegsverbrechen und Verbrechen gegen die Menschlichkeit im Gaza-Konflikt.<\/p>\n<p>Israels Regierung reagierte, indem sie die vorgeschlagenen Haftbefehle als &#8220;antisemitisch&#8221; brandmarkte und die &#8220;zivilisierten Nationen&#8221; dazu aufrief, jegliche Haftbefehle gegen ihre f\u00fchrenden Politiker zu boykottieren.<\/p>\n<p>Prosor wandte sich am Dienstag direkt an die Bundesregierung und sagte, die deutsche &#8220;Staatsr\u00e4son&#8221; \u2013 das Versprechen, Israels Sicherheit als Teil des eigenen nationalen Interesses zu gew\u00e4hrleisten \u2013 werde damit auf die Probe gestellt, und er sagte w\u00f6rtlich:<\/p>\n<blockquote>\n<p><em>&#8220;Die \u00f6ffentliche Erkl\u00e4rung, dass Israel das Recht auf Selbstverteidigung hat, verliert an Glaubw\u00fcrdigkeit, wenn uns die H\u00e4nde gebunden sind, sobald wir uns verteidigen. &#8230; <br \/> Der Chefankl\u00e4ger setzt eine demokratische Regierung mit der Hamas gleich und d\u00e4monisiert und delegitimiert damit Israel und das j\u00fcdische Volk. Er hat seinen moralischen Kompass v\u00f6llig verloren.&#8221;<\/em><\/p>\n<\/blockquote>\n<p>Weiter erkl\u00e4rte Prosor, Deutschland trage Verantwortung, &#8220;diesen Kompass neu zu justieren&#8221;. Er nannte die Antr\u00e4ge f\u00fcr Haftbefehle eine &#8220;sch\u00e4ndliche politische Kampagne&#8221; und sagte, sie k\u00f6nnten zu einem &#8220;Nagel im Sarg f\u00fcr den Westen&#8221; und seine Institutionen werden.<\/p>\n<p>Hebestreit lehnte es ab, sich direkt zu den Forderungen der israelischen Regierung zu \u00e4u\u00dfern. Deutschland sei Unterzeichner des IStGH und habe solche multilateralen Organisationen stets unterst\u00fctzt.<\/p>\n<p>Frankreich, das ebenfalls zu den 124 L\u00e4ndern geh\u00f6rt, von welchen die Autorit\u00e4t des IStGH anerkannt wird, sitzt nun &#8220;im selben Boot&#8221;. Das franz\u00f6sische Au\u00dfenministerium bekr\u00e4ftigte am Dienstag seine Unterst\u00fctzung f\u00fcr das Tribunal in Den Haag und erkl\u00e4rte, es sei Sache der Vorverfahrenskammer dieses Gerichts, auf der Grundlage der von der Staatsanwaltschaft vorgelegten Beweise zu entscheiden, ob die Haftbefehle gegen israelische Politiker und Hamas-F\u00fchrer angeordnet werden.<\/p>\n<p>Weder Israel noch die USA sind Vertragsparteien des R\u00f6mischen Statuts, mit dem der Internationale Strafgerichtshof gegr\u00fcndet wurde. Der amtierende US-Pr\u00e4sident Joe Biden bezeichnete die vorgeschlagenen Haftbefehle als &#8220;ungeheuerlich&#8221;, und Abgeordnete im US-Kongress drohten mit Sanktionen gegen diesen Gerichtshof.<\/p>\n<p><strong>Mehr zum Thema<\/strong> \u2013 <a rel=\"nofollow noopener\" target=\"_blank\" href=\"https:\/\/freeassange.rtde.life\/meinung\/206616-ja-gleichsetzung-von-moerdern-mit\/\">Ja, die Gleichsetzung von M\u00f6rdern mit M\u00f6rdern ist gerechtfertigt <\/a><\/p>\n<div class=\"EmbedBlock-root EmbedBlock-externalVideo EmbedBlock-vk\">\n<div class=\"VkEmbed\"><iframe class=\"lazyload\" data-src=\"https:\/\/vk.com\/video_ext.php?oid=-134310637&amp;id=456277018\" frameborder=\"0\" width=\"853\" height=\"480\" allowfullscreen><\/iframe><\/div>\n<\/div>\n<\/div>\n<p><br \/>\n<br \/><a href=\"https:\/\/de.rt.com\/inland\/206763-regierungssprecher-bestaetigt-deutschland-wuerde-netanyahu-haftbefehl-vollstrecken\/\">Source link <\/a><\/p>\n","protected":false},"excerpt":{"rendered":"<p>Auf einer Pressekonferenz am Mittwoch best\u00e4tigte Regierungssprecher Steffen Hebestreit, dass Deutschland den Entscheidungen des Internationalen Strafgerichtshofs \u00fcber Haftbefehle wegen des Vorwurfs von Kriegsverbrechen folgen wird. Die Regierung des deutschen Bundeskanzlers Olaf Scholz hat erkl\u00e4rt, dass sie mit dem Internationalen Strafgerichtshof (IStGH) kooperieren wird, sollten Haftbefehle gegen israelische Spitzenpolitiker ausgestellt werden. Das best\u00e4tigte der Regierungssprecher Steffen [&hellip;]<\/p>\n","protected":false},"author":3,"featured_media":58686,"comment_status":"open","ping_status":"open","sticky":false,"template":"","format":"standard","meta":{"_yoast_indexnow_last_ping":["1716477928"],"wp_automatic_camp":["217"],"24b6fcd3655e90f402e92854f453ec72":["Regierungssprecher best\u00e4tigt: Deutschland w\u00fcrde Haftbefehl gegen Netanjahu vollstrecken"],"original_link":["https:\/\/de.rt.com\/inland\/206763-regierungssprecher-bestaetigt-deutschland-wuerde-netanyahu-haftbefehl-vollstrecken\/"],"_thumbnail_id":["58686"],"_wptgpro_p2tg_sent2tg":["a:1:{i:23737;s:19:\"2024-05-23 17:26:42\";}"],"jnews_social_counter_last_update":["1777182467"]},"categories":[19,23],"tags":[1438,179,278,26011,21113,36485,55107,528],"yoast_head":"<!-- This site is optimized with the Yoast SEO Premium plugin v22.7 (Yoast SEO v22.7) - https:\/\/yoast.com\/wordpress\/plugins\/seo\/ -->\n<title>Regierungssprecher best\u00e4tigt: Deutschland w\u00fcrde Haftbefehl gegen Netanjahu vollstrecken - just-now.NEWS Deutschland<\/title>\n<meta name=\"robots\" content=\"index, follow, max-snippet:-1, max-image-preview:large, max-video-preview:-1\" \/>\n<link rel=\"canonical\" href=\"https:\/\/now-news.de\/de\/deutschland\/regierungssprecher-bestaetigt-deutschland-wuerde-haftbefehl-gegen-netanjahu-vollstrecken\/\" \/>\n<meta property=\"og:locale\" content=\"de_DE\" \/>\n<meta property=\"og:type\" content=\"article\" \/>\n<meta property=\"og:title\" content=\"Regierungssprecher best\u00e4tigt: Deutschland w\u00fcrde Haftbefehl gegen Netanjahu vollstrecken\" \/>\n<meta property=\"og:description\" content=\"Auf einer Pressekonferenz am Mittwoch best\u00e4tigte Regierungssprecher Steffen Hebestreit, dass Deutschland den Entscheidungen des Internationalen Strafgerichtshofs \u00fcber Haftbefehle wegen des Vorwurfs von Kriegsverbrechen folgen wird. Die Regierung des deutschen Bundeskanzlers Olaf Scholz hat erkl\u00e4rt, dass sie mit dem Internationalen Strafgerichtshof (IStGH) kooperieren wird, sollten Haftbefehle gegen israelische Spitzenpolitiker ausgestellt werden. Das best\u00e4tigte der Regierungssprecher Steffen [&hellip;]\" \/>\n<meta property=\"og:url\" content=\"https:\/\/now-news.de\/de\/deutschland\/regierungssprecher-bestaetigt-deutschland-wuerde-haftbefehl-gegen-netanjahu-vollstrecken\/\" \/>\n<meta property=\"og:site_name\" content=\"just-now.NEWS Deutschland\" \/>\n<meta property=\"article:publisher\" content=\"https:\/\/www.facebook.com\/wirmachenauf\" \/>\n<meta property=\"article:published_time\" content=\"2024-05-23T14:26:27+00:00\" \/>\n<meta property=\"og:image\" content=\"https:\/\/now-news.de\/de\/wp-content\/uploads\/sites\/3\/2024\/05\/664f0f21b480cc0c6c3c38e2.jpg\" \/>\n<meta name=\"author\" content=\"rtnews\" \/>\n<meta name=\"twitter:card\" content=\"summary_large_image\" \/>\n<meta name=\"twitter:creator\" content=\"@WirMachenAuf_de\" \/>\n<meta name=\"twitter:site\" content=\"@WirMachenAuf_de\" \/>\n<meta name=\"twitter:label1\" content=\"Verfasst von\" \/>\n\t<meta name=\"twitter:data1\" content=\"rtnews\" \/>\n\t<meta name=\"twitter:label2\" content=\"Gesch\u00e4tzte Lesezeit\" \/>\n\t<meta name=\"twitter:data2\" content=\"2\u00a0Minuten\" \/>\n<script type=\"application\/ld+json\" class=\"yoast-schema-graph\">{\"@context\":\"https:\/\/schema.org\",\"@graph\":[{\"@type\":\"Article\",\"@id\":\"https:\/\/now-news.de\/de\/deutschland\/regierungssprecher-bestaetigt-deutschland-wuerde-haftbefehl-gegen-netanjahu-vollstrecken\/#article\",\"isPartOf\":{\"@id\":\"https:\/\/now-news.de\/de\/deutschland\/regierungssprecher-bestaetigt-deutschland-wuerde-haftbefehl-gegen-netanjahu-vollstrecken\/\"},\"author\":{\"name\":\"rtnews\",\"@id\":\"https:\/\/now-news.de\/de\/#\/schema\/person\/fb534a4e865501d8b3285208df34a9b5\"},\"headline\":\"Regierungssprecher best\u00e4tigt: Deutschland w\u00fcrde Haftbefehl gegen Netanjahu vollstrecken\",\"datePublished\":\"2024-05-23T14:26:27+00:00\",\"dateModified\":\"2024-05-23T14:26:27+00:00\",\"mainEntityOfPage\":{\"@id\":\"https:\/\/now-news.de\/de\/deutschland\/regierungssprecher-bestaetigt-deutschland-wuerde-haftbefehl-gegen-netanjahu-vollstrecken\/\"},\"wordCount\":487,\"commentCount\":0,\"publisher\":{\"@id\":\"https:\/\/now-news.de\/de\/#organization\"},\"image\":{\"@id\":\"https:\/\/now-news.de\/de\/deutschland\/regierungssprecher-bestaetigt-deutschland-wuerde-haftbefehl-gegen-netanjahu-vollstrecken\/#primaryimage\"},\"thumbnailUrl\":\"https:\/\/now-news.de\/de\/wp-content\/uploads\/sites\/3\/2024\/05\/Regierungssprecher-bestaetigt-Deutschland-wuerde-Haftbefehl-gegen-Netanjahu-vollstrecken.jpg\",\"keywords\":[\"best\u00e4tigt\",\"Deutschland\",\"gegen\",\"Haftbefehl\",\"Netanjahu\",\"Regierungssprecher\",\"vollstrecken\",\"wurde\"],\"articleSection\":[\"Deutschland\",\"Russland\"],\"inLanguage\":\"de\",\"potentialAction\":[{\"@type\":\"CommentAction\",\"name\":\"Comment\",\"target\":[\"https:\/\/now-news.de\/de\/deutschland\/regierungssprecher-bestaetigt-deutschland-wuerde-haftbefehl-gegen-netanjahu-vollstrecken\/#respond\"]}]},{\"@type\":\"WebPage\",\"@id\":\"https:\/\/now-news.de\/de\/deutschland\/regierungssprecher-bestaetigt-deutschland-wuerde-haftbefehl-gegen-netanjahu-vollstrecken\/\",\"url\":\"https:\/\/now-news.de\/de\/deutschland\/regierungssprecher-bestaetigt-deutschland-wuerde-haftbefehl-gegen-netanjahu-vollstrecken\/\",\"name\":\"Regierungssprecher best\u00e4tigt: Deutschland w\u00fcrde Haftbefehl gegen Netanjahu vollstrecken - just-now.NEWS Deutschland\",\"isPartOf\":{\"@id\":\"https:\/\/now-news.de\/de\/#website\"},\"primaryImageOfPage\":{\"@id\":\"https:\/\/now-news.de\/de\/deutschland\/regierungssprecher-bestaetigt-deutschland-wuerde-haftbefehl-gegen-netanjahu-vollstrecken\/#primaryimage\"},\"image\":{\"@id\":\"https:\/\/now-news.de\/de\/deutschland\/regierungssprecher-bestaetigt-deutschland-wuerde-haftbefehl-gegen-netanjahu-vollstrecken\/#primaryimage\"},\"thumbnailUrl\":\"https:\/\/now-news.de\/de\/wp-content\/uploads\/sites\/3\/2024\/05\/Regierungssprecher-bestaetigt-Deutschland-wuerde-Haftbefehl-gegen-Netanjahu-vollstrecken.jpg\",\"datePublished\":\"2024-05-23T14:26:27+00:00\",\"dateModified\":\"2024-05-23T14:26:27+00:00\",\"breadcrumb\":{\"@id\":\"https:\/\/now-news.de\/de\/deutschland\/regierungssprecher-bestaetigt-deutschland-wuerde-haftbefehl-gegen-netanjahu-vollstrecken\/#breadcrumb\"},\"inLanguage\":\"de\",\"potentialAction\":[{\"@type\":\"ReadAction\",\"target\":[\"https:\/\/now-news.de\/de\/deutschland\/regierungssprecher-bestaetigt-deutschland-wuerde-haftbefehl-gegen-netanjahu-vollstrecken\/\"]}]},{\"@type\":\"ImageObject\",\"inLanguage\":\"de\",\"@id\":\"https:\/\/now-news.de\/de\/deutschland\/regierungssprecher-bestaetigt-deutschland-wuerde-haftbefehl-gegen-netanjahu-vollstrecken\/#primaryimage\",\"url\":\"https:\/\/now-news.de\/de\/wp-content\/uploads\/sites\/3\/2024\/05\/Regierungssprecher-bestaetigt-Deutschland-wuerde-Haftbefehl-gegen-Netanjahu-vollstrecken.jpg\",\"contentUrl\":\"https:\/\/now-news.de\/de\/wp-content\/uploads\/sites\/3\/2024\/05\/Regierungssprecher-bestaetigt-Deutschland-wuerde-Haftbefehl-gegen-Netanjahu-vollstrecken.jpg\",\"width\":460,\"height\":259,\"caption\":\"Regierungssprecher best\u00e4tigt: Deutschland w\u00fcrde Haftbefehl gegen Netanjahu vollstrecken\"},{\"@type\":\"BreadcrumbList\",\"@id\":\"https:\/\/now-news.de\/de\/deutschland\/regierungssprecher-bestaetigt-deutschland-wuerde-haftbefehl-gegen-netanjahu-vollstrecken\/#breadcrumb\",\"itemListElement\":[{\"@type\":\"ListItem\",\"position\":1,\"name\":\"Home\",\"item\":\"https:\/\/now-news.de\/de\/\"},{\"@type\":\"ListItem\",\"position\":2,\"name\":\"Regierungssprecher best\u00e4tigt: Deutschland w\u00fcrde Haftbefehl gegen Netanjahu vollstrecken\"}]},{\"@type\":\"WebSite\",\"@id\":\"https:\/\/now-news.de\/de\/#website\",\"url\":\"https:\/\/now-news.de\/de\/\",\"name\":\"just-now.NEWS Deutschland\",\"description\":\"Das Portal f\u00fcr unzensierte Nachrichten aus der Welt\",\"publisher\":{\"@id\":\"https:\/\/now-news.de\/de\/#organization\"},\"potentialAction\":[{\"@type\":\"SearchAction\",\"target\":{\"@type\":\"EntryPoint\",\"urlTemplate\":\"https:\/\/now-news.de\/de\/?s={search_term_string}\"},\"query-input\":\"required name=search_term_string\"}],\"inLanguage\":\"de\"},{\"@type\":\"Organization\",\"@id\":\"https:\/\/now-news.de\/de\/#organization\",\"name\":\"Just Now News\",\"url\":\"https:\/\/now-news.de\/de\/\",\"logo\":{\"@type\":\"ImageObject\",\"inLanguage\":\"de\",\"@id\":\"https:\/\/now-news.de\/de\/#\/schema\/logo\/image\/\",\"url\":\"http:\/\/just-now.news\/de\/wp-content\/uploads\/sites\/3\/2022\/04\/logo500x500.jpg\",\"contentUrl\":\"http:\/\/just-now.news\/de\/wp-content\/uploads\/sites\/3\/2022\/04\/logo500x500.jpg\",\"width\":500,\"height\":500,\"caption\":\"Just Now News\"},\"image\":{\"@id\":\"https:\/\/now-news.de\/de\/#\/schema\/logo\/image\/\"},\"sameAs\":[\"https:\/\/www.facebook.com\/wirmachenauf\",\"https:\/\/x.com\/WirMachenAuf_de\"]},{\"@type\":\"Person\",\"@id\":\"https:\/\/now-news.de\/de\/#\/schema\/person\/fb534a4e865501d8b3285208df34a9b5\",\"name\":\"rtnews\",\"image\":{\"@type\":\"ImageObject\",\"inLanguage\":\"de\",\"@id\":\"https:\/\/now-news.de\/de\/#\/schema\/person\/image\/\",\"url\":\"https:\/\/secure.gravatar.com\/avatar\/82aafea7d8127119dd649515f56e2117?s=96&d=mm&r=g\",\"contentUrl\":\"https:\/\/secure.gravatar.com\/avatar\/82aafea7d8127119dd649515f56e2117?s=96&d=mm&r=g\",\"caption\":\"rtnews\"},\"url\":\"https:\/\/now-news.de\/de\/author\/rnews\/\"}]}<\/script>\n<!-- \/ Yoast SEO Premium plugin. -->","yoast_head_json":{"title":"Regierungssprecher best\u00e4tigt: Deutschland w\u00fcrde Haftbefehl gegen Netanjahu vollstrecken - just-now.NEWS Deutschland","robots":{"index":"index","follow":"follow","max-snippet":"max-snippet:-1","max-image-preview":"max-image-preview:large","max-video-preview":"max-video-preview:-1"},"canonical":"https:\/\/now-news.de\/de\/deutschland\/regierungssprecher-bestaetigt-deutschland-wuerde-haftbefehl-gegen-netanjahu-vollstrecken\/","og_locale":"de_DE","og_type":"article","og_title":"Regierungssprecher best\u00e4tigt: Deutschland w\u00fcrde Haftbefehl gegen Netanjahu vollstrecken","og_description":"Auf einer Pressekonferenz am Mittwoch best\u00e4tigte Regierungssprecher Steffen Hebestreit, dass Deutschland den Entscheidungen des Internationalen Strafgerichtshofs \u00fcber Haftbefehle wegen des Vorwurfs von Kriegsverbrechen folgen wird. Die Regierung des deutschen Bundeskanzlers Olaf Scholz hat erkl\u00e4rt, dass sie mit dem Internationalen Strafgerichtshof (IStGH) kooperieren wird, sollten Haftbefehle gegen israelische Spitzenpolitiker ausgestellt werden. Das best\u00e4tigte der Regierungssprecher Steffen [&hellip;]","og_url":"https:\/\/now-news.de\/de\/deutschland\/regierungssprecher-bestaetigt-deutschland-wuerde-haftbefehl-gegen-netanjahu-vollstrecken\/","og_site_name":"just-now.NEWS Deutschland","article_publisher":"https:\/\/www.facebook.com\/wirmachenauf","article_published_time":"2024-05-23T14:26:27+00:00","og_image":[{"url":"https:\/\/now-news.de\/de\/wp-content\/uploads\/sites\/3\/2024\/05\/664f0f21b480cc0c6c3c38e2.jpg"}],"author":"rtnews","twitter_card":"summary_large_image","twitter_creator":"@WirMachenAuf_de","twitter_site":"@WirMachenAuf_de","twitter_misc":{"Verfasst von":"rtnews","Gesch\u00e4tzte Lesezeit":"2\u00a0Minuten"},"schema":{"@context":"https:\/\/schema.org","@graph":[{"@type":"Article","@id":"https:\/\/now-news.de\/de\/deutschland\/regierungssprecher-bestaetigt-deutschland-wuerde-haftbefehl-gegen-netanjahu-vollstrecken\/#article","isPartOf":{"@id":"https:\/\/now-news.de\/de\/deutschland\/regierungssprecher-bestaetigt-deutschland-wuerde-haftbefehl-gegen-netanjahu-vollstrecken\/"},"author":{"name":"rtnews","@id":"https:\/\/now-news.de\/de\/#\/schema\/person\/fb534a4e865501d8b3285208df34a9b5"},"headline":"Regierungssprecher best\u00e4tigt: Deutschland w\u00fcrde Haftbefehl gegen Netanjahu vollstrecken","datePublished":"2024-05-23T14:26:27+00:00","dateModified":"2024-05-23T14:26:27+00:00","mainEntityOfPage":{"@id":"https:\/\/now-news.de\/de\/deutschland\/regierungssprecher-bestaetigt-deutschland-wuerde-haftbefehl-gegen-netanjahu-vollstrecken\/"},"wordCount":487,"commentCount":0,"publisher":{"@id":"https:\/\/now-news.de\/de\/#organization"},"image":{"@id":"https:\/\/now-news.de\/de\/deutschland\/regierungssprecher-bestaetigt-deutschland-wuerde-haftbefehl-gegen-netanjahu-vollstrecken\/#primaryimage"},"thumbnailUrl":"https:\/\/now-news.de\/de\/wp-content\/uploads\/sites\/3\/2024\/05\/Regierungssprecher-bestaetigt-Deutschland-wuerde-Haftbefehl-gegen-Netanjahu-vollstrecken.jpg","keywords":["best\u00e4tigt","Deutschland","gegen","Haftbefehl","Netanjahu","Regierungssprecher","vollstrecken","wurde"],"articleSection":["Deutschland","Russland"],"inLanguage":"de","potentialAction":[{"@type":"CommentAction","name":"Comment","target":["https:\/\/now-news.de\/de\/deutschland\/regierungssprecher-bestaetigt-deutschland-wuerde-haftbefehl-gegen-netanjahu-vollstrecken\/#respond"]}]},{"@type":"WebPage","@id":"https:\/\/now-news.de\/de\/deutschland\/regierungssprecher-bestaetigt-deutschland-wuerde-haftbefehl-gegen-netanjahu-vollstrecken\/","url":"https:\/\/now-news.de\/de\/deutschland\/regierungssprecher-bestaetigt-deutschland-wuerde-haftbefehl-gegen-netanjahu-vollstrecken\/","name":"Regierungssprecher best\u00e4tigt: Deutschland w\u00fcrde Haftbefehl gegen Netanjahu vollstrecken - just-now.NEWS Deutschland","isPartOf":{"@id":"https:\/\/now-news.de\/de\/#website"},"primaryImageOfPage":{"@id":"https:\/\/now-news.de\/de\/deutschland\/regierungssprecher-bestaetigt-deutschland-wuerde-haftbefehl-gegen-netanjahu-vollstrecken\/#primaryimage"},"image":{"@id":"https:\/\/now-news.de\/de\/deutschland\/regierungssprecher-bestaetigt-deutschland-wuerde-haftbefehl-gegen-netanjahu-vollstrecken\/#primaryimage"},"thumbnailUrl":"https:\/\/now-news.de\/de\/wp-content\/uploads\/sites\/3\/2024\/05\/Regierungssprecher-bestaetigt-Deutschland-wuerde-Haftbefehl-gegen-Netanjahu-vollstrecken.jpg","datePublished":"2024-05-23T14:26:27+00:00","dateModified":"2024-05-23T14:26:27+00:00","breadcrumb":{"@id":"https:\/\/now-news.de\/de\/deutschland\/regierungssprecher-bestaetigt-deutschland-wuerde-haftbefehl-gegen-netanjahu-vollstrecken\/#breadcrumb"},"inLanguage":"de","potentialAction":[{"@type":"ReadAction","target":["https:\/\/now-news.de\/de\/deutschland\/regierungssprecher-bestaetigt-deutschland-wuerde-haftbefehl-gegen-netanjahu-vollstrecken\/"]}]},{"@type":"ImageObject","inLanguage":"de","@id":"https:\/\/now-news.de\/de\/deutschland\/regierungssprecher-bestaetigt-deutschland-wuerde-haftbefehl-gegen-netanjahu-vollstrecken\/#primaryimage","url":"https:\/\/now-news.de\/de\/wp-content\/uploads\/sites\/3\/2024\/05\/Regierungssprecher-bestaetigt-Deutschland-wuerde-Haftbefehl-gegen-Netanjahu-vollstrecken.jpg","contentUrl":"https:\/\/now-news.de\/de\/wp-content\/uploads\/sites\/3\/2024\/05\/Regierungssprecher-bestaetigt-Deutschland-wuerde-Haftbefehl-gegen-Netanjahu-vollstrecken.jpg","width":460,"height":259,"caption":"Regierungssprecher best\u00e4tigt: Deutschland w\u00fcrde Haftbefehl gegen Netanjahu vollstrecken"},{"@type":"BreadcrumbList","@id":"https:\/\/now-news.de\/de\/deutschland\/regierungssprecher-bestaetigt-deutschland-wuerde-haftbefehl-gegen-netanjahu-vollstrecken\/#breadcrumb","itemListElement":[{"@type":"ListItem","position":1,"name":"Home","item":"https:\/\/now-news.de\/de\/"},{"@type":"ListItem","position":2,"name":"Regierungssprecher best\u00e4tigt: Deutschland w\u00fcrde Haftbefehl gegen Netanjahu vollstrecken"}]},{"@type":"WebSite","@id":"https:\/\/now-news.de\/de\/#website","url":"https:\/\/now-news.de\/de\/","name":"just-now.NEWS Deutschland","description":"Das Portal f\u00fcr unzensierte Nachrichten aus der Welt","publisher":{"@id":"https:\/\/now-news.de\/de\/#organization"},"potentialAction":[{"@type":"SearchAction","target":{"@type":"EntryPoint","urlTemplate":"https:\/\/now-news.de\/de\/?s={search_term_string}"},"query-input":"required name=search_term_string"}],"inLanguage":"de"},{"@type":"Organization","@id":"https:\/\/now-news.de\/de\/#organization","name":"Just Now News","url":"https:\/\/now-news.de\/de\/","logo":{"@type":"ImageObject","inLanguage":"de","@id":"https:\/\/now-news.de\/de\/#\/schema\/logo\/image\/","url":"http:\/\/just-now.news\/de\/wp-content\/uploads\/sites\/3\/2022\/04\/logo500x500.jpg","contentUrl":"http:\/\/just-now.news\/de\/wp-content\/uploads\/sites\/3\/2022\/04\/logo500x500.jpg","width":500,"height":500,"caption":"Just Now News"},"image":{"@id":"https:\/\/now-news.de\/de\/#\/schema\/logo\/image\/"},"sameAs":["https:\/\/www.facebook.com\/wirmachenauf","https:\/\/x.com\/WirMachenAuf_de"]},{"@type":"Person","@id":"https:\/\/now-news.de\/de\/#\/schema\/person\/fb534a4e865501d8b3285208df34a9b5","name":"rtnews","image":{"@type":"ImageObject","inLanguage":"de","@id":"https:\/\/now-news.de\/de\/#\/schema\/person\/image\/","url":"https:\/\/secure.gravatar.com\/avatar\/82aafea7d8127119dd649515f56e2117?s=96&d=mm&r=g","contentUrl":"https:\/\/secure.gravatar.com\/avatar\/82aafea7d8127119dd649515f56e2117?s=96&d=mm&r=g","caption":"rtnews"},"url":"https:\/\/now-news.de\/de\/author\/rnews\/"}]}},"_links":{"self":[{"href":"https:\/\/now-news.de\/de\/wp-json\/wp\/v2\/posts\/58685"}],"collection":[{"href":"https:\/\/now-news.de\/de\/wp-json\/wp\/v2\/posts"}],"about":[{"href":"https:\/\/now-news.de\/de\/wp-json\/wp\/v2\/types\/post"}],"author":[{"embeddable":true,"href":"https:\/\/now-news.de\/de\/wp-json\/wp\/v2\/users\/3"}],"replies":[{"embeddable":true,"href":"https:\/\/now-news.de\/de\/wp-json\/wp\/v2\/comments?post=58685"}],"version-history":[{"count":0,"href":"https:\/\/now-news.de\/de\/wp-json\/wp\/v2\/posts\/58685\/revisions"}],"wp:featuredmedia":[{"embeddable":true,"href":"https:\/\/now-news.de\/de\/wp-json\/wp\/v2\/media\/58686"}],"wp:attachment":[{"href":"https:\/\/now-news.de\/de\/wp-json\/wp\/v2\/media?parent=58685"}],"wp:term":[{"taxonomy":"category","embeddable":true,"href":"https:\/\/now-news.de\/de\/wp-json\/wp\/v2\/categories?post=58685"},{"taxonomy":"post_tag","embeddable":true,"href":"https:\/\/now-news.de\/de\/wp-json\/wp\/v2\/tags?post=58685"}],"curies":[{"name":"wp","href":"https:\/\/api.w.org\/{rel}","templated":true}]}}