{"id":58643,"date":"2024-05-21T15:09:31","date_gmt":"2024-05-21T13:09:31","guid":{"rendered":"https:\/\/now-news.de\/de\/deutschland\/angebliche-verschwoerung-zum-staatsumsturz-prozess-gegen-prinz-reuss-beginnt-in-frankfurt\/"},"modified":"2024-05-21T15:09:31","modified_gmt":"2024-05-21T13:09:31","slug":"angebliche-verschwoerung-zum-staatsumsturz-prozess-gegen-prinz-reuss-beginnt-in-frankfurt","status":"publish","type":"post","link":"https:\/\/now-news.de\/de\/deutschland\/angebliche-verschwoerung-zum-staatsumsturz-prozess-gegen-prinz-reuss-beginnt-in-frankfurt\/","title":{"rendered":"Angebliche Verschw\u00f6rung zum Staatsumsturz: Prozess gegen Prinz Reu\u00df beginnt in Frankfurt"},"content":{"rendered":"<p><img decoding=\"async\" src=\"https:\/\/now-news.de\/de\/wp-content\/uploads\/sites\/3\/2024\/05\/664c92ad48fbef05db642885.jpg\" \/><\/p>\n<div class=\"Text-root Text-type_1 \">\n                Am Dienstag hat in Frankfurt am Main der erste Prozesstag gegen Heinrich XIII. Prinz von Reu\u00df und seine angeblichen &#8220;Mitverschw\u00f6rer&#8221; begonnen. Die Verteidiger des Prinzen betonten gegen\u00fcber der Presse die Unschuld ihres Mandanten.\n            <\/div>\n<p><\/p>\n<div class=\"Text-root Text-type_5 ArticleView-text ViewText-root \">\n<p>Am Dienstag begann vor dem Staatsschutzsenat des Oberlandesgerichts Frankfurt am Main mit einst\u00fcndiger Verz\u00f6gerung der Prozess gegen\u00a0Heinrich XIII. Prinz Reu\u00df und acht seiner mutma\u00dflichen Mitstreiter. Die Bundesanwaltschaft wirft den Angeklagten in diesem und in weiteren parallel stattfindenden Prozessen, sich f\u00fcr einen Staatsumsturz verschworen zu haben: Bildung und Mitgliedschaft in einer terroristischen Vereinigung hei\u00dft es im Juristendeutsch.<\/p>\n<p>Die Verteidiger des Hauptangeklagten Prinz Reu\u00df haben in einer Verhandlungspause die Vorw\u00fcrfe gegen ihren Mandanten zur\u00fcckgewiesen. Rechtsanwalt Roman von Alvensleben wird vom <em>Focus<\/em> wie folgt zitiert:<\/p>\n<blockquote>\n<p><em>&#8220;Er ist kein Anf\u00fchrer, kein R\u00e4delsf\u00fchrer, und er ist auch nicht Mitglied einer terroristischen Vereinigung.&#8221;<\/em><\/p>\n<\/blockquote>\n<p>Zun\u00e4chst ging es im Gerichtssaal um die Kl\u00e4rung formaler Fragen. Am Nachmittag wurde der Prozess mit der Verlesung der Anklageschrift fortgesetzt. Ob sich die Angeklagten zu den Vorw\u00fcrfen \u00e4u\u00dfern werden, blieb vorerst offen.<\/p>\n<p>Insgesamt wurde Anklage gegen 27 M\u00e4nner und Frauen erhoben, die der Gruppe um Prinz Reu\u00df angeh\u00f6rt haben sollen. Aus Gr\u00fcnden der &#8220;Prozess\u00f6konomie&#8221; wurde das Verfahren in drei Prozesse vor unterschiedlichen Oberlandesgerichten aufgeteilt. Der Teilprozess vor dem OLG Stuttgart gegen den sogenannten &#8220;milit\u00e4rischen Arm&#8221; der &#8220;Verschw\u00f6rer&#8221; <a rel=\"nofollow noopener\" target=\"_blank\" href=\"https:\/\/freedert.online\/inland\/204203-reichsbuerger-prozess-beginnt-in-stuttgart\/\">l\u00e4uft seit Ende April<\/a>. Der dritte Teilprozess vor dem OLG M\u00fcnchen soll am 18. Juni starten.<\/p>\n<p><strong>Mehr zum Thema<\/strong> \u2013 <a rel=\"nofollow noopener\" target=\"_blank\" href=\"https:\/\/freedert.online\/inland\/204203-reichsbuerger-prozess-beginnt-in-stuttgart\/\">&#8220;Reichsb\u00fcrger-Prozess&#8221; beginnt in Stuttgart<\/a><\/p>\n<\/div>\n<p><br \/>\n<br \/><a href=\"https:\/\/de.rt.com\/inland\/206496-prozess-gegen-prinz-reuss-beginnt-in-frankfurt\/\">Source link <\/a><\/p>\n","protected":false},"excerpt":{"rendered":"<p>Am Dienstag hat in Frankfurt am Main der erste Prozesstag gegen Heinrich XIII. Prinz von Reu\u00df und seine angeblichen &#8220;Mitverschw\u00f6rer&#8221; begonnen. Die Verteidiger des Prinzen betonten gegen\u00fcber der Presse die Unschuld ihres Mandanten. Am Dienstag begann vor dem Staatsschutzsenat des Oberlandesgerichts Frankfurt am Main mit einst\u00fcndiger Verz\u00f6gerung der Prozess gegen\u00a0Heinrich XIII. Prinz Reu\u00df und acht [&hellip;]<\/p>\n","protected":false},"author":3,"featured_media":58644,"comment_status":"open","ping_status":"open","sticky":false,"template":"","format":"standard","meta":{"_yoast_indexnow_last_ping":["1716452114"],"wp_automatic_camp":["217"],"e635db581a796447f42bde4bec172d86":["Angebliche Verschw\u00f6rung zum Staatsumsturz: Prozess gegen Prinz Reu\u00df beginnt in Frankfurt"],"original_link":["https:\/\/de.rt.com\/inland\/206496-prozess-gegen-prinz-reuss-beginnt-in-frankfurt\/"],"_thumbnail_id":["58644"],"jnews_social_counter_last_update":["1777655832"],"_wptgpro_p2tg_sent2tg":["a:0:{}"]},"categories":[19,23],"tags":[20600,490,29272,278,29877,19590,48297,55094,62,565],"yoast_head":"<!-- This site is optimized with the Yoast SEO Premium plugin v22.7 (Yoast SEO v22.7) - https:\/\/yoast.com\/wordpress\/plugins\/seo\/ -->\n<title>Angebliche Verschw\u00f6rung zum Staatsumsturz: Prozess gegen Prinz Reu\u00df beginnt in Frankfurt - just-now.NEWS Deutschland<\/title>\n<meta name=\"robots\" content=\"index, follow, max-snippet:-1, max-image-preview:large, max-video-preview:-1\" \/>\n<link rel=\"canonical\" href=\"https:\/\/now-news.de\/de\/deutschland\/angebliche-verschwoerung-zum-staatsumsturz-prozess-gegen-prinz-reuss-beginnt-in-frankfurt\/\" \/>\n<meta property=\"og:locale\" content=\"de_DE\" \/>\n<meta property=\"og:type\" content=\"article\" \/>\n<meta property=\"og:title\" content=\"Angebliche Verschw\u00f6rung zum Staatsumsturz: Prozess gegen Prinz Reu\u00df beginnt in Frankfurt\" \/>\n<meta property=\"og:description\" content=\"Am Dienstag hat in Frankfurt am Main der erste Prozesstag gegen Heinrich XIII. Prinz von Reu\u00df und seine angeblichen &#8220;Mitverschw\u00f6rer&#8221; begonnen. Die Verteidiger des Prinzen betonten gegen\u00fcber der Presse die Unschuld ihres Mandanten. Am Dienstag begann vor dem Staatsschutzsenat des Oberlandesgerichts Frankfurt am Main mit einst\u00fcndiger Verz\u00f6gerung der Prozess gegen\u00a0Heinrich XIII. Prinz Reu\u00df und acht [&hellip;]\" \/>\n<meta property=\"og:url\" content=\"https:\/\/now-news.de\/de\/deutschland\/angebliche-verschwoerung-zum-staatsumsturz-prozess-gegen-prinz-reuss-beginnt-in-frankfurt\/\" \/>\n<meta property=\"og:site_name\" content=\"just-now.NEWS Deutschland\" \/>\n<meta property=\"article:publisher\" content=\"https:\/\/www.facebook.com\/wirmachenauf\" \/>\n<meta property=\"article:published_time\" content=\"2024-05-21T13:09:31+00:00\" \/>\n<meta property=\"og:image\" content=\"https:\/\/now-news.de\/de\/wp-content\/uploads\/sites\/3\/2024\/05\/664c92ad48fbef05db642885.jpg\" \/>\n<meta name=\"author\" content=\"rtnews\" \/>\n<meta name=\"twitter:card\" content=\"summary_large_image\" \/>\n<meta name=\"twitter:creator\" content=\"@WirMachenAuf_de\" \/>\n<meta name=\"twitter:site\" content=\"@WirMachenAuf_de\" \/>\n<meta name=\"twitter:label1\" content=\"Verfasst von\" \/>\n\t<meta name=\"twitter:data1\" content=\"rtnews\" \/>\n\t<meta name=\"twitter:label2\" content=\"Gesch\u00e4tzte Lesezeit\" \/>\n\t<meta name=\"twitter:data2\" content=\"1\u00a0Minute\" \/>\n<script type=\"application\/ld+json\" class=\"yoast-schema-graph\">{\"@context\":\"https:\/\/schema.org\",\"@graph\":[{\"@type\":\"Article\",\"@id\":\"https:\/\/now-news.de\/de\/deutschland\/angebliche-verschwoerung-zum-staatsumsturz-prozess-gegen-prinz-reuss-beginnt-in-frankfurt\/#article\",\"isPartOf\":{\"@id\":\"https:\/\/now-news.de\/de\/deutschland\/angebliche-verschwoerung-zum-staatsumsturz-prozess-gegen-prinz-reuss-beginnt-in-frankfurt\/\"},\"author\":{\"name\":\"rtnews\",\"@id\":\"https:\/\/now-news.de\/de\/#\/schema\/person\/fb534a4e865501d8b3285208df34a9b5\"},\"headline\":\"Angebliche Verschw\u00f6rung zum Staatsumsturz: Prozess gegen Prinz Reu\u00df beginnt in Frankfurt\",\"datePublished\":\"2024-05-21T13:09:31+00:00\",\"dateModified\":\"2024-05-21T13:09:31+00:00\",\"mainEntityOfPage\":{\"@id\":\"https:\/\/now-news.de\/de\/deutschland\/angebliche-verschwoerung-zum-staatsumsturz-prozess-gegen-prinz-reuss-beginnt-in-frankfurt\/\"},\"wordCount\":270,\"commentCount\":0,\"publisher\":{\"@id\":\"https:\/\/now-news.de\/de\/#organization\"},\"image\":{\"@id\":\"https:\/\/now-news.de\/de\/deutschland\/angebliche-verschwoerung-zum-staatsumsturz-prozess-gegen-prinz-reuss-beginnt-in-frankfurt\/#primaryimage\"},\"thumbnailUrl\":\"https:\/\/now-news.de\/de\/wp-content\/uploads\/sites\/3\/2024\/05\/Angebliche-Verschwoerung-zum-Staatsumsturz-Prozess-gegen-Prinz-Reuss-beginnt-in.jpg\",\"keywords\":[\"angebliche\",\"beginnt\",\"Frankfurt\",\"gegen\",\"Prinz\",\"Prozess\",\"Reu\u00df\",\"Staatsumsturz\",\"verschw\u00f6rung\",\"zum\"],\"articleSection\":[\"Deutschland\",\"Russland\"],\"inLanguage\":\"de\",\"potentialAction\":[{\"@type\":\"CommentAction\",\"name\":\"Comment\",\"target\":[\"https:\/\/now-news.de\/de\/deutschland\/angebliche-verschwoerung-zum-staatsumsturz-prozess-gegen-prinz-reuss-beginnt-in-frankfurt\/#respond\"]}]},{\"@type\":\"WebPage\",\"@id\":\"https:\/\/now-news.de\/de\/deutschland\/angebliche-verschwoerung-zum-staatsumsturz-prozess-gegen-prinz-reuss-beginnt-in-frankfurt\/\",\"url\":\"https:\/\/now-news.de\/de\/deutschland\/angebliche-verschwoerung-zum-staatsumsturz-prozess-gegen-prinz-reuss-beginnt-in-frankfurt\/\",\"name\":\"Angebliche Verschw\u00f6rung zum Staatsumsturz: Prozess gegen Prinz Reu\u00df beginnt in Frankfurt - just-now.NEWS Deutschland\",\"isPartOf\":{\"@id\":\"https:\/\/now-news.de\/de\/#website\"},\"primaryImageOfPage\":{\"@id\":\"https:\/\/now-news.de\/de\/deutschland\/angebliche-verschwoerung-zum-staatsumsturz-prozess-gegen-prinz-reuss-beginnt-in-frankfurt\/#primaryimage\"},\"image\":{\"@id\":\"https:\/\/now-news.de\/de\/deutschland\/angebliche-verschwoerung-zum-staatsumsturz-prozess-gegen-prinz-reuss-beginnt-in-frankfurt\/#primaryimage\"},\"thumbnailUrl\":\"https:\/\/now-news.de\/de\/wp-content\/uploads\/sites\/3\/2024\/05\/Angebliche-Verschwoerung-zum-Staatsumsturz-Prozess-gegen-Prinz-Reuss-beginnt-in.jpg\",\"datePublished\":\"2024-05-21T13:09:31+00:00\",\"dateModified\":\"2024-05-21T13:09:31+00:00\",\"breadcrumb\":{\"@id\":\"https:\/\/now-news.de\/de\/deutschland\/angebliche-verschwoerung-zum-staatsumsturz-prozess-gegen-prinz-reuss-beginnt-in-frankfurt\/#breadcrumb\"},\"inLanguage\":\"de\",\"potentialAction\":[{\"@type\":\"ReadAction\",\"target\":[\"https:\/\/now-news.de\/de\/deutschland\/angebliche-verschwoerung-zum-staatsumsturz-prozess-gegen-prinz-reuss-beginnt-in-frankfurt\/\"]}]},{\"@type\":\"ImageObject\",\"inLanguage\":\"de\",\"@id\":\"https:\/\/now-news.de\/de\/deutschland\/angebliche-verschwoerung-zum-staatsumsturz-prozess-gegen-prinz-reuss-beginnt-in-frankfurt\/#primaryimage\",\"url\":\"https:\/\/now-news.de\/de\/wp-content\/uploads\/sites\/3\/2024\/05\/Angebliche-Verschwoerung-zum-Staatsumsturz-Prozess-gegen-Prinz-Reuss-beginnt-in.jpg\",\"contentUrl\":\"https:\/\/now-news.de\/de\/wp-content\/uploads\/sites\/3\/2024\/05\/Angebliche-Verschwoerung-zum-Staatsumsturz-Prozess-gegen-Prinz-Reuss-beginnt-in.jpg\",\"width\":460,\"height\":259,\"caption\":\"Angebliche Verschw\u00f6rung zum Staatsumsturz: Prozess gegen Prinz Reu\u00df beginnt in Frankfurt\"},{\"@type\":\"BreadcrumbList\",\"@id\":\"https:\/\/now-news.de\/de\/deutschland\/angebliche-verschwoerung-zum-staatsumsturz-prozess-gegen-prinz-reuss-beginnt-in-frankfurt\/#breadcrumb\",\"itemListElement\":[{\"@type\":\"ListItem\",\"position\":1,\"name\":\"Home\",\"item\":\"https:\/\/now-news.de\/de\/\"},{\"@type\":\"ListItem\",\"position\":2,\"name\":\"Angebliche Verschw\u00f6rung zum Staatsumsturz: Prozess gegen Prinz Reu\u00df beginnt in Frankfurt\"}]},{\"@type\":\"WebSite\",\"@id\":\"https:\/\/now-news.de\/de\/#website\",\"url\":\"https:\/\/now-news.de\/de\/\",\"name\":\"just-now.NEWS Deutschland\",\"description\":\"Das Portal f\u00fcr unzensierte Nachrichten aus der Welt\",\"publisher\":{\"@id\":\"https:\/\/now-news.de\/de\/#organization\"},\"potentialAction\":[{\"@type\":\"SearchAction\",\"target\":{\"@type\":\"EntryPoint\",\"urlTemplate\":\"https:\/\/now-news.de\/de\/?s={search_term_string}\"},\"query-input\":\"required name=search_term_string\"}],\"inLanguage\":\"de\"},{\"@type\":\"Organization\",\"@id\":\"https:\/\/now-news.de\/de\/#organization\",\"name\":\"Just Now News\",\"url\":\"https:\/\/now-news.de\/de\/\",\"logo\":{\"@type\":\"ImageObject\",\"inLanguage\":\"de\",\"@id\":\"https:\/\/now-news.de\/de\/#\/schema\/logo\/image\/\",\"url\":\"http:\/\/just-now.news\/de\/wp-content\/uploads\/sites\/3\/2022\/04\/logo500x500.jpg\",\"contentUrl\":\"http:\/\/just-now.news\/de\/wp-content\/uploads\/sites\/3\/2022\/04\/logo500x500.jpg\",\"width\":500,\"height\":500,\"caption\":\"Just Now News\"},\"image\":{\"@id\":\"https:\/\/now-news.de\/de\/#\/schema\/logo\/image\/\"},\"sameAs\":[\"https:\/\/www.facebook.com\/wirmachenauf\",\"https:\/\/x.com\/WirMachenAuf_de\"]},{\"@type\":\"Person\",\"@id\":\"https:\/\/now-news.de\/de\/#\/schema\/person\/fb534a4e865501d8b3285208df34a9b5\",\"name\":\"rtnews\",\"image\":{\"@type\":\"ImageObject\",\"inLanguage\":\"de\",\"@id\":\"https:\/\/now-news.de\/de\/#\/schema\/person\/image\/\",\"url\":\"https:\/\/secure.gravatar.com\/avatar\/82aafea7d8127119dd649515f56e2117?s=96&d=mm&r=g\",\"contentUrl\":\"https:\/\/secure.gravatar.com\/avatar\/82aafea7d8127119dd649515f56e2117?s=96&d=mm&r=g\",\"caption\":\"rtnews\"},\"url\":\"https:\/\/now-news.de\/de\/author\/rnews\/\"}]}<\/script>\n<!-- \/ Yoast SEO Premium plugin. -->","yoast_head_json":{"title":"Angebliche Verschw\u00f6rung zum Staatsumsturz: Prozess gegen Prinz Reu\u00df beginnt in Frankfurt - just-now.NEWS Deutschland","robots":{"index":"index","follow":"follow","max-snippet":"max-snippet:-1","max-image-preview":"max-image-preview:large","max-video-preview":"max-video-preview:-1"},"canonical":"https:\/\/now-news.de\/de\/deutschland\/angebliche-verschwoerung-zum-staatsumsturz-prozess-gegen-prinz-reuss-beginnt-in-frankfurt\/","og_locale":"de_DE","og_type":"article","og_title":"Angebliche Verschw\u00f6rung zum Staatsumsturz: Prozess gegen Prinz Reu\u00df beginnt in Frankfurt","og_description":"Am Dienstag hat in Frankfurt am Main der erste Prozesstag gegen Heinrich XIII. Prinz von Reu\u00df und seine angeblichen &#8220;Mitverschw\u00f6rer&#8221; begonnen. Die Verteidiger des Prinzen betonten gegen\u00fcber der Presse die Unschuld ihres Mandanten. Am Dienstag begann vor dem Staatsschutzsenat des Oberlandesgerichts Frankfurt am Main mit einst\u00fcndiger Verz\u00f6gerung der Prozess gegen\u00a0Heinrich XIII. Prinz Reu\u00df und acht [&hellip;]","og_url":"https:\/\/now-news.de\/de\/deutschland\/angebliche-verschwoerung-zum-staatsumsturz-prozess-gegen-prinz-reuss-beginnt-in-frankfurt\/","og_site_name":"just-now.NEWS Deutschland","article_publisher":"https:\/\/www.facebook.com\/wirmachenauf","article_published_time":"2024-05-21T13:09:31+00:00","og_image":[{"url":"https:\/\/now-news.de\/de\/wp-content\/uploads\/sites\/3\/2024\/05\/664c92ad48fbef05db642885.jpg"}],"author":"rtnews","twitter_card":"summary_large_image","twitter_creator":"@WirMachenAuf_de","twitter_site":"@WirMachenAuf_de","twitter_misc":{"Verfasst von":"rtnews","Gesch\u00e4tzte Lesezeit":"1\u00a0Minute"},"schema":{"@context":"https:\/\/schema.org","@graph":[{"@type":"Article","@id":"https:\/\/now-news.de\/de\/deutschland\/angebliche-verschwoerung-zum-staatsumsturz-prozess-gegen-prinz-reuss-beginnt-in-frankfurt\/#article","isPartOf":{"@id":"https:\/\/now-news.de\/de\/deutschland\/angebliche-verschwoerung-zum-staatsumsturz-prozess-gegen-prinz-reuss-beginnt-in-frankfurt\/"},"author":{"name":"rtnews","@id":"https:\/\/now-news.de\/de\/#\/schema\/person\/fb534a4e865501d8b3285208df34a9b5"},"headline":"Angebliche Verschw\u00f6rung zum Staatsumsturz: Prozess gegen Prinz Reu\u00df beginnt in Frankfurt","datePublished":"2024-05-21T13:09:31+00:00","dateModified":"2024-05-21T13:09:31+00:00","mainEntityOfPage":{"@id":"https:\/\/now-news.de\/de\/deutschland\/angebliche-verschwoerung-zum-staatsumsturz-prozess-gegen-prinz-reuss-beginnt-in-frankfurt\/"},"wordCount":270,"commentCount":0,"publisher":{"@id":"https:\/\/now-news.de\/de\/#organization"},"image":{"@id":"https:\/\/now-news.de\/de\/deutschland\/angebliche-verschwoerung-zum-staatsumsturz-prozess-gegen-prinz-reuss-beginnt-in-frankfurt\/#primaryimage"},"thumbnailUrl":"https:\/\/now-news.de\/de\/wp-content\/uploads\/sites\/3\/2024\/05\/Angebliche-Verschwoerung-zum-Staatsumsturz-Prozess-gegen-Prinz-Reuss-beginnt-in.jpg","keywords":["angebliche","beginnt","Frankfurt","gegen","Prinz","Prozess","Reu\u00df","Staatsumsturz","verschw\u00f6rung","zum"],"articleSection":["Deutschland","Russland"],"inLanguage":"de","potentialAction":[{"@type":"CommentAction","name":"Comment","target":["https:\/\/now-news.de\/de\/deutschland\/angebliche-verschwoerung-zum-staatsumsturz-prozess-gegen-prinz-reuss-beginnt-in-frankfurt\/#respond"]}]},{"@type":"WebPage","@id":"https:\/\/now-news.de\/de\/deutschland\/angebliche-verschwoerung-zum-staatsumsturz-prozess-gegen-prinz-reuss-beginnt-in-frankfurt\/","url":"https:\/\/now-news.de\/de\/deutschland\/angebliche-verschwoerung-zum-staatsumsturz-prozess-gegen-prinz-reuss-beginnt-in-frankfurt\/","name":"Angebliche Verschw\u00f6rung zum Staatsumsturz: Prozess gegen Prinz Reu\u00df beginnt in Frankfurt - just-now.NEWS Deutschland","isPartOf":{"@id":"https:\/\/now-news.de\/de\/#website"},"primaryImageOfPage":{"@id":"https:\/\/now-news.de\/de\/deutschland\/angebliche-verschwoerung-zum-staatsumsturz-prozess-gegen-prinz-reuss-beginnt-in-frankfurt\/#primaryimage"},"image":{"@id":"https:\/\/now-news.de\/de\/deutschland\/angebliche-verschwoerung-zum-staatsumsturz-prozess-gegen-prinz-reuss-beginnt-in-frankfurt\/#primaryimage"},"thumbnailUrl":"https:\/\/now-news.de\/de\/wp-content\/uploads\/sites\/3\/2024\/05\/Angebliche-Verschwoerung-zum-Staatsumsturz-Prozess-gegen-Prinz-Reuss-beginnt-in.jpg","datePublished":"2024-05-21T13:09:31+00:00","dateModified":"2024-05-21T13:09:31+00:00","breadcrumb":{"@id":"https:\/\/now-news.de\/de\/deutschland\/angebliche-verschwoerung-zum-staatsumsturz-prozess-gegen-prinz-reuss-beginnt-in-frankfurt\/#breadcrumb"},"inLanguage":"de","potentialAction":[{"@type":"ReadAction","target":["https:\/\/now-news.de\/de\/deutschland\/angebliche-verschwoerung-zum-staatsumsturz-prozess-gegen-prinz-reuss-beginnt-in-frankfurt\/"]}]},{"@type":"ImageObject","inLanguage":"de","@id":"https:\/\/now-news.de\/de\/deutschland\/angebliche-verschwoerung-zum-staatsumsturz-prozess-gegen-prinz-reuss-beginnt-in-frankfurt\/#primaryimage","url":"https:\/\/now-news.de\/de\/wp-content\/uploads\/sites\/3\/2024\/05\/Angebliche-Verschwoerung-zum-Staatsumsturz-Prozess-gegen-Prinz-Reuss-beginnt-in.jpg","contentUrl":"https:\/\/now-news.de\/de\/wp-content\/uploads\/sites\/3\/2024\/05\/Angebliche-Verschwoerung-zum-Staatsumsturz-Prozess-gegen-Prinz-Reuss-beginnt-in.jpg","width":460,"height":259,"caption":"Angebliche Verschw\u00f6rung zum Staatsumsturz: Prozess gegen Prinz Reu\u00df beginnt in Frankfurt"},{"@type":"BreadcrumbList","@id":"https:\/\/now-news.de\/de\/deutschland\/angebliche-verschwoerung-zum-staatsumsturz-prozess-gegen-prinz-reuss-beginnt-in-frankfurt\/#breadcrumb","itemListElement":[{"@type":"ListItem","position":1,"name":"Home","item":"https:\/\/now-news.de\/de\/"},{"@type":"ListItem","position":2,"name":"Angebliche Verschw\u00f6rung zum Staatsumsturz: Prozess gegen Prinz Reu\u00df beginnt in Frankfurt"}]},{"@type":"WebSite","@id":"https:\/\/now-news.de\/de\/#website","url":"https:\/\/now-news.de\/de\/","name":"just-now.NEWS Deutschland","description":"Das Portal f\u00fcr unzensierte Nachrichten aus der Welt","publisher":{"@id":"https:\/\/now-news.de\/de\/#organization"},"potentialAction":[{"@type":"SearchAction","target":{"@type":"EntryPoint","urlTemplate":"https:\/\/now-news.de\/de\/?s={search_term_string}"},"query-input":"required name=search_term_string"}],"inLanguage":"de"},{"@type":"Organization","@id":"https:\/\/now-news.de\/de\/#organization","name":"Just Now News","url":"https:\/\/now-news.de\/de\/","logo":{"@type":"ImageObject","inLanguage":"de","@id":"https:\/\/now-news.de\/de\/#\/schema\/logo\/image\/","url":"http:\/\/just-now.news\/de\/wp-content\/uploads\/sites\/3\/2022\/04\/logo500x500.jpg","contentUrl":"http:\/\/just-now.news\/de\/wp-content\/uploads\/sites\/3\/2022\/04\/logo500x500.jpg","width":500,"height":500,"caption":"Just Now News"},"image":{"@id":"https:\/\/now-news.de\/de\/#\/schema\/logo\/image\/"},"sameAs":["https:\/\/www.facebook.com\/wirmachenauf","https:\/\/x.com\/WirMachenAuf_de"]},{"@type":"Person","@id":"https:\/\/now-news.de\/de\/#\/schema\/person\/fb534a4e865501d8b3285208df34a9b5","name":"rtnews","image":{"@type":"ImageObject","inLanguage":"de","@id":"https:\/\/now-news.de\/de\/#\/schema\/person\/image\/","url":"https:\/\/secure.gravatar.com\/avatar\/82aafea7d8127119dd649515f56e2117?s=96&d=mm&r=g","contentUrl":"https:\/\/secure.gravatar.com\/avatar\/82aafea7d8127119dd649515f56e2117?s=96&d=mm&r=g","caption":"rtnews"},"url":"https:\/\/now-news.de\/de\/author\/rnews\/"}]}},"_links":{"self":[{"href":"https:\/\/now-news.de\/de\/wp-json\/wp\/v2\/posts\/58643"}],"collection":[{"href":"https:\/\/now-news.de\/de\/wp-json\/wp\/v2\/posts"}],"about":[{"href":"https:\/\/now-news.de\/de\/wp-json\/wp\/v2\/types\/post"}],"author":[{"embeddable":true,"href":"https:\/\/now-news.de\/de\/wp-json\/wp\/v2\/users\/3"}],"replies":[{"embeddable":true,"href":"https:\/\/now-news.de\/de\/wp-json\/wp\/v2\/comments?post=58643"}],"version-history":[{"count":0,"href":"https:\/\/now-news.de\/de\/wp-json\/wp\/v2\/posts\/58643\/revisions"}],"wp:featuredmedia":[{"embeddable":true,"href":"https:\/\/now-news.de\/de\/wp-json\/wp\/v2\/media\/58644"}],"wp:attachment":[{"href":"https:\/\/now-news.de\/de\/wp-json\/wp\/v2\/media?parent=58643"}],"wp:term":[{"taxonomy":"category","embeddable":true,"href":"https:\/\/now-news.de\/de\/wp-json\/wp\/v2\/categories?post=58643"},{"taxonomy":"post_tag","embeddable":true,"href":"https:\/\/now-news.de\/de\/wp-json\/wp\/v2\/tags?post=58643"}],"curies":[{"name":"wp","href":"https:\/\/api.w.org\/{rel}","templated":true}]}}