{"id":58600,"date":"2024-05-22T12:02:03","date_gmt":"2024-05-22T10:02:03","guid":{"rendered":"https:\/\/now-news.de\/de\/deutschland\/nach-tod-von-praesident-raisi-neue-phase-der-hybriden-kriegsfuehrung-gegen-iran-eingeleitet\/"},"modified":"2024-05-22T12:02:03","modified_gmt":"2024-05-22T10:02:03","slug":"nach-tod-von-praesident-raisi-neue-phase-der-hybriden-kriegsfuehrung-gegen-iran-eingeleitet","status":"publish","type":"post","link":"https:\/\/now-news.de\/de\/deutschland\/nach-tod-von-praesident-raisi-neue-phase-der-hybriden-kriegsfuehrung-gegen-iran-eingeleitet\/","title":{"rendered":"Nach Tod von Pr\u00e4sident Raisi: Neue Phase der hybriden Kriegsf\u00fchrung gegen Iran eingeleitet"},"content":{"rendered":"<p><img decoding=\"async\" src=\"https:\/\/now-news.de\/de\/wp-content\/uploads\/sites\/3\/2024\/05\/664d9e5db480cc0ed7174daf.jpg\" \/><\/p>\n<div class=\"Text-root Text-type_1 \">\n                Wenn es sich bei dem Hubschrauberabsturz um einen Unfall handelt und ein Fremdverschulden ausgeschlossen werden kann, muss das keine unmittelbaren Auswirkungen auf die Lage in Nahost haben. Dennoch kommt die Krise dem Westen sehr gelegen.\n            <\/div>\n<p><\/p>\n<div class=\"Text-root Text-type_5 ArticleView-text ViewText-root \">\n<p><em>Von Armin Schmitt<\/em><\/p>\n<p>Erneut hat Iran politische und milit\u00e4rische F\u00fchrungspers\u00f6nlichkeiten unter ungew\u00f6hnlichen Umst\u00e4nden verloren. Diesbez\u00fcglich konfrontiert Teheran die USA seit Jahrzehnten. Irans etablierte Linie, sich der Nahostpolitik des Westens zu widersetzen, wird durch den Tod von Raisi nicht ersch\u00fcttert.<\/p>\n<p>Sein Tod wird vor allem angesichts der begrenzten Machtf\u00fclle des Pr\u00e4sidentenamts nicht viel an der Grundausrichtung der Innen-, Au\u00dfen- und Atompolitik \u00e4ndern, wovon Israel profitieren k\u00f6nnte. Der Kurs in diesen Bereichen wird vom Obersten F\u00fchrer und der Iranischen Revolutionsgarde bestimmt. Daher ist es unwahrscheinlich, dass Tel Aviv in den Absturz des Hubschraubers von Pr\u00e4sident Raisi an der Grenze zu Aserbaidschan involviert war.<\/p>\n<p>Zudem war der Bell 212 Helikopter des Pr\u00e4sidenten \u00fcber 40 Jahre alt, was einen\u00a0technischen Defekt wahrscheinlicher macht.\u00a0Irans Luftwaffe gilt als stark veraltet, ihre Modernisierung kommt angesichts scharfer westlicher Sanktionen kaum voran.\u00a0 In der Vergangenheit hatten iranische Regierungsvertreter immer wieder die USA f\u00fcr Sicherheitsvorf\u00e4lle verantwortlich gemacht. Der fr\u00fchere iranische Au\u00dfenminister Mohammed Dschawad Sarif hatte zuletzt einen Zusammenhang zwischen dem Hubschrauberabsturz und den US-Sanktionen hergestellt, die den Verkauf von Ersatzteilen f\u00fcr die Luftfahrtindustrie untersagen.<\/p>\n<p>Sollte es sich bei dem Hubschrauberabsturz tats\u00e4chlich um einen Unfall ohne Fremdverschulden handeln, so muss das auch keine unmittelbaren Auswirkungen auf die Lage in Nahost haben.\u00a0Dennoch wird das Drama um die Pr\u00e4sidentenmaschine Irans Ressourcen vorerst in der Innenpolitik binden und Irans Pr\u00e4senz in der Region schw\u00e4chen.\u00a0Das d\u00fcrfte insgesamt den Druck auf Israel verringern, da die F\u00fchrung in Iran sich dann auf die Innenpolitik fokussieren m\u00fcsste.\u00a0Die Krise kommt dem Westen daher sehr gelegen.<\/p>\n<p>Der Westen wird versuchen, den Vorfall zu nutzen und einen neuen Medienkrieg gegen Iran einzuleiten, indem er\u00a0bei den anstehenden Wahlen die Bruchstellen der iranischen Gesellschaft wie &#8220;Frauenrechte&#8221; oder &#8220;Minderheitsrechte&#8221; durch Medien-Kampagnen in den Vordergrund r\u00fcckt, um in Iran nach dem Fall Mahsa Amini erneut Unruhe zu stiften.\u00a0Die iranische Regierung warnt bereits vor neuen Versuchen des Westens, die \u00f6ffentliche Meinung zu beeinflussen.\u00a0Nach dem Tod von Raisi wird in dem Land am 28. Juni ein neuer Pr\u00e4sident gew\u00e4hlt. Dieses vom W\u00e4chterrat vorgeschlagene Datum wurde bei einem Treffen der Spitzen von Regierung, Parlament und Justiz festgelegt.<\/p>\n<p>Irans Gro\u00dfangriff auf Israel und der darauffolgende begrenzte Gegenschlag von Tel Aviv war ein Sieg f\u00fcr Iran und eine Dem\u00fctigung f\u00fcr die milit\u00e4rische Vormachtstellung der USA in\u00a0der Region. Im Medienkrieg sitzt aber der Westen am l\u00e4ngeren Hebel, und wird diesen einsetzen, um Iran zu destabilisieren und ihm dadurch Zugest\u00e4ndnisse bez\u00fcglich seiner Au\u00dfenpolitik und vor allem seines Atomprogramms abzuringen.<\/p>\n<p><strong>Mehr zum Thema<\/strong> &#8211; <a rel=\"nofollow noopener\" target=\"_blank\" href=\"https:\/\/freeassange.rtde.life\/international\/206327-putin-und-lawrow-raisi-war\/\">Putin und Lawrow: Raisi war ein wahrer Freund Russlands<\/a><\/p>\n<div class=\"EmbedBlock-root EmbedBlock-externalVideo EmbedBlock-vk\">\n<div class=\"VkEmbed\"><iframe class=\"lazyload\" data-src=\"https:\/\/vk.com\/video_ext.php?oid=-134310637&amp;id=456276976\" frameborder=\"0\" width=\"853\" height=\"480\" allowfullscreen><\/iframe><\/div>\n<\/div>\n<\/div>\n<p><br \/>\n<br \/><a href=\"https:\/\/de.rt.com\/der-nahe-osten\/206593-nach-tod-von-praesident-raisi\/\">Source link <\/a><\/p>\n","protected":false},"excerpt":{"rendered":"<p>Wenn es sich bei dem Hubschrauberabsturz um einen Unfall handelt und ein Fremdverschulden ausgeschlossen werden kann, muss das keine unmittelbaren Auswirkungen auf die Lage in Nahost haben. Dennoch kommt die Krise dem Westen sehr gelegen. Von Armin Schmitt Erneut hat Iran politische und milit\u00e4rische F\u00fchrungspers\u00f6nlichkeiten unter ungew\u00f6hnlichen Umst\u00e4nden verloren. Diesbez\u00fcglich konfrontiert Teheran die USA seit [&hellip;]<\/p>\n","protected":false},"author":3,"featured_media":58601,"comment_status":"open","ping_status":"open","sticky":false,"template":"","format":"standard","meta":{"_yoast_indexnow_last_ping":["1716424646"],"wp_automatic_camp":["217"],"e548b5b1c06a83e5e104834f7665dbbb":["Nach Tod von Pr\u00e4sident Raisi: Neue Phase der hybriden Kriegsf\u00fchrung gegen Iran eingeleitet"],"original_link":["https:\/\/de.rt.com\/der-nahe-osten\/206593-nach-tod-von-praesident-raisi\/"],"_thumbnail_id":["58601"],"_wptgpro_p2tg_sent2tg":["a:1:{i:23737;s:19:\"2024-05-23 02:38:30\";}"],"jnews_social_counter_last_update":["1777230849"]},"categories":[19,23],"tags":[82,20025,278,20142,1786,25526,979,1227,3471,3464,21115,12077,50],"yoast_head":"<!-- This site is optimized with the Yoast SEO Premium plugin v22.7 (Yoast SEO v22.7) - https:\/\/yoast.com\/wordpress\/plugins\/seo\/ -->\n<title>Nach Tod von Pr\u00e4sident Raisi: Neue Phase der hybriden Kriegsf\u00fchrung gegen Iran eingeleitet - just-now.NEWS Deutschland<\/title>\n<meta name=\"robots\" content=\"index, follow, max-snippet:-1, max-image-preview:large, max-video-preview:-1\" \/>\n<link rel=\"canonical\" href=\"https:\/\/now-news.de\/de\/deutschland\/nach-tod-von-praesident-raisi-neue-phase-der-hybriden-kriegsfuehrung-gegen-iran-eingeleitet\/\" \/>\n<meta property=\"og:locale\" content=\"de_DE\" \/>\n<meta property=\"og:type\" content=\"article\" \/>\n<meta property=\"og:title\" content=\"Nach Tod von Pr\u00e4sident Raisi: Neue Phase der hybriden Kriegsf\u00fchrung gegen Iran eingeleitet\" \/>\n<meta property=\"og:description\" content=\"Wenn es sich bei dem Hubschrauberabsturz um einen Unfall handelt und ein Fremdverschulden ausgeschlossen werden kann, muss das keine unmittelbaren Auswirkungen auf die Lage in Nahost haben. Dennoch kommt die Krise dem Westen sehr gelegen. Von Armin Schmitt Erneut hat Iran politische und milit\u00e4rische F\u00fchrungspers\u00f6nlichkeiten unter ungew\u00f6hnlichen Umst\u00e4nden verloren. Diesbez\u00fcglich konfrontiert Teheran die USA seit [&hellip;]\" \/>\n<meta property=\"og:url\" content=\"https:\/\/now-news.de\/de\/deutschland\/nach-tod-von-praesident-raisi-neue-phase-der-hybriden-kriegsfuehrung-gegen-iran-eingeleitet\/\" \/>\n<meta property=\"og:site_name\" content=\"just-now.NEWS Deutschland\" \/>\n<meta property=\"article:publisher\" content=\"https:\/\/www.facebook.com\/wirmachenauf\" \/>\n<meta property=\"article:published_time\" content=\"2024-05-22T10:02:03+00:00\" \/>\n<meta property=\"og:image\" content=\"https:\/\/now-news.de\/de\/wp-content\/uploads\/sites\/3\/2024\/05\/664d9e5db480cc0ed7174daf.jpg\" \/>\n<meta name=\"author\" content=\"rtnews\" \/>\n<meta name=\"twitter:card\" content=\"summary_large_image\" \/>\n<meta name=\"twitter:creator\" content=\"@WirMachenAuf_de\" \/>\n<meta name=\"twitter:site\" content=\"@WirMachenAuf_de\" \/>\n<meta name=\"twitter:label1\" content=\"Verfasst von\" \/>\n\t<meta name=\"twitter:data1\" content=\"rtnews\" \/>\n\t<meta name=\"twitter:label2\" content=\"Gesch\u00e4tzte Lesezeit\" \/>\n\t<meta name=\"twitter:data2\" content=\"2\u00a0Minuten\" \/>\n<script type=\"application\/ld+json\" class=\"yoast-schema-graph\">{\"@context\":\"https:\/\/schema.org\",\"@graph\":[{\"@type\":\"Article\",\"@id\":\"https:\/\/now-news.de\/de\/deutschland\/nach-tod-von-praesident-raisi-neue-phase-der-hybriden-kriegsfuehrung-gegen-iran-eingeleitet\/#article\",\"isPartOf\":{\"@id\":\"https:\/\/now-news.de\/de\/deutschland\/nach-tod-von-praesident-raisi-neue-phase-der-hybriden-kriegsfuehrung-gegen-iran-eingeleitet\/\"},\"author\":{\"name\":\"rtnews\",\"@id\":\"https:\/\/now-news.de\/de\/#\/schema\/person\/fb534a4e865501d8b3285208df34a9b5\"},\"headline\":\"Nach Tod von Pr\u00e4sident Raisi: Neue Phase der hybriden Kriegsf\u00fchrung gegen Iran eingeleitet\",\"datePublished\":\"2024-05-22T10:02:03+00:00\",\"dateModified\":\"2024-05-22T10:02:03+00:00\",\"mainEntityOfPage\":{\"@id\":\"https:\/\/now-news.de\/de\/deutschland\/nach-tod-von-praesident-raisi-neue-phase-der-hybriden-kriegsfuehrung-gegen-iran-eingeleitet\/\"},\"wordCount\":507,\"commentCount\":0,\"publisher\":{\"@id\":\"https:\/\/now-news.de\/de\/#organization\"},\"image\":{\"@id\":\"https:\/\/now-news.de\/de\/deutschland\/nach-tod-von-praesident-raisi-neue-phase-der-hybriden-kriegsfuehrung-gegen-iran-eingeleitet\/#primaryimage\"},\"thumbnailUrl\":\"https:\/\/now-news.de\/de\/wp-content\/uploads\/sites\/3\/2024\/05\/Nach-Tod-von-Praesident-Raisi-Neue-Phase-der-hybriden-Kriegsfuehrung.jpg\",\"keywords\":[\"der\",\"eingeleitet\",\"gegen\",\"hybriden\",\"Iran\",\"Kriegsf\u00fchrung\",\"nach\",\"NEUE\",\"Phase\",\"Pr\u00e4sident\",\"Raisi\",\"Tod\",\"von\"],\"articleSection\":[\"Deutschland\",\"Russland\"],\"inLanguage\":\"de\",\"potentialAction\":[{\"@type\":\"CommentAction\",\"name\":\"Comment\",\"target\":[\"https:\/\/now-news.de\/de\/deutschland\/nach-tod-von-praesident-raisi-neue-phase-der-hybriden-kriegsfuehrung-gegen-iran-eingeleitet\/#respond\"]}]},{\"@type\":\"WebPage\",\"@id\":\"https:\/\/now-news.de\/de\/deutschland\/nach-tod-von-praesident-raisi-neue-phase-der-hybriden-kriegsfuehrung-gegen-iran-eingeleitet\/\",\"url\":\"https:\/\/now-news.de\/de\/deutschland\/nach-tod-von-praesident-raisi-neue-phase-der-hybriden-kriegsfuehrung-gegen-iran-eingeleitet\/\",\"name\":\"Nach Tod von Pr\u00e4sident Raisi: Neue Phase der hybriden Kriegsf\u00fchrung gegen Iran eingeleitet - just-now.NEWS Deutschland\",\"isPartOf\":{\"@id\":\"https:\/\/now-news.de\/de\/#website\"},\"primaryImageOfPage\":{\"@id\":\"https:\/\/now-news.de\/de\/deutschland\/nach-tod-von-praesident-raisi-neue-phase-der-hybriden-kriegsfuehrung-gegen-iran-eingeleitet\/#primaryimage\"},\"image\":{\"@id\":\"https:\/\/now-news.de\/de\/deutschland\/nach-tod-von-praesident-raisi-neue-phase-der-hybriden-kriegsfuehrung-gegen-iran-eingeleitet\/#primaryimage\"},\"thumbnailUrl\":\"https:\/\/now-news.de\/de\/wp-content\/uploads\/sites\/3\/2024\/05\/Nach-Tod-von-Praesident-Raisi-Neue-Phase-der-hybriden-Kriegsfuehrung.jpg\",\"datePublished\":\"2024-05-22T10:02:03+00:00\",\"dateModified\":\"2024-05-22T10:02:03+00:00\",\"breadcrumb\":{\"@id\":\"https:\/\/now-news.de\/de\/deutschland\/nach-tod-von-praesident-raisi-neue-phase-der-hybriden-kriegsfuehrung-gegen-iran-eingeleitet\/#breadcrumb\"},\"inLanguage\":\"de\",\"potentialAction\":[{\"@type\":\"ReadAction\",\"target\":[\"https:\/\/now-news.de\/de\/deutschland\/nach-tod-von-praesident-raisi-neue-phase-der-hybriden-kriegsfuehrung-gegen-iran-eingeleitet\/\"]}]},{\"@type\":\"ImageObject\",\"inLanguage\":\"de\",\"@id\":\"https:\/\/now-news.de\/de\/deutschland\/nach-tod-von-praesident-raisi-neue-phase-der-hybriden-kriegsfuehrung-gegen-iran-eingeleitet\/#primaryimage\",\"url\":\"https:\/\/now-news.de\/de\/wp-content\/uploads\/sites\/3\/2024\/05\/Nach-Tod-von-Praesident-Raisi-Neue-Phase-der-hybriden-Kriegsfuehrung.jpg\",\"contentUrl\":\"https:\/\/now-news.de\/de\/wp-content\/uploads\/sites\/3\/2024\/05\/Nach-Tod-von-Praesident-Raisi-Neue-Phase-der-hybriden-Kriegsfuehrung.jpg\",\"width\":460,\"height\":259,\"caption\":\"Nach Tod von Pr\u00e4sident Raisi: Neue Phase der hybriden Kriegsf\u00fchrung gegen Iran eingeleitet\"},{\"@type\":\"BreadcrumbList\",\"@id\":\"https:\/\/now-news.de\/de\/deutschland\/nach-tod-von-praesident-raisi-neue-phase-der-hybriden-kriegsfuehrung-gegen-iran-eingeleitet\/#breadcrumb\",\"itemListElement\":[{\"@type\":\"ListItem\",\"position\":1,\"name\":\"Home\",\"item\":\"https:\/\/now-news.de\/de\/\"},{\"@type\":\"ListItem\",\"position\":2,\"name\":\"Nach Tod von Pr\u00e4sident Raisi: Neue Phase der hybriden Kriegsf\u00fchrung gegen Iran eingeleitet\"}]},{\"@type\":\"WebSite\",\"@id\":\"https:\/\/now-news.de\/de\/#website\",\"url\":\"https:\/\/now-news.de\/de\/\",\"name\":\"just-now.NEWS Deutschland\",\"description\":\"Das Portal f\u00fcr unzensierte Nachrichten aus der Welt\",\"publisher\":{\"@id\":\"https:\/\/now-news.de\/de\/#organization\"},\"potentialAction\":[{\"@type\":\"SearchAction\",\"target\":{\"@type\":\"EntryPoint\",\"urlTemplate\":\"https:\/\/now-news.de\/de\/?s={search_term_string}\"},\"query-input\":\"required name=search_term_string\"}],\"inLanguage\":\"de\"},{\"@type\":\"Organization\",\"@id\":\"https:\/\/now-news.de\/de\/#organization\",\"name\":\"Just Now News\",\"url\":\"https:\/\/now-news.de\/de\/\",\"logo\":{\"@type\":\"ImageObject\",\"inLanguage\":\"de\",\"@id\":\"https:\/\/now-news.de\/de\/#\/schema\/logo\/image\/\",\"url\":\"http:\/\/just-now.news\/de\/wp-content\/uploads\/sites\/3\/2022\/04\/logo500x500.jpg\",\"contentUrl\":\"http:\/\/just-now.news\/de\/wp-content\/uploads\/sites\/3\/2022\/04\/logo500x500.jpg\",\"width\":500,\"height\":500,\"caption\":\"Just Now News\"},\"image\":{\"@id\":\"https:\/\/now-news.de\/de\/#\/schema\/logo\/image\/\"},\"sameAs\":[\"https:\/\/www.facebook.com\/wirmachenauf\",\"https:\/\/x.com\/WirMachenAuf_de\"]},{\"@type\":\"Person\",\"@id\":\"https:\/\/now-news.de\/de\/#\/schema\/person\/fb534a4e865501d8b3285208df34a9b5\",\"name\":\"rtnews\",\"image\":{\"@type\":\"ImageObject\",\"inLanguage\":\"de\",\"@id\":\"https:\/\/now-news.de\/de\/#\/schema\/person\/image\/\",\"url\":\"https:\/\/secure.gravatar.com\/avatar\/82aafea7d8127119dd649515f56e2117?s=96&d=mm&r=g\",\"contentUrl\":\"https:\/\/secure.gravatar.com\/avatar\/82aafea7d8127119dd649515f56e2117?s=96&d=mm&r=g\",\"caption\":\"rtnews\"},\"url\":\"https:\/\/now-news.de\/de\/author\/rnews\/\"}]}<\/script>\n<!-- \/ Yoast SEO Premium plugin. -->","yoast_head_json":{"title":"Nach Tod von Pr\u00e4sident Raisi: Neue Phase der hybriden Kriegsf\u00fchrung gegen Iran eingeleitet - just-now.NEWS Deutschland","robots":{"index":"index","follow":"follow","max-snippet":"max-snippet:-1","max-image-preview":"max-image-preview:large","max-video-preview":"max-video-preview:-1"},"canonical":"https:\/\/now-news.de\/de\/deutschland\/nach-tod-von-praesident-raisi-neue-phase-der-hybriden-kriegsfuehrung-gegen-iran-eingeleitet\/","og_locale":"de_DE","og_type":"article","og_title":"Nach Tod von Pr\u00e4sident Raisi: Neue Phase der hybriden Kriegsf\u00fchrung gegen Iran eingeleitet","og_description":"Wenn es sich bei dem Hubschrauberabsturz um einen Unfall handelt und ein Fremdverschulden ausgeschlossen werden kann, muss das keine unmittelbaren Auswirkungen auf die Lage in Nahost haben. Dennoch kommt die Krise dem Westen sehr gelegen. Von Armin Schmitt Erneut hat Iran politische und milit\u00e4rische F\u00fchrungspers\u00f6nlichkeiten unter ungew\u00f6hnlichen Umst\u00e4nden verloren. Diesbez\u00fcglich konfrontiert Teheran die USA seit [&hellip;]","og_url":"https:\/\/now-news.de\/de\/deutschland\/nach-tod-von-praesident-raisi-neue-phase-der-hybriden-kriegsfuehrung-gegen-iran-eingeleitet\/","og_site_name":"just-now.NEWS Deutschland","article_publisher":"https:\/\/www.facebook.com\/wirmachenauf","article_published_time":"2024-05-22T10:02:03+00:00","og_image":[{"url":"https:\/\/now-news.de\/de\/wp-content\/uploads\/sites\/3\/2024\/05\/664d9e5db480cc0ed7174daf.jpg"}],"author":"rtnews","twitter_card":"summary_large_image","twitter_creator":"@WirMachenAuf_de","twitter_site":"@WirMachenAuf_de","twitter_misc":{"Verfasst von":"rtnews","Gesch\u00e4tzte Lesezeit":"2\u00a0Minuten"},"schema":{"@context":"https:\/\/schema.org","@graph":[{"@type":"Article","@id":"https:\/\/now-news.de\/de\/deutschland\/nach-tod-von-praesident-raisi-neue-phase-der-hybriden-kriegsfuehrung-gegen-iran-eingeleitet\/#article","isPartOf":{"@id":"https:\/\/now-news.de\/de\/deutschland\/nach-tod-von-praesident-raisi-neue-phase-der-hybriden-kriegsfuehrung-gegen-iran-eingeleitet\/"},"author":{"name":"rtnews","@id":"https:\/\/now-news.de\/de\/#\/schema\/person\/fb534a4e865501d8b3285208df34a9b5"},"headline":"Nach Tod von Pr\u00e4sident Raisi: Neue Phase der hybriden Kriegsf\u00fchrung gegen Iran eingeleitet","datePublished":"2024-05-22T10:02:03+00:00","dateModified":"2024-05-22T10:02:03+00:00","mainEntityOfPage":{"@id":"https:\/\/now-news.de\/de\/deutschland\/nach-tod-von-praesident-raisi-neue-phase-der-hybriden-kriegsfuehrung-gegen-iran-eingeleitet\/"},"wordCount":507,"commentCount":0,"publisher":{"@id":"https:\/\/now-news.de\/de\/#organization"},"image":{"@id":"https:\/\/now-news.de\/de\/deutschland\/nach-tod-von-praesident-raisi-neue-phase-der-hybriden-kriegsfuehrung-gegen-iran-eingeleitet\/#primaryimage"},"thumbnailUrl":"https:\/\/now-news.de\/de\/wp-content\/uploads\/sites\/3\/2024\/05\/Nach-Tod-von-Praesident-Raisi-Neue-Phase-der-hybriden-Kriegsfuehrung.jpg","keywords":["der","eingeleitet","gegen","hybriden","Iran","Kriegsf\u00fchrung","nach","NEUE","Phase","Pr\u00e4sident","Raisi","Tod","von"],"articleSection":["Deutschland","Russland"],"inLanguage":"de","potentialAction":[{"@type":"CommentAction","name":"Comment","target":["https:\/\/now-news.de\/de\/deutschland\/nach-tod-von-praesident-raisi-neue-phase-der-hybriden-kriegsfuehrung-gegen-iran-eingeleitet\/#respond"]}]},{"@type":"WebPage","@id":"https:\/\/now-news.de\/de\/deutschland\/nach-tod-von-praesident-raisi-neue-phase-der-hybriden-kriegsfuehrung-gegen-iran-eingeleitet\/","url":"https:\/\/now-news.de\/de\/deutschland\/nach-tod-von-praesident-raisi-neue-phase-der-hybriden-kriegsfuehrung-gegen-iran-eingeleitet\/","name":"Nach Tod von Pr\u00e4sident Raisi: Neue Phase der hybriden Kriegsf\u00fchrung gegen Iran eingeleitet - just-now.NEWS Deutschland","isPartOf":{"@id":"https:\/\/now-news.de\/de\/#website"},"primaryImageOfPage":{"@id":"https:\/\/now-news.de\/de\/deutschland\/nach-tod-von-praesident-raisi-neue-phase-der-hybriden-kriegsfuehrung-gegen-iran-eingeleitet\/#primaryimage"},"image":{"@id":"https:\/\/now-news.de\/de\/deutschland\/nach-tod-von-praesident-raisi-neue-phase-der-hybriden-kriegsfuehrung-gegen-iran-eingeleitet\/#primaryimage"},"thumbnailUrl":"https:\/\/now-news.de\/de\/wp-content\/uploads\/sites\/3\/2024\/05\/Nach-Tod-von-Praesident-Raisi-Neue-Phase-der-hybriden-Kriegsfuehrung.jpg","datePublished":"2024-05-22T10:02:03+00:00","dateModified":"2024-05-22T10:02:03+00:00","breadcrumb":{"@id":"https:\/\/now-news.de\/de\/deutschland\/nach-tod-von-praesident-raisi-neue-phase-der-hybriden-kriegsfuehrung-gegen-iran-eingeleitet\/#breadcrumb"},"inLanguage":"de","potentialAction":[{"@type":"ReadAction","target":["https:\/\/now-news.de\/de\/deutschland\/nach-tod-von-praesident-raisi-neue-phase-der-hybriden-kriegsfuehrung-gegen-iran-eingeleitet\/"]}]},{"@type":"ImageObject","inLanguage":"de","@id":"https:\/\/now-news.de\/de\/deutschland\/nach-tod-von-praesident-raisi-neue-phase-der-hybriden-kriegsfuehrung-gegen-iran-eingeleitet\/#primaryimage","url":"https:\/\/now-news.de\/de\/wp-content\/uploads\/sites\/3\/2024\/05\/Nach-Tod-von-Praesident-Raisi-Neue-Phase-der-hybriden-Kriegsfuehrung.jpg","contentUrl":"https:\/\/now-news.de\/de\/wp-content\/uploads\/sites\/3\/2024\/05\/Nach-Tod-von-Praesident-Raisi-Neue-Phase-der-hybriden-Kriegsfuehrung.jpg","width":460,"height":259,"caption":"Nach Tod von Pr\u00e4sident Raisi: Neue Phase der hybriden Kriegsf\u00fchrung gegen Iran eingeleitet"},{"@type":"BreadcrumbList","@id":"https:\/\/now-news.de\/de\/deutschland\/nach-tod-von-praesident-raisi-neue-phase-der-hybriden-kriegsfuehrung-gegen-iran-eingeleitet\/#breadcrumb","itemListElement":[{"@type":"ListItem","position":1,"name":"Home","item":"https:\/\/now-news.de\/de\/"},{"@type":"ListItem","position":2,"name":"Nach Tod von Pr\u00e4sident Raisi: Neue Phase der hybriden Kriegsf\u00fchrung gegen Iran eingeleitet"}]},{"@type":"WebSite","@id":"https:\/\/now-news.de\/de\/#website","url":"https:\/\/now-news.de\/de\/","name":"just-now.NEWS Deutschland","description":"Das Portal f\u00fcr unzensierte Nachrichten aus der Welt","publisher":{"@id":"https:\/\/now-news.de\/de\/#organization"},"potentialAction":[{"@type":"SearchAction","target":{"@type":"EntryPoint","urlTemplate":"https:\/\/now-news.de\/de\/?s={search_term_string}"},"query-input":"required name=search_term_string"}],"inLanguage":"de"},{"@type":"Organization","@id":"https:\/\/now-news.de\/de\/#organization","name":"Just Now News","url":"https:\/\/now-news.de\/de\/","logo":{"@type":"ImageObject","inLanguage":"de","@id":"https:\/\/now-news.de\/de\/#\/schema\/logo\/image\/","url":"http:\/\/just-now.news\/de\/wp-content\/uploads\/sites\/3\/2022\/04\/logo500x500.jpg","contentUrl":"http:\/\/just-now.news\/de\/wp-content\/uploads\/sites\/3\/2022\/04\/logo500x500.jpg","width":500,"height":500,"caption":"Just Now News"},"image":{"@id":"https:\/\/now-news.de\/de\/#\/schema\/logo\/image\/"},"sameAs":["https:\/\/www.facebook.com\/wirmachenauf","https:\/\/x.com\/WirMachenAuf_de"]},{"@type":"Person","@id":"https:\/\/now-news.de\/de\/#\/schema\/person\/fb534a4e865501d8b3285208df34a9b5","name":"rtnews","image":{"@type":"ImageObject","inLanguage":"de","@id":"https:\/\/now-news.de\/de\/#\/schema\/person\/image\/","url":"https:\/\/secure.gravatar.com\/avatar\/82aafea7d8127119dd649515f56e2117?s=96&d=mm&r=g","contentUrl":"https:\/\/secure.gravatar.com\/avatar\/82aafea7d8127119dd649515f56e2117?s=96&d=mm&r=g","caption":"rtnews"},"url":"https:\/\/now-news.de\/de\/author\/rnews\/"}]}},"_links":{"self":[{"href":"https:\/\/now-news.de\/de\/wp-json\/wp\/v2\/posts\/58600"}],"collection":[{"href":"https:\/\/now-news.de\/de\/wp-json\/wp\/v2\/posts"}],"about":[{"href":"https:\/\/now-news.de\/de\/wp-json\/wp\/v2\/types\/post"}],"author":[{"embeddable":true,"href":"https:\/\/now-news.de\/de\/wp-json\/wp\/v2\/users\/3"}],"replies":[{"embeddable":true,"href":"https:\/\/now-news.de\/de\/wp-json\/wp\/v2\/comments?post=58600"}],"version-history":[{"count":0,"href":"https:\/\/now-news.de\/de\/wp-json\/wp\/v2\/posts\/58600\/revisions"}],"wp:featuredmedia":[{"embeddable":true,"href":"https:\/\/now-news.de\/de\/wp-json\/wp\/v2\/media\/58601"}],"wp:attachment":[{"href":"https:\/\/now-news.de\/de\/wp-json\/wp\/v2\/media?parent=58600"}],"wp:term":[{"taxonomy":"category","embeddable":true,"href":"https:\/\/now-news.de\/de\/wp-json\/wp\/v2\/categories?post=58600"},{"taxonomy":"post_tag","embeddable":true,"href":"https:\/\/now-news.de\/de\/wp-json\/wp\/v2\/tags?post=58600"}],"curies":[{"name":"wp","href":"https:\/\/api.w.org\/{rel}","templated":true}]}}