{"id":58596,"date":"2024-05-22T13:04:47","date_gmt":"2024-05-22T11:04:47","guid":{"rendered":"https:\/\/now-news.de\/de\/deutschland\/blinken-iran-ohne-raisi-besser-dran\/"},"modified":"2024-05-22T13:04:47","modified_gmt":"2024-05-22T11:04:47","slug":"blinken-iran-ohne-raisi-besser-dran","status":"publish","type":"post","link":"https:\/\/now-news.de\/de\/deutschland\/blinken-iran-ohne-raisi-besser-dran\/","title":{"rendered":"Blinken: Iran ohne Raisi besser dran"},"content":{"rendered":"<p><img decoding=\"async\" src=\"https:\/\/now-news.de\/de\/wp-content\/uploads\/sites\/3\/2024\/05\/664db51e48fbef2b0b2f534a.jpg\" \/><\/p>\n<div class=\"Text-root Text-type_1 \">\n                US-Au\u00dfenminister Antony Blinken behauptet, dass das Volk in Iran nach dem Tod von Pr\u00e4sident Ebrahim Raisi &#8220;besser dran&#8221; sei. Die Beileidsbekundung seines Ministeriums sei eine blo\u00dfe Formalit\u00e4t gewesen, so Washingtons Chefdiplomat.\n            <\/div>\n<p><\/p>\n<div class=\"Text-root Text-type_5 ArticleView-text ViewText-root \">\n<p>Irans Bev\u00f6lkerung sei nach dem Tod des Pr\u00e4sidenten der Islamischen Republik, Ebrahim Raisi, &#8220;wahrscheinlich besser dran&#8221;, meint US-Au\u00dfenminister Antony Blinken. Der Diplomat merkte an, dass die Beileidsbekundungen seines Amtes anl\u00e4sslich des Tods von Raisi lediglich eine Formalit\u00e4t gewesen seien.<\/p>\n<p>Am Montag hatte das US-Au\u00dfenministerium sein &#8220;offizielles Beileid&#8221; <a rel=\"nofollow noopener\" target=\"_blank\" href=\"https:\/\/www.state.gov\/on-the-death-of-iranian-president-raisi-and-others-in-a-helicopter-crash\/\">ausgesprochen<\/a> und gleichzeitig betont, dass Washington &#8220;das iranische Volk in seinem Kampf um Menschenrechte und fundamentale Freiheiten&#8221; unterst\u00fctze.<\/p>\n<p>Wegen dieser Mitteilung geriet Blinken w\u00e4hrend der Sitzung des Senatsausschusses f\u00fcr ausw\u00e4rtige Angelegenheiten in die Kritik. Der republikanische Senator John Barrasso behauptete, dass es schockierend sei, &#8220;einen Feind der freien Welt zu betrauern&#8221;. Blinken rechtfertigte sich, dass es \u00fcblich sei, offizielle Beileidsbekundungen zu \u00e4u\u00dfern, wenn andere Staaten, &#8220;ob Gegner, Feinde oder nicht&#8221;, ihre Oberh\u00e4upter verl\u00f6ren.<\/p>\n<p>Ted Cruz, Abgeordneter der Republikaner und Senator f\u00fcr den US-Bundesstaat Texas, setzte nach und fragte, ob der US-Au\u00dfenminister denke, dass &#8220;die Welt heute eine bessere ist, nun, da Raisi tot ist&#8221;. Blinken antwortete daraufhin:<\/p>\n<p><em>&#8220;Ber\u00fccksichtigt man die schrecklichen Aktionen, in die er sowohl als Richter als auch als Pr\u00e4sident involviert war, im Hinblick darauf, dass er sie nicht l\u00e4nger aus\u00fcben kann, ja, wahrscheinlich ist das iranische Volk besser dran.&#8221;<\/em><\/p>\n<p>Am Sonntag war Raisi mit seinem Au\u00dfenminister Hossein Amir-Abdollahian und weiteren iranischen Regierungsmitgliedern bei einem Hubschrauberabsturz in der gebirgigen Provinz Ost-Aserbaidschan im Nordwesten Irans ums Leben gekommen. Bis zu den f\u00fcr den 28. Juni angesetzten Neuwahlen \u00fcbernimmt Vizepr\u00e4sident Mohammed Mochber die Staatsleitung.<\/p>\n<p><strong>Mehr zum Thema <\/strong>\u2013 <a rel=\"nofollow noopener\" target=\"_blank\" href=\"https:\/\/freedert.online\/kurzclips\/video\/206572-raisis-tod-im-wertewesten-keinerlei\/\">Raisis Tod im Wertewesten: &#8220;Keinerlei Verst\u00e4ndnis&#8221; f\u00fcr Solidarit\u00e4t<\/a><\/p>\n<\/div>\n<p><br \/>\n<br \/><a href=\"https:\/\/de.rt.com\/international\/206608-blinken-iraner-ohne-raisi-besser\/\">Source link <\/a><\/p>\n","protected":false},"excerpt":{"rendered":"<p>US-Au\u00dfenminister Antony Blinken behauptet, dass das Volk in Iran nach dem Tod von Pr\u00e4sident Ebrahim Raisi &#8220;besser dran&#8221; sei. Die Beileidsbekundung seines Ministeriums sei eine blo\u00dfe Formalit\u00e4t gewesen, so Washingtons Chefdiplomat. Irans Bev\u00f6lkerung sei nach dem Tod des Pr\u00e4sidenten der Islamischen Republik, Ebrahim Raisi, &#8220;wahrscheinlich besser dran&#8221;, meint US-Au\u00dfenminister Antony Blinken. Der Diplomat merkte an, [&hellip;]<\/p>\n","protected":false},"author":3,"featured_media":58597,"comment_status":"open","ping_status":"open","sticky":false,"template":"","format":"standard","meta":{"_yoast_indexnow_last_ping":["1716422006"],"wp_automatic_camp":["217"],"92f3f80288cfc7aab469a1ff9302661f":["Blinken: Iran ohne Raisi besser dran"],"original_link":["https:\/\/de.rt.com\/international\/206608-blinken-iraner-ohne-raisi-besser\/"],"_thumbnail_id":["58597"],"jnews_social_counter_last_update":["1777317273"],"_wptgpro_p2tg_sent2tg":["a:1:{i:23737;s:19:\"2024-05-23 01:55:14\";}"]},"categories":[19,23],"tags":[19379,4254,8555,1786,779,21115],"yoast_head":"<!-- This site is optimized with the Yoast SEO Premium plugin v22.7 (Yoast SEO v22.7) - https:\/\/yoast.com\/wordpress\/plugins\/seo\/ -->\n<title>Blinken: Iran ohne Raisi besser dran - just-now.NEWS Deutschland<\/title>\n<meta name=\"robots\" content=\"index, follow, max-snippet:-1, max-image-preview:large, max-video-preview:-1\" \/>\n<link rel=\"canonical\" href=\"https:\/\/now-news.de\/de\/deutschland\/blinken-iran-ohne-raisi-besser-dran\/\" \/>\n<meta property=\"og:locale\" content=\"de_DE\" \/>\n<meta property=\"og:type\" content=\"article\" \/>\n<meta property=\"og:title\" content=\"Blinken: Iran ohne Raisi besser dran\" \/>\n<meta property=\"og:description\" content=\"US-Au\u00dfenminister Antony Blinken behauptet, dass das Volk in Iran nach dem Tod von Pr\u00e4sident Ebrahim Raisi &#8220;besser dran&#8221; sei. Die Beileidsbekundung seines Ministeriums sei eine blo\u00dfe Formalit\u00e4t gewesen, so Washingtons Chefdiplomat. Irans Bev\u00f6lkerung sei nach dem Tod des Pr\u00e4sidenten der Islamischen Republik, Ebrahim Raisi, &#8220;wahrscheinlich besser dran&#8221;, meint US-Au\u00dfenminister Antony Blinken. Der Diplomat merkte an, [&hellip;]\" \/>\n<meta property=\"og:url\" content=\"https:\/\/now-news.de\/de\/deutschland\/blinken-iran-ohne-raisi-besser-dran\/\" \/>\n<meta property=\"og:site_name\" content=\"just-now.NEWS Deutschland\" \/>\n<meta property=\"article:publisher\" content=\"https:\/\/www.facebook.com\/wirmachenauf\" \/>\n<meta property=\"article:published_time\" content=\"2024-05-22T11:04:47+00:00\" \/>\n<meta property=\"og:image\" content=\"https:\/\/now-news.de\/de\/wp-content\/uploads\/sites\/3\/2024\/05\/664db51e48fbef2b0b2f534a.jpg\" \/>\n<meta name=\"author\" content=\"rtnews\" \/>\n<meta name=\"twitter:card\" content=\"summary_large_image\" \/>\n<meta name=\"twitter:creator\" content=\"@WirMachenAuf_de\" \/>\n<meta name=\"twitter:site\" content=\"@WirMachenAuf_de\" \/>\n<meta name=\"twitter:label1\" content=\"Verfasst von\" \/>\n\t<meta name=\"twitter:data1\" content=\"rtnews\" \/>\n\t<meta name=\"twitter:label2\" content=\"Gesch\u00e4tzte Lesezeit\" \/>\n\t<meta name=\"twitter:data2\" content=\"2\u00a0Minuten\" \/>\n<script type=\"application\/ld+json\" class=\"yoast-schema-graph\">{\"@context\":\"https:\/\/schema.org\",\"@graph\":[{\"@type\":\"Article\",\"@id\":\"https:\/\/now-news.de\/de\/deutschland\/blinken-iran-ohne-raisi-besser-dran\/#article\",\"isPartOf\":{\"@id\":\"https:\/\/now-news.de\/de\/deutschland\/blinken-iran-ohne-raisi-besser-dran\/\"},\"author\":{\"name\":\"rtnews\",\"@id\":\"https:\/\/now-news.de\/de\/#\/schema\/person\/fb534a4e865501d8b3285208df34a9b5\"},\"headline\":\"Blinken: Iran ohne Raisi besser dran\",\"datePublished\":\"2024-05-22T11:04:47+00:00\",\"dateModified\":\"2024-05-22T11:04:47+00:00\",\"mainEntityOfPage\":{\"@id\":\"https:\/\/now-news.de\/de\/deutschland\/blinken-iran-ohne-raisi-besser-dran\/\"},\"wordCount\":310,\"commentCount\":0,\"publisher\":{\"@id\":\"https:\/\/now-news.de\/de\/#organization\"},\"image\":{\"@id\":\"https:\/\/now-news.de\/de\/deutschland\/blinken-iran-ohne-raisi-besser-dran\/#primaryimage\"},\"thumbnailUrl\":\"https:\/\/now-news.de\/de\/wp-content\/uploads\/sites\/3\/2024\/05\/Blinken-Iran-ohne-Raisi-besser-dran.jpg\",\"keywords\":[\"besser\",\"Blinken\",\"dran\",\"Iran\",\"ohne\",\"Raisi\"],\"articleSection\":[\"Deutschland\",\"Russland\"],\"inLanguage\":\"de\",\"potentialAction\":[{\"@type\":\"CommentAction\",\"name\":\"Comment\",\"target\":[\"https:\/\/now-news.de\/de\/deutschland\/blinken-iran-ohne-raisi-besser-dran\/#respond\"]}]},{\"@type\":\"WebPage\",\"@id\":\"https:\/\/now-news.de\/de\/deutschland\/blinken-iran-ohne-raisi-besser-dran\/\",\"url\":\"https:\/\/now-news.de\/de\/deutschland\/blinken-iran-ohne-raisi-besser-dran\/\",\"name\":\"Blinken: Iran ohne Raisi besser dran - just-now.NEWS Deutschland\",\"isPartOf\":{\"@id\":\"https:\/\/now-news.de\/de\/#website\"},\"primaryImageOfPage\":{\"@id\":\"https:\/\/now-news.de\/de\/deutschland\/blinken-iran-ohne-raisi-besser-dran\/#primaryimage\"},\"image\":{\"@id\":\"https:\/\/now-news.de\/de\/deutschland\/blinken-iran-ohne-raisi-besser-dran\/#primaryimage\"},\"thumbnailUrl\":\"https:\/\/now-news.de\/de\/wp-content\/uploads\/sites\/3\/2024\/05\/Blinken-Iran-ohne-Raisi-besser-dran.jpg\",\"datePublished\":\"2024-05-22T11:04:47+00:00\",\"dateModified\":\"2024-05-22T11:04:47+00:00\",\"breadcrumb\":{\"@id\":\"https:\/\/now-news.de\/de\/deutschland\/blinken-iran-ohne-raisi-besser-dran\/#breadcrumb\"},\"inLanguage\":\"de\",\"potentialAction\":[{\"@type\":\"ReadAction\",\"target\":[\"https:\/\/now-news.de\/de\/deutschland\/blinken-iran-ohne-raisi-besser-dran\/\"]}]},{\"@type\":\"ImageObject\",\"inLanguage\":\"de\",\"@id\":\"https:\/\/now-news.de\/de\/deutschland\/blinken-iran-ohne-raisi-besser-dran\/#primaryimage\",\"url\":\"https:\/\/now-news.de\/de\/wp-content\/uploads\/sites\/3\/2024\/05\/Blinken-Iran-ohne-Raisi-besser-dran.jpg\",\"contentUrl\":\"https:\/\/now-news.de\/de\/wp-content\/uploads\/sites\/3\/2024\/05\/Blinken-Iran-ohne-Raisi-besser-dran.jpg\",\"width\":460,\"height\":259,\"caption\":\"Blinken: Iran ohne Raisi besser dran\"},{\"@type\":\"BreadcrumbList\",\"@id\":\"https:\/\/now-news.de\/de\/deutschland\/blinken-iran-ohne-raisi-besser-dran\/#breadcrumb\",\"itemListElement\":[{\"@type\":\"ListItem\",\"position\":1,\"name\":\"Home\",\"item\":\"https:\/\/now-news.de\/de\/\"},{\"@type\":\"ListItem\",\"position\":2,\"name\":\"Blinken: Iran ohne Raisi besser dran\"}]},{\"@type\":\"WebSite\",\"@id\":\"https:\/\/now-news.de\/de\/#website\",\"url\":\"https:\/\/now-news.de\/de\/\",\"name\":\"just-now.NEWS Deutschland\",\"description\":\"Das Portal f\u00fcr unzensierte Nachrichten aus der Welt\",\"publisher\":{\"@id\":\"https:\/\/now-news.de\/de\/#organization\"},\"potentialAction\":[{\"@type\":\"SearchAction\",\"target\":{\"@type\":\"EntryPoint\",\"urlTemplate\":\"https:\/\/now-news.de\/de\/?s={search_term_string}\"},\"query-input\":\"required name=search_term_string\"}],\"inLanguage\":\"de\"},{\"@type\":\"Organization\",\"@id\":\"https:\/\/now-news.de\/de\/#organization\",\"name\":\"Just Now News\",\"url\":\"https:\/\/now-news.de\/de\/\",\"logo\":{\"@type\":\"ImageObject\",\"inLanguage\":\"de\",\"@id\":\"https:\/\/now-news.de\/de\/#\/schema\/logo\/image\/\",\"url\":\"http:\/\/just-now.news\/de\/wp-content\/uploads\/sites\/3\/2022\/04\/logo500x500.jpg\",\"contentUrl\":\"http:\/\/just-now.news\/de\/wp-content\/uploads\/sites\/3\/2022\/04\/logo500x500.jpg\",\"width\":500,\"height\":500,\"caption\":\"Just Now News\"},\"image\":{\"@id\":\"https:\/\/now-news.de\/de\/#\/schema\/logo\/image\/\"},\"sameAs\":[\"https:\/\/www.facebook.com\/wirmachenauf\",\"https:\/\/x.com\/WirMachenAuf_de\"]},{\"@type\":\"Person\",\"@id\":\"https:\/\/now-news.de\/de\/#\/schema\/person\/fb534a4e865501d8b3285208df34a9b5\",\"name\":\"rtnews\",\"image\":{\"@type\":\"ImageObject\",\"inLanguage\":\"de\",\"@id\":\"https:\/\/now-news.de\/de\/#\/schema\/person\/image\/\",\"url\":\"https:\/\/secure.gravatar.com\/avatar\/82aafea7d8127119dd649515f56e2117?s=96&d=mm&r=g\",\"contentUrl\":\"https:\/\/secure.gravatar.com\/avatar\/82aafea7d8127119dd649515f56e2117?s=96&d=mm&r=g\",\"caption\":\"rtnews\"},\"url\":\"https:\/\/now-news.de\/de\/author\/rnews\/\"}]}<\/script>\n<!-- \/ Yoast SEO Premium plugin. -->","yoast_head_json":{"title":"Blinken: Iran ohne Raisi besser dran - just-now.NEWS Deutschland","robots":{"index":"index","follow":"follow","max-snippet":"max-snippet:-1","max-image-preview":"max-image-preview:large","max-video-preview":"max-video-preview:-1"},"canonical":"https:\/\/now-news.de\/de\/deutschland\/blinken-iran-ohne-raisi-besser-dran\/","og_locale":"de_DE","og_type":"article","og_title":"Blinken: Iran ohne Raisi besser dran","og_description":"US-Au\u00dfenminister Antony Blinken behauptet, dass das Volk in Iran nach dem Tod von Pr\u00e4sident Ebrahim Raisi &#8220;besser dran&#8221; sei. Die Beileidsbekundung seines Ministeriums sei eine blo\u00dfe Formalit\u00e4t gewesen, so Washingtons Chefdiplomat. Irans Bev\u00f6lkerung sei nach dem Tod des Pr\u00e4sidenten der Islamischen Republik, Ebrahim Raisi, &#8220;wahrscheinlich besser dran&#8221;, meint US-Au\u00dfenminister Antony Blinken. Der Diplomat merkte an, [&hellip;]","og_url":"https:\/\/now-news.de\/de\/deutschland\/blinken-iran-ohne-raisi-besser-dran\/","og_site_name":"just-now.NEWS Deutschland","article_publisher":"https:\/\/www.facebook.com\/wirmachenauf","article_published_time":"2024-05-22T11:04:47+00:00","og_image":[{"url":"https:\/\/now-news.de\/de\/wp-content\/uploads\/sites\/3\/2024\/05\/664db51e48fbef2b0b2f534a.jpg"}],"author":"rtnews","twitter_card":"summary_large_image","twitter_creator":"@WirMachenAuf_de","twitter_site":"@WirMachenAuf_de","twitter_misc":{"Verfasst von":"rtnews","Gesch\u00e4tzte Lesezeit":"2\u00a0Minuten"},"schema":{"@context":"https:\/\/schema.org","@graph":[{"@type":"Article","@id":"https:\/\/now-news.de\/de\/deutschland\/blinken-iran-ohne-raisi-besser-dran\/#article","isPartOf":{"@id":"https:\/\/now-news.de\/de\/deutschland\/blinken-iran-ohne-raisi-besser-dran\/"},"author":{"name":"rtnews","@id":"https:\/\/now-news.de\/de\/#\/schema\/person\/fb534a4e865501d8b3285208df34a9b5"},"headline":"Blinken: Iran ohne Raisi besser dran","datePublished":"2024-05-22T11:04:47+00:00","dateModified":"2024-05-22T11:04:47+00:00","mainEntityOfPage":{"@id":"https:\/\/now-news.de\/de\/deutschland\/blinken-iran-ohne-raisi-besser-dran\/"},"wordCount":310,"commentCount":0,"publisher":{"@id":"https:\/\/now-news.de\/de\/#organization"},"image":{"@id":"https:\/\/now-news.de\/de\/deutschland\/blinken-iran-ohne-raisi-besser-dran\/#primaryimage"},"thumbnailUrl":"https:\/\/now-news.de\/de\/wp-content\/uploads\/sites\/3\/2024\/05\/Blinken-Iran-ohne-Raisi-besser-dran.jpg","keywords":["besser","Blinken","dran","Iran","ohne","Raisi"],"articleSection":["Deutschland","Russland"],"inLanguage":"de","potentialAction":[{"@type":"CommentAction","name":"Comment","target":["https:\/\/now-news.de\/de\/deutschland\/blinken-iran-ohne-raisi-besser-dran\/#respond"]}]},{"@type":"WebPage","@id":"https:\/\/now-news.de\/de\/deutschland\/blinken-iran-ohne-raisi-besser-dran\/","url":"https:\/\/now-news.de\/de\/deutschland\/blinken-iran-ohne-raisi-besser-dran\/","name":"Blinken: Iran ohne Raisi besser dran - just-now.NEWS Deutschland","isPartOf":{"@id":"https:\/\/now-news.de\/de\/#website"},"primaryImageOfPage":{"@id":"https:\/\/now-news.de\/de\/deutschland\/blinken-iran-ohne-raisi-besser-dran\/#primaryimage"},"image":{"@id":"https:\/\/now-news.de\/de\/deutschland\/blinken-iran-ohne-raisi-besser-dran\/#primaryimage"},"thumbnailUrl":"https:\/\/now-news.de\/de\/wp-content\/uploads\/sites\/3\/2024\/05\/Blinken-Iran-ohne-Raisi-besser-dran.jpg","datePublished":"2024-05-22T11:04:47+00:00","dateModified":"2024-05-22T11:04:47+00:00","breadcrumb":{"@id":"https:\/\/now-news.de\/de\/deutschland\/blinken-iran-ohne-raisi-besser-dran\/#breadcrumb"},"inLanguage":"de","potentialAction":[{"@type":"ReadAction","target":["https:\/\/now-news.de\/de\/deutschland\/blinken-iran-ohne-raisi-besser-dran\/"]}]},{"@type":"ImageObject","inLanguage":"de","@id":"https:\/\/now-news.de\/de\/deutschland\/blinken-iran-ohne-raisi-besser-dran\/#primaryimage","url":"https:\/\/now-news.de\/de\/wp-content\/uploads\/sites\/3\/2024\/05\/Blinken-Iran-ohne-Raisi-besser-dran.jpg","contentUrl":"https:\/\/now-news.de\/de\/wp-content\/uploads\/sites\/3\/2024\/05\/Blinken-Iran-ohne-Raisi-besser-dran.jpg","width":460,"height":259,"caption":"Blinken: Iran ohne Raisi besser dran"},{"@type":"BreadcrumbList","@id":"https:\/\/now-news.de\/de\/deutschland\/blinken-iran-ohne-raisi-besser-dran\/#breadcrumb","itemListElement":[{"@type":"ListItem","position":1,"name":"Home","item":"https:\/\/now-news.de\/de\/"},{"@type":"ListItem","position":2,"name":"Blinken: Iran ohne Raisi besser dran"}]},{"@type":"WebSite","@id":"https:\/\/now-news.de\/de\/#website","url":"https:\/\/now-news.de\/de\/","name":"just-now.NEWS Deutschland","description":"Das Portal f\u00fcr unzensierte Nachrichten aus der Welt","publisher":{"@id":"https:\/\/now-news.de\/de\/#organization"},"potentialAction":[{"@type":"SearchAction","target":{"@type":"EntryPoint","urlTemplate":"https:\/\/now-news.de\/de\/?s={search_term_string}"},"query-input":"required name=search_term_string"}],"inLanguage":"de"},{"@type":"Organization","@id":"https:\/\/now-news.de\/de\/#organization","name":"Just Now News","url":"https:\/\/now-news.de\/de\/","logo":{"@type":"ImageObject","inLanguage":"de","@id":"https:\/\/now-news.de\/de\/#\/schema\/logo\/image\/","url":"http:\/\/just-now.news\/de\/wp-content\/uploads\/sites\/3\/2022\/04\/logo500x500.jpg","contentUrl":"http:\/\/just-now.news\/de\/wp-content\/uploads\/sites\/3\/2022\/04\/logo500x500.jpg","width":500,"height":500,"caption":"Just Now News"},"image":{"@id":"https:\/\/now-news.de\/de\/#\/schema\/logo\/image\/"},"sameAs":["https:\/\/www.facebook.com\/wirmachenauf","https:\/\/x.com\/WirMachenAuf_de"]},{"@type":"Person","@id":"https:\/\/now-news.de\/de\/#\/schema\/person\/fb534a4e865501d8b3285208df34a9b5","name":"rtnews","image":{"@type":"ImageObject","inLanguage":"de","@id":"https:\/\/now-news.de\/de\/#\/schema\/person\/image\/","url":"https:\/\/secure.gravatar.com\/avatar\/82aafea7d8127119dd649515f56e2117?s=96&d=mm&r=g","contentUrl":"https:\/\/secure.gravatar.com\/avatar\/82aafea7d8127119dd649515f56e2117?s=96&d=mm&r=g","caption":"rtnews"},"url":"https:\/\/now-news.de\/de\/author\/rnews\/"}]}},"_links":{"self":[{"href":"https:\/\/now-news.de\/de\/wp-json\/wp\/v2\/posts\/58596"}],"collection":[{"href":"https:\/\/now-news.de\/de\/wp-json\/wp\/v2\/posts"}],"about":[{"href":"https:\/\/now-news.de\/de\/wp-json\/wp\/v2\/types\/post"}],"author":[{"embeddable":true,"href":"https:\/\/now-news.de\/de\/wp-json\/wp\/v2\/users\/3"}],"replies":[{"embeddable":true,"href":"https:\/\/now-news.de\/de\/wp-json\/wp\/v2\/comments?post=58596"}],"version-history":[{"count":0,"href":"https:\/\/now-news.de\/de\/wp-json\/wp\/v2\/posts\/58596\/revisions"}],"wp:featuredmedia":[{"embeddable":true,"href":"https:\/\/now-news.de\/de\/wp-json\/wp\/v2\/media\/58597"}],"wp:attachment":[{"href":"https:\/\/now-news.de\/de\/wp-json\/wp\/v2\/media?parent=58596"}],"wp:term":[{"taxonomy":"category","embeddable":true,"href":"https:\/\/now-news.de\/de\/wp-json\/wp\/v2\/categories?post=58596"},{"taxonomy":"post_tag","embeddable":true,"href":"https:\/\/now-news.de\/de\/wp-json\/wp\/v2\/tags?post=58596"}],"curies":[{"name":"wp","href":"https:\/\/api.w.org\/{rel}","templated":true}]}}