{"id":58586,"date":"2024-05-22T15:20:49","date_gmt":"2024-05-22T13:20:49","guid":{"rendered":"https:\/\/now-news.de\/de\/deutschland\/wef-aus-von-klaus-schwab-bestaetigt-tony-blair-als-moeglicher-nachfolger-gehandelt\/"},"modified":"2024-05-22T15:20:49","modified_gmt":"2024-05-22T13:20:49","slug":"wef-aus-von-klaus-schwab-bestaetigt-tony-blair-als-moeglicher-nachfolger-gehandelt","status":"publish","type":"post","link":"https:\/\/now-news.de\/de\/deutschland\/wef-aus-von-klaus-schwab-bestaetigt-tony-blair-als-moeglicher-nachfolger-gehandelt\/","title":{"rendered":"WEF-Aus von Klaus Schwab best\u00e4tigt \u2013 Tony Blair als m\u00f6glicher Nachfolger gehandelt"},"content":{"rendered":"<p><img decoding=\"async\" src=\"https:\/\/now-news.de\/de\/wp-content\/uploads\/sites\/3\/2024\/05\/664df15048fbef3bcd64f928.jpg\" \/><\/p>\n<div class=\"Text-root Text-type_1 \">\n                Klaus Schwab ist 86 Jahre alt. Nun bereitet der Deutsche seinen Abgang vom Chefposten des Weltwirtschaftsforums vor. Entsprechende Medienberichte hat das WEF inzwischen best\u00e4tigt. Der R\u00fcckzug wird schrittweise erfolgen. Ein Nachfolger ist noch nicht bekannt.\n            <\/div>\n<p><\/p>\n<div class=\"Text-root Text-type_5 ArticleView-text ViewText-root \">\n<p>Das Weltwirtschaftsforum (WEF) hat die Berichte \u00fcber den R\u00fccktritt ihres\u00a0Gr\u00fcnders und gesch\u00e4ftsf\u00fchrenden Vorsitzenden Klaus Schwab best\u00e4tigt. In einer\u00a0<a rel=\"nofollow noopener\" target=\"_blank\" href=\"https:\/\/www.weforum.org\/agenda\/2024\/05\/institutional-developments\/\">Mitteilung<\/a>\u00a0vom Dienstag stellte die Stiftung den F\u00fchrungswechsel als Teil eines gr\u00f6\u00dferen Umbaus der Organisation dar. Dort hei\u00dft es in WEF-typisch schwer verst\u00e4ndlicher Sprache:<\/p>\n<p><em>&#8220;Seit 2015 wandelt sich das Weltwirtschaftsforum von einer Plattform f\u00fcr Treffen zur weltweit f\u00fchrenden Institution f\u00fcr \u00f6ffentlich-private Kooperationen. Im Rahmen dieser Transformation hat die Organisation in ihrer F\u00fchrung eine geplante Entwicklung von einer gr\u00fcndergef\u00fchrten Organisation hin zu einer\u00a0Struktur durchlaufen, in der ein Pr\u00e4sident und ein Vorstand die volle F\u00fchrungsverantwortung \u00fcbernehmen. Bis Januar 2025 wechselt Klaus Schwab vom\u00a0Posten des gesch\u00e4ftsf\u00fchrenden Vorsitzenden in die Rolle des Stiftungsratsvorsitzenden.&#8221;\u00a0<\/em><\/p>\n<p>Der 86-j\u00e4hrige Schwab wird sich also nicht vollst\u00e4ndig aus der F\u00fchrung des WEF zur\u00fcckziehen. Der geb\u00fcrtige Ravensburger absolviert bis heute ein anspruchsvolles Arbeitspensum und reist regelm\u00e4\u00dfig um die Welt, um sich mit Gr\u00f6\u00dfen aus Wirtschaft und Politik zu treffen.<\/p>\n<p>Beobachter gehen davon aus, dass\u00a0Schwab auch beim WEF-Jahrestreffen Anfang 2025 in Davos wieder als Gastgeber auftreten wird \u2013 gemeinsam mit dem Pr\u00e4sidenten des WEF, dem Norweger B\u00f8rge Brende, der sich diese Rolle bereits bei den vergangenen Treffen mit Schwab geteilt hatte.<\/p>\n<p>Einen Nachfolger f\u00fcr Schwab hat das WEF noch nicht verk\u00fcndet. Als aussichtsreichster Kandidat gilt Brende, der vor seinem Wechsel zum Forum norwegischer Au\u00dfenminister war. Auch der Name des fr\u00fcheren britischen Premierministers Tony Blair wird in diesem Zusammenhang genannt. Blair war mitverantwortlich f\u00fcr den mit L\u00fcgen \u00fcber angebliche Massenvernichtungswaffen begr\u00fcndeten illegalen Angriffskrieg auf den Irak im Jahr 2003. Daneben ist auch eine familieninterne Nachfolgel\u00f6sung denkbar. Schwabs Kinder Nicole und Olivier sind beide im WEF-Netzwerk besch\u00e4ftigt.<\/p>\n<p>Schwab gr\u00fcndete 1971 die Stiftung &#8220;European Management Conference&#8221;, die nach einer Erweiterung des Teilnehmerkreises 1987 in\u00a0Weltwirtschaftsforum\u00a0(WEF)\u00a0umbenannt wurde. Auf dem j\u00e4hrlichen Treffen des WEF in Davos, auf dem urspr\u00fcnglich &#8220;moderne Managementkonzepte&#8221; diskutiert werden sollten, versammeln sich die wirtschaftlichen und politischen Eliten vor allem des Westens.<\/p>\n<p>Mitglieder der\u00a0Stiftung sind etwa\u00a0eintausend\u00a0Unternehmen mit einem Umsatz von mindestens f\u00fcnf Milliarden US-Dollar, unter ihnen zahlreiche Branchenf\u00fchrer.\u00a0Die Mitgliedsgeb\u00fchr betr\u00e4gt pro Jahr etwa 25.000 Schweizer Franken. F\u00fcr die Teilnahme am\u00a0Treffen in Davos verlangt das WEF eine zus\u00e4tzliche Geb\u00fchr \u2013 f\u00fcr die exklusive Gruppe der &#8220;privilegierten Partner&#8221; \u00fcber 600.000 Franken.<\/p>\n<p>Das WEF und sein Gr\u00fcnder gelten in der internationalen Politik als sehr einflussreich \u2013 nicht nur wegen ihrer regelm\u00e4\u00dfigen Veranstaltungen und Initiativen, sondern ebenso aufgrund der diversen Programme f\u00fcr F\u00fchrungskr\u00e4fte, an denen auch zahlreiche prominente deutsche Politiker wie Angela Merkel und Annalena Baerbock teilnahmen. Schwabs im Jahr 2020 ver\u00f6ffentlichtes Buch &#8220;The Great Reset&#8221; gilt Kritikern als Blaupause f\u00fcr den radikalen Umbau von Wirtschaft und Gesellschaft im Sinne der\u00a0Konzerne und ihrer Eigent\u00fcmer.\u00a0<\/p>\n<p>Ein bereits 2016 ver\u00f6ffentlichter Tweet des WEF wurde sp\u00e4ter f\u00fcr die Kritiker zu einem gefl\u00fcgelten Wort. Darin hie\u00df es:<\/p>\n<p><em>&#8220;Sie werden nichts besitzen, und Sie werden gl\u00fccklich sein. So k\u00f6nnte sich unsere Welt bis 2030 ver\u00e4ndern.&#8221;<\/em><\/p>\n<p>Deutsche Mainstreammedien wie die\u00a0<em>FAZ<\/em>\u00a0nehmen Schwab gegen derartige\u00a0&#8220;Anfeindungen und Falschinformationen&#8221; in Schutz. Dagegen machen sie ihm zum Vorwurf, sich in den &#8220;kriegstreiberischen Absichten des russischen Pr\u00e4sidenten Wladimir Putin&#8221; get\u00e4uscht zu haben, mit dem er zuvor regelm\u00e4\u00dfig Kontakt gehabt habe.<\/p>\n<p><strong>Mehr zum Thema<\/strong> &#8211; <a rel=\"nofollow noopener\" target=\"_blank\" href=\"https:\/\/freedert.online\/international\/108289-weltwirtschaftsforum-plant-grossen-neustart-tabula\/\">Tabula Rasa durch Corona-Krise: Das Weltwirtschaftsforum will den &#8220;Gro\u00dfen Neustart&#8221;<\/a><\/p>\n<\/p>\n<\/div>\n<p><br \/>\n<br \/><a href=\"https:\/\/de.rt.com\/europa\/206626-wef-rueckzug-von-klaus-schwab\/\">Source link <\/a><\/p>\n","protected":false},"excerpt":{"rendered":"<p>Klaus Schwab ist 86 Jahre alt. Nun bereitet der Deutsche seinen Abgang vom Chefposten des Weltwirtschaftsforums vor. Entsprechende Medienberichte hat das WEF inzwischen best\u00e4tigt. Der R\u00fcckzug wird schrittweise erfolgen. Ein Nachfolger ist noch nicht bekannt. Das Weltwirtschaftsforum (WEF) hat die Berichte \u00fcber den R\u00fccktritt ihres\u00a0Gr\u00fcnders und gesch\u00e4ftsf\u00fchrenden Vorsitzenden Klaus Schwab best\u00e4tigt. In einer\u00a0Mitteilung\u00a0vom Dienstag stellte [&hellip;]<\/p>\n","protected":false},"author":3,"featured_media":58587,"comment_status":"open","ping_status":"open","sticky":false,"template":"","format":"standard","meta":{"_yoast_indexnow_last_ping":["1716416635"],"wp_automatic_camp":["217"],"a3a84f66d0f019167ed8cbbfc79e8d3b":["WEF-Aus von Klaus Schwab best\u00e4tigt \u2013 Tony Blair als m\u00f6glicher Nachfolger gehandelt"],"original_link":["https:\/\/de.rt.com\/europa\/206626-wef-rueckzug-von-klaus-schwab\/"],"_thumbnail_id":["58587"],"_wptgpro_p2tg_sent2tg":["a:1:{i:23737;s:19:\"2024-05-23 00:27:18\";}"],"jnews_social_counter_last_update":["1777156951"]},"categories":[19,23],"tags":[273,1438,14975,19998,57,18608,32191,58,12401,50,55065],"yoast_head":"<!-- This site is optimized with the Yoast SEO Premium plugin v22.7 (Yoast SEO v22.7) - https:\/\/yoast.com\/wordpress\/plugins\/seo\/ -->\n<title>WEF-Aus von Klaus Schwab best\u00e4tigt \u2013 Tony Blair als m\u00f6glicher Nachfolger gehandelt - just-now.NEWS Deutschland<\/title>\n<meta name=\"robots\" content=\"index, follow, max-snippet:-1, max-image-preview:large, max-video-preview:-1\" \/>\n<link rel=\"canonical\" href=\"https:\/\/now-news.de\/de\/deutschland\/wef-aus-von-klaus-schwab-bestaetigt-tony-blair-als-moeglicher-nachfolger-gehandelt\/\" \/>\n<meta property=\"og:locale\" content=\"de_DE\" \/>\n<meta property=\"og:type\" content=\"article\" \/>\n<meta property=\"og:title\" content=\"WEF-Aus von Klaus Schwab best\u00e4tigt \u2013 Tony Blair als m\u00f6glicher Nachfolger gehandelt\" \/>\n<meta property=\"og:description\" content=\"Klaus Schwab ist 86 Jahre alt. Nun bereitet der Deutsche seinen Abgang vom Chefposten des Weltwirtschaftsforums vor. Entsprechende Medienberichte hat das WEF inzwischen best\u00e4tigt. Der R\u00fcckzug wird schrittweise erfolgen. Ein Nachfolger ist noch nicht bekannt. Das Weltwirtschaftsforum (WEF) hat die Berichte \u00fcber den R\u00fccktritt ihres\u00a0Gr\u00fcnders und gesch\u00e4ftsf\u00fchrenden Vorsitzenden Klaus Schwab best\u00e4tigt. In einer\u00a0Mitteilung\u00a0vom Dienstag stellte [&hellip;]\" \/>\n<meta property=\"og:url\" content=\"https:\/\/now-news.de\/de\/deutschland\/wef-aus-von-klaus-schwab-bestaetigt-tony-blair-als-moeglicher-nachfolger-gehandelt\/\" \/>\n<meta property=\"og:site_name\" content=\"just-now.NEWS Deutschland\" \/>\n<meta property=\"article:publisher\" content=\"https:\/\/www.facebook.com\/wirmachenauf\" \/>\n<meta property=\"article:published_time\" content=\"2024-05-22T13:20:49+00:00\" \/>\n<meta property=\"og:image\" content=\"https:\/\/now-news.de\/de\/wp-content\/uploads\/sites\/3\/2024\/05\/664df15048fbef3bcd64f928.jpg\" \/>\n<meta name=\"author\" content=\"rtnews\" \/>\n<meta name=\"twitter:card\" content=\"summary_large_image\" \/>\n<meta name=\"twitter:creator\" content=\"@WirMachenAuf_de\" \/>\n<meta name=\"twitter:site\" content=\"@WirMachenAuf_de\" \/>\n<meta name=\"twitter:label1\" content=\"Verfasst von\" \/>\n\t<meta name=\"twitter:data1\" content=\"rtnews\" \/>\n\t<meta name=\"twitter:label2\" content=\"Gesch\u00e4tzte Lesezeit\" \/>\n\t<meta name=\"twitter:data2\" content=\"3\u00a0Minuten\" \/>\n<script type=\"application\/ld+json\" class=\"yoast-schema-graph\">{\"@context\":\"https:\/\/schema.org\",\"@graph\":[{\"@type\":\"Article\",\"@id\":\"https:\/\/now-news.de\/de\/deutschland\/wef-aus-von-klaus-schwab-bestaetigt-tony-blair-als-moeglicher-nachfolger-gehandelt\/#article\",\"isPartOf\":{\"@id\":\"https:\/\/now-news.de\/de\/deutschland\/wef-aus-von-klaus-schwab-bestaetigt-tony-blair-als-moeglicher-nachfolger-gehandelt\/\"},\"author\":{\"name\":\"rtnews\",\"@id\":\"https:\/\/now-news.de\/de\/#\/schema\/person\/fb534a4e865501d8b3285208df34a9b5\"},\"headline\":\"WEF-Aus von Klaus Schwab best\u00e4tigt \u2013 Tony Blair als m\u00f6glicher Nachfolger gehandelt\",\"datePublished\":\"2024-05-22T13:20:49+00:00\",\"dateModified\":\"2024-05-22T13:20:49+00:00\",\"mainEntityOfPage\":{\"@id\":\"https:\/\/now-news.de\/de\/deutschland\/wef-aus-von-klaus-schwab-bestaetigt-tony-blair-als-moeglicher-nachfolger-gehandelt\/\"},\"wordCount\":632,\"commentCount\":0,\"publisher\":{\"@id\":\"https:\/\/now-news.de\/de\/#organization\"},\"image\":{\"@id\":\"https:\/\/now-news.de\/de\/deutschland\/wef-aus-von-klaus-schwab-bestaetigt-tony-blair-als-moeglicher-nachfolger-gehandelt\/#primaryimage\"},\"thumbnailUrl\":\"https:\/\/now-news.de\/de\/wp-content\/uploads\/sites\/3\/2024\/05\/WEF-Aus-von-Klaus-Schwab-bestaetigt-\u2013-Tony-Blair-als-moeglicher.jpg\",\"keywords\":[\"als\",\"best\u00e4tigt\",\"Blair\",\"gehandelt\",\"Klaus\",\"m\u00f6glicher\",\"Nachfolger\",\"Schwab\",\"Tony\",\"von\",\"WEFAus\"],\"articleSection\":[\"Deutschland\",\"Russland\"],\"inLanguage\":\"de\",\"potentialAction\":[{\"@type\":\"CommentAction\",\"name\":\"Comment\",\"target\":[\"https:\/\/now-news.de\/de\/deutschland\/wef-aus-von-klaus-schwab-bestaetigt-tony-blair-als-moeglicher-nachfolger-gehandelt\/#respond\"]}]},{\"@type\":\"WebPage\",\"@id\":\"https:\/\/now-news.de\/de\/deutschland\/wef-aus-von-klaus-schwab-bestaetigt-tony-blair-als-moeglicher-nachfolger-gehandelt\/\",\"url\":\"https:\/\/now-news.de\/de\/deutschland\/wef-aus-von-klaus-schwab-bestaetigt-tony-blair-als-moeglicher-nachfolger-gehandelt\/\",\"name\":\"WEF-Aus von Klaus Schwab best\u00e4tigt \u2013 Tony Blair als m\u00f6glicher Nachfolger gehandelt - just-now.NEWS Deutschland\",\"isPartOf\":{\"@id\":\"https:\/\/now-news.de\/de\/#website\"},\"primaryImageOfPage\":{\"@id\":\"https:\/\/now-news.de\/de\/deutschland\/wef-aus-von-klaus-schwab-bestaetigt-tony-blair-als-moeglicher-nachfolger-gehandelt\/#primaryimage\"},\"image\":{\"@id\":\"https:\/\/now-news.de\/de\/deutschland\/wef-aus-von-klaus-schwab-bestaetigt-tony-blair-als-moeglicher-nachfolger-gehandelt\/#primaryimage\"},\"thumbnailUrl\":\"https:\/\/now-news.de\/de\/wp-content\/uploads\/sites\/3\/2024\/05\/WEF-Aus-von-Klaus-Schwab-bestaetigt-\u2013-Tony-Blair-als-moeglicher.jpg\",\"datePublished\":\"2024-05-22T13:20:49+00:00\",\"dateModified\":\"2024-05-22T13:20:49+00:00\",\"breadcrumb\":{\"@id\":\"https:\/\/now-news.de\/de\/deutschland\/wef-aus-von-klaus-schwab-bestaetigt-tony-blair-als-moeglicher-nachfolger-gehandelt\/#breadcrumb\"},\"inLanguage\":\"de\",\"potentialAction\":[{\"@type\":\"ReadAction\",\"target\":[\"https:\/\/now-news.de\/de\/deutschland\/wef-aus-von-klaus-schwab-bestaetigt-tony-blair-als-moeglicher-nachfolger-gehandelt\/\"]}]},{\"@type\":\"ImageObject\",\"inLanguage\":\"de\",\"@id\":\"https:\/\/now-news.de\/de\/deutschland\/wef-aus-von-klaus-schwab-bestaetigt-tony-blair-als-moeglicher-nachfolger-gehandelt\/#primaryimage\",\"url\":\"https:\/\/now-news.de\/de\/wp-content\/uploads\/sites\/3\/2024\/05\/WEF-Aus-von-Klaus-Schwab-bestaetigt-\u2013-Tony-Blair-als-moeglicher.jpg\",\"contentUrl\":\"https:\/\/now-news.de\/de\/wp-content\/uploads\/sites\/3\/2024\/05\/WEF-Aus-von-Klaus-Schwab-bestaetigt-\u2013-Tony-Blair-als-moeglicher.jpg\",\"width\":460,\"height\":259,\"caption\":\"WEF-Aus von Klaus Schwab best\u00e4tigt \u2013 Tony Blair als m\u00f6glicher Nachfolger gehandelt\"},{\"@type\":\"BreadcrumbList\",\"@id\":\"https:\/\/now-news.de\/de\/deutschland\/wef-aus-von-klaus-schwab-bestaetigt-tony-blair-als-moeglicher-nachfolger-gehandelt\/#breadcrumb\",\"itemListElement\":[{\"@type\":\"ListItem\",\"position\":1,\"name\":\"Home\",\"item\":\"https:\/\/now-news.de\/de\/\"},{\"@type\":\"ListItem\",\"position\":2,\"name\":\"WEF-Aus von Klaus Schwab best\u00e4tigt \u2013 Tony Blair als m\u00f6glicher Nachfolger gehandelt\"}]},{\"@type\":\"WebSite\",\"@id\":\"https:\/\/now-news.de\/de\/#website\",\"url\":\"https:\/\/now-news.de\/de\/\",\"name\":\"just-now.NEWS Deutschland\",\"description\":\"Das Portal f\u00fcr unzensierte Nachrichten aus der Welt\",\"publisher\":{\"@id\":\"https:\/\/now-news.de\/de\/#organization\"},\"potentialAction\":[{\"@type\":\"SearchAction\",\"target\":{\"@type\":\"EntryPoint\",\"urlTemplate\":\"https:\/\/now-news.de\/de\/?s={search_term_string}\"},\"query-input\":\"required name=search_term_string\"}],\"inLanguage\":\"de\"},{\"@type\":\"Organization\",\"@id\":\"https:\/\/now-news.de\/de\/#organization\",\"name\":\"Just Now News\",\"url\":\"https:\/\/now-news.de\/de\/\",\"logo\":{\"@type\":\"ImageObject\",\"inLanguage\":\"de\",\"@id\":\"https:\/\/now-news.de\/de\/#\/schema\/logo\/image\/\",\"url\":\"http:\/\/just-now.news\/de\/wp-content\/uploads\/sites\/3\/2022\/04\/logo500x500.jpg\",\"contentUrl\":\"http:\/\/just-now.news\/de\/wp-content\/uploads\/sites\/3\/2022\/04\/logo500x500.jpg\",\"width\":500,\"height\":500,\"caption\":\"Just Now News\"},\"image\":{\"@id\":\"https:\/\/now-news.de\/de\/#\/schema\/logo\/image\/\"},\"sameAs\":[\"https:\/\/www.facebook.com\/wirmachenauf\",\"https:\/\/x.com\/WirMachenAuf_de\"]},{\"@type\":\"Person\",\"@id\":\"https:\/\/now-news.de\/de\/#\/schema\/person\/fb534a4e865501d8b3285208df34a9b5\",\"name\":\"rtnews\",\"image\":{\"@type\":\"ImageObject\",\"inLanguage\":\"de\",\"@id\":\"https:\/\/now-news.de\/de\/#\/schema\/person\/image\/\",\"url\":\"https:\/\/secure.gravatar.com\/avatar\/82aafea7d8127119dd649515f56e2117?s=96&d=mm&r=g\",\"contentUrl\":\"https:\/\/secure.gravatar.com\/avatar\/82aafea7d8127119dd649515f56e2117?s=96&d=mm&r=g\",\"caption\":\"rtnews\"},\"url\":\"https:\/\/now-news.de\/de\/author\/rnews\/\"}]}<\/script>\n<!-- \/ Yoast SEO Premium plugin. -->","yoast_head_json":{"title":"WEF-Aus von Klaus Schwab best\u00e4tigt \u2013 Tony Blair als m\u00f6glicher Nachfolger gehandelt - just-now.NEWS Deutschland","robots":{"index":"index","follow":"follow","max-snippet":"max-snippet:-1","max-image-preview":"max-image-preview:large","max-video-preview":"max-video-preview:-1"},"canonical":"https:\/\/now-news.de\/de\/deutschland\/wef-aus-von-klaus-schwab-bestaetigt-tony-blair-als-moeglicher-nachfolger-gehandelt\/","og_locale":"de_DE","og_type":"article","og_title":"WEF-Aus von Klaus Schwab best\u00e4tigt \u2013 Tony Blair als m\u00f6glicher Nachfolger gehandelt","og_description":"Klaus Schwab ist 86 Jahre alt. Nun bereitet der Deutsche seinen Abgang vom Chefposten des Weltwirtschaftsforums vor. Entsprechende Medienberichte hat das WEF inzwischen best\u00e4tigt. Der R\u00fcckzug wird schrittweise erfolgen. Ein Nachfolger ist noch nicht bekannt. Das Weltwirtschaftsforum (WEF) hat die Berichte \u00fcber den R\u00fccktritt ihres\u00a0Gr\u00fcnders und gesch\u00e4ftsf\u00fchrenden Vorsitzenden Klaus Schwab best\u00e4tigt. In einer\u00a0Mitteilung\u00a0vom Dienstag stellte [&hellip;]","og_url":"https:\/\/now-news.de\/de\/deutschland\/wef-aus-von-klaus-schwab-bestaetigt-tony-blair-als-moeglicher-nachfolger-gehandelt\/","og_site_name":"just-now.NEWS Deutschland","article_publisher":"https:\/\/www.facebook.com\/wirmachenauf","article_published_time":"2024-05-22T13:20:49+00:00","og_image":[{"url":"https:\/\/now-news.de\/de\/wp-content\/uploads\/sites\/3\/2024\/05\/664df15048fbef3bcd64f928.jpg"}],"author":"rtnews","twitter_card":"summary_large_image","twitter_creator":"@WirMachenAuf_de","twitter_site":"@WirMachenAuf_de","twitter_misc":{"Verfasst von":"rtnews","Gesch\u00e4tzte Lesezeit":"3\u00a0Minuten"},"schema":{"@context":"https:\/\/schema.org","@graph":[{"@type":"Article","@id":"https:\/\/now-news.de\/de\/deutschland\/wef-aus-von-klaus-schwab-bestaetigt-tony-blair-als-moeglicher-nachfolger-gehandelt\/#article","isPartOf":{"@id":"https:\/\/now-news.de\/de\/deutschland\/wef-aus-von-klaus-schwab-bestaetigt-tony-blair-als-moeglicher-nachfolger-gehandelt\/"},"author":{"name":"rtnews","@id":"https:\/\/now-news.de\/de\/#\/schema\/person\/fb534a4e865501d8b3285208df34a9b5"},"headline":"WEF-Aus von Klaus Schwab best\u00e4tigt \u2013 Tony Blair als m\u00f6glicher Nachfolger gehandelt","datePublished":"2024-05-22T13:20:49+00:00","dateModified":"2024-05-22T13:20:49+00:00","mainEntityOfPage":{"@id":"https:\/\/now-news.de\/de\/deutschland\/wef-aus-von-klaus-schwab-bestaetigt-tony-blair-als-moeglicher-nachfolger-gehandelt\/"},"wordCount":632,"commentCount":0,"publisher":{"@id":"https:\/\/now-news.de\/de\/#organization"},"image":{"@id":"https:\/\/now-news.de\/de\/deutschland\/wef-aus-von-klaus-schwab-bestaetigt-tony-blair-als-moeglicher-nachfolger-gehandelt\/#primaryimage"},"thumbnailUrl":"https:\/\/now-news.de\/de\/wp-content\/uploads\/sites\/3\/2024\/05\/WEF-Aus-von-Klaus-Schwab-bestaetigt-\u2013-Tony-Blair-als-moeglicher.jpg","keywords":["als","best\u00e4tigt","Blair","gehandelt","Klaus","m\u00f6glicher","Nachfolger","Schwab","Tony","von","WEFAus"],"articleSection":["Deutschland","Russland"],"inLanguage":"de","potentialAction":[{"@type":"CommentAction","name":"Comment","target":["https:\/\/now-news.de\/de\/deutschland\/wef-aus-von-klaus-schwab-bestaetigt-tony-blair-als-moeglicher-nachfolger-gehandelt\/#respond"]}]},{"@type":"WebPage","@id":"https:\/\/now-news.de\/de\/deutschland\/wef-aus-von-klaus-schwab-bestaetigt-tony-blair-als-moeglicher-nachfolger-gehandelt\/","url":"https:\/\/now-news.de\/de\/deutschland\/wef-aus-von-klaus-schwab-bestaetigt-tony-blair-als-moeglicher-nachfolger-gehandelt\/","name":"WEF-Aus von Klaus Schwab best\u00e4tigt \u2013 Tony Blair als m\u00f6glicher Nachfolger gehandelt - just-now.NEWS Deutschland","isPartOf":{"@id":"https:\/\/now-news.de\/de\/#website"},"primaryImageOfPage":{"@id":"https:\/\/now-news.de\/de\/deutschland\/wef-aus-von-klaus-schwab-bestaetigt-tony-blair-als-moeglicher-nachfolger-gehandelt\/#primaryimage"},"image":{"@id":"https:\/\/now-news.de\/de\/deutschland\/wef-aus-von-klaus-schwab-bestaetigt-tony-blair-als-moeglicher-nachfolger-gehandelt\/#primaryimage"},"thumbnailUrl":"https:\/\/now-news.de\/de\/wp-content\/uploads\/sites\/3\/2024\/05\/WEF-Aus-von-Klaus-Schwab-bestaetigt-\u2013-Tony-Blair-als-moeglicher.jpg","datePublished":"2024-05-22T13:20:49+00:00","dateModified":"2024-05-22T13:20:49+00:00","breadcrumb":{"@id":"https:\/\/now-news.de\/de\/deutschland\/wef-aus-von-klaus-schwab-bestaetigt-tony-blair-als-moeglicher-nachfolger-gehandelt\/#breadcrumb"},"inLanguage":"de","potentialAction":[{"@type":"ReadAction","target":["https:\/\/now-news.de\/de\/deutschland\/wef-aus-von-klaus-schwab-bestaetigt-tony-blair-als-moeglicher-nachfolger-gehandelt\/"]}]},{"@type":"ImageObject","inLanguage":"de","@id":"https:\/\/now-news.de\/de\/deutschland\/wef-aus-von-klaus-schwab-bestaetigt-tony-blair-als-moeglicher-nachfolger-gehandelt\/#primaryimage","url":"https:\/\/now-news.de\/de\/wp-content\/uploads\/sites\/3\/2024\/05\/WEF-Aus-von-Klaus-Schwab-bestaetigt-\u2013-Tony-Blair-als-moeglicher.jpg","contentUrl":"https:\/\/now-news.de\/de\/wp-content\/uploads\/sites\/3\/2024\/05\/WEF-Aus-von-Klaus-Schwab-bestaetigt-\u2013-Tony-Blair-als-moeglicher.jpg","width":460,"height":259,"caption":"WEF-Aus von Klaus Schwab best\u00e4tigt \u2013 Tony Blair als m\u00f6glicher Nachfolger gehandelt"},{"@type":"BreadcrumbList","@id":"https:\/\/now-news.de\/de\/deutschland\/wef-aus-von-klaus-schwab-bestaetigt-tony-blair-als-moeglicher-nachfolger-gehandelt\/#breadcrumb","itemListElement":[{"@type":"ListItem","position":1,"name":"Home","item":"https:\/\/now-news.de\/de\/"},{"@type":"ListItem","position":2,"name":"WEF-Aus von Klaus Schwab best\u00e4tigt \u2013 Tony Blair als m\u00f6glicher Nachfolger gehandelt"}]},{"@type":"WebSite","@id":"https:\/\/now-news.de\/de\/#website","url":"https:\/\/now-news.de\/de\/","name":"just-now.NEWS Deutschland","description":"Das Portal f\u00fcr unzensierte Nachrichten aus der Welt","publisher":{"@id":"https:\/\/now-news.de\/de\/#organization"},"potentialAction":[{"@type":"SearchAction","target":{"@type":"EntryPoint","urlTemplate":"https:\/\/now-news.de\/de\/?s={search_term_string}"},"query-input":"required name=search_term_string"}],"inLanguage":"de"},{"@type":"Organization","@id":"https:\/\/now-news.de\/de\/#organization","name":"Just Now News","url":"https:\/\/now-news.de\/de\/","logo":{"@type":"ImageObject","inLanguage":"de","@id":"https:\/\/now-news.de\/de\/#\/schema\/logo\/image\/","url":"http:\/\/just-now.news\/de\/wp-content\/uploads\/sites\/3\/2022\/04\/logo500x500.jpg","contentUrl":"http:\/\/just-now.news\/de\/wp-content\/uploads\/sites\/3\/2022\/04\/logo500x500.jpg","width":500,"height":500,"caption":"Just Now News"},"image":{"@id":"https:\/\/now-news.de\/de\/#\/schema\/logo\/image\/"},"sameAs":["https:\/\/www.facebook.com\/wirmachenauf","https:\/\/x.com\/WirMachenAuf_de"]},{"@type":"Person","@id":"https:\/\/now-news.de\/de\/#\/schema\/person\/fb534a4e865501d8b3285208df34a9b5","name":"rtnews","image":{"@type":"ImageObject","inLanguage":"de","@id":"https:\/\/now-news.de\/de\/#\/schema\/person\/image\/","url":"https:\/\/secure.gravatar.com\/avatar\/82aafea7d8127119dd649515f56e2117?s=96&d=mm&r=g","contentUrl":"https:\/\/secure.gravatar.com\/avatar\/82aafea7d8127119dd649515f56e2117?s=96&d=mm&r=g","caption":"rtnews"},"url":"https:\/\/now-news.de\/de\/author\/rnews\/"}]}},"_links":{"self":[{"href":"https:\/\/now-news.de\/de\/wp-json\/wp\/v2\/posts\/58586"}],"collection":[{"href":"https:\/\/now-news.de\/de\/wp-json\/wp\/v2\/posts"}],"about":[{"href":"https:\/\/now-news.de\/de\/wp-json\/wp\/v2\/types\/post"}],"author":[{"embeddable":true,"href":"https:\/\/now-news.de\/de\/wp-json\/wp\/v2\/users\/3"}],"replies":[{"embeddable":true,"href":"https:\/\/now-news.de\/de\/wp-json\/wp\/v2\/comments?post=58586"}],"version-history":[{"count":0,"href":"https:\/\/now-news.de\/de\/wp-json\/wp\/v2\/posts\/58586\/revisions"}],"wp:featuredmedia":[{"embeddable":true,"href":"https:\/\/now-news.de\/de\/wp-json\/wp\/v2\/media\/58587"}],"wp:attachment":[{"href":"https:\/\/now-news.de\/de\/wp-json\/wp\/v2\/media?parent=58586"}],"wp:term":[{"taxonomy":"category","embeddable":true,"href":"https:\/\/now-news.de\/de\/wp-json\/wp\/v2\/categories?post=58586"},{"taxonomy":"post_tag","embeddable":true,"href":"https:\/\/now-news.de\/de\/wp-json\/wp\/v2\/tags?post=58586"}],"curies":[{"name":"wp","href":"https:\/\/api.w.org\/{rel}","templated":true}]}}