{"id":58566,"date":"2024-05-22T21:22:09","date_gmt":"2024-05-22T19:22:09","guid":{"rendered":"https:\/\/now-news.de\/de\/deutschland\/medienbericht-zoff-in-der-ampelkoalition-wegen-finanzierung-der-litauen-brigade\/"},"modified":"2024-05-22T21:22:09","modified_gmt":"2024-05-22T19:22:09","slug":"medienbericht-zoff-in-der-ampelkoalition-wegen-finanzierung-der-litauen-brigade","status":"publish","type":"post","link":"https:\/\/now-news.de\/de\/deutschland\/medienbericht-zoff-in-der-ampelkoalition-wegen-finanzierung-der-litauen-brigade\/","title":{"rendered":"Medienbericht: Zoff in der Ampelkoalition wegen Finanzierung der Litauen-Brigade"},"content":{"rendered":"<p><img decoding=\"async\" src=\"https:\/\/now-news.de\/de\/wp-content\/uploads\/sites\/3\/2024\/05\/664e40e048fbef3baa0af660.jpg\" \/><\/p>\n<div class=\"Text-root Text-type_1 \">\n                &#8220;Der Spiegel&#8221; berichtet am Mittwochabend, dass das Bundesfinanzministerium einen Gesetzentwurf blockiert, mit dem das von Boris Pistorius geleitete Verteidigungsministerium Zulagen f\u00fcr Soldaten, die sich freiwillig nach Litauen melden, einf\u00fchren wollte. Nun droht neuer Zoff in der Ampelkoalition.\n            <\/div>\n<p><\/p>\n<div class=\"Text-root Text-type_5 ArticleView-text ViewText-root \">\n<p>Nach einem <a rel=\"nofollow noopener\" target=\"_blank\" href=\"https:\/\/www.spiegel.de\/politik\/deutschland\/christian-lindner-blockiert-finanzielle-zulagen-fuer-bundeswehr-brigade-in-litauen-neuer-streit-mit-pistorius-a-2f0a45c8-c940-48eb-987c-f3eaa96068f5\">Bericht<\/a> des Nachrichtenmagazins <em>Der Spiegel<\/em> am Mittwochabend gibt es in der Ampelkoalition erneut Streit zwischen\u00a0Christian Lindner (FDP) und Boris Pistorius (SPD).<\/p>\n<p>Lindners Finanzministerium soll ein Veto gegen einen Gesetzentwurf eingelegt haben, mit dem das Bundesverteidigungsministerium zum 1. Januar 2025 neue finanzielle Zulagen f\u00fcr Soldaten einf\u00fchren will. Mit diesen Zulagen will Pistorius die Attraktivit\u00e4t der Litauen-Mission so erh\u00f6hen, dass sich Tausende Soldaten f\u00fcr die dort geplante Kampfbrigade freiwillig melden.\u00a0<\/p>\n<p>Wie das Magazin weiter berichtet, habe Finanzstaatssekret\u00e4r Steffen Saebisch in einer &#8220;knappen Mail&#8221; dem Wehrressort mitgeteilt, dass der Einleitung der Ressortabstimmung \u00fcber das &#8220;Gesetz zur weiteren St\u00e4rkung der personellen Einsatzbereitschaft und zur \u00c4nderung von Vorschriften f\u00fcr die Bundeswehr&#8221; energisch widersprochen werde. Zuerst, so Saebisch, m\u00fcsse das Wehrressort detailliert darlegen, &#8220;ob und gegebenenfalls in welchem Umfang das Artikelgesetz finanzierbar ist&#8221;.\u00a0<\/p>\n<p>Vorgesehen ist in dem Gesetzesentwurf, der dem <em>Spiegel<\/em> vorliegen soll, eine Auslandszulage f\u00fcr Soldaten, die sich \u00fcber mehrere Jahre f\u00fcr die Litauen-Brigade verpflichten. Sie w\u00fcrde den normalen Sold in vielen F\u00e4llen fast verdoppeln. Zudem ist &#8220;die Gew\u00e4hrung einer Verpflichtungspr\u00e4mie&#8221; und eine Pr\u00e4mie f\u00fcr Einheiten geplant, die in hoher Einsatzbereitschaft bereitstehen. Ebenso sollen die Soldaten erstmals die M\u00f6glichkeit bekommen, sich bei Missionen wie in Litauen geleistete \u00dcberstunden auszahlen zu lassen.<\/p>\n<p>Lindners Haus bef\u00fcrchtet &#8220;nicht absch\u00e4tzbare und dauerhafte Folgen f\u00fcr den Bundeshaushalt&#8221; und h\u00e4lt die dem Gesetzentwurf beigef\u00fcgte Kostensch\u00e4tzung f\u00fcr zu niedrig. Saebisch r\u00e4t dem Wehrressort nachdr\u00fccklich, den Zeitplan f\u00fcr das Gesetz aufzugeben. Das Verteidigungsministerium solle pr\u00fcfen, ob &#8220;ein Inkrafttreten zum 1. Januar 2025 zwingend erforderlich ist, um genug Personal f\u00fcr Litauen zu gewinnen, oder ob eine Regelung der h\u00f6heren Leistungen auch zum Beispiel 2027\/2028 hinreichend ist&#8221;.<\/p>\n<p>Es ist nicht der erste Streit zwischen Boris Pistorius (SPD) und Christian Lindner (FDP) beziehungsweise den von ihnen geleiteten Ministerien. Pistorius will zus\u00e4tzlich zum Etat von derzeit 52 Milliarden einen Zuschlag von 6,7 Milliarden Euro erhalten. Ein Krisentreffen der beiden Minister vergangene Woche brachte offenbar keine L\u00f6sung.<\/p>\n<p><strong>Mehr zum Thema<\/strong> &#8211; <a rel=\"nofollow noopener\" target=\"_blank\" href=\"https:\/\/freedert.online\/inland\/206289-pistorius-will-noch-mehr-milliarden\/\">Pistorius will noch mehr Milliarden f\u00fcr Ukraine \u2013 Sparminister Lindner signalisiert Zustimmung<\/a><\/p>\n<\/div>\n<p><br \/>\n<br \/><a href=\"https:\/\/de.rt.com\/inland\/206707-medienbericht-zoff-in-ampelkoalition-wegen\/\">Source link <\/a><\/p>\n","protected":false},"excerpt":{"rendered":"<p>&#8220;Der Spiegel&#8221; berichtet am Mittwochabend, dass das Bundesfinanzministerium einen Gesetzentwurf blockiert, mit dem das von Boris Pistorius geleitete Verteidigungsministerium Zulagen f\u00fcr Soldaten, die sich freiwillig nach Litauen melden, einf\u00fchren wollte. Nun droht neuer Zoff in der Ampelkoalition. Nach einem Bericht des Nachrichtenmagazins Der Spiegel am Mittwochabend gibt es in der Ampelkoalition erneut Streit zwischen\u00a0Christian Lindner [&hellip;]<\/p>\n","protected":false},"author":3,"featured_media":58567,"comment_status":"open","ping_status":"open","sticky":false,"template":"","format":"standard","meta":{"_yoast_indexnow_last_ping":["1716406549"],"wp_automatic_camp":["217"],"b675a0955b539702c902fc3356451ea9":["Medienbericht: Zoff in der Ampelkoalition wegen Finanzierung der Litauen-Brigade"],"original_link":["https:\/\/de.rt.com\/inland\/206707-medienbericht-zoff-in-ampelkoalition-wegen\/"],"_thumbnail_id":["58567"],"_wptgpro_p2tg_sent2tg":["a:1:{i:23737;s:19:\"2024-05-22 21:37:32\";}"],"jnews_social_counter_last_update":["1777676350"]},"categories":[19,23],"tags":[22395,82,3783,55060,869,145,24662],"yoast_head":"<!-- This site is optimized with the Yoast SEO Premium plugin v22.7 (Yoast SEO v22.7) - https:\/\/yoast.com\/wordpress\/plugins\/seo\/ -->\n<title>Medienbericht: Zoff in der Ampelkoalition wegen Finanzierung der Litauen-Brigade - just-now.NEWS Deutschland<\/title>\n<meta name=\"robots\" content=\"index, follow, max-snippet:-1, max-image-preview:large, max-video-preview:-1\" \/>\n<link rel=\"canonical\" href=\"https:\/\/now-news.de\/de\/deutschland\/medienbericht-zoff-in-der-ampelkoalition-wegen-finanzierung-der-litauen-brigade\/\" \/>\n<meta property=\"og:locale\" content=\"de_DE\" \/>\n<meta property=\"og:type\" content=\"article\" \/>\n<meta property=\"og:title\" content=\"Medienbericht: Zoff in der Ampelkoalition wegen Finanzierung der Litauen-Brigade\" \/>\n<meta property=\"og:description\" content=\"&#8220;Der Spiegel&#8221; berichtet am Mittwochabend, dass das Bundesfinanzministerium einen Gesetzentwurf blockiert, mit dem das von Boris Pistorius geleitete Verteidigungsministerium Zulagen f\u00fcr Soldaten, die sich freiwillig nach Litauen melden, einf\u00fchren wollte. Nun droht neuer Zoff in der Ampelkoalition. Nach einem Bericht des Nachrichtenmagazins Der Spiegel am Mittwochabend gibt es in der Ampelkoalition erneut Streit zwischen\u00a0Christian Lindner [&hellip;]\" \/>\n<meta property=\"og:url\" content=\"https:\/\/now-news.de\/de\/deutschland\/medienbericht-zoff-in-der-ampelkoalition-wegen-finanzierung-der-litauen-brigade\/\" \/>\n<meta property=\"og:site_name\" content=\"just-now.NEWS Deutschland\" \/>\n<meta property=\"article:publisher\" content=\"https:\/\/www.facebook.com\/wirmachenauf\" \/>\n<meta property=\"article:published_time\" content=\"2024-05-22T19:22:09+00:00\" \/>\n<meta property=\"og:image\" content=\"https:\/\/now-news.de\/de\/wp-content\/uploads\/sites\/3\/2024\/05\/664e40e048fbef3baa0af660.jpg\" \/>\n<meta name=\"author\" content=\"rtnews\" \/>\n<meta name=\"twitter:card\" content=\"summary_large_image\" \/>\n<meta name=\"twitter:creator\" content=\"@WirMachenAuf_de\" \/>\n<meta name=\"twitter:site\" content=\"@WirMachenAuf_de\" \/>\n<meta name=\"twitter:label1\" content=\"Verfasst von\" \/>\n\t<meta name=\"twitter:data1\" content=\"rtnews\" \/>\n\t<meta name=\"twitter:label2\" content=\"Gesch\u00e4tzte Lesezeit\" \/>\n\t<meta name=\"twitter:data2\" content=\"2\u00a0Minuten\" \/>\n<script type=\"application\/ld+json\" class=\"yoast-schema-graph\">{\"@context\":\"https:\/\/schema.org\",\"@graph\":[{\"@type\":\"Article\",\"@id\":\"https:\/\/now-news.de\/de\/deutschland\/medienbericht-zoff-in-der-ampelkoalition-wegen-finanzierung-der-litauen-brigade\/#article\",\"isPartOf\":{\"@id\":\"https:\/\/now-news.de\/de\/deutschland\/medienbericht-zoff-in-der-ampelkoalition-wegen-finanzierung-der-litauen-brigade\/\"},\"author\":{\"name\":\"rtnews\",\"@id\":\"https:\/\/now-news.de\/de\/#\/schema\/person\/fb534a4e865501d8b3285208df34a9b5\"},\"headline\":\"Medienbericht: Zoff in der Ampelkoalition wegen Finanzierung der Litauen-Brigade\",\"datePublished\":\"2024-05-22T19:22:09+00:00\",\"dateModified\":\"2024-05-22T19:22:09+00:00\",\"mainEntityOfPage\":{\"@id\":\"https:\/\/now-news.de\/de\/deutschland\/medienbericht-zoff-in-der-ampelkoalition-wegen-finanzierung-der-litauen-brigade\/\"},\"wordCount\":405,\"commentCount\":0,\"publisher\":{\"@id\":\"https:\/\/now-news.de\/de\/#organization\"},\"image\":{\"@id\":\"https:\/\/now-news.de\/de\/deutschland\/medienbericht-zoff-in-der-ampelkoalition-wegen-finanzierung-der-litauen-brigade\/#primaryimage\"},\"thumbnailUrl\":\"https:\/\/now-news.de\/de\/wp-content\/uploads\/sites\/3\/2024\/05\/Medienbericht-Zoff-in-der-Ampelkoalition-wegen-Finanzierung-der-Litauen-Brigade.jpg\",\"keywords\":[\"Ampelkoalition\",\"der\",\"Finanzierung\",\"LitauenBrigade\",\"Medienbericht\",\"wegen\",\"Zoff\"],\"articleSection\":[\"Deutschland\",\"Russland\"],\"inLanguage\":\"de\",\"potentialAction\":[{\"@type\":\"CommentAction\",\"name\":\"Comment\",\"target\":[\"https:\/\/now-news.de\/de\/deutschland\/medienbericht-zoff-in-der-ampelkoalition-wegen-finanzierung-der-litauen-brigade\/#respond\"]}]},{\"@type\":\"WebPage\",\"@id\":\"https:\/\/now-news.de\/de\/deutschland\/medienbericht-zoff-in-der-ampelkoalition-wegen-finanzierung-der-litauen-brigade\/\",\"url\":\"https:\/\/now-news.de\/de\/deutschland\/medienbericht-zoff-in-der-ampelkoalition-wegen-finanzierung-der-litauen-brigade\/\",\"name\":\"Medienbericht: Zoff in der Ampelkoalition wegen Finanzierung der Litauen-Brigade - just-now.NEWS Deutschland\",\"isPartOf\":{\"@id\":\"https:\/\/now-news.de\/de\/#website\"},\"primaryImageOfPage\":{\"@id\":\"https:\/\/now-news.de\/de\/deutschland\/medienbericht-zoff-in-der-ampelkoalition-wegen-finanzierung-der-litauen-brigade\/#primaryimage\"},\"image\":{\"@id\":\"https:\/\/now-news.de\/de\/deutschland\/medienbericht-zoff-in-der-ampelkoalition-wegen-finanzierung-der-litauen-brigade\/#primaryimage\"},\"thumbnailUrl\":\"https:\/\/now-news.de\/de\/wp-content\/uploads\/sites\/3\/2024\/05\/Medienbericht-Zoff-in-der-Ampelkoalition-wegen-Finanzierung-der-Litauen-Brigade.jpg\",\"datePublished\":\"2024-05-22T19:22:09+00:00\",\"dateModified\":\"2024-05-22T19:22:09+00:00\",\"breadcrumb\":{\"@id\":\"https:\/\/now-news.de\/de\/deutschland\/medienbericht-zoff-in-der-ampelkoalition-wegen-finanzierung-der-litauen-brigade\/#breadcrumb\"},\"inLanguage\":\"de\",\"potentialAction\":[{\"@type\":\"ReadAction\",\"target\":[\"https:\/\/now-news.de\/de\/deutschland\/medienbericht-zoff-in-der-ampelkoalition-wegen-finanzierung-der-litauen-brigade\/\"]}]},{\"@type\":\"ImageObject\",\"inLanguage\":\"de\",\"@id\":\"https:\/\/now-news.de\/de\/deutschland\/medienbericht-zoff-in-der-ampelkoalition-wegen-finanzierung-der-litauen-brigade\/#primaryimage\",\"url\":\"https:\/\/now-news.de\/de\/wp-content\/uploads\/sites\/3\/2024\/05\/Medienbericht-Zoff-in-der-Ampelkoalition-wegen-Finanzierung-der-Litauen-Brigade.jpg\",\"contentUrl\":\"https:\/\/now-news.de\/de\/wp-content\/uploads\/sites\/3\/2024\/05\/Medienbericht-Zoff-in-der-Ampelkoalition-wegen-Finanzierung-der-Litauen-Brigade.jpg\",\"width\":460,\"height\":259,\"caption\":\"Medienbericht: Zoff in der Ampelkoalition wegen Finanzierung der Litauen-Brigade\"},{\"@type\":\"BreadcrumbList\",\"@id\":\"https:\/\/now-news.de\/de\/deutschland\/medienbericht-zoff-in-der-ampelkoalition-wegen-finanzierung-der-litauen-brigade\/#breadcrumb\",\"itemListElement\":[{\"@type\":\"ListItem\",\"position\":1,\"name\":\"Home\",\"item\":\"https:\/\/now-news.de\/de\/\"},{\"@type\":\"ListItem\",\"position\":2,\"name\":\"Medienbericht: Zoff in der Ampelkoalition wegen Finanzierung der Litauen-Brigade\"}]},{\"@type\":\"WebSite\",\"@id\":\"https:\/\/now-news.de\/de\/#website\",\"url\":\"https:\/\/now-news.de\/de\/\",\"name\":\"just-now.NEWS Deutschland\",\"description\":\"Das Portal f\u00fcr unzensierte Nachrichten aus der Welt\",\"publisher\":{\"@id\":\"https:\/\/now-news.de\/de\/#organization\"},\"potentialAction\":[{\"@type\":\"SearchAction\",\"target\":{\"@type\":\"EntryPoint\",\"urlTemplate\":\"https:\/\/now-news.de\/de\/?s={search_term_string}\"},\"query-input\":\"required name=search_term_string\"}],\"inLanguage\":\"de\"},{\"@type\":\"Organization\",\"@id\":\"https:\/\/now-news.de\/de\/#organization\",\"name\":\"Just Now News\",\"url\":\"https:\/\/now-news.de\/de\/\",\"logo\":{\"@type\":\"ImageObject\",\"inLanguage\":\"de\",\"@id\":\"https:\/\/now-news.de\/de\/#\/schema\/logo\/image\/\",\"url\":\"http:\/\/just-now.news\/de\/wp-content\/uploads\/sites\/3\/2022\/04\/logo500x500.jpg\",\"contentUrl\":\"http:\/\/just-now.news\/de\/wp-content\/uploads\/sites\/3\/2022\/04\/logo500x500.jpg\",\"width\":500,\"height\":500,\"caption\":\"Just Now News\"},\"image\":{\"@id\":\"https:\/\/now-news.de\/de\/#\/schema\/logo\/image\/\"},\"sameAs\":[\"https:\/\/www.facebook.com\/wirmachenauf\",\"https:\/\/x.com\/WirMachenAuf_de\"]},{\"@type\":\"Person\",\"@id\":\"https:\/\/now-news.de\/de\/#\/schema\/person\/fb534a4e865501d8b3285208df34a9b5\",\"name\":\"rtnews\",\"image\":{\"@type\":\"ImageObject\",\"inLanguage\":\"de\",\"@id\":\"https:\/\/now-news.de\/de\/#\/schema\/person\/image\/\",\"url\":\"https:\/\/secure.gravatar.com\/avatar\/82aafea7d8127119dd649515f56e2117?s=96&d=mm&r=g\",\"contentUrl\":\"https:\/\/secure.gravatar.com\/avatar\/82aafea7d8127119dd649515f56e2117?s=96&d=mm&r=g\",\"caption\":\"rtnews\"},\"url\":\"https:\/\/now-news.de\/de\/author\/rnews\/\"}]}<\/script>\n<!-- \/ Yoast SEO Premium plugin. -->","yoast_head_json":{"title":"Medienbericht: Zoff in der Ampelkoalition wegen Finanzierung der Litauen-Brigade - just-now.NEWS Deutschland","robots":{"index":"index","follow":"follow","max-snippet":"max-snippet:-1","max-image-preview":"max-image-preview:large","max-video-preview":"max-video-preview:-1"},"canonical":"https:\/\/now-news.de\/de\/deutschland\/medienbericht-zoff-in-der-ampelkoalition-wegen-finanzierung-der-litauen-brigade\/","og_locale":"de_DE","og_type":"article","og_title":"Medienbericht: Zoff in der Ampelkoalition wegen Finanzierung der Litauen-Brigade","og_description":"&#8220;Der Spiegel&#8221; berichtet am Mittwochabend, dass das Bundesfinanzministerium einen Gesetzentwurf blockiert, mit dem das von Boris Pistorius geleitete Verteidigungsministerium Zulagen f\u00fcr Soldaten, die sich freiwillig nach Litauen melden, einf\u00fchren wollte. Nun droht neuer Zoff in der Ampelkoalition. Nach einem Bericht des Nachrichtenmagazins Der Spiegel am Mittwochabend gibt es in der Ampelkoalition erneut Streit zwischen\u00a0Christian Lindner [&hellip;]","og_url":"https:\/\/now-news.de\/de\/deutschland\/medienbericht-zoff-in-der-ampelkoalition-wegen-finanzierung-der-litauen-brigade\/","og_site_name":"just-now.NEWS Deutschland","article_publisher":"https:\/\/www.facebook.com\/wirmachenauf","article_published_time":"2024-05-22T19:22:09+00:00","og_image":[{"url":"https:\/\/now-news.de\/de\/wp-content\/uploads\/sites\/3\/2024\/05\/664e40e048fbef3baa0af660.jpg"}],"author":"rtnews","twitter_card":"summary_large_image","twitter_creator":"@WirMachenAuf_de","twitter_site":"@WirMachenAuf_de","twitter_misc":{"Verfasst von":"rtnews","Gesch\u00e4tzte Lesezeit":"2\u00a0Minuten"},"schema":{"@context":"https:\/\/schema.org","@graph":[{"@type":"Article","@id":"https:\/\/now-news.de\/de\/deutschland\/medienbericht-zoff-in-der-ampelkoalition-wegen-finanzierung-der-litauen-brigade\/#article","isPartOf":{"@id":"https:\/\/now-news.de\/de\/deutschland\/medienbericht-zoff-in-der-ampelkoalition-wegen-finanzierung-der-litauen-brigade\/"},"author":{"name":"rtnews","@id":"https:\/\/now-news.de\/de\/#\/schema\/person\/fb534a4e865501d8b3285208df34a9b5"},"headline":"Medienbericht: Zoff in der Ampelkoalition wegen Finanzierung der Litauen-Brigade","datePublished":"2024-05-22T19:22:09+00:00","dateModified":"2024-05-22T19:22:09+00:00","mainEntityOfPage":{"@id":"https:\/\/now-news.de\/de\/deutschland\/medienbericht-zoff-in-der-ampelkoalition-wegen-finanzierung-der-litauen-brigade\/"},"wordCount":405,"commentCount":0,"publisher":{"@id":"https:\/\/now-news.de\/de\/#organization"},"image":{"@id":"https:\/\/now-news.de\/de\/deutschland\/medienbericht-zoff-in-der-ampelkoalition-wegen-finanzierung-der-litauen-brigade\/#primaryimage"},"thumbnailUrl":"https:\/\/now-news.de\/de\/wp-content\/uploads\/sites\/3\/2024\/05\/Medienbericht-Zoff-in-der-Ampelkoalition-wegen-Finanzierung-der-Litauen-Brigade.jpg","keywords":["Ampelkoalition","der","Finanzierung","LitauenBrigade","Medienbericht","wegen","Zoff"],"articleSection":["Deutschland","Russland"],"inLanguage":"de","potentialAction":[{"@type":"CommentAction","name":"Comment","target":["https:\/\/now-news.de\/de\/deutschland\/medienbericht-zoff-in-der-ampelkoalition-wegen-finanzierung-der-litauen-brigade\/#respond"]}]},{"@type":"WebPage","@id":"https:\/\/now-news.de\/de\/deutschland\/medienbericht-zoff-in-der-ampelkoalition-wegen-finanzierung-der-litauen-brigade\/","url":"https:\/\/now-news.de\/de\/deutschland\/medienbericht-zoff-in-der-ampelkoalition-wegen-finanzierung-der-litauen-brigade\/","name":"Medienbericht: Zoff in der Ampelkoalition wegen Finanzierung der Litauen-Brigade - just-now.NEWS Deutschland","isPartOf":{"@id":"https:\/\/now-news.de\/de\/#website"},"primaryImageOfPage":{"@id":"https:\/\/now-news.de\/de\/deutschland\/medienbericht-zoff-in-der-ampelkoalition-wegen-finanzierung-der-litauen-brigade\/#primaryimage"},"image":{"@id":"https:\/\/now-news.de\/de\/deutschland\/medienbericht-zoff-in-der-ampelkoalition-wegen-finanzierung-der-litauen-brigade\/#primaryimage"},"thumbnailUrl":"https:\/\/now-news.de\/de\/wp-content\/uploads\/sites\/3\/2024\/05\/Medienbericht-Zoff-in-der-Ampelkoalition-wegen-Finanzierung-der-Litauen-Brigade.jpg","datePublished":"2024-05-22T19:22:09+00:00","dateModified":"2024-05-22T19:22:09+00:00","breadcrumb":{"@id":"https:\/\/now-news.de\/de\/deutschland\/medienbericht-zoff-in-der-ampelkoalition-wegen-finanzierung-der-litauen-brigade\/#breadcrumb"},"inLanguage":"de","potentialAction":[{"@type":"ReadAction","target":["https:\/\/now-news.de\/de\/deutschland\/medienbericht-zoff-in-der-ampelkoalition-wegen-finanzierung-der-litauen-brigade\/"]}]},{"@type":"ImageObject","inLanguage":"de","@id":"https:\/\/now-news.de\/de\/deutschland\/medienbericht-zoff-in-der-ampelkoalition-wegen-finanzierung-der-litauen-brigade\/#primaryimage","url":"https:\/\/now-news.de\/de\/wp-content\/uploads\/sites\/3\/2024\/05\/Medienbericht-Zoff-in-der-Ampelkoalition-wegen-Finanzierung-der-Litauen-Brigade.jpg","contentUrl":"https:\/\/now-news.de\/de\/wp-content\/uploads\/sites\/3\/2024\/05\/Medienbericht-Zoff-in-der-Ampelkoalition-wegen-Finanzierung-der-Litauen-Brigade.jpg","width":460,"height":259,"caption":"Medienbericht: Zoff in der Ampelkoalition wegen Finanzierung der Litauen-Brigade"},{"@type":"BreadcrumbList","@id":"https:\/\/now-news.de\/de\/deutschland\/medienbericht-zoff-in-der-ampelkoalition-wegen-finanzierung-der-litauen-brigade\/#breadcrumb","itemListElement":[{"@type":"ListItem","position":1,"name":"Home","item":"https:\/\/now-news.de\/de\/"},{"@type":"ListItem","position":2,"name":"Medienbericht: Zoff in der Ampelkoalition wegen Finanzierung der Litauen-Brigade"}]},{"@type":"WebSite","@id":"https:\/\/now-news.de\/de\/#website","url":"https:\/\/now-news.de\/de\/","name":"just-now.NEWS Deutschland","description":"Das Portal f\u00fcr unzensierte Nachrichten aus der Welt","publisher":{"@id":"https:\/\/now-news.de\/de\/#organization"},"potentialAction":[{"@type":"SearchAction","target":{"@type":"EntryPoint","urlTemplate":"https:\/\/now-news.de\/de\/?s={search_term_string}"},"query-input":"required name=search_term_string"}],"inLanguage":"de"},{"@type":"Organization","@id":"https:\/\/now-news.de\/de\/#organization","name":"Just Now News","url":"https:\/\/now-news.de\/de\/","logo":{"@type":"ImageObject","inLanguage":"de","@id":"https:\/\/now-news.de\/de\/#\/schema\/logo\/image\/","url":"http:\/\/just-now.news\/de\/wp-content\/uploads\/sites\/3\/2022\/04\/logo500x500.jpg","contentUrl":"http:\/\/just-now.news\/de\/wp-content\/uploads\/sites\/3\/2022\/04\/logo500x500.jpg","width":500,"height":500,"caption":"Just Now News"},"image":{"@id":"https:\/\/now-news.de\/de\/#\/schema\/logo\/image\/"},"sameAs":["https:\/\/www.facebook.com\/wirmachenauf","https:\/\/x.com\/WirMachenAuf_de"]},{"@type":"Person","@id":"https:\/\/now-news.de\/de\/#\/schema\/person\/fb534a4e865501d8b3285208df34a9b5","name":"rtnews","image":{"@type":"ImageObject","inLanguage":"de","@id":"https:\/\/now-news.de\/de\/#\/schema\/person\/image\/","url":"https:\/\/secure.gravatar.com\/avatar\/82aafea7d8127119dd649515f56e2117?s=96&d=mm&r=g","contentUrl":"https:\/\/secure.gravatar.com\/avatar\/82aafea7d8127119dd649515f56e2117?s=96&d=mm&r=g","caption":"rtnews"},"url":"https:\/\/now-news.de\/de\/author\/rnews\/"}]}},"_links":{"self":[{"href":"https:\/\/now-news.de\/de\/wp-json\/wp\/v2\/posts\/58566"}],"collection":[{"href":"https:\/\/now-news.de\/de\/wp-json\/wp\/v2\/posts"}],"about":[{"href":"https:\/\/now-news.de\/de\/wp-json\/wp\/v2\/types\/post"}],"author":[{"embeddable":true,"href":"https:\/\/now-news.de\/de\/wp-json\/wp\/v2\/users\/3"}],"replies":[{"embeddable":true,"href":"https:\/\/now-news.de\/de\/wp-json\/wp\/v2\/comments?post=58566"}],"version-history":[{"count":0,"href":"https:\/\/now-news.de\/de\/wp-json\/wp\/v2\/posts\/58566\/revisions"}],"wp:featuredmedia":[{"embeddable":true,"href":"https:\/\/now-news.de\/de\/wp-json\/wp\/v2\/media\/58567"}],"wp:attachment":[{"href":"https:\/\/now-news.de\/de\/wp-json\/wp\/v2\/media?parent=58566"}],"wp:term":[{"taxonomy":"category","embeddable":true,"href":"https:\/\/now-news.de\/de\/wp-json\/wp\/v2\/categories?post=58566"},{"taxonomy":"post_tag","embeddable":true,"href":"https:\/\/now-news.de\/de\/wp-json\/wp\/v2\/tags?post=58566"}],"curies":[{"name":"wp","href":"https:\/\/api.w.org\/{rel}","templated":true}]}}