{"id":58564,"date":"2024-05-22T21:15:30","date_gmt":"2024-05-22T19:15:30","guid":{"rendered":"https:\/\/now-news.de\/de\/deutschland\/wertewesten-in-aktion-sanktionen-gegen-china-und-instrumentalisierung-der-uiguren\/"},"modified":"2024-05-22T21:15:30","modified_gmt":"2024-05-22T19:15:30","slug":"wertewesten-in-aktion-sanktionen-gegen-china-und-instrumentalisierung-der-uiguren","status":"publish","type":"post","link":"https:\/\/now-news.de\/de\/deutschland\/wertewesten-in-aktion-sanktionen-gegen-china-und-instrumentalisierung-der-uiguren\/","title":{"rendered":"Wertewesten in Aktion: Sanktionen gegen China und Instrumentalisierung der Uiguren"},"content":{"rendered":"<p><img decoding=\"async\" src=\"https:\/\/now-news.de\/de\/wp-content\/uploads\/sites\/3\/2024\/05\/664e16fc48fbef3bcd64f981.jpg\" \/><\/p>\n<div class=\"Text-root Text-type_1 \">\n                Immer wieder behauptet der Kollektive Westen, mittels Sanktionen Minderheiten sch\u00fctzen zu wollen. Aktuell geht es um die Uiguren. Deutschland tr\u00e4gt die Eskalation mit, obwohl die R\u00fcckwirkungen eines umfassenden Sanktionsregimes gegen China die deutsche Wirtschaft ausl\u00f6schen w\u00fcrden.\n            <\/div>\n<p><\/p>\n<div class=\"Text-root Text-type_5 ArticleView-text ViewText-root \">\n<p><em>Von Gert Ewen Ungar<\/em><\/p>\n<p>Die Uiguren sind eine ethnische Minderheit und sie werden zur Einmischung in die inneren Angelegenheiten Chinas und zur Eskalation des Handelskriegs mit China genutzt. Um das Wohl der Uiguren geht es dabei nicht. Die Argumentation und die Form der Einmischung folgen dabei einem Schema, das der Kollektive Westen unter der F\u00fchrung der USA regelm\u00e4\u00dfig gegen jene L\u00e4nder anwendet, die ihm gegen\u00fcber souver\u00e4n auftreten.\u00a0<\/p>\n<p>Mit der Behauptung, Opferschutz betreiben zu wollen, legitimiert sich der Westen selbst, Sanktionen am UN-Sicherheitsrat vorbei zu verh\u00e4ngen. Ganz unabh\u00e4ngig von der Frage, ob tats\u00e4chlich Verst\u00f6\u00dfe gegen die Menschenrechte vorliegen, ist zu fragen, ob Minderheiten-\u00a0 und Opferschutz mittels Sanktionsregime \u00fcberhaupt m\u00f6glich ist. Die Frage ist klar zu verneinen. Schutz von Minderheiten mittels Sanktionen ist nicht m\u00f6glich. Das Instrument ist ungeeignet, denn es ist unpr\u00e4zise. Es trifft Unternehmen, hat aber keinen Einfluss auf Politik. Das ist auch denen klar, von denen die Sanktionen verh\u00e4ngt werden. Es geht nicht um Schutz, es geht um Einmischung.<\/p>\n<p>An der Geschichte der unterdr\u00fcckten Uiguren ist zudem alles fragw\u00fcrdig. Das f\u00e4ngt bei der Quelle an. Adrian Zenz\u00a0\u2012 der mit der Behauptung, in der chinesischen Provinz Xinjiang w\u00fcrden Uiguren in Umerziehungslagern gefoltert und ermordet\u00a0\u2012 ist ein evangelikaler Missionar, der von einem neokonservativen Think-Tank mit stramm antikommunistischer Ausrichtung unterst\u00fctzt wird. Wie in anderen F\u00e4llen auch, werden alle Versuche der Regierung diskreditiert, mit denen sie f\u00fcr Transparenz sorgen will. China hat zu den Vorw\u00fcrfen Stellung genommen. Dem wurde kein Geh\u00f6r geschenkt.\u00a0<\/p>\n<p>Die Instrumentalisierung der Menschenrechte folgt einem Schema der westlichen Einmischung und es dient ganz offensichtlich nicht dem Schutz von angeblich diskriminierten Minderheiten, sondern ausschlie\u00dflich der Eskalation. Weder die Uiguren noch die LGBT-Community in Russland noch die Tataren auf der Krim noch irgendeine andere Minderheit auf diesem Globus sollte der Illusion aufsitzen, dass es dem Westen tats\u00e4chlich um sie und ihre Interessen gehe. Es geht dem Westen immer nur und ausschlie\u00dflich um die eigenen Interessen: um Machtausdehnung und Einflussgewinn.<\/p>\n<p>In diesem konkreten Fall zielen die USA darauf ab, den Handelskrieg mit China zu versch\u00e4rfen. Mit dem Uyghur Forced Labor Prevention Act wurde bereits im Sommer 2022 die rechtliche Grundlage f\u00fcr Sanktionen geschaffen. Seitdem arbeitet der Kollektive Westen daran, mit dem Argument, die Situation der Uiguren verbessern zu wollen, Sanktionen zu versch\u00e4rfen und auszuweiten.\u00a0<\/p>\n<p>Fatal ist, dass Deutschland bereit ist, die harte Gangart der USA gegen\u00fcber China zu \u00fcbernehmen und mitzugehen, ohne auf eigene Interessen und die eigene wirtschaftliche Situation zu achten. Es g\u00e4be zahllose Gr\u00fcnde daf\u00fcr, an der Behauptung zu zweifeln, China w\u00fcrde systematisch gegen die Uiguren vorgehen. Noch mehr Gr\u00fcnde g\u00e4be es, sich angesichts der realen Situation Deutschlands zur\u00fcckzuhalten. Stattdessen setzt deutsche Politik und setzen deutsche Medien auf Sanktionen und auf die Eskalation des Wirtschaftskrieges gegen China. Alles auf der Grundlage fragw\u00fcrdiger Anschuldigungen.<\/p>\n<p>Dabei ist Deutschland aktuell wirtschaftspolitisch nicht in der Lage, tats\u00e4chlich eine Eskalation in einem Handelskrieg mit China zu verkraften. Die Russland-Sanktionen haben schwerwiegende Auswirkungen auf den Standort Deutschland. Sie haben Deutschland wirtschaftlich massiv und vor allem nachhaltig geschw\u00e4cht. Durch die Erh\u00f6hung der Energiepreise, verbunden mit dem politischen Willen, an den Russland-Sanktionen festhalten zu wollen, hat der Prozess der Deindustrialisierung begonnen. Die deutsche Wirtschaft wurde durch das Sanktionsregime systemisch getroffen. Deutschland durchlebt keine Wirtschaftskrise, das Land hat schlicht sein Gesch\u00e4ftsmodell verloren. Das ist auch kein Geheimnis, die wirtschaftlichen Daten legen das offen. Es w\u00e4re f\u00fcr Deutschland an der Zeit, sich von den USA zu emanzipieren und umzusteuern. In Berlin will man davon allerdings nichts wissen.<\/p>\n<p>Dass Deutschland dennoch das von den USA vorgegebene Uiguren-Narrativ blind \u00fcbernimmt und mit einem Gestus \u00dcberlegenheit und erhobenen moralischen Zeigefinger gegen\u00fcber China auftritt, wird den Prozess des Abstiegs noch beschleunigen. Deutschland ist unangenehm. Seine moralische Hybris erweckt im Ausland Ekel und Hohn. Die Instrumentalisierung von Minderheiten zum Zweck der Eskalation geopolitischer Konflikte offenbart die gesamte deutsche Heuchelei.\u00a0<\/p>\n<p>Deutschland ist zudem aktuell unter den L\u00e4ndern des Kollektiven Westens das labilste. Es ist das Land, das durch das bisherige Sanktionsregime gegen Russland bereits schwer angeschlagen ist. Es ist das schw\u00e4chste Glied in der Kette. Einen weiteren selbstverschuldeten R\u00fcckschlag durch ein Sanktionsregime mit dem Ziel, China zu ruinieren, wird Deutschland nicht \u00fcberleben. Das versteht man vermutlich \u00fcberall auf der Welt, nur im Wirtschaftsministerium, im Ausw\u00e4rtigen Amt und in den Redaktionen des deutschen Mainstreams versteht man es nicht.\u00a0<\/p>\n<p>Dass es den politischen und medialen Eliten derzeit am intellektuellen Know-how und an der Reflexionsf\u00e4higkeit fehlt, um die Konsequenzen der eigenen Heuchelei absehen zu k\u00f6nnen, ist f\u00fcr die B\u00fcrger Deutschlands eine extrem schlechte Nachricht. Denn dieser Mangel an Kompetenz verunm\u00f6glicht die Korrektur des eingeschlagenen Kurses. Den deutschen Abstieg wird es noch beschleunigen, den Uiguren hilft das alles aber nicht. Denen helfen staatliche Integrationsprogramme der chinesischen Regierung, deren Existenz man in Deutschland leugnet.<\/p>\n<p><strong>Mehr zum Thema<\/strong>\u00a0\u2013 <a rel=\"nofollow noopener\" target=\"_blank\" href=\"https:\/\/freedert.online\/meinung\/205743-nicht-nur-interessenkonflikt-in-ukraine\/\">Nicht nur ein Interessenkonflikt: In der Ukraine wird \u00fcber das Schicksal der Welt entschieden<\/a><\/p>\n<div class=\"EmbedBlock-root EmbedBlock-externalVideo EmbedBlock-odysee\">\n<div class=\"VkEmbed\"><iframe class=\"lazyload\" data-src=\"https:\/\/odysee.com\/%24\/embed\/%40RTDE%3Ae%2FIranischer-Politikanalyst---Eure-westlichen-Regime-werden-von-euren-eigenen-Leuten-verachtet-%3A0\" frameborder=\"0\" width=\"853\" height=\"480\" allowfullscreen><\/iframe><\/div>\n<\/div>\n<\/div>\n<p><br \/>\n<br \/><a href=\"https:\/\/de.rt.com\/meinung\/206686-wirtschaftssanktionen-gegen-china-und-instrumentalisierung\/\">Source link <\/a><\/p>\n","protected":false},"excerpt":{"rendered":"<p>Immer wieder behauptet der Kollektive Westen, mittels Sanktionen Minderheiten sch\u00fctzen zu wollen. Aktuell geht es um die Uiguren. Deutschland tr\u00e4gt die Eskalation mit, obwohl die R\u00fcckwirkungen eines umfassenden Sanktionsregimes gegen China die deutsche Wirtschaft ausl\u00f6schen w\u00fcrden. Von Gert Ewen Ungar Die Uiguren sind eine ethnische Minderheit und sie werden zur Einmischung in die inneren Angelegenheiten [&hellip;]<\/p>\n","protected":false},"author":3,"featured_media":58565,"comment_status":"open","ping_status":"open","sticky":false,"template":"","format":"standard","meta":{"_yoast_indexnow_last_ping":["1716405537"],"wp_automatic_camp":["217"],"3ff4872f4cc2138f26b792ad9971daf2":["Wertewesten in Aktion: Sanktionen gegen China und Instrumentalisierung der Uiguren"],"original_link":["https:\/\/de.rt.com\/meinung\/206686-wirtschaftssanktionen-gegen-china-und-instrumentalisierung\/"],"_thumbnail_id":["58565"],"_wptgpro_p2tg_sent2tg":["a:1:{i:23737;s:19:\"2024-05-22 21:22:39\";}"],"jnews_social_counter_last_update":["1777573643"]},"categories":[19,23],"tags":[21659,192,82,278,32586,713,7234,140,53414],"yoast_head":"<!-- This site is optimized with the Yoast SEO Premium plugin v22.7 (Yoast SEO v22.7) - https:\/\/yoast.com\/wordpress\/plugins\/seo\/ -->\n<title>Wertewesten in Aktion: Sanktionen gegen China und Instrumentalisierung der Uiguren - just-now.NEWS Deutschland<\/title>\n<meta name=\"robots\" content=\"index, follow, max-snippet:-1, max-image-preview:large, max-video-preview:-1\" \/>\n<link rel=\"canonical\" href=\"https:\/\/now-news.de\/de\/deutschland\/wertewesten-in-aktion-sanktionen-gegen-china-und-instrumentalisierung-der-uiguren\/\" \/>\n<meta property=\"og:locale\" content=\"de_DE\" \/>\n<meta property=\"og:type\" content=\"article\" \/>\n<meta property=\"og:title\" content=\"Wertewesten in Aktion: Sanktionen gegen China und Instrumentalisierung der Uiguren\" \/>\n<meta property=\"og:description\" content=\"Immer wieder behauptet der Kollektive Westen, mittels Sanktionen Minderheiten sch\u00fctzen zu wollen. Aktuell geht es um die Uiguren. Deutschland tr\u00e4gt die Eskalation mit, obwohl die R\u00fcckwirkungen eines umfassenden Sanktionsregimes gegen China die deutsche Wirtschaft ausl\u00f6schen w\u00fcrden. Von Gert Ewen Ungar Die Uiguren sind eine ethnische Minderheit und sie werden zur Einmischung in die inneren Angelegenheiten [&hellip;]\" \/>\n<meta property=\"og:url\" content=\"https:\/\/now-news.de\/de\/deutschland\/wertewesten-in-aktion-sanktionen-gegen-china-und-instrumentalisierung-der-uiguren\/\" \/>\n<meta property=\"og:site_name\" content=\"just-now.NEWS Deutschland\" \/>\n<meta property=\"article:publisher\" content=\"https:\/\/www.facebook.com\/wirmachenauf\" \/>\n<meta property=\"article:published_time\" content=\"2024-05-22T19:15:30+00:00\" \/>\n<meta property=\"og:image\" content=\"https:\/\/now-news.de\/de\/wp-content\/uploads\/sites\/3\/2024\/05\/664e16fc48fbef3bcd64f981.jpg\" \/>\n<meta name=\"author\" content=\"rtnews\" \/>\n<meta name=\"twitter:card\" content=\"summary_large_image\" \/>\n<meta name=\"twitter:creator\" content=\"@WirMachenAuf_de\" \/>\n<meta name=\"twitter:site\" content=\"@WirMachenAuf_de\" \/>\n<meta name=\"twitter:label1\" content=\"Verfasst von\" \/>\n\t<meta name=\"twitter:data1\" content=\"rtnews\" \/>\n\t<meta name=\"twitter:label2\" content=\"Gesch\u00e4tzte Lesezeit\" \/>\n\t<meta name=\"twitter:data2\" content=\"4\u00a0Minuten\" \/>\n<script type=\"application\/ld+json\" class=\"yoast-schema-graph\">{\"@context\":\"https:\/\/schema.org\",\"@graph\":[{\"@type\":\"Article\",\"@id\":\"https:\/\/now-news.de\/de\/deutschland\/wertewesten-in-aktion-sanktionen-gegen-china-und-instrumentalisierung-der-uiguren\/#article\",\"isPartOf\":{\"@id\":\"https:\/\/now-news.de\/de\/deutschland\/wertewesten-in-aktion-sanktionen-gegen-china-und-instrumentalisierung-der-uiguren\/\"},\"author\":{\"name\":\"rtnews\",\"@id\":\"https:\/\/now-news.de\/de\/#\/schema\/person\/fb534a4e865501d8b3285208df34a9b5\"},\"headline\":\"Wertewesten in Aktion: Sanktionen gegen China und Instrumentalisierung der Uiguren\",\"datePublished\":\"2024-05-22T19:15:30+00:00\",\"dateModified\":\"2024-05-22T19:15:30+00:00\",\"mainEntityOfPage\":{\"@id\":\"https:\/\/now-news.de\/de\/deutschland\/wertewesten-in-aktion-sanktionen-gegen-china-und-instrumentalisierung-der-uiguren\/\"},\"wordCount\":895,\"commentCount\":0,\"publisher\":{\"@id\":\"https:\/\/now-news.de\/de\/#organization\"},\"image\":{\"@id\":\"https:\/\/now-news.de\/de\/deutschland\/wertewesten-in-aktion-sanktionen-gegen-china-und-instrumentalisierung-der-uiguren\/#primaryimage\"},\"thumbnailUrl\":\"https:\/\/now-news.de\/de\/wp-content\/uploads\/sites\/3\/2024\/05\/Wertewesten-in-Aktion-Sanktionen-gegen-China-und-Instrumentalisierung-der-Uiguren.jpg\",\"keywords\":[\"Aktion\",\"China\",\"der\",\"gegen\",\"Instrumentalisierung\",\"Sanktionen\",\"Uiguren\",\"und\",\"Wertewesten\"],\"articleSection\":[\"Deutschland\",\"Russland\"],\"inLanguage\":\"de\",\"potentialAction\":[{\"@type\":\"CommentAction\",\"name\":\"Comment\",\"target\":[\"https:\/\/now-news.de\/de\/deutschland\/wertewesten-in-aktion-sanktionen-gegen-china-und-instrumentalisierung-der-uiguren\/#respond\"]}]},{\"@type\":\"WebPage\",\"@id\":\"https:\/\/now-news.de\/de\/deutschland\/wertewesten-in-aktion-sanktionen-gegen-china-und-instrumentalisierung-der-uiguren\/\",\"url\":\"https:\/\/now-news.de\/de\/deutschland\/wertewesten-in-aktion-sanktionen-gegen-china-und-instrumentalisierung-der-uiguren\/\",\"name\":\"Wertewesten in Aktion: Sanktionen gegen China und Instrumentalisierung der Uiguren - just-now.NEWS Deutschland\",\"isPartOf\":{\"@id\":\"https:\/\/now-news.de\/de\/#website\"},\"primaryImageOfPage\":{\"@id\":\"https:\/\/now-news.de\/de\/deutschland\/wertewesten-in-aktion-sanktionen-gegen-china-und-instrumentalisierung-der-uiguren\/#primaryimage\"},\"image\":{\"@id\":\"https:\/\/now-news.de\/de\/deutschland\/wertewesten-in-aktion-sanktionen-gegen-china-und-instrumentalisierung-der-uiguren\/#primaryimage\"},\"thumbnailUrl\":\"https:\/\/now-news.de\/de\/wp-content\/uploads\/sites\/3\/2024\/05\/Wertewesten-in-Aktion-Sanktionen-gegen-China-und-Instrumentalisierung-der-Uiguren.jpg\",\"datePublished\":\"2024-05-22T19:15:30+00:00\",\"dateModified\":\"2024-05-22T19:15:30+00:00\",\"breadcrumb\":{\"@id\":\"https:\/\/now-news.de\/de\/deutschland\/wertewesten-in-aktion-sanktionen-gegen-china-und-instrumentalisierung-der-uiguren\/#breadcrumb\"},\"inLanguage\":\"de\",\"potentialAction\":[{\"@type\":\"ReadAction\",\"target\":[\"https:\/\/now-news.de\/de\/deutschland\/wertewesten-in-aktion-sanktionen-gegen-china-und-instrumentalisierung-der-uiguren\/\"]}]},{\"@type\":\"ImageObject\",\"inLanguage\":\"de\",\"@id\":\"https:\/\/now-news.de\/de\/deutschland\/wertewesten-in-aktion-sanktionen-gegen-china-und-instrumentalisierung-der-uiguren\/#primaryimage\",\"url\":\"https:\/\/now-news.de\/de\/wp-content\/uploads\/sites\/3\/2024\/05\/Wertewesten-in-Aktion-Sanktionen-gegen-China-und-Instrumentalisierung-der-Uiguren.jpg\",\"contentUrl\":\"https:\/\/now-news.de\/de\/wp-content\/uploads\/sites\/3\/2024\/05\/Wertewesten-in-Aktion-Sanktionen-gegen-China-und-Instrumentalisierung-der-Uiguren.jpg\",\"width\":460,\"height\":259,\"caption\":\"Wertewesten in Aktion: Sanktionen gegen China und Instrumentalisierung der Uiguren\"},{\"@type\":\"BreadcrumbList\",\"@id\":\"https:\/\/now-news.de\/de\/deutschland\/wertewesten-in-aktion-sanktionen-gegen-china-und-instrumentalisierung-der-uiguren\/#breadcrumb\",\"itemListElement\":[{\"@type\":\"ListItem\",\"position\":1,\"name\":\"Home\",\"item\":\"https:\/\/now-news.de\/de\/\"},{\"@type\":\"ListItem\",\"position\":2,\"name\":\"Wertewesten in Aktion: Sanktionen gegen China und Instrumentalisierung der Uiguren\"}]},{\"@type\":\"WebSite\",\"@id\":\"https:\/\/now-news.de\/de\/#website\",\"url\":\"https:\/\/now-news.de\/de\/\",\"name\":\"just-now.NEWS Deutschland\",\"description\":\"Das Portal f\u00fcr unzensierte Nachrichten aus der Welt\",\"publisher\":{\"@id\":\"https:\/\/now-news.de\/de\/#organization\"},\"potentialAction\":[{\"@type\":\"SearchAction\",\"target\":{\"@type\":\"EntryPoint\",\"urlTemplate\":\"https:\/\/now-news.de\/de\/?s={search_term_string}\"},\"query-input\":\"required name=search_term_string\"}],\"inLanguage\":\"de\"},{\"@type\":\"Organization\",\"@id\":\"https:\/\/now-news.de\/de\/#organization\",\"name\":\"Just Now News\",\"url\":\"https:\/\/now-news.de\/de\/\",\"logo\":{\"@type\":\"ImageObject\",\"inLanguage\":\"de\",\"@id\":\"https:\/\/now-news.de\/de\/#\/schema\/logo\/image\/\",\"url\":\"http:\/\/just-now.news\/de\/wp-content\/uploads\/sites\/3\/2022\/04\/logo500x500.jpg\",\"contentUrl\":\"http:\/\/just-now.news\/de\/wp-content\/uploads\/sites\/3\/2022\/04\/logo500x500.jpg\",\"width\":500,\"height\":500,\"caption\":\"Just Now News\"},\"image\":{\"@id\":\"https:\/\/now-news.de\/de\/#\/schema\/logo\/image\/\"},\"sameAs\":[\"https:\/\/www.facebook.com\/wirmachenauf\",\"https:\/\/x.com\/WirMachenAuf_de\"]},{\"@type\":\"Person\",\"@id\":\"https:\/\/now-news.de\/de\/#\/schema\/person\/fb534a4e865501d8b3285208df34a9b5\",\"name\":\"rtnews\",\"image\":{\"@type\":\"ImageObject\",\"inLanguage\":\"de\",\"@id\":\"https:\/\/now-news.de\/de\/#\/schema\/person\/image\/\",\"url\":\"https:\/\/secure.gravatar.com\/avatar\/82aafea7d8127119dd649515f56e2117?s=96&d=mm&r=g\",\"contentUrl\":\"https:\/\/secure.gravatar.com\/avatar\/82aafea7d8127119dd649515f56e2117?s=96&d=mm&r=g\",\"caption\":\"rtnews\"},\"url\":\"https:\/\/now-news.de\/de\/author\/rnews\/\"}]}<\/script>\n<!-- \/ Yoast SEO Premium plugin. -->","yoast_head_json":{"title":"Wertewesten in Aktion: Sanktionen gegen China und Instrumentalisierung der Uiguren - just-now.NEWS Deutschland","robots":{"index":"index","follow":"follow","max-snippet":"max-snippet:-1","max-image-preview":"max-image-preview:large","max-video-preview":"max-video-preview:-1"},"canonical":"https:\/\/now-news.de\/de\/deutschland\/wertewesten-in-aktion-sanktionen-gegen-china-und-instrumentalisierung-der-uiguren\/","og_locale":"de_DE","og_type":"article","og_title":"Wertewesten in Aktion: Sanktionen gegen China und Instrumentalisierung der Uiguren","og_description":"Immer wieder behauptet der Kollektive Westen, mittels Sanktionen Minderheiten sch\u00fctzen zu wollen. Aktuell geht es um die Uiguren. Deutschland tr\u00e4gt die Eskalation mit, obwohl die R\u00fcckwirkungen eines umfassenden Sanktionsregimes gegen China die deutsche Wirtschaft ausl\u00f6schen w\u00fcrden. Von Gert Ewen Ungar Die Uiguren sind eine ethnische Minderheit und sie werden zur Einmischung in die inneren Angelegenheiten [&hellip;]","og_url":"https:\/\/now-news.de\/de\/deutschland\/wertewesten-in-aktion-sanktionen-gegen-china-und-instrumentalisierung-der-uiguren\/","og_site_name":"just-now.NEWS Deutschland","article_publisher":"https:\/\/www.facebook.com\/wirmachenauf","article_published_time":"2024-05-22T19:15:30+00:00","og_image":[{"url":"https:\/\/now-news.de\/de\/wp-content\/uploads\/sites\/3\/2024\/05\/664e16fc48fbef3bcd64f981.jpg"}],"author":"rtnews","twitter_card":"summary_large_image","twitter_creator":"@WirMachenAuf_de","twitter_site":"@WirMachenAuf_de","twitter_misc":{"Verfasst von":"rtnews","Gesch\u00e4tzte Lesezeit":"4\u00a0Minuten"},"schema":{"@context":"https:\/\/schema.org","@graph":[{"@type":"Article","@id":"https:\/\/now-news.de\/de\/deutschland\/wertewesten-in-aktion-sanktionen-gegen-china-und-instrumentalisierung-der-uiguren\/#article","isPartOf":{"@id":"https:\/\/now-news.de\/de\/deutschland\/wertewesten-in-aktion-sanktionen-gegen-china-und-instrumentalisierung-der-uiguren\/"},"author":{"name":"rtnews","@id":"https:\/\/now-news.de\/de\/#\/schema\/person\/fb534a4e865501d8b3285208df34a9b5"},"headline":"Wertewesten in Aktion: Sanktionen gegen China und Instrumentalisierung der Uiguren","datePublished":"2024-05-22T19:15:30+00:00","dateModified":"2024-05-22T19:15:30+00:00","mainEntityOfPage":{"@id":"https:\/\/now-news.de\/de\/deutschland\/wertewesten-in-aktion-sanktionen-gegen-china-und-instrumentalisierung-der-uiguren\/"},"wordCount":895,"commentCount":0,"publisher":{"@id":"https:\/\/now-news.de\/de\/#organization"},"image":{"@id":"https:\/\/now-news.de\/de\/deutschland\/wertewesten-in-aktion-sanktionen-gegen-china-und-instrumentalisierung-der-uiguren\/#primaryimage"},"thumbnailUrl":"https:\/\/now-news.de\/de\/wp-content\/uploads\/sites\/3\/2024\/05\/Wertewesten-in-Aktion-Sanktionen-gegen-China-und-Instrumentalisierung-der-Uiguren.jpg","keywords":["Aktion","China","der","gegen","Instrumentalisierung","Sanktionen","Uiguren","und","Wertewesten"],"articleSection":["Deutschland","Russland"],"inLanguage":"de","potentialAction":[{"@type":"CommentAction","name":"Comment","target":["https:\/\/now-news.de\/de\/deutschland\/wertewesten-in-aktion-sanktionen-gegen-china-und-instrumentalisierung-der-uiguren\/#respond"]}]},{"@type":"WebPage","@id":"https:\/\/now-news.de\/de\/deutschland\/wertewesten-in-aktion-sanktionen-gegen-china-und-instrumentalisierung-der-uiguren\/","url":"https:\/\/now-news.de\/de\/deutschland\/wertewesten-in-aktion-sanktionen-gegen-china-und-instrumentalisierung-der-uiguren\/","name":"Wertewesten in Aktion: Sanktionen gegen China und Instrumentalisierung der Uiguren - just-now.NEWS Deutschland","isPartOf":{"@id":"https:\/\/now-news.de\/de\/#website"},"primaryImageOfPage":{"@id":"https:\/\/now-news.de\/de\/deutschland\/wertewesten-in-aktion-sanktionen-gegen-china-und-instrumentalisierung-der-uiguren\/#primaryimage"},"image":{"@id":"https:\/\/now-news.de\/de\/deutschland\/wertewesten-in-aktion-sanktionen-gegen-china-und-instrumentalisierung-der-uiguren\/#primaryimage"},"thumbnailUrl":"https:\/\/now-news.de\/de\/wp-content\/uploads\/sites\/3\/2024\/05\/Wertewesten-in-Aktion-Sanktionen-gegen-China-und-Instrumentalisierung-der-Uiguren.jpg","datePublished":"2024-05-22T19:15:30+00:00","dateModified":"2024-05-22T19:15:30+00:00","breadcrumb":{"@id":"https:\/\/now-news.de\/de\/deutschland\/wertewesten-in-aktion-sanktionen-gegen-china-und-instrumentalisierung-der-uiguren\/#breadcrumb"},"inLanguage":"de","potentialAction":[{"@type":"ReadAction","target":["https:\/\/now-news.de\/de\/deutschland\/wertewesten-in-aktion-sanktionen-gegen-china-und-instrumentalisierung-der-uiguren\/"]}]},{"@type":"ImageObject","inLanguage":"de","@id":"https:\/\/now-news.de\/de\/deutschland\/wertewesten-in-aktion-sanktionen-gegen-china-und-instrumentalisierung-der-uiguren\/#primaryimage","url":"https:\/\/now-news.de\/de\/wp-content\/uploads\/sites\/3\/2024\/05\/Wertewesten-in-Aktion-Sanktionen-gegen-China-und-Instrumentalisierung-der-Uiguren.jpg","contentUrl":"https:\/\/now-news.de\/de\/wp-content\/uploads\/sites\/3\/2024\/05\/Wertewesten-in-Aktion-Sanktionen-gegen-China-und-Instrumentalisierung-der-Uiguren.jpg","width":460,"height":259,"caption":"Wertewesten in Aktion: Sanktionen gegen China und Instrumentalisierung der Uiguren"},{"@type":"BreadcrumbList","@id":"https:\/\/now-news.de\/de\/deutschland\/wertewesten-in-aktion-sanktionen-gegen-china-und-instrumentalisierung-der-uiguren\/#breadcrumb","itemListElement":[{"@type":"ListItem","position":1,"name":"Home","item":"https:\/\/now-news.de\/de\/"},{"@type":"ListItem","position":2,"name":"Wertewesten in Aktion: Sanktionen gegen China und Instrumentalisierung der Uiguren"}]},{"@type":"WebSite","@id":"https:\/\/now-news.de\/de\/#website","url":"https:\/\/now-news.de\/de\/","name":"just-now.NEWS Deutschland","description":"Das Portal f\u00fcr unzensierte Nachrichten aus der Welt","publisher":{"@id":"https:\/\/now-news.de\/de\/#organization"},"potentialAction":[{"@type":"SearchAction","target":{"@type":"EntryPoint","urlTemplate":"https:\/\/now-news.de\/de\/?s={search_term_string}"},"query-input":"required name=search_term_string"}],"inLanguage":"de"},{"@type":"Organization","@id":"https:\/\/now-news.de\/de\/#organization","name":"Just Now News","url":"https:\/\/now-news.de\/de\/","logo":{"@type":"ImageObject","inLanguage":"de","@id":"https:\/\/now-news.de\/de\/#\/schema\/logo\/image\/","url":"http:\/\/just-now.news\/de\/wp-content\/uploads\/sites\/3\/2022\/04\/logo500x500.jpg","contentUrl":"http:\/\/just-now.news\/de\/wp-content\/uploads\/sites\/3\/2022\/04\/logo500x500.jpg","width":500,"height":500,"caption":"Just Now News"},"image":{"@id":"https:\/\/now-news.de\/de\/#\/schema\/logo\/image\/"},"sameAs":["https:\/\/www.facebook.com\/wirmachenauf","https:\/\/x.com\/WirMachenAuf_de"]},{"@type":"Person","@id":"https:\/\/now-news.de\/de\/#\/schema\/person\/fb534a4e865501d8b3285208df34a9b5","name":"rtnews","image":{"@type":"ImageObject","inLanguage":"de","@id":"https:\/\/now-news.de\/de\/#\/schema\/person\/image\/","url":"https:\/\/secure.gravatar.com\/avatar\/82aafea7d8127119dd649515f56e2117?s=96&d=mm&r=g","contentUrl":"https:\/\/secure.gravatar.com\/avatar\/82aafea7d8127119dd649515f56e2117?s=96&d=mm&r=g","caption":"rtnews"},"url":"https:\/\/now-news.de\/de\/author\/rnews\/"}]}},"_links":{"self":[{"href":"https:\/\/now-news.de\/de\/wp-json\/wp\/v2\/posts\/58564"}],"collection":[{"href":"https:\/\/now-news.de\/de\/wp-json\/wp\/v2\/posts"}],"about":[{"href":"https:\/\/now-news.de\/de\/wp-json\/wp\/v2\/types\/post"}],"author":[{"embeddable":true,"href":"https:\/\/now-news.de\/de\/wp-json\/wp\/v2\/users\/3"}],"replies":[{"embeddable":true,"href":"https:\/\/now-news.de\/de\/wp-json\/wp\/v2\/comments?post=58564"}],"version-history":[{"count":0,"href":"https:\/\/now-news.de\/de\/wp-json\/wp\/v2\/posts\/58564\/revisions"}],"wp:featuredmedia":[{"embeddable":true,"href":"https:\/\/now-news.de\/de\/wp-json\/wp\/v2\/media\/58565"}],"wp:attachment":[{"href":"https:\/\/now-news.de\/de\/wp-json\/wp\/v2\/media?parent=58564"}],"wp:term":[{"taxonomy":"category","embeddable":true,"href":"https:\/\/now-news.de\/de\/wp-json\/wp\/v2\/categories?post=58564"},{"taxonomy":"post_tag","embeddable":true,"href":"https:\/\/now-news.de\/de\/wp-json\/wp\/v2\/tags?post=58564"}],"curies":[{"name":"wp","href":"https:\/\/api.w.org\/{rel}","templated":true}]}}