{"id":58562,"date":"2024-05-22T20:58:29","date_gmt":"2024-05-22T18:58:29","guid":{"rendered":"https:\/\/now-news.de\/de\/deutschland\/praesident-der-republika-srpska-initiiert-austrittsprozess-aus-bosnien-und-herzegowina\/"},"modified":"2024-05-22T20:58:29","modified_gmt":"2024-05-22T18:58:29","slug":"praesident-der-republika-srpska-initiiert-austrittsprozess-aus-bosnien-und-herzegowina","status":"publish","type":"post","link":"https:\/\/now-news.de\/de\/deutschland\/praesident-der-republika-srpska-initiiert-austrittsprozess-aus-bosnien-und-herzegowina\/","title":{"rendered":"Pr\u00e4sident der Republika Srpska initiiert Austrittsprozess aus Bosnien und Herzegowina"},"content":{"rendered":"<p><img decoding=\"async\" src=\"https:\/\/now-news.de\/de\/wp-content\/uploads\/sites\/3\/2024\/05\/664e300f48fbef3c2d34c2f8.jpg\" \/><\/p>\n<div class=\"Text-root Text-type_1 \">\n                Der Pr\u00e4sident der Republika Srpska k\u00fcndigte den Beginn des Prozesses der Abspaltung von Bosnien und Herzegowina (BiH) an. Dies erfolgt inmitten der Gespr\u00e4che von BiH mit der EU \u00fcber den Beitritt zur Union. Laut dem Pr\u00e4sidenten gerate die EU zunehmend unter US-Einfluss.\n            <\/div>\n<p><\/p>\n<div class=\"Text-root Text-type_5 ArticleView-text ViewText-root \">\n<p>Milorad Dodik, der Pr\u00e4sident der Republika Srpska, hat vor, die Frage des Austritts aus Bosnien und Herzegowina bei der Sitzung der Regierung der Republik am 23. Mai anzusprechen. Dies gab Dodik selbst am 22. Mai in einem Interview bekannt:<\/p>\n<blockquote>\n<p><em>&#8220;Wir entscheiden uns f\u00fcr eine friedliche Trennung und werden dies morgen auf der Regierungssitzung in Srebrenica vorschlagen. Wir werden der f\u00f6deralen Seite den Vorschlag unterbreiten.&#8221; <\/em><\/p>\n<\/blockquote>\n<p>Bosnien und Herzegowina ist eine parlamentarische Republik, die sich aus der F\u00f6deration von Bosnien und Herzegowina, der Republika Srpska und dem Br\u010dko-Distrikt zusammensetzt.<\/p>\n<p>Am 22. M\u00e4rz k\u00fcndigte der Pr\u00e4sident des Europ\u00e4ischen Rates, Charles Michel, an, dass die Europ\u00e4ische Union (EU) Beitrittsgespr\u00e4che f\u00fcr Bosnien und Herzegowina aufnehmen werde. Er betonte, dass harte Arbeit f\u00fcr die Entwicklung des Landes und zum Wohle der Menschen bevorstehe.<\/p>\n<p>Milorad Dodik drohte k\u00fcrzlich mit der Unabh\u00e4ngigkeit der Republika Srpska von Bosnien und Herzegowina, da Sarajewo die Umsetzung des Immobiliengesetzes von Banja Luka blockierte, was bedeutet, dass die Republika nun Immobilien zugunsten der Zentralbeh\u00f6rden verlieren k\u00f6nnte.<\/p>\n<p>Im Dezember 2023 hatte Dodik erkl\u00e4rt, dass die USA gro\u00dfe Anstrengungen untern\u00e4hmen, um Europa von Russland zu distanzieren. Er wies darauf hin, dass die EU zunehmend unter US-amerikanischen Einfluss gerate, wobei die Bewegung in Richtung Osten eine Voraussetzung f\u00fcr das \u00dcberleben des Westens sei. Dodik zufolge sei Europa in den 1990er Jahren ein Motor der Entwicklung gewesen, doch jetzt laufe der Prozess in die entgegengesetzte Richtung.<\/p>\n<p>Dodik wendet sich aktiv gegen die Ann\u00e4herung von Bosnien und Herzegowina an den Westen und gegen die Absicht des Landes, der NATO beizutreten. Der Pr\u00e4sident erkl\u00e4rte wiederholt, dass Banja Luka an einer Politik der milit\u00e4rischen Neutralit\u00e4t festhalte und auch in Zukunft keinem B\u00fcndnis beitreten werde. Seinerseits bezeichnete der bosnisch-herzegowinische Au\u00dfenminister Elmedin Konakovi\u0107 im April\u00a0den EU-Beitritt und die NATO-Mitgliedschaft als oberste Priorit\u00e4t f\u00fcr die F\u00f6deration.<\/p>\n<p><strong>Mehr zum Thema<\/strong> \u2013 <a rel=\"nofollow noopener\" target=\"_blank\" href=\"https:\/\/freedert.online\/international\/200756-haerter-als-je-zuvorvucic-schwoert\/\">&#8220;H\u00e4rter als je zuvor&#8221; &#8211; Vu\u010di\u0107 schw\u00f6rt Serben auf bevorstehenden Kampf ein<\/a><\/p>\n<div class=\"EmbedBlock-root EmbedBlock-externalVideo EmbedBlock-vk\">\n<div class=\"VkEmbed\"><iframe class=\"lazyload\" data-src=\"https:\/\/vk.com\/video_ext.php?oid=-134310637&amp;id=456274651\" frameborder=\"0\" width=\"853\" height=\"480\" allowfullscreen><\/iframe><\/div>\n<\/div>\n<\/div>\n<p><br \/>\n<br \/><a href=\"https:\/\/de.rt.com\/europa\/206702-praesident-republika-srpska-initiiert-austrittsprozess-aus-bosnien-und-herzegowina\/\">Source link <\/a><\/p>\n","protected":false},"excerpt":{"rendered":"<p>Der Pr\u00e4sident der Republika Srpska k\u00fcndigte den Beginn des Prozesses der Abspaltung von Bosnien und Herzegowina (BiH) an. Dies erfolgt inmitten der Gespr\u00e4che von BiH mit der EU \u00fcber den Beitritt zur Union. Laut dem Pr\u00e4sidenten gerate die EU zunehmend unter US-Einfluss. Milorad Dodik, der Pr\u00e4sident der Republika Srpska, hat vor, die Frage des Austritts [&hellip;]<\/p>\n","protected":false},"author":3,"featured_media":58563,"comment_status":"open","ping_status":"open","sticky":false,"template":"","format":"standard","meta":{"_yoast_indexnow_last_ping":["1716404555"],"wp_automatic_camp":["217"],"d40c60eee2a35e44a7cc65a22c799d25":["Pr\u00e4sident der Republika Srpska initiiert Austrittsprozess aus Bosnien und Herzegowina"],"original_link":["https:\/\/de.rt.com\/europa\/206702-praesident-republika-srpska-initiiert-austrittsprozess-aus-bosnien-und-herzegowina\/"],"_thumbnail_id":["58563"],"_wptgpro_p2tg_sent2tg":["a:1:{i:23737;s:19:\"2024-05-22 21:03:55\";}"],"jnews_social_counter_last_update":["1777241504"]},"categories":[19,23],"tags":[679,55059,23820,82,23821,55058,3464,33084,23823,140],"yoast_head":"<!-- This site is optimized with the Yoast SEO Premium plugin v22.7 (Yoast SEO v22.7) - https:\/\/yoast.com\/wordpress\/plugins\/seo\/ -->\n<title>Pr\u00e4sident der Republika Srpska initiiert Austrittsprozess aus Bosnien und Herzegowina - just-now.NEWS Deutschland<\/title>\n<meta name=\"robots\" content=\"index, follow, max-snippet:-1, max-image-preview:large, max-video-preview:-1\" \/>\n<link rel=\"canonical\" href=\"https:\/\/now-news.de\/de\/deutschland\/praesident-der-republika-srpska-initiiert-austrittsprozess-aus-bosnien-und-herzegowina\/\" \/>\n<meta property=\"og:locale\" content=\"de_DE\" \/>\n<meta property=\"og:type\" content=\"article\" \/>\n<meta property=\"og:title\" content=\"Pr\u00e4sident der Republika Srpska initiiert Austrittsprozess aus Bosnien und Herzegowina\" \/>\n<meta property=\"og:description\" content=\"Der Pr\u00e4sident der Republika Srpska k\u00fcndigte den Beginn des Prozesses der Abspaltung von Bosnien und Herzegowina (BiH) an. Dies erfolgt inmitten der Gespr\u00e4che von BiH mit der EU \u00fcber den Beitritt zur Union. Laut dem Pr\u00e4sidenten gerate die EU zunehmend unter US-Einfluss. Milorad Dodik, der Pr\u00e4sident der Republika Srpska, hat vor, die Frage des Austritts [&hellip;]\" \/>\n<meta property=\"og:url\" content=\"https:\/\/now-news.de\/de\/deutschland\/praesident-der-republika-srpska-initiiert-austrittsprozess-aus-bosnien-und-herzegowina\/\" \/>\n<meta property=\"og:site_name\" content=\"just-now.NEWS Deutschland\" \/>\n<meta property=\"article:publisher\" content=\"https:\/\/www.facebook.com\/wirmachenauf\" \/>\n<meta property=\"article:published_time\" content=\"2024-05-22T18:58:29+00:00\" \/>\n<meta property=\"og:image\" content=\"https:\/\/now-news.de\/de\/wp-content\/uploads\/sites\/3\/2024\/05\/664e300f48fbef3c2d34c2f8.jpg\" \/>\n<meta name=\"author\" content=\"rtnews\" \/>\n<meta name=\"twitter:card\" content=\"summary_large_image\" \/>\n<meta name=\"twitter:creator\" content=\"@WirMachenAuf_de\" \/>\n<meta name=\"twitter:site\" content=\"@WirMachenAuf_de\" \/>\n<meta name=\"twitter:label1\" content=\"Verfasst von\" \/>\n\t<meta name=\"twitter:data1\" content=\"rtnews\" \/>\n\t<meta name=\"twitter:label2\" content=\"Gesch\u00e4tzte Lesezeit\" \/>\n\t<meta name=\"twitter:data2\" content=\"2\u00a0Minuten\" \/>\n<script type=\"application\/ld+json\" class=\"yoast-schema-graph\">{\"@context\":\"https:\/\/schema.org\",\"@graph\":[{\"@type\":\"Article\",\"@id\":\"https:\/\/now-news.de\/de\/deutschland\/praesident-der-republika-srpska-initiiert-austrittsprozess-aus-bosnien-und-herzegowina\/#article\",\"isPartOf\":{\"@id\":\"https:\/\/now-news.de\/de\/deutschland\/praesident-der-republika-srpska-initiiert-austrittsprozess-aus-bosnien-und-herzegowina\/\"},\"author\":{\"name\":\"rtnews\",\"@id\":\"https:\/\/now-news.de\/de\/#\/schema\/person\/fb534a4e865501d8b3285208df34a9b5\"},\"headline\":\"Pr\u00e4sident der Republika Srpska initiiert Austrittsprozess aus Bosnien und Herzegowina\",\"datePublished\":\"2024-05-22T18:58:29+00:00\",\"dateModified\":\"2024-05-22T18:58:29+00:00\",\"mainEntityOfPage\":{\"@id\":\"https:\/\/now-news.de\/de\/deutschland\/praesident-der-republika-srpska-initiiert-austrittsprozess-aus-bosnien-und-herzegowina\/\"},\"wordCount\":399,\"commentCount\":0,\"publisher\":{\"@id\":\"https:\/\/now-news.de\/de\/#organization\"},\"image\":{\"@id\":\"https:\/\/now-news.de\/de\/deutschland\/praesident-der-republika-srpska-initiiert-austrittsprozess-aus-bosnien-und-herzegowina\/#primaryimage\"},\"thumbnailUrl\":\"https:\/\/now-news.de\/de\/wp-content\/uploads\/sites\/3\/2024\/05\/Praesident-der-Republika-Srpska-initiiert-Austrittsprozess-aus-Bosnien-und-Herzegowina.jpg\",\"keywords\":[\"aus\",\"Austrittsprozess\",\"Bosnien\",\"der\",\"Herzegowina\",\"initiiert\",\"Pr\u00e4sident\",\"Republika\",\"Srpska\",\"und\"],\"articleSection\":[\"Deutschland\",\"Russland\"],\"inLanguage\":\"de\",\"potentialAction\":[{\"@type\":\"CommentAction\",\"name\":\"Comment\",\"target\":[\"https:\/\/now-news.de\/de\/deutschland\/praesident-der-republika-srpska-initiiert-austrittsprozess-aus-bosnien-und-herzegowina\/#respond\"]}]},{\"@type\":\"WebPage\",\"@id\":\"https:\/\/now-news.de\/de\/deutschland\/praesident-der-republika-srpska-initiiert-austrittsprozess-aus-bosnien-und-herzegowina\/\",\"url\":\"https:\/\/now-news.de\/de\/deutschland\/praesident-der-republika-srpska-initiiert-austrittsprozess-aus-bosnien-und-herzegowina\/\",\"name\":\"Pr\u00e4sident der Republika Srpska initiiert Austrittsprozess aus Bosnien und Herzegowina - just-now.NEWS Deutschland\",\"isPartOf\":{\"@id\":\"https:\/\/now-news.de\/de\/#website\"},\"primaryImageOfPage\":{\"@id\":\"https:\/\/now-news.de\/de\/deutschland\/praesident-der-republika-srpska-initiiert-austrittsprozess-aus-bosnien-und-herzegowina\/#primaryimage\"},\"image\":{\"@id\":\"https:\/\/now-news.de\/de\/deutschland\/praesident-der-republika-srpska-initiiert-austrittsprozess-aus-bosnien-und-herzegowina\/#primaryimage\"},\"thumbnailUrl\":\"https:\/\/now-news.de\/de\/wp-content\/uploads\/sites\/3\/2024\/05\/Praesident-der-Republika-Srpska-initiiert-Austrittsprozess-aus-Bosnien-und-Herzegowina.jpg\",\"datePublished\":\"2024-05-22T18:58:29+00:00\",\"dateModified\":\"2024-05-22T18:58:29+00:00\",\"breadcrumb\":{\"@id\":\"https:\/\/now-news.de\/de\/deutschland\/praesident-der-republika-srpska-initiiert-austrittsprozess-aus-bosnien-und-herzegowina\/#breadcrumb\"},\"inLanguage\":\"de\",\"potentialAction\":[{\"@type\":\"ReadAction\",\"target\":[\"https:\/\/now-news.de\/de\/deutschland\/praesident-der-republika-srpska-initiiert-austrittsprozess-aus-bosnien-und-herzegowina\/\"]}]},{\"@type\":\"ImageObject\",\"inLanguage\":\"de\",\"@id\":\"https:\/\/now-news.de\/de\/deutschland\/praesident-der-republika-srpska-initiiert-austrittsprozess-aus-bosnien-und-herzegowina\/#primaryimage\",\"url\":\"https:\/\/now-news.de\/de\/wp-content\/uploads\/sites\/3\/2024\/05\/Praesident-der-Republika-Srpska-initiiert-Austrittsprozess-aus-Bosnien-und-Herzegowina.jpg\",\"contentUrl\":\"https:\/\/now-news.de\/de\/wp-content\/uploads\/sites\/3\/2024\/05\/Praesident-der-Republika-Srpska-initiiert-Austrittsprozess-aus-Bosnien-und-Herzegowina.jpg\",\"width\":460,\"height\":259,\"caption\":\"Pr\u00e4sident der Republika Srpska initiiert Austrittsprozess aus Bosnien und Herzegowina\"},{\"@type\":\"BreadcrumbList\",\"@id\":\"https:\/\/now-news.de\/de\/deutschland\/praesident-der-republika-srpska-initiiert-austrittsprozess-aus-bosnien-und-herzegowina\/#breadcrumb\",\"itemListElement\":[{\"@type\":\"ListItem\",\"position\":1,\"name\":\"Home\",\"item\":\"https:\/\/now-news.de\/de\/\"},{\"@type\":\"ListItem\",\"position\":2,\"name\":\"Pr\u00e4sident der Republika Srpska initiiert Austrittsprozess aus Bosnien und Herzegowina\"}]},{\"@type\":\"WebSite\",\"@id\":\"https:\/\/now-news.de\/de\/#website\",\"url\":\"https:\/\/now-news.de\/de\/\",\"name\":\"just-now.NEWS Deutschland\",\"description\":\"Das Portal f\u00fcr unzensierte Nachrichten aus der Welt\",\"publisher\":{\"@id\":\"https:\/\/now-news.de\/de\/#organization\"},\"potentialAction\":[{\"@type\":\"SearchAction\",\"target\":{\"@type\":\"EntryPoint\",\"urlTemplate\":\"https:\/\/now-news.de\/de\/?s={search_term_string}\"},\"query-input\":\"required name=search_term_string\"}],\"inLanguage\":\"de\"},{\"@type\":\"Organization\",\"@id\":\"https:\/\/now-news.de\/de\/#organization\",\"name\":\"Just Now News\",\"url\":\"https:\/\/now-news.de\/de\/\",\"logo\":{\"@type\":\"ImageObject\",\"inLanguage\":\"de\",\"@id\":\"https:\/\/now-news.de\/de\/#\/schema\/logo\/image\/\",\"url\":\"http:\/\/just-now.news\/de\/wp-content\/uploads\/sites\/3\/2022\/04\/logo500x500.jpg\",\"contentUrl\":\"http:\/\/just-now.news\/de\/wp-content\/uploads\/sites\/3\/2022\/04\/logo500x500.jpg\",\"width\":500,\"height\":500,\"caption\":\"Just Now News\"},\"image\":{\"@id\":\"https:\/\/now-news.de\/de\/#\/schema\/logo\/image\/\"},\"sameAs\":[\"https:\/\/www.facebook.com\/wirmachenauf\",\"https:\/\/x.com\/WirMachenAuf_de\"]},{\"@type\":\"Person\",\"@id\":\"https:\/\/now-news.de\/de\/#\/schema\/person\/fb534a4e865501d8b3285208df34a9b5\",\"name\":\"rtnews\",\"image\":{\"@type\":\"ImageObject\",\"inLanguage\":\"de\",\"@id\":\"https:\/\/now-news.de\/de\/#\/schema\/person\/image\/\",\"url\":\"https:\/\/secure.gravatar.com\/avatar\/82aafea7d8127119dd649515f56e2117?s=96&d=mm&r=g\",\"contentUrl\":\"https:\/\/secure.gravatar.com\/avatar\/82aafea7d8127119dd649515f56e2117?s=96&d=mm&r=g\",\"caption\":\"rtnews\"},\"url\":\"https:\/\/now-news.de\/de\/author\/rnews\/\"}]}<\/script>\n<!-- \/ Yoast SEO Premium plugin. -->","yoast_head_json":{"title":"Pr\u00e4sident der Republika Srpska initiiert Austrittsprozess aus Bosnien und Herzegowina - just-now.NEWS Deutschland","robots":{"index":"index","follow":"follow","max-snippet":"max-snippet:-1","max-image-preview":"max-image-preview:large","max-video-preview":"max-video-preview:-1"},"canonical":"https:\/\/now-news.de\/de\/deutschland\/praesident-der-republika-srpska-initiiert-austrittsprozess-aus-bosnien-und-herzegowina\/","og_locale":"de_DE","og_type":"article","og_title":"Pr\u00e4sident der Republika Srpska initiiert Austrittsprozess aus Bosnien und Herzegowina","og_description":"Der Pr\u00e4sident der Republika Srpska k\u00fcndigte den Beginn des Prozesses der Abspaltung von Bosnien und Herzegowina (BiH) an. Dies erfolgt inmitten der Gespr\u00e4che von BiH mit der EU \u00fcber den Beitritt zur Union. Laut dem Pr\u00e4sidenten gerate die EU zunehmend unter US-Einfluss. Milorad Dodik, der Pr\u00e4sident der Republika Srpska, hat vor, die Frage des Austritts [&hellip;]","og_url":"https:\/\/now-news.de\/de\/deutschland\/praesident-der-republika-srpska-initiiert-austrittsprozess-aus-bosnien-und-herzegowina\/","og_site_name":"just-now.NEWS Deutschland","article_publisher":"https:\/\/www.facebook.com\/wirmachenauf","article_published_time":"2024-05-22T18:58:29+00:00","og_image":[{"url":"https:\/\/now-news.de\/de\/wp-content\/uploads\/sites\/3\/2024\/05\/664e300f48fbef3c2d34c2f8.jpg"}],"author":"rtnews","twitter_card":"summary_large_image","twitter_creator":"@WirMachenAuf_de","twitter_site":"@WirMachenAuf_de","twitter_misc":{"Verfasst von":"rtnews","Gesch\u00e4tzte Lesezeit":"2\u00a0Minuten"},"schema":{"@context":"https:\/\/schema.org","@graph":[{"@type":"Article","@id":"https:\/\/now-news.de\/de\/deutschland\/praesident-der-republika-srpska-initiiert-austrittsprozess-aus-bosnien-und-herzegowina\/#article","isPartOf":{"@id":"https:\/\/now-news.de\/de\/deutschland\/praesident-der-republika-srpska-initiiert-austrittsprozess-aus-bosnien-und-herzegowina\/"},"author":{"name":"rtnews","@id":"https:\/\/now-news.de\/de\/#\/schema\/person\/fb534a4e865501d8b3285208df34a9b5"},"headline":"Pr\u00e4sident der Republika Srpska initiiert Austrittsprozess aus Bosnien und Herzegowina","datePublished":"2024-05-22T18:58:29+00:00","dateModified":"2024-05-22T18:58:29+00:00","mainEntityOfPage":{"@id":"https:\/\/now-news.de\/de\/deutschland\/praesident-der-republika-srpska-initiiert-austrittsprozess-aus-bosnien-und-herzegowina\/"},"wordCount":399,"commentCount":0,"publisher":{"@id":"https:\/\/now-news.de\/de\/#organization"},"image":{"@id":"https:\/\/now-news.de\/de\/deutschland\/praesident-der-republika-srpska-initiiert-austrittsprozess-aus-bosnien-und-herzegowina\/#primaryimage"},"thumbnailUrl":"https:\/\/now-news.de\/de\/wp-content\/uploads\/sites\/3\/2024\/05\/Praesident-der-Republika-Srpska-initiiert-Austrittsprozess-aus-Bosnien-und-Herzegowina.jpg","keywords":["aus","Austrittsprozess","Bosnien","der","Herzegowina","initiiert","Pr\u00e4sident","Republika","Srpska","und"],"articleSection":["Deutschland","Russland"],"inLanguage":"de","potentialAction":[{"@type":"CommentAction","name":"Comment","target":["https:\/\/now-news.de\/de\/deutschland\/praesident-der-republika-srpska-initiiert-austrittsprozess-aus-bosnien-und-herzegowina\/#respond"]}]},{"@type":"WebPage","@id":"https:\/\/now-news.de\/de\/deutschland\/praesident-der-republika-srpska-initiiert-austrittsprozess-aus-bosnien-und-herzegowina\/","url":"https:\/\/now-news.de\/de\/deutschland\/praesident-der-republika-srpska-initiiert-austrittsprozess-aus-bosnien-und-herzegowina\/","name":"Pr\u00e4sident der Republika Srpska initiiert Austrittsprozess aus Bosnien und Herzegowina - just-now.NEWS Deutschland","isPartOf":{"@id":"https:\/\/now-news.de\/de\/#website"},"primaryImageOfPage":{"@id":"https:\/\/now-news.de\/de\/deutschland\/praesident-der-republika-srpska-initiiert-austrittsprozess-aus-bosnien-und-herzegowina\/#primaryimage"},"image":{"@id":"https:\/\/now-news.de\/de\/deutschland\/praesident-der-republika-srpska-initiiert-austrittsprozess-aus-bosnien-und-herzegowina\/#primaryimage"},"thumbnailUrl":"https:\/\/now-news.de\/de\/wp-content\/uploads\/sites\/3\/2024\/05\/Praesident-der-Republika-Srpska-initiiert-Austrittsprozess-aus-Bosnien-und-Herzegowina.jpg","datePublished":"2024-05-22T18:58:29+00:00","dateModified":"2024-05-22T18:58:29+00:00","breadcrumb":{"@id":"https:\/\/now-news.de\/de\/deutschland\/praesident-der-republika-srpska-initiiert-austrittsprozess-aus-bosnien-und-herzegowina\/#breadcrumb"},"inLanguage":"de","potentialAction":[{"@type":"ReadAction","target":["https:\/\/now-news.de\/de\/deutschland\/praesident-der-republika-srpska-initiiert-austrittsprozess-aus-bosnien-und-herzegowina\/"]}]},{"@type":"ImageObject","inLanguage":"de","@id":"https:\/\/now-news.de\/de\/deutschland\/praesident-der-republika-srpska-initiiert-austrittsprozess-aus-bosnien-und-herzegowina\/#primaryimage","url":"https:\/\/now-news.de\/de\/wp-content\/uploads\/sites\/3\/2024\/05\/Praesident-der-Republika-Srpska-initiiert-Austrittsprozess-aus-Bosnien-und-Herzegowina.jpg","contentUrl":"https:\/\/now-news.de\/de\/wp-content\/uploads\/sites\/3\/2024\/05\/Praesident-der-Republika-Srpska-initiiert-Austrittsprozess-aus-Bosnien-und-Herzegowina.jpg","width":460,"height":259,"caption":"Pr\u00e4sident der Republika Srpska initiiert Austrittsprozess aus Bosnien und Herzegowina"},{"@type":"BreadcrumbList","@id":"https:\/\/now-news.de\/de\/deutschland\/praesident-der-republika-srpska-initiiert-austrittsprozess-aus-bosnien-und-herzegowina\/#breadcrumb","itemListElement":[{"@type":"ListItem","position":1,"name":"Home","item":"https:\/\/now-news.de\/de\/"},{"@type":"ListItem","position":2,"name":"Pr\u00e4sident der Republika Srpska initiiert Austrittsprozess aus Bosnien und Herzegowina"}]},{"@type":"WebSite","@id":"https:\/\/now-news.de\/de\/#website","url":"https:\/\/now-news.de\/de\/","name":"just-now.NEWS Deutschland","description":"Das Portal f\u00fcr unzensierte Nachrichten aus der Welt","publisher":{"@id":"https:\/\/now-news.de\/de\/#organization"},"potentialAction":[{"@type":"SearchAction","target":{"@type":"EntryPoint","urlTemplate":"https:\/\/now-news.de\/de\/?s={search_term_string}"},"query-input":"required name=search_term_string"}],"inLanguage":"de"},{"@type":"Organization","@id":"https:\/\/now-news.de\/de\/#organization","name":"Just Now News","url":"https:\/\/now-news.de\/de\/","logo":{"@type":"ImageObject","inLanguage":"de","@id":"https:\/\/now-news.de\/de\/#\/schema\/logo\/image\/","url":"http:\/\/just-now.news\/de\/wp-content\/uploads\/sites\/3\/2022\/04\/logo500x500.jpg","contentUrl":"http:\/\/just-now.news\/de\/wp-content\/uploads\/sites\/3\/2022\/04\/logo500x500.jpg","width":500,"height":500,"caption":"Just Now News"},"image":{"@id":"https:\/\/now-news.de\/de\/#\/schema\/logo\/image\/"},"sameAs":["https:\/\/www.facebook.com\/wirmachenauf","https:\/\/x.com\/WirMachenAuf_de"]},{"@type":"Person","@id":"https:\/\/now-news.de\/de\/#\/schema\/person\/fb534a4e865501d8b3285208df34a9b5","name":"rtnews","image":{"@type":"ImageObject","inLanguage":"de","@id":"https:\/\/now-news.de\/de\/#\/schema\/person\/image\/","url":"https:\/\/secure.gravatar.com\/avatar\/82aafea7d8127119dd649515f56e2117?s=96&d=mm&r=g","contentUrl":"https:\/\/secure.gravatar.com\/avatar\/82aafea7d8127119dd649515f56e2117?s=96&d=mm&r=g","caption":"rtnews"},"url":"https:\/\/now-news.de\/de\/author\/rnews\/"}]}},"_links":{"self":[{"href":"https:\/\/now-news.de\/de\/wp-json\/wp\/v2\/posts\/58562"}],"collection":[{"href":"https:\/\/now-news.de\/de\/wp-json\/wp\/v2\/posts"}],"about":[{"href":"https:\/\/now-news.de\/de\/wp-json\/wp\/v2\/types\/post"}],"author":[{"embeddable":true,"href":"https:\/\/now-news.de\/de\/wp-json\/wp\/v2\/users\/3"}],"replies":[{"embeddable":true,"href":"https:\/\/now-news.de\/de\/wp-json\/wp\/v2\/comments?post=58562"}],"version-history":[{"count":0,"href":"https:\/\/now-news.de\/de\/wp-json\/wp\/v2\/posts\/58562\/revisions"}],"wp:featuredmedia":[{"embeddable":true,"href":"https:\/\/now-news.de\/de\/wp-json\/wp\/v2\/media\/58563"}],"wp:attachment":[{"href":"https:\/\/now-news.de\/de\/wp-json\/wp\/v2\/media?parent=58562"}],"wp:term":[{"taxonomy":"category","embeddable":true,"href":"https:\/\/now-news.de\/de\/wp-json\/wp\/v2\/categories?post=58562"},{"taxonomy":"post_tag","embeddable":true,"href":"https:\/\/now-news.de\/de\/wp-json\/wp\/v2\/tags?post=58562"}],"curies":[{"name":"wp","href":"https:\/\/api.w.org\/{rel}","templated":true}]}}