{"id":58558,"date":"2024-05-22T20:24:24","date_gmt":"2024-05-22T18:24:24","guid":{"rendered":"https:\/\/now-news.de\/de\/deutschland\/ja-die-gleichsetzung-von-moerdern-mit-moerdern-ist-gerechtfertigt\/"},"modified":"2024-05-22T20:24:24","modified_gmt":"2024-05-22T18:24:24","slug":"ja-die-gleichsetzung-von-moerdern-mit-moerdern-ist-gerechtfertigt","status":"publish","type":"post","link":"https:\/\/now-news.de\/de\/deutschland\/ja-die-gleichsetzung-von-moerdern-mit-moerdern-ist-gerechtfertigt\/","title":{"rendered":"Ja, die Gleichsetzung von M\u00f6rdern mit M\u00f6rdern ist gerechtfertigt"},"content":{"rendered":"<p><img decoding=\"async\" src=\"https:\/\/now-news.de\/de\/wp-content\/uploads\/sites\/3\/2024\/05\/664e1220b480cc5f0145462a.jpg\" \/><\/p>\n<div class=\"Text-root Text-type_1 \">\n                Der Internationale Strafgerichtshof (IStGH) hat gesprochen &#8211; und Haftbefehle sowohl gegen Hamas-Funktion\u00e4re als auch gegen Israels Ministerpr\u00e4sident Benjamin Netanjahu und Verteidigungsminister Yoav Gallant beantragt. Und Deutschland hat vielstimmig geantwortet.\n            <\/div>\n<p><\/p>\n<div class=\"Text-root Text-type_5 ArticleView-text ViewText-root \">\n<p><em>Ein Kommentar von Tom J. Wellbrock<\/em><\/p>\n<p>Schon fast traditionell dumm f\u00e4llt die Begr\u00fcndung der Bundesregierung aus, die von einer &#8220;unzutreffenden Gleichsetzung&#8221; spricht. Gewohnt heuchlerisch liest sich das folgende Zitat aus dem Au\u00dfenministerium:<\/p>\n<p><em>&#8220;Die israelische Regierung hat das Recht und die Pflicht, ihre Bev\u00f6lkerung davor zu sch\u00fctzen und dagegen zu verteidigen. Klar ist, dass dabei das humanit\u00e4re V\u00f6lkerrecht mit all seinen Verpflichtungen gilt.&#8221;<\/em><\/p>\n<p>Man ist geneigt, intensiv zu g\u00e4hnen, wenn man diese Worte liest. Wie l\u00e4sst sich die angebliche Klarheit zur Verpflichtung des humanit\u00e4ren V\u00f6lkerrechts mit israelischem Massenmord verbinden? Richtig, gar nicht.<\/p>\n<p>Gebetsm\u00fchlenartig wird auf den 7. Oktober 2023 verwiesen, wohin man auch schaut. Mit ihm wird alles, was danach passierte, erkl\u00e4rt und f\u00fcr legitim befunden. Aber es geht auch konkreter als das Gestammel aus dem Regierungshaus. Nachdem der Internationale Strafgerichtshof (IStGH) Haftbefehle unter anderem gegen Israels Ministerpr\u00e4sidenten Benjamin Netanjahu beantragt hatte, kamen die Hardliner aus Union und SPD an die Oberfl\u00e4che. Roderich Kiesewetter (CDU) und Michael Roth (SPD) findet man immer dort, wo es nach Blut, Dreck und Regime Changes riecht. Einfach der Nase nach, je strenger der Geruch wird, desto n\u00e4her sind Roth und Kiesewetter. Hier der &#8220;X&#8221;-Erguss von Roth:<\/p>\n<p><em>&#8220;Ein Gericht trifft Entscheidungen nicht im luftleeren Raum. Der Chefankl\u00e4ger des IStGH macht sich zum B\u00fcttel derjenigen, die skrupellos eine Gleichsetzung des Hamas-Terrors mit dem Verteidigungsrecht des attackierten Staates vornehmen. Ein schwarzer Tag f\u00fcr das V\u00f6lkerrecht!&#8221;<\/em><\/p>\n<p>\u00dcblich sch\u00e4big hantiert der SPD-Mann mit Begriffen, die er missbraucht, bis nichts mehr von ihrer Bedeutung \u00fcbrigbleibt. Was soll denn bitte eine &#8220;skrupellose Gleichsetzung&#8221; sein? Oder, anders gefragt: Was unterscheidet einen M\u00f6rder von einem M\u00f6rder? Die Hamas hat gemordet, Israel hat gemordet. Auf zynische Weise hat Roth dennoch recht, auch wenn er es nicht so meint. Denn man kann schon allein die Opferzahlen nicht gleichsetzen, Israel hat im Vergleich zur Hamas ein Vielfaches an Menschen get\u00f6tet und geht dabei seit Monaten methodisch und skrupellos vor.<\/p>\n<p>Folgen wir weiter dem morbiden Duft des Roderich Kiesewetter, der im <em>Mittagsmagazin<\/em> interviewt wurde. Die Moderatorin fragte:<\/p>\n<p><em>&#8220;M\u00fcsste Deutschland, weil es den Internationalen Strafgerichtshof jetzt anerkennt, tats\u00e4chlich auch Netanjahu im Zweifel festnehmen?&#8221;<\/em><\/p>\n<p>Und Kiesewetters Antwort:<\/p>\n<p><em>&#8220;Im Zweifel w\u00e4re es so, aber Deutschland wird klug beraten sein, dies nicht zu tun, weil hier v\u00f6llig falsche Voraussetzungen vorliegen.&#8221;<\/em><\/p>\n<p>Es folgt das schon bekannte Gerede \u00fcber die T\u00e4ter-Opfer-Umkehr, gefolgt von der anma\u00dfenden Behauptung, Frankreich verhalte sich &#8220;mutlos&#8221;, weil es &#8211; angeblich aufgrund innenpolitischer Probleme und der anstehenden Europa-Wahl &#8211; das Vorgehen des IStGH unterst\u00fctzt.<\/p>\n<p>Halten wir also fest: Geht es nach Kiesewetter, wird Deutschland im Zweifel nicht etwa entsprechend seiner Anerkennung des IStGH dessen Entscheidung folgen, sondern sie einfach ignorieren, weil es halt nicht in den Kram passt. Geht es nach Roth, kann Israel weitermorden, bis niemand mehr \u00fcbrig ist, alles unter dem Deckmantel des Rechts auf Selbstverteidigung. Und geht es nach der Bundesregierung, w\u00e4re es sch\u00f6n, wenn Israel sich an das humanit\u00e4re V\u00f6lkerrecht h\u00e4lt, macht es das nicht, ist es aber auch nicht so wild.<\/p>\n<p>Halten wir au\u00dferdem fest: Es gibt &#8220;guten&#8221; Mord und &#8220;b\u00f6sen&#8221; Mord, und der gute Mord ist so derma\u00dfen gut, dass er nach Lust und Laune ver\u00fcbt werden kann, solange die M\u00f6rder sich im Brustton der \u00dcberzeugung als Opfer bezeichnen.<\/p>\n<p>\u00dcbrigens, fast vergessen: Auch der Kanzler hat eine Meinung zur Frage, ob Israel sich an das humanit\u00e4re V\u00f6lkerrecht h\u00e4lt. Florian Warweg fragte auf der <a rel=\"nofollow noopener\" target=\"_blank\" href=\"https:\/\/www.nachdenkseiten.de\/?p=115518\">Bundespressekonferenz<\/a> am 21. Mai nach. In Anbetracht der unfassbaren Taten durch die israelische Regierung und dem nahenden Haftbefehl Netanjahus h\u00e4tte man annehmen k\u00f6nnen, dass der Kanzler seiner Haltung vielleicht doch einmal \u00fcberdenkt. Doch auf Warwegs Frage, ob Scholz bei Israel noch immer an die Einhaltung des V\u00f6lkerrechts glaube, antwortete der Regierungssprecher nur: &#8220;Ja.&#8221;<\/p>\n<p>Zu Scholz&#8217; Entschuldigung sei die M\u00f6glichkeit in Erw\u00e4gung gezogen, dass er schlicht vergessen hat, dass Israel seit Oktober letzten Jahres methodisch durchgef\u00fchrten Massenmord ver\u00fcbt. Der Mann hat ja immer mal wieder Probleme mit seinem Ged\u00e4chtnis.<\/p>\n<p><em>Tom J. Wellbrock\u00a0ist Journalist, Sprecher, Texter, Podcaster, Moderator und Mitherausgeber des Blogs\u00a0<\/em><a rel=\"nofollow noopener\" target=\"_blank\" href=\"https:\/\/www.neulandrebellen.de\/\"><em>neulandrebellen<\/em><\/a><em>.<\/em><\/p>\n<p><strong>Mehr zum Thema &#8211;<\/strong>\u00a0<a rel=\"nofollow noopener\" target=\"_blank\" href=\"https:\/\/freedert.online\/kurzclips\/video\/206412-internationaler-strafgerichtshof-beantragt-haftbefehle-gegen\/\">Internationaler Strafgerichtshof beantragt Haftbefehle gegen Netanjahu und Hamas-Anf\u00fchrer <\/a><\/p>\n<p>\u00a0<\/p>\n<div class=\"EmbedBlock-root EmbedBlock-externalVideo EmbedBlock-vk\">\n<div class=\"VkEmbed\"><iframe class=\"lazyload\" data-src=\"https:\/\/vk.com\/video_ext.php?oid=-134310637&amp;id=456276980\" frameborder=\"0\" width=\"853\" height=\"480\" allowfullscreen><\/iframe><\/div>\n<\/div>\n<p>\u00a0<\/p>\n<\/div>\n<p><br \/>\n<br \/><a href=\"https:\/\/de.rt.com\/meinung\/206616-ja-gleichsetzung-von-moerdern-mit\/\">Source link <\/a><\/p>\n","protected":false},"excerpt":{"rendered":"<p>Der Internationale Strafgerichtshof (IStGH) hat gesprochen &#8211; und Haftbefehle sowohl gegen Hamas-Funktion\u00e4re als auch gegen Israels Ministerpr\u00e4sident Benjamin Netanjahu und Verteidigungsminister Yoav Gallant beantragt. Und Deutschland hat vielstimmig geantwortet. Ein Kommentar von Tom J. Wellbrock Schon fast traditionell dumm f\u00e4llt die Begr\u00fcndung der Bundesregierung aus, die von einer &#8220;unzutreffenden Gleichsetzung&#8221; spricht. Gewohnt heuchlerisch liest sich [&hellip;]<\/p>\n","protected":false},"author":3,"featured_media":58559,"comment_status":"open","ping_status":"open","sticky":false,"template":"","format":"standard","meta":{"_yoast_indexnow_last_ping":["1716402418"],"wp_automatic_camp":["217"],"a2a36a7cc45c81416100f54f73eb14d2":["Ja, die Gleichsetzung von M\u00f6rdern mit M\u00f6rdern ist gerechtfertigt"],"original_link":["https:\/\/de.rt.com\/meinung\/206616-ja-gleichsetzung-von-moerdern-mit\/"],"_thumbnail_id":["58559"],"_wptgpro_p2tg_sent2tg":["a:1:{i:23737;s:19:\"2024-05-22 20:42:08\";}"],"jnews_social_counter_last_update":["1777195993"]},"categories":[19,23],"tags":[45,55057,50001,414,419,55056,50],"yoast_head":"<!-- This site is optimized with the Yoast SEO Premium plugin v22.7 (Yoast SEO v22.7) - https:\/\/yoast.com\/wordpress\/plugins\/seo\/ -->\n<title>Ja, die Gleichsetzung von M\u00f6rdern mit M\u00f6rdern ist gerechtfertigt - just-now.NEWS Deutschland<\/title>\n<meta name=\"robots\" content=\"index, follow, max-snippet:-1, max-image-preview:large, max-video-preview:-1\" \/>\n<link rel=\"canonical\" href=\"https:\/\/now-news.de\/de\/deutschland\/ja-die-gleichsetzung-von-moerdern-mit-moerdern-ist-gerechtfertigt\/\" \/>\n<meta property=\"og:locale\" content=\"de_DE\" \/>\n<meta property=\"og:type\" content=\"article\" \/>\n<meta property=\"og:title\" content=\"Ja, die Gleichsetzung von M\u00f6rdern mit M\u00f6rdern ist gerechtfertigt\" \/>\n<meta property=\"og:description\" content=\"Der Internationale Strafgerichtshof (IStGH) hat gesprochen &#8211; und Haftbefehle sowohl gegen Hamas-Funktion\u00e4re als auch gegen Israels Ministerpr\u00e4sident Benjamin Netanjahu und Verteidigungsminister Yoav Gallant beantragt. Und Deutschland hat vielstimmig geantwortet. Ein Kommentar von Tom J. Wellbrock Schon fast traditionell dumm f\u00e4llt die Begr\u00fcndung der Bundesregierung aus, die von einer &#8220;unzutreffenden Gleichsetzung&#8221; spricht. Gewohnt heuchlerisch liest sich [&hellip;]\" \/>\n<meta property=\"og:url\" content=\"https:\/\/now-news.de\/de\/deutschland\/ja-die-gleichsetzung-von-moerdern-mit-moerdern-ist-gerechtfertigt\/\" \/>\n<meta property=\"og:site_name\" content=\"just-now.NEWS Deutschland\" \/>\n<meta property=\"article:publisher\" content=\"https:\/\/www.facebook.com\/wirmachenauf\" \/>\n<meta property=\"article:published_time\" content=\"2024-05-22T18:24:24+00:00\" \/>\n<meta property=\"og:image\" content=\"https:\/\/now-news.de\/de\/wp-content\/uploads\/sites\/3\/2024\/05\/664e1220b480cc5f0145462a.jpg\" \/>\n<meta name=\"author\" content=\"rtnews\" \/>\n<meta name=\"twitter:card\" content=\"summary_large_image\" \/>\n<meta name=\"twitter:creator\" content=\"@WirMachenAuf_de\" \/>\n<meta name=\"twitter:site\" content=\"@WirMachenAuf_de\" \/>\n<meta name=\"twitter:label1\" content=\"Verfasst von\" \/>\n\t<meta name=\"twitter:data1\" content=\"rtnews\" \/>\n\t<meta name=\"twitter:label2\" content=\"Gesch\u00e4tzte Lesezeit\" \/>\n\t<meta name=\"twitter:data2\" content=\"4\u00a0Minuten\" \/>\n<script type=\"application\/ld+json\" class=\"yoast-schema-graph\">{\"@context\":\"https:\/\/schema.org\",\"@graph\":[{\"@type\":\"Article\",\"@id\":\"https:\/\/now-news.de\/de\/deutschland\/ja-die-gleichsetzung-von-moerdern-mit-moerdern-ist-gerechtfertigt\/#article\",\"isPartOf\":{\"@id\":\"https:\/\/now-news.de\/de\/deutschland\/ja-die-gleichsetzung-von-moerdern-mit-moerdern-ist-gerechtfertigt\/\"},\"author\":{\"name\":\"rtnews\",\"@id\":\"https:\/\/now-news.de\/de\/#\/schema\/person\/fb534a4e865501d8b3285208df34a9b5\"},\"headline\":\"Ja, die Gleichsetzung von M\u00f6rdern mit M\u00f6rdern ist gerechtfertigt\",\"datePublished\":\"2024-05-22T18:24:24+00:00\",\"dateModified\":\"2024-05-22T18:24:24+00:00\",\"mainEntityOfPage\":{\"@id\":\"https:\/\/now-news.de\/de\/deutschland\/ja-die-gleichsetzung-von-moerdern-mit-moerdern-ist-gerechtfertigt\/\"},\"wordCount\":759,\"commentCount\":0,\"publisher\":{\"@id\":\"https:\/\/now-news.de\/de\/#organization\"},\"image\":{\"@id\":\"https:\/\/now-news.de\/de\/deutschland\/ja-die-gleichsetzung-von-moerdern-mit-moerdern-ist-gerechtfertigt\/#primaryimage\"},\"thumbnailUrl\":\"https:\/\/now-news.de\/de\/wp-content\/uploads\/sites\/3\/2024\/05\/Ja-die-Gleichsetzung-von-Moerdern-mit-Moerdern-ist-gerechtfertigt.jpg\",\"keywords\":[\"die\",\"gerechtfertigt\",\"Gleichsetzung\",\"ist\",\"mit\",\"M\u00f6rdern\",\"von\"],\"articleSection\":[\"Deutschland\",\"Russland\"],\"inLanguage\":\"de\",\"potentialAction\":[{\"@type\":\"CommentAction\",\"name\":\"Comment\",\"target\":[\"https:\/\/now-news.de\/de\/deutschland\/ja-die-gleichsetzung-von-moerdern-mit-moerdern-ist-gerechtfertigt\/#respond\"]}]},{\"@type\":\"WebPage\",\"@id\":\"https:\/\/now-news.de\/de\/deutschland\/ja-die-gleichsetzung-von-moerdern-mit-moerdern-ist-gerechtfertigt\/\",\"url\":\"https:\/\/now-news.de\/de\/deutschland\/ja-die-gleichsetzung-von-moerdern-mit-moerdern-ist-gerechtfertigt\/\",\"name\":\"Ja, die Gleichsetzung von M\u00f6rdern mit M\u00f6rdern ist gerechtfertigt - just-now.NEWS Deutschland\",\"isPartOf\":{\"@id\":\"https:\/\/now-news.de\/de\/#website\"},\"primaryImageOfPage\":{\"@id\":\"https:\/\/now-news.de\/de\/deutschland\/ja-die-gleichsetzung-von-moerdern-mit-moerdern-ist-gerechtfertigt\/#primaryimage\"},\"image\":{\"@id\":\"https:\/\/now-news.de\/de\/deutschland\/ja-die-gleichsetzung-von-moerdern-mit-moerdern-ist-gerechtfertigt\/#primaryimage\"},\"thumbnailUrl\":\"https:\/\/now-news.de\/de\/wp-content\/uploads\/sites\/3\/2024\/05\/Ja-die-Gleichsetzung-von-Moerdern-mit-Moerdern-ist-gerechtfertigt.jpg\",\"datePublished\":\"2024-05-22T18:24:24+00:00\",\"dateModified\":\"2024-05-22T18:24:24+00:00\",\"breadcrumb\":{\"@id\":\"https:\/\/now-news.de\/de\/deutschland\/ja-die-gleichsetzung-von-moerdern-mit-moerdern-ist-gerechtfertigt\/#breadcrumb\"},\"inLanguage\":\"de\",\"potentialAction\":[{\"@type\":\"ReadAction\",\"target\":[\"https:\/\/now-news.de\/de\/deutschland\/ja-die-gleichsetzung-von-moerdern-mit-moerdern-ist-gerechtfertigt\/\"]}]},{\"@type\":\"ImageObject\",\"inLanguage\":\"de\",\"@id\":\"https:\/\/now-news.de\/de\/deutschland\/ja-die-gleichsetzung-von-moerdern-mit-moerdern-ist-gerechtfertigt\/#primaryimage\",\"url\":\"https:\/\/now-news.de\/de\/wp-content\/uploads\/sites\/3\/2024\/05\/Ja-die-Gleichsetzung-von-Moerdern-mit-Moerdern-ist-gerechtfertigt.jpg\",\"contentUrl\":\"https:\/\/now-news.de\/de\/wp-content\/uploads\/sites\/3\/2024\/05\/Ja-die-Gleichsetzung-von-Moerdern-mit-Moerdern-ist-gerechtfertigt.jpg\",\"width\":460,\"height\":259,\"caption\":\"Ja, die Gleichsetzung von M\u00f6rdern mit M\u00f6rdern ist gerechtfertigt\"},{\"@type\":\"BreadcrumbList\",\"@id\":\"https:\/\/now-news.de\/de\/deutschland\/ja-die-gleichsetzung-von-moerdern-mit-moerdern-ist-gerechtfertigt\/#breadcrumb\",\"itemListElement\":[{\"@type\":\"ListItem\",\"position\":1,\"name\":\"Home\",\"item\":\"https:\/\/now-news.de\/de\/\"},{\"@type\":\"ListItem\",\"position\":2,\"name\":\"Ja, die Gleichsetzung von M\u00f6rdern mit M\u00f6rdern ist gerechtfertigt\"}]},{\"@type\":\"WebSite\",\"@id\":\"https:\/\/now-news.de\/de\/#website\",\"url\":\"https:\/\/now-news.de\/de\/\",\"name\":\"just-now.NEWS Deutschland\",\"description\":\"Das Portal f\u00fcr unzensierte Nachrichten aus der Welt\",\"publisher\":{\"@id\":\"https:\/\/now-news.de\/de\/#organization\"},\"potentialAction\":[{\"@type\":\"SearchAction\",\"target\":{\"@type\":\"EntryPoint\",\"urlTemplate\":\"https:\/\/now-news.de\/de\/?s={search_term_string}\"},\"query-input\":\"required name=search_term_string\"}],\"inLanguage\":\"de\"},{\"@type\":\"Organization\",\"@id\":\"https:\/\/now-news.de\/de\/#organization\",\"name\":\"Just Now News\",\"url\":\"https:\/\/now-news.de\/de\/\",\"logo\":{\"@type\":\"ImageObject\",\"inLanguage\":\"de\",\"@id\":\"https:\/\/now-news.de\/de\/#\/schema\/logo\/image\/\",\"url\":\"http:\/\/just-now.news\/de\/wp-content\/uploads\/sites\/3\/2022\/04\/logo500x500.jpg\",\"contentUrl\":\"http:\/\/just-now.news\/de\/wp-content\/uploads\/sites\/3\/2022\/04\/logo500x500.jpg\",\"width\":500,\"height\":500,\"caption\":\"Just Now News\"},\"image\":{\"@id\":\"https:\/\/now-news.de\/de\/#\/schema\/logo\/image\/\"},\"sameAs\":[\"https:\/\/www.facebook.com\/wirmachenauf\",\"https:\/\/x.com\/WirMachenAuf_de\"]},{\"@type\":\"Person\",\"@id\":\"https:\/\/now-news.de\/de\/#\/schema\/person\/fb534a4e865501d8b3285208df34a9b5\",\"name\":\"rtnews\",\"image\":{\"@type\":\"ImageObject\",\"inLanguage\":\"de\",\"@id\":\"https:\/\/now-news.de\/de\/#\/schema\/person\/image\/\",\"url\":\"https:\/\/secure.gravatar.com\/avatar\/82aafea7d8127119dd649515f56e2117?s=96&d=mm&r=g\",\"contentUrl\":\"https:\/\/secure.gravatar.com\/avatar\/82aafea7d8127119dd649515f56e2117?s=96&d=mm&r=g\",\"caption\":\"rtnews\"},\"url\":\"https:\/\/now-news.de\/de\/author\/rnews\/\"}]}<\/script>\n<!-- \/ Yoast SEO Premium plugin. -->","yoast_head_json":{"title":"Ja, die Gleichsetzung von M\u00f6rdern mit M\u00f6rdern ist gerechtfertigt - just-now.NEWS Deutschland","robots":{"index":"index","follow":"follow","max-snippet":"max-snippet:-1","max-image-preview":"max-image-preview:large","max-video-preview":"max-video-preview:-1"},"canonical":"https:\/\/now-news.de\/de\/deutschland\/ja-die-gleichsetzung-von-moerdern-mit-moerdern-ist-gerechtfertigt\/","og_locale":"de_DE","og_type":"article","og_title":"Ja, die Gleichsetzung von M\u00f6rdern mit M\u00f6rdern ist gerechtfertigt","og_description":"Der Internationale Strafgerichtshof (IStGH) hat gesprochen &#8211; und Haftbefehle sowohl gegen Hamas-Funktion\u00e4re als auch gegen Israels Ministerpr\u00e4sident Benjamin Netanjahu und Verteidigungsminister Yoav Gallant beantragt. Und Deutschland hat vielstimmig geantwortet. Ein Kommentar von Tom J. Wellbrock Schon fast traditionell dumm f\u00e4llt die Begr\u00fcndung der Bundesregierung aus, die von einer &#8220;unzutreffenden Gleichsetzung&#8221; spricht. Gewohnt heuchlerisch liest sich [&hellip;]","og_url":"https:\/\/now-news.de\/de\/deutschland\/ja-die-gleichsetzung-von-moerdern-mit-moerdern-ist-gerechtfertigt\/","og_site_name":"just-now.NEWS Deutschland","article_publisher":"https:\/\/www.facebook.com\/wirmachenauf","article_published_time":"2024-05-22T18:24:24+00:00","og_image":[{"url":"https:\/\/now-news.de\/de\/wp-content\/uploads\/sites\/3\/2024\/05\/664e1220b480cc5f0145462a.jpg"}],"author":"rtnews","twitter_card":"summary_large_image","twitter_creator":"@WirMachenAuf_de","twitter_site":"@WirMachenAuf_de","twitter_misc":{"Verfasst von":"rtnews","Gesch\u00e4tzte Lesezeit":"4\u00a0Minuten"},"schema":{"@context":"https:\/\/schema.org","@graph":[{"@type":"Article","@id":"https:\/\/now-news.de\/de\/deutschland\/ja-die-gleichsetzung-von-moerdern-mit-moerdern-ist-gerechtfertigt\/#article","isPartOf":{"@id":"https:\/\/now-news.de\/de\/deutschland\/ja-die-gleichsetzung-von-moerdern-mit-moerdern-ist-gerechtfertigt\/"},"author":{"name":"rtnews","@id":"https:\/\/now-news.de\/de\/#\/schema\/person\/fb534a4e865501d8b3285208df34a9b5"},"headline":"Ja, die Gleichsetzung von M\u00f6rdern mit M\u00f6rdern ist gerechtfertigt","datePublished":"2024-05-22T18:24:24+00:00","dateModified":"2024-05-22T18:24:24+00:00","mainEntityOfPage":{"@id":"https:\/\/now-news.de\/de\/deutschland\/ja-die-gleichsetzung-von-moerdern-mit-moerdern-ist-gerechtfertigt\/"},"wordCount":759,"commentCount":0,"publisher":{"@id":"https:\/\/now-news.de\/de\/#organization"},"image":{"@id":"https:\/\/now-news.de\/de\/deutschland\/ja-die-gleichsetzung-von-moerdern-mit-moerdern-ist-gerechtfertigt\/#primaryimage"},"thumbnailUrl":"https:\/\/now-news.de\/de\/wp-content\/uploads\/sites\/3\/2024\/05\/Ja-die-Gleichsetzung-von-Moerdern-mit-Moerdern-ist-gerechtfertigt.jpg","keywords":["die","gerechtfertigt","Gleichsetzung","ist","mit","M\u00f6rdern","von"],"articleSection":["Deutschland","Russland"],"inLanguage":"de","potentialAction":[{"@type":"CommentAction","name":"Comment","target":["https:\/\/now-news.de\/de\/deutschland\/ja-die-gleichsetzung-von-moerdern-mit-moerdern-ist-gerechtfertigt\/#respond"]}]},{"@type":"WebPage","@id":"https:\/\/now-news.de\/de\/deutschland\/ja-die-gleichsetzung-von-moerdern-mit-moerdern-ist-gerechtfertigt\/","url":"https:\/\/now-news.de\/de\/deutschland\/ja-die-gleichsetzung-von-moerdern-mit-moerdern-ist-gerechtfertigt\/","name":"Ja, die Gleichsetzung von M\u00f6rdern mit M\u00f6rdern ist gerechtfertigt - just-now.NEWS Deutschland","isPartOf":{"@id":"https:\/\/now-news.de\/de\/#website"},"primaryImageOfPage":{"@id":"https:\/\/now-news.de\/de\/deutschland\/ja-die-gleichsetzung-von-moerdern-mit-moerdern-ist-gerechtfertigt\/#primaryimage"},"image":{"@id":"https:\/\/now-news.de\/de\/deutschland\/ja-die-gleichsetzung-von-moerdern-mit-moerdern-ist-gerechtfertigt\/#primaryimage"},"thumbnailUrl":"https:\/\/now-news.de\/de\/wp-content\/uploads\/sites\/3\/2024\/05\/Ja-die-Gleichsetzung-von-Moerdern-mit-Moerdern-ist-gerechtfertigt.jpg","datePublished":"2024-05-22T18:24:24+00:00","dateModified":"2024-05-22T18:24:24+00:00","breadcrumb":{"@id":"https:\/\/now-news.de\/de\/deutschland\/ja-die-gleichsetzung-von-moerdern-mit-moerdern-ist-gerechtfertigt\/#breadcrumb"},"inLanguage":"de","potentialAction":[{"@type":"ReadAction","target":["https:\/\/now-news.de\/de\/deutschland\/ja-die-gleichsetzung-von-moerdern-mit-moerdern-ist-gerechtfertigt\/"]}]},{"@type":"ImageObject","inLanguage":"de","@id":"https:\/\/now-news.de\/de\/deutschland\/ja-die-gleichsetzung-von-moerdern-mit-moerdern-ist-gerechtfertigt\/#primaryimage","url":"https:\/\/now-news.de\/de\/wp-content\/uploads\/sites\/3\/2024\/05\/Ja-die-Gleichsetzung-von-Moerdern-mit-Moerdern-ist-gerechtfertigt.jpg","contentUrl":"https:\/\/now-news.de\/de\/wp-content\/uploads\/sites\/3\/2024\/05\/Ja-die-Gleichsetzung-von-Moerdern-mit-Moerdern-ist-gerechtfertigt.jpg","width":460,"height":259,"caption":"Ja, die Gleichsetzung von M\u00f6rdern mit M\u00f6rdern ist gerechtfertigt"},{"@type":"BreadcrumbList","@id":"https:\/\/now-news.de\/de\/deutschland\/ja-die-gleichsetzung-von-moerdern-mit-moerdern-ist-gerechtfertigt\/#breadcrumb","itemListElement":[{"@type":"ListItem","position":1,"name":"Home","item":"https:\/\/now-news.de\/de\/"},{"@type":"ListItem","position":2,"name":"Ja, die Gleichsetzung von M\u00f6rdern mit M\u00f6rdern ist gerechtfertigt"}]},{"@type":"WebSite","@id":"https:\/\/now-news.de\/de\/#website","url":"https:\/\/now-news.de\/de\/","name":"just-now.NEWS Deutschland","description":"Das Portal f\u00fcr unzensierte Nachrichten aus der Welt","publisher":{"@id":"https:\/\/now-news.de\/de\/#organization"},"potentialAction":[{"@type":"SearchAction","target":{"@type":"EntryPoint","urlTemplate":"https:\/\/now-news.de\/de\/?s={search_term_string}"},"query-input":"required name=search_term_string"}],"inLanguage":"de"},{"@type":"Organization","@id":"https:\/\/now-news.de\/de\/#organization","name":"Just Now News","url":"https:\/\/now-news.de\/de\/","logo":{"@type":"ImageObject","inLanguage":"de","@id":"https:\/\/now-news.de\/de\/#\/schema\/logo\/image\/","url":"http:\/\/just-now.news\/de\/wp-content\/uploads\/sites\/3\/2022\/04\/logo500x500.jpg","contentUrl":"http:\/\/just-now.news\/de\/wp-content\/uploads\/sites\/3\/2022\/04\/logo500x500.jpg","width":500,"height":500,"caption":"Just Now News"},"image":{"@id":"https:\/\/now-news.de\/de\/#\/schema\/logo\/image\/"},"sameAs":["https:\/\/www.facebook.com\/wirmachenauf","https:\/\/x.com\/WirMachenAuf_de"]},{"@type":"Person","@id":"https:\/\/now-news.de\/de\/#\/schema\/person\/fb534a4e865501d8b3285208df34a9b5","name":"rtnews","image":{"@type":"ImageObject","inLanguage":"de","@id":"https:\/\/now-news.de\/de\/#\/schema\/person\/image\/","url":"https:\/\/secure.gravatar.com\/avatar\/82aafea7d8127119dd649515f56e2117?s=96&d=mm&r=g","contentUrl":"https:\/\/secure.gravatar.com\/avatar\/82aafea7d8127119dd649515f56e2117?s=96&d=mm&r=g","caption":"rtnews"},"url":"https:\/\/now-news.de\/de\/author\/rnews\/"}]}},"_links":{"self":[{"href":"https:\/\/now-news.de\/de\/wp-json\/wp\/v2\/posts\/58558"}],"collection":[{"href":"https:\/\/now-news.de\/de\/wp-json\/wp\/v2\/posts"}],"about":[{"href":"https:\/\/now-news.de\/de\/wp-json\/wp\/v2\/types\/post"}],"author":[{"embeddable":true,"href":"https:\/\/now-news.de\/de\/wp-json\/wp\/v2\/users\/3"}],"replies":[{"embeddable":true,"href":"https:\/\/now-news.de\/de\/wp-json\/wp\/v2\/comments?post=58558"}],"version-history":[{"count":0,"href":"https:\/\/now-news.de\/de\/wp-json\/wp\/v2\/posts\/58558\/revisions"}],"wp:featuredmedia":[{"embeddable":true,"href":"https:\/\/now-news.de\/de\/wp-json\/wp\/v2\/media\/58559"}],"wp:attachment":[{"href":"https:\/\/now-news.de\/de\/wp-json\/wp\/v2\/media?parent=58558"}],"wp:term":[{"taxonomy":"category","embeddable":true,"href":"https:\/\/now-news.de\/de\/wp-json\/wp\/v2\/categories?post=58558"},{"taxonomy":"post_tag","embeddable":true,"href":"https:\/\/now-news.de\/de\/wp-json\/wp\/v2\/tags?post=58558"}],"curies":[{"name":"wp","href":"https:\/\/api.w.org\/{rel}","templated":true}]}}