{"id":58448,"date":"2024-04-07T07:00:00","date_gmt":"2024-04-07T05:00:00","guid":{"rendered":"https:\/\/just-now.news\/de\/deutschland\/die-verbindung-zwischen-bandera-nazis-und-islamisten-wurde-in-berlin-geschmiedet\/"},"modified":"2024-04-07T07:00:00","modified_gmt":"2024-04-07T05:00:00","slug":"die-verbindung-zwischen-bandera-nazis-und-islamisten-wurde-in-berlin-geschmiedet","status":"publish","type":"post","link":"https:\/\/now-news.de\/de\/deutschland\/die-verbindung-zwischen-bandera-nazis-und-islamisten-wurde-in-berlin-geschmiedet\/","title":{"rendered":"Die Verbindung zwischen Bandera-Nazis und Islamisten wurde in Berlin geschmiedet"},"content":{"rendered":"<p><img decoding=\"async\" src=\"http:\/\/just-now.news\/de\/wp-content\/uploads\/sites\/3\/2024\/04\/660ae5b2b480cc43806a4331.JPG\" \/><\/p>\n<div class=\"Text-root Text-type_1 \">\n                Es ist nicht einfach nur ein gemeinsamer Feind, der die ukrainischen Nazis und ihre moslemischen Verb\u00fcndeten vereint. Sie teilen eine gemeinsame Geschichte, denn sie teilen schon seit \u00fcber 80 Jahren den Auftraggeber \u2013 wenn auch nicht immer denselben.\n            <\/div>\n<p><\/p>\n<div class=\"Text-root Text-type_5 ArticleView-text ViewText-root \">\n<p><em>Von Dagmar Henn<\/em><\/p>\n<p>Wie kommt es dazu, dass die Nationalisten in Kiew gute Verbindungen zu islamistischen Terroristen haben? Klar, beide haben ihre Kontakte zur CIA. Diese N\u00e4he ist aber wesentlich \u00e4lter. Und man findet die Urspr\u00fcnge wieder einmal in Berlin.<\/p>\n<p>Wenn man die Geschichte der Nazi-Hilfstruppen kennt, kommt einem die ganze Geschichte der NATO-Osterweiterung vor wie eine Wiederholung. Litauen und Lettland \u2013 da werden sogar Gedenkm\u00e4rsche f\u00fcr die SS veranstaltet, ebenso wie in der Ukraine. Auch im Zusammenhang mit der Zerst\u00f6rung Jugoslawiens tauchten schon einige Organisationen auf, die bereits in den 40er-Jahren des vergangenen Jahrhunderts ber\u00fcchtigt waren, wie die kroatische Ustascha. Wenn man sich die Pl\u00e4ne zur Aufteilung Russlands betrachtet, die mittlerweile sogar der Europarat diskutiert, erinnern sie fatal an \u00e4hnliche Pl\u00e4ne, die \u00fcber Jahrzehnte der Antibolschewistische Block der Nationen pflegte, eine Organisation, in der sich viele dieser Naziverb\u00fcndeten sammelten und die interessanterweise ihren Sitz an der gleichen Adresse hatte wie die OUN (B), und lange Zeit den gleichen Vorsitzenden teilte: Jaroslaw Stezko.<\/p>\n<p>In M\u00fcnchen finden sich aber noch mehr interessante Adressen, und eine davon war der Ausl\u00f6ser f\u00fcr eines der wenigen B\u00fccher, die sich mit einem anderen Teil dieser Nazikollaborateure befasst: &#8220;Die vierte Moschee&#8221; des amerikanischen Journalisten Ian Johnson. Diese Moschee steht an der Freisinger Landstra\u00dfe in M\u00fcnchen, und sie wurde f\u00fcr den moslemischen Teil der Nazikollaborateure errichtet \u2013 Tataren, Usbeken, Tadschiken, Tschetschenen\u00a0\u2026<\/p>\n<p>Viele wissen, dass es bei der Schlacht um Stalingrad um den Zugang zu den \u00d6lreserven am Kaspischen Meer ging. Auch die Stadt Baku kommt leicht in den Sinn. Aber es gab ein zweites \u00d6lf\u00f6rderzentrum nicht ganz so weit im S\u00fcden, das ebenfalls ins Visier genommen wurde, auch wenn man mit dem Namen dieser Stadt heute etwas ganz Anderes verbindet: Grosny. Die Kontrolle \u00fcber die Rohstoffe des Kaukasus zu \u00fcbernehmen, sollte durch die F\u00f6rderung antisowjetischer Truppen erleichtert werden. Nach dem urspr\u00fcnglichen Plan, die gesamte Sowjetunion zu erobern, reichten diese Bem\u00fchungen bis Zentralasien (ein Bruchteil davon ist in dem Film &#8220;Sieben Jahre in Tibet&#8221; zu sehen).<\/p>\n<p>Das reiche Angebot an moslemischen Hilfstruppen wurde von Gerhard von Mende betreut, der, wie sein Vorgesetzter Alfred Rosenberg, Deutsch-Balte war. Er sorgte daf\u00fcr, dass sowjetische Kriegsgefangene moslemischen Glaubens herausgefiltert wurden und das Angebot bekamen, man werde sie gut versorgen, wenn sie bereit w\u00e4ren, gegen die Sowjetunion zu k\u00e4mpfen. Auch die SS unterhielt einen &#8220;Ostt\u00fcrkischen Waffenverband&#8221;, der, so Johnson, &#8220;unter dem Kommando der SS Partisanen in der Ukraine, Griechenland und Italien&#8221; bek\u00e4mpfte, und &#8220;wegen seines Einsatzes bei der Niederschlagung des Warschauer Aufstands&#8221; ber\u00fcchtigt war.<\/p>\n<p>Mende war so \u00fcberzeugter Nazi, dass er der Adolf-Hitler-Schule in Sonthofen ideologische Ratschl\u00e4ge erteilte; auch da passte er zum Amtsleiter Alfred Rosenberg, der immerhin die &#8220;Rassenlehre&#8221; der Nazis geschrieben hatte. Offiziell hie\u00df das Amt Rosenbergs &#8220;Reichsministerium f\u00fcr die besetzten Ostgebiete&#8221;, und die Kontrollinstanz f\u00fcr die Bandera-Ukrainer befand sich nur eine Zimmert\u00fcr weiter.<\/p>\n<p>Rosenberg hatte \u00fcbrigens bereits 1927 vorgeschlagen, sich die ukrainischen Nationalisten zunutze zu machen. Seine Beh\u00f6rde war es, die bereits vor dem deutschen Angriff auf die Sowjetunion die Vorgaben f\u00fcr die Besatzungspolitik, aber auch die weiteren Kriegsziele entwickelte. Rosenbergs Vorstellungen kommen einem derzeit sehr bekannt vor:<\/p>\n<blockquote>\n<p>&#8220;Kraft seines Amtes wollte er um das verbleibende russische Kerngebiet einen G\u00fcrtel aus Pufferstaaten legen, wobei die Ukraine, Wei\u00dfrussland, die baltischen Staaten, der Kaukasus und Turkestan wenigstens dem Namen nach eigenst\u00e4ndig sein sollten.&#8221;<\/p>\n<\/blockquote>\n<p>Man war sich innerhalb der Nazielite nicht immer ganz einig, welche V\u00f6lker zur Sklavenarbeit verdammt und ermordet, und welche als Verb\u00fcndete hofiert werden sollten, und beide Zust\u00e4nde konnten auch flie\u00dfend ineinander \u00fcbergehen.\u00a0 Jedenfalls gab es diese Hilfstruppen aus den moslemischen Minderheiten, und wie die Bandera-Ukrainer folgten sie der Wehrmacht auf ihrem R\u00fcckzug und fanden sich nach dem Zweiten Weltkrieg in den gleichen Fl\u00fcchtlingslagern, den Lagern f\u00fcr die &#8220;Displaced Persons&#8221;, wieder.<\/p>\n<p>Selbst im Wikipedia-Artikel \u00fcber von Mende l\u00e4sst sich\u00a0<a rel=\"nofollow noopener\" target=\"_blank\" href=\"https:\/\/de.wikipedia.org\/wiki\/Gerhard_von_Mende\">herauslesen<\/a>, wie sehr Mende nach 1945 bem\u00fcht war, seine Kontakte zu &#8220;verwerten&#8221;; als es anf\u00e4nglich mit den US-Amerikanern nicht klappte, zog er extra in die britische Zone. Aber Mende lie\u00df sich seine Hilfstruppen nie vollst\u00e4ndig abkn\u00f6pfen. \u00dcberhaupt bildete sich ein interessanter Sumpf um diese &#8220;Ostfl\u00fcchtlinge&#8221;, zwischen OSS\/CIA, MI6, Abwehr II, SD- und SS-Leuten und, sowie sie gegr\u00fcndet waren, dem Bundesamt f\u00fcr Verfassungsschutz und dem BND. \u00dcbrigens, die Abwehr II war jene Abteilung des Nachrichtendienstes der Wehrmacht, die f\u00fcr die Organisation von Terroranschl\u00e4gen zust\u00e4ndig war. Wie man sieht, auch hier eine alte Tradition.<\/p>\n<p>Die N\u00e4he zwischen etwa den Bandera-Ukrainern und den Resten der muslimischen Hilfstruppen ergab sich aber nicht nur \u00fcber vielfache \u00dcberschneidungen bei ihren Auftraggebern, sondern sie teilten oft auch \u00fcber Jahre hinweg die gleichen Wohnsitze. Rund um M\u00fcnchen gibt es ganze Siedlungen, die aus derartigen DP-Lagern entstanden sind und sie begegneten sich auch bei einem in diesen Kreisen sehr beliebten Arbeitgeber, dem CIA-betriebenen Radio Free Europe\/Radio Liberty. Die bayerische Staatsregierung begl\u00fcckte nicht nur die Ukrainer mit der M\u00f6glichkeit, eine der nationalistischen Ideologie verpflichtete Universit\u00e4t in M\u00fcnchen zu gr\u00fcnden, sie baute auch eine Moschee f\u00fcr die Angeh\u00f6rigen der muslimischen Hilfstruppen, die im sp\u00e4teren Verlauf eine wichtige Rolle bei der internationalen Ausdehnung der Muslimbr\u00fcder spielen sollte \u2013 der Grund, warum sich Ian Johnson \u00fcberhaupt mit ihrer Vorgeschichte besch\u00e4ftigte.<\/p>\n<p>Der ukrainische Teil dieses Konglomerats kehrte mit der Unabh\u00e4ngigkeit sofort in die Ukraine zur\u00fcck und bem\u00fchte sich, m\u00f6glichst viel Einfluss zu gewinnen. Die Kontakte zu all diesen anderen Strukturen wurden gewisserma\u00dfen mitgebracht; ukrainische und georgische Nationalisten kannten sich aus M\u00fcnchen, aber die erste Verbindung kam \u00fcber Berlin. Genauso verh\u00e4lt es sich auch mit kaukasischen Islamisten.<\/p>\n<p>Das bedeutet nicht, dass sich die Personen notwendigerweise kannten; aber in dieser Schattenwelt des antisowjetischen Exils, die sich \u00fcber Jahrzehnte mit Anschl\u00e4gen und Sabotageakten am Leben hielt, blieben die alten Kontakte die Grundlage des Vertrauens. Was vielleicht, wenn man nicht ideologische N\u00e4he unterstellen will, der Grund daf\u00fcr ist, warum die CIA in den letzten Jahrzehnten so sehr auf diese alten Verbindungen aufbaute \u2013 in einer Umgebung des Verbrechens ist Vertrauen das Gut, das am schwersten zu haben ist. Es ist nicht ungew\u00f6hnlich, dass ganze Netzwerke geteilt oder (manchmal) \u00fcbergeben werden; die Ukrainer hatten die Nazis einst vom vatikanischen Geheimdienst geerbt.<\/p>\n<p>Erstaunlich ist allerdings, dass die politischen Ziele, die heute verfolgt werden, von den ukrainischen Diensten wie von ihren Verb\u00fcndeten, nach wie vor so aussehen, wie sie das Amt Rosenberg einmal erdachte. Man sollte eigentlich annehmen, dass nach \u00fcber achtzig Jahren zumindest bedeutende Unterschiede erkennbar sind. Aber man st\u00f6\u00dft nicht nur immer wieder auf die gleichen Querverbindungen, ob nun zwischen den ukrainischen und georgischen Nationalisten oder weiter in den Kaukasus, es werden die gleichen Absichten verfolgt. Tadschikische Islamisten, die unter Anleitung ukrainischer Geheimdienstler mit Wissen der CIA Anschl\u00e4ge ver\u00fcben, um Russland zu schw\u00e4chen, das ist wie eine Wiederkehr der Abwehr II in Zusammenarbeit mit dem Amt Rosenberg, eine Fortsetzung des gleichen alten Generalplans Ost im Gewand der NATO.<\/p>\n<p><strong>Mehr zum Thema<\/strong> &#8211; <a rel=\"nofollow noopener\" target=\"_blank\" href=\"https:\/\/freeassange.rtde.live\/meinung\/143010-die-us-regierung-sucht-nach-wegen-zur-teilung-russlands\/\">Die US-Regierung sucht nach Wegen zur Teilung Russlands <\/a><\/p>\n<\/div>\n<p><br \/>\n<br \/><a href=\"https:\/\/de.rt.com\/meinung\/201255-verbindung-zwischen-bandera-nazis-und\/\">Source link <\/a><\/p>\n","protected":false},"excerpt":{"rendered":"<p>Es ist nicht einfach nur ein gemeinsamer Feind, der die ukrainischen Nazis und ihre moslemischen Verb\u00fcndeten vereint. Sie teilen eine gemeinsame Geschichte, denn sie teilen schon seit \u00fcber 80 Jahren den Auftraggeber \u2013 wenn auch nicht immer denselben. Von Dagmar Henn Wie kommt es dazu, dass die Nationalisten in Kiew gute Verbindungen zu islamistischen Terroristen [&hellip;]<\/p>\n","protected":false},"author":3,"featured_media":58449,"comment_status":"open","ping_status":"open","sticky":false,"template":"","format":"standard","meta":{"_yoast_indexnow_last_ping":["1712466886"],"wp_automatic_camp":["217"],"65ba985843868af2576a7296953e59a4":["Die Verbindung zwischen Bandera-Nazis und Islamisten wurde in Berlin geschmiedet"],"original_link":["https:\/\/de.rt.com\/meinung\/201255-verbindung-zwischen-bandera-nazis-und\/"],"_thumbnail_id":["58449"],"jnews_social_counter_last_update":["1788675266"],"_wptgpro_p2tg_sent2tg":["a:1:{i:23737;s:19:\"2024-04-07 07:15:44\";}"]},"categories":[19,23],"tags":[55011,943,45,55012,24758,140,12765,528,436],"class_list":["post-58448","post","type-post","status-publish","format-standard","has-post-thumbnail","hentry","category-deutschland","category-russland","tag-banderanazis","tag-berlin","tag-die","tag-geschmiedet","tag-islamisten","tag-und","tag-verbindung","tag-wurde","tag-zwischen"],"yoast_head":"<!-- This site is optimized with the Yoast SEO Premium plugin v22.7 (Yoast SEO v28.2) - https:\/\/yoast.com\/product\/yoast-seo-premium-wordpress\/ -->\n<title>Die Verbindung zwischen Bandera-Nazis und Islamisten wurde in Berlin geschmiedet - just-now.NEWS Deutschland<\/title>\n<meta name=\"robots\" content=\"index, follow, max-snippet:-1, max-image-preview:large, max-video-preview:-1\" \/>\n<link rel=\"canonical\" href=\"https:\/\/now-news.de\/de\/deutschland\/die-verbindung-zwischen-bandera-nazis-und-islamisten-wurde-in-berlin-geschmiedet\/\" \/>\n<meta property=\"og:locale\" content=\"de_DE\" \/>\n<meta property=\"og:type\" content=\"article\" \/>\n<meta property=\"og:title\" content=\"Die Verbindung zwischen Bandera-Nazis und Islamisten wurde in Berlin geschmiedet\" \/>\n<meta property=\"og:description\" content=\"Es ist nicht einfach nur ein gemeinsamer Feind, der die ukrainischen Nazis und ihre moslemischen Verb\u00fcndeten vereint. Sie teilen eine gemeinsame Geschichte, denn sie teilen schon seit \u00fcber 80 Jahren den Auftraggeber \u2013 wenn auch nicht immer denselben. Von Dagmar Henn Wie kommt es dazu, dass die Nationalisten in Kiew gute Verbindungen zu islamistischen Terroristen [&hellip;]\" \/>\n<meta property=\"og:url\" content=\"https:\/\/now-news.de\/de\/deutschland\/die-verbindung-zwischen-bandera-nazis-und-islamisten-wurde-in-berlin-geschmiedet\/\" \/>\n<meta property=\"og:site_name\" content=\"just-now.NEWS Deutschland\" \/>\n<meta property=\"article:publisher\" content=\"https:\/\/www.facebook.com\/wirmachenauf\" \/>\n<meta property=\"article:published_time\" content=\"2024-04-07T05:00:00+00:00\" \/>\n<meta property=\"og:image\" content=\"https:\/\/now-news.de\/de\/wp-content\/uploads\/sites\/3\/2024\/04\/Die-Verbindung-zwischen-Bandera-Nazis-und-Islamisten-wurde-in-Berlin-geschmiedet.JPG\" \/>\n\t<meta property=\"og:image:width\" content=\"460\" \/>\n\t<meta property=\"og:image:height\" content=\"259\" \/>\n\t<meta property=\"og:image:type\" content=\"image\/jpeg\" \/>\n<meta name=\"author\" content=\"rtnews\" \/>\n<meta name=\"twitter:card\" content=\"summary_large_image\" \/>\n<meta name=\"twitter:creator\" content=\"@WirMachenAuf_de\" \/>\n<meta name=\"twitter:site\" content=\"@WirMachenAuf_de\" \/>\n<meta name=\"twitter:label1\" content=\"Verfasst von\" \/>\n\t<meta name=\"twitter:data1\" content=\"rtnews\" \/>\n\t<meta name=\"twitter:label2\" content=\"Gesch\u00e4tzte Lesezeit\" \/>\n\t<meta name=\"twitter:data2\" content=\"6\u00a0Minuten\" \/>\n<script type=\"application\/ld+json\" class=\"yoast-schema-graph\">{\"@context\":\"https:\\\/\\\/schema.org\",\"@graph\":[{\"@type\":\"Article\",\"@id\":\"https:\\\/\\\/now-news.de\\\/de\\\/deutschland\\\/die-verbindung-zwischen-bandera-nazis-und-islamisten-wurde-in-berlin-geschmiedet\\\/#article\",\"isPartOf\":{\"@id\":\"https:\\\/\\\/now-news.de\\\/de\\\/deutschland\\\/die-verbindung-zwischen-bandera-nazis-und-islamisten-wurde-in-berlin-geschmiedet\\\/\"},\"author\":{\"name\":\"rtnews\",\"@id\":\"https:\\\/\\\/now-news.de\\\/de\\\/#\\\/schema\\\/person\\\/fb534a4e865501d8b3285208df34a9b5\"},\"headline\":\"Die Verbindung zwischen Bandera-Nazis und Islamisten wurde in Berlin geschmiedet\",\"datePublished\":\"2024-04-07T05:00:00+00:00\",\"mainEntityOfPage\":{\"@id\":\"https:\\\/\\\/now-news.de\\\/de\\\/deutschland\\\/die-verbindung-zwischen-bandera-nazis-und-islamisten-wurde-in-berlin-geschmiedet\\\/\"},\"wordCount\":1248,\"commentCount\":0,\"publisher\":{\"@id\":\"https:\\\/\\\/now-news.de\\\/de\\\/#organization\"},\"image\":{\"@id\":\"https:\\\/\\\/now-news.de\\\/de\\\/deutschland\\\/die-verbindung-zwischen-bandera-nazis-und-islamisten-wurde-in-berlin-geschmiedet\\\/#primaryimage\"},\"thumbnailUrl\":\"https:\\\/\\\/now-news.de\\\/de\\\/wp-content\\\/uploads\\\/sites\\\/3\\\/2024\\\/04\\\/Die-Verbindung-zwischen-Bandera-Nazis-und-Islamisten-wurde-in-Berlin-geschmiedet.JPG\",\"keywords\":[\"BanderaNazis\",\"Berlin\",\"die\",\"geschmiedet\",\"Islamisten\",\"und\",\"Verbindung\",\"wurde\",\"zwischen\"],\"articleSection\":[\"Deutschland\",\"Russland\"],\"inLanguage\":\"de\",\"potentialAction\":[{\"@type\":\"CommentAction\",\"name\":\"Comment\",\"target\":[\"https:\\\/\\\/now-news.de\\\/de\\\/deutschland\\\/die-verbindung-zwischen-bandera-nazis-und-islamisten-wurde-in-berlin-geschmiedet\\\/#respond\"]}]},{\"@type\":\"WebPage\",\"@id\":\"https:\\\/\\\/now-news.de\\\/de\\\/deutschland\\\/die-verbindung-zwischen-bandera-nazis-und-islamisten-wurde-in-berlin-geschmiedet\\\/\",\"url\":\"https:\\\/\\\/now-news.de\\\/de\\\/deutschland\\\/die-verbindung-zwischen-bandera-nazis-und-islamisten-wurde-in-berlin-geschmiedet\\\/\",\"name\":\"Die Verbindung zwischen Bandera-Nazis und Islamisten wurde in Berlin geschmiedet - just-now.NEWS Deutschland\",\"isPartOf\":{\"@id\":\"https:\\\/\\\/now-news.de\\\/de\\\/#website\"},\"primaryImageOfPage\":{\"@id\":\"https:\\\/\\\/now-news.de\\\/de\\\/deutschland\\\/die-verbindung-zwischen-bandera-nazis-und-islamisten-wurde-in-berlin-geschmiedet\\\/#primaryimage\"},\"image\":{\"@id\":\"https:\\\/\\\/now-news.de\\\/de\\\/deutschland\\\/die-verbindung-zwischen-bandera-nazis-und-islamisten-wurde-in-berlin-geschmiedet\\\/#primaryimage\"},\"thumbnailUrl\":\"https:\\\/\\\/now-news.de\\\/de\\\/wp-content\\\/uploads\\\/sites\\\/3\\\/2024\\\/04\\\/Die-Verbindung-zwischen-Bandera-Nazis-und-Islamisten-wurde-in-Berlin-geschmiedet.JPG\",\"datePublished\":\"2024-04-07T05:00:00+00:00\",\"breadcrumb\":{\"@id\":\"https:\\\/\\\/now-news.de\\\/de\\\/deutschland\\\/die-verbindung-zwischen-bandera-nazis-und-islamisten-wurde-in-berlin-geschmiedet\\\/#breadcrumb\"},\"inLanguage\":\"de\",\"potentialAction\":[{\"@type\":\"ReadAction\",\"target\":[\"https:\\\/\\\/now-news.de\\\/de\\\/deutschland\\\/die-verbindung-zwischen-bandera-nazis-und-islamisten-wurde-in-berlin-geschmiedet\\\/\"]}]},{\"@type\":\"ImageObject\",\"inLanguage\":\"de\",\"@id\":\"https:\\\/\\\/now-news.de\\\/de\\\/deutschland\\\/die-verbindung-zwischen-bandera-nazis-und-islamisten-wurde-in-berlin-geschmiedet\\\/#primaryimage\",\"url\":\"https:\\\/\\\/now-news.de\\\/de\\\/wp-content\\\/uploads\\\/sites\\\/3\\\/2024\\\/04\\\/Die-Verbindung-zwischen-Bandera-Nazis-und-Islamisten-wurde-in-Berlin-geschmiedet.JPG\",\"contentUrl\":\"https:\\\/\\\/now-news.de\\\/de\\\/wp-content\\\/uploads\\\/sites\\\/3\\\/2024\\\/04\\\/Die-Verbindung-zwischen-Bandera-Nazis-und-Islamisten-wurde-in-Berlin-geschmiedet.JPG\",\"width\":460,\"height\":259,\"caption\":\"Die Verbindung zwischen Bandera-Nazis und Islamisten wurde in Berlin geschmiedet\"},{\"@type\":\"BreadcrumbList\",\"@id\":\"https:\\\/\\\/now-news.de\\\/de\\\/deutschland\\\/die-verbindung-zwischen-bandera-nazis-und-islamisten-wurde-in-berlin-geschmiedet\\\/#breadcrumb\",\"itemListElement\":[{\"@type\":\"ListItem\",\"position\":1,\"name\":\"Home\",\"item\":\"https:\\\/\\\/now-news.de\\\/de\\\/\"},{\"@type\":\"ListItem\",\"position\":2,\"name\":\"Die Verbindung zwischen Bandera-Nazis und Islamisten wurde in Berlin geschmiedet\"}]},{\"@type\":\"WebSite\",\"@id\":\"https:\\\/\\\/now-news.de\\\/de\\\/#website\",\"url\":\"https:\\\/\\\/now-news.de\\\/de\\\/\",\"name\":\"just-now.NEWS Deutschland\",\"description\":\"Das Portal f\u00fcr unzensierte Nachrichten aus der Welt\",\"publisher\":{\"@id\":\"https:\\\/\\\/now-news.de\\\/de\\\/#organization\"},\"potentialAction\":[{\"@type\":\"SearchAction\",\"target\":{\"@type\":\"EntryPoint\",\"urlTemplate\":\"https:\\\/\\\/now-news.de\\\/de\\\/?s={search_term_string}\"},\"query-input\":{\"@type\":\"PropertyValueSpecification\",\"valueRequired\":true,\"valueName\":\"search_term_string\"}}],\"inLanguage\":\"de\"},{\"@type\":\"Organization\",\"@id\":\"https:\\\/\\\/now-news.de\\\/de\\\/#organization\",\"name\":\"Just Now News\",\"url\":\"https:\\\/\\\/now-news.de\\\/de\\\/\",\"logo\":{\"@type\":\"ImageObject\",\"inLanguage\":\"de\",\"@id\":\"https:\\\/\\\/now-news.de\\\/de\\\/#\\\/schema\\\/logo\\\/image\\\/\",\"url\":\"http:\\\/\\\/just-now.news\\\/de\\\/wp-content\\\/uploads\\\/sites\\\/3\\\/2022\\\/04\\\/logo500x500.jpg\",\"contentUrl\":\"http:\\\/\\\/just-now.news\\\/de\\\/wp-content\\\/uploads\\\/sites\\\/3\\\/2022\\\/04\\\/logo500x500.jpg\",\"width\":500,\"height\":500,\"caption\":\"Just Now News\"},\"image\":{\"@id\":\"https:\\\/\\\/now-news.de\\\/de\\\/#\\\/schema\\\/logo\\\/image\\\/\"},\"sameAs\":[\"https:\\\/\\\/www.facebook.com\\\/wirmachenauf\",\"https:\\\/\\\/x.com\\\/WirMachenAuf_de\"]},{\"@type\":\"Person\",\"@id\":\"https:\\\/\\\/now-news.de\\\/de\\\/#\\\/schema\\\/person\\\/fb534a4e865501d8b3285208df34a9b5\",\"name\":\"rtnews\",\"image\":{\"@type\":\"ImageObject\",\"inLanguage\":\"de\",\"@id\":\"https:\\\/\\\/secure.gravatar.com\\\/avatar\\\/358fe31b3ab5769fea05376e1953329834cd9912cf9daf607e2af3076a1b982b?s=96&d=mm&r=g\",\"url\":\"https:\\\/\\\/secure.gravatar.com\\\/avatar\\\/358fe31b3ab5769fea05376e1953329834cd9912cf9daf607e2af3076a1b982b?s=96&d=mm&r=g\",\"contentUrl\":\"https:\\\/\\\/secure.gravatar.com\\\/avatar\\\/358fe31b3ab5769fea05376e1953329834cd9912cf9daf607e2af3076a1b982b?s=96&d=mm&r=g\",\"caption\":\"rtnews\"},\"url\":\"https:\\\/\\\/now-news.de\\\/de\\\/author\\\/rnews\\\/\"}]}<\/script>\n<!-- \/ Yoast SEO Premium plugin. -->","yoast_head_json":{"title":"Die Verbindung zwischen Bandera-Nazis und Islamisten wurde in Berlin geschmiedet - just-now.NEWS Deutschland","robots":{"index":"index","follow":"follow","max-snippet":"max-snippet:-1","max-image-preview":"max-image-preview:large","max-video-preview":"max-video-preview:-1"},"canonical":"https:\/\/now-news.de\/de\/deutschland\/die-verbindung-zwischen-bandera-nazis-und-islamisten-wurde-in-berlin-geschmiedet\/","og_locale":"de_DE","og_type":"article","og_title":"Die Verbindung zwischen Bandera-Nazis und Islamisten wurde in Berlin geschmiedet","og_description":"Es ist nicht einfach nur ein gemeinsamer Feind, der die ukrainischen Nazis und ihre moslemischen Verb\u00fcndeten vereint. Sie teilen eine gemeinsame Geschichte, denn sie teilen schon seit \u00fcber 80 Jahren den Auftraggeber \u2013 wenn auch nicht immer denselben. Von Dagmar Henn Wie kommt es dazu, dass die Nationalisten in Kiew gute Verbindungen zu islamistischen Terroristen [&hellip;]","og_url":"https:\/\/now-news.de\/de\/deutschland\/die-verbindung-zwischen-bandera-nazis-und-islamisten-wurde-in-berlin-geschmiedet\/","og_site_name":"just-now.NEWS Deutschland","article_publisher":"https:\/\/www.facebook.com\/wirmachenauf","article_published_time":"2024-04-07T05:00:00+00:00","og_image":[{"width":460,"height":259,"url":"https:\/\/now-news.de\/de\/wp-content\/uploads\/sites\/3\/2024\/04\/Die-Verbindung-zwischen-Bandera-Nazis-und-Islamisten-wurde-in-Berlin-geschmiedet.JPG","type":"image\/jpeg"}],"author":"rtnews","twitter_card":"summary_large_image","twitter_creator":"@WirMachenAuf_de","twitter_site":"@WirMachenAuf_de","twitter_misc":{"Verfasst von":"rtnews","Gesch\u00e4tzte Lesezeit":"6\u00a0Minuten"},"schema":{"@context":"https:\/\/schema.org","@graph":[{"@type":"Article","@id":"https:\/\/now-news.de\/de\/deutschland\/die-verbindung-zwischen-bandera-nazis-und-islamisten-wurde-in-berlin-geschmiedet\/#article","isPartOf":{"@id":"https:\/\/now-news.de\/de\/deutschland\/die-verbindung-zwischen-bandera-nazis-und-islamisten-wurde-in-berlin-geschmiedet\/"},"author":{"name":"rtnews","@id":"https:\/\/now-news.de\/de\/#\/schema\/person\/fb534a4e865501d8b3285208df34a9b5"},"headline":"Die Verbindung zwischen Bandera-Nazis und Islamisten wurde in Berlin geschmiedet","datePublished":"2024-04-07T05:00:00+00:00","mainEntityOfPage":{"@id":"https:\/\/now-news.de\/de\/deutschland\/die-verbindung-zwischen-bandera-nazis-und-islamisten-wurde-in-berlin-geschmiedet\/"},"wordCount":1248,"commentCount":0,"publisher":{"@id":"https:\/\/now-news.de\/de\/#organization"},"image":{"@id":"https:\/\/now-news.de\/de\/deutschland\/die-verbindung-zwischen-bandera-nazis-und-islamisten-wurde-in-berlin-geschmiedet\/#primaryimage"},"thumbnailUrl":"https:\/\/now-news.de\/de\/wp-content\/uploads\/sites\/3\/2024\/04\/Die-Verbindung-zwischen-Bandera-Nazis-und-Islamisten-wurde-in-Berlin-geschmiedet.JPG","keywords":["BanderaNazis","Berlin","die","geschmiedet","Islamisten","und","Verbindung","wurde","zwischen"],"articleSection":["Deutschland","Russland"],"inLanguage":"de","potentialAction":[{"@type":"CommentAction","name":"Comment","target":["https:\/\/now-news.de\/de\/deutschland\/die-verbindung-zwischen-bandera-nazis-und-islamisten-wurde-in-berlin-geschmiedet\/#respond"]}]},{"@type":"WebPage","@id":"https:\/\/now-news.de\/de\/deutschland\/die-verbindung-zwischen-bandera-nazis-und-islamisten-wurde-in-berlin-geschmiedet\/","url":"https:\/\/now-news.de\/de\/deutschland\/die-verbindung-zwischen-bandera-nazis-und-islamisten-wurde-in-berlin-geschmiedet\/","name":"Die Verbindung zwischen Bandera-Nazis und Islamisten wurde in Berlin geschmiedet - just-now.NEWS Deutschland","isPartOf":{"@id":"https:\/\/now-news.de\/de\/#website"},"primaryImageOfPage":{"@id":"https:\/\/now-news.de\/de\/deutschland\/die-verbindung-zwischen-bandera-nazis-und-islamisten-wurde-in-berlin-geschmiedet\/#primaryimage"},"image":{"@id":"https:\/\/now-news.de\/de\/deutschland\/die-verbindung-zwischen-bandera-nazis-und-islamisten-wurde-in-berlin-geschmiedet\/#primaryimage"},"thumbnailUrl":"https:\/\/now-news.de\/de\/wp-content\/uploads\/sites\/3\/2024\/04\/Die-Verbindung-zwischen-Bandera-Nazis-und-Islamisten-wurde-in-Berlin-geschmiedet.JPG","datePublished":"2024-04-07T05:00:00+00:00","breadcrumb":{"@id":"https:\/\/now-news.de\/de\/deutschland\/die-verbindung-zwischen-bandera-nazis-und-islamisten-wurde-in-berlin-geschmiedet\/#breadcrumb"},"inLanguage":"de","potentialAction":[{"@type":"ReadAction","target":["https:\/\/now-news.de\/de\/deutschland\/die-verbindung-zwischen-bandera-nazis-und-islamisten-wurde-in-berlin-geschmiedet\/"]}]},{"@type":"ImageObject","inLanguage":"de","@id":"https:\/\/now-news.de\/de\/deutschland\/die-verbindung-zwischen-bandera-nazis-und-islamisten-wurde-in-berlin-geschmiedet\/#primaryimage","url":"https:\/\/now-news.de\/de\/wp-content\/uploads\/sites\/3\/2024\/04\/Die-Verbindung-zwischen-Bandera-Nazis-und-Islamisten-wurde-in-Berlin-geschmiedet.JPG","contentUrl":"https:\/\/now-news.de\/de\/wp-content\/uploads\/sites\/3\/2024\/04\/Die-Verbindung-zwischen-Bandera-Nazis-und-Islamisten-wurde-in-Berlin-geschmiedet.JPG","width":460,"height":259,"caption":"Die Verbindung zwischen Bandera-Nazis und Islamisten wurde in Berlin geschmiedet"},{"@type":"BreadcrumbList","@id":"https:\/\/now-news.de\/de\/deutschland\/die-verbindung-zwischen-bandera-nazis-und-islamisten-wurde-in-berlin-geschmiedet\/#breadcrumb","itemListElement":[{"@type":"ListItem","position":1,"name":"Home","item":"https:\/\/now-news.de\/de\/"},{"@type":"ListItem","position":2,"name":"Die Verbindung zwischen Bandera-Nazis und Islamisten wurde in Berlin geschmiedet"}]},{"@type":"WebSite","@id":"https:\/\/now-news.de\/de\/#website","url":"https:\/\/now-news.de\/de\/","name":"just-now.NEWS Deutschland","description":"Das Portal f\u00fcr unzensierte Nachrichten aus der Welt","publisher":{"@id":"https:\/\/now-news.de\/de\/#organization"},"potentialAction":[{"@type":"SearchAction","target":{"@type":"EntryPoint","urlTemplate":"https:\/\/now-news.de\/de\/?s={search_term_string}"},"query-input":{"@type":"PropertyValueSpecification","valueRequired":true,"valueName":"search_term_string"}}],"inLanguage":"de"},{"@type":"Organization","@id":"https:\/\/now-news.de\/de\/#organization","name":"Just Now News","url":"https:\/\/now-news.de\/de\/","logo":{"@type":"ImageObject","inLanguage":"de","@id":"https:\/\/now-news.de\/de\/#\/schema\/logo\/image\/","url":"http:\/\/just-now.news\/de\/wp-content\/uploads\/sites\/3\/2022\/04\/logo500x500.jpg","contentUrl":"http:\/\/just-now.news\/de\/wp-content\/uploads\/sites\/3\/2022\/04\/logo500x500.jpg","width":500,"height":500,"caption":"Just Now News"},"image":{"@id":"https:\/\/now-news.de\/de\/#\/schema\/logo\/image\/"},"sameAs":["https:\/\/www.facebook.com\/wirmachenauf","https:\/\/x.com\/WirMachenAuf_de"]},{"@type":"Person","@id":"https:\/\/now-news.de\/de\/#\/schema\/person\/fb534a4e865501d8b3285208df34a9b5","name":"rtnews","image":{"@type":"ImageObject","inLanguage":"de","@id":"https:\/\/secure.gravatar.com\/avatar\/358fe31b3ab5769fea05376e1953329834cd9912cf9daf607e2af3076a1b982b?s=96&d=mm&r=g","url":"https:\/\/secure.gravatar.com\/avatar\/358fe31b3ab5769fea05376e1953329834cd9912cf9daf607e2af3076a1b982b?s=96&d=mm&r=g","contentUrl":"https:\/\/secure.gravatar.com\/avatar\/358fe31b3ab5769fea05376e1953329834cd9912cf9daf607e2af3076a1b982b?s=96&d=mm&r=g","caption":"rtnews"},"url":"https:\/\/now-news.de\/de\/author\/rnews\/"}]}},"_links":{"self":[{"href":"https:\/\/now-news.de\/de\/wp-json\/wp\/v2\/posts\/58448","targetHints":{"allow":["GET"]}}],"collection":[{"href":"https:\/\/now-news.de\/de\/wp-json\/wp\/v2\/posts"}],"about":[{"href":"https:\/\/now-news.de\/de\/wp-json\/wp\/v2\/types\/post"}],"author":[{"embeddable":true,"href":"https:\/\/now-news.de\/de\/wp-json\/wp\/v2\/users\/3"}],"replies":[{"embeddable":true,"href":"https:\/\/now-news.de\/de\/wp-json\/wp\/v2\/comments?post=58448"}],"version-history":[{"count":0,"href":"https:\/\/now-news.de\/de\/wp-json\/wp\/v2\/posts\/58448\/revisions"}],"wp:featuredmedia":[{"embeddable":true,"href":"https:\/\/now-news.de\/de\/wp-json\/wp\/v2\/media\/58449"}],"wp:attachment":[{"href":"https:\/\/now-news.de\/de\/wp-json\/wp\/v2\/media?parent=58448"}],"wp:term":[{"taxonomy":"category","embeddable":true,"href":"https:\/\/now-news.de\/de\/wp-json\/wp\/v2\/categories?post=58448"},{"taxonomy":"post_tag","embeddable":true,"href":"https:\/\/now-news.de\/de\/wp-json\/wp\/v2\/tags?post=58448"}],"curies":[{"name":"wp","href":"https:\/\/api.w.org\/{rel}","templated":true}]}}