{"id":58400,"date":"2024-04-05T20:15:01","date_gmt":"2024-04-05T18:15:01","guid":{"rendered":"https:\/\/just-now.news\/de\/deutschland\/lawrow-zu-geplanten-ukraine-gespraechen-ein-gipfel-zur-besaenftigung-der-laender-des-globalen-suedens\/"},"modified":"2024-04-05T20:15:01","modified_gmt":"2024-04-05T18:15:01","slug":"lawrow-zu-geplanten-ukraine-gespraechen-ein-gipfel-zur-besaenftigung-der-laender-des-globalen-suedens","status":"publish","type":"post","link":"https:\/\/now-news.de\/de\/deutschland\/lawrow-zu-geplanten-ukraine-gespraechen-ein-gipfel-zur-besaenftigung-der-laender-des-globalen-suedens\/","title":{"rendered":"Lawrow zu geplanten Ukraine-Gespr\u00e4chen: Ein Gipfel zur Bes\u00e4nftigung der L\u00e4nder des Globalen S\u00fcdens"},"content":{"rendered":"<p><img decoding=\"async\" src=\"http:\/\/just-now.news\/de\/wp-content\/uploads\/sites\/3\/2024\/04\/660fef37b480cc3c576c93a7.jpg\" \/><\/p>\n<div class=\"Text-root Text-type_1 \">\n                Der russische Au\u00dfenminister bezeichnet die geplanten Ukraine-Gespr\u00e4che in der Schweiz als ein Komplott des Westens. Friedensgespr\u00e4che seien nur sinnvoll, wenn sie die Interessen Moskaus ber\u00fccksichtigen, andernfalls seien sie eine nutzlose Zeitverschwendung.\n            <\/div>\n<p><\/p>\n<div class=\"Text-root Text-type_5 ArticleView-text ViewText-root \">\n<p>Der russische Spitzendiplomat warnte am Donnerstag, dass k\u00fcnftige Verhandlungen zur Beendigung der K\u00e4mpfe in der Ukraine nur dann erfolgreich sein k\u00f6nnten, wenn sie Moskaus Interessen ber\u00fccksichtigen. Er wies eine geplante Runde von Friedensgespr\u00e4chen in der Schweiz als ein westliches Komplott zur\u00fcck, um breitere internationale Unterst\u00fctzung f\u00fcr Kiew zu gewinnen.<\/p>\n<p>Au\u00dfenminister Sergei Lawrow warf den westlichen Verb\u00fcndeten der Ukraine vor, derzeit einen massiven diplomatischen Schlagabtausch zu f\u00fchren, um so viele L\u00e4nder des globalen S\u00fcdens wie m\u00f6glich zur Teilnahme an einem Treffen in der Schweiz zu bewegen, bei dem ein m\u00f6glicher Friedensplan er\u00f6rtert werden soll.<\/p>\n<p>Nach einem Treffen mit rund 70 ausl\u00e4ndischen Botschaftern in Moskau erkl\u00e4rte Lawrow vor Reportern, der Westen versuche, die Teilnahme an der geplanten Verhandlungsrunde in der Schweiz weltweit zu f\u00f6rdern, um die Konferenz als Zeichen einer \u00fcberw\u00e4ltigenden weltweiten Unterst\u00fctzung f\u00fcr die Ukraine darzustellen.<\/p>\n<p>Die Teilnehmer k\u00f6nnten dabei nur \u00fcber bestimmte Aspekte des Friedensplans des ukrainischen Pr\u00e4sidenten Wladimir Selenskij diskutieren, etwa \u00fcber die globale Lebensmittelsicherheit, erkl\u00e4rte Lawrow. Der russische Au\u00dfenminister\u00a0kritisierte vor diesem Hintergrund die geplanten Gespr\u00e4che \u00fcber eine Beendigung der K\u00e4mpfe in der Ukraine als westlichen Schachzug. Er betonte, dass jegliche Friedensgespr\u00e4che eine &#8220;nutzlose Zeitverschwendung&#8221; seien, wenn sie die Interessen Moskaus nicht ber\u00fccksichtigten.<\/p>\n<p>Der russische Pr\u00e4sident Wladimir Putin hat wiederholt erkl\u00e4rt, er habe im Februar 2022 Truppen in die Ukraine entsandt, um die russischen Interessen zu sch\u00fctzen und zu verhindern, dass die Ukraine durch einen NATO-Beitritt eine gr\u00f6\u00dfere Sicherheitsbedrohung f\u00fcr Russland darstellt. Kiew und seine Verb\u00fcndeten haben ihrerseits die russische Milit\u00e4raktion als &#8220;unprovozierten Akt der Aggression&#8221; verurteilt.<\/p>\n<p>Lawrow bekr\u00e4ftigte Moskaus Ablehnung der Friedensformel von Selenskij, die von Russland den R\u00fcckzug seiner Truppen und\u00a0Entsch\u00e4digungszahlungen\u00a0an die Ukraine verlangt.\u00a0Er erkl\u00e4rte, dass ein m\u00f6gliches Friedensabkommen die Sicherheitsinteressen Russlands respektieren und die &#8220;neuen Realit\u00e4ten&#8221; anerkennen m\u00fcsse.<\/p>\n<p><strong>Mehr zum Thema<\/strong> &#8211; <a rel=\"nofollow noopener\" target=\"_blank\" href=\"https:\/\/freeassange.rtde.life\/russland\/201668-medwedew-keine-nato-soldaten-gefangen\/\">Medwedew: Keine NATO-Soldaten gefangen nehmen<\/a><\/p>\n<div class=\"EmbedBlock-root EmbedBlock-externalVideo EmbedBlock-odysee\">\n<div class=\"VkEmbed\"><iframe class=\"lazyload\" data-src=\"https:\/\/odysee.com\/%24\/embed\/%40RTDE%3Ae%2FScott-Ritter--Die-get%C3%B6teten-Helfer-interessieren-den-Westen-nur%2C-weil-sie-wei%C3%9F-sind%3A6\" frameborder=\"0\" width=\"853\" height=\"480\" allowfullscreen><\/iframe><\/div>\n<\/div>\n<\/div>\n<p><br \/>\n<br \/><a href=\"https:\/\/de.rt.com\/international\/201696-lawrow-zu-friedensgespraeche-mit-ukraine\/\">Source link <\/a><\/p>\n","protected":false},"excerpt":{"rendered":"<p>Der russische Au\u00dfenminister bezeichnet die geplanten Ukraine-Gespr\u00e4che in der Schweiz als ein Komplott des Westens. Friedensgespr\u00e4che seien nur sinnvoll, wenn sie die Interessen Moskaus ber\u00fccksichtigen, andernfalls seien sie eine nutzlose Zeitverschwendung. Der russische Spitzendiplomat warnte am Donnerstag, dass k\u00fcnftige Verhandlungen zur Beendigung der K\u00e4mpfe in der Ukraine nur dann erfolgreich sein k\u00f6nnten, wenn sie Moskaus [&hellip;]<\/p>\n","protected":false},"author":3,"featured_media":58401,"comment_status":"open","ping_status":"open","sticky":false,"template":"","format":"standard","meta":{"_yoast_indexnow_last_ping":["1712341298"],"wp_automatic_camp":["217"],"9748ec5e99c2de9ca9dde44220c8c682":["Lawrow zu geplanten Ukraine-Gespr\u00e4chen: Ein Gipfel zur Bes\u00e4nftigung der L\u00e4nder des Globalen S\u00fcdens"],"original_link":["https:\/\/de.rt.com\/international\/201696-lawrow-zu-friedensgespraeche-mit-ukraine\/"],"_thumbnail_id":["58401"],"jnews_social_counter_last_update":["1777608839"],"_wptgpro_p2tg_sent2tg":["a:1:{i:23737;s:19:\"2024-04-05 20:22:41\";}"]},"categories":[19,23],"tags":[54981,82,583,357,29541,23970,7126,10013,1018,27702,47283,581],"yoast_head":"<!-- This site is optimized with the Yoast SEO Premium plugin v22.7 (Yoast SEO v22.7) - https:\/\/yoast.com\/wordpress\/plugins\/seo\/ -->\n<title>Lawrow zu geplanten Ukraine-Gespr\u00e4chen: Ein Gipfel zur Bes\u00e4nftigung der L\u00e4nder des Globalen S\u00fcdens - just-now.NEWS Deutschland<\/title>\n<meta name=\"robots\" content=\"index, follow, max-snippet:-1, max-image-preview:large, max-video-preview:-1\" \/>\n<link rel=\"canonical\" href=\"https:\/\/now-news.de\/de\/deutschland\/lawrow-zu-geplanten-ukraine-gespraechen-ein-gipfel-zur-besaenftigung-der-laender-des-globalen-suedens\/\" \/>\n<meta property=\"og:locale\" content=\"de_DE\" \/>\n<meta property=\"og:type\" content=\"article\" \/>\n<meta property=\"og:title\" content=\"Lawrow zu geplanten Ukraine-Gespr\u00e4chen: Ein Gipfel zur Bes\u00e4nftigung der L\u00e4nder des Globalen S\u00fcdens\" \/>\n<meta property=\"og:description\" content=\"Der russische Au\u00dfenminister bezeichnet die geplanten Ukraine-Gespr\u00e4che in der Schweiz als ein Komplott des Westens. Friedensgespr\u00e4che seien nur sinnvoll, wenn sie die Interessen Moskaus ber\u00fccksichtigen, andernfalls seien sie eine nutzlose Zeitverschwendung. Der russische Spitzendiplomat warnte am Donnerstag, dass k\u00fcnftige Verhandlungen zur Beendigung der K\u00e4mpfe in der Ukraine nur dann erfolgreich sein k\u00f6nnten, wenn sie Moskaus [&hellip;]\" \/>\n<meta property=\"og:url\" content=\"https:\/\/now-news.de\/de\/deutschland\/lawrow-zu-geplanten-ukraine-gespraechen-ein-gipfel-zur-besaenftigung-der-laender-des-globalen-suedens\/\" \/>\n<meta property=\"og:site_name\" content=\"just-now.NEWS Deutschland\" \/>\n<meta property=\"article:publisher\" content=\"https:\/\/www.facebook.com\/wirmachenauf\" \/>\n<meta property=\"article:published_time\" content=\"2024-04-05T18:15:01+00:00\" \/>\n<meta property=\"og:image\" content=\"https:\/\/now-news.de\/de\/wp-content\/uploads\/sites\/3\/2024\/04\/Lawrow-zu-geplanten-Ukraine-Gespraechen-Ein-Gipfel-zur-Besaenftigung-der-Laender.jpg\" \/>\n\t<meta property=\"og:image:width\" content=\"460\" \/>\n\t<meta property=\"og:image:height\" content=\"259\" \/>\n\t<meta property=\"og:image:type\" content=\"image\/jpeg\" \/>\n<meta name=\"author\" content=\"rtnews\" \/>\n<meta name=\"twitter:card\" content=\"summary_large_image\" \/>\n<meta name=\"twitter:creator\" content=\"@WirMachenAuf_de\" \/>\n<meta name=\"twitter:site\" content=\"@WirMachenAuf_de\" \/>\n<meta name=\"twitter:label1\" content=\"Verfasst von\" \/>\n\t<meta name=\"twitter:data1\" content=\"rtnews\" \/>\n\t<meta name=\"twitter:label2\" content=\"Gesch\u00e4tzte Lesezeit\" \/>\n\t<meta name=\"twitter:data2\" content=\"2\u00a0Minuten\" \/>\n<script type=\"application\/ld+json\" class=\"yoast-schema-graph\">{\"@context\":\"https:\/\/schema.org\",\"@graph\":[{\"@type\":\"Article\",\"@id\":\"https:\/\/now-news.de\/de\/deutschland\/lawrow-zu-geplanten-ukraine-gespraechen-ein-gipfel-zur-besaenftigung-der-laender-des-globalen-suedens\/#article\",\"isPartOf\":{\"@id\":\"https:\/\/now-news.de\/de\/deutschland\/lawrow-zu-geplanten-ukraine-gespraechen-ein-gipfel-zur-besaenftigung-der-laender-des-globalen-suedens\/\"},\"author\":{\"name\":\"rtnews\",\"@id\":\"https:\/\/now-news.de\/de\/#\/schema\/person\/fb534a4e865501d8b3285208df34a9b5\"},\"headline\":\"Lawrow zu geplanten Ukraine-Gespr\u00e4chen: Ein Gipfel zur Bes\u00e4nftigung der L\u00e4nder des Globalen S\u00fcdens\",\"datePublished\":\"2024-04-05T18:15:01+00:00\",\"dateModified\":\"2024-04-05T18:15:01+00:00\",\"mainEntityOfPage\":{\"@id\":\"https:\/\/now-news.de\/de\/deutschland\/lawrow-zu-geplanten-ukraine-gespraechen-ein-gipfel-zur-besaenftigung-der-laender-des-globalen-suedens\/\"},\"wordCount\":392,\"commentCount\":0,\"publisher\":{\"@id\":\"https:\/\/now-news.de\/de\/#organization\"},\"image\":{\"@id\":\"https:\/\/now-news.de\/de\/deutschland\/lawrow-zu-geplanten-ukraine-gespraechen-ein-gipfel-zur-besaenftigung-der-laender-des-globalen-suedens\/#primaryimage\"},\"thumbnailUrl\":\"https:\/\/now-news.de\/de\/wp-content\/uploads\/sites\/3\/2024\/04\/Lawrow-zu-geplanten-Ukraine-Gespraechen-Ein-Gipfel-zur-Besaenftigung-der-Laender.jpg\",\"keywords\":[\"Bes\u00e4nftigung\",\"der\",\"des\",\"ein\",\"geplanten\",\"Gipfel\",\"globalen\",\"L\u00e4nder\",\"Lawrow\",\"S\u00fcdens\",\"UkraineGespr\u00e4chen\",\"zur\"],\"articleSection\":[\"Deutschland\",\"Russland\"],\"inLanguage\":\"de\",\"potentialAction\":[{\"@type\":\"CommentAction\",\"name\":\"Comment\",\"target\":[\"https:\/\/now-news.de\/de\/deutschland\/lawrow-zu-geplanten-ukraine-gespraechen-ein-gipfel-zur-besaenftigung-der-laender-des-globalen-suedens\/#respond\"]}]},{\"@type\":\"WebPage\",\"@id\":\"https:\/\/now-news.de\/de\/deutschland\/lawrow-zu-geplanten-ukraine-gespraechen-ein-gipfel-zur-besaenftigung-der-laender-des-globalen-suedens\/\",\"url\":\"https:\/\/now-news.de\/de\/deutschland\/lawrow-zu-geplanten-ukraine-gespraechen-ein-gipfel-zur-besaenftigung-der-laender-des-globalen-suedens\/\",\"name\":\"Lawrow zu geplanten Ukraine-Gespr\u00e4chen: Ein Gipfel zur Bes\u00e4nftigung der L\u00e4nder des Globalen S\u00fcdens - just-now.NEWS Deutschland\",\"isPartOf\":{\"@id\":\"https:\/\/now-news.de\/de\/#website\"},\"primaryImageOfPage\":{\"@id\":\"https:\/\/now-news.de\/de\/deutschland\/lawrow-zu-geplanten-ukraine-gespraechen-ein-gipfel-zur-besaenftigung-der-laender-des-globalen-suedens\/#primaryimage\"},\"image\":{\"@id\":\"https:\/\/now-news.de\/de\/deutschland\/lawrow-zu-geplanten-ukraine-gespraechen-ein-gipfel-zur-besaenftigung-der-laender-des-globalen-suedens\/#primaryimage\"},\"thumbnailUrl\":\"https:\/\/now-news.de\/de\/wp-content\/uploads\/sites\/3\/2024\/04\/Lawrow-zu-geplanten-Ukraine-Gespraechen-Ein-Gipfel-zur-Besaenftigung-der-Laender.jpg\",\"datePublished\":\"2024-04-05T18:15:01+00:00\",\"dateModified\":\"2024-04-05T18:15:01+00:00\",\"breadcrumb\":{\"@id\":\"https:\/\/now-news.de\/de\/deutschland\/lawrow-zu-geplanten-ukraine-gespraechen-ein-gipfel-zur-besaenftigung-der-laender-des-globalen-suedens\/#breadcrumb\"},\"inLanguage\":\"de\",\"potentialAction\":[{\"@type\":\"ReadAction\",\"target\":[\"https:\/\/now-news.de\/de\/deutschland\/lawrow-zu-geplanten-ukraine-gespraechen-ein-gipfel-zur-besaenftigung-der-laender-des-globalen-suedens\/\"]}]},{\"@type\":\"ImageObject\",\"inLanguage\":\"de\",\"@id\":\"https:\/\/now-news.de\/de\/deutschland\/lawrow-zu-geplanten-ukraine-gespraechen-ein-gipfel-zur-besaenftigung-der-laender-des-globalen-suedens\/#primaryimage\",\"url\":\"https:\/\/now-news.de\/de\/wp-content\/uploads\/sites\/3\/2024\/04\/Lawrow-zu-geplanten-Ukraine-Gespraechen-Ein-Gipfel-zur-Besaenftigung-der-Laender.jpg\",\"contentUrl\":\"https:\/\/now-news.de\/de\/wp-content\/uploads\/sites\/3\/2024\/04\/Lawrow-zu-geplanten-Ukraine-Gespraechen-Ein-Gipfel-zur-Besaenftigung-der-Laender.jpg\",\"width\":460,\"height\":259,\"caption\":\"Lawrow zu geplanten Ukraine-Gespr\u00e4chen: Ein Gipfel zur Bes\u00e4nftigung der L\u00e4nder des Globalen S\u00fcdens\"},{\"@type\":\"BreadcrumbList\",\"@id\":\"https:\/\/now-news.de\/de\/deutschland\/lawrow-zu-geplanten-ukraine-gespraechen-ein-gipfel-zur-besaenftigung-der-laender-des-globalen-suedens\/#breadcrumb\",\"itemListElement\":[{\"@type\":\"ListItem\",\"position\":1,\"name\":\"Home\",\"item\":\"https:\/\/now-news.de\/de\/\"},{\"@type\":\"ListItem\",\"position\":2,\"name\":\"Lawrow zu geplanten Ukraine-Gespr\u00e4chen: Ein Gipfel zur Bes\u00e4nftigung der L\u00e4nder des Globalen S\u00fcdens\"}]},{\"@type\":\"WebSite\",\"@id\":\"https:\/\/now-news.de\/de\/#website\",\"url\":\"https:\/\/now-news.de\/de\/\",\"name\":\"just-now.NEWS Deutschland\",\"description\":\"Das Portal f\u00fcr unzensierte Nachrichten aus der Welt\",\"publisher\":{\"@id\":\"https:\/\/now-news.de\/de\/#organization\"},\"potentialAction\":[{\"@type\":\"SearchAction\",\"target\":{\"@type\":\"EntryPoint\",\"urlTemplate\":\"https:\/\/now-news.de\/de\/?s={search_term_string}\"},\"query-input\":\"required name=search_term_string\"}],\"inLanguage\":\"de\"},{\"@type\":\"Organization\",\"@id\":\"https:\/\/now-news.de\/de\/#organization\",\"name\":\"Just Now News\",\"url\":\"https:\/\/now-news.de\/de\/\",\"logo\":{\"@type\":\"ImageObject\",\"inLanguage\":\"de\",\"@id\":\"https:\/\/now-news.de\/de\/#\/schema\/logo\/image\/\",\"url\":\"http:\/\/just-now.news\/de\/wp-content\/uploads\/sites\/3\/2022\/04\/logo500x500.jpg\",\"contentUrl\":\"http:\/\/just-now.news\/de\/wp-content\/uploads\/sites\/3\/2022\/04\/logo500x500.jpg\",\"width\":500,\"height\":500,\"caption\":\"Just Now News\"},\"image\":{\"@id\":\"https:\/\/now-news.de\/de\/#\/schema\/logo\/image\/\"},\"sameAs\":[\"https:\/\/www.facebook.com\/wirmachenauf\",\"https:\/\/x.com\/WirMachenAuf_de\"]},{\"@type\":\"Person\",\"@id\":\"https:\/\/now-news.de\/de\/#\/schema\/person\/fb534a4e865501d8b3285208df34a9b5\",\"name\":\"rtnews\",\"image\":{\"@type\":\"ImageObject\",\"inLanguage\":\"de\",\"@id\":\"https:\/\/now-news.de\/de\/#\/schema\/person\/image\/\",\"url\":\"https:\/\/secure.gravatar.com\/avatar\/82aafea7d8127119dd649515f56e2117?s=96&d=mm&r=g\",\"contentUrl\":\"https:\/\/secure.gravatar.com\/avatar\/82aafea7d8127119dd649515f56e2117?s=96&d=mm&r=g\",\"caption\":\"rtnews\"},\"url\":\"https:\/\/now-news.de\/de\/author\/rnews\/\"}]}<\/script>\n<!-- \/ Yoast SEO Premium plugin. -->","yoast_head_json":{"title":"Lawrow zu geplanten Ukraine-Gespr\u00e4chen: Ein Gipfel zur Bes\u00e4nftigung der L\u00e4nder des Globalen S\u00fcdens - just-now.NEWS Deutschland","robots":{"index":"index","follow":"follow","max-snippet":"max-snippet:-1","max-image-preview":"max-image-preview:large","max-video-preview":"max-video-preview:-1"},"canonical":"https:\/\/now-news.de\/de\/deutschland\/lawrow-zu-geplanten-ukraine-gespraechen-ein-gipfel-zur-besaenftigung-der-laender-des-globalen-suedens\/","og_locale":"de_DE","og_type":"article","og_title":"Lawrow zu geplanten Ukraine-Gespr\u00e4chen: Ein Gipfel zur Bes\u00e4nftigung der L\u00e4nder des Globalen S\u00fcdens","og_description":"Der russische Au\u00dfenminister bezeichnet die geplanten Ukraine-Gespr\u00e4che in der Schweiz als ein Komplott des Westens. Friedensgespr\u00e4che seien nur sinnvoll, wenn sie die Interessen Moskaus ber\u00fccksichtigen, andernfalls seien sie eine nutzlose Zeitverschwendung. Der russische Spitzendiplomat warnte am Donnerstag, dass k\u00fcnftige Verhandlungen zur Beendigung der K\u00e4mpfe in der Ukraine nur dann erfolgreich sein k\u00f6nnten, wenn sie Moskaus [&hellip;]","og_url":"https:\/\/now-news.de\/de\/deutschland\/lawrow-zu-geplanten-ukraine-gespraechen-ein-gipfel-zur-besaenftigung-der-laender-des-globalen-suedens\/","og_site_name":"just-now.NEWS Deutschland","article_publisher":"https:\/\/www.facebook.com\/wirmachenauf","article_published_time":"2024-04-05T18:15:01+00:00","og_image":[{"width":460,"height":259,"url":"https:\/\/now-news.de\/de\/wp-content\/uploads\/sites\/3\/2024\/04\/Lawrow-zu-geplanten-Ukraine-Gespraechen-Ein-Gipfel-zur-Besaenftigung-der-Laender.jpg","type":"image\/jpeg"}],"author":"rtnews","twitter_card":"summary_large_image","twitter_creator":"@WirMachenAuf_de","twitter_site":"@WirMachenAuf_de","twitter_misc":{"Verfasst von":"rtnews","Gesch\u00e4tzte Lesezeit":"2\u00a0Minuten"},"schema":{"@context":"https:\/\/schema.org","@graph":[{"@type":"Article","@id":"https:\/\/now-news.de\/de\/deutschland\/lawrow-zu-geplanten-ukraine-gespraechen-ein-gipfel-zur-besaenftigung-der-laender-des-globalen-suedens\/#article","isPartOf":{"@id":"https:\/\/now-news.de\/de\/deutschland\/lawrow-zu-geplanten-ukraine-gespraechen-ein-gipfel-zur-besaenftigung-der-laender-des-globalen-suedens\/"},"author":{"name":"rtnews","@id":"https:\/\/now-news.de\/de\/#\/schema\/person\/fb534a4e865501d8b3285208df34a9b5"},"headline":"Lawrow zu geplanten Ukraine-Gespr\u00e4chen: Ein Gipfel zur Bes\u00e4nftigung der L\u00e4nder des Globalen S\u00fcdens","datePublished":"2024-04-05T18:15:01+00:00","dateModified":"2024-04-05T18:15:01+00:00","mainEntityOfPage":{"@id":"https:\/\/now-news.de\/de\/deutschland\/lawrow-zu-geplanten-ukraine-gespraechen-ein-gipfel-zur-besaenftigung-der-laender-des-globalen-suedens\/"},"wordCount":392,"commentCount":0,"publisher":{"@id":"https:\/\/now-news.de\/de\/#organization"},"image":{"@id":"https:\/\/now-news.de\/de\/deutschland\/lawrow-zu-geplanten-ukraine-gespraechen-ein-gipfel-zur-besaenftigung-der-laender-des-globalen-suedens\/#primaryimage"},"thumbnailUrl":"https:\/\/now-news.de\/de\/wp-content\/uploads\/sites\/3\/2024\/04\/Lawrow-zu-geplanten-Ukraine-Gespraechen-Ein-Gipfel-zur-Besaenftigung-der-Laender.jpg","keywords":["Bes\u00e4nftigung","der","des","ein","geplanten","Gipfel","globalen","L\u00e4nder","Lawrow","S\u00fcdens","UkraineGespr\u00e4chen","zur"],"articleSection":["Deutschland","Russland"],"inLanguage":"de","potentialAction":[{"@type":"CommentAction","name":"Comment","target":["https:\/\/now-news.de\/de\/deutschland\/lawrow-zu-geplanten-ukraine-gespraechen-ein-gipfel-zur-besaenftigung-der-laender-des-globalen-suedens\/#respond"]}]},{"@type":"WebPage","@id":"https:\/\/now-news.de\/de\/deutschland\/lawrow-zu-geplanten-ukraine-gespraechen-ein-gipfel-zur-besaenftigung-der-laender-des-globalen-suedens\/","url":"https:\/\/now-news.de\/de\/deutschland\/lawrow-zu-geplanten-ukraine-gespraechen-ein-gipfel-zur-besaenftigung-der-laender-des-globalen-suedens\/","name":"Lawrow zu geplanten Ukraine-Gespr\u00e4chen: Ein Gipfel zur Bes\u00e4nftigung der L\u00e4nder des Globalen S\u00fcdens - just-now.NEWS Deutschland","isPartOf":{"@id":"https:\/\/now-news.de\/de\/#website"},"primaryImageOfPage":{"@id":"https:\/\/now-news.de\/de\/deutschland\/lawrow-zu-geplanten-ukraine-gespraechen-ein-gipfel-zur-besaenftigung-der-laender-des-globalen-suedens\/#primaryimage"},"image":{"@id":"https:\/\/now-news.de\/de\/deutschland\/lawrow-zu-geplanten-ukraine-gespraechen-ein-gipfel-zur-besaenftigung-der-laender-des-globalen-suedens\/#primaryimage"},"thumbnailUrl":"https:\/\/now-news.de\/de\/wp-content\/uploads\/sites\/3\/2024\/04\/Lawrow-zu-geplanten-Ukraine-Gespraechen-Ein-Gipfel-zur-Besaenftigung-der-Laender.jpg","datePublished":"2024-04-05T18:15:01+00:00","dateModified":"2024-04-05T18:15:01+00:00","breadcrumb":{"@id":"https:\/\/now-news.de\/de\/deutschland\/lawrow-zu-geplanten-ukraine-gespraechen-ein-gipfel-zur-besaenftigung-der-laender-des-globalen-suedens\/#breadcrumb"},"inLanguage":"de","potentialAction":[{"@type":"ReadAction","target":["https:\/\/now-news.de\/de\/deutschland\/lawrow-zu-geplanten-ukraine-gespraechen-ein-gipfel-zur-besaenftigung-der-laender-des-globalen-suedens\/"]}]},{"@type":"ImageObject","inLanguage":"de","@id":"https:\/\/now-news.de\/de\/deutschland\/lawrow-zu-geplanten-ukraine-gespraechen-ein-gipfel-zur-besaenftigung-der-laender-des-globalen-suedens\/#primaryimage","url":"https:\/\/now-news.de\/de\/wp-content\/uploads\/sites\/3\/2024\/04\/Lawrow-zu-geplanten-Ukraine-Gespraechen-Ein-Gipfel-zur-Besaenftigung-der-Laender.jpg","contentUrl":"https:\/\/now-news.de\/de\/wp-content\/uploads\/sites\/3\/2024\/04\/Lawrow-zu-geplanten-Ukraine-Gespraechen-Ein-Gipfel-zur-Besaenftigung-der-Laender.jpg","width":460,"height":259,"caption":"Lawrow zu geplanten Ukraine-Gespr\u00e4chen: Ein Gipfel zur Bes\u00e4nftigung der L\u00e4nder des Globalen S\u00fcdens"},{"@type":"BreadcrumbList","@id":"https:\/\/now-news.de\/de\/deutschland\/lawrow-zu-geplanten-ukraine-gespraechen-ein-gipfel-zur-besaenftigung-der-laender-des-globalen-suedens\/#breadcrumb","itemListElement":[{"@type":"ListItem","position":1,"name":"Home","item":"https:\/\/now-news.de\/de\/"},{"@type":"ListItem","position":2,"name":"Lawrow zu geplanten Ukraine-Gespr\u00e4chen: Ein Gipfel zur Bes\u00e4nftigung der L\u00e4nder des Globalen S\u00fcdens"}]},{"@type":"WebSite","@id":"https:\/\/now-news.de\/de\/#website","url":"https:\/\/now-news.de\/de\/","name":"just-now.NEWS Deutschland","description":"Das Portal f\u00fcr unzensierte Nachrichten aus der Welt","publisher":{"@id":"https:\/\/now-news.de\/de\/#organization"},"potentialAction":[{"@type":"SearchAction","target":{"@type":"EntryPoint","urlTemplate":"https:\/\/now-news.de\/de\/?s={search_term_string}"},"query-input":"required name=search_term_string"}],"inLanguage":"de"},{"@type":"Organization","@id":"https:\/\/now-news.de\/de\/#organization","name":"Just Now News","url":"https:\/\/now-news.de\/de\/","logo":{"@type":"ImageObject","inLanguage":"de","@id":"https:\/\/now-news.de\/de\/#\/schema\/logo\/image\/","url":"http:\/\/just-now.news\/de\/wp-content\/uploads\/sites\/3\/2022\/04\/logo500x500.jpg","contentUrl":"http:\/\/just-now.news\/de\/wp-content\/uploads\/sites\/3\/2022\/04\/logo500x500.jpg","width":500,"height":500,"caption":"Just Now News"},"image":{"@id":"https:\/\/now-news.de\/de\/#\/schema\/logo\/image\/"},"sameAs":["https:\/\/www.facebook.com\/wirmachenauf","https:\/\/x.com\/WirMachenAuf_de"]},{"@type":"Person","@id":"https:\/\/now-news.de\/de\/#\/schema\/person\/fb534a4e865501d8b3285208df34a9b5","name":"rtnews","image":{"@type":"ImageObject","inLanguage":"de","@id":"https:\/\/now-news.de\/de\/#\/schema\/person\/image\/","url":"https:\/\/secure.gravatar.com\/avatar\/82aafea7d8127119dd649515f56e2117?s=96&d=mm&r=g","contentUrl":"https:\/\/secure.gravatar.com\/avatar\/82aafea7d8127119dd649515f56e2117?s=96&d=mm&r=g","caption":"rtnews"},"url":"https:\/\/now-news.de\/de\/author\/rnews\/"}]}},"_links":{"self":[{"href":"https:\/\/now-news.de\/de\/wp-json\/wp\/v2\/posts\/58400"}],"collection":[{"href":"https:\/\/now-news.de\/de\/wp-json\/wp\/v2\/posts"}],"about":[{"href":"https:\/\/now-news.de\/de\/wp-json\/wp\/v2\/types\/post"}],"author":[{"embeddable":true,"href":"https:\/\/now-news.de\/de\/wp-json\/wp\/v2\/users\/3"}],"replies":[{"embeddable":true,"href":"https:\/\/now-news.de\/de\/wp-json\/wp\/v2\/comments?post=58400"}],"version-history":[{"count":0,"href":"https:\/\/now-news.de\/de\/wp-json\/wp\/v2\/posts\/58400\/revisions"}],"wp:featuredmedia":[{"embeddable":true,"href":"https:\/\/now-news.de\/de\/wp-json\/wp\/v2\/media\/58401"}],"wp:attachment":[{"href":"https:\/\/now-news.de\/de\/wp-json\/wp\/v2\/media?parent=58400"}],"wp:term":[{"taxonomy":"category","embeddable":true,"href":"https:\/\/now-news.de\/de\/wp-json\/wp\/v2\/categories?post=58400"},{"taxonomy":"post_tag","embeddable":true,"href":"https:\/\/now-news.de\/de\/wp-json\/wp\/v2\/tags?post=58400"}],"curies":[{"name":"wp","href":"https:\/\/api.w.org\/{rel}","templated":true}]}}