{"id":58378,"date":"2024-04-05T13:44:14","date_gmt":"2024-04-05T11:44:14","guid":{"rendered":"https:\/\/just-now.news\/de\/deutschland\/terroranschlag-auf-crocus-fotos-mit-ukrainischem-militaer-auf-handys-der-terroristen-gefunden\/"},"modified":"2024-04-05T13:44:14","modified_gmt":"2024-04-05T11:44:14","slug":"terroranschlag-auf-crocus-fotos-mit-ukrainischem-militaer-auf-handys-der-terroristen-gefunden","status":"publish","type":"post","link":"https:\/\/now-news.de\/de\/deutschland\/terroranschlag-auf-crocus-fotos-mit-ukrainischem-militaer-auf-handys-der-terroristen-gefunden\/","title":{"rendered":"Terroranschlag auf Crocus: Fotos mit ukrainischem Milit\u00e4r auf Handys der Terroristen gefunden"},"content":{"rendered":"<p><img decoding=\"async\" src=\"http:\/\/just-now.news\/de\/wp-content\/uploads\/sites\/3\/2024\/04\/660fe5dd48fbef522847ee20.JPG\" \/><\/p>\n<div class=\"Text-root Text-type_1 \">\n                Bilder aus den Mobiltelefonen der Terroristen, die mehr als 140 Menschen in der Moskauer Konzerthalle Crocus Sity Hall get\u00f6tet haben, deuten auf eine m\u00f6gliche Verbindung zum aktuellen Ukraine-Konflikt hin, so die Ermittler am Freitag.\n            <\/div>\n<p><\/p>\n<div class=\"Text-root Text-type_5 ArticleView-text ViewText-root \">\n<p>Das russische Ermittlungskomitee teilte mit, dass auf dem Mobiltelefon eines der Terroristen Bilder mit Bezug zum Ukraine-Konflikt gefunden wurden. Dazu geh\u00f6ren Fotos von ukrainischen Soldaten und ein Foto eines in die ukrainische Flagge geh\u00fcllten Mannes, der vor einem zerst\u00f6rten Geb\u00e4ude steht. Ein Bild eines Soldaten, der auf einem Panzer steht und die ukrainische Flagge h\u00e4lt, enth\u00e4lt die Bildunterschrift <em>&#8220;The Special Operations Forces of the Armed Forces of Ukraine&#8221;.<\/em><\/p>\n<p>Die Dschihadistengruppe Islamischer Staat, Provinz Chorasan (ISIS-K) hat sich zu dem Anschlag bekannt. Der Leiter des russischen F\u00f6deralen Sicherheitsdienstes (FSB), Aleksandr Bortnikow, deutete jedoch an, dass auch die USA, das Vereinigte K\u00f6nigreich und die Ukraine mit dem Anschlag in Verbindung stehen und m\u00f6glicherweise Islamisten als Stellvertreter einsetzen. Die Ukraine und ihre westlichen Unterst\u00fctzer haben jegliche Verwicklung bestritten.<\/p>\n<p><em>Mehr Informationen in K\u00fcrze&#8230;<\/em><\/p>\n<\/p>\n<\/div>\n<p><br \/>\n<br \/><a href=\"https:\/\/de.rt.com\/europa\/201694-fotos-mit-ukrainischem-militaer-auf-handys-crocus-terroristen-gefunden-ermittler\/\">Source link <\/a><\/p>\n","protected":false},"excerpt":{"rendered":"<p>Bilder aus den Mobiltelefonen der Terroristen, die mehr als 140 Menschen in der Moskauer Konzerthalle Crocus Sity Hall get\u00f6tet haben, deuten auf eine m\u00f6gliche Verbindung zum aktuellen Ukraine-Konflikt hin, so die Ermittler am Freitag. Das russische Ermittlungskomitee teilte mit, dass auf dem Mobiltelefon eines der Terroristen Bilder mit Bezug zum Ukraine-Konflikt gefunden wurden. Dazu geh\u00f6ren [&hellip;]<\/p>\n","protected":false},"author":3,"featured_media":58379,"comment_status":"open","ping_status":"open","sticky":false,"template":"","format":"standard","meta":{"_yoast_indexnow_last_ping":["1712318251"],"wp_automatic_camp":["217"],"e93923d307e94cf1178824f816db65a9":["Terroranschlag auf Crocus: Fotos mit ukrainischem Milit\u00e4r auf Handys der Terroristen gefunden"],"original_link":["https:\/\/de.rt.com\/europa\/201694-fotos-mit-ukrainischem-militaer-auf-handys-crocus-terroristen-gefunden-ermittler\/"],"_thumbnail_id":["58379"],"_wptgpro_p2tg_sent2tg":["a:1:{i:23737;s:19:\"2024-04-05 13:58:49\";}"],"jnews_social_counter_last_update":["1777258470"]},"categories":[19,23],"tags":[133,54833,82,16707,19403,29760,4029,419,9473,17172,20009],"yoast_head":"<!-- This site is optimized with the Yoast SEO Premium plugin v22.7 (Yoast SEO v22.7) - https:\/\/yoast.com\/wordpress\/plugins\/seo\/ -->\n<title>Terroranschlag auf Crocus: Fotos mit ukrainischem Milit\u00e4r auf Handys der Terroristen gefunden - just-now.NEWS Deutschland<\/title>\n<meta name=\"robots\" content=\"index, follow, max-snippet:-1, max-image-preview:large, max-video-preview:-1\" \/>\n<link rel=\"canonical\" href=\"https:\/\/now-news.de\/de\/deutschland\/terroranschlag-auf-crocus-fotos-mit-ukrainischem-militaer-auf-handys-der-terroristen-gefunden\/\" \/>\n<meta property=\"og:locale\" content=\"de_DE\" \/>\n<meta property=\"og:type\" content=\"article\" \/>\n<meta property=\"og:title\" content=\"Terroranschlag auf Crocus: Fotos mit ukrainischem Milit\u00e4r auf Handys der Terroristen gefunden\" \/>\n<meta property=\"og:description\" content=\"Bilder aus den Mobiltelefonen der Terroristen, die mehr als 140 Menschen in der Moskauer Konzerthalle Crocus Sity Hall get\u00f6tet haben, deuten auf eine m\u00f6gliche Verbindung zum aktuellen Ukraine-Konflikt hin, so die Ermittler am Freitag. Das russische Ermittlungskomitee teilte mit, dass auf dem Mobiltelefon eines der Terroristen Bilder mit Bezug zum Ukraine-Konflikt gefunden wurden. Dazu geh\u00f6ren [&hellip;]\" \/>\n<meta property=\"og:url\" content=\"https:\/\/now-news.de\/de\/deutschland\/terroranschlag-auf-crocus-fotos-mit-ukrainischem-militaer-auf-handys-der-terroristen-gefunden\/\" \/>\n<meta property=\"og:site_name\" content=\"just-now.NEWS Deutschland\" \/>\n<meta property=\"article:publisher\" content=\"https:\/\/www.facebook.com\/wirmachenauf\" \/>\n<meta property=\"article:published_time\" content=\"2024-04-05T11:44:14+00:00\" \/>\n<meta property=\"og:image\" content=\"https:\/\/now-news.de\/de\/wp-content\/uploads\/sites\/3\/2024\/04\/Terroranschlag-auf-Crocus-Fotos-mit-ukrainischem-Militaer-auf-Handys-der.JPG\" \/>\n\t<meta property=\"og:image:width\" content=\"460\" \/>\n\t<meta property=\"og:image:height\" content=\"259\" \/>\n\t<meta property=\"og:image:type\" content=\"image\/jpeg\" \/>\n<meta name=\"author\" content=\"rtnews\" \/>\n<meta name=\"twitter:card\" content=\"summary_large_image\" \/>\n<meta name=\"twitter:creator\" content=\"@WirMachenAuf_de\" \/>\n<meta name=\"twitter:site\" content=\"@WirMachenAuf_de\" \/>\n<meta name=\"twitter:label1\" content=\"Verfasst von\" \/>\n\t<meta name=\"twitter:data1\" content=\"rtnews\" \/>\n\t<meta name=\"twitter:label2\" content=\"Gesch\u00e4tzte Lesezeit\" \/>\n\t<meta name=\"twitter:data2\" content=\"1\u00a0Minute\" \/>\n<script type=\"application\/ld+json\" class=\"yoast-schema-graph\">{\"@context\":\"https:\/\/schema.org\",\"@graph\":[{\"@type\":\"Article\",\"@id\":\"https:\/\/now-news.de\/de\/deutschland\/terroranschlag-auf-crocus-fotos-mit-ukrainischem-militaer-auf-handys-der-terroristen-gefunden\/#article\",\"isPartOf\":{\"@id\":\"https:\/\/now-news.de\/de\/deutschland\/terroranschlag-auf-crocus-fotos-mit-ukrainischem-militaer-auf-handys-der-terroristen-gefunden\/\"},\"author\":{\"name\":\"rtnews\",\"@id\":\"https:\/\/now-news.de\/de\/#\/schema\/person\/fb534a4e865501d8b3285208df34a9b5\"},\"headline\":\"Terroranschlag auf Crocus: Fotos mit ukrainischem Milit\u00e4r auf Handys der Terroristen gefunden\",\"datePublished\":\"2024-04-05T11:44:14+00:00\",\"dateModified\":\"2024-04-05T11:44:14+00:00\",\"mainEntityOfPage\":{\"@id\":\"https:\/\/now-news.de\/de\/deutschland\/terroranschlag-auf-crocus-fotos-mit-ukrainischem-militaer-auf-handys-der-terroristen-gefunden\/\"},\"wordCount\":191,\"commentCount\":0,\"publisher\":{\"@id\":\"https:\/\/now-news.de\/de\/#organization\"},\"image\":{\"@id\":\"https:\/\/now-news.de\/de\/deutschland\/terroranschlag-auf-crocus-fotos-mit-ukrainischem-militaer-auf-handys-der-terroristen-gefunden\/#primaryimage\"},\"thumbnailUrl\":\"https:\/\/now-news.de\/de\/wp-content\/uploads\/sites\/3\/2024\/04\/Terroranschlag-auf-Crocus-Fotos-mit-ukrainischem-Militaer-auf-Handys-der.JPG\",\"keywords\":[\"AUF\",\"Crocus\",\"der\",\"Fotos\",\"gefunden\",\"Handys\",\"Milit\u00e4r\",\"mit\",\"Terroranschlag\",\"Terroristen\",\"ukrainischem\"],\"articleSection\":[\"Deutschland\",\"Russland\"],\"inLanguage\":\"de\",\"potentialAction\":[{\"@type\":\"CommentAction\",\"name\":\"Comment\",\"target\":[\"https:\/\/now-news.de\/de\/deutschland\/terroranschlag-auf-crocus-fotos-mit-ukrainischem-militaer-auf-handys-der-terroristen-gefunden\/#respond\"]}]},{\"@type\":\"WebPage\",\"@id\":\"https:\/\/now-news.de\/de\/deutschland\/terroranschlag-auf-crocus-fotos-mit-ukrainischem-militaer-auf-handys-der-terroristen-gefunden\/\",\"url\":\"https:\/\/now-news.de\/de\/deutschland\/terroranschlag-auf-crocus-fotos-mit-ukrainischem-militaer-auf-handys-der-terroristen-gefunden\/\",\"name\":\"Terroranschlag auf Crocus: Fotos mit ukrainischem Milit\u00e4r auf Handys der Terroristen gefunden - just-now.NEWS Deutschland\",\"isPartOf\":{\"@id\":\"https:\/\/now-news.de\/de\/#website\"},\"primaryImageOfPage\":{\"@id\":\"https:\/\/now-news.de\/de\/deutschland\/terroranschlag-auf-crocus-fotos-mit-ukrainischem-militaer-auf-handys-der-terroristen-gefunden\/#primaryimage\"},\"image\":{\"@id\":\"https:\/\/now-news.de\/de\/deutschland\/terroranschlag-auf-crocus-fotos-mit-ukrainischem-militaer-auf-handys-der-terroristen-gefunden\/#primaryimage\"},\"thumbnailUrl\":\"https:\/\/now-news.de\/de\/wp-content\/uploads\/sites\/3\/2024\/04\/Terroranschlag-auf-Crocus-Fotos-mit-ukrainischem-Militaer-auf-Handys-der.JPG\",\"datePublished\":\"2024-04-05T11:44:14+00:00\",\"dateModified\":\"2024-04-05T11:44:14+00:00\",\"breadcrumb\":{\"@id\":\"https:\/\/now-news.de\/de\/deutschland\/terroranschlag-auf-crocus-fotos-mit-ukrainischem-militaer-auf-handys-der-terroristen-gefunden\/#breadcrumb\"},\"inLanguage\":\"de\",\"potentialAction\":[{\"@type\":\"ReadAction\",\"target\":[\"https:\/\/now-news.de\/de\/deutschland\/terroranschlag-auf-crocus-fotos-mit-ukrainischem-militaer-auf-handys-der-terroristen-gefunden\/\"]}]},{\"@type\":\"ImageObject\",\"inLanguage\":\"de\",\"@id\":\"https:\/\/now-news.de\/de\/deutschland\/terroranschlag-auf-crocus-fotos-mit-ukrainischem-militaer-auf-handys-der-terroristen-gefunden\/#primaryimage\",\"url\":\"https:\/\/now-news.de\/de\/wp-content\/uploads\/sites\/3\/2024\/04\/Terroranschlag-auf-Crocus-Fotos-mit-ukrainischem-Militaer-auf-Handys-der.JPG\",\"contentUrl\":\"https:\/\/now-news.de\/de\/wp-content\/uploads\/sites\/3\/2024\/04\/Terroranschlag-auf-Crocus-Fotos-mit-ukrainischem-Militaer-auf-Handys-der.JPG\",\"width\":460,\"height\":259,\"caption\":\"Terroranschlag auf Crocus: Fotos mit ukrainischem Milit\u00e4r auf Handys der Terroristen gefunden\"},{\"@type\":\"BreadcrumbList\",\"@id\":\"https:\/\/now-news.de\/de\/deutschland\/terroranschlag-auf-crocus-fotos-mit-ukrainischem-militaer-auf-handys-der-terroristen-gefunden\/#breadcrumb\",\"itemListElement\":[{\"@type\":\"ListItem\",\"position\":1,\"name\":\"Home\",\"item\":\"https:\/\/now-news.de\/de\/\"},{\"@type\":\"ListItem\",\"position\":2,\"name\":\"Terroranschlag auf Crocus: Fotos mit ukrainischem Milit\u00e4r auf Handys der Terroristen gefunden\"}]},{\"@type\":\"WebSite\",\"@id\":\"https:\/\/now-news.de\/de\/#website\",\"url\":\"https:\/\/now-news.de\/de\/\",\"name\":\"just-now.NEWS Deutschland\",\"description\":\"Das Portal f\u00fcr unzensierte Nachrichten aus der Welt\",\"publisher\":{\"@id\":\"https:\/\/now-news.de\/de\/#organization\"},\"potentialAction\":[{\"@type\":\"SearchAction\",\"target\":{\"@type\":\"EntryPoint\",\"urlTemplate\":\"https:\/\/now-news.de\/de\/?s={search_term_string}\"},\"query-input\":\"required name=search_term_string\"}],\"inLanguage\":\"de\"},{\"@type\":\"Organization\",\"@id\":\"https:\/\/now-news.de\/de\/#organization\",\"name\":\"Just Now News\",\"url\":\"https:\/\/now-news.de\/de\/\",\"logo\":{\"@type\":\"ImageObject\",\"inLanguage\":\"de\",\"@id\":\"https:\/\/now-news.de\/de\/#\/schema\/logo\/image\/\",\"url\":\"http:\/\/just-now.news\/de\/wp-content\/uploads\/sites\/3\/2022\/04\/logo500x500.jpg\",\"contentUrl\":\"http:\/\/just-now.news\/de\/wp-content\/uploads\/sites\/3\/2022\/04\/logo500x500.jpg\",\"width\":500,\"height\":500,\"caption\":\"Just Now News\"},\"image\":{\"@id\":\"https:\/\/now-news.de\/de\/#\/schema\/logo\/image\/\"},\"sameAs\":[\"https:\/\/www.facebook.com\/wirmachenauf\",\"https:\/\/x.com\/WirMachenAuf_de\"]},{\"@type\":\"Person\",\"@id\":\"https:\/\/now-news.de\/de\/#\/schema\/person\/fb534a4e865501d8b3285208df34a9b5\",\"name\":\"rtnews\",\"image\":{\"@type\":\"ImageObject\",\"inLanguage\":\"de\",\"@id\":\"https:\/\/now-news.de\/de\/#\/schema\/person\/image\/\",\"url\":\"https:\/\/secure.gravatar.com\/avatar\/82aafea7d8127119dd649515f56e2117?s=96&d=mm&r=g\",\"contentUrl\":\"https:\/\/secure.gravatar.com\/avatar\/82aafea7d8127119dd649515f56e2117?s=96&d=mm&r=g\",\"caption\":\"rtnews\"},\"url\":\"https:\/\/now-news.de\/de\/author\/rnews\/\"}]}<\/script>\n<!-- \/ Yoast SEO Premium plugin. -->","yoast_head_json":{"title":"Terroranschlag auf Crocus: Fotos mit ukrainischem Milit\u00e4r auf Handys der Terroristen gefunden - just-now.NEWS Deutschland","robots":{"index":"index","follow":"follow","max-snippet":"max-snippet:-1","max-image-preview":"max-image-preview:large","max-video-preview":"max-video-preview:-1"},"canonical":"https:\/\/now-news.de\/de\/deutschland\/terroranschlag-auf-crocus-fotos-mit-ukrainischem-militaer-auf-handys-der-terroristen-gefunden\/","og_locale":"de_DE","og_type":"article","og_title":"Terroranschlag auf Crocus: Fotos mit ukrainischem Milit\u00e4r auf Handys der Terroristen gefunden","og_description":"Bilder aus den Mobiltelefonen der Terroristen, die mehr als 140 Menschen in der Moskauer Konzerthalle Crocus Sity Hall get\u00f6tet haben, deuten auf eine m\u00f6gliche Verbindung zum aktuellen Ukraine-Konflikt hin, so die Ermittler am Freitag. Das russische Ermittlungskomitee teilte mit, dass auf dem Mobiltelefon eines der Terroristen Bilder mit Bezug zum Ukraine-Konflikt gefunden wurden. Dazu geh\u00f6ren [&hellip;]","og_url":"https:\/\/now-news.de\/de\/deutschland\/terroranschlag-auf-crocus-fotos-mit-ukrainischem-militaer-auf-handys-der-terroristen-gefunden\/","og_site_name":"just-now.NEWS Deutschland","article_publisher":"https:\/\/www.facebook.com\/wirmachenauf","article_published_time":"2024-04-05T11:44:14+00:00","og_image":[{"width":460,"height":259,"url":"https:\/\/now-news.de\/de\/wp-content\/uploads\/sites\/3\/2024\/04\/Terroranschlag-auf-Crocus-Fotos-mit-ukrainischem-Militaer-auf-Handys-der.JPG","type":"image\/jpeg"}],"author":"rtnews","twitter_card":"summary_large_image","twitter_creator":"@WirMachenAuf_de","twitter_site":"@WirMachenAuf_de","twitter_misc":{"Verfasst von":"rtnews","Gesch\u00e4tzte Lesezeit":"1\u00a0Minute"},"schema":{"@context":"https:\/\/schema.org","@graph":[{"@type":"Article","@id":"https:\/\/now-news.de\/de\/deutschland\/terroranschlag-auf-crocus-fotos-mit-ukrainischem-militaer-auf-handys-der-terroristen-gefunden\/#article","isPartOf":{"@id":"https:\/\/now-news.de\/de\/deutschland\/terroranschlag-auf-crocus-fotos-mit-ukrainischem-militaer-auf-handys-der-terroristen-gefunden\/"},"author":{"name":"rtnews","@id":"https:\/\/now-news.de\/de\/#\/schema\/person\/fb534a4e865501d8b3285208df34a9b5"},"headline":"Terroranschlag auf Crocus: Fotos mit ukrainischem Milit\u00e4r auf Handys der Terroristen gefunden","datePublished":"2024-04-05T11:44:14+00:00","dateModified":"2024-04-05T11:44:14+00:00","mainEntityOfPage":{"@id":"https:\/\/now-news.de\/de\/deutschland\/terroranschlag-auf-crocus-fotos-mit-ukrainischem-militaer-auf-handys-der-terroristen-gefunden\/"},"wordCount":191,"commentCount":0,"publisher":{"@id":"https:\/\/now-news.de\/de\/#organization"},"image":{"@id":"https:\/\/now-news.de\/de\/deutschland\/terroranschlag-auf-crocus-fotos-mit-ukrainischem-militaer-auf-handys-der-terroristen-gefunden\/#primaryimage"},"thumbnailUrl":"https:\/\/now-news.de\/de\/wp-content\/uploads\/sites\/3\/2024\/04\/Terroranschlag-auf-Crocus-Fotos-mit-ukrainischem-Militaer-auf-Handys-der.JPG","keywords":["AUF","Crocus","der","Fotos","gefunden","Handys","Milit\u00e4r","mit","Terroranschlag","Terroristen","ukrainischem"],"articleSection":["Deutschland","Russland"],"inLanguage":"de","potentialAction":[{"@type":"CommentAction","name":"Comment","target":["https:\/\/now-news.de\/de\/deutschland\/terroranschlag-auf-crocus-fotos-mit-ukrainischem-militaer-auf-handys-der-terroristen-gefunden\/#respond"]}]},{"@type":"WebPage","@id":"https:\/\/now-news.de\/de\/deutschland\/terroranschlag-auf-crocus-fotos-mit-ukrainischem-militaer-auf-handys-der-terroristen-gefunden\/","url":"https:\/\/now-news.de\/de\/deutschland\/terroranschlag-auf-crocus-fotos-mit-ukrainischem-militaer-auf-handys-der-terroristen-gefunden\/","name":"Terroranschlag auf Crocus: Fotos mit ukrainischem Milit\u00e4r auf Handys der Terroristen gefunden - just-now.NEWS Deutschland","isPartOf":{"@id":"https:\/\/now-news.de\/de\/#website"},"primaryImageOfPage":{"@id":"https:\/\/now-news.de\/de\/deutschland\/terroranschlag-auf-crocus-fotos-mit-ukrainischem-militaer-auf-handys-der-terroristen-gefunden\/#primaryimage"},"image":{"@id":"https:\/\/now-news.de\/de\/deutschland\/terroranschlag-auf-crocus-fotos-mit-ukrainischem-militaer-auf-handys-der-terroristen-gefunden\/#primaryimage"},"thumbnailUrl":"https:\/\/now-news.de\/de\/wp-content\/uploads\/sites\/3\/2024\/04\/Terroranschlag-auf-Crocus-Fotos-mit-ukrainischem-Militaer-auf-Handys-der.JPG","datePublished":"2024-04-05T11:44:14+00:00","dateModified":"2024-04-05T11:44:14+00:00","breadcrumb":{"@id":"https:\/\/now-news.de\/de\/deutschland\/terroranschlag-auf-crocus-fotos-mit-ukrainischem-militaer-auf-handys-der-terroristen-gefunden\/#breadcrumb"},"inLanguage":"de","potentialAction":[{"@type":"ReadAction","target":["https:\/\/now-news.de\/de\/deutschland\/terroranschlag-auf-crocus-fotos-mit-ukrainischem-militaer-auf-handys-der-terroristen-gefunden\/"]}]},{"@type":"ImageObject","inLanguage":"de","@id":"https:\/\/now-news.de\/de\/deutschland\/terroranschlag-auf-crocus-fotos-mit-ukrainischem-militaer-auf-handys-der-terroristen-gefunden\/#primaryimage","url":"https:\/\/now-news.de\/de\/wp-content\/uploads\/sites\/3\/2024\/04\/Terroranschlag-auf-Crocus-Fotos-mit-ukrainischem-Militaer-auf-Handys-der.JPG","contentUrl":"https:\/\/now-news.de\/de\/wp-content\/uploads\/sites\/3\/2024\/04\/Terroranschlag-auf-Crocus-Fotos-mit-ukrainischem-Militaer-auf-Handys-der.JPG","width":460,"height":259,"caption":"Terroranschlag auf Crocus: Fotos mit ukrainischem Milit\u00e4r auf Handys der Terroristen gefunden"},{"@type":"BreadcrumbList","@id":"https:\/\/now-news.de\/de\/deutschland\/terroranschlag-auf-crocus-fotos-mit-ukrainischem-militaer-auf-handys-der-terroristen-gefunden\/#breadcrumb","itemListElement":[{"@type":"ListItem","position":1,"name":"Home","item":"https:\/\/now-news.de\/de\/"},{"@type":"ListItem","position":2,"name":"Terroranschlag auf Crocus: Fotos mit ukrainischem Milit\u00e4r auf Handys der Terroristen gefunden"}]},{"@type":"WebSite","@id":"https:\/\/now-news.de\/de\/#website","url":"https:\/\/now-news.de\/de\/","name":"just-now.NEWS Deutschland","description":"Das Portal f\u00fcr unzensierte Nachrichten aus der Welt","publisher":{"@id":"https:\/\/now-news.de\/de\/#organization"},"potentialAction":[{"@type":"SearchAction","target":{"@type":"EntryPoint","urlTemplate":"https:\/\/now-news.de\/de\/?s={search_term_string}"},"query-input":"required name=search_term_string"}],"inLanguage":"de"},{"@type":"Organization","@id":"https:\/\/now-news.de\/de\/#organization","name":"Just Now News","url":"https:\/\/now-news.de\/de\/","logo":{"@type":"ImageObject","inLanguage":"de","@id":"https:\/\/now-news.de\/de\/#\/schema\/logo\/image\/","url":"http:\/\/just-now.news\/de\/wp-content\/uploads\/sites\/3\/2022\/04\/logo500x500.jpg","contentUrl":"http:\/\/just-now.news\/de\/wp-content\/uploads\/sites\/3\/2022\/04\/logo500x500.jpg","width":500,"height":500,"caption":"Just Now News"},"image":{"@id":"https:\/\/now-news.de\/de\/#\/schema\/logo\/image\/"},"sameAs":["https:\/\/www.facebook.com\/wirmachenauf","https:\/\/x.com\/WirMachenAuf_de"]},{"@type":"Person","@id":"https:\/\/now-news.de\/de\/#\/schema\/person\/fb534a4e865501d8b3285208df34a9b5","name":"rtnews","image":{"@type":"ImageObject","inLanguage":"de","@id":"https:\/\/now-news.de\/de\/#\/schema\/person\/image\/","url":"https:\/\/secure.gravatar.com\/avatar\/82aafea7d8127119dd649515f56e2117?s=96&d=mm&r=g","contentUrl":"https:\/\/secure.gravatar.com\/avatar\/82aafea7d8127119dd649515f56e2117?s=96&d=mm&r=g","caption":"rtnews"},"url":"https:\/\/now-news.de\/de\/author\/rnews\/"}]}},"_links":{"self":[{"href":"https:\/\/now-news.de\/de\/wp-json\/wp\/v2\/posts\/58378"}],"collection":[{"href":"https:\/\/now-news.de\/de\/wp-json\/wp\/v2\/posts"}],"about":[{"href":"https:\/\/now-news.de\/de\/wp-json\/wp\/v2\/types\/post"}],"author":[{"embeddable":true,"href":"https:\/\/now-news.de\/de\/wp-json\/wp\/v2\/users\/3"}],"replies":[{"embeddable":true,"href":"https:\/\/now-news.de\/de\/wp-json\/wp\/v2\/comments?post=58378"}],"version-history":[{"count":0,"href":"https:\/\/now-news.de\/de\/wp-json\/wp\/v2\/posts\/58378\/revisions"}],"wp:featuredmedia":[{"embeddable":true,"href":"https:\/\/now-news.de\/de\/wp-json\/wp\/v2\/media\/58379"}],"wp:attachment":[{"href":"https:\/\/now-news.de\/de\/wp-json\/wp\/v2\/media?parent=58378"}],"wp:term":[{"taxonomy":"category","embeddable":true,"href":"https:\/\/now-news.de\/de\/wp-json\/wp\/v2\/categories?post=58378"},{"taxonomy":"post_tag","embeddable":true,"href":"https:\/\/now-news.de\/de\/wp-json\/wp\/v2\/tags?post=58378"}],"curies":[{"name":"wp","href":"https:\/\/api.w.org\/{rel}","templated":true}]}}