{"id":58358,"date":"2024-04-05T06:30:40","date_gmt":"2024-04-05T04:30:40","guid":{"rendered":"https:\/\/just-now.news\/de\/deutschland\/afrika-im-aufbruch-die-achse-des-widerstands-in-der-sahelzone\/"},"modified":"2024-04-05T06:30:40","modified_gmt":"2024-04-05T04:30:40","slug":"afrika-im-aufbruch-die-achse-des-widerstands-in-der-sahelzone","status":"publish","type":"post","link":"https:\/\/now-news.de\/de\/deutschland\/afrika-im-aufbruch-die-achse-des-widerstands-in-der-sahelzone\/","title":{"rendered":"Afrika im Aufbruch: Die Achse des Widerstands in der Sahelzone"},"content":{"rendered":"<div class=\"Text-root Text-type_1 \">\n                Die Staaten der Sahelzone revoltieren gegen den westlichen Neokolonialismus. Sie weisen ausl\u00e4ndische Truppen aus ihren Territorien und schlie\u00dfen deren St\u00fctzpunkte, sie f\u00fchren alternative W\u00e4hrungen ein und fordern multinationale Konzerne heraus.\n            <\/div>\n<p><\/p>\n<div class=\"Text-root Text-type_5 ArticleView-text ViewText-root \">\n<p><em>Von Pepe Escobar<\/em><\/p>\n<p>Die Entstehung von Achsen des Widerstands in verschiedenen Regionen des Globalen S\u00fcdens ist eine Nebenerscheinung eines langen und m\u00fchsamen Prozesses, der uns in eine multipolare Welt f\u00fchren wird. Diese beiden Entwicklungen \u2013 der Widerstand gegen die US-gef\u00fchrte Hegemonie und die Entstehung der Multipolarit\u00e4t \u2013 erg\u00e4nzen sich in harmonischer Weise.<\/p>\n<p>Die Achse des Widerstands in Westasien \u2013 die sich quer \u00fcber die arabischen und muslimischen Staaten zieht \u2013 hat nun eine Schwester im Geiste bekommen: die Achse des Widerstands, die sich quer \u00fcber die Sahelzone erstreckt, \u00fcber Westafrika bis nach Ostafrika, von Senegal \u00fcber Mali, Burkina Faso und Niger, bis zu Tschad, Sudan und Eritrea.<\/p>\n<figure class=\"RTImage-root\">\n<div class=\"RTImage-image RTImage-original\"><picture class=\"Picture-root Picture-original\"><!--[if IE 9]><video style=\"display: none;\"><![endif]--><source media=\"(-webkit-min-device-pixel-ratio: 2) and (min-resolution: 120dpi)\" data-srcset=\" \nhttp:\/\/just-now.news\/de\/wp-content\/uploads\/sites\/3\/2024\/04\/660d009db480cc19a24a43f7.png 850w,\n                http:\/\/just-now.news\/de\/wp-content\/uploads\/sites\/3\/2024\/04\/660d009db480cc19a24a43f7.png 1960w,            \" ><source data-srcset=\" \nhttp:\/\/just-now.news\/de\/wp-content\/uploads\/sites\/3\/2024\/04\/660d009db480cc19a24a43f7.png 460w,\n              http:\/\/just-now.news\/de\/wp-content\/uploads\/sites\/3\/2024\/04\/660d009db480cc19a24a43f7.png 980w,\n            \" ><!--[if IE 9]><\/video><![endif]--><img decoding=\"async\" data- src=\"data:image\/png;base64,iVBORw0KGgoAAAANSUhEUgAAABAAAAAJCAQAAACRI2S5AAAAEElEQVR42mNkIAAYRxWAAQAG9gAKqv6+AwAAAABJRU5ErkJggg==\" class=\"Picture-root Picture-original lazyload\" data-src=\"http:\/\/just-now.news\/de\/wp-content\/uploads\/sites\/3\/2024\/04\/660d009db480cc19a24a43f7.png\" alt=\"\"><\/source><\/source><\/picture><!-- noscript pattern --><noscript><img decoding=\"async\" src=\"http:\/\/just-now.news\/de\/wp-content\/uploads\/sites\/3\/2024\/04\/660d009db480cc19a24a43f7.png\" alt=\"\"><\/noscript><\/div><figcaption class=\"RTImage-footer\"><span class=\"RTImage-caption\"><span class=\"RTImage-captionItem\">Die Sahelzone und die ihr angrenzenden Staaten.<\/span><\/span><span class=\"RTImage-source\"><span class=\"RTImage-captionItem\">The Cradle<\/span><\/span><\/figcaption><\/figure>\n<p>Anders als in Niger, wo im Kampf gegen den Neokolonialismus der Machtwechsel in einen Putsch durch das Milit\u00e4r m\u00fcndete, ging der Machtwechsel im Senegal durch Wahlen hervor. Mit dem Erdrutschsieg des 44-j\u00e4hrigen Bassirou Diomaye Faye bei den landesweiten Wahlen vom vergangenen 24. M\u00e4rz betrat Senegal eine neue \u00c4ra. Als ehemaliger Steuerinspektor, der noch kurz vor den Wahlen zwei Wochen im Gef\u00e4ngnis verbracht hatte, ging Faye mit dem Profil einer unterdr\u00fcckten panafrikanischen F\u00fchrungspers\u00f6nlichkeit ins Rennen. Dabei \u00e4u\u00dferte die Absicht, die &#8220;stabilste Demokratie Afrikas&#8221; auf den Kopf zu stellen, die bis dato von der franz\u00f6sischen Marionette Macky Sall regiert wurde.<\/p>\n<p>Der neue senegalesische Pr\u00e4sident schlie\u00dft somit die Reihen mit dem 36-j\u00e4hrigen Ibrahim Traor\u00e9 in Burkina Faso, dem 46-j\u00e4hrigen Abiy Ahmed in \u00c4thiopien, dem 48-j\u00e4hrigen Andry Rajoelina in Madagaskar sowie dem k\u00fcnftigen Superstar aus S\u00fcdafrika, dem 44-j\u00e4hrigen Julius Malema, um jene neue und junge panafrikanischen Generation zu vertreten, die sich f\u00fcr die Souver\u00e4nit\u00e4t Afrikas engagiert. In seinem Wahlprogramm versprach Faye nicht weniger als achtzehnmal, die Souver\u00e4nit\u00e4t Senegals wiederherzustellen.\u00a0<\/p>\n<p>Die Geo\u00f6konomie Senegals ist der Schl\u00fcssel, der zu diesen Ver\u00e4nderungen gef\u00fchrt hat. Nachdem sich Senegal zu einem bedeutenden \u00d6l- und Gasproduzenten entwickelt hat, wird Faye eine Neuverhandlung von Bergbau- und Energieabkommen anstreben, darunter jene mit British Petroleum und Endeavour Mining, dem britischen Betreiber von Goldminen.<\/p>\n<p>Entscheidend dabei ist, dass er den ausbeuterischen CFA-Franc \u2013 das von Frankreich kontrollierte W\u00e4hrungssystem, das in 14 afrikanischen Staaten verwendet wird \u2013 aufgeben und im Rahmen der Neugestaltung der Beziehungen zur neokolonialen Macht Frankreich \u2013 Senegals wichtigstem Handelspartner \u2013, sogar eine neue und souver\u00e4ne W\u00e4hrung einf\u00fchren will. Faye scheint in die Fu\u00dfstapfen von Xi Jinping treten zu wollen und in den Au\u00dfenhandelsbeziehungen &#8220;Win-Win&#8221;-Partnerschaften anzustreben.<\/p>\n<p><strong>Auftritt der Allianz der Sahel-Staaten<\/strong><\/p>\n<p>Faye hat sich bisher nicht klar dar\u00fcber ge\u00e4u\u00dfert, ob er beabsichtigt, das franz\u00f6sische Milit\u00e4r aus Senegal auszuweisen. Sollte dies geschehen, w\u00e4re dies f\u00fcr Paris ein beispielloser und herber Schlag, nachdem der bedr\u00e4ngte &#8220;Kleine Prinz&#8221; Emmanuel Macron und das franz\u00f6sische Establishment Senegal als Schl\u00fcsselpartner betrachten, wenn es darum geht, die Binnenstaaten Niger, Mali und Burkina Faso zu blockieren, die Paris bereits in die W\u00fcste geschickt haben.<\/p>\n<p>Die oben genannten drei Staaten haben erst k\u00fcrzlich eine Allianz der Sahel-Staaten gegr\u00fcndet: die AES \u2013 franz\u00f6sisch: Alliance des \u00c9tats du Sahel. Diese Allianz ist nicht nur f\u00fcr Paris ein gigantischer Albtraum, sondern verursacht auch in Washington starke Kopfschmerzen \u2013 was sich im spektakul\u00e4ren Zusammenbruch der milit\u00e4rischen Zusammenarbeit zwischen den USA und Niger manifestiert. Der Schuldige daf\u00fcr ist laut den USA erwartungsgem\u00e4\u00df nat\u00fcrlich der russische Pr\u00e4sident Wladimir Putin. Offensichtlich hat niemand in den Hallen der Macht in Washington, der Welle der diplomatischen Kontakte zwischen Russland und den afrikanischen Staaten geb\u00fchrende Aufmerksamkeit geschenkt. Die diplomatische Offensive Moskaus richtete sich an alle wichtigen Akteure der Sahelzone, sowie an \u00c4gypten und \u00c4thiopien, die j\u00fcngsten Mitglieder der BRICS.<\/p>\n<p>Im krassen Gegensatz zu der vorherigen Betrachtung durch die USA von Niger als einen treuen Verb\u00fcndeten in der Sahelzone, sieht sich Washington nun gezwungen, einen Termin f\u00fcr den Abzug seiner Truppen aus Niger im Kalender rot anzustreichen. Dies, nachdem Niger das Abkommen \u00fcber milit\u00e4rische Zusammenarbeit aufgek\u00fcndigt hat. Das Pentagon darf sich auf Gehei\u00df der nigerianischen Regierung nicht mehr auf nigerianischem Territorium bet\u00e4tigen.<\/p>\n<p>Im Niger existieren zwei wichtige St\u00fctzpunkte der USA \u2013 in Agadez und in der Hauptstadt Niamey, f\u00fcr deren Bau das Pentagon \u00fcber 150 Millionen US-Dollar ausgegeben hat. Niamey wurde erst im Jahr 2019 fertiggestellt und untersteht dem AFRICOM, dem Regionalkommando f\u00fcr Afrika des US-Milit\u00e4rs, das seltsamerweise seinen Sitz im deutschen Stuttgart-M\u00f6hringen hat.<\/p>\n<p>Die operativen Ziele dieser milit\u00e4rischen Pr\u00e4senz der USA in Niger sind erwartungsgem\u00e4\u00df geheim. Die Basis in Niamey ist im Wesentlichen ein Datenzentrum, das die von MQ-9 Reaper-Drohnen gesammelte Daten verarbeitet und auswertet. Auch die US Air Force nutzt diese Basis f\u00fcr Operationen in der Sahelzone. Und jetzt wird es richtig entz\u00fcckend, denn die Existenz dieser faktischen Drohnen-Basis der CIA in Niamey, die von einer Handvoll CIA-Agenten bemannt ist, wird von Washington offiziell nicht eingestanden. Diese dubiose Basis erm\u00f6glicht den USA das Sammeln von Informationen im gesamten zentralafrikanischen Gebiet, vom Westen bis zum Norden. Man kann dies f\u00fcr eine weitere Variante des Mottos &#8220;Wir l\u00fcgen, wir betr\u00fcgen, wir stehlen&#8221; betrachten, das der ehemalige CIA-Direktor Mike Pompeo einst ge\u00e4u\u00dfert hat.<\/p>\n<p>In Niger sind etwa 1.000 US-Soldaten stationiert, denen bald der Abzug droht. Washington versucht nun alles, um diesen Aderlass zu verhindern. Allein im vergangenen Monat war die US-Unterstaatssekret\u00e4rin f\u00fcr Afrika, Molly Phee, zweimal in Niger zu Besuch. Der Verlust der beiden St\u00fctzpunkte in Niger wird dazu f\u00fchren, dass nach Paris auch Washington die Kontrolle \u00fcber die Sahelzone verliert \u2013 w\u00e4hrend sich Niger gleichzeitig Russland und Iran ann\u00e4hert. Diese St\u00fctzpunkte sind f\u00fcr die \u00dcberwachung der Meerenge von Bab al-Mandeb nicht unbedingt erforderlich. In diesem Spiel dreht sich alles um die Sahelzone, wo Drohnen bis an die Grenzen ihrer Reichweiten operieren und dabei jeden souver\u00e4nen Luftraum in der Region verletzen.<\/p>\n<p>\u00dcbrigens besuchte eine gro\u00dfe Delegation aus Niger k\u00fcrzlich Moskau. Sp\u00e4ter sprach Putin per Telefon mit dem Interimspr\u00e4sidenten von Mali, Assimi Goita, und mit dem Pr\u00e4sidenten der nigerianischen Milit\u00e4rregierung, Abdourahmane Tchiani \u00fcber Sicherheitskooperationen, um anschlie\u00dfend mit dem Pr\u00e4sidenten der Republik Kongo, Denis Sassou-Nguesso, zu sprechen.<\/p>\n<p><strong>Die Elfenbeink\u00fcste: Der Stolperstein f\u00fcr das Imperium<\/strong><\/p>\n<p>\u00dcberall auf dem afrikanischen Kontinent fallen prowestliche Marionettenregimes in sich zusammen. Die Allianz der Sahel-Staaten \u2013 Mali, Burkina Faso und Niger \u2013 mag die Vorhut einer afrikanischen Achse des Widerstands sein, aber das ist nicht alles: Da sind noch S\u00fcdafrika, \u00c4thiopien und \u00c4gypten als vollwertige Mitglieder der BRICS \u2013 ganz zu schweigen von den ernsthaften Beitrittskandidaten f\u00fcr die n\u00e4chste Erweiterung der BRICS, Algerien und Nigeria.<\/p>\n<p>Russland auf diplomatischer Ebene und China auf kommerzieller Ebene, sowie das gesamte Gewicht der strategischen Partnerschaft zwischen Russland und China, konzentriert sich eindeutig auf langfristige Beziehungen, setzt auf Afrika als Ganzes und betrachtet den Kontinent als wichtigen multipolaren Akteur. Belege daf\u00fcr wurden erneut w\u00e4hrend einer multipolaren Konferenz im vergangenen Monat in Moskau geliefert, wo der charismatische und panafrikanische Politiker K\u00e9mi S\u00e9ba aus Benin einer der Hauptredner war.<\/p>\n<p>Eurasische Diplomatenkreise erlauben sich sogar, \u00fcber die j\u00fcngsten Wutanf\u00e4lle des &#8220;Kleinen Prinzen&#8221; in Paris Scherze zu rei\u00dfen. Die umfassende Dem\u00fctigung Frankreichs in der Sahelzone ist wahrscheinlich einer der Gr\u00fcnde f\u00fcr die heftige Drohung von Macron, franz\u00f6sische Truppen in die Ukraine zu entsenden \u2013 aus denen die Russen in Rekordzeit Schaschlik machen w\u00fcrden \u2013 und f\u00fcr seinen Eifer, die aktuellen russophoben Kapriolen aus Armenien zu unterst\u00fctzen. Historisch betrachtet bleibt die Tatsache bestehen, dass die Afrikaner die ehemalige UdSSR in der Vergangenheit als viel nachgiebiger und unterst\u00fctzender als den Westen betrachtet haben, wenn es um die Ausbeutung nat\u00fcrlicher Ressourcen ging. Dieses Wohlwollen wurde nun auch auf China \u00fcbertragen.<\/p>\n<p>Als regionale Integrationsplattform verf\u00fcgt die Allianz der Sahel-Staaten \u00fcber alle Voraussetzungen, um bahnbrechende Ver\u00e4nderungen auf dem afrikanischen Kontinent in die Wege zu leiten. Senegal unter dem neuen Pr\u00e4sidenten Bassirou Diomaye Faye k\u00f6nnte eines Tages beitreten, aber Guinea verf\u00fcgt bereits \u00fcber die geografische Lage, um dem B\u00fcndnis einen zuverl\u00e4ssigen Zugang zum Meer zu erm\u00f6glichen. Das w\u00fcrde \u00fcber kurz oder lang dazu f\u00fchren, dass die vom Westen kontrollierte und in Nigeria ans\u00e4ssige Westafrikanische Wirtschaftsgemeinschaft ECOWAS an Bedeutung verlieren wird.<\/p>\n<p>Doch man sollte niemals die m\u00e4chtigen Tentakel des US-Hegemons ignorieren. Der Generalplan des Pentagons sieht nicht vor, Afrika einer multipolaren Einflusssph\u00e4re zu \u00fcberlassen, in der sich Russland, China und Iran tummeln. Doch niemand in der Achse des Widerstands der Sahelzone glaubt mehr an die Beschw\u00f6rungen aus Washington \u00fcber akute &#8220;Terrorgefahren&#8221;. In Afrika gab es praktisch keinen Terror, bis die NATO 2011 Libyen in ein \u00d6dland verwandelte und anschlie\u00dfend auf dem Kontinent Truppen stationierte und Milit\u00e4rst\u00fctzpunkte errichtete.<\/p>\n<p>Bisher hat die Allianz der Sahel-Staaten den Informationskrieg, bei dem die afrikanische Souver\u00e4nit\u00e4t im Mittelpunkt steht, deutlich gewonnen. Aber es besteht kein Zweifel, dass das US-Imperium zur\u00fcckschlagen wird. Schlie\u00dflich h\u00e4ngt das ganze Spiel mit der extremen Paranoia Washingtons zusammen, dass Russland die Kontrolle \u00fcber die Sahelzone und Zentralafrika \u00fcbernehmen k\u00f6nnte.<\/p>\n<p>Somit B\u00fchne frei f\u00fcr die Elfenbeink\u00fcste. Nachdem Senegal m\u00f6glicherweise kurz davor steht, mit der Allianz der Sahel-Staaten anzub\u00e4ndeln, ist die Elfenbeink\u00fcste f\u00fcr Washington von noch strategischerer Bedeutung als beispielsweise Tschad, da das Territorium der Elfenbeink\u00fcste sehr nahe an den Staaten der Sahel-Allianz liegt. Dennoch hat Tschad seine Au\u00dfenpolitik bereits neu ausgerichtet, wird nicht mehr vom Westen kontrolliert und hat seinen Schwerpunkt auf die Ann\u00e4herung an Moskau gelegt.<\/p>\n<p>Was also k\u00f6nnte der n\u00e4chste Schritt des US-Imperiums sein? M\u00f6glicherweise teilen sich Washington und Paris US-amerikanische &#8220;Anti-Terror&#8221;-Drohnen auf dem franz\u00f6sischen St\u00fctzpunkt in der Elfenbeink\u00fcste, um die Allianz der Sahel-Staaten in Schach zu halten. Dieses Szenario k\u00f6nnte man als einen gedem\u00fctigten gallischen Hahn beschreiben, der sich dem US-Hegemon in Westafrika um den Hals wirft, ohne im Gegenzug daf\u00fcr auch nur die Kr\u00fcmel eines angebissenen Croissants zu bekommen.<\/p>\n<p><strong>Mehr zum Thema<\/strong> \u2013 <a rel=\"nofollow noopener\" target=\"_blank\" href=\"https:\/\/freeassange.rtde.life\/international\/200571-emmanuel-macron-mag-ein-clown-sein-aber-er-ist-ein-gefaehrlicher-clown\/\">Emmanuel Macron mag ein Clown sein, aber er ist ein gef\u00e4hrlicher Clown <\/a><\/p>\n<div class=\"EmbedBlock-root EmbedBlock-externalVideo EmbedBlock-odysee\">\n<div class=\"VkEmbed\"><iframe class=\"lazyload\" data-src=\"https:\/\/odysee.com\/%24\/embed\/%40RTDE%3Ae%2FDrei-Sahel-L%C3%A4nder-wenden-sich-von-ECOWAS-und-vom-Westen-ab--%3Af\" frameborder=\"0\" width=\"853\" height=\"480\" allowfullscreen><\/iframe><\/div>\n<\/div>\n<p><em>Ersterscheinung bei The Cradle in <a rel=\"nofollow noopener\" target=\"_blank\" href=\"https:\/\/thecradle.co\/articles\/the-sahels-axis-of-resistance\">englischer<\/a> Sprache.<\/em><\/p>\n<p><em>Pepe Escobar\u00a0ist ein unabh\u00e4ngiger geopolitischer Analyst und Autor. Sein neuestes Buch hei\u00dft &#8220;Raging Twenties&#8221; (Die w\u00fctenden Zwanziger). Man kann ihm auf\u00a0<a rel=\"nofollow noopener\" target=\"_blank\" href=\"https:\/\/t.me\/rocknrollgeopolitics\">Telegram<\/a>\u00a0und auf\u00a0<a rel=\"nofollow noopener\" target=\"_blank\" href=\"https:\/\/twitter.com\/RealPepeEscobar\">X<\/a>\u00a0folgen.<\/em><\/p>\n<\/div>\n<p><script async src=\"https:\/\/platform.twitter.com\/widgets.js\" charset=\"utf-8\"><\/script><br \/>\n<br \/><br \/>\n<br \/><a href=\"https:\/\/de.rt.com\/international\/201419-die-achse-des-widerstands-in-der-sahelzone\/\">Source link <\/a><\/p>\n","protected":false},"excerpt":{"rendered":"<p>Die Staaten der Sahelzone revoltieren gegen den westlichen Neokolonialismus. Sie weisen ausl\u00e4ndische Truppen aus ihren Territorien und schlie\u00dfen deren St\u00fctzpunkte, sie f\u00fchren alternative W\u00e4hrungen ein und fordern multinationale Konzerne heraus. Von Pepe Escobar Die Entstehung von Achsen des Widerstands in verschiedenen Regionen des Globalen S\u00fcdens ist eine Nebenerscheinung eines langen und m\u00fchsamen Prozesses, der uns [&hellip;]<\/p>\n","protected":false},"author":3,"featured_media":58359,"comment_status":"open","ping_status":"open","sticky":false,"template":"","format":"standard","meta":{"_yoast_indexnow_last_ping":["1712292201"],"wp_automatic_camp":["217"],"b3e1cfb60948b7d096d72db74634e352":["Afrika im Aufbruch: Die Achse des Widerstands in der Sahelzone"],"original_link":["https:\/\/de.rt.com\/international\/201419-die-achse-des-widerstands-in-der-sahelzone\/"],"_thumbnail_id":["58359"],"jnews_social_counter_last_update":["1777528576"],"_wptgpro_p2tg_sent2tg":["a:1:{i:23737;s:19:\"2024-04-05 06:44:25\";}"]},"categories":[19,23],"tags":[28611,18099,41200,82,583,45,35613,28196],"yoast_head":"<!-- This site is optimized with the Yoast SEO Premium plugin v22.7 (Yoast SEO v22.7) - https:\/\/yoast.com\/wordpress\/plugins\/seo\/ -->\n<title>Afrika im Aufbruch: Die Achse des Widerstands in der Sahelzone - just-now.NEWS Deutschland<\/title>\n<meta name=\"robots\" content=\"index, follow, max-snippet:-1, max-image-preview:large, max-video-preview:-1\" \/>\n<link rel=\"canonical\" href=\"https:\/\/now-news.de\/de\/deutschland\/afrika-im-aufbruch-die-achse-des-widerstands-in-der-sahelzone\/\" \/>\n<meta property=\"og:locale\" content=\"de_DE\" \/>\n<meta property=\"og:type\" content=\"article\" \/>\n<meta property=\"og:title\" content=\"Afrika im Aufbruch: Die Achse des Widerstands in der Sahelzone\" \/>\n<meta property=\"og:description\" content=\"Die Staaten der Sahelzone revoltieren gegen den westlichen Neokolonialismus. Sie weisen ausl\u00e4ndische Truppen aus ihren Territorien und schlie\u00dfen deren St\u00fctzpunkte, sie f\u00fchren alternative W\u00e4hrungen ein und fordern multinationale Konzerne heraus. Von Pepe Escobar Die Entstehung von Achsen des Widerstands in verschiedenen Regionen des Globalen S\u00fcdens ist eine Nebenerscheinung eines langen und m\u00fchsamen Prozesses, der uns [&hellip;]\" \/>\n<meta property=\"og:url\" content=\"https:\/\/now-news.de\/de\/deutschland\/afrika-im-aufbruch-die-achse-des-widerstands-in-der-sahelzone\/\" \/>\n<meta property=\"og:site_name\" content=\"just-now.NEWS Deutschland\" \/>\n<meta property=\"article:publisher\" content=\"https:\/\/www.facebook.com\/wirmachenauf\" \/>\n<meta property=\"article:published_time\" content=\"2024-04-05T04:30:40+00:00\" \/>\n<meta property=\"og:image\" content=\"https:\/\/now-news.de\/de\/wp-content\/uploads\/sites\/3\/2024\/04\/Afrika-im-Aufbruch-Die-Achse-des-Widerstands-in-der-Sahelzone.png\" \/>\n\t<meta property=\"og:image:width\" content=\"987\" \/>\n\t<meta property=\"og:image:height\" content=\"1080\" \/>\n\t<meta property=\"og:image:type\" content=\"image\/png\" \/>\n<meta name=\"author\" content=\"rtnews\" \/>\n<meta name=\"twitter:card\" content=\"summary_large_image\" \/>\n<meta name=\"twitter:creator\" content=\"@WirMachenAuf_de\" \/>\n<meta name=\"twitter:site\" content=\"@WirMachenAuf_de\" \/>\n<meta name=\"twitter:label1\" content=\"Verfasst von\" \/>\n\t<meta name=\"twitter:data1\" content=\"rtnews\" \/>\n\t<meta name=\"twitter:label2\" content=\"Gesch\u00e4tzte Lesezeit\" \/>\n\t<meta name=\"twitter:data2\" content=\"9\u00a0Minuten\" \/>\n<script type=\"application\/ld+json\" class=\"yoast-schema-graph\">{\"@context\":\"https:\/\/schema.org\",\"@graph\":[{\"@type\":\"Article\",\"@id\":\"https:\/\/now-news.de\/de\/deutschland\/afrika-im-aufbruch-die-achse-des-widerstands-in-der-sahelzone\/#article\",\"isPartOf\":{\"@id\":\"https:\/\/now-news.de\/de\/deutschland\/afrika-im-aufbruch-die-achse-des-widerstands-in-der-sahelzone\/\"},\"author\":{\"name\":\"rtnews\",\"@id\":\"https:\/\/now-news.de\/de\/#\/schema\/person\/fb534a4e865501d8b3285208df34a9b5\"},\"headline\":\"Afrika im Aufbruch: Die Achse des Widerstands in der Sahelzone\",\"datePublished\":\"2024-04-05T04:30:40+00:00\",\"dateModified\":\"2024-04-05T04:30:40+00:00\",\"mainEntityOfPage\":{\"@id\":\"https:\/\/now-news.de\/de\/deutschland\/afrika-im-aufbruch-die-achse-des-widerstands-in-der-sahelzone\/\"},\"wordCount\":1781,\"commentCount\":0,\"publisher\":{\"@id\":\"https:\/\/now-news.de\/de\/#organization\"},\"image\":{\"@id\":\"https:\/\/now-news.de\/de\/deutschland\/afrika-im-aufbruch-die-achse-des-widerstands-in-der-sahelzone\/#primaryimage\"},\"thumbnailUrl\":\"https:\/\/now-news.de\/de\/wp-content\/uploads\/sites\/3\/2024\/04\/Afrika-im-Aufbruch-Die-Achse-des-Widerstands-in-der-Sahelzone.png\",\"keywords\":[\"Achse\",\"Afrika\",\"Aufbruch\",\"der\",\"des\",\"die\",\"Sahelzone\",\"Widerstands\"],\"articleSection\":[\"Deutschland\",\"Russland\"],\"inLanguage\":\"de\",\"potentialAction\":[{\"@type\":\"CommentAction\",\"name\":\"Comment\",\"target\":[\"https:\/\/now-news.de\/de\/deutschland\/afrika-im-aufbruch-die-achse-des-widerstands-in-der-sahelzone\/#respond\"]}]},{\"@type\":\"WebPage\",\"@id\":\"https:\/\/now-news.de\/de\/deutschland\/afrika-im-aufbruch-die-achse-des-widerstands-in-der-sahelzone\/\",\"url\":\"https:\/\/now-news.de\/de\/deutschland\/afrika-im-aufbruch-die-achse-des-widerstands-in-der-sahelzone\/\",\"name\":\"Afrika im Aufbruch: Die Achse des Widerstands in der Sahelzone - just-now.NEWS Deutschland\",\"isPartOf\":{\"@id\":\"https:\/\/now-news.de\/de\/#website\"},\"primaryImageOfPage\":{\"@id\":\"https:\/\/now-news.de\/de\/deutschland\/afrika-im-aufbruch-die-achse-des-widerstands-in-der-sahelzone\/#primaryimage\"},\"image\":{\"@id\":\"https:\/\/now-news.de\/de\/deutschland\/afrika-im-aufbruch-die-achse-des-widerstands-in-der-sahelzone\/#primaryimage\"},\"thumbnailUrl\":\"https:\/\/now-news.de\/de\/wp-content\/uploads\/sites\/3\/2024\/04\/Afrika-im-Aufbruch-Die-Achse-des-Widerstands-in-der-Sahelzone.png\",\"datePublished\":\"2024-04-05T04:30:40+00:00\",\"dateModified\":\"2024-04-05T04:30:40+00:00\",\"breadcrumb\":{\"@id\":\"https:\/\/now-news.de\/de\/deutschland\/afrika-im-aufbruch-die-achse-des-widerstands-in-der-sahelzone\/#breadcrumb\"},\"inLanguage\":\"de\",\"potentialAction\":[{\"@type\":\"ReadAction\",\"target\":[\"https:\/\/now-news.de\/de\/deutschland\/afrika-im-aufbruch-die-achse-des-widerstands-in-der-sahelzone\/\"]}]},{\"@type\":\"ImageObject\",\"inLanguage\":\"de\",\"@id\":\"https:\/\/now-news.de\/de\/deutschland\/afrika-im-aufbruch-die-achse-des-widerstands-in-der-sahelzone\/#primaryimage\",\"url\":\"https:\/\/now-news.de\/de\/wp-content\/uploads\/sites\/3\/2024\/04\/Afrika-im-Aufbruch-Die-Achse-des-Widerstands-in-der-Sahelzone.png\",\"contentUrl\":\"https:\/\/now-news.de\/de\/wp-content\/uploads\/sites\/3\/2024\/04\/Afrika-im-Aufbruch-Die-Achse-des-Widerstands-in-der-Sahelzone.png\",\"width\":987,\"height\":1080,\"caption\":\"Afrika im Aufbruch: Die Achse des Widerstands in der Sahelzone\"},{\"@type\":\"BreadcrumbList\",\"@id\":\"https:\/\/now-news.de\/de\/deutschland\/afrika-im-aufbruch-die-achse-des-widerstands-in-der-sahelzone\/#breadcrumb\",\"itemListElement\":[{\"@type\":\"ListItem\",\"position\":1,\"name\":\"Home\",\"item\":\"https:\/\/now-news.de\/de\/\"},{\"@type\":\"ListItem\",\"position\":2,\"name\":\"Afrika im Aufbruch: Die Achse des Widerstands in der Sahelzone\"}]},{\"@type\":\"WebSite\",\"@id\":\"https:\/\/now-news.de\/de\/#website\",\"url\":\"https:\/\/now-news.de\/de\/\",\"name\":\"just-now.NEWS Deutschland\",\"description\":\"Das Portal f\u00fcr unzensierte Nachrichten aus der Welt\",\"publisher\":{\"@id\":\"https:\/\/now-news.de\/de\/#organization\"},\"potentialAction\":[{\"@type\":\"SearchAction\",\"target\":{\"@type\":\"EntryPoint\",\"urlTemplate\":\"https:\/\/now-news.de\/de\/?s={search_term_string}\"},\"query-input\":\"required name=search_term_string\"}],\"inLanguage\":\"de\"},{\"@type\":\"Organization\",\"@id\":\"https:\/\/now-news.de\/de\/#organization\",\"name\":\"Just Now News\",\"url\":\"https:\/\/now-news.de\/de\/\",\"logo\":{\"@type\":\"ImageObject\",\"inLanguage\":\"de\",\"@id\":\"https:\/\/now-news.de\/de\/#\/schema\/logo\/image\/\",\"url\":\"http:\/\/just-now.news\/de\/wp-content\/uploads\/sites\/3\/2022\/04\/logo500x500.jpg\",\"contentUrl\":\"http:\/\/just-now.news\/de\/wp-content\/uploads\/sites\/3\/2022\/04\/logo500x500.jpg\",\"width\":500,\"height\":500,\"caption\":\"Just Now News\"},\"image\":{\"@id\":\"https:\/\/now-news.de\/de\/#\/schema\/logo\/image\/\"},\"sameAs\":[\"https:\/\/www.facebook.com\/wirmachenauf\",\"https:\/\/x.com\/WirMachenAuf_de\"]},{\"@type\":\"Person\",\"@id\":\"https:\/\/now-news.de\/de\/#\/schema\/person\/fb534a4e865501d8b3285208df34a9b5\",\"name\":\"rtnews\",\"image\":{\"@type\":\"ImageObject\",\"inLanguage\":\"de\",\"@id\":\"https:\/\/now-news.de\/de\/#\/schema\/person\/image\/\",\"url\":\"https:\/\/secure.gravatar.com\/avatar\/82aafea7d8127119dd649515f56e2117?s=96&d=mm&r=g\",\"contentUrl\":\"https:\/\/secure.gravatar.com\/avatar\/82aafea7d8127119dd649515f56e2117?s=96&d=mm&r=g\",\"caption\":\"rtnews\"},\"url\":\"https:\/\/now-news.de\/de\/author\/rnews\/\"}]}<\/script>\n<!-- \/ Yoast SEO Premium plugin. -->","yoast_head_json":{"title":"Afrika im Aufbruch: Die Achse des Widerstands in der Sahelzone - just-now.NEWS Deutschland","robots":{"index":"index","follow":"follow","max-snippet":"max-snippet:-1","max-image-preview":"max-image-preview:large","max-video-preview":"max-video-preview:-1"},"canonical":"https:\/\/now-news.de\/de\/deutschland\/afrika-im-aufbruch-die-achse-des-widerstands-in-der-sahelzone\/","og_locale":"de_DE","og_type":"article","og_title":"Afrika im Aufbruch: Die Achse des Widerstands in der Sahelzone","og_description":"Die Staaten der Sahelzone revoltieren gegen den westlichen Neokolonialismus. Sie weisen ausl\u00e4ndische Truppen aus ihren Territorien und schlie\u00dfen deren St\u00fctzpunkte, sie f\u00fchren alternative W\u00e4hrungen ein und fordern multinationale Konzerne heraus. Von Pepe Escobar Die Entstehung von Achsen des Widerstands in verschiedenen Regionen des Globalen S\u00fcdens ist eine Nebenerscheinung eines langen und m\u00fchsamen Prozesses, der uns [&hellip;]","og_url":"https:\/\/now-news.de\/de\/deutschland\/afrika-im-aufbruch-die-achse-des-widerstands-in-der-sahelzone\/","og_site_name":"just-now.NEWS Deutschland","article_publisher":"https:\/\/www.facebook.com\/wirmachenauf","article_published_time":"2024-04-05T04:30:40+00:00","og_image":[{"width":987,"height":1080,"url":"https:\/\/now-news.de\/de\/wp-content\/uploads\/sites\/3\/2024\/04\/Afrika-im-Aufbruch-Die-Achse-des-Widerstands-in-der-Sahelzone.png","type":"image\/png"}],"author":"rtnews","twitter_card":"summary_large_image","twitter_creator":"@WirMachenAuf_de","twitter_site":"@WirMachenAuf_de","twitter_misc":{"Verfasst von":"rtnews","Gesch\u00e4tzte Lesezeit":"9\u00a0Minuten"},"schema":{"@context":"https:\/\/schema.org","@graph":[{"@type":"Article","@id":"https:\/\/now-news.de\/de\/deutschland\/afrika-im-aufbruch-die-achse-des-widerstands-in-der-sahelzone\/#article","isPartOf":{"@id":"https:\/\/now-news.de\/de\/deutschland\/afrika-im-aufbruch-die-achse-des-widerstands-in-der-sahelzone\/"},"author":{"name":"rtnews","@id":"https:\/\/now-news.de\/de\/#\/schema\/person\/fb534a4e865501d8b3285208df34a9b5"},"headline":"Afrika im Aufbruch: Die Achse des Widerstands in der Sahelzone","datePublished":"2024-04-05T04:30:40+00:00","dateModified":"2024-04-05T04:30:40+00:00","mainEntityOfPage":{"@id":"https:\/\/now-news.de\/de\/deutschland\/afrika-im-aufbruch-die-achse-des-widerstands-in-der-sahelzone\/"},"wordCount":1781,"commentCount":0,"publisher":{"@id":"https:\/\/now-news.de\/de\/#organization"},"image":{"@id":"https:\/\/now-news.de\/de\/deutschland\/afrika-im-aufbruch-die-achse-des-widerstands-in-der-sahelzone\/#primaryimage"},"thumbnailUrl":"https:\/\/now-news.de\/de\/wp-content\/uploads\/sites\/3\/2024\/04\/Afrika-im-Aufbruch-Die-Achse-des-Widerstands-in-der-Sahelzone.png","keywords":["Achse","Afrika","Aufbruch","der","des","die","Sahelzone","Widerstands"],"articleSection":["Deutschland","Russland"],"inLanguage":"de","potentialAction":[{"@type":"CommentAction","name":"Comment","target":["https:\/\/now-news.de\/de\/deutschland\/afrika-im-aufbruch-die-achse-des-widerstands-in-der-sahelzone\/#respond"]}]},{"@type":"WebPage","@id":"https:\/\/now-news.de\/de\/deutschland\/afrika-im-aufbruch-die-achse-des-widerstands-in-der-sahelzone\/","url":"https:\/\/now-news.de\/de\/deutschland\/afrika-im-aufbruch-die-achse-des-widerstands-in-der-sahelzone\/","name":"Afrika im Aufbruch: Die Achse des Widerstands in der Sahelzone - just-now.NEWS Deutschland","isPartOf":{"@id":"https:\/\/now-news.de\/de\/#website"},"primaryImageOfPage":{"@id":"https:\/\/now-news.de\/de\/deutschland\/afrika-im-aufbruch-die-achse-des-widerstands-in-der-sahelzone\/#primaryimage"},"image":{"@id":"https:\/\/now-news.de\/de\/deutschland\/afrika-im-aufbruch-die-achse-des-widerstands-in-der-sahelzone\/#primaryimage"},"thumbnailUrl":"https:\/\/now-news.de\/de\/wp-content\/uploads\/sites\/3\/2024\/04\/Afrika-im-Aufbruch-Die-Achse-des-Widerstands-in-der-Sahelzone.png","datePublished":"2024-04-05T04:30:40+00:00","dateModified":"2024-04-05T04:30:40+00:00","breadcrumb":{"@id":"https:\/\/now-news.de\/de\/deutschland\/afrika-im-aufbruch-die-achse-des-widerstands-in-der-sahelzone\/#breadcrumb"},"inLanguage":"de","potentialAction":[{"@type":"ReadAction","target":["https:\/\/now-news.de\/de\/deutschland\/afrika-im-aufbruch-die-achse-des-widerstands-in-der-sahelzone\/"]}]},{"@type":"ImageObject","inLanguage":"de","@id":"https:\/\/now-news.de\/de\/deutschland\/afrika-im-aufbruch-die-achse-des-widerstands-in-der-sahelzone\/#primaryimage","url":"https:\/\/now-news.de\/de\/wp-content\/uploads\/sites\/3\/2024\/04\/Afrika-im-Aufbruch-Die-Achse-des-Widerstands-in-der-Sahelzone.png","contentUrl":"https:\/\/now-news.de\/de\/wp-content\/uploads\/sites\/3\/2024\/04\/Afrika-im-Aufbruch-Die-Achse-des-Widerstands-in-der-Sahelzone.png","width":987,"height":1080,"caption":"Afrika im Aufbruch: Die Achse des Widerstands in der Sahelzone"},{"@type":"BreadcrumbList","@id":"https:\/\/now-news.de\/de\/deutschland\/afrika-im-aufbruch-die-achse-des-widerstands-in-der-sahelzone\/#breadcrumb","itemListElement":[{"@type":"ListItem","position":1,"name":"Home","item":"https:\/\/now-news.de\/de\/"},{"@type":"ListItem","position":2,"name":"Afrika im Aufbruch: Die Achse des Widerstands in der Sahelzone"}]},{"@type":"WebSite","@id":"https:\/\/now-news.de\/de\/#website","url":"https:\/\/now-news.de\/de\/","name":"just-now.NEWS Deutschland","description":"Das Portal f\u00fcr unzensierte Nachrichten aus der Welt","publisher":{"@id":"https:\/\/now-news.de\/de\/#organization"},"potentialAction":[{"@type":"SearchAction","target":{"@type":"EntryPoint","urlTemplate":"https:\/\/now-news.de\/de\/?s={search_term_string}"},"query-input":"required name=search_term_string"}],"inLanguage":"de"},{"@type":"Organization","@id":"https:\/\/now-news.de\/de\/#organization","name":"Just Now News","url":"https:\/\/now-news.de\/de\/","logo":{"@type":"ImageObject","inLanguage":"de","@id":"https:\/\/now-news.de\/de\/#\/schema\/logo\/image\/","url":"http:\/\/just-now.news\/de\/wp-content\/uploads\/sites\/3\/2022\/04\/logo500x500.jpg","contentUrl":"http:\/\/just-now.news\/de\/wp-content\/uploads\/sites\/3\/2022\/04\/logo500x500.jpg","width":500,"height":500,"caption":"Just Now News"},"image":{"@id":"https:\/\/now-news.de\/de\/#\/schema\/logo\/image\/"},"sameAs":["https:\/\/www.facebook.com\/wirmachenauf","https:\/\/x.com\/WirMachenAuf_de"]},{"@type":"Person","@id":"https:\/\/now-news.de\/de\/#\/schema\/person\/fb534a4e865501d8b3285208df34a9b5","name":"rtnews","image":{"@type":"ImageObject","inLanguage":"de","@id":"https:\/\/now-news.de\/de\/#\/schema\/person\/image\/","url":"https:\/\/secure.gravatar.com\/avatar\/82aafea7d8127119dd649515f56e2117?s=96&d=mm&r=g","contentUrl":"https:\/\/secure.gravatar.com\/avatar\/82aafea7d8127119dd649515f56e2117?s=96&d=mm&r=g","caption":"rtnews"},"url":"https:\/\/now-news.de\/de\/author\/rnews\/"}]}},"_links":{"self":[{"href":"https:\/\/now-news.de\/de\/wp-json\/wp\/v2\/posts\/58358"}],"collection":[{"href":"https:\/\/now-news.de\/de\/wp-json\/wp\/v2\/posts"}],"about":[{"href":"https:\/\/now-news.de\/de\/wp-json\/wp\/v2\/types\/post"}],"author":[{"embeddable":true,"href":"https:\/\/now-news.de\/de\/wp-json\/wp\/v2\/users\/3"}],"replies":[{"embeddable":true,"href":"https:\/\/now-news.de\/de\/wp-json\/wp\/v2\/comments?post=58358"}],"version-history":[{"count":0,"href":"https:\/\/now-news.de\/de\/wp-json\/wp\/v2\/posts\/58358\/revisions"}],"wp:featuredmedia":[{"embeddable":true,"href":"https:\/\/now-news.de\/de\/wp-json\/wp\/v2\/media\/58359"}],"wp:attachment":[{"href":"https:\/\/now-news.de\/de\/wp-json\/wp\/v2\/media?parent=58358"}],"wp:term":[{"taxonomy":"category","embeddable":true,"href":"https:\/\/now-news.de\/de\/wp-json\/wp\/v2\/categories?post=58358"},{"taxonomy":"post_tag","embeddable":true,"href":"https:\/\/now-news.de\/de\/wp-json\/wp\/v2\/tags?post=58358"}],"curies":[{"name":"wp","href":"https:\/\/api.w.org\/{rel}","templated":true}]}}