{"id":58281,"date":"2024-04-03T17:53:07","date_gmt":"2024-04-03T15:53:07","guid":{"rendered":"https:\/\/just-now.news\/de\/deutschland\/stromversorgung-gekappt-in-charkow-erloeschen-licht-und-hoffnung\/"},"modified":"2024-04-03T17:53:07","modified_gmt":"2024-04-03T15:53:07","slug":"stromversorgung-gekappt-in-charkow-erloeschen-licht-und-hoffnung","status":"publish","type":"post","link":"https:\/\/now-news.de\/de\/deutschland\/stromversorgung-gekappt-in-charkow-erloeschen-licht-und-hoffnung\/","title":{"rendered":"Stromversorgung gekappt: In Charkow erl\u00f6schen Licht und Hoffnung"},"content":{"rendered":"<p><img decoding=\"async\" src=\"http:\/\/just-now.news\/de\/wp-content\/uploads\/sites\/3\/2024\/04\/660d50b348fbef4ea961fe39.jpg\" \/><\/p>\n<div class=\"Text-root Text-type_1 \">\n                Die russische Armee hat in der j\u00fcngsten Zeit die ukrainische Stromversorgung im Gebiet Charkow ins Visier genommen. Selbst wenn die Front in dieser Region im Moment fast unver\u00e4ndert bleibt, so wird die milit\u00e4rische Organisation und Motivation der gegnerischen Truppen auf diese Weise deutlich eingeschr\u00e4nkt.\n            <\/div>\n<p><\/p>\n<div class=\"Text-root Text-type_5 ArticleView-text ViewText-root \">\n<p><em>Von Sergei Sawtschuk<\/em><\/p>\n<p>Nach Angaben des B\u00fcrgermeisters von Charkow, Igor Terechow, sind s\u00e4mtliche Einrichtungen der kritischen Energieinfrastruktur in der zweitbev\u00f6lkerungsreichsten Stadt der Ukraine au\u00dfer Betrieb gesetzt worden. Er erkl\u00e4rte, die russischen Angriffe h\u00e4tten alle Kraftwerke und Umspannwerke besch\u00e4digt, wobei sowohl staatliche als auch private Anlagen au\u00dfer Betrieb seien. Der B\u00fcrgermeister f\u00fcgte hinzu, dass die Millionenstadt derzeit einen Zeitplan f\u00fcr gezielte Stromabschaltungen f\u00fcr die Bev\u00f6lkerung eingef\u00fchrt hat, von denen \u00fcber 200.000 Haushalte betroffen sind. Terechow gibt sich tapfer und versichert, dass diese Ma\u00dfnahme nur vor\u00fcbergehend sei und im Allgemeinen nichts Schlimmes passiert w\u00e4re. Allerdings hinterlie\u00dfen zahlreiche B\u00fcrger von Charkow auf seinen Profilen in den sozialen Netzwerken Kommentare, aus denen sich schlie\u00dfen l\u00e4sst, dass die Abschaltungen absolut unreguliert und chaotisch erfolgen.<\/p>\n<p>Die Geschehnisse rund um Charkow, insbesondere hinsichtlich der Energiesituation, sind hochinteressant, da sie zu einem Prolog f\u00fcr neue tektonische Verschiebungen sowohl an der Front als auch im Bereich der Geopolitik werden k\u00f6nnten.<\/p>\n<p>Zun\u00e4chst sollten wir vielleicht die Reaktion der ukrainischen Beh\u00f6rden und die Informationskomponente als Spiegelbild des lokalen politischen Diskurses betrachten.<\/p>\n<p>Es ist bemerkenswert, dass in Bezug auf Charkow, das in der modernen ukrainischen Geschichtsschreibung sorgf\u00e4ltig als erste Hauptstadt der Ukraine und bev\u00f6lkerungsm\u00e4\u00dfig zweitgr\u00f6\u00dfte, aber weniger bedeutende Stadt des Landes eingestuft wird, in den Erkl\u00e4rungen der Kiewer Beh\u00f6rden keine Siegesparolen mehr zu h\u00f6ren sind. Propagandaspr\u00fcche vom Format &#8220;Wenn wir Mariupol verlieren, verlieren wir auch die Ukraine&#8221; oder &#8220;Festung Bachmut&#8221; sind verschwunden. Solche emotionalen Techniken werden in Charkow nicht mehr angewandt, was darauf hindeutet, dass Kiew die neuen Realit\u00e4ten akzeptiert und sich stillschweigend damit abgefunden hat, dass die bisherigen &#8220;Festungen&#8221; in ausnahmslos allen F\u00e4llen bereits unter die Kontrolle der russischen Armee geraten sind.<\/p>\n<p>Es sei an die Massenevakuierung der Bev\u00f6lkerung sowohl aus den benachbarten Bezirken als auch aus der Stadt selbst erinnert, aus der Hunderte Kinder in den Westen des Landes gebracht wurden, was unter den Bedingungen der Front durchaus verst\u00e4ndlich ist.<\/p>\n<p>Bemerkenswert ist auch der Zeitraum, in dem die Energieanlagen freundlicherweise au\u00dfer Betrieb gesetzt wurden. Die Temperaturen in der Ukraine liegen inzwischen durchweg \u00fcber dem Gefrierpunkt, was einmal mehr indirekt best\u00e4tigt, dass das Ziel der russischen Luftangriffe nicht die einfachen Ukrainer, sondern milit\u00e4rische und damit verbundene Einrichtungen sind. Wie hochrangige westliche Milit\u00e4rs in ihren Erkl\u00e4rungen immer wieder verwundert feststellen, h\u00e4tten nach allen Regeln einer echten &#8220;(westlichen) demokratischen Offensivdoktrin&#8221; bereits im Herbst W\u00e4rme- und Kraftwerke bombardiert werden m\u00fcssen, was Moskau aber nicht getan hat.<\/p>\n<p>Die Lage der Struktur der W\u00e4rme- und Stromversorgung in Charkow wird aus offensichtlichen Gr\u00fcnden nicht \u00f6ffentlich bekannt gemacht, ist aber auch kein absolutes Geheimnis.<\/p>\n<p>Bis vor Kurzem wurde der Bedarf aller st\u00e4dtischen Verbraucher, sei es im kommunalen Bereich, im Verkehrssektor oder in anderen Sektoren, einschlie\u00dflich Industrieunternehmen, von drei gro\u00dfen Unternehmen gedeckt. Dabei handelt es sich um das Charkower Heizkraftwerk-3 (TEZ-3), das Heizkraftwerk-5 (TEZ-5) und das leistungsstarke W\u00e4rmekraftwerk Smijowskaja. Zu allen dreien gibt es eine Reihe interessanter Fakten.<\/p>\n<p>So hatten die Triebwerke des TEZ-3 im Jahr 2010 drei volle Motorlebenszyklen (etwa 70 Jahre) hinter sich und waren eigentlich nicht mehr einsetzbar. Im Jahr 2013 wurde mit Energoatom, dem f\u00fchrenden ukrainischen Schwermaschinenbauer im Energiesektor, eine Vereinbarung \u00fcber den Austausch der Kraftwerksbl\u00f6cke unterzeichnet, und 2013 begann die Demontage des ersten Blocks. Leonid Lyssak, der damalige Direktor des Unternehmens, wies darauf hin, dass zu diesem Zeitpunkt nur einer der f\u00fcnf Hei\u00dfwasserkessel in Betrieb und die Frage der Energieeffizienz des Kraftwerks keineswegs gel\u00f6st war.<\/p>\n<p>Das TEZ-5 wurde zwar vor mehr als vierzig Jahren in Betrieb genommen, blieb aber bis vor Kurzem eine wichtige Energieversorgungseinrichtung f\u00fcr mehrere Stadtteile. Es wurde zudem mit dem Hauptziel modernisiert, die Abh\u00e4ngigkeit von russischem Gas als Hauptbrennstoff zu verringern.<\/p>\n<p>Das W\u00e4rmekraftwerk Smijowskaja ist das leistungsst\u00e4rkste in diesem Trio: Seine zehn Kraftwerksbl\u00f6cke erzeugen 2,2 Gigawatt Strom gegen\u00fcber 0,5 Gigawatt im TEZ-5. Gleichzeitig versorgt das Kraftwerk drei Regionen auf einmal mit Energie: Neben dem Gebiet Charkow gehen die Strom\u00fcbersch\u00fcsse auch in die Gebiete Poltawa und Sumy. Der Hauptbrennstoff ist hier Anthrazitkohle, und anfangs waren die Kohlebecken Sibiriens der Hauptlieferant. Zu Beginn der 80er-Jahre des letzten Jahrhunderts kam es aus verschiedenen Gr\u00fcnden zu so starken Versorgungsunterbrechungen, dass Moskau ernsthaft den Bau eines Kernkraftwerks in der N\u00e4he von Charkow in Erw\u00e4gung zog, das Projekt wurde jedoch nie realisiert.<\/p>\n<p>Es gibt auch das Heizkraftwerk Saltowskaja, das jedoch seit mehr als zehn Jahren keinen Strom mehr erzeugt, sondern drei Stadtteile von Charkow mit W\u00e4rme versorgt, darunter Saltowka \u2013 das gr\u00f6\u00dfte Wohngebiet der Ukraine.<\/p>\n<p>Die j\u00fcngste Welle von Drohnen- und Raketenangriffen begann um den 22. und 23. M\u00e4rz, was viele an eine Reaktion auf den schrecklichen Terroranschlag auf die Konzerthalle Crocus City Hall denken lie\u00df. Dabei ist die offizielle Position des Kremls dazu recht eindeutig: Derzeit w\u00fcrden Daten gesammelt und es sei eine gr\u00fcndliche Untersuchung der Trag\u00f6die im Gange, so dass alle Spekulationen dieser Art allein auf dem Gewissen der entsprechenden Autoren beruhen.<\/p>\n<p>Nat\u00fcrlich tut Kiew sein Bestes, um die genauen Daten der Treffer geheim zu halten. Es kann nicht ausgeschlossen werden, dass die russische Milit\u00e4rf\u00fchrung absichtlich mit Desinformationen in die Irre gef\u00fchrt wird, um die Wahrscheinlichkeit neuer Angriffe zu minimieren und gleichzeitig die Erzeugungskapazit\u00e4t zu erhalten. Unbestreitbar ist, dass russische Raketen und Drohnen ihre Ziele erreichen, was bedeutet, dass die Erz\u00e4hlungen des ukrainischen Luftwaffenkommandos \u00fcber die angebliche Zerst\u00f6rung aller Luftziele getrost in den M\u00fclleimer der Anekdoten verbannt werden k\u00f6nnen.<\/p>\n<p>Eine Analyse der Zeitpl\u00e4ne und der Gebiete, in denen es zu Stromausf\u00e4llen kam, l\u00e4sst vermuten, dass zumindest das TEZ-3 und das W\u00e4rmekraftwerk Smijowskaja sowie die Umspannwerke Charkowskaja und Serp i Molot sehr schwer besch\u00e4digt wurden. Ein Beweis daf\u00fcr ist der akute Strommangel in den Gebieten, in denen sich das Charkower Traktorenwerk, die Werke Proton und Kommunar sowie die Turboatom-Werkhallen befinden. Nach den vorliegenden Informationen werden die gro\u00dfen Fl\u00e4chen der beiden erstgenannten Werke f\u00fcr die Reparatur von gepanzerten Fahrzeugen und verschiedenen Arten von schweren Waffen sowie f\u00fcr die Herstellung von Mitteln der elektronischen Kriegsf\u00fchrung und Aufkl\u00e4rungsausr\u00fcstung genutzt. \u00dcber die beiden anderen gibt es zwar keine zuverl\u00e4ssigen Daten, aber wenn die russischen Milit\u00e4rs dort den Stecker gezogen haben, ist das auch nicht unvern\u00fcnftig.<\/p>\n<p>Kiew beendet das erste Quartal dieses Jahres in einer offenkundig schlechten Situation. Der neue ukrainische Oberbefehlshaber Alexander Syrski l\u00fcgt absichtlich, wenn er behauptet, dass die ukrainischen Streitkr\u00e4fte mehr Territorium befreit als verloren haben, was bereits von anderen hochrangigen ukrainischen Pers\u00f6nlichkeiten widerlegt wurde. Im Gegensatz zum Donezker Frontabschnitt ist die Front in der Region Charkow praktisch unver\u00e4ndert, was nicht hei\u00dft, dass keine St\u00f6rung der milit\u00e4rischen Produktion und Logistik im ukrainischen Hinterland stattfindet. Es ist sehr wahrscheinlich, dass wir es mit einer neuen Milit\u00e4rstrategie zu tun haben, die darauf abzielt, die gegnerischen Kr\u00e4fte implizit und indirekt tief ins Innere zu dr\u00e4ngen, das hei\u00dft, die &#8220;sanit\u00e4re Zone&#8221; zu schaffen, von der Russlands Pr\u00e4sident Wladimir Putin sprach. Es ist schon schwierig genug, Kampfeins\u00e4tze zu organisieren, wenn man nirgendwo die Batterien einer Drohne aufladen oder ein Schwei\u00dfger\u00e4t anschlie\u00dfen kann.<\/p>\n<p><em>\u00dcbersetzt aus dem <a rel=\"nofollow noopener\" target=\"_blank\" href=\"https:\/\/ria.ru\/20240403\/energoinfrastruktura-1937415041.html\">Russischen<\/a>. Der Artikel ist zuerst erschienen bei RIA Nowosti am 3. April 2024.<\/em><\/p>\n<p><em><strong>Sergei Sawtschuk<\/strong> ist ein russischer Kolumnist und Blogger.<\/em><\/p>\n<p><strong>Mehr zum Thema<\/strong> \u2013 <a rel=\"nofollow noopener\" target=\"_blank\" href=\"https:\/\/freedert.online\/meinung\/201312-energieversorgung-der-ukraine-naehert-sich-dem-zusammenbruch\/\">Energieversorgung der Ukraine n\u00e4hert sich dem Zusammenbruch <\/a><\/p>\n<div class=\"EmbedBlock-root EmbedBlock-externalVideo EmbedBlock-odysee\">\n<div class=\"VkEmbed\"><iframe class=\"lazyload\" data-src=\"https:\/\/odysee.com\/%24\/embed\/%40RTDE%3Ae%2FStromausf%C3%A4lle-in-der-Ukraine--Russland-greift-Energieobjekte-an%3A7\" frameborder=\"0\" width=\"853\" height=\"480\" allowfullscreen><\/iframe><\/div>\n<\/div>\n<\/div>\n<p><br \/>\n<br \/><a href=\"https:\/\/de.rt.com\/europa\/201475-in-charkow-erloeschen-licht-und\/\">Source link <\/a><\/p>\n","protected":false},"excerpt":{"rendered":"<p>Die russische Armee hat in der j\u00fcngsten Zeit die ukrainische Stromversorgung im Gebiet Charkow ins Visier genommen. Selbst wenn die Front in dieser Region im Moment fast unver\u00e4ndert bleibt, so wird die milit\u00e4rische Organisation und Motivation der gegnerischen Truppen auf diese Weise deutlich eingeschr\u00e4nkt. Von Sergei Sawtschuk Nach Angaben des B\u00fcrgermeisters von Charkow, Igor Terechow, [&hellip;]<\/p>\n","protected":false},"author":3,"featured_media":58282,"comment_status":"open","ping_status":"open","sticky":false,"template":"","format":"standard","meta":{"_yoast_indexnow_last_ping":["1712165069"],"wp_automatic_camp":["217"],"0d0690015dc69fa9ca11df52b7e4aaec":["Stromversorgung gekappt: In Charkow erl\u00f6schen Licht und Hoffnung"],"original_link":["https:\/\/de.rt.com\/europa\/201475-in-charkow-erloeschen-licht-und\/"],"_thumbnail_id":["58282"],"jnews_social_counter_last_update":["1777313572"],"_wptgpro_p2tg_sent2tg":["a:1:{i:23737;s:19:\"2024-04-03 19:25:31\";}"]},"categories":[19,23],"tags":[32490,54931,54009,20246,6855,22781,140],"yoast_head":"<!-- This site is optimized with the Yoast SEO Premium plugin v22.7 (Yoast SEO v22.7) - https:\/\/yoast.com\/wordpress\/plugins\/seo\/ -->\n<title>Stromversorgung gekappt: In Charkow erl\u00f6schen Licht und Hoffnung - just-now.NEWS Deutschland<\/title>\n<meta name=\"robots\" content=\"index, follow, max-snippet:-1, max-image-preview:large, max-video-preview:-1\" \/>\n<link rel=\"canonical\" href=\"https:\/\/now-news.de\/de\/deutschland\/stromversorgung-gekappt-in-charkow-erloeschen-licht-und-hoffnung\/\" \/>\n<meta property=\"og:locale\" content=\"de_DE\" \/>\n<meta property=\"og:type\" content=\"article\" \/>\n<meta property=\"og:title\" content=\"Stromversorgung gekappt: In Charkow erl\u00f6schen Licht und Hoffnung\" \/>\n<meta property=\"og:description\" content=\"Die russische Armee hat in der j\u00fcngsten Zeit die ukrainische Stromversorgung im Gebiet Charkow ins Visier genommen. Selbst wenn die Front in dieser Region im Moment fast unver\u00e4ndert bleibt, so wird die milit\u00e4rische Organisation und Motivation der gegnerischen Truppen auf diese Weise deutlich eingeschr\u00e4nkt. Von Sergei Sawtschuk Nach Angaben des B\u00fcrgermeisters von Charkow, Igor Terechow, [&hellip;]\" \/>\n<meta property=\"og:url\" content=\"https:\/\/now-news.de\/de\/deutschland\/stromversorgung-gekappt-in-charkow-erloeschen-licht-und-hoffnung\/\" \/>\n<meta property=\"og:site_name\" content=\"just-now.NEWS Deutschland\" \/>\n<meta property=\"article:publisher\" content=\"https:\/\/www.facebook.com\/wirmachenauf\" \/>\n<meta property=\"article:published_time\" content=\"2024-04-03T15:53:07+00:00\" \/>\n<meta property=\"og:image\" content=\"https:\/\/now-news.de\/de\/wp-content\/uploads\/sites\/3\/2024\/04\/Stromversorgung-gekappt-In-Charkow-erloeschen-Licht-und-Hoffnung.jpg\" \/>\n\t<meta property=\"og:image:width\" content=\"460\" \/>\n\t<meta property=\"og:image:height\" content=\"259\" \/>\n\t<meta property=\"og:image:type\" content=\"image\/jpeg\" \/>\n<meta name=\"author\" content=\"rtnews\" \/>\n<meta name=\"twitter:card\" content=\"summary_large_image\" \/>\n<meta name=\"twitter:creator\" content=\"@WirMachenAuf_de\" \/>\n<meta name=\"twitter:site\" content=\"@WirMachenAuf_de\" \/>\n<meta name=\"twitter:label1\" content=\"Verfasst von\" \/>\n\t<meta name=\"twitter:data1\" content=\"rtnews\" \/>\n\t<meta name=\"twitter:label2\" content=\"Gesch\u00e4tzte Lesezeit\" \/>\n\t<meta name=\"twitter:data2\" content=\"7\u00a0Minuten\" \/>\n<script type=\"application\/ld+json\" class=\"yoast-schema-graph\">{\"@context\":\"https:\/\/schema.org\",\"@graph\":[{\"@type\":\"Article\",\"@id\":\"https:\/\/now-news.de\/de\/deutschland\/stromversorgung-gekappt-in-charkow-erloeschen-licht-und-hoffnung\/#article\",\"isPartOf\":{\"@id\":\"https:\/\/now-news.de\/de\/deutschland\/stromversorgung-gekappt-in-charkow-erloeschen-licht-und-hoffnung\/\"},\"author\":{\"name\":\"rtnews\",\"@id\":\"https:\/\/now-news.de\/de\/#\/schema\/person\/fb534a4e865501d8b3285208df34a9b5\"},\"headline\":\"Stromversorgung gekappt: In Charkow erl\u00f6schen Licht und Hoffnung\",\"datePublished\":\"2024-04-03T15:53:07+00:00\",\"dateModified\":\"2024-04-03T15:53:07+00:00\",\"mainEntityOfPage\":{\"@id\":\"https:\/\/now-news.de\/de\/deutschland\/stromversorgung-gekappt-in-charkow-erloeschen-licht-und-hoffnung\/\"},\"wordCount\":1318,\"commentCount\":0,\"publisher\":{\"@id\":\"https:\/\/now-news.de\/de\/#organization\"},\"image\":{\"@id\":\"https:\/\/now-news.de\/de\/deutschland\/stromversorgung-gekappt-in-charkow-erloeschen-licht-und-hoffnung\/#primaryimage\"},\"thumbnailUrl\":\"https:\/\/now-news.de\/de\/wp-content\/uploads\/sites\/3\/2024\/04\/Stromversorgung-gekappt-In-Charkow-erloeschen-Licht-und-Hoffnung.jpg\",\"keywords\":[\"Charkow\",\"erl\u00f6schen\",\"gekappt\",\"Hoffnung\",\"Licht\",\"Stromversorgung\",\"und\"],\"articleSection\":[\"Deutschland\",\"Russland\"],\"inLanguage\":\"de\",\"potentialAction\":[{\"@type\":\"CommentAction\",\"name\":\"Comment\",\"target\":[\"https:\/\/now-news.de\/de\/deutschland\/stromversorgung-gekappt-in-charkow-erloeschen-licht-und-hoffnung\/#respond\"]}]},{\"@type\":\"WebPage\",\"@id\":\"https:\/\/now-news.de\/de\/deutschland\/stromversorgung-gekappt-in-charkow-erloeschen-licht-und-hoffnung\/\",\"url\":\"https:\/\/now-news.de\/de\/deutschland\/stromversorgung-gekappt-in-charkow-erloeschen-licht-und-hoffnung\/\",\"name\":\"Stromversorgung gekappt: In Charkow erl\u00f6schen Licht und Hoffnung - just-now.NEWS Deutschland\",\"isPartOf\":{\"@id\":\"https:\/\/now-news.de\/de\/#website\"},\"primaryImageOfPage\":{\"@id\":\"https:\/\/now-news.de\/de\/deutschland\/stromversorgung-gekappt-in-charkow-erloeschen-licht-und-hoffnung\/#primaryimage\"},\"image\":{\"@id\":\"https:\/\/now-news.de\/de\/deutschland\/stromversorgung-gekappt-in-charkow-erloeschen-licht-und-hoffnung\/#primaryimage\"},\"thumbnailUrl\":\"https:\/\/now-news.de\/de\/wp-content\/uploads\/sites\/3\/2024\/04\/Stromversorgung-gekappt-In-Charkow-erloeschen-Licht-und-Hoffnung.jpg\",\"datePublished\":\"2024-04-03T15:53:07+00:00\",\"dateModified\":\"2024-04-03T15:53:07+00:00\",\"breadcrumb\":{\"@id\":\"https:\/\/now-news.de\/de\/deutschland\/stromversorgung-gekappt-in-charkow-erloeschen-licht-und-hoffnung\/#breadcrumb\"},\"inLanguage\":\"de\",\"potentialAction\":[{\"@type\":\"ReadAction\",\"target\":[\"https:\/\/now-news.de\/de\/deutschland\/stromversorgung-gekappt-in-charkow-erloeschen-licht-und-hoffnung\/\"]}]},{\"@type\":\"ImageObject\",\"inLanguage\":\"de\",\"@id\":\"https:\/\/now-news.de\/de\/deutschland\/stromversorgung-gekappt-in-charkow-erloeschen-licht-und-hoffnung\/#primaryimage\",\"url\":\"https:\/\/now-news.de\/de\/wp-content\/uploads\/sites\/3\/2024\/04\/Stromversorgung-gekappt-In-Charkow-erloeschen-Licht-und-Hoffnung.jpg\",\"contentUrl\":\"https:\/\/now-news.de\/de\/wp-content\/uploads\/sites\/3\/2024\/04\/Stromversorgung-gekappt-In-Charkow-erloeschen-Licht-und-Hoffnung.jpg\",\"width\":460,\"height\":259,\"caption\":\"Stromversorgung gekappt: In Charkow erl\u00f6schen Licht und Hoffnung\"},{\"@type\":\"BreadcrumbList\",\"@id\":\"https:\/\/now-news.de\/de\/deutschland\/stromversorgung-gekappt-in-charkow-erloeschen-licht-und-hoffnung\/#breadcrumb\",\"itemListElement\":[{\"@type\":\"ListItem\",\"position\":1,\"name\":\"Home\",\"item\":\"https:\/\/now-news.de\/de\/\"},{\"@type\":\"ListItem\",\"position\":2,\"name\":\"Stromversorgung gekappt: In Charkow erl\u00f6schen Licht und Hoffnung\"}]},{\"@type\":\"WebSite\",\"@id\":\"https:\/\/now-news.de\/de\/#website\",\"url\":\"https:\/\/now-news.de\/de\/\",\"name\":\"just-now.NEWS Deutschland\",\"description\":\"Das Portal f\u00fcr unzensierte Nachrichten aus der Welt\",\"publisher\":{\"@id\":\"https:\/\/now-news.de\/de\/#organization\"},\"potentialAction\":[{\"@type\":\"SearchAction\",\"target\":{\"@type\":\"EntryPoint\",\"urlTemplate\":\"https:\/\/now-news.de\/de\/?s={search_term_string}\"},\"query-input\":\"required name=search_term_string\"}],\"inLanguage\":\"de\"},{\"@type\":\"Organization\",\"@id\":\"https:\/\/now-news.de\/de\/#organization\",\"name\":\"Just Now News\",\"url\":\"https:\/\/now-news.de\/de\/\",\"logo\":{\"@type\":\"ImageObject\",\"inLanguage\":\"de\",\"@id\":\"https:\/\/now-news.de\/de\/#\/schema\/logo\/image\/\",\"url\":\"http:\/\/just-now.news\/de\/wp-content\/uploads\/sites\/3\/2022\/04\/logo500x500.jpg\",\"contentUrl\":\"http:\/\/just-now.news\/de\/wp-content\/uploads\/sites\/3\/2022\/04\/logo500x500.jpg\",\"width\":500,\"height\":500,\"caption\":\"Just Now News\"},\"image\":{\"@id\":\"https:\/\/now-news.de\/de\/#\/schema\/logo\/image\/\"},\"sameAs\":[\"https:\/\/www.facebook.com\/wirmachenauf\",\"https:\/\/x.com\/WirMachenAuf_de\"]},{\"@type\":\"Person\",\"@id\":\"https:\/\/now-news.de\/de\/#\/schema\/person\/fb534a4e865501d8b3285208df34a9b5\",\"name\":\"rtnews\",\"image\":{\"@type\":\"ImageObject\",\"inLanguage\":\"de\",\"@id\":\"https:\/\/now-news.de\/de\/#\/schema\/person\/image\/\",\"url\":\"https:\/\/secure.gravatar.com\/avatar\/82aafea7d8127119dd649515f56e2117?s=96&d=mm&r=g\",\"contentUrl\":\"https:\/\/secure.gravatar.com\/avatar\/82aafea7d8127119dd649515f56e2117?s=96&d=mm&r=g\",\"caption\":\"rtnews\"},\"url\":\"https:\/\/now-news.de\/de\/author\/rnews\/\"}]}<\/script>\n<!-- \/ Yoast SEO Premium plugin. -->","yoast_head_json":{"title":"Stromversorgung gekappt: In Charkow erl\u00f6schen Licht und Hoffnung - just-now.NEWS Deutschland","robots":{"index":"index","follow":"follow","max-snippet":"max-snippet:-1","max-image-preview":"max-image-preview:large","max-video-preview":"max-video-preview:-1"},"canonical":"https:\/\/now-news.de\/de\/deutschland\/stromversorgung-gekappt-in-charkow-erloeschen-licht-und-hoffnung\/","og_locale":"de_DE","og_type":"article","og_title":"Stromversorgung gekappt: In Charkow erl\u00f6schen Licht und Hoffnung","og_description":"Die russische Armee hat in der j\u00fcngsten Zeit die ukrainische Stromversorgung im Gebiet Charkow ins Visier genommen. Selbst wenn die Front in dieser Region im Moment fast unver\u00e4ndert bleibt, so wird die milit\u00e4rische Organisation und Motivation der gegnerischen Truppen auf diese Weise deutlich eingeschr\u00e4nkt. Von Sergei Sawtschuk Nach Angaben des B\u00fcrgermeisters von Charkow, Igor Terechow, [&hellip;]","og_url":"https:\/\/now-news.de\/de\/deutschland\/stromversorgung-gekappt-in-charkow-erloeschen-licht-und-hoffnung\/","og_site_name":"just-now.NEWS Deutschland","article_publisher":"https:\/\/www.facebook.com\/wirmachenauf","article_published_time":"2024-04-03T15:53:07+00:00","og_image":[{"width":460,"height":259,"url":"https:\/\/now-news.de\/de\/wp-content\/uploads\/sites\/3\/2024\/04\/Stromversorgung-gekappt-In-Charkow-erloeschen-Licht-und-Hoffnung.jpg","type":"image\/jpeg"}],"author":"rtnews","twitter_card":"summary_large_image","twitter_creator":"@WirMachenAuf_de","twitter_site":"@WirMachenAuf_de","twitter_misc":{"Verfasst von":"rtnews","Gesch\u00e4tzte Lesezeit":"7\u00a0Minuten"},"schema":{"@context":"https:\/\/schema.org","@graph":[{"@type":"Article","@id":"https:\/\/now-news.de\/de\/deutschland\/stromversorgung-gekappt-in-charkow-erloeschen-licht-und-hoffnung\/#article","isPartOf":{"@id":"https:\/\/now-news.de\/de\/deutschland\/stromversorgung-gekappt-in-charkow-erloeschen-licht-und-hoffnung\/"},"author":{"name":"rtnews","@id":"https:\/\/now-news.de\/de\/#\/schema\/person\/fb534a4e865501d8b3285208df34a9b5"},"headline":"Stromversorgung gekappt: In Charkow erl\u00f6schen Licht und Hoffnung","datePublished":"2024-04-03T15:53:07+00:00","dateModified":"2024-04-03T15:53:07+00:00","mainEntityOfPage":{"@id":"https:\/\/now-news.de\/de\/deutschland\/stromversorgung-gekappt-in-charkow-erloeschen-licht-und-hoffnung\/"},"wordCount":1318,"commentCount":0,"publisher":{"@id":"https:\/\/now-news.de\/de\/#organization"},"image":{"@id":"https:\/\/now-news.de\/de\/deutschland\/stromversorgung-gekappt-in-charkow-erloeschen-licht-und-hoffnung\/#primaryimage"},"thumbnailUrl":"https:\/\/now-news.de\/de\/wp-content\/uploads\/sites\/3\/2024\/04\/Stromversorgung-gekappt-In-Charkow-erloeschen-Licht-und-Hoffnung.jpg","keywords":["Charkow","erl\u00f6schen","gekappt","Hoffnung","Licht","Stromversorgung","und"],"articleSection":["Deutschland","Russland"],"inLanguage":"de","potentialAction":[{"@type":"CommentAction","name":"Comment","target":["https:\/\/now-news.de\/de\/deutschland\/stromversorgung-gekappt-in-charkow-erloeschen-licht-und-hoffnung\/#respond"]}]},{"@type":"WebPage","@id":"https:\/\/now-news.de\/de\/deutschland\/stromversorgung-gekappt-in-charkow-erloeschen-licht-und-hoffnung\/","url":"https:\/\/now-news.de\/de\/deutschland\/stromversorgung-gekappt-in-charkow-erloeschen-licht-und-hoffnung\/","name":"Stromversorgung gekappt: In Charkow erl\u00f6schen Licht und Hoffnung - just-now.NEWS Deutschland","isPartOf":{"@id":"https:\/\/now-news.de\/de\/#website"},"primaryImageOfPage":{"@id":"https:\/\/now-news.de\/de\/deutschland\/stromversorgung-gekappt-in-charkow-erloeschen-licht-und-hoffnung\/#primaryimage"},"image":{"@id":"https:\/\/now-news.de\/de\/deutschland\/stromversorgung-gekappt-in-charkow-erloeschen-licht-und-hoffnung\/#primaryimage"},"thumbnailUrl":"https:\/\/now-news.de\/de\/wp-content\/uploads\/sites\/3\/2024\/04\/Stromversorgung-gekappt-In-Charkow-erloeschen-Licht-und-Hoffnung.jpg","datePublished":"2024-04-03T15:53:07+00:00","dateModified":"2024-04-03T15:53:07+00:00","breadcrumb":{"@id":"https:\/\/now-news.de\/de\/deutschland\/stromversorgung-gekappt-in-charkow-erloeschen-licht-und-hoffnung\/#breadcrumb"},"inLanguage":"de","potentialAction":[{"@type":"ReadAction","target":["https:\/\/now-news.de\/de\/deutschland\/stromversorgung-gekappt-in-charkow-erloeschen-licht-und-hoffnung\/"]}]},{"@type":"ImageObject","inLanguage":"de","@id":"https:\/\/now-news.de\/de\/deutschland\/stromversorgung-gekappt-in-charkow-erloeschen-licht-und-hoffnung\/#primaryimage","url":"https:\/\/now-news.de\/de\/wp-content\/uploads\/sites\/3\/2024\/04\/Stromversorgung-gekappt-In-Charkow-erloeschen-Licht-und-Hoffnung.jpg","contentUrl":"https:\/\/now-news.de\/de\/wp-content\/uploads\/sites\/3\/2024\/04\/Stromversorgung-gekappt-In-Charkow-erloeschen-Licht-und-Hoffnung.jpg","width":460,"height":259,"caption":"Stromversorgung gekappt: In Charkow erl\u00f6schen Licht und Hoffnung"},{"@type":"BreadcrumbList","@id":"https:\/\/now-news.de\/de\/deutschland\/stromversorgung-gekappt-in-charkow-erloeschen-licht-und-hoffnung\/#breadcrumb","itemListElement":[{"@type":"ListItem","position":1,"name":"Home","item":"https:\/\/now-news.de\/de\/"},{"@type":"ListItem","position":2,"name":"Stromversorgung gekappt: In Charkow erl\u00f6schen Licht und Hoffnung"}]},{"@type":"WebSite","@id":"https:\/\/now-news.de\/de\/#website","url":"https:\/\/now-news.de\/de\/","name":"just-now.NEWS Deutschland","description":"Das Portal f\u00fcr unzensierte Nachrichten aus der Welt","publisher":{"@id":"https:\/\/now-news.de\/de\/#organization"},"potentialAction":[{"@type":"SearchAction","target":{"@type":"EntryPoint","urlTemplate":"https:\/\/now-news.de\/de\/?s={search_term_string}"},"query-input":"required name=search_term_string"}],"inLanguage":"de"},{"@type":"Organization","@id":"https:\/\/now-news.de\/de\/#organization","name":"Just Now News","url":"https:\/\/now-news.de\/de\/","logo":{"@type":"ImageObject","inLanguage":"de","@id":"https:\/\/now-news.de\/de\/#\/schema\/logo\/image\/","url":"http:\/\/just-now.news\/de\/wp-content\/uploads\/sites\/3\/2022\/04\/logo500x500.jpg","contentUrl":"http:\/\/just-now.news\/de\/wp-content\/uploads\/sites\/3\/2022\/04\/logo500x500.jpg","width":500,"height":500,"caption":"Just Now News"},"image":{"@id":"https:\/\/now-news.de\/de\/#\/schema\/logo\/image\/"},"sameAs":["https:\/\/www.facebook.com\/wirmachenauf","https:\/\/x.com\/WirMachenAuf_de"]},{"@type":"Person","@id":"https:\/\/now-news.de\/de\/#\/schema\/person\/fb534a4e865501d8b3285208df34a9b5","name":"rtnews","image":{"@type":"ImageObject","inLanguage":"de","@id":"https:\/\/now-news.de\/de\/#\/schema\/person\/image\/","url":"https:\/\/secure.gravatar.com\/avatar\/82aafea7d8127119dd649515f56e2117?s=96&d=mm&r=g","contentUrl":"https:\/\/secure.gravatar.com\/avatar\/82aafea7d8127119dd649515f56e2117?s=96&d=mm&r=g","caption":"rtnews"},"url":"https:\/\/now-news.de\/de\/author\/rnews\/"}]}},"_links":{"self":[{"href":"https:\/\/now-news.de\/de\/wp-json\/wp\/v2\/posts\/58281"}],"collection":[{"href":"https:\/\/now-news.de\/de\/wp-json\/wp\/v2\/posts"}],"about":[{"href":"https:\/\/now-news.de\/de\/wp-json\/wp\/v2\/types\/post"}],"author":[{"embeddable":true,"href":"https:\/\/now-news.de\/de\/wp-json\/wp\/v2\/users\/3"}],"replies":[{"embeddable":true,"href":"https:\/\/now-news.de\/de\/wp-json\/wp\/v2\/comments?post=58281"}],"version-history":[{"count":0,"href":"https:\/\/now-news.de\/de\/wp-json\/wp\/v2\/posts\/58281\/revisions"}],"wp:featuredmedia":[{"embeddable":true,"href":"https:\/\/now-news.de\/de\/wp-json\/wp\/v2\/media\/58282"}],"wp:attachment":[{"href":"https:\/\/now-news.de\/de\/wp-json\/wp\/v2\/media?parent=58281"}],"wp:term":[{"taxonomy":"category","embeddable":true,"href":"https:\/\/now-news.de\/de\/wp-json\/wp\/v2\/categories?post=58281"},{"taxonomy":"post_tag","embeddable":true,"href":"https:\/\/now-news.de\/de\/wp-json\/wp\/v2\/tags?post=58281"}],"curies":[{"name":"wp","href":"https:\/\/api.w.org\/{rel}","templated":true}]}}