{"id":58229,"date":"2024-04-03T11:47:00","date_gmt":"2024-04-03T09:47:00","guid":{"rendered":"https:\/\/just-now.news\/de\/deutschland\/machtwechsel-im-senegal-der-naechste-sahelstaat-wendet-sich-von-westen-ab\/"},"modified":"2024-04-03T11:47:00","modified_gmt":"2024-04-03T09:47:00","slug":"machtwechsel-im-senegal-der-naechste-sahelstaat-wendet-sich-von-westen-ab","status":"publish","type":"post","link":"https:\/\/now-news.de\/de\/deutschland\/machtwechsel-im-senegal-der-naechste-sahelstaat-wendet-sich-von-westen-ab\/","title":{"rendered":"Machtwechsel im Senegal: Der n\u00e4chste Sahelstaat wendet sich von Westen ab"},"content":{"rendered":"<p><img decoding=\"async\" src=\"http:\/\/just-now.news\/de\/wp-content\/uploads\/sites\/3\/2024\/04\/660d03c8b480cc5e5c4a0b68.jpg\" \/><\/p>\n<div class=\"Text-root Text-type_1 \">\n                Die Staaten der Sahelzone revoltieren gegen die westliche Vormachtstellung in Afrika. Auf Mali, Niger und Burkina Faso folgt nun ein politischer Kurswechsel in Senegal. Der neue Pr\u00e4sident des Landes hat am Dienstag seinen Amtseid abgelegt.\n            <\/div>\n<p><\/p>\n<div class=\"Text-root Text-type_5 ArticleView-text ViewText-root \">\n<p><em>Von Armin Schmitt<\/em><\/p>\n<p>Die Staaten der Sahelzone revoltieren gegen die westliche Vormachtstellung in Afrika.\u00a0Vor drei Wochen hatte der Panafrikanist\u00a0Bassirou Diomaye Faye noch im Gef\u00e4ngnis gesessen. Zehn Tage nach seiner Entlassung\u00a0gewann er nun \u00fcberraschend Senegals Pr\u00e4sidentschaftswahl. Damit endete eine knapp zweimonatige politische Krise in dem Land. Am Dienstag wurde\u00a0der neue Pr\u00e4sident Faye in sein Amt eingef\u00fchrt.<\/p>\n<p>Faye\u00a0hatte anstelle des popul\u00e4ren, aber von der Wahl ausgeschlossenen Oppositionsf\u00fchrer Ousmane Sonko kandidiert. Dieser\u00a0unterst\u00fctzte daf\u00fcr seinen Parteikollegen Faye \u2013 beide geh\u00f6rten der 2023 verbotenen linksoppositionellen\u00a0Pastef (Afrikanische Patrioten Senegals f\u00fcr Arbeit, Ethik und Br\u00fcderlichkeit)\u00a0an.\u00a0Die Zusammensetzung der neuen Regierung wird insofern mit Spannung erwartet. Seit Wochen wird spekuliert, ob\u00a0Ousmane Sonko\u00a0k\u00fcnftig Premierminister wird.<\/p>\n<p>Faye gilt als Vorreiter einer neuen Generation von Staatslenkern in Afrika. Sein Versprechen, mit der bisherigen politischen Elite zu brechen und einen radikalen Politikwechsel voranzutreiben, kommt prim\u00e4r in der jungen Bev\u00f6lkerung an.\u00a0\u00a0Anders als in Niger, wo im Kampf gegen den Neokolonialismus der Machtwechsel in einen Putsch durch das Milit\u00e4r m\u00fcndete, ging der Machtwechsel im Senegal durch Wahlen hervor.\u00a0<\/p>\n<p>In seinem Wahlprogramm hatte Faye angek\u00fcndigt, sich f\u00fcr eine bessere Verwaltung ohne Korruption einzusetzen, die &#8220;Souver\u00e4nit\u00e4t Senegals&#8221; zu verwirklichen und f\u00fcr &#8220;mehr Wohlstand f\u00fcr alle&#8221; zu sorgen. Insbesondere in Wirtschaftskreisen sorgen Vorhaben wie die W\u00e4hrungsreform und die Neuverhandlung von Vertr\u00e4gen f\u00fcr die \u00d6l- und Gasindustrie f\u00fcr Aufsehen.<\/p>\n<p>Gleichzeitig strebt er danach, die Beziehungen zu den bisherigen Partnern \u2013 darunter auch Frankreich \u2013 neu zu bewerten. Faye hatte sich im Wahlkampf als &#8220;Kandidat des Systemwechsels&#8221; im Senegal pr\u00e4sentiert. Unter anderem versprach er, die Eink\u00fcnfte des westafrikanischen Landes aus Rohstoffen gerechter zu verteilen.\u00a0<\/p>\n<p>Eine starke Ann\u00e4herung an Russland, wie sie in den Sahel-Staaten Mali, Burkina Faso und Niger nach den patriotischen Milit\u00e4rputschen zu beobachten ist, gilt als wahrscheinlich. Senegal hatte\u00a0bisher kaum Beziehungen zu Russland.<\/p>\n<p>Es ist allerdings auch mit einer Einflussnahme durch die Golfstaaten zu rechen. Aber auch China, die T\u00fcrkei und Indien pflegen gute Beziehungen zu Senegal. Im Programm von Faye sei explizit eine &#8220;Diversifizierung&#8221; als Ziel genannt, anstatt der Abh\u00e4ngigkeiten von bestehenden Partnern. F\u00fcr Frankreich k\u00f6nnte dies bedeuten, dass es nicht mehr so leicht wird, mit Senegal Gesch\u00e4fte zu machen. Faye hat sich noch nicht klar dar\u00fcber ge\u00e4u\u00dfert, ob er beabsichtigt, das franz\u00f6sische Milit\u00e4r aus Senegal auszuweisen. Sollte dies erfolgen, w\u00e4re das f\u00fcr Paris ein beispielloser und herber Schlag.\u00a0Entscheidend dabei ist, dass er den ausbeuterischen CFA-Franc \u2013 das von Frankreich kontrollierte W\u00e4hrungssystem, das in 14 afrikanischen Staaten verwendet wird \u2013 aufgeben und im Rahmen der Neugestaltung der Beziehungen zur neokolonialen Macht Frankreich \u2013 Senegals wichtigstem Handelspartner \u2013 eine neue und souver\u00e4ne W\u00e4hrung einf\u00fchren will.<\/p>\n<p><strong>Mehr zum Thema<\/strong> &#8211; <a rel=\"nofollow noopener\" target=\"_blank\" href=\"https:\/\/freeassange.rtde.life\/afrika\/200007-vor-aufkuendigung-militaerabkommens-usa-drohten\/\">Versuch der Einsch\u00fcchterung: USA warnen Niger vor Ann\u00e4herung an Russland und Iran<\/a><\/p>\n<div class=\"EmbedBlock-root EmbedBlock-externalVideo EmbedBlock-vk\">\n<div class=\"VkEmbed\"><iframe class=\"lazyload\" data-src=\"https:\/\/vk.com\/video_ext.php?oid=-134310637&amp;id=456273720\" frameborder=\"0\" width=\"853\" height=\"480\" allowfullscreen><\/iframe><\/div>\n<\/div>\n<\/div>\n<p><br \/>\n<br \/><a href=\"https:\/\/de.rt.com\/afrika\/201422-machtwechsel-im-senegal-naechste-sahelstaat\/\">Source link <\/a><\/p>\n","protected":false},"excerpt":{"rendered":"<p>Die Staaten der Sahelzone revoltieren gegen die westliche Vormachtstellung in Afrika. Auf Mali, Niger und Burkina Faso folgt nun ein politischer Kurswechsel in Senegal. Der neue Pr\u00e4sident des Landes hat am Dienstag seinen Amtseid abgelegt. Von Armin Schmitt Die Staaten der Sahelzone revoltieren gegen die westliche Vormachtstellung in Afrika.\u00a0Vor drei Wochen hatte der Panafrikanist\u00a0Bassirou Diomaye [&hellip;]<\/p>\n","protected":false},"author":3,"featured_media":58230,"comment_status":"open","ping_status":"open","sticky":false,"template":"","format":"standard","meta":{"_yoast_indexnow_last_ping":["1712138002"],"wp_automatic_camp":["217"],"03513f0ba954fd415c93d8f19432576a":["Machtwechsel im Senegal: Der n\u00e4chste Sahelstaat wendet sich von Westen ab"],"original_link":["https:\/\/de.rt.com\/afrika\/201422-machtwechsel-im-senegal-naechste-sahelstaat\/"],"_thumbnail_id":["58230"],"_wptgpro_p2tg_sent2tg":["a:1:{i:23737;s:19:\"2024-04-03 11:54:26\";}"],"jnews_social_counter_last_update":["1777208530"]},"categories":[19,23],"tags":[82,33518,5590,54914,47859,434,50,20018,378],"yoast_head":"<!-- This site is optimized with the Yoast SEO Premium plugin v22.7 (Yoast SEO v22.7) - https:\/\/yoast.com\/wordpress\/plugins\/seo\/ -->\n<title>Machtwechsel im Senegal: Der n\u00e4chste Sahelstaat wendet sich von Westen ab - just-now.NEWS Deutschland<\/title>\n<meta name=\"robots\" content=\"index, follow, max-snippet:-1, max-image-preview:large, max-video-preview:-1\" \/>\n<link rel=\"canonical\" href=\"https:\/\/now-news.de\/de\/deutschland\/machtwechsel-im-senegal-der-naechste-sahelstaat-wendet-sich-von-westen-ab\/\" \/>\n<meta property=\"og:locale\" content=\"de_DE\" \/>\n<meta property=\"og:type\" content=\"article\" \/>\n<meta property=\"og:title\" content=\"Machtwechsel im Senegal: Der n\u00e4chste Sahelstaat wendet sich von Westen ab\" \/>\n<meta property=\"og:description\" content=\"Die Staaten der Sahelzone revoltieren gegen die westliche Vormachtstellung in Afrika. Auf Mali, Niger und Burkina Faso folgt nun ein politischer Kurswechsel in Senegal. Der neue Pr\u00e4sident des Landes hat am Dienstag seinen Amtseid abgelegt. Von Armin Schmitt Die Staaten der Sahelzone revoltieren gegen die westliche Vormachtstellung in Afrika.\u00a0Vor drei Wochen hatte der Panafrikanist\u00a0Bassirou Diomaye [&hellip;]\" \/>\n<meta property=\"og:url\" content=\"https:\/\/now-news.de\/de\/deutschland\/machtwechsel-im-senegal-der-naechste-sahelstaat-wendet-sich-von-westen-ab\/\" \/>\n<meta property=\"og:site_name\" content=\"just-now.NEWS Deutschland\" \/>\n<meta property=\"article:publisher\" content=\"https:\/\/www.facebook.com\/wirmachenauf\" \/>\n<meta property=\"article:published_time\" content=\"2024-04-03T09:47:00+00:00\" \/>\n<meta property=\"og:image\" content=\"https:\/\/now-news.de\/de\/wp-content\/uploads\/sites\/3\/2024\/04\/Machtwechsel-im-Senegal-Der-naechste-Sahelstaat-wendet-sich-von-Westen.jpg\" \/>\n\t<meta property=\"og:image:width\" content=\"460\" \/>\n\t<meta property=\"og:image:height\" content=\"259\" \/>\n\t<meta property=\"og:image:type\" content=\"image\/jpeg\" \/>\n<meta name=\"author\" content=\"rtnews\" \/>\n<meta name=\"twitter:card\" content=\"summary_large_image\" \/>\n<meta name=\"twitter:creator\" content=\"@WirMachenAuf_de\" \/>\n<meta name=\"twitter:site\" content=\"@WirMachenAuf_de\" \/>\n<meta name=\"twitter:label1\" content=\"Verfasst von\" \/>\n\t<meta name=\"twitter:data1\" content=\"rtnews\" \/>\n\t<meta name=\"twitter:label2\" content=\"Gesch\u00e4tzte Lesezeit\" \/>\n\t<meta name=\"twitter:data2\" content=\"3\u00a0Minuten\" \/>\n<script type=\"application\/ld+json\" class=\"yoast-schema-graph\">{\"@context\":\"https:\/\/schema.org\",\"@graph\":[{\"@type\":\"Article\",\"@id\":\"https:\/\/now-news.de\/de\/deutschland\/machtwechsel-im-senegal-der-naechste-sahelstaat-wendet-sich-von-westen-ab\/#article\",\"isPartOf\":{\"@id\":\"https:\/\/now-news.de\/de\/deutschland\/machtwechsel-im-senegal-der-naechste-sahelstaat-wendet-sich-von-westen-ab\/\"},\"author\":{\"name\":\"rtnews\",\"@id\":\"https:\/\/now-news.de\/de\/#\/schema\/person\/fb534a4e865501d8b3285208df34a9b5\"},\"headline\":\"Machtwechsel im Senegal: Der n\u00e4chste Sahelstaat wendet sich von Westen ab\",\"datePublished\":\"2024-04-03T09:47:00+00:00\",\"dateModified\":\"2024-04-03T09:47:00+00:00\",\"mainEntityOfPage\":{\"@id\":\"https:\/\/now-news.de\/de\/deutschland\/machtwechsel-im-senegal-der-naechste-sahelstaat-wendet-sich-von-westen-ab\/\"},\"wordCount\":537,\"commentCount\":0,\"publisher\":{\"@id\":\"https:\/\/now-news.de\/de\/#organization\"},\"image\":{\"@id\":\"https:\/\/now-news.de\/de\/deutschland\/machtwechsel-im-senegal-der-naechste-sahelstaat-wendet-sich-von-westen-ab\/#primaryimage\"},\"thumbnailUrl\":\"https:\/\/now-news.de\/de\/wp-content\/uploads\/sites\/3\/2024\/04\/Machtwechsel-im-Senegal-Der-naechste-Sahelstaat-wendet-sich-von-Westen.jpg\",\"keywords\":[\"der\",\"Machtwechsel\",\"n\u00e4chste\",\"Sahelstaat\",\"Senegal\",\"sich\",\"von\",\"wendet\",\"Westen\"],\"articleSection\":[\"Deutschland\",\"Russland\"],\"inLanguage\":\"de\",\"potentialAction\":[{\"@type\":\"CommentAction\",\"name\":\"Comment\",\"target\":[\"https:\/\/now-news.de\/de\/deutschland\/machtwechsel-im-senegal-der-naechste-sahelstaat-wendet-sich-von-westen-ab\/#respond\"]}]},{\"@type\":\"WebPage\",\"@id\":\"https:\/\/now-news.de\/de\/deutschland\/machtwechsel-im-senegal-der-naechste-sahelstaat-wendet-sich-von-westen-ab\/\",\"url\":\"https:\/\/now-news.de\/de\/deutschland\/machtwechsel-im-senegal-der-naechste-sahelstaat-wendet-sich-von-westen-ab\/\",\"name\":\"Machtwechsel im Senegal: Der n\u00e4chste Sahelstaat wendet sich von Westen ab - just-now.NEWS Deutschland\",\"isPartOf\":{\"@id\":\"https:\/\/now-news.de\/de\/#website\"},\"primaryImageOfPage\":{\"@id\":\"https:\/\/now-news.de\/de\/deutschland\/machtwechsel-im-senegal-der-naechste-sahelstaat-wendet-sich-von-westen-ab\/#primaryimage\"},\"image\":{\"@id\":\"https:\/\/now-news.de\/de\/deutschland\/machtwechsel-im-senegal-der-naechste-sahelstaat-wendet-sich-von-westen-ab\/#primaryimage\"},\"thumbnailUrl\":\"https:\/\/now-news.de\/de\/wp-content\/uploads\/sites\/3\/2024\/04\/Machtwechsel-im-Senegal-Der-naechste-Sahelstaat-wendet-sich-von-Westen.jpg\",\"datePublished\":\"2024-04-03T09:47:00+00:00\",\"dateModified\":\"2024-04-03T09:47:00+00:00\",\"breadcrumb\":{\"@id\":\"https:\/\/now-news.de\/de\/deutschland\/machtwechsel-im-senegal-der-naechste-sahelstaat-wendet-sich-von-westen-ab\/#breadcrumb\"},\"inLanguage\":\"de\",\"potentialAction\":[{\"@type\":\"ReadAction\",\"target\":[\"https:\/\/now-news.de\/de\/deutschland\/machtwechsel-im-senegal-der-naechste-sahelstaat-wendet-sich-von-westen-ab\/\"]}]},{\"@type\":\"ImageObject\",\"inLanguage\":\"de\",\"@id\":\"https:\/\/now-news.de\/de\/deutschland\/machtwechsel-im-senegal-der-naechste-sahelstaat-wendet-sich-von-westen-ab\/#primaryimage\",\"url\":\"https:\/\/now-news.de\/de\/wp-content\/uploads\/sites\/3\/2024\/04\/Machtwechsel-im-Senegal-Der-naechste-Sahelstaat-wendet-sich-von-Westen.jpg\",\"contentUrl\":\"https:\/\/now-news.de\/de\/wp-content\/uploads\/sites\/3\/2024\/04\/Machtwechsel-im-Senegal-Der-naechste-Sahelstaat-wendet-sich-von-Westen.jpg\",\"width\":460,\"height\":259,\"caption\":\"Machtwechsel im Senegal: Der n\u00e4chste Sahelstaat wendet sich von Westen ab\"},{\"@type\":\"BreadcrumbList\",\"@id\":\"https:\/\/now-news.de\/de\/deutschland\/machtwechsel-im-senegal-der-naechste-sahelstaat-wendet-sich-von-westen-ab\/#breadcrumb\",\"itemListElement\":[{\"@type\":\"ListItem\",\"position\":1,\"name\":\"Home\",\"item\":\"https:\/\/now-news.de\/de\/\"},{\"@type\":\"ListItem\",\"position\":2,\"name\":\"Machtwechsel im Senegal: Der n\u00e4chste Sahelstaat wendet sich von Westen ab\"}]},{\"@type\":\"WebSite\",\"@id\":\"https:\/\/now-news.de\/de\/#website\",\"url\":\"https:\/\/now-news.de\/de\/\",\"name\":\"just-now.NEWS Deutschland\",\"description\":\"Das Portal f\u00fcr unzensierte Nachrichten aus der Welt\",\"publisher\":{\"@id\":\"https:\/\/now-news.de\/de\/#organization\"},\"potentialAction\":[{\"@type\":\"SearchAction\",\"target\":{\"@type\":\"EntryPoint\",\"urlTemplate\":\"https:\/\/now-news.de\/de\/?s={search_term_string}\"},\"query-input\":\"required name=search_term_string\"}],\"inLanguage\":\"de\"},{\"@type\":\"Organization\",\"@id\":\"https:\/\/now-news.de\/de\/#organization\",\"name\":\"Just Now News\",\"url\":\"https:\/\/now-news.de\/de\/\",\"logo\":{\"@type\":\"ImageObject\",\"inLanguage\":\"de\",\"@id\":\"https:\/\/now-news.de\/de\/#\/schema\/logo\/image\/\",\"url\":\"http:\/\/just-now.news\/de\/wp-content\/uploads\/sites\/3\/2022\/04\/logo500x500.jpg\",\"contentUrl\":\"http:\/\/just-now.news\/de\/wp-content\/uploads\/sites\/3\/2022\/04\/logo500x500.jpg\",\"width\":500,\"height\":500,\"caption\":\"Just Now News\"},\"image\":{\"@id\":\"https:\/\/now-news.de\/de\/#\/schema\/logo\/image\/\"},\"sameAs\":[\"https:\/\/www.facebook.com\/wirmachenauf\",\"https:\/\/x.com\/WirMachenAuf_de\"]},{\"@type\":\"Person\",\"@id\":\"https:\/\/now-news.de\/de\/#\/schema\/person\/fb534a4e865501d8b3285208df34a9b5\",\"name\":\"rtnews\",\"image\":{\"@type\":\"ImageObject\",\"inLanguage\":\"de\",\"@id\":\"https:\/\/now-news.de\/de\/#\/schema\/person\/image\/\",\"url\":\"https:\/\/secure.gravatar.com\/avatar\/82aafea7d8127119dd649515f56e2117?s=96&d=mm&r=g\",\"contentUrl\":\"https:\/\/secure.gravatar.com\/avatar\/82aafea7d8127119dd649515f56e2117?s=96&d=mm&r=g\",\"caption\":\"rtnews\"},\"url\":\"https:\/\/now-news.de\/de\/author\/rnews\/\"}]}<\/script>\n<!-- \/ Yoast SEO Premium plugin. -->","yoast_head_json":{"title":"Machtwechsel im Senegal: Der n\u00e4chste Sahelstaat wendet sich von Westen ab - just-now.NEWS Deutschland","robots":{"index":"index","follow":"follow","max-snippet":"max-snippet:-1","max-image-preview":"max-image-preview:large","max-video-preview":"max-video-preview:-1"},"canonical":"https:\/\/now-news.de\/de\/deutschland\/machtwechsel-im-senegal-der-naechste-sahelstaat-wendet-sich-von-westen-ab\/","og_locale":"de_DE","og_type":"article","og_title":"Machtwechsel im Senegal: Der n\u00e4chste Sahelstaat wendet sich von Westen ab","og_description":"Die Staaten der Sahelzone revoltieren gegen die westliche Vormachtstellung in Afrika. Auf Mali, Niger und Burkina Faso folgt nun ein politischer Kurswechsel in Senegal. Der neue Pr\u00e4sident des Landes hat am Dienstag seinen Amtseid abgelegt. Von Armin Schmitt Die Staaten der Sahelzone revoltieren gegen die westliche Vormachtstellung in Afrika.\u00a0Vor drei Wochen hatte der Panafrikanist\u00a0Bassirou Diomaye [&hellip;]","og_url":"https:\/\/now-news.de\/de\/deutschland\/machtwechsel-im-senegal-der-naechste-sahelstaat-wendet-sich-von-westen-ab\/","og_site_name":"just-now.NEWS Deutschland","article_publisher":"https:\/\/www.facebook.com\/wirmachenauf","article_published_time":"2024-04-03T09:47:00+00:00","og_image":[{"width":460,"height":259,"url":"https:\/\/now-news.de\/de\/wp-content\/uploads\/sites\/3\/2024\/04\/Machtwechsel-im-Senegal-Der-naechste-Sahelstaat-wendet-sich-von-Westen.jpg","type":"image\/jpeg"}],"author":"rtnews","twitter_card":"summary_large_image","twitter_creator":"@WirMachenAuf_de","twitter_site":"@WirMachenAuf_de","twitter_misc":{"Verfasst von":"rtnews","Gesch\u00e4tzte Lesezeit":"3\u00a0Minuten"},"schema":{"@context":"https:\/\/schema.org","@graph":[{"@type":"Article","@id":"https:\/\/now-news.de\/de\/deutschland\/machtwechsel-im-senegal-der-naechste-sahelstaat-wendet-sich-von-westen-ab\/#article","isPartOf":{"@id":"https:\/\/now-news.de\/de\/deutschland\/machtwechsel-im-senegal-der-naechste-sahelstaat-wendet-sich-von-westen-ab\/"},"author":{"name":"rtnews","@id":"https:\/\/now-news.de\/de\/#\/schema\/person\/fb534a4e865501d8b3285208df34a9b5"},"headline":"Machtwechsel im Senegal: Der n\u00e4chste Sahelstaat wendet sich von Westen ab","datePublished":"2024-04-03T09:47:00+00:00","dateModified":"2024-04-03T09:47:00+00:00","mainEntityOfPage":{"@id":"https:\/\/now-news.de\/de\/deutschland\/machtwechsel-im-senegal-der-naechste-sahelstaat-wendet-sich-von-westen-ab\/"},"wordCount":537,"commentCount":0,"publisher":{"@id":"https:\/\/now-news.de\/de\/#organization"},"image":{"@id":"https:\/\/now-news.de\/de\/deutschland\/machtwechsel-im-senegal-der-naechste-sahelstaat-wendet-sich-von-westen-ab\/#primaryimage"},"thumbnailUrl":"https:\/\/now-news.de\/de\/wp-content\/uploads\/sites\/3\/2024\/04\/Machtwechsel-im-Senegal-Der-naechste-Sahelstaat-wendet-sich-von-Westen.jpg","keywords":["der","Machtwechsel","n\u00e4chste","Sahelstaat","Senegal","sich","von","wendet","Westen"],"articleSection":["Deutschland","Russland"],"inLanguage":"de","potentialAction":[{"@type":"CommentAction","name":"Comment","target":["https:\/\/now-news.de\/de\/deutschland\/machtwechsel-im-senegal-der-naechste-sahelstaat-wendet-sich-von-westen-ab\/#respond"]}]},{"@type":"WebPage","@id":"https:\/\/now-news.de\/de\/deutschland\/machtwechsel-im-senegal-der-naechste-sahelstaat-wendet-sich-von-westen-ab\/","url":"https:\/\/now-news.de\/de\/deutschland\/machtwechsel-im-senegal-der-naechste-sahelstaat-wendet-sich-von-westen-ab\/","name":"Machtwechsel im Senegal: Der n\u00e4chste Sahelstaat wendet sich von Westen ab - just-now.NEWS Deutschland","isPartOf":{"@id":"https:\/\/now-news.de\/de\/#website"},"primaryImageOfPage":{"@id":"https:\/\/now-news.de\/de\/deutschland\/machtwechsel-im-senegal-der-naechste-sahelstaat-wendet-sich-von-westen-ab\/#primaryimage"},"image":{"@id":"https:\/\/now-news.de\/de\/deutschland\/machtwechsel-im-senegal-der-naechste-sahelstaat-wendet-sich-von-westen-ab\/#primaryimage"},"thumbnailUrl":"https:\/\/now-news.de\/de\/wp-content\/uploads\/sites\/3\/2024\/04\/Machtwechsel-im-Senegal-Der-naechste-Sahelstaat-wendet-sich-von-Westen.jpg","datePublished":"2024-04-03T09:47:00+00:00","dateModified":"2024-04-03T09:47:00+00:00","breadcrumb":{"@id":"https:\/\/now-news.de\/de\/deutschland\/machtwechsel-im-senegal-der-naechste-sahelstaat-wendet-sich-von-westen-ab\/#breadcrumb"},"inLanguage":"de","potentialAction":[{"@type":"ReadAction","target":["https:\/\/now-news.de\/de\/deutschland\/machtwechsel-im-senegal-der-naechste-sahelstaat-wendet-sich-von-westen-ab\/"]}]},{"@type":"ImageObject","inLanguage":"de","@id":"https:\/\/now-news.de\/de\/deutschland\/machtwechsel-im-senegal-der-naechste-sahelstaat-wendet-sich-von-westen-ab\/#primaryimage","url":"https:\/\/now-news.de\/de\/wp-content\/uploads\/sites\/3\/2024\/04\/Machtwechsel-im-Senegal-Der-naechste-Sahelstaat-wendet-sich-von-Westen.jpg","contentUrl":"https:\/\/now-news.de\/de\/wp-content\/uploads\/sites\/3\/2024\/04\/Machtwechsel-im-Senegal-Der-naechste-Sahelstaat-wendet-sich-von-Westen.jpg","width":460,"height":259,"caption":"Machtwechsel im Senegal: Der n\u00e4chste Sahelstaat wendet sich von Westen ab"},{"@type":"BreadcrumbList","@id":"https:\/\/now-news.de\/de\/deutschland\/machtwechsel-im-senegal-der-naechste-sahelstaat-wendet-sich-von-westen-ab\/#breadcrumb","itemListElement":[{"@type":"ListItem","position":1,"name":"Home","item":"https:\/\/now-news.de\/de\/"},{"@type":"ListItem","position":2,"name":"Machtwechsel im Senegal: Der n\u00e4chste Sahelstaat wendet sich von Westen ab"}]},{"@type":"WebSite","@id":"https:\/\/now-news.de\/de\/#website","url":"https:\/\/now-news.de\/de\/","name":"just-now.NEWS Deutschland","description":"Das Portal f\u00fcr unzensierte Nachrichten aus der Welt","publisher":{"@id":"https:\/\/now-news.de\/de\/#organization"},"potentialAction":[{"@type":"SearchAction","target":{"@type":"EntryPoint","urlTemplate":"https:\/\/now-news.de\/de\/?s={search_term_string}"},"query-input":"required name=search_term_string"}],"inLanguage":"de"},{"@type":"Organization","@id":"https:\/\/now-news.de\/de\/#organization","name":"Just Now News","url":"https:\/\/now-news.de\/de\/","logo":{"@type":"ImageObject","inLanguage":"de","@id":"https:\/\/now-news.de\/de\/#\/schema\/logo\/image\/","url":"http:\/\/just-now.news\/de\/wp-content\/uploads\/sites\/3\/2022\/04\/logo500x500.jpg","contentUrl":"http:\/\/just-now.news\/de\/wp-content\/uploads\/sites\/3\/2022\/04\/logo500x500.jpg","width":500,"height":500,"caption":"Just Now News"},"image":{"@id":"https:\/\/now-news.de\/de\/#\/schema\/logo\/image\/"},"sameAs":["https:\/\/www.facebook.com\/wirmachenauf","https:\/\/x.com\/WirMachenAuf_de"]},{"@type":"Person","@id":"https:\/\/now-news.de\/de\/#\/schema\/person\/fb534a4e865501d8b3285208df34a9b5","name":"rtnews","image":{"@type":"ImageObject","inLanguage":"de","@id":"https:\/\/now-news.de\/de\/#\/schema\/person\/image\/","url":"https:\/\/secure.gravatar.com\/avatar\/82aafea7d8127119dd649515f56e2117?s=96&d=mm&r=g","contentUrl":"https:\/\/secure.gravatar.com\/avatar\/82aafea7d8127119dd649515f56e2117?s=96&d=mm&r=g","caption":"rtnews"},"url":"https:\/\/now-news.de\/de\/author\/rnews\/"}]}},"_links":{"self":[{"href":"https:\/\/now-news.de\/de\/wp-json\/wp\/v2\/posts\/58229"}],"collection":[{"href":"https:\/\/now-news.de\/de\/wp-json\/wp\/v2\/posts"}],"about":[{"href":"https:\/\/now-news.de\/de\/wp-json\/wp\/v2\/types\/post"}],"author":[{"embeddable":true,"href":"https:\/\/now-news.de\/de\/wp-json\/wp\/v2\/users\/3"}],"replies":[{"embeddable":true,"href":"https:\/\/now-news.de\/de\/wp-json\/wp\/v2\/comments?post=58229"}],"version-history":[{"count":0,"href":"https:\/\/now-news.de\/de\/wp-json\/wp\/v2\/posts\/58229\/revisions"}],"wp:featuredmedia":[{"embeddable":true,"href":"https:\/\/now-news.de\/de\/wp-json\/wp\/v2\/media\/58230"}],"wp:attachment":[{"href":"https:\/\/now-news.de\/de\/wp-json\/wp\/v2\/media?parent=58229"}],"wp:term":[{"taxonomy":"category","embeddable":true,"href":"https:\/\/now-news.de\/de\/wp-json\/wp\/v2\/categories?post=58229"},{"taxonomy":"post_tag","embeddable":true,"href":"https:\/\/now-news.de\/de\/wp-json\/wp\/v2\/tags?post=58229"}],"curies":[{"name":"wp","href":"https:\/\/api.w.org\/{rel}","templated":true}]}}