{"id":58227,"date":"2024-04-03T11:35:10","date_gmt":"2024-04-03T09:35:10","guid":{"rendered":"https:\/\/just-now.news\/de\/deutschland\/wahl-von-kurdischem-politiker-annulliert-unruhen-in-mehreren-tuerkischen-staedten\/"},"modified":"2024-04-03T11:35:10","modified_gmt":"2024-04-03T09:35:10","slug":"wahl-von-kurdischem-politiker-annulliert-unruhen-in-mehreren-tuerkischen-staedten","status":"publish","type":"post","link":"https:\/\/now-news.de\/de\/deutschland\/wahl-von-kurdischem-politiker-annulliert-unruhen-in-mehreren-tuerkischen-staedten\/","title":{"rendered":"Wahl von kurdischem Politiker annulliert: Unruhen in mehreren t\u00fcrkischen St\u00e4dten"},"content":{"rendered":"<p><img decoding=\"async\" src=\"http:\/\/just-now.news\/de\/wp-content\/uploads\/sites\/3\/2024\/04\/660d1e2148fbef4e235c6d8d.jpg\" \/><\/p>\n<div class=\"Text-root Text-type_1 \">\n                Nachdem die Wahl eines kurdischen Politikers zum B\u00fcrgermeister in der ostt\u00fcrkischen Stadt Van von den Beh\u00f6rden annulliert wurde, kam es in mehreren t\u00fcrkischen St\u00e4dten zu teils schweren Unruhen.\n            <\/div>\n<p><\/p>\n<div class=\"Text-root Text-type_5 ArticleView-text ViewText-root \">\n<p>Am Dienstagabend kam es in mehreren t\u00fcrkischen St\u00e4dten zu Unruhen, nachdem die Beh\u00f6rden den Sieg des kurdischen Politikers Abdullah Zeydan bei den B\u00fcrgermeisterwahlen f\u00fcr ung\u00fcltig erkl\u00e4rt hatten.<\/p>\n<p>Am Sonntag hatte Zeydan die Wahl zum B\u00fcrgermeister der \u00f6stlichen Stadt Van gewonnen. Zwei Tage sp\u00e4ter annullierte der \u00f6rtliche Wahlausschuss das Ergebnis mit der Begr\u00fcndung, er sei in der Vergangenheit wegen Unterst\u00fctzung der Arbeiterpartei Kurdistans (PKK), die in der T\u00fcrkei als terroristische Vereinigung gilt, verurteilt worden.<\/p>\n<p>Im Jahr 2016 wurde Zeydan wegen &#8220;Beihilfe&#8221; und &#8220;Propaganda&#8221; f\u00fcr die PKK zu einer Gef\u00e4ngnisstrafe verurteilt. Er wurde im Jahr 2022 freigelassen. Nach Angaben der Staatsanwaltschaft ist sein dreij\u00e4hriges Verbot, f\u00fcr ein Amt zu kandidieren, noch nicht abgelaufen, sodass er f\u00fcr das Amt des B\u00fcrgermeisters nicht infrage kommt.<\/p>\n<p>Zeydans pro-kurdische Partei f\u00fcr Gleichheit und Demokratie (DEM-Partei) bezeichnete die Annullierung als &#8220;politischen Coup&#8221;. Die Anh\u00e4nger des Politikers gingen auf die Stra\u00dfe, wobei einige Feuerwerksk\u00f6rper abfeuerten sowie Steine und Molotowcocktails auf Polizisten warfen, die mit Tr\u00e4nengas und Wasserwerfern reagierten. Einige Demonstranten errichteten Barrikaden und setzten sie in Brand.<\/p>\n<div class=\"EmbedBlock-root EmbedBlock-twitter\">\n<div class=\"TwitterEmbed\">\n<blockquote class=\"twitter-tweet lazyload\" data-twitter=\"twitter-tweet\">\n<p lang=\"tr\" dir=\"ltr\">\ud83d\udd34Van&#8217;da ter\u00f6r \u00f6rg\u00fct\u00fc PKK destek\u00e7ileri ortal\u0131\u011f\u0131 ate\u015fe verdi.Apatmanlara molotof atmaya ba\u015flad\u0131lar bir \u00e7ok i\u015f yeri talan oldu ya\u011fmaland\u0131\u203c\ufe0f \u00c7evik Kuvvet m\u00fcdahale ediyor. <a rel=\"nofollow noopener\" target=\"_blank\" href=\"https:\/\/t.co\/nvByQjI1ZK\">pic.twitter.com\/nvByQjI1ZK<\/a><\/p>\n<p>\u2014 Online Haber Merkezi (@onlinehabermrkz) <a rel=\"nofollow noopener\" target=\"_blank\" href=\"https:\/\/twitter.com\/onlinehabermrkz\/status\/1775278635148317174?ref_src=twsrc%5Etfw\">April 2, 2024<\/a><\/p><\/blockquote>\n<\/div>\n<\/div>\n<p>Unruhen wurden aus Van und anderen \u00f6stlichen St\u00e4dten, sowie aus Adana im S\u00fcden und Izmir an der \u00c4g\u00e4isk\u00fcste gemeldet.<\/p>\n<div class=\"EmbedBlock-root EmbedBlock-twitter\">\n<div class=\"TwitterEmbed\">\n<blockquote class=\"twitter-tweet lazyload\" data-twitter=\"twitter-tweet\">\n<p lang=\"tr\" dir=\"ltr\"><a rel=\"nofollow noopener\" target=\"_blank\" href=\"https:\/\/twitter.com\/hashtag\/SonDakika?src=hash&amp;ref_src=twsrc%5Etfw\">#SonDakika<\/a> Batman\u2019da soka\u011fa \u00e7\u0131kan DEM Partililer \u2018biji apo\u2019 sloganlar\u0131 at\u0131p esnaf\u0131n i\u015fyerlerini camlar\u0131n\u0131 k\u0131r\u0131p polis ile \u00e7at\u0131\u015fmaya ba\u015flad\u0131lar\u203c\ufe0f <a rel=\"nofollow noopener\" target=\"_blank\" href=\"https:\/\/t.co\/Hoc5BqW2Fk\">pic.twitter.com\/Hoc5BqW2Fk<\/a><\/p>\n<p>\u2014 Online Haber Merkezi (@onlinehabermrkz) <a rel=\"nofollow noopener\" target=\"_blank\" href=\"https:\/\/twitter.com\/onlinehabermrkz\/status\/1775276415098999246?ref_src=twsrc%5Etfw\">April 2, 2024<\/a><\/p><\/blockquote>\n<\/div>\n<\/div>\n<p>In den St\u00e4dten Van, Hakkari, Batman, Siirt, Sirnak und Izmir seien insgesamt 89 Personen festgenommen worden, schrieb Innenminister Ali Yerlikaya auf X (fr\u00fcher Twitter).<\/p>\n<div class=\"EmbedBlock-root EmbedBlock-twitter\">\n<div class=\"TwitterEmbed\">\n<blockquote class=\"twitter-tweet lazyload\" data-twitter=\"twitter-tweet\">\n<p lang=\"tr\" dir=\"ltr\">\u26a0\ufe0fSON DAK\u0130KA\u26a0\ufe0f ASKER \u015eEH\u0130RE \u0130ND\u0130..\u26a0\ufe0fHakkari&#8217;de asker olaylara m\u00fcdahale etmek i\u00e7in \u015fehre indi\u26a0\ufe0f <a rel=\"nofollow noopener\" target=\"_blank\" href=\"https:\/\/t.co\/KobDMI9YDA\">pic.twitter.com\/KobDMI9YDA<\/a><\/p>\n<p>\u2014 Online Haber Merkezi (@onlinehabermrkz) <a rel=\"nofollow noopener\" target=\"_blank\" href=\"https:\/\/twitter.com\/onlinehabermrkz\/status\/1775255023401803799?ref_src=twsrc%5Etfw\">April 2, 2024<\/a><\/p><\/blockquote>\n<\/div>\n<\/div>\n<p>Bei den Kommunalwahlen vom 31. M\u00e4rz musste die regierende Partei f\u00fcr Gerechtigkeit und Entwicklung (AKP) von Pr\u00e4sident Recep Tayyip Erdo\u011fan schwere Verluste hinnehmen.<\/p>\n<p>Herausforderer der Republikanischen Volkspartei (CHP) behielten ihre B\u00fcrgermeister\u00e4mter unter anderem in der gr\u00f6\u00dften Stadt Istanbul und in der Hauptstadt Ankara.<\/p>\n<p><strong>Mehr zum Thema<\/strong> \u2013 <a rel=\"nofollow noopener\" target=\"_blank\" href=\"https:\/\/freeassange.rtde.life\/europa\/201172-kommunalwahlen-in-tuerkei-erdogans-akp\/\">Kommunalwahlen in der T\u00fcrkei: Erdo\u011fans AKP verliert deutlich <\/a><\/p>\n<div class=\"EmbedBlock-root EmbedBlock-externalVideo EmbedBlock-odysee\">\n<div class=\"VkEmbed\"><iframe class=\"lazyload\" data-src=\"https:\/\/odysee.com\/%24\/embed\/%40RTDE%3Ae%2FT%C3%BCrkei--Mehrere-Schwerverletzte-bei-Wahlsieg-Party-%E2%80%93-Oppositionspolitiker-stirbt-nach-Balkoneinsturz%3Af\" frameborder=\"0\" width=\"853\" height=\"480\" allowfullscreen><\/iframe><\/div>\n<\/div>\n<\/div>\n<p><script async src=\"https:\/\/platform.twitter.com\/widgets.js\" charset=\"utf-8\"><\/script><br \/>\n<br \/><br \/>\n<br \/><a href=\"https:\/\/de.rt.com\/international\/201431-wahl-von-kurdischem-politiker-annulliert-unruhen-in-mehren-tuerkischen-staedten\/\">Source link <\/a><\/p>\n","protected":false},"excerpt":{"rendered":"<p>Nachdem die Wahl eines kurdischen Politikers zum B\u00fcrgermeister in der ostt\u00fcrkischen Stadt Van von den Beh\u00f6rden annulliert wurde, kam es in mehreren t\u00fcrkischen St\u00e4dten zu teils schweren Unruhen. Am Dienstagabend kam es in mehreren t\u00fcrkischen St\u00e4dten zu Unruhen, nachdem die Beh\u00f6rden den Sieg des kurdischen Politikers Abdullah Zeydan bei den B\u00fcrgermeisterwahlen f\u00fcr ung\u00fcltig erkl\u00e4rt hatten. [&hellip;]<\/p>\n","protected":false},"author":3,"featured_media":58228,"comment_status":"open","ping_status":"open","sticky":false,"template":"","format":"standard","meta":{"_yoast_indexnow_last_ping":["1712137046"],"wp_automatic_camp":["217"],"6e3a4d4b62886edc5467db0996811e82":["Wahl von kurdischem Politiker annulliert: Unruhen in mehreren t\u00fcrkischen St\u00e4dten"],"original_link":["https:\/\/de.rt.com\/international\/201431-wahl-von-kurdischem-politiker-annulliert-unruhen-in-mehren-tuerkischen-staedten\/"],"_thumbnail_id":["58228"],"jnews_social_counter_last_update":["1777618955"],"_wptgpro_p2tg_sent2tg":["a:1:{i:23737;s:19:\"2024-04-03 11:38:37\";}"]},"categories":[19,23],"tags":[26714,54913,13044,5679,22607,13974,18809,50,4351],"yoast_head":"<!-- This site is optimized with the Yoast SEO Premium plugin v22.7 (Yoast SEO v22.7) - https:\/\/yoast.com\/wordpress\/plugins\/seo\/ -->\n<title>Wahl von kurdischem Politiker annulliert: Unruhen in mehreren t\u00fcrkischen St\u00e4dten - just-now.NEWS Deutschland<\/title>\n<meta name=\"robots\" content=\"index, follow, max-snippet:-1, max-image-preview:large, max-video-preview:-1\" \/>\n<link rel=\"canonical\" href=\"https:\/\/now-news.de\/de\/deutschland\/wahl-von-kurdischem-politiker-annulliert-unruhen-in-mehreren-tuerkischen-staedten\/\" \/>\n<meta property=\"og:locale\" content=\"de_DE\" \/>\n<meta property=\"og:type\" content=\"article\" \/>\n<meta property=\"og:title\" content=\"Wahl von kurdischem Politiker annulliert: Unruhen in mehreren t\u00fcrkischen St\u00e4dten\" \/>\n<meta property=\"og:description\" content=\"Nachdem die Wahl eines kurdischen Politikers zum B\u00fcrgermeister in der ostt\u00fcrkischen Stadt Van von den Beh\u00f6rden annulliert wurde, kam es in mehreren t\u00fcrkischen St\u00e4dten zu teils schweren Unruhen. Am Dienstagabend kam es in mehreren t\u00fcrkischen St\u00e4dten zu Unruhen, nachdem die Beh\u00f6rden den Sieg des kurdischen Politikers Abdullah Zeydan bei den B\u00fcrgermeisterwahlen f\u00fcr ung\u00fcltig erkl\u00e4rt hatten. [&hellip;]\" \/>\n<meta property=\"og:url\" content=\"https:\/\/now-news.de\/de\/deutschland\/wahl-von-kurdischem-politiker-annulliert-unruhen-in-mehreren-tuerkischen-staedten\/\" \/>\n<meta property=\"og:site_name\" content=\"just-now.NEWS Deutschland\" \/>\n<meta property=\"article:publisher\" content=\"https:\/\/www.facebook.com\/wirmachenauf\" \/>\n<meta property=\"article:published_time\" content=\"2024-04-03T09:35:10+00:00\" \/>\n<meta property=\"og:image\" content=\"https:\/\/now-news.de\/de\/wp-content\/uploads\/sites\/3\/2024\/04\/Wahl-von-kurdischem-Politiker-annulliert-Unruhen-in-mehreren-tuerkischen-Staedten.jpg\" \/>\n\t<meta property=\"og:image:width\" content=\"460\" \/>\n\t<meta property=\"og:image:height\" content=\"259\" \/>\n\t<meta property=\"og:image:type\" content=\"image\/jpeg\" \/>\n<meta name=\"author\" content=\"rtnews\" \/>\n<meta name=\"twitter:card\" content=\"summary_large_image\" \/>\n<meta name=\"twitter:creator\" content=\"@WirMachenAuf_de\" \/>\n<meta name=\"twitter:site\" content=\"@WirMachenAuf_de\" \/>\n<meta name=\"twitter:label1\" content=\"Verfasst von\" \/>\n\t<meta name=\"twitter:data1\" content=\"rtnews\" \/>\n\t<meta name=\"twitter:label2\" content=\"Gesch\u00e4tzte Lesezeit\" \/>\n\t<meta name=\"twitter:data2\" content=\"2\u00a0Minuten\" \/>\n<script type=\"application\/ld+json\" class=\"yoast-schema-graph\">{\"@context\":\"https:\/\/schema.org\",\"@graph\":[{\"@type\":\"Article\",\"@id\":\"https:\/\/now-news.de\/de\/deutschland\/wahl-von-kurdischem-politiker-annulliert-unruhen-in-mehreren-tuerkischen-staedten\/#article\",\"isPartOf\":{\"@id\":\"https:\/\/now-news.de\/de\/deutschland\/wahl-von-kurdischem-politiker-annulliert-unruhen-in-mehreren-tuerkischen-staedten\/\"},\"author\":{\"name\":\"rtnews\",\"@id\":\"https:\/\/now-news.de\/de\/#\/schema\/person\/fb534a4e865501d8b3285208df34a9b5\"},\"headline\":\"Wahl von kurdischem Politiker annulliert: Unruhen in mehreren t\u00fcrkischen St\u00e4dten\",\"datePublished\":\"2024-04-03T09:35:10+00:00\",\"dateModified\":\"2024-04-03T09:35:10+00:00\",\"mainEntityOfPage\":{\"@id\":\"https:\/\/now-news.de\/de\/deutschland\/wahl-von-kurdischem-politiker-annulliert-unruhen-in-mehreren-tuerkischen-staedten\/\"},\"wordCount\":458,\"commentCount\":0,\"publisher\":{\"@id\":\"https:\/\/now-news.de\/de\/#organization\"},\"image\":{\"@id\":\"https:\/\/now-news.de\/de\/deutschland\/wahl-von-kurdischem-politiker-annulliert-unruhen-in-mehreren-tuerkischen-staedten\/#primaryimage\"},\"thumbnailUrl\":\"https:\/\/now-news.de\/de\/wp-content\/uploads\/sites\/3\/2024\/04\/Wahl-von-kurdischem-Politiker-annulliert-Unruhen-in-mehreren-tuerkischen-Staedten.jpg\",\"keywords\":[\"annulliert\",\"kurdischem\",\"mehreren\",\"Politiker\",\"St\u00e4dten\",\"t\u00fcrkischen\",\"Unruhen\",\"von\",\"Wahl\"],\"articleSection\":[\"Deutschland\",\"Russland\"],\"inLanguage\":\"de\",\"potentialAction\":[{\"@type\":\"CommentAction\",\"name\":\"Comment\",\"target\":[\"https:\/\/now-news.de\/de\/deutschland\/wahl-von-kurdischem-politiker-annulliert-unruhen-in-mehreren-tuerkischen-staedten\/#respond\"]}]},{\"@type\":\"WebPage\",\"@id\":\"https:\/\/now-news.de\/de\/deutschland\/wahl-von-kurdischem-politiker-annulliert-unruhen-in-mehreren-tuerkischen-staedten\/\",\"url\":\"https:\/\/now-news.de\/de\/deutschland\/wahl-von-kurdischem-politiker-annulliert-unruhen-in-mehreren-tuerkischen-staedten\/\",\"name\":\"Wahl von kurdischem Politiker annulliert: Unruhen in mehreren t\u00fcrkischen St\u00e4dten - just-now.NEWS Deutschland\",\"isPartOf\":{\"@id\":\"https:\/\/now-news.de\/de\/#website\"},\"primaryImageOfPage\":{\"@id\":\"https:\/\/now-news.de\/de\/deutschland\/wahl-von-kurdischem-politiker-annulliert-unruhen-in-mehreren-tuerkischen-staedten\/#primaryimage\"},\"image\":{\"@id\":\"https:\/\/now-news.de\/de\/deutschland\/wahl-von-kurdischem-politiker-annulliert-unruhen-in-mehreren-tuerkischen-staedten\/#primaryimage\"},\"thumbnailUrl\":\"https:\/\/now-news.de\/de\/wp-content\/uploads\/sites\/3\/2024\/04\/Wahl-von-kurdischem-Politiker-annulliert-Unruhen-in-mehreren-tuerkischen-Staedten.jpg\",\"datePublished\":\"2024-04-03T09:35:10+00:00\",\"dateModified\":\"2024-04-03T09:35:10+00:00\",\"breadcrumb\":{\"@id\":\"https:\/\/now-news.de\/de\/deutschland\/wahl-von-kurdischem-politiker-annulliert-unruhen-in-mehreren-tuerkischen-staedten\/#breadcrumb\"},\"inLanguage\":\"de\",\"potentialAction\":[{\"@type\":\"ReadAction\",\"target\":[\"https:\/\/now-news.de\/de\/deutschland\/wahl-von-kurdischem-politiker-annulliert-unruhen-in-mehreren-tuerkischen-staedten\/\"]}]},{\"@type\":\"ImageObject\",\"inLanguage\":\"de\",\"@id\":\"https:\/\/now-news.de\/de\/deutschland\/wahl-von-kurdischem-politiker-annulliert-unruhen-in-mehreren-tuerkischen-staedten\/#primaryimage\",\"url\":\"https:\/\/now-news.de\/de\/wp-content\/uploads\/sites\/3\/2024\/04\/Wahl-von-kurdischem-Politiker-annulliert-Unruhen-in-mehreren-tuerkischen-Staedten.jpg\",\"contentUrl\":\"https:\/\/now-news.de\/de\/wp-content\/uploads\/sites\/3\/2024\/04\/Wahl-von-kurdischem-Politiker-annulliert-Unruhen-in-mehreren-tuerkischen-Staedten.jpg\",\"width\":460,\"height\":259,\"caption\":\"Wahl von kurdischem Politiker annulliert: Unruhen in mehreren t\u00fcrkischen St\u00e4dten\"},{\"@type\":\"BreadcrumbList\",\"@id\":\"https:\/\/now-news.de\/de\/deutschland\/wahl-von-kurdischem-politiker-annulliert-unruhen-in-mehreren-tuerkischen-staedten\/#breadcrumb\",\"itemListElement\":[{\"@type\":\"ListItem\",\"position\":1,\"name\":\"Home\",\"item\":\"https:\/\/now-news.de\/de\/\"},{\"@type\":\"ListItem\",\"position\":2,\"name\":\"Wahl von kurdischem Politiker annulliert: Unruhen in mehreren t\u00fcrkischen St\u00e4dten\"}]},{\"@type\":\"WebSite\",\"@id\":\"https:\/\/now-news.de\/de\/#website\",\"url\":\"https:\/\/now-news.de\/de\/\",\"name\":\"just-now.NEWS Deutschland\",\"description\":\"Das Portal f\u00fcr unzensierte Nachrichten aus der Welt\",\"publisher\":{\"@id\":\"https:\/\/now-news.de\/de\/#organization\"},\"potentialAction\":[{\"@type\":\"SearchAction\",\"target\":{\"@type\":\"EntryPoint\",\"urlTemplate\":\"https:\/\/now-news.de\/de\/?s={search_term_string}\"},\"query-input\":\"required name=search_term_string\"}],\"inLanguage\":\"de\"},{\"@type\":\"Organization\",\"@id\":\"https:\/\/now-news.de\/de\/#organization\",\"name\":\"Just Now News\",\"url\":\"https:\/\/now-news.de\/de\/\",\"logo\":{\"@type\":\"ImageObject\",\"inLanguage\":\"de\",\"@id\":\"https:\/\/now-news.de\/de\/#\/schema\/logo\/image\/\",\"url\":\"http:\/\/just-now.news\/de\/wp-content\/uploads\/sites\/3\/2022\/04\/logo500x500.jpg\",\"contentUrl\":\"http:\/\/just-now.news\/de\/wp-content\/uploads\/sites\/3\/2022\/04\/logo500x500.jpg\",\"width\":500,\"height\":500,\"caption\":\"Just Now News\"},\"image\":{\"@id\":\"https:\/\/now-news.de\/de\/#\/schema\/logo\/image\/\"},\"sameAs\":[\"https:\/\/www.facebook.com\/wirmachenauf\",\"https:\/\/x.com\/WirMachenAuf_de\"]},{\"@type\":\"Person\",\"@id\":\"https:\/\/now-news.de\/de\/#\/schema\/person\/fb534a4e865501d8b3285208df34a9b5\",\"name\":\"rtnews\",\"image\":{\"@type\":\"ImageObject\",\"inLanguage\":\"de\",\"@id\":\"https:\/\/now-news.de\/de\/#\/schema\/person\/image\/\",\"url\":\"https:\/\/secure.gravatar.com\/avatar\/82aafea7d8127119dd649515f56e2117?s=96&d=mm&r=g\",\"contentUrl\":\"https:\/\/secure.gravatar.com\/avatar\/82aafea7d8127119dd649515f56e2117?s=96&d=mm&r=g\",\"caption\":\"rtnews\"},\"url\":\"https:\/\/now-news.de\/de\/author\/rnews\/\"}]}<\/script>\n<!-- \/ Yoast SEO Premium plugin. -->","yoast_head_json":{"title":"Wahl von kurdischem Politiker annulliert: Unruhen in mehreren t\u00fcrkischen St\u00e4dten - just-now.NEWS Deutschland","robots":{"index":"index","follow":"follow","max-snippet":"max-snippet:-1","max-image-preview":"max-image-preview:large","max-video-preview":"max-video-preview:-1"},"canonical":"https:\/\/now-news.de\/de\/deutschland\/wahl-von-kurdischem-politiker-annulliert-unruhen-in-mehreren-tuerkischen-staedten\/","og_locale":"de_DE","og_type":"article","og_title":"Wahl von kurdischem Politiker annulliert: Unruhen in mehreren t\u00fcrkischen St\u00e4dten","og_description":"Nachdem die Wahl eines kurdischen Politikers zum B\u00fcrgermeister in der ostt\u00fcrkischen Stadt Van von den Beh\u00f6rden annulliert wurde, kam es in mehreren t\u00fcrkischen St\u00e4dten zu teils schweren Unruhen. Am Dienstagabend kam es in mehreren t\u00fcrkischen St\u00e4dten zu Unruhen, nachdem die Beh\u00f6rden den Sieg des kurdischen Politikers Abdullah Zeydan bei den B\u00fcrgermeisterwahlen f\u00fcr ung\u00fcltig erkl\u00e4rt hatten. [&hellip;]","og_url":"https:\/\/now-news.de\/de\/deutschland\/wahl-von-kurdischem-politiker-annulliert-unruhen-in-mehreren-tuerkischen-staedten\/","og_site_name":"just-now.NEWS Deutschland","article_publisher":"https:\/\/www.facebook.com\/wirmachenauf","article_published_time":"2024-04-03T09:35:10+00:00","og_image":[{"width":460,"height":259,"url":"https:\/\/now-news.de\/de\/wp-content\/uploads\/sites\/3\/2024\/04\/Wahl-von-kurdischem-Politiker-annulliert-Unruhen-in-mehreren-tuerkischen-Staedten.jpg","type":"image\/jpeg"}],"author":"rtnews","twitter_card":"summary_large_image","twitter_creator":"@WirMachenAuf_de","twitter_site":"@WirMachenAuf_de","twitter_misc":{"Verfasst von":"rtnews","Gesch\u00e4tzte Lesezeit":"2\u00a0Minuten"},"schema":{"@context":"https:\/\/schema.org","@graph":[{"@type":"Article","@id":"https:\/\/now-news.de\/de\/deutschland\/wahl-von-kurdischem-politiker-annulliert-unruhen-in-mehreren-tuerkischen-staedten\/#article","isPartOf":{"@id":"https:\/\/now-news.de\/de\/deutschland\/wahl-von-kurdischem-politiker-annulliert-unruhen-in-mehreren-tuerkischen-staedten\/"},"author":{"name":"rtnews","@id":"https:\/\/now-news.de\/de\/#\/schema\/person\/fb534a4e865501d8b3285208df34a9b5"},"headline":"Wahl von kurdischem Politiker annulliert: Unruhen in mehreren t\u00fcrkischen St\u00e4dten","datePublished":"2024-04-03T09:35:10+00:00","dateModified":"2024-04-03T09:35:10+00:00","mainEntityOfPage":{"@id":"https:\/\/now-news.de\/de\/deutschland\/wahl-von-kurdischem-politiker-annulliert-unruhen-in-mehreren-tuerkischen-staedten\/"},"wordCount":458,"commentCount":0,"publisher":{"@id":"https:\/\/now-news.de\/de\/#organization"},"image":{"@id":"https:\/\/now-news.de\/de\/deutschland\/wahl-von-kurdischem-politiker-annulliert-unruhen-in-mehreren-tuerkischen-staedten\/#primaryimage"},"thumbnailUrl":"https:\/\/now-news.de\/de\/wp-content\/uploads\/sites\/3\/2024\/04\/Wahl-von-kurdischem-Politiker-annulliert-Unruhen-in-mehreren-tuerkischen-Staedten.jpg","keywords":["annulliert","kurdischem","mehreren","Politiker","St\u00e4dten","t\u00fcrkischen","Unruhen","von","Wahl"],"articleSection":["Deutschland","Russland"],"inLanguage":"de","potentialAction":[{"@type":"CommentAction","name":"Comment","target":["https:\/\/now-news.de\/de\/deutschland\/wahl-von-kurdischem-politiker-annulliert-unruhen-in-mehreren-tuerkischen-staedten\/#respond"]}]},{"@type":"WebPage","@id":"https:\/\/now-news.de\/de\/deutschland\/wahl-von-kurdischem-politiker-annulliert-unruhen-in-mehreren-tuerkischen-staedten\/","url":"https:\/\/now-news.de\/de\/deutschland\/wahl-von-kurdischem-politiker-annulliert-unruhen-in-mehreren-tuerkischen-staedten\/","name":"Wahl von kurdischem Politiker annulliert: Unruhen in mehreren t\u00fcrkischen St\u00e4dten - just-now.NEWS Deutschland","isPartOf":{"@id":"https:\/\/now-news.de\/de\/#website"},"primaryImageOfPage":{"@id":"https:\/\/now-news.de\/de\/deutschland\/wahl-von-kurdischem-politiker-annulliert-unruhen-in-mehreren-tuerkischen-staedten\/#primaryimage"},"image":{"@id":"https:\/\/now-news.de\/de\/deutschland\/wahl-von-kurdischem-politiker-annulliert-unruhen-in-mehreren-tuerkischen-staedten\/#primaryimage"},"thumbnailUrl":"https:\/\/now-news.de\/de\/wp-content\/uploads\/sites\/3\/2024\/04\/Wahl-von-kurdischem-Politiker-annulliert-Unruhen-in-mehreren-tuerkischen-Staedten.jpg","datePublished":"2024-04-03T09:35:10+00:00","dateModified":"2024-04-03T09:35:10+00:00","breadcrumb":{"@id":"https:\/\/now-news.de\/de\/deutschland\/wahl-von-kurdischem-politiker-annulliert-unruhen-in-mehreren-tuerkischen-staedten\/#breadcrumb"},"inLanguage":"de","potentialAction":[{"@type":"ReadAction","target":["https:\/\/now-news.de\/de\/deutschland\/wahl-von-kurdischem-politiker-annulliert-unruhen-in-mehreren-tuerkischen-staedten\/"]}]},{"@type":"ImageObject","inLanguage":"de","@id":"https:\/\/now-news.de\/de\/deutschland\/wahl-von-kurdischem-politiker-annulliert-unruhen-in-mehreren-tuerkischen-staedten\/#primaryimage","url":"https:\/\/now-news.de\/de\/wp-content\/uploads\/sites\/3\/2024\/04\/Wahl-von-kurdischem-Politiker-annulliert-Unruhen-in-mehreren-tuerkischen-Staedten.jpg","contentUrl":"https:\/\/now-news.de\/de\/wp-content\/uploads\/sites\/3\/2024\/04\/Wahl-von-kurdischem-Politiker-annulliert-Unruhen-in-mehreren-tuerkischen-Staedten.jpg","width":460,"height":259,"caption":"Wahl von kurdischem Politiker annulliert: Unruhen in mehreren t\u00fcrkischen St\u00e4dten"},{"@type":"BreadcrumbList","@id":"https:\/\/now-news.de\/de\/deutschland\/wahl-von-kurdischem-politiker-annulliert-unruhen-in-mehreren-tuerkischen-staedten\/#breadcrumb","itemListElement":[{"@type":"ListItem","position":1,"name":"Home","item":"https:\/\/now-news.de\/de\/"},{"@type":"ListItem","position":2,"name":"Wahl von kurdischem Politiker annulliert: Unruhen in mehreren t\u00fcrkischen St\u00e4dten"}]},{"@type":"WebSite","@id":"https:\/\/now-news.de\/de\/#website","url":"https:\/\/now-news.de\/de\/","name":"just-now.NEWS Deutschland","description":"Das Portal f\u00fcr unzensierte Nachrichten aus der Welt","publisher":{"@id":"https:\/\/now-news.de\/de\/#organization"},"potentialAction":[{"@type":"SearchAction","target":{"@type":"EntryPoint","urlTemplate":"https:\/\/now-news.de\/de\/?s={search_term_string}"},"query-input":"required name=search_term_string"}],"inLanguage":"de"},{"@type":"Organization","@id":"https:\/\/now-news.de\/de\/#organization","name":"Just Now News","url":"https:\/\/now-news.de\/de\/","logo":{"@type":"ImageObject","inLanguage":"de","@id":"https:\/\/now-news.de\/de\/#\/schema\/logo\/image\/","url":"http:\/\/just-now.news\/de\/wp-content\/uploads\/sites\/3\/2022\/04\/logo500x500.jpg","contentUrl":"http:\/\/just-now.news\/de\/wp-content\/uploads\/sites\/3\/2022\/04\/logo500x500.jpg","width":500,"height":500,"caption":"Just Now News"},"image":{"@id":"https:\/\/now-news.de\/de\/#\/schema\/logo\/image\/"},"sameAs":["https:\/\/www.facebook.com\/wirmachenauf","https:\/\/x.com\/WirMachenAuf_de"]},{"@type":"Person","@id":"https:\/\/now-news.de\/de\/#\/schema\/person\/fb534a4e865501d8b3285208df34a9b5","name":"rtnews","image":{"@type":"ImageObject","inLanguage":"de","@id":"https:\/\/now-news.de\/de\/#\/schema\/person\/image\/","url":"https:\/\/secure.gravatar.com\/avatar\/82aafea7d8127119dd649515f56e2117?s=96&d=mm&r=g","contentUrl":"https:\/\/secure.gravatar.com\/avatar\/82aafea7d8127119dd649515f56e2117?s=96&d=mm&r=g","caption":"rtnews"},"url":"https:\/\/now-news.de\/de\/author\/rnews\/"}]}},"_links":{"self":[{"href":"https:\/\/now-news.de\/de\/wp-json\/wp\/v2\/posts\/58227"}],"collection":[{"href":"https:\/\/now-news.de\/de\/wp-json\/wp\/v2\/posts"}],"about":[{"href":"https:\/\/now-news.de\/de\/wp-json\/wp\/v2\/types\/post"}],"author":[{"embeddable":true,"href":"https:\/\/now-news.de\/de\/wp-json\/wp\/v2\/users\/3"}],"replies":[{"embeddable":true,"href":"https:\/\/now-news.de\/de\/wp-json\/wp\/v2\/comments?post=58227"}],"version-history":[{"count":0,"href":"https:\/\/now-news.de\/de\/wp-json\/wp\/v2\/posts\/58227\/revisions"}],"wp:featuredmedia":[{"embeddable":true,"href":"https:\/\/now-news.de\/de\/wp-json\/wp\/v2\/media\/58228"}],"wp:attachment":[{"href":"https:\/\/now-news.de\/de\/wp-json\/wp\/v2\/media?parent=58227"}],"wp:term":[{"taxonomy":"category","embeddable":true,"href":"https:\/\/now-news.de\/de\/wp-json\/wp\/v2\/categories?post=58227"},{"taxonomy":"post_tag","embeddable":true,"href":"https:\/\/now-news.de\/de\/wp-json\/wp\/v2\/tags?post=58227"}],"curies":[{"name":"wp","href":"https:\/\/api.w.org\/{rel}","templated":true}]}}