{"id":58205,"date":"2024-04-02T20:51:33","date_gmt":"2024-04-02T18:51:33","guid":{"rendered":"https:\/\/just-now.news\/de\/deutschland\/selenskij-der-praesident-mit-ueberschrittenem-verfallsdatum\/"},"modified":"2024-04-02T20:51:33","modified_gmt":"2024-04-02T18:51:33","slug":"selenskij-der-praesident-mit-ueberschrittenem-verfallsdatum","status":"publish","type":"post","link":"https:\/\/now-news.de\/de\/deutschland\/selenskij-der-praesident-mit-ueberschrittenem-verfallsdatum\/","title":{"rendered":"Selenskij \u2013 der Pr\u00e4sident mit \u00fcberschrittenem Verfallsdatum"},"content":{"rendered":"<p><img decoding=\"async\" src=\"http:\/\/just-now.news\/de\/wp-content\/uploads\/sites\/3\/2024\/04\/660c18fe48fbef38f73a1ab2.jpg\" \/><\/p>\n<div class=\"Text-root Text-type_1 \">\n                Die eigentlich bis zum 31. M\u00e4rz durchzuf\u00fchrenden ukrainischen Pr\u00e4sidentschaftswahlen fanden nicht statt. Damit wird Wladimir Selenskijs Legitimit\u00e4t nun infrage gestellt, was die USA, die EU und Russland im jeweils eigenen Interesse ausnutzen k\u00f6nnten.\n            <\/div>\n<p><\/p>\n<div class=\"Text-root Text-type_5 ArticleView-text ViewText-root \">\n<p><em>Von Jewgeni Posdnjakow<\/em><\/p>\n<p>Am 31. M\u00e4rz h\u00e4tte in der Ukraine die Wahl eines Pr\u00e4sidenten stattfinden sollen. Laut der geltenden Verfassung werde die Abstimmung am letzten M\u00e4rzsonntag durchgef\u00fchrt, falls die Legislaturperiode des amtierenden Pr\u00e4sidenten im gleichen Jahr endet. F\u00fcr Wladimir Selenskij w\u00e4re eigentlich der 20. Mai der letzte Tag seiner jetzigen Amtszeit.<\/p>\n<p>Doch das Datum f\u00fcr die Wahl wurde nicht verfassungsgem\u00e4\u00df festgesetzt. Diese Entscheidung \u2013 genauer gesagt deren Ausbleiben \u2013 sorgte bereits f\u00fcr lebhafte Diskussionen sowohl innerhalb der Ukraine als auch im Westen.<\/p>\n<p>Die ukrainische F\u00fchrung selbst beruft sich nun auf den Artikel 108 der Verfassung, wonach der amtierende Pr\u00e4sident sein Amt bis zur Wahl eines neuen Pr\u00e4sidenten beh\u00e4lt. Au\u00dferdem sei eine Durchf\u00fchrung von Wahlen in Zeiten des Kriegszustands unm\u00f6glich. Daher habe die amtierende Regierung das Recht, bis zum Ende dieses Kriegszustands an der Macht zu bleiben.<\/p>\n<p>Selenskijs Gegner beharrten jedoch auf dem Gegenteil: Da die Verfassung nicht vorsieht, dass die Befugnisse des Pr\u00e4sidenten (im Gegensatz zu denen der Rada als Parlament) w\u00e4hrend eines Kriegszustands verl\u00e4ngert werden k\u00f6nnen, verliere Selenskij nach dem 20. Mai seine Legitimit\u00e4t sowohl im Inland als auch im Ausland.<\/p>\n<p>Somit solle Selenskij die Staatsf\u00fchrung an den Parlamentspr\u00e4sidenten \u00fcbertragen, dem der Artikel 112 des ukrainischen Grundgesetzes das Recht einr\u00e4umt, als Staatsoberhaupts zu fungieren. Doch auch die Legitimit\u00e4t der Rada ist ziemlich fraglich. Denn die Wahlen f\u00fcr das Parlament als Legislative h\u00e4tten bereits im Oktober des vergangenen Jahres stattfinden sollen, waren aber ebenso ausgesetzt worden.<\/p>\n<p>Das hei\u00dft, die Mandate der jetzigen Abgeordneten waren automatisch verl\u00e4ngert worden, allerdings verlor die regierende Partei &#8220;Diener des Volkes&#8221; de facto ihre urspr\u00fcngliche Mehrheit, was Zweifel an der Rechtm\u00e4\u00dfigkeit des Gro\u00dfteils ihrer sp\u00e4teren Entscheidungen aufkommen l\u00e4sst. So stimmten in der ersten Lesung f\u00fcr den umstrittenen Gesetzentwurf zur Versch\u00e4rfung der Mobilmachung nur 178 Parlamentarier, obwohl f\u00fcr dessen Annahme mindestens 226 Stimmen notwendig gewesen w\u00e4ren.<\/p>\n<p>Die restlichen Stimmen wurden einfach mit Bargeld und Bestechungen erkauft oder mit dem Druck der Geheimdienste erpresst. Dabei stimmten selbst die Fraktionen des Ex-Pr\u00e4sidenten Petro Poroschenko und der ehemaligen Ministerpr\u00e4sidentin Julia Timoschenko gegen die vorgeschlagene Initiative. Im Land entwickelt sich eine Krise der Legislative, was sogar der Fraktionsf\u00fchrer von &#8220;Diener des Volkes&#8221; Dawid Arachamia einr\u00e4umt.<\/p>\n<p>Unter diesen Bedingungen sorgt das Problem der Legitimit\u00e4t der ukrainischen Regierung f\u00fcr lebhafte Diskussionen nicht nur im Westen. Anfangs hatten die USA auf einer Durchf\u00fchrung von Wahlen bestanden, kamen dann sp\u00e4ter aber \u00f6ffentlich nie mehr auf dieses Thema zur\u00fcck. Aber auch in Moskau widmet man diesen Fragen nach den Staatsstreichen der Jahre 2004 und 2014 in der Ukraine besondere Aufmerksamkeit.<\/p>\n<p>So betonte Russlands Botschafter bei der UNO Wassili Nebensja am 22. M\u00e4rz, dass Selenskijs pr\u00e4sidiale Entscheidung, die Wahlen abzusagen, die Illegitimit\u00e4t der F\u00fchrung der Ukraine ab dem 21. Mai zur Folge habe, wie <em>TASS<\/em> gemeldet hat. Wenig sp\u00e4ter schlug der russische Au\u00dfenminister Sergei Lawrow in seinem <a rel=\"nofollow noopener\" target=\"_blank\" href=\"https:\/\/iz.ru\/1673293\/2024-03-28\/lavrov-posporil-s-nebenzei-o-legitimnosti-zelenskogo?utm_source=yxnews&amp;utm_medium=desktop\">Interview<\/a> f\u00fcr die Zeitung <em>Iswestija<\/em> am 28. M\u00e4rz vor, bis zum genannten Datum zun\u00e4chst abzuwarten. &#8220;M\u00f6glicherweise werden wir gar nichts mehr anerkennen m\u00fcssen&#8221;, erkl\u00e4rte der Diplomat.<\/p>\n<p>Experten merkten an, dass Selenskijs Entscheidung, die Macht an sich zu rei\u00dfen, die politische Krise in der Ukraine nicht versch\u00e4rfen werde, da sich die wichtigsten Gegner des Pr\u00e4sidenten ohnehin entweder im Exil oder quasi im Exil befinden. Das betrifft beispielsweise den ehemaligen Oberbefehlshaber des ukrainischen Milit\u00e4rs Waleri Saluschny, der zum Botschafter der Ukraine in London ernannt wurde.<\/p>\n<p>Theoretisch k\u00f6nnte den Posten des Staatschefs auch der Ex-Pr\u00e4sident Petro Poroschenko f\u00fcr sich beanspruchen, dessen Gefolgschaft immer \u00f6fter die Frage nach der endenden Legitimit\u00e4t von Selenskij aufwirft. Doch Poroschenko hat zu schlechte Umfragewerte, als dass er sich auf den Posten des Pr\u00e4sidenten schwingen k\u00f6nnte. Er k\u00f6nnte h\u00f6chstens auf das Amt des Parlamentssprechers hoffen, der es ihm die erm\u00f6glichen w\u00fcrde, Einfluss auf die Regierungsbildung nehmen zu k\u00f6nnen. Doch reale M\u00f6glichkeiten f\u00fcr die Umsetzung eines solchen Szenarios gibt es jedoch bisher nicht.<\/p>\n<p>Andererseits wird das Auslaufen von Selenskijs Legitimit\u00e4t in naher Zukunft eine Herausforderung f\u00fcr die USA und die EU darstellen. In Br\u00fcssel und Washington versucht man seit l\u00e4ngerem, der Welt das Bild von der Ukraine als Bastion der Demokratie zu vermitteln, die f\u00fcr eine &#8220;regelbasierte Ordnung&#8221; auf der ganzen Welt k\u00e4mpfe. Doch das Aussetzen von Wahlen mit Demokratie in Verbindung zu bringen, wird selbst den geschicktesten Meinungsmanipulatoren in den NATO-Staaten schwerfallen, zumal Selenskij selbst diesen Mythos zerst\u00f6rt.<\/p>\n<p>&#8220;In naher Zukunft wird es in der Ukraine auch nach Selenskijs v\u00f6lligem Verlust jeder Legitimit\u00e4t h\u00f6chstwahrscheinlich keine ernsthaften au\u00dfen- und innenpolitischen Probleme geben. Es gibt einfach kein Menschen im Land, die dieses Thema aufgreifen k\u00f6nnten. Das politische Feld wurde von den derzeitigen Beh\u00f6rden kahlgeschlagen, und Andersdenkende werden von den Geheimdiensten aktiv verfolgt&#8221;, sagte der Politikwissenschaftler Wladimir Kornilow.<\/p>\n<p>&#8220;Selbst der Begriff &#8216;Opposition&#8217; ist in der Ukraine l\u00e4ngst relativiert. Medien, die alternative Sichtweisen verbreiteten, sind l\u00e4ngst geschlossen. F\u00fchrungskr\u00e4fte, die sich Kritik der Staatsf\u00fchrung erlaubt haben, sind entweder ermordet oder im Gef\u00e4ngnis. Den Gl\u00fccklichsten unter ihnen gelang es, die Ukraine zu verlassen. Es sind nur prowestliche Politiker geblieben, die alles tun werden, was man ihnen aus dem Ausland befiehlt&#8221;, stellte Kornilow klar.<\/p>\n<p>&#8220;Inzwischen haben Washington und Br\u00fcssel eine klare Anweisung gegeben: Die Frage von Selenskijs Legitimit\u00e4t sollte derzeit nicht zur Sprache gebracht werden. Ich glaube nicht, dass die in der Ukraine verbliebenen Politiker den Mut aufbringen werden, gegen den Wunsch ihrer westlichen Partner zu handeln&#8221;, betont Kornilow.<\/p>\n<p>&#8220;Andererseits garantiert auch dies nicht, dass Selenskij auf ewig an der Macht bleibt. Nachdem er sich geweigert hatte, Wahlen abzuhalten, landete er in einem rechtlichen Morast und h\u00e4ngt noch st\u00e4rker davon ab, die Meinungen und W\u00fcnsche der USA und der EU zu erf\u00fcllen. Sobald seine ausl\u00e4ndischen Herren mit ihm nicht mehr zufrieden sind, wird er sehr schnell zum Gehen aufgefordert. Der Hebel der abgelaufenen Legitimit\u00e4t erm\u00f6glicht es dem Wei\u00dfen Haus, jederzeit einen Schlussstrich zu ziehen&#8221;, betont der Experte.<\/p>\n<p>Nach Kornilows Meinung kommt die Ukraine damit in die Phase eines juristischen Schwebezustands. &#8220;Laut der Verfassung sollten die Pr\u00e4sidentschaftswahlen am letzten Sonntag im M\u00e4rz stattfinden. Eine Aussetzung oder Verschiebung der Wahlen im Falle des Kriegsrechts sieht das Grundgesetz gar nicht vor&#8221;, stellt er fest.<\/p>\n<p>&#8220;Nat\u00fcrlich k\u00f6nnte sich Selenskij an die Kampfhandlungen klammern und versuchen, seinen Verbleib an der Macht durch den Konflikt mit Russland zu rechtfertigen. Doch fr\u00fcher oder sp\u00e4ter wird auch diese Ausrede nicht mehr funktionieren. Selenskij hat sich selbst in eine politische Sackgasse man\u00f6vriert \u2013 vielleicht ohne es zu merken&#8221;, betont Kornilow.<\/p>\n<p>Der Politikwissenschaftler Wladimir Skatschko teilt die Ansicht, dass sich Selenskij in einer Sackgasse verrannt hat. &#8220;Faktisch hat er sein ganzes Schicksal dem Krieg untergeordnet sich damit selbst aller Handlungsspielr\u00e4ume beraubt. Nach dem 20. Mai wird seine Legitimit\u00e4t in den Augen des Westens von der Fortsetzung der Kampfhandlungen abh\u00e4ngen. Nun wird er die Hauptperson, die am meisten daran interessiert ist, das Blutvergie\u00dfen zu verl\u00e4ngern&#8221;, meint der Experte.<\/p>\n<p>Skatschko stellte fest, dass der Konflikt mit Russland heute der wichtigste Stabilisierungsfaktor des gesamten Machtsystems in der Ukraine geworden ist. &#8220;Wenn die Konfrontation endet, wird Selenskij augenblicklich die Macht verlieren. Wenn er sich nicht so verh\u00e4lt, wie es sich die USA und die EU w\u00fcnschen, werden auch sie sich sogleich an seine fehlende Legitimit\u00e4t erinnern und ihn durch eine andere Person ersetzen. Doch solange er die wichtige Forderungen erf\u00fcllt, wird der Westen seine Usurpation stillschweigend hinnehmen. Und Russland sollte, wie Lawrow richtig sagte, den 20. Mai abwarten. Dann sehen wir weiter&#8221;, res\u00fcmierte Skatschko.<\/p>\n<p><em>\u00dcbersetzt aus dem <\/em><a rel=\"nofollow noopener\" target=\"_blank\" href=\"https:\/\/vz.ru\/world\/2024\/4\/1\/1261139.html\"><em>Russischen<\/em><\/a><em> und zuerst bei Wsgljad am 1. April 2024 ver\u00f6ffentlicht.<\/em><\/p>\n<\/p>\n<p><strong>Mehr zum Thema <\/strong>\u2013 <a rel=\"nofollow noopener\" target=\"_blank\" href=\"https:\/\/freedert.online\/international\/201211-selenskij-fleht-usa-um-hilfe\/\">Selenskij fleht die USA um Hilfe an<\/a><\/p>\n<div class=\"EmbedBlock-root EmbedBlock-externalVideo EmbedBlock-odysee\">\n<div class=\"VkEmbed\"><iframe class=\"lazyload\" data-src=\"https:\/\/odysee.com\/%24\/embed\/%40RTDE%3Ae%2FSelenskij---Nicht-die-Zeit-f%C3%BCr-Wahlen-%3A5\" frameborder=\"0\" width=\"853\" height=\"480\" allowfullscreen><\/iframe><\/div>\n<\/div>\n<\/div>\n<p><br \/>\n<br \/><a href=\"https:\/\/de.rt.com\/international\/201361-selenskij-praesident-mit-ueberschrittenem-verfallsdatum\/\">Source link <\/a><\/p>\n","protected":false},"excerpt":{"rendered":"<p>Die eigentlich bis zum 31. M\u00e4rz durchzuf\u00fchrenden ukrainischen Pr\u00e4sidentschaftswahlen fanden nicht statt. Damit wird Wladimir Selenskijs Legitimit\u00e4t nun infrage gestellt, was die USA, die EU und Russland im jeweils eigenen Interesse ausnutzen k\u00f6nnten. Von Jewgeni Posdnjakow Am 31. M\u00e4rz h\u00e4tte in der Ukraine die Wahl eines Pr\u00e4sidenten stattfinden sollen. Laut der geltenden Verfassung werde die [&hellip;]<\/p>\n","protected":false},"author":3,"featured_media":58206,"comment_status":"open","ping_status":"open","sticky":false,"template":"","format":"standard","meta":{"_yoast_indexnow_last_ping":["1712084006"],"wp_automatic_camp":["217"],"9d49527621bcd085a3a13a0963a5c6a0":["Selenskij \u2013 der Pr\u00e4sident mit \u00fcberschrittenem Verfallsdatum"],"original_link":["https:\/\/de.rt.com\/international\/201361-selenskij-praesident-mit-ueberschrittenem-verfallsdatum\/"],"_thumbnail_id":["58206"],"_wptgpro_p2tg_sent2tg":["a:1:{i:23737;s:19:\"2024-04-02 20:54:30\";}"],"jnews_social_counter_last_update":["1777412946"]},"categories":[19,23],"tags":[82,419,3464,6158,54908,33988],"yoast_head":"<!-- This site is optimized with the Yoast SEO Premium plugin v22.7 (Yoast SEO v22.7) - https:\/\/yoast.com\/wordpress\/plugins\/seo\/ -->\n<title>Selenskij \u2013 der Pr\u00e4sident mit \u00fcberschrittenem Verfallsdatum - just-now.NEWS Deutschland<\/title>\n<meta name=\"robots\" content=\"index, follow, max-snippet:-1, max-image-preview:large, max-video-preview:-1\" \/>\n<link rel=\"canonical\" href=\"https:\/\/now-news.de\/de\/deutschland\/selenskij-der-praesident-mit-ueberschrittenem-verfallsdatum\/\" \/>\n<meta property=\"og:locale\" content=\"de_DE\" \/>\n<meta property=\"og:type\" content=\"article\" \/>\n<meta property=\"og:title\" content=\"Selenskij \u2013 der Pr\u00e4sident mit \u00fcberschrittenem Verfallsdatum\" \/>\n<meta property=\"og:description\" content=\"Die eigentlich bis zum 31. M\u00e4rz durchzuf\u00fchrenden ukrainischen Pr\u00e4sidentschaftswahlen fanden nicht statt. Damit wird Wladimir Selenskijs Legitimit\u00e4t nun infrage gestellt, was die USA, die EU und Russland im jeweils eigenen Interesse ausnutzen k\u00f6nnten. Von Jewgeni Posdnjakow Am 31. M\u00e4rz h\u00e4tte in der Ukraine die Wahl eines Pr\u00e4sidenten stattfinden sollen. Laut der geltenden Verfassung werde die [&hellip;]\" \/>\n<meta property=\"og:url\" content=\"https:\/\/now-news.de\/de\/deutschland\/selenskij-der-praesident-mit-ueberschrittenem-verfallsdatum\/\" \/>\n<meta property=\"og:site_name\" content=\"just-now.NEWS Deutschland\" \/>\n<meta property=\"article:publisher\" content=\"https:\/\/www.facebook.com\/wirmachenauf\" \/>\n<meta property=\"article:published_time\" content=\"2024-04-02T18:51:33+00:00\" \/>\n<meta property=\"og:image\" content=\"https:\/\/now-news.de\/de\/wp-content\/uploads\/sites\/3\/2024\/04\/Selenskij-\u2013-der-Praesident-mit-ueberschrittenem-Verfallsdatum.jpg\" \/>\n\t<meta property=\"og:image:width\" content=\"460\" \/>\n\t<meta property=\"og:image:height\" content=\"259\" \/>\n\t<meta property=\"og:image:type\" content=\"image\/jpeg\" \/>\n<meta name=\"author\" content=\"rtnews\" \/>\n<meta name=\"twitter:card\" content=\"summary_large_image\" \/>\n<meta name=\"twitter:creator\" content=\"@WirMachenAuf_de\" \/>\n<meta name=\"twitter:site\" content=\"@WirMachenAuf_de\" \/>\n<meta name=\"twitter:label1\" content=\"Verfasst von\" \/>\n\t<meta name=\"twitter:data1\" content=\"rtnews\" \/>\n\t<meta name=\"twitter:label2\" content=\"Gesch\u00e4tzte Lesezeit\" \/>\n\t<meta name=\"twitter:data2\" content=\"7\u00a0Minuten\" \/>\n<script type=\"application\/ld+json\" class=\"yoast-schema-graph\">{\"@context\":\"https:\/\/schema.org\",\"@graph\":[{\"@type\":\"Article\",\"@id\":\"https:\/\/now-news.de\/de\/deutschland\/selenskij-der-praesident-mit-ueberschrittenem-verfallsdatum\/#article\",\"isPartOf\":{\"@id\":\"https:\/\/now-news.de\/de\/deutschland\/selenskij-der-praesident-mit-ueberschrittenem-verfallsdatum\/\"},\"author\":{\"name\":\"rtnews\",\"@id\":\"https:\/\/now-news.de\/de\/#\/schema\/person\/fb534a4e865501d8b3285208df34a9b5\"},\"headline\":\"Selenskij \u2013 der Pr\u00e4sident mit \u00fcberschrittenem Verfallsdatum\",\"datePublished\":\"2024-04-02T18:51:33+00:00\",\"dateModified\":\"2024-04-02T18:51:33+00:00\",\"mainEntityOfPage\":{\"@id\":\"https:\/\/now-news.de\/de\/deutschland\/selenskij-der-praesident-mit-ueberschrittenem-verfallsdatum\/\"},\"wordCount\":1370,\"commentCount\":0,\"publisher\":{\"@id\":\"https:\/\/now-news.de\/de\/#organization\"},\"image\":{\"@id\":\"https:\/\/now-news.de\/de\/deutschland\/selenskij-der-praesident-mit-ueberschrittenem-verfallsdatum\/#primaryimage\"},\"thumbnailUrl\":\"https:\/\/now-news.de\/de\/wp-content\/uploads\/sites\/3\/2024\/04\/Selenskij-\u2013-der-Praesident-mit-ueberschrittenem-Verfallsdatum.jpg\",\"keywords\":[\"der\",\"mit\",\"Pr\u00e4sident\",\"Selenskij\",\"\u00fcberschrittenem\",\"Verfallsdatum\"],\"articleSection\":[\"Deutschland\",\"Russland\"],\"inLanguage\":\"de\",\"potentialAction\":[{\"@type\":\"CommentAction\",\"name\":\"Comment\",\"target\":[\"https:\/\/now-news.de\/de\/deutschland\/selenskij-der-praesident-mit-ueberschrittenem-verfallsdatum\/#respond\"]}]},{\"@type\":\"WebPage\",\"@id\":\"https:\/\/now-news.de\/de\/deutschland\/selenskij-der-praesident-mit-ueberschrittenem-verfallsdatum\/\",\"url\":\"https:\/\/now-news.de\/de\/deutschland\/selenskij-der-praesident-mit-ueberschrittenem-verfallsdatum\/\",\"name\":\"Selenskij \u2013 der Pr\u00e4sident mit \u00fcberschrittenem Verfallsdatum - just-now.NEWS Deutschland\",\"isPartOf\":{\"@id\":\"https:\/\/now-news.de\/de\/#website\"},\"primaryImageOfPage\":{\"@id\":\"https:\/\/now-news.de\/de\/deutschland\/selenskij-der-praesident-mit-ueberschrittenem-verfallsdatum\/#primaryimage\"},\"image\":{\"@id\":\"https:\/\/now-news.de\/de\/deutschland\/selenskij-der-praesident-mit-ueberschrittenem-verfallsdatum\/#primaryimage\"},\"thumbnailUrl\":\"https:\/\/now-news.de\/de\/wp-content\/uploads\/sites\/3\/2024\/04\/Selenskij-\u2013-der-Praesident-mit-ueberschrittenem-Verfallsdatum.jpg\",\"datePublished\":\"2024-04-02T18:51:33+00:00\",\"dateModified\":\"2024-04-02T18:51:33+00:00\",\"breadcrumb\":{\"@id\":\"https:\/\/now-news.de\/de\/deutschland\/selenskij-der-praesident-mit-ueberschrittenem-verfallsdatum\/#breadcrumb\"},\"inLanguage\":\"de\",\"potentialAction\":[{\"@type\":\"ReadAction\",\"target\":[\"https:\/\/now-news.de\/de\/deutschland\/selenskij-der-praesident-mit-ueberschrittenem-verfallsdatum\/\"]}]},{\"@type\":\"ImageObject\",\"inLanguage\":\"de\",\"@id\":\"https:\/\/now-news.de\/de\/deutschland\/selenskij-der-praesident-mit-ueberschrittenem-verfallsdatum\/#primaryimage\",\"url\":\"https:\/\/now-news.de\/de\/wp-content\/uploads\/sites\/3\/2024\/04\/Selenskij-\u2013-der-Praesident-mit-ueberschrittenem-Verfallsdatum.jpg\",\"contentUrl\":\"https:\/\/now-news.de\/de\/wp-content\/uploads\/sites\/3\/2024\/04\/Selenskij-\u2013-der-Praesident-mit-ueberschrittenem-Verfallsdatum.jpg\",\"width\":460,\"height\":259,\"caption\":\"Selenskij \u2013 der Pr\u00e4sident mit \u00fcberschrittenem Verfallsdatum\"},{\"@type\":\"BreadcrumbList\",\"@id\":\"https:\/\/now-news.de\/de\/deutschland\/selenskij-der-praesident-mit-ueberschrittenem-verfallsdatum\/#breadcrumb\",\"itemListElement\":[{\"@type\":\"ListItem\",\"position\":1,\"name\":\"Home\",\"item\":\"https:\/\/now-news.de\/de\/\"},{\"@type\":\"ListItem\",\"position\":2,\"name\":\"Selenskij \u2013 der Pr\u00e4sident mit \u00fcberschrittenem Verfallsdatum\"}]},{\"@type\":\"WebSite\",\"@id\":\"https:\/\/now-news.de\/de\/#website\",\"url\":\"https:\/\/now-news.de\/de\/\",\"name\":\"just-now.NEWS Deutschland\",\"description\":\"Das Portal f\u00fcr unzensierte Nachrichten aus der Welt\",\"publisher\":{\"@id\":\"https:\/\/now-news.de\/de\/#organization\"},\"potentialAction\":[{\"@type\":\"SearchAction\",\"target\":{\"@type\":\"EntryPoint\",\"urlTemplate\":\"https:\/\/now-news.de\/de\/?s={search_term_string}\"},\"query-input\":\"required name=search_term_string\"}],\"inLanguage\":\"de\"},{\"@type\":\"Organization\",\"@id\":\"https:\/\/now-news.de\/de\/#organization\",\"name\":\"Just Now News\",\"url\":\"https:\/\/now-news.de\/de\/\",\"logo\":{\"@type\":\"ImageObject\",\"inLanguage\":\"de\",\"@id\":\"https:\/\/now-news.de\/de\/#\/schema\/logo\/image\/\",\"url\":\"http:\/\/just-now.news\/de\/wp-content\/uploads\/sites\/3\/2022\/04\/logo500x500.jpg\",\"contentUrl\":\"http:\/\/just-now.news\/de\/wp-content\/uploads\/sites\/3\/2022\/04\/logo500x500.jpg\",\"width\":500,\"height\":500,\"caption\":\"Just Now News\"},\"image\":{\"@id\":\"https:\/\/now-news.de\/de\/#\/schema\/logo\/image\/\"},\"sameAs\":[\"https:\/\/www.facebook.com\/wirmachenauf\",\"https:\/\/x.com\/WirMachenAuf_de\"]},{\"@type\":\"Person\",\"@id\":\"https:\/\/now-news.de\/de\/#\/schema\/person\/fb534a4e865501d8b3285208df34a9b5\",\"name\":\"rtnews\",\"image\":{\"@type\":\"ImageObject\",\"inLanguage\":\"de\",\"@id\":\"https:\/\/now-news.de\/de\/#\/schema\/person\/image\/\",\"url\":\"https:\/\/secure.gravatar.com\/avatar\/82aafea7d8127119dd649515f56e2117?s=96&d=mm&r=g\",\"contentUrl\":\"https:\/\/secure.gravatar.com\/avatar\/82aafea7d8127119dd649515f56e2117?s=96&d=mm&r=g\",\"caption\":\"rtnews\"},\"url\":\"https:\/\/now-news.de\/de\/author\/rnews\/\"}]}<\/script>\n<!-- \/ Yoast SEO Premium plugin. -->","yoast_head_json":{"title":"Selenskij \u2013 der Pr\u00e4sident mit \u00fcberschrittenem Verfallsdatum - just-now.NEWS Deutschland","robots":{"index":"index","follow":"follow","max-snippet":"max-snippet:-1","max-image-preview":"max-image-preview:large","max-video-preview":"max-video-preview:-1"},"canonical":"https:\/\/now-news.de\/de\/deutschland\/selenskij-der-praesident-mit-ueberschrittenem-verfallsdatum\/","og_locale":"de_DE","og_type":"article","og_title":"Selenskij \u2013 der Pr\u00e4sident mit \u00fcberschrittenem Verfallsdatum","og_description":"Die eigentlich bis zum 31. M\u00e4rz durchzuf\u00fchrenden ukrainischen Pr\u00e4sidentschaftswahlen fanden nicht statt. Damit wird Wladimir Selenskijs Legitimit\u00e4t nun infrage gestellt, was die USA, die EU und Russland im jeweils eigenen Interesse ausnutzen k\u00f6nnten. Von Jewgeni Posdnjakow Am 31. M\u00e4rz h\u00e4tte in der Ukraine die Wahl eines Pr\u00e4sidenten stattfinden sollen. Laut der geltenden Verfassung werde die [&hellip;]","og_url":"https:\/\/now-news.de\/de\/deutschland\/selenskij-der-praesident-mit-ueberschrittenem-verfallsdatum\/","og_site_name":"just-now.NEWS Deutschland","article_publisher":"https:\/\/www.facebook.com\/wirmachenauf","article_published_time":"2024-04-02T18:51:33+00:00","og_image":[{"width":460,"height":259,"url":"https:\/\/now-news.de\/de\/wp-content\/uploads\/sites\/3\/2024\/04\/Selenskij-\u2013-der-Praesident-mit-ueberschrittenem-Verfallsdatum.jpg","type":"image\/jpeg"}],"author":"rtnews","twitter_card":"summary_large_image","twitter_creator":"@WirMachenAuf_de","twitter_site":"@WirMachenAuf_de","twitter_misc":{"Verfasst von":"rtnews","Gesch\u00e4tzte Lesezeit":"7\u00a0Minuten"},"schema":{"@context":"https:\/\/schema.org","@graph":[{"@type":"Article","@id":"https:\/\/now-news.de\/de\/deutschland\/selenskij-der-praesident-mit-ueberschrittenem-verfallsdatum\/#article","isPartOf":{"@id":"https:\/\/now-news.de\/de\/deutschland\/selenskij-der-praesident-mit-ueberschrittenem-verfallsdatum\/"},"author":{"name":"rtnews","@id":"https:\/\/now-news.de\/de\/#\/schema\/person\/fb534a4e865501d8b3285208df34a9b5"},"headline":"Selenskij \u2013 der Pr\u00e4sident mit \u00fcberschrittenem Verfallsdatum","datePublished":"2024-04-02T18:51:33+00:00","dateModified":"2024-04-02T18:51:33+00:00","mainEntityOfPage":{"@id":"https:\/\/now-news.de\/de\/deutschland\/selenskij-der-praesident-mit-ueberschrittenem-verfallsdatum\/"},"wordCount":1370,"commentCount":0,"publisher":{"@id":"https:\/\/now-news.de\/de\/#organization"},"image":{"@id":"https:\/\/now-news.de\/de\/deutschland\/selenskij-der-praesident-mit-ueberschrittenem-verfallsdatum\/#primaryimage"},"thumbnailUrl":"https:\/\/now-news.de\/de\/wp-content\/uploads\/sites\/3\/2024\/04\/Selenskij-\u2013-der-Praesident-mit-ueberschrittenem-Verfallsdatum.jpg","keywords":["der","mit","Pr\u00e4sident","Selenskij","\u00fcberschrittenem","Verfallsdatum"],"articleSection":["Deutschland","Russland"],"inLanguage":"de","potentialAction":[{"@type":"CommentAction","name":"Comment","target":["https:\/\/now-news.de\/de\/deutschland\/selenskij-der-praesident-mit-ueberschrittenem-verfallsdatum\/#respond"]}]},{"@type":"WebPage","@id":"https:\/\/now-news.de\/de\/deutschland\/selenskij-der-praesident-mit-ueberschrittenem-verfallsdatum\/","url":"https:\/\/now-news.de\/de\/deutschland\/selenskij-der-praesident-mit-ueberschrittenem-verfallsdatum\/","name":"Selenskij \u2013 der Pr\u00e4sident mit \u00fcberschrittenem Verfallsdatum - just-now.NEWS Deutschland","isPartOf":{"@id":"https:\/\/now-news.de\/de\/#website"},"primaryImageOfPage":{"@id":"https:\/\/now-news.de\/de\/deutschland\/selenskij-der-praesident-mit-ueberschrittenem-verfallsdatum\/#primaryimage"},"image":{"@id":"https:\/\/now-news.de\/de\/deutschland\/selenskij-der-praesident-mit-ueberschrittenem-verfallsdatum\/#primaryimage"},"thumbnailUrl":"https:\/\/now-news.de\/de\/wp-content\/uploads\/sites\/3\/2024\/04\/Selenskij-\u2013-der-Praesident-mit-ueberschrittenem-Verfallsdatum.jpg","datePublished":"2024-04-02T18:51:33+00:00","dateModified":"2024-04-02T18:51:33+00:00","breadcrumb":{"@id":"https:\/\/now-news.de\/de\/deutschland\/selenskij-der-praesident-mit-ueberschrittenem-verfallsdatum\/#breadcrumb"},"inLanguage":"de","potentialAction":[{"@type":"ReadAction","target":["https:\/\/now-news.de\/de\/deutschland\/selenskij-der-praesident-mit-ueberschrittenem-verfallsdatum\/"]}]},{"@type":"ImageObject","inLanguage":"de","@id":"https:\/\/now-news.de\/de\/deutschland\/selenskij-der-praesident-mit-ueberschrittenem-verfallsdatum\/#primaryimage","url":"https:\/\/now-news.de\/de\/wp-content\/uploads\/sites\/3\/2024\/04\/Selenskij-\u2013-der-Praesident-mit-ueberschrittenem-Verfallsdatum.jpg","contentUrl":"https:\/\/now-news.de\/de\/wp-content\/uploads\/sites\/3\/2024\/04\/Selenskij-\u2013-der-Praesident-mit-ueberschrittenem-Verfallsdatum.jpg","width":460,"height":259,"caption":"Selenskij \u2013 der Pr\u00e4sident mit \u00fcberschrittenem Verfallsdatum"},{"@type":"BreadcrumbList","@id":"https:\/\/now-news.de\/de\/deutschland\/selenskij-der-praesident-mit-ueberschrittenem-verfallsdatum\/#breadcrumb","itemListElement":[{"@type":"ListItem","position":1,"name":"Home","item":"https:\/\/now-news.de\/de\/"},{"@type":"ListItem","position":2,"name":"Selenskij \u2013 der Pr\u00e4sident mit \u00fcberschrittenem Verfallsdatum"}]},{"@type":"WebSite","@id":"https:\/\/now-news.de\/de\/#website","url":"https:\/\/now-news.de\/de\/","name":"just-now.NEWS Deutschland","description":"Das Portal f\u00fcr unzensierte Nachrichten aus der Welt","publisher":{"@id":"https:\/\/now-news.de\/de\/#organization"},"potentialAction":[{"@type":"SearchAction","target":{"@type":"EntryPoint","urlTemplate":"https:\/\/now-news.de\/de\/?s={search_term_string}"},"query-input":"required name=search_term_string"}],"inLanguage":"de"},{"@type":"Organization","@id":"https:\/\/now-news.de\/de\/#organization","name":"Just Now News","url":"https:\/\/now-news.de\/de\/","logo":{"@type":"ImageObject","inLanguage":"de","@id":"https:\/\/now-news.de\/de\/#\/schema\/logo\/image\/","url":"http:\/\/just-now.news\/de\/wp-content\/uploads\/sites\/3\/2022\/04\/logo500x500.jpg","contentUrl":"http:\/\/just-now.news\/de\/wp-content\/uploads\/sites\/3\/2022\/04\/logo500x500.jpg","width":500,"height":500,"caption":"Just Now News"},"image":{"@id":"https:\/\/now-news.de\/de\/#\/schema\/logo\/image\/"},"sameAs":["https:\/\/www.facebook.com\/wirmachenauf","https:\/\/x.com\/WirMachenAuf_de"]},{"@type":"Person","@id":"https:\/\/now-news.de\/de\/#\/schema\/person\/fb534a4e865501d8b3285208df34a9b5","name":"rtnews","image":{"@type":"ImageObject","inLanguage":"de","@id":"https:\/\/now-news.de\/de\/#\/schema\/person\/image\/","url":"https:\/\/secure.gravatar.com\/avatar\/82aafea7d8127119dd649515f56e2117?s=96&d=mm&r=g","contentUrl":"https:\/\/secure.gravatar.com\/avatar\/82aafea7d8127119dd649515f56e2117?s=96&d=mm&r=g","caption":"rtnews"},"url":"https:\/\/now-news.de\/de\/author\/rnews\/"}]}},"_links":{"self":[{"href":"https:\/\/now-news.de\/de\/wp-json\/wp\/v2\/posts\/58205"}],"collection":[{"href":"https:\/\/now-news.de\/de\/wp-json\/wp\/v2\/posts"}],"about":[{"href":"https:\/\/now-news.de\/de\/wp-json\/wp\/v2\/types\/post"}],"author":[{"embeddable":true,"href":"https:\/\/now-news.de\/de\/wp-json\/wp\/v2\/users\/3"}],"replies":[{"embeddable":true,"href":"https:\/\/now-news.de\/de\/wp-json\/wp\/v2\/comments?post=58205"}],"version-history":[{"count":0,"href":"https:\/\/now-news.de\/de\/wp-json\/wp\/v2\/posts\/58205\/revisions"}],"wp:featuredmedia":[{"embeddable":true,"href":"https:\/\/now-news.de\/de\/wp-json\/wp\/v2\/media\/58206"}],"wp:attachment":[{"href":"https:\/\/now-news.de\/de\/wp-json\/wp\/v2\/media?parent=58205"}],"wp:term":[{"taxonomy":"category","embeddable":true,"href":"https:\/\/now-news.de\/de\/wp-json\/wp\/v2\/categories?post=58205"},{"taxonomy":"post_tag","embeddable":true,"href":"https:\/\/now-news.de\/de\/wp-json\/wp\/v2\/tags?post=58205"}],"curies":[{"name":"wp","href":"https:\/\/api.w.org\/{rel}","templated":true}]}}