{"id":58164,"date":"2024-04-02T12:42:44","date_gmt":"2024-04-02T10:42:44","guid":{"rendered":"https:\/\/just-now.news\/de\/deutschland\/israelischer-luftangriff-toetet-auslaendische-ngo-mitarbeiter\/"},"modified":"2024-04-02T12:42:44","modified_gmt":"2024-04-02T10:42:44","slug":"israelischer-luftangriff-toetet-auslaendische-ngo-mitarbeiter","status":"publish","type":"post","link":"https:\/\/now-news.de\/de\/deutschland\/israelischer-luftangriff-toetet-auslaendische-ngo-mitarbeiter\/","title":{"rendered":"Israelischer Luftangriff t\u00f6tet ausl\u00e4ndische NGO-Mitarbeiter"},"content":{"rendered":"<p><img decoding=\"async\" src=\"http:\/\/just-now.news\/de\/wp-content\/uploads\/sites\/3\/2024\/04\/660bd191b480cc4a593d73ac.jpg\" \/><\/p>\n<div class=\"Text-root Text-type_1 \">\n                F\u00fcnf Mitarbeiter der NGO World Central Kitchen wurden nach einem israelischen Luftangriff im Gazastreifen get\u00f6tet. Unter den Get\u00f6teten seien auch Menschen aus Polen, Australien und Gro\u00dfbritannien. Nach der Trag\u00f6die beschloss die Nahrungsmittelhilfeorganisation, ihre Aktivit\u00e4ten in der Region einzustellen.\n            <\/div>\n<p><\/p>\n<div class=\"Text-root Text-type_5 ArticleView-text ViewText-root \">\n<p>Bei einem israelischen Luftangriff im Gazastreifen sind Medienberichten zufolge mindestens f\u00fcnf Mitarbeiter der Hilfsorganisation World Central Kitchen get\u00f6tet worden. Unter den Opfern des Angriffs auf ein Fahrzeug s\u00fcdlich von Dair al-Balah im Zentrum des abgeriegelten K\u00fcstenstreifens bef\u00e4nden sich demnach vier ausl\u00e4ndische Staatsangeh\u00f6rige aus Polen, Australien, Irland und Gro\u00dfbritannien sowie ihr pal\u00e4stinensischer Fahrer.\u00a0<\/p>\n<div class=\"EmbedBlock-root EmbedBlock-twitter\">\n<div class=\"TwitterEmbed\">\n<blockquote class=\"twitter-tweet lazyload\" data-twitter=\"twitter-tweet\">\n<p lang=\"de\" dir=\"ltr\">Das war vor drei Wochen. Sie wollte in Gaza helfen. Jetzt ist sie tot. <a rel=\"nofollow noopener\" target=\"_blank\" href=\"https:\/\/t.co\/LXIiVGYf0Z\">pic.twitter.com\/LXIiVGYf0Z<\/a><\/p>\n<p>\u2014 Sawsan Chebli \ud83d\udcaf (@SawsanChebli) <a rel=\"nofollow noopener\" target=\"_blank\" href=\"https:\/\/twitter.com\/SawsanChebli\/status\/1775092510345384235?ref_src=twsrc%5Etfw\">April 2, 2024<\/a><\/p><\/blockquote>\n<\/div>\n<\/div>\n<p>Die Arbeiter, zu denen auch Pal\u00e4stinenser und ein Doppelstaatsb\u00fcrger der Vereinigten Staaten und Kanadas geh\u00f6rten, waren in zwei gepanzerten Fahrzeugen mit dem WCK-Logo und einem weiteren Fahrzeug unterwegs, so WCK in einer Erkl\u00e4rung.\u00a0<\/p>\n<p>Die Hilfsorganisation World Central Kitchen hat inzwischen die Meldung best\u00e4tigt und Israel daf\u00fcr verantwortlich gemacht. &#8220;Die israelische Regierung muss dieses wahllose T\u00f6ten stoppen&#8221;, schrieb der Gr\u00fcnder der Organisation, der in den USA lebende spanische Starkoch Jos\u00e9 Andr\u00e9s, am fr\u00fchen Dienstag auf der Plattform X (vormals Twitter). Israel m\u00fcsse aufh\u00f6ren, die humanit\u00e4re Hilfe einzuschr\u00e4nken, Zivilisten und Mitarbeiter von Hilfsorganisationen zu t\u00f6ten und Lebensmittel als eine Waffe einzusetzen. &#8220;Keine weiteren unschuldigen Todesopfer. Frieden beginnt mit unserer gemeinsamen Menschlichkeit. Er muss jetzt beginnen.&#8221;<\/p>\n<div class=\"EmbedBlock-root EmbedBlock-twitter\">\n<div class=\"TwitterEmbed\">\n<blockquote class=\"twitter-tweet lazyload\" data-twitter=\"twitter-tweet\">\n<p lang=\"en\" dir=\"ltr\">We are aware of reports that members of the World Central Kitchen team have been killed in an IDF attack while working to support our humanitarian food delivery efforts in Gaza. This is a tragedy. Humanitarian aid workers and civilians should NEVER be a target. EVER.<\/p>\n<p>\u2014 World Central Kitchen (@WCKitchen) <a rel=\"nofollow noopener\" target=\"_blank\" href=\"https:\/\/twitter.com\/WCKitchen\/status\/1774939414172442733?ref_src=twsrc%5Etfw\">April 1, 2024<\/a><\/p><\/blockquote>\n<\/div>\n<\/div>\n<p>Nach der Trag\u00f6die beschloss die Nahrungsmittelhilfeorganisation, ihre Aktivit\u00e4ten in der Region einzustellen. Das WCK liefert Lebensmittel und bereitet Mahlzeiten f\u00fcr Bed\u00fcrftige zu. Nach eigenen Angaben hat die Organisation im vergangenen Monat in 175 Tagen mehr als 42 Millionen Mahlzeiten im Gazastreifen ausgegeben.<\/p>\n<p><strong>Mehr zum Thema<\/strong> &#8211; <a rel=\"nofollow noopener\" target=\"_blank\" href=\"https:\/\/freeassange.rtde.life\/der-nahe-osten\/201180-israel-proteste-gegen-netanjahu-offensive\/\">Israel: Proteste gegen Netanjahu \u2013 Offensive in Rafah weiterhin auf der Agenda<\/a><\/p>\n<div class=\"EmbedBlock-root EmbedBlock-externalVideo EmbedBlock-odysee\">\n<div class=\"VkEmbed\"><iframe class=\"lazyload\" data-src=\"https:\/\/odysee.com\/%24\/embed\/%40RTDE%3Ae%2FDemonstrationen-gegen-Krieg-in-mehreren-deutschen-Gro%C3%9Fst%C3%A4dten%3A1\" frameborder=\"0\" width=\"853\" height=\"480\" allowfullscreen><\/iframe><\/div>\n<\/div>\n<\/div>\n<p><script async src=\"https:\/\/platform.twitter.com\/widgets.js\" charset=\"utf-8\"><\/script><br \/>\n<br \/><br \/>\n<br \/><a href=\"https:\/\/de.rt.com\/der-nahe-osten\/201302-israelischer-luftangriff-toetet-auslaendische-ngo\/\">Source link <\/a><\/p>\n","protected":false},"excerpt":{"rendered":"<p>F\u00fcnf Mitarbeiter der NGO World Central Kitchen wurden nach einem israelischen Luftangriff im Gazastreifen get\u00f6tet. Unter den Get\u00f6teten seien auch Menschen aus Polen, Australien und Gro\u00dfbritannien. Nach der Trag\u00f6die beschloss die Nahrungsmittelhilfeorganisation, ihre Aktivit\u00e4ten in der Region einzustellen. Bei einem israelischen Luftangriff im Gazastreifen sind Medienberichten zufolge mindestens f\u00fcnf Mitarbeiter der Hilfsorganisation World Central Kitchen [&hellip;]<\/p>\n","protected":false},"author":3,"featured_media":58165,"comment_status":"open","ping_status":"open","sticky":false,"template":"","format":"standard","meta":{"_yoast_indexnow_last_ping":["1712055065"],"wp_automatic_camp":["217"],"c87bfe8364c671577946450acae94b8c":["Israelischer Luftangriff t\u00f6tet ausl\u00e4ndische NGO-Mitarbeiter"],"original_link":["https:\/\/de.rt.com\/der-nahe-osten\/201302-israelischer-luftangriff-toetet-auslaendische-ngo\/"],"_thumbnail_id":["58165"],"_wptgpro_p2tg_sent2tg":["a:1:{i:23737;s:19:\"2024-04-02 12:52:10\";}"],"jnews_social_counter_last_update":["1777195712"]},"categories":[19,23],"tags":[6371,5032,20561,54894,4032],"yoast_head":"<!-- This site is optimized with the Yoast SEO Premium plugin v22.7 (Yoast SEO v22.7) - https:\/\/yoast.com\/wordpress\/plugins\/seo\/ -->\n<title>Israelischer Luftangriff t\u00f6tet ausl\u00e4ndische NGO-Mitarbeiter - just-now.NEWS Deutschland<\/title>\n<meta name=\"robots\" content=\"index, follow, max-snippet:-1, max-image-preview:large, max-video-preview:-1\" \/>\n<link rel=\"canonical\" href=\"https:\/\/now-news.de\/de\/deutschland\/israelischer-luftangriff-toetet-auslaendische-ngo-mitarbeiter\/\" \/>\n<meta property=\"og:locale\" content=\"de_DE\" \/>\n<meta property=\"og:type\" content=\"article\" \/>\n<meta property=\"og:title\" content=\"Israelischer Luftangriff t\u00f6tet ausl\u00e4ndische NGO-Mitarbeiter\" \/>\n<meta property=\"og:description\" content=\"F\u00fcnf Mitarbeiter der NGO World Central Kitchen wurden nach einem israelischen Luftangriff im Gazastreifen get\u00f6tet. Unter den Get\u00f6teten seien auch Menschen aus Polen, Australien und Gro\u00dfbritannien. Nach der Trag\u00f6die beschloss die Nahrungsmittelhilfeorganisation, ihre Aktivit\u00e4ten in der Region einzustellen. Bei einem israelischen Luftangriff im Gazastreifen sind Medienberichten zufolge mindestens f\u00fcnf Mitarbeiter der Hilfsorganisation World Central Kitchen [&hellip;]\" \/>\n<meta property=\"og:url\" content=\"https:\/\/now-news.de\/de\/deutschland\/israelischer-luftangriff-toetet-auslaendische-ngo-mitarbeiter\/\" \/>\n<meta property=\"og:site_name\" content=\"just-now.NEWS Deutschland\" \/>\n<meta property=\"article:publisher\" content=\"https:\/\/www.facebook.com\/wirmachenauf\" \/>\n<meta property=\"article:published_time\" content=\"2024-04-02T10:42:44+00:00\" \/>\n<meta property=\"og:image\" content=\"https:\/\/now-news.de\/de\/wp-content\/uploads\/sites\/3\/2024\/04\/Israelischer-Luftangriff-toetet-auslaendische-NGO-Mitarbeiter.jpg\" \/>\n\t<meta property=\"og:image:width\" content=\"460\" \/>\n\t<meta property=\"og:image:height\" content=\"259\" \/>\n\t<meta property=\"og:image:type\" content=\"image\/jpeg\" \/>\n<meta name=\"author\" content=\"rtnews\" \/>\n<meta name=\"twitter:card\" content=\"summary_large_image\" \/>\n<meta name=\"twitter:creator\" content=\"@WirMachenAuf_de\" \/>\n<meta name=\"twitter:site\" content=\"@WirMachenAuf_de\" \/>\n<meta name=\"twitter:label1\" content=\"Verfasst von\" \/>\n\t<meta name=\"twitter:data1\" content=\"rtnews\" \/>\n\t<meta name=\"twitter:label2\" content=\"Gesch\u00e4tzte Lesezeit\" \/>\n\t<meta name=\"twitter:data2\" content=\"2\u00a0Minuten\" \/>\n<script type=\"application\/ld+json\" class=\"yoast-schema-graph\">{\"@context\":\"https:\/\/schema.org\",\"@graph\":[{\"@type\":\"Article\",\"@id\":\"https:\/\/now-news.de\/de\/deutschland\/israelischer-luftangriff-toetet-auslaendische-ngo-mitarbeiter\/#article\",\"isPartOf\":{\"@id\":\"https:\/\/now-news.de\/de\/deutschland\/israelischer-luftangriff-toetet-auslaendische-ngo-mitarbeiter\/\"},\"author\":{\"name\":\"rtnews\",\"@id\":\"https:\/\/now-news.de\/de\/#\/schema\/person\/fb534a4e865501d8b3285208df34a9b5\"},\"headline\":\"Israelischer Luftangriff t\u00f6tet ausl\u00e4ndische NGO-Mitarbeiter\",\"datePublished\":\"2024-04-02T10:42:44+00:00\",\"dateModified\":\"2024-04-02T10:42:44+00:00\",\"mainEntityOfPage\":{\"@id\":\"https:\/\/now-news.de\/de\/deutschland\/israelischer-luftangriff-toetet-auslaendische-ngo-mitarbeiter\/\"},\"wordCount\":376,\"commentCount\":0,\"publisher\":{\"@id\":\"https:\/\/now-news.de\/de\/#organization\"},\"image\":{\"@id\":\"https:\/\/now-news.de\/de\/deutschland\/israelischer-luftangriff-toetet-auslaendische-ngo-mitarbeiter\/#primaryimage\"},\"thumbnailUrl\":\"https:\/\/now-news.de\/de\/wp-content\/uploads\/sites\/3\/2024\/04\/Israelischer-Luftangriff-toetet-auslaendische-NGO-Mitarbeiter.jpg\",\"keywords\":[\"ausl\u00e4ndische\",\"Israelischer\",\"Luftangriff\",\"NGOMitarbeiter\",\"t\u00f6tet\"],\"articleSection\":[\"Deutschland\",\"Russland\"],\"inLanguage\":\"de\",\"potentialAction\":[{\"@type\":\"CommentAction\",\"name\":\"Comment\",\"target\":[\"https:\/\/now-news.de\/de\/deutschland\/israelischer-luftangriff-toetet-auslaendische-ngo-mitarbeiter\/#respond\"]}]},{\"@type\":\"WebPage\",\"@id\":\"https:\/\/now-news.de\/de\/deutschland\/israelischer-luftangriff-toetet-auslaendische-ngo-mitarbeiter\/\",\"url\":\"https:\/\/now-news.de\/de\/deutschland\/israelischer-luftangriff-toetet-auslaendische-ngo-mitarbeiter\/\",\"name\":\"Israelischer Luftangriff t\u00f6tet ausl\u00e4ndische NGO-Mitarbeiter - just-now.NEWS Deutschland\",\"isPartOf\":{\"@id\":\"https:\/\/now-news.de\/de\/#website\"},\"primaryImageOfPage\":{\"@id\":\"https:\/\/now-news.de\/de\/deutschland\/israelischer-luftangriff-toetet-auslaendische-ngo-mitarbeiter\/#primaryimage\"},\"image\":{\"@id\":\"https:\/\/now-news.de\/de\/deutschland\/israelischer-luftangriff-toetet-auslaendische-ngo-mitarbeiter\/#primaryimage\"},\"thumbnailUrl\":\"https:\/\/now-news.de\/de\/wp-content\/uploads\/sites\/3\/2024\/04\/Israelischer-Luftangriff-toetet-auslaendische-NGO-Mitarbeiter.jpg\",\"datePublished\":\"2024-04-02T10:42:44+00:00\",\"dateModified\":\"2024-04-02T10:42:44+00:00\",\"breadcrumb\":{\"@id\":\"https:\/\/now-news.de\/de\/deutschland\/israelischer-luftangriff-toetet-auslaendische-ngo-mitarbeiter\/#breadcrumb\"},\"inLanguage\":\"de\",\"potentialAction\":[{\"@type\":\"ReadAction\",\"target\":[\"https:\/\/now-news.de\/de\/deutschland\/israelischer-luftangriff-toetet-auslaendische-ngo-mitarbeiter\/\"]}]},{\"@type\":\"ImageObject\",\"inLanguage\":\"de\",\"@id\":\"https:\/\/now-news.de\/de\/deutschland\/israelischer-luftangriff-toetet-auslaendische-ngo-mitarbeiter\/#primaryimage\",\"url\":\"https:\/\/now-news.de\/de\/wp-content\/uploads\/sites\/3\/2024\/04\/Israelischer-Luftangriff-toetet-auslaendische-NGO-Mitarbeiter.jpg\",\"contentUrl\":\"https:\/\/now-news.de\/de\/wp-content\/uploads\/sites\/3\/2024\/04\/Israelischer-Luftangriff-toetet-auslaendische-NGO-Mitarbeiter.jpg\",\"width\":460,\"height\":259,\"caption\":\"Israelischer Luftangriff t\u00f6tet ausl\u00e4ndische NGO-Mitarbeiter\"},{\"@type\":\"BreadcrumbList\",\"@id\":\"https:\/\/now-news.de\/de\/deutschland\/israelischer-luftangriff-toetet-auslaendische-ngo-mitarbeiter\/#breadcrumb\",\"itemListElement\":[{\"@type\":\"ListItem\",\"position\":1,\"name\":\"Home\",\"item\":\"https:\/\/now-news.de\/de\/\"},{\"@type\":\"ListItem\",\"position\":2,\"name\":\"Israelischer Luftangriff t\u00f6tet ausl\u00e4ndische NGO-Mitarbeiter\"}]},{\"@type\":\"WebSite\",\"@id\":\"https:\/\/now-news.de\/de\/#website\",\"url\":\"https:\/\/now-news.de\/de\/\",\"name\":\"just-now.NEWS Deutschland\",\"description\":\"Das Portal f\u00fcr unzensierte Nachrichten aus der Welt\",\"publisher\":{\"@id\":\"https:\/\/now-news.de\/de\/#organization\"},\"potentialAction\":[{\"@type\":\"SearchAction\",\"target\":{\"@type\":\"EntryPoint\",\"urlTemplate\":\"https:\/\/now-news.de\/de\/?s={search_term_string}\"},\"query-input\":\"required name=search_term_string\"}],\"inLanguage\":\"de\"},{\"@type\":\"Organization\",\"@id\":\"https:\/\/now-news.de\/de\/#organization\",\"name\":\"Just Now News\",\"url\":\"https:\/\/now-news.de\/de\/\",\"logo\":{\"@type\":\"ImageObject\",\"inLanguage\":\"de\",\"@id\":\"https:\/\/now-news.de\/de\/#\/schema\/logo\/image\/\",\"url\":\"http:\/\/just-now.news\/de\/wp-content\/uploads\/sites\/3\/2022\/04\/logo500x500.jpg\",\"contentUrl\":\"http:\/\/just-now.news\/de\/wp-content\/uploads\/sites\/3\/2022\/04\/logo500x500.jpg\",\"width\":500,\"height\":500,\"caption\":\"Just Now News\"},\"image\":{\"@id\":\"https:\/\/now-news.de\/de\/#\/schema\/logo\/image\/\"},\"sameAs\":[\"https:\/\/www.facebook.com\/wirmachenauf\",\"https:\/\/x.com\/WirMachenAuf_de\"]},{\"@type\":\"Person\",\"@id\":\"https:\/\/now-news.de\/de\/#\/schema\/person\/fb534a4e865501d8b3285208df34a9b5\",\"name\":\"rtnews\",\"image\":{\"@type\":\"ImageObject\",\"inLanguage\":\"de\",\"@id\":\"https:\/\/now-news.de\/de\/#\/schema\/person\/image\/\",\"url\":\"https:\/\/secure.gravatar.com\/avatar\/82aafea7d8127119dd649515f56e2117?s=96&d=mm&r=g\",\"contentUrl\":\"https:\/\/secure.gravatar.com\/avatar\/82aafea7d8127119dd649515f56e2117?s=96&d=mm&r=g\",\"caption\":\"rtnews\"},\"url\":\"https:\/\/now-news.de\/de\/author\/rnews\/\"}]}<\/script>\n<!-- \/ Yoast SEO Premium plugin. -->","yoast_head_json":{"title":"Israelischer Luftangriff t\u00f6tet ausl\u00e4ndische NGO-Mitarbeiter - just-now.NEWS Deutschland","robots":{"index":"index","follow":"follow","max-snippet":"max-snippet:-1","max-image-preview":"max-image-preview:large","max-video-preview":"max-video-preview:-1"},"canonical":"https:\/\/now-news.de\/de\/deutschland\/israelischer-luftangriff-toetet-auslaendische-ngo-mitarbeiter\/","og_locale":"de_DE","og_type":"article","og_title":"Israelischer Luftangriff t\u00f6tet ausl\u00e4ndische NGO-Mitarbeiter","og_description":"F\u00fcnf Mitarbeiter der NGO World Central Kitchen wurden nach einem israelischen Luftangriff im Gazastreifen get\u00f6tet. Unter den Get\u00f6teten seien auch Menschen aus Polen, Australien und Gro\u00dfbritannien. Nach der Trag\u00f6die beschloss die Nahrungsmittelhilfeorganisation, ihre Aktivit\u00e4ten in der Region einzustellen. Bei einem israelischen Luftangriff im Gazastreifen sind Medienberichten zufolge mindestens f\u00fcnf Mitarbeiter der Hilfsorganisation World Central Kitchen [&hellip;]","og_url":"https:\/\/now-news.de\/de\/deutschland\/israelischer-luftangriff-toetet-auslaendische-ngo-mitarbeiter\/","og_site_name":"just-now.NEWS Deutschland","article_publisher":"https:\/\/www.facebook.com\/wirmachenauf","article_published_time":"2024-04-02T10:42:44+00:00","og_image":[{"width":460,"height":259,"url":"https:\/\/now-news.de\/de\/wp-content\/uploads\/sites\/3\/2024\/04\/Israelischer-Luftangriff-toetet-auslaendische-NGO-Mitarbeiter.jpg","type":"image\/jpeg"}],"author":"rtnews","twitter_card":"summary_large_image","twitter_creator":"@WirMachenAuf_de","twitter_site":"@WirMachenAuf_de","twitter_misc":{"Verfasst von":"rtnews","Gesch\u00e4tzte Lesezeit":"2\u00a0Minuten"},"schema":{"@context":"https:\/\/schema.org","@graph":[{"@type":"Article","@id":"https:\/\/now-news.de\/de\/deutschland\/israelischer-luftangriff-toetet-auslaendische-ngo-mitarbeiter\/#article","isPartOf":{"@id":"https:\/\/now-news.de\/de\/deutschland\/israelischer-luftangriff-toetet-auslaendische-ngo-mitarbeiter\/"},"author":{"name":"rtnews","@id":"https:\/\/now-news.de\/de\/#\/schema\/person\/fb534a4e865501d8b3285208df34a9b5"},"headline":"Israelischer Luftangriff t\u00f6tet ausl\u00e4ndische NGO-Mitarbeiter","datePublished":"2024-04-02T10:42:44+00:00","dateModified":"2024-04-02T10:42:44+00:00","mainEntityOfPage":{"@id":"https:\/\/now-news.de\/de\/deutschland\/israelischer-luftangriff-toetet-auslaendische-ngo-mitarbeiter\/"},"wordCount":376,"commentCount":0,"publisher":{"@id":"https:\/\/now-news.de\/de\/#organization"},"image":{"@id":"https:\/\/now-news.de\/de\/deutschland\/israelischer-luftangriff-toetet-auslaendische-ngo-mitarbeiter\/#primaryimage"},"thumbnailUrl":"https:\/\/now-news.de\/de\/wp-content\/uploads\/sites\/3\/2024\/04\/Israelischer-Luftangriff-toetet-auslaendische-NGO-Mitarbeiter.jpg","keywords":["ausl\u00e4ndische","Israelischer","Luftangriff","NGOMitarbeiter","t\u00f6tet"],"articleSection":["Deutschland","Russland"],"inLanguage":"de","potentialAction":[{"@type":"CommentAction","name":"Comment","target":["https:\/\/now-news.de\/de\/deutschland\/israelischer-luftangriff-toetet-auslaendische-ngo-mitarbeiter\/#respond"]}]},{"@type":"WebPage","@id":"https:\/\/now-news.de\/de\/deutschland\/israelischer-luftangriff-toetet-auslaendische-ngo-mitarbeiter\/","url":"https:\/\/now-news.de\/de\/deutschland\/israelischer-luftangriff-toetet-auslaendische-ngo-mitarbeiter\/","name":"Israelischer Luftangriff t\u00f6tet ausl\u00e4ndische NGO-Mitarbeiter - just-now.NEWS Deutschland","isPartOf":{"@id":"https:\/\/now-news.de\/de\/#website"},"primaryImageOfPage":{"@id":"https:\/\/now-news.de\/de\/deutschland\/israelischer-luftangriff-toetet-auslaendische-ngo-mitarbeiter\/#primaryimage"},"image":{"@id":"https:\/\/now-news.de\/de\/deutschland\/israelischer-luftangriff-toetet-auslaendische-ngo-mitarbeiter\/#primaryimage"},"thumbnailUrl":"https:\/\/now-news.de\/de\/wp-content\/uploads\/sites\/3\/2024\/04\/Israelischer-Luftangriff-toetet-auslaendische-NGO-Mitarbeiter.jpg","datePublished":"2024-04-02T10:42:44+00:00","dateModified":"2024-04-02T10:42:44+00:00","breadcrumb":{"@id":"https:\/\/now-news.de\/de\/deutschland\/israelischer-luftangriff-toetet-auslaendische-ngo-mitarbeiter\/#breadcrumb"},"inLanguage":"de","potentialAction":[{"@type":"ReadAction","target":["https:\/\/now-news.de\/de\/deutschland\/israelischer-luftangriff-toetet-auslaendische-ngo-mitarbeiter\/"]}]},{"@type":"ImageObject","inLanguage":"de","@id":"https:\/\/now-news.de\/de\/deutschland\/israelischer-luftangriff-toetet-auslaendische-ngo-mitarbeiter\/#primaryimage","url":"https:\/\/now-news.de\/de\/wp-content\/uploads\/sites\/3\/2024\/04\/Israelischer-Luftangriff-toetet-auslaendische-NGO-Mitarbeiter.jpg","contentUrl":"https:\/\/now-news.de\/de\/wp-content\/uploads\/sites\/3\/2024\/04\/Israelischer-Luftangriff-toetet-auslaendische-NGO-Mitarbeiter.jpg","width":460,"height":259,"caption":"Israelischer Luftangriff t\u00f6tet ausl\u00e4ndische NGO-Mitarbeiter"},{"@type":"BreadcrumbList","@id":"https:\/\/now-news.de\/de\/deutschland\/israelischer-luftangriff-toetet-auslaendische-ngo-mitarbeiter\/#breadcrumb","itemListElement":[{"@type":"ListItem","position":1,"name":"Home","item":"https:\/\/now-news.de\/de\/"},{"@type":"ListItem","position":2,"name":"Israelischer Luftangriff t\u00f6tet ausl\u00e4ndische NGO-Mitarbeiter"}]},{"@type":"WebSite","@id":"https:\/\/now-news.de\/de\/#website","url":"https:\/\/now-news.de\/de\/","name":"just-now.NEWS Deutschland","description":"Das Portal f\u00fcr unzensierte Nachrichten aus der Welt","publisher":{"@id":"https:\/\/now-news.de\/de\/#organization"},"potentialAction":[{"@type":"SearchAction","target":{"@type":"EntryPoint","urlTemplate":"https:\/\/now-news.de\/de\/?s={search_term_string}"},"query-input":"required name=search_term_string"}],"inLanguage":"de"},{"@type":"Organization","@id":"https:\/\/now-news.de\/de\/#organization","name":"Just Now News","url":"https:\/\/now-news.de\/de\/","logo":{"@type":"ImageObject","inLanguage":"de","@id":"https:\/\/now-news.de\/de\/#\/schema\/logo\/image\/","url":"http:\/\/just-now.news\/de\/wp-content\/uploads\/sites\/3\/2022\/04\/logo500x500.jpg","contentUrl":"http:\/\/just-now.news\/de\/wp-content\/uploads\/sites\/3\/2022\/04\/logo500x500.jpg","width":500,"height":500,"caption":"Just Now News"},"image":{"@id":"https:\/\/now-news.de\/de\/#\/schema\/logo\/image\/"},"sameAs":["https:\/\/www.facebook.com\/wirmachenauf","https:\/\/x.com\/WirMachenAuf_de"]},{"@type":"Person","@id":"https:\/\/now-news.de\/de\/#\/schema\/person\/fb534a4e865501d8b3285208df34a9b5","name":"rtnews","image":{"@type":"ImageObject","inLanguage":"de","@id":"https:\/\/now-news.de\/de\/#\/schema\/person\/image\/","url":"https:\/\/secure.gravatar.com\/avatar\/82aafea7d8127119dd649515f56e2117?s=96&d=mm&r=g","contentUrl":"https:\/\/secure.gravatar.com\/avatar\/82aafea7d8127119dd649515f56e2117?s=96&d=mm&r=g","caption":"rtnews"},"url":"https:\/\/now-news.de\/de\/author\/rnews\/"}]}},"_links":{"self":[{"href":"https:\/\/now-news.de\/de\/wp-json\/wp\/v2\/posts\/58164"}],"collection":[{"href":"https:\/\/now-news.de\/de\/wp-json\/wp\/v2\/posts"}],"about":[{"href":"https:\/\/now-news.de\/de\/wp-json\/wp\/v2\/types\/post"}],"author":[{"embeddable":true,"href":"https:\/\/now-news.de\/de\/wp-json\/wp\/v2\/users\/3"}],"replies":[{"embeddable":true,"href":"https:\/\/now-news.de\/de\/wp-json\/wp\/v2\/comments?post=58164"}],"version-history":[{"count":0,"href":"https:\/\/now-news.de\/de\/wp-json\/wp\/v2\/posts\/58164\/revisions"}],"wp:featuredmedia":[{"embeddable":true,"href":"https:\/\/now-news.de\/de\/wp-json\/wp\/v2\/media\/58165"}],"wp:attachment":[{"href":"https:\/\/now-news.de\/de\/wp-json\/wp\/v2\/media?parent=58164"}],"wp:term":[{"taxonomy":"category","embeddable":true,"href":"https:\/\/now-news.de\/de\/wp-json\/wp\/v2\/categories?post=58164"},{"taxonomy":"post_tag","embeddable":true,"href":"https:\/\/now-news.de\/de\/wp-json\/wp\/v2\/tags?post=58164"}],"curies":[{"name":"wp","href":"https:\/\/api.w.org\/{rel}","templated":true}]}}